{"id":123105,"date":"2026-09-02T13:44:36","date_gmt":"2026-09-02T16:44:36","guid":{"rendered":"https:\/\/redenoticiaz.com.br\/ribeiraopreto-regiao\/sp\/2026\/09\/02\/ribeirao-preto-promove-escutas-publicas-para-construcao-do-estatuto-municipal-da-igualdade-racial-com-participacao-da-populacao"},"modified":"2026-09-02T13:44:36","modified_gmt":"2026-09-02T16:44:36","slug":"ribeirao-preto-promove-escutas-publicas-para-construcao-do-estatuto-municipal-da-igualdade-racial-com-participacao-da-populacao","status":"publish","type":"post","link":"https:\/\/redenoticiaz.com.br\/ribeiraopreto-regiao\/sp\/2026\/09\/02\/ribeirao-preto-promove-escutas-publicas-para-construcao-do-estatuto-municipal-da-igualdade-racial-com-participacao-da-populacao","title":{"rendered":"Ribeir\u00e3o Preto promove escutas p\u00fablicas para constru\u00e7\u00e3o do Estatuto Municipal da Igualdade Racial com participa\u00e7\u00e3o da popula\u00e7\u00e3o"},"content":{"rendered":"<p>A Prefeitura de Ribeir\u00e3o Preto, atrav\u00e9s da Secretaria Municipal da Cidadania, Pessoa com Defici\u00eancia e Inclus\u00e3o Social, realizar\u00e1 escutas p\u00fablicas tem\u00e1ticas nos dias 3, 9 e 14 de setembro, com o intuito de avan\u00e7ar na elabora\u00e7\u00e3o do Estatuto Municipal da Igualdade Racial. Os encontros t\u00eam como objetivo discutir e validar as sugest\u00f5es apresentadas pela popula\u00e7\u00e3o, abordando quest\u00f5es relacionadas a diversas \u00e1reas.<\/p>\n<p>O primeiro encontro, agendado para 3 de setembro \u00e0s 18h30, focar\u00e1 nos temas de Sa\u00fade, Esporte e Lazer, e Trabalho. J\u00e1 no dia 9 de setembro, na mesma hora, as discuss\u00f5es tratar\u00e3o de Cultura, Turismo, Educa\u00e7\u00e3o e Comunica\u00e7\u00e3o. Por fim, no dia 14 de setembro, os participantes discutir\u00e3o Liberdade Religiosa, Moradia, Mulheres, Juventude e Combate ao Racismo.<\/p>\n<p>Essas escutas s\u00e3o uma oportunidade para ampliar a participa\u00e7\u00e3o da sociedade e promover um debate mais aprofundado sobre a conex\u00e3o entre a promo\u00e7\u00e3o da igualdade racial e as pol\u00edticas p\u00fablicas municipais. Al\u00e9m disso, elas possibilitam que as contribui\u00e7\u00f5es sejam discutidas coletivamente antes de serem incorporadas \u00e0 vers\u00e3o final do Estatuto.<\/p>\n<p>Dulce Maria das Neves, secret\u00e1ria municipal da Cidadania, ressaltou a import\u00e2ncia desse processo: \u201cA constru\u00e7\u00e3o do Estatuto Municipal da Igualdade Racial \u00e9 um passo muito importante para Ribeir\u00e3o Preto, e queremos que esse processo seja conduzido com di\u00e1logo e ampla participa\u00e7\u00e3o da sociedade. A escuta p\u00fablica \u00e9 um espa\u00e7o fundamental para ouvir a popula\u00e7\u00e3o, os movimentos sociais e todos aqueles que contribuem diariamente para o enfrentamento ao racismo e para a promo\u00e7\u00e3o da igualdade racial.\u201d<\/p>\n<p>As escutas est\u00e3o abertas \u00e0 sociedade civil, incluindo movimentos sociais, conselhos, coletivos e institui\u00e7\u00f5es, bem como a todos que desejem contribuir para a constru\u00e7\u00e3o deste importante documento.<\/p>\n<p><strong>Servi\u00e7o:<\/strong> Escutas P\u00fablicas Tem\u00e1ticas \u2013 Estatuto Municipal da Igualdade Racial<br \/>\n3 de setembro, \u00e0s 18h30 \u2013 Sa\u00fade, Esporte e Lazer e Trabalho<br \/>\n9 de setembro, \u00e0s 18h30 \u2013 Cultura, Turismo, Educa\u00e7\u00e3o e Comunica\u00e7\u00e3o<br \/>\n14 de setembro, \u00e0s 18h30 \u2013 Liberdade Religiosa, Moradia, Mulheres, Juventude e Combate ao Racismo<br \/>\nLocal: Secretaria Municipal da Cidadania, Pessoa com Defici\u00eancia e Inclus\u00e3o Social, Rua Visconde do Rio Branco, 638 \u2013 Centro \u2013 Ribeir\u00e3o Preto\/SP. A participa\u00e7\u00e3o \u00e9 aberta ao p\u00fablico.<\/p>\n","protected":false},"excerpt":{"rendered":"<p>A Prefeitura de Ribeir\u00e3o Preto, atrav\u00e9s da Secretaria Municipal da Cidadania, Pessoa com Defici\u00eancia e Inclus\u00e3o Social, realizar\u00e1 escutas p\u00fablicas tem\u00e1ticas nos dias 3, 9 e 14 de setembro, com o intuito de avan\u00e7ar na elabora\u00e7\u00e3o do Estatuto Municipal da Igualdade Racial. Os encontros t\u00eam como objetivo discutir e validar as sugest\u00f5es apresentadas pela popula\u00e7\u00e3o, &hellip;<\/p>\n","protected":false},"author":5,"featured_media":123106,"comment_status":"open","ping_status":"closed","sticky":false,"template":"","format":"standard","meta":{"footnotes":""},"categories":[18753,469,820,87,186,31500,129,330,20009],"tags":[],"class_list":["post-123105","post","type-post","status-publish","format-standard","has-post-thumbnail","hentry","category-cidadania","category-cultura","category-educacao","category-esporte","category-politica","category-ribeirao-preto","category-saude","category-turismo","category-variedades"],"yoast_head":"<!-- This site is optimized with the Yoast SEO plugin v28.4 - https:\/\/yoast.com\/product\/yoast-seo-wordpress\/ -->\n<title>Ribeir\u00e3o Preto promove escutas p\u00fablicas para constru\u00e7\u00e3o do Estatuto Municipal da Igualdade Racial com participa\u00e7\u00e3o da popula\u00e7\u00e3o - Ribeir\u00e3o Preto e Regi\u00e3o<\/title>\n<meta name=\"robots\" content=\"index, follow, max-snippet:-1, max-image-preview:large, max-video-preview:-1\" \/>\n<link rel=\"canonical\" href=\"https:\/\/redenoticiaz.com.br\/ribeiraopreto-regiao\/sp\/2026\/09\/02\/ribeirao-preto-promove-escutas-publicas-para-construcao-do-estatuto-municipal-da-igualdade-racial-com-participacao-da-populacao\" \/>\n<meta property=\"og:locale\" content=\"pt_BR\" \/>\n<meta property=\"og:type\" content=\"article\" \/>\n<meta property=\"og:title\" content=\"Ribeir\u00e3o Preto promove escutas p\u00fablicas para constru\u00e7\u00e3o do Estatuto Municipal da Igualdade Racial com participa\u00e7\u00e3o da popula\u00e7\u00e3o - Ribeir\u00e3o Preto e Regi\u00e3o\" \/>\n<meta property=\"og:description\" content=\"A Prefeitura de Ribeir\u00e3o Preto, atrav\u00e9s da Secretaria Municipal da Cidadania, Pessoa com Defici\u00eancia e Inclus\u00e3o Social, realizar\u00e1 escutas p\u00fablicas tem\u00e1ticas nos dias 3, 9 e 14 de setembro, com o intuito de avan\u00e7ar na elabora\u00e7\u00e3o do Estatuto Municipal da Igualdade Racial. Os encontros t\u00eam como objetivo discutir e validar as sugest\u00f5es apresentadas pela popula\u00e7\u00e3o, &hellip;\" \/>\n<meta property=\"og:url\" content=\"https:\/\/redenoticiaz.com.br\/ribeiraopreto-regiao\/sp\/2026\/09\/02\/ribeirao-preto-promove-escutas-publicas-para-construcao-do-estatuto-municipal-da-igualdade-racial-com-participacao-da-populacao\" \/>\n<meta property=\"og:site_name\" content=\"Ribeir\u00e3o Preto e Regi\u00e3o\" \/>\n<meta property=\"article:publisher\" content=\"https:\/\/m.facebook.com\/redenoticiaz.barretos\" \/>\n<meta property=\"article:published_time\" content=\"2026-09-02T16:44:36+00:00\" \/>\n<meta property=\"og:image\" content=\"https:\/\/redenoticiaz.com.br\/ribeiraopreto-regiao\/wp-content\/uploads\/sites\/4\/2022\/02\/logo.jpg\" \/>\n\t<meta property=\"og:image:width\" content=\"400\" \/>\n\t<meta property=\"og:image:height\" content=\"250\" \/>\n\t<meta property=\"og:image:type\" content=\"image\/jpeg\" \/>\n<meta name=\"author\" content=\"Patr\u00edcia Prado\" \/>\n<meta name=\"twitter:card\" content=\"summary_large_image\" \/>\n<meta name=\"twitter:creator\" content=\"@RN_barretos\" \/>\n<meta name=\"twitter:site\" content=\"@RN_barretos\" \/>\n<meta name=\"twitter:label1\" content=\"Escrito por\" \/>\n\t<meta name=\"twitter:data1\" content=\"Patr\u00edcia Prado\" \/>\n\t<meta name=\"twitter:label2\" content=\"Est. tempo de leitura\" \/>\n\t<meta name=\"twitter:data2\" content=\"2 minutos\" \/>\n<script type=\"application\/ld+json\" class=\"yoast-schema-graph\">{\"@context\":\"https:\\\/\\\/schema.org\",\"@graph\":[{\"@type\":\"Article\",\"@id\":\"https:\\\/\\\/redenoticiaz.com.br\\\/ribeiraopreto-regiao\\\/sp\\\/2026\\\/09\\\/02\\\/ribeirao-preto-promove-escutas-publicas-para-construcao-do-estatuto-municipal-da-igualdade-racial-com-participacao-da-populacao#article\",\"isPartOf\":{\"@id\":\"https:\\\/\\\/redenoticiaz.com.br\\\/ribeiraopreto-regiao\\\/sp\\\/2026\\\/09\\\/02\\\/ribeirao-preto-promove-escutas-publicas-para-construcao-do-estatuto-municipal-da-igualdade-racial-com-participacao-da-populacao\"},\"author\":{\"name\":\"Patr\u00edcia Prado\",\"@id\":\"https:\\\/\\\/redenoticiaz.com.br\\\/ribeiraopreto-regiao\\\/#\\\/schema\\\/person\\\/e1b0bd8c2637e2c1b6ddcbc2c33b116f\"},\"headline\":\"Ribeir\u00e3o Preto promove escutas p\u00fablicas para constru\u00e7\u00e3o do Estatuto Municipal da Igualdade Racial com participa\u00e7\u00e3o da popula\u00e7\u00e3o\",\"datePublished\":\"2026-09-02T16:44:36+00:00\",\"mainEntityOfPage\":{\"@id\":\"https:\\\/\\\/redenoticiaz.com.br\\\/ribeiraopreto-regiao\\\/sp\\\/2026\\\/09\\\/02\\\/ribeirao-preto-promove-escutas-publicas-para-construcao-do-estatuto-municipal-da-igualdade-racial-com-participacao-da-populacao\"},\"wordCount\":399,\"commentCount\":0,\"publisher\":{\"@id\":\"https:\\\/\\\/redenoticiaz.com.br\\\/ribeiraopreto-regiao\\\/#organization\"},\"image\":{\"@id\":\"https:\\\/\\\/redenoticiaz.com.br\\\/ribeiraopreto-regiao\\\/sp\\\/2026\\\/09\\\/02\\\/ribeirao-preto-promove-escutas-publicas-para-construcao-do-estatuto-municipal-da-igualdade-racial-com-participacao-da-populacao#primaryimage\"},\"thumbnailUrl\":\"https:\\\/\\\/redenoticiaz.com.br\\\/ribeiraopreto-regiao\\\/wp-content\\\/uploads\\\/sites\\\/4\\\/2026\\\/09\\\/89p09uo.jpg\",\"articleSection\":[\"Cidadania\",\"Cultura\",\"Educa\u00e7\u00e3o\",\"Esporte\",\"Pol\u00edtica\",\"Ribeir\u00e3o Preto\",\"Sa\u00fade\",\"Turismo\",\"Variedades\"],\"inLanguage\":\"pt-BR\",\"potentialAction\":[{\"@type\":\"CommentAction\",\"name\":\"Comment\",\"target\":[\"https:\\\/\\\/redenoticiaz.com.br\\\/ribeiraopreto-regiao\\\/sp\\\/2026\\\/09\\\/02\\\/ribeirao-preto-promove-escutas-publicas-para-construcao-do-estatuto-municipal-da-igualdade-racial-com-participacao-da-populacao#respond\"]}]},{\"@type\":\"WebPage\",\"@id\":\"https:\\\/\\\/redenoticiaz.com.br\\\/ribeiraopreto-regiao\\\/sp\\\/2026\\\/09\\\/02\\\/ribeirao-preto-promove-escutas-publicas-para-construcao-do-estatuto-municipal-da-igualdade-racial-com-participacao-da-populacao\",\"url\":\"https:\\\/\\\/redenoticiaz.com.br\\\/ribeiraopreto-regiao\\\/sp\\\/2026\\\/09\\\/02\\\/ribeirao-preto-promove-escutas-publicas-para-construcao-do-estatuto-municipal-da-igualdade-racial-com-participacao-da-populacao\",\"name\":\"Ribeir\u00e3o Preto promove escutas p\u00fablicas para constru\u00e7\u00e3o do Estatuto Municipal da Igualdade Racial com participa\u00e7\u00e3o da popula\u00e7\u00e3o - Ribeir\u00e3o Preto e Regi\u00e3o\",\"isPartOf\":{\"@id\":\"https:\\\/\\\/redenoticiaz.com.br\\\/ribeiraopreto-regiao\\\/#website\"},\"primaryImageOfPage\":{\"@id\":\"https:\\\/\\\/redenoticiaz.com.br\\\/ribeiraopreto-regiao\\\/sp\\\/2026\\\/09\\\/02\\\/ribeirao-preto-promove-escutas-publicas-para-construcao-do-estatuto-municipal-da-igualdade-racial-com-participacao-da-populacao#primaryimage\"},\"image\":{\"@id\":\"https:\\\/\\\/redenoticiaz.com.br\\\/ribeiraopreto-regiao\\\/sp\\\/2026\\\/09\\\/02\\\/ribeirao-preto-promove-escutas-publicas-para-construcao-do-estatuto-municipal-da-igualdade-racial-com-participacao-da-populacao#primaryimage\"},\"thumbnailUrl\":\"https:\\\/\\\/redenoticiaz.com.br\\\/ribeiraopreto-regiao\\\/wp-content\\\/uploads\\\/sites\\\/4\\\/2026\\\/09\\\/89p09uo.jpg\",\"datePublished\":\"2026-09-02T16:44:36+00:00\",\"inLanguage\":\"pt-BR\",\"potentialAction\":[{\"@type\":\"ReadAction\",\"target\":[\"https:\\\/\\\/redenoticiaz.com.br\\\/ribeiraopreto-regiao\\\/sp\\\/2026\\\/09\\\/02\\\/ribeirao-preto-promove-escutas-publicas-para-construcao-do-estatuto-municipal-da-igualdade-racial-com-participacao-da-populacao\"]}]},{\"@type\":\"ImageObject\",\"inLanguage\":\"pt-BR\",\"@id\":\"https:\\\/\\\/redenoticiaz.com.br\\\/ribeiraopreto-regiao\\\/sp\\\/2026\\\/09\\\/02\\\/ribeirao-preto-promove-escutas-publicas-para-construcao-do-estatuto-municipal-da-igualdade-racial-com-participacao-da-populacao#primaryimage\",\"url\":\"https:\\\/\\\/redenoticiaz.com.br\\\/ribeiraopreto-regiao\\\/wp-content\\\/uploads\\\/sites\\\/4\\\/2026\\\/09\\\/89p09uo.jpg\",\"contentUrl\":\"https:\\\/\\\/redenoticiaz.com.br\\\/ribeiraopreto-regiao\\\/wp-content\\\/uploads\\\/sites\\\/4\\\/2026\\\/09\\\/89p09uo.jpg\",\"width\":1500,\"height\":1000},{\"@type\":\"WebSite\",\"@id\":\"https:\\\/\\\/redenoticiaz.com.br\\\/ribeiraopreto-regiao\\\/#website\",\"url\":\"https:\\\/\\\/redenoticiaz.com.br\\\/ribeiraopreto-regiao\\\/\",\"name\":\"Ribeir\u00e3o Preto e Regi\u00e3o\",\"description\":\"Rede NoticiaZ - Ribeir\u00e3o Preto e regi\u00e3o\",\"publisher\":{\"@id\":\"https:\\\/\\\/redenoticiaz.com.br\\\/ribeiraopreto-regiao\\\/#organization\"},\"potentialAction\":[{\"@type\":\"SearchAction\",\"target\":{\"@type\":\"EntryPoint\",\"urlTemplate\":\"https:\\\/\\\/redenoticiaz.com.br\\\/ribeiraopreto-regiao\\\/?s={search_term_string}\"},\"query-input\":{\"@type\":\"PropertyValueSpecification\",\"valueRequired\":true,\"valueName\":\"search_term_string\"}}],\"inLanguage\":\"pt-BR\"},{\"@type\":\"Organization\",\"@id\":\"https:\\\/\\\/redenoticiaz.com.br\\\/ribeiraopreto-regiao\\\/#organization\",\"name\":\"Ribeir\u00e3o Preto e Regi\u00e3o\",\"url\":\"https:\\\/\\\/redenoticiaz.com.br\\\/ribeiraopreto-regiao\\\/\",\"logo\":{\"@type\":\"ImageObject\",\"inLanguage\":\"pt-BR\",\"@id\":\"https:\\\/\\\/redenoticiaz.com.br\\\/ribeiraopreto-regiao\\\/#\\\/schema\\\/logo\\\/image\\\/\",\"url\":\"https:\\\/\\\/redenoticiaz.com.br\\\/barretos-regiao\\\/wp-content\\\/uploads\\\/sites\\\/4\\\/2022\\\/02\\\/logo.jpg\",\"contentUrl\":\"https:\\\/\\\/redenoticiaz.com.br\\\/barretos-regiao\\\/wp-content\\\/uploads\\\/sites\\\/4\\\/2022\\\/02\\\/logo.jpg\",\"width\":400,\"height\":250,\"caption\":\"Ribeir\u00e3o Preto e Regi\u00e3o\"},\"image\":{\"@id\":\"https:\\\/\\\/redenoticiaz.com.br\\\/ribeiraopreto-regiao\\\/#\\\/schema\\\/logo\\\/image\\\/\"},\"sameAs\":[\"https:\\\/\\\/m.facebook.com\\\/redenoticiaz.barretos\",\"https:\\\/\\\/x.com\\\/RN_barretos\",\"https:\\\/\\\/www.instagram.com\\\/redenoticiaz.barretos\\\/?igshid=YmMyMTA2M2Y\",\"https:\\\/\\\/www.linkedin.com\\\/company\\\/rede-noticiaz-barretos-e-regio\\\/\"]},{\"@type\":\"Person\",\"@id\":\"https:\\\/\\\/redenoticiaz.com.br\\\/ribeiraopreto-regiao\\\/#\\\/schema\\\/person\\\/e1b0bd8c2637e2c1b6ddcbc2c33b116f\",\"name\":\"Patr\u00edcia Prado\",\"image\":{\"@type\":\"ImageObject\",\"inLanguage\":\"pt-BR\",\"@id\":\"https:\\\/\\\/secure.gravatar.com\\\/avatar\\\/92e358bef22cfcec15e054ae4d9fee04dadf0c772dc4a17b382b8a34a15354c2?s=96&d=mm&r=g\",\"url\":\"https:\\\/\\\/secure.gravatar.com\\\/avatar\\\/92e358bef22cfcec15e054ae4d9fee04dadf0c772dc4a17b382b8a34a15354c2?s=96&d=mm&r=g\",\"contentUrl\":\"https:\\\/\\\/secure.gravatar.com\\\/avatar\\\/92e358bef22cfcec15e054ae4d9fee04dadf0c772dc4a17b382b8a34a15354c2?s=96&d=mm&r=g\",\"caption\":\"Patr\u00edcia Prado\"},\"url\":\"https:\\\/\\\/redenoticiaz.com.br\\\/ribeiraopreto-regiao\\\/sp\\\/author\\\/patricia-prado\"}]}<\/script>\n<!-- \/ Yoast SEO plugin. -->","yoast_head_json":{"title":"Ribeir\u00e3o Preto promove escutas p\u00fablicas para constru\u00e7\u00e3o do Estatuto Municipal da Igualdade Racial com participa\u00e7\u00e3o da popula\u00e7\u00e3o - Ribeir\u00e3o Preto e Regi\u00e3o","robots":{"index":"index","follow":"follow","max-snippet":"max-snippet:-1","max-image-preview":"max-image-preview:large","max-video-preview":"max-video-preview:-1"},"canonical":"https:\/\/redenoticiaz.com.br\/ribeiraopreto-regiao\/sp\/2026\/09\/02\/ribeirao-preto-promove-escutas-publicas-para-construcao-do-estatuto-municipal-da-igualdade-racial-com-participacao-da-populacao","og_locale":"pt_BR","og_type":"article","og_title":"Ribeir\u00e3o Preto promove escutas p\u00fablicas para constru\u00e7\u00e3o do Estatuto Municipal da Igualdade Racial com participa\u00e7\u00e3o da popula\u00e7\u00e3o - Ribeir\u00e3o Preto e Regi\u00e3o","og_description":"A Prefeitura de Ribeir\u00e3o Preto, atrav\u00e9s da Secretaria Municipal da Cidadania, Pessoa com Defici\u00eancia e Inclus\u00e3o Social, realizar\u00e1 escutas p\u00fablicas tem\u00e1ticas nos dias 3, 9 e 14 de setembro, com o intuito de avan\u00e7ar na elabora\u00e7\u00e3o do Estatuto Municipal da Igualdade Racial. Os encontros t\u00eam como objetivo discutir e validar as sugest\u00f5es apresentadas pela popula\u00e7\u00e3o, &hellip;","og_url":"https:\/\/redenoticiaz.com.br\/ribeiraopreto-regiao\/sp\/2026\/09\/02\/ribeirao-preto-promove-escutas-publicas-para-construcao-do-estatuto-municipal-da-igualdade-racial-com-participacao-da-populacao","og_site_name":"Ribeir\u00e3o Preto e Regi\u00e3o","article_publisher":"https:\/\/m.facebook.com\/redenoticiaz.barretos","article_published_time":"2026-09-02T16:44:36+00:00","og_image":[{"width":400,"height":250,"url":"https:\/\/redenoticiaz.com.br\/ribeiraopreto-regiao\/wp-content\/uploads\/sites\/4\/2022\/02\/logo.jpg","type":"image\/jpeg"}],"author":"Patr\u00edcia Prado","twitter_card":"summary_large_image","twitter_creator":"@RN_barretos","twitter_site":"@RN_barretos","twitter_misc":{"Escrito por":"Patr\u00edcia Prado","Est. tempo de leitura":"2 minutos"},"schema":{"@context":"https:\/\/schema.org","@graph":[{"@type":"Article","@id":"https:\/\/redenoticiaz.com.br\/ribeiraopreto-regiao\/sp\/2026\/09\/02\/ribeirao-preto-promove-escutas-publicas-para-construcao-do-estatuto-municipal-da-igualdade-racial-com-participacao-da-populacao#article","isPartOf":{"@id":"https:\/\/redenoticiaz.com.br\/ribeiraopreto-regiao\/sp\/2026\/09\/02\/ribeirao-preto-promove-escutas-publicas-para-construcao-do-estatuto-municipal-da-igualdade-racial-com-participacao-da-populacao"},"author":{"name":"Patr\u00edcia Prado","@id":"https:\/\/redenoticiaz.com.br\/ribeiraopreto-regiao\/#\/schema\/person\/e1b0bd8c2637e2c1b6ddcbc2c33b116f"},"headline":"Ribeir\u00e3o Preto promove escutas p\u00fablicas para constru\u00e7\u00e3o do Estatuto Municipal da Igualdade Racial com participa\u00e7\u00e3o da popula\u00e7\u00e3o","datePublished":"2026-09-02T16:44:36+00:00","mainEntityOfPage":{"@id":"https:\/\/redenoticiaz.com.br\/ribeiraopreto-regiao\/sp\/2026\/09\/02\/ribeirao-preto-promove-escutas-publicas-para-construcao-do-estatuto-municipal-da-igualdade-racial-com-participacao-da-populacao"},"wordCount":399,"commentCount":0,"publisher":{"@id":"https:\/\/redenoticiaz.com.br\/ribeiraopreto-regiao\/#organization"},"image":{"@id":"https:\/\/redenoticiaz.com.br\/ribeiraopreto-regiao\/sp\/2026\/09\/02\/ribeirao-preto-promove-escutas-publicas-para-construcao-do-estatuto-municipal-da-igualdade-racial-com-participacao-da-populacao#primaryimage"},"thumbnailUrl":"https:\/\/redenoticiaz.com.br\/ribeiraopreto-regiao\/wp-content\/uploads\/sites\/4\/2026\/09\/89p09uo.jpg","articleSection":["Cidadania","Cultura","Educa\u00e7\u00e3o","Esporte","Pol\u00edtica","Ribeir\u00e3o Preto","Sa\u00fade","Turismo","Variedades"],"inLanguage":"pt-BR","potentialAction":[{"@type":"CommentAction","name":"Comment","target":["https:\/\/redenoticiaz.com.br\/ribeiraopreto-regiao\/sp\/2026\/09\/02\/ribeirao-preto-promove-escutas-publicas-para-construcao-do-estatuto-municipal-da-igualdade-racial-com-participacao-da-populacao#respond"]}]},{"@type":"WebPage","@id":"https:\/\/redenoticiaz.com.br\/ribeiraopreto-regiao\/sp\/2026\/09\/02\/ribeirao-preto-promove-escutas-publicas-para-construcao-do-estatuto-municipal-da-igualdade-racial-com-participacao-da-populacao","url":"https:\/\/redenoticiaz.com.br\/ribeiraopreto-regiao\/sp\/2026\/09\/02\/ribeirao-preto-promove-escutas-publicas-para-construcao-do-estatuto-municipal-da-igualdade-racial-com-participacao-da-populacao","name":"Ribeir\u00e3o Preto promove escutas p\u00fablicas para constru\u00e7\u00e3o do Estatuto Municipal da Igualdade Racial com participa\u00e7\u00e3o da popula\u00e7\u00e3o - Ribeir\u00e3o Preto e Regi\u00e3o","isPartOf":{"@id":"https:\/\/redenoticiaz.com.br\/ribeiraopreto-regiao\/#website"},"primaryImageOfPage":{"@id":"https:\/\/redenoticiaz.com.br\/ribeiraopreto-regiao\/sp\/2026\/09\/02\/ribeirao-preto-promove-escutas-publicas-para-construcao-do-estatuto-municipal-da-igualdade-racial-com-participacao-da-populacao#primaryimage"},"image":{"@id":"https:\/\/redenoticiaz.com.br\/ribeiraopreto-regiao\/sp\/2026\/09\/02\/ribeirao-preto-promove-escutas-publicas-para-construcao-do-estatuto-municipal-da-igualdade-racial-com-participacao-da-populacao#primaryimage"},"thumbnailUrl":"https:\/\/redenoticiaz.com.br\/ribeiraopreto-regiao\/wp-content\/uploads\/sites\/4\/2026\/09\/89p09uo.jpg","datePublished":"2026-09-02T16:44:36+00:00","inLanguage":"pt-BR","potentialAction":[{"@type":"ReadAction","target":["https:\/\/redenoticiaz.com.br\/ribeiraopreto-regiao\/sp\/2026\/09\/02\/ribeirao-preto-promove-escutas-publicas-para-construcao-do-estatuto-municipal-da-igualdade-racial-com-participacao-da-populacao"]}]},{"@type":"ImageObject","inLanguage":"pt-BR","@id":"https:\/\/redenoticiaz.com.br\/ribeiraopreto-regiao\/sp\/2026\/09\/02\/ribeirao-preto-promove-escutas-publicas-para-construcao-do-estatuto-municipal-da-igualdade-racial-com-participacao-da-populacao#primaryimage","url":"https:\/\/redenoticiaz.com.br\/ribeiraopreto-regiao\/wp-content\/uploads\/sites\/4\/2026\/09\/89p09uo.jpg","contentUrl":"https:\/\/redenoticiaz.com.br\/ribeiraopreto-regiao\/wp-content\/uploads\/sites\/4\/2026\/09\/89p09uo.jpg","width":1500,"height":1000},{"@type":"WebSite","@id":"https:\/\/redenoticiaz.com.br\/ribeiraopreto-regiao\/#website","url":"https:\/\/redenoticiaz.com.br\/ribeiraopreto-regiao\/","name":"Ribeir\u00e3o Preto e Regi\u00e3o","description":"Rede NoticiaZ - Ribeir\u00e3o Preto e regi\u00e3o","publisher":{"@id":"https:\/\/redenoticiaz.com.br\/ribeiraopreto-regiao\/#organization"},"potentialAction":[{"@type":"SearchAction","target":{"@type":"EntryPoint","urlTemplate":"https:\/\/redenoticiaz.com.br\/ribeiraopreto-regiao\/?s={search_term_string}"},"query-input":{"@type":"PropertyValueSpecification","valueRequired":true,"valueName":"search_term_string"}}],"inLanguage":"pt-BR"},{"@type":"Organization","@id":"https:\/\/redenoticiaz.com.br\/ribeiraopreto-regiao\/#organization","name":"Ribeir\u00e3o Preto e Regi\u00e3o","url":"https:\/\/redenoticiaz.com.br\/ribeiraopreto-regiao\/","logo":{"@type":"ImageObject","inLanguage":"pt-BR","@id":"https:\/\/redenoticiaz.com.br\/ribeiraopreto-regiao\/#\/schema\/logo\/image\/","url":"https:\/\/redenoticiaz.com.br\/barretos-regiao\/wp-content\/uploads\/sites\/4\/2022\/02\/logo.jpg","contentUrl":"https:\/\/redenoticiaz.com.br\/barretos-regiao\/wp-content\/uploads\/sites\/4\/2022\/02\/logo.jpg","width":400,"height":250,"caption":"Ribeir\u00e3o Preto e Regi\u00e3o"},"image":{"@id":"https:\/\/redenoticiaz.com.br\/ribeiraopreto-regiao\/#\/schema\/logo\/image\/"},"sameAs":["https:\/\/m.facebook.com\/redenoticiaz.barretos","https:\/\/x.com\/RN_barretos","https:\/\/www.instagram.com\/redenoticiaz.barretos\/?igshid=YmMyMTA2M2Y","https:\/\/www.linkedin.com\/company\/rede-noticiaz-barretos-e-regio\/"]},{"@type":"Person","@id":"https:\/\/redenoticiaz.com.br\/ribeiraopreto-regiao\/#\/schema\/person\/e1b0bd8c2637e2c1b6ddcbc2c33b116f","name":"Patr\u00edcia Prado","image":{"@type":"ImageObject","inLanguage":"pt-BR","@id":"https:\/\/secure.gravatar.com\/avatar\/92e358bef22cfcec15e054ae4d9fee04dadf0c772dc4a17b382b8a34a15354c2?s=96&d=mm&r=g","url":"https:\/\/secure.gravatar.com\/avatar\/92e358bef22cfcec15e054ae4d9fee04dadf0c772dc4a17b382b8a34a15354c2?s=96&d=mm&r=g","contentUrl":"https:\/\/secure.gravatar.com\/avatar\/92e358bef22cfcec15e054ae4d9fee04dadf0c772dc4a17b382b8a34a15354c2?s=96&d=mm&r=g","caption":"Patr\u00edcia Prado"},"url":"https:\/\/redenoticiaz.com.br\/ribeiraopreto-regiao\/sp\/author\/patricia-prado"}]}},"_links":{"self":[{"href":"https:\/\/redenoticiaz.com.br\/ribeiraopreto-regiao\/wp-json\/wp\/v2\/posts\/123105","targetHints":{"allow":["GET"]}}],"collection":[{"href":"https:\/\/redenoticiaz.com.br\/ribeiraopreto-regiao\/wp-json\/wp\/v2\/posts"}],"about":[{"href":"https:\/\/redenoticiaz.com.br\/ribeiraopreto-regiao\/wp-json\/wp\/v2\/types\/post"}],"author":[{"embeddable":true,"href":"https:\/\/redenoticiaz.com.br\/ribeiraopreto-regiao\/wp-json\/wp\/v2\/users\/5"}],"replies":[{"embeddable":true,"href":"https:\/\/redenoticiaz.com.br\/ribeiraopreto-regiao\/wp-json\/wp\/v2\/comments?post=123105"}],"version-history":[{"count":0,"href":"https:\/\/redenoticiaz.com.br\/ribeiraopreto-regiao\/wp-json\/wp\/v2\/posts\/123105\/revisions"}],"wp:featuredmedia":[{"embeddable":true,"href":"https:\/\/redenoticiaz.com.br\/ribeiraopreto-regiao\/wp-json\/wp\/v2\/media\/123106"}],"wp:attachment":[{"href":"https:\/\/redenoticiaz.com.br\/ribeiraopreto-regiao\/wp-json\/wp\/v2\/media?parent=123105"}],"wp:term":[{"taxonomy":"category","embeddable":true,"href":"https:\/\/redenoticiaz.com.br\/ribeiraopreto-regiao\/wp-json\/wp\/v2\/categories?post=123105"},{"taxonomy":"post_tag","embeddable":true,"href":"https:\/\/redenoticiaz.com.br\/ribeiraopreto-regiao\/wp-json\/wp\/v2\/tags?post=123105"}],"curies":[{"name":"wp","href":"https:\/\/api.w.org\/{rel}","templated":true}]}}