{"id":123107,"date":"2026-09-02T14:11:57","date_gmt":"2026-09-02T17:11:57","guid":{"rendered":"https:\/\/redenoticiaz.com.br\/ribeiraopreto-regiao\/sp\/2026\/09\/02\/relator-rejeita-emendas-que-mantinham-jornada-6x1-na-pec-da-reducao-de-horas"},"modified":"2026-09-02T14:11:57","modified_gmt":"2026-09-02T17:11:57","slug":"relator-rejeita-emendas-que-mantinham-jornada-6x1-na-pec-da-reducao-de-horas","status":"publish","type":"post","link":"https:\/\/redenoticiaz.com.br\/ribeiraopreto-regiao\/sp\/2026\/09\/02\/relator-rejeita-emendas-que-mantinham-jornada-6x1-na-pec-da-reducao-de-horas","title":{"rendered":"Relator rejeita emendas que mantinham jornada 6&#215;1 na PEC da redu\u00e7\u00e3o de horas"},"content":{"rendered":"<p>O senador Omar Aziz (PSD-AM), relator da Proposta de Emenda \u00e0 Constitui\u00e7\u00e3o (PEC) que extingue a jornada de trabalho 6&#215;1, rejeitou todas as 36 emendas apresentadas pela oposi\u00e7\u00e3o, que buscavam manter essa modalidade de trabalho. A decis\u00e3o ocorreu na manh\u00e3 desta quarta-feira (2), durante a an\u00e1lise da PEC 221 de 2019 pela Comiss\u00e3o de Constitui\u00e7\u00e3o e Justi\u00e7a (CCJ). A proposta j\u00e1 havia sido aprovada na C\u00e2mara em maio, com apenas 22 votos contr\u00e1rios entre 513 deputados.<\/p>\n<p>Entre as emendas descartadas estavam aquelas dos senadores Izalci Lucas (PL-DF), Vanderlan Cardoso (PSD-GO), Oriovisto Guimar\u00e3es (PSDB-PR), La\u00e9rcio Oliveira (PP-SE) e Rog\u00e9rio Marinho (PL-RN), l\u00edder da oposi\u00e7\u00e3o no Senado. Omar Aziz justificou a rejei\u00e7\u00e3o, afirmando que as emendas permitiriam jornadas superiores \u00e0s 40 horas semanais, o que contradiz o objetivo da PEC de reduzir a carga de trabalho atual de 44 horas para 40, sem perda de remunera\u00e7\u00e3o e garantindo dois dias de descanso remunerado por semana.<\/p>\n<p>Al\u00e9m das emendas que propunham a manuten\u00e7\u00e3o da jornada 6&#215;1, tamb\u00e9m foram rejeitadas sugest\u00f5es que ampliavam a regra de transi\u00e7\u00e3o da PEC de 14 meses para at\u00e9 quatro anos, adia\u00e7\u00f5es na implementa\u00e7\u00e3o da nova regra e compensa\u00e7\u00f5es fiscais para empresas.<\/p>\n<p>Se aprovada pela CCJ, a PEC poder\u00e1 ser encaminhada para vota\u00e7\u00e3o no plen\u00e1rio do Senado. L\u00edderes do governo expressaram a inten\u00e7\u00e3o de finalizar a an\u00e1lise da proposta ainda hoje. <\/p>\n<p>Em uma das emendas rejeitadas, o senador Izalci Lucas defendeu a possibilidade de escalas diferenciadas, que poderiam prever jornadas superiores com base em negocia\u00e7\u00f5es entre patr\u00f5es e trabalhadores. Argumento semelhante foi feito por Oriovisto Guimar\u00e3es, que ressaltou a negocia\u00e7\u00e3o coletiva como solu\u00e7\u00e3o ideal para a regulamenta\u00e7\u00e3o do tema.<\/p>\n<p>Rog\u00e9rio Marinho, por sua vez, apresentou uma emenda que permitiria a jornada por hora trabalhada, preservando a escala 6&#215;1. Marinho alertou para os riscos de imposi\u00e7\u00f5es r\u00edgidas que poderiam gerar infla\u00e7\u00e3o e desemprego, caso n\u00e3o houvesse um aumento correspondente na produtividade.<\/p>\n<p>O relator Omar Aziz defendeu a redu\u00e7\u00e3o da jornada e enfatizou que o Brasil, ao adotar a diminui\u00e7\u00e3o da carga hor\u00e1ria, n\u00e3o enfrentaria crises econ\u00f4micas, citando o exemplo de 1988, quando a jornada foi reduzida para 44 horas semanais. Aziz ainda criticou a proposta de trabalho por hora, reiterando que a PEC visa proteger a parte mais vulner\u00e1vel da rela\u00e7\u00e3o trabalhista.<\/p>\n<p>\u201cQueremos alinhar o Brasil ao movimento internacional que busca a converg\u00eancia para uma jornada de 40 horas semanais\u201d, afirmou Aziz, mencionando que pa\u00edses da Am\u00e9rica Latina, como Col\u00f4mbia, Chile e M\u00e9xico, j\u00e1 implementaram redu\u00e7\u00f5es semelhantes.<\/p>\n","protected":false},"excerpt":{"rendered":"<p>O senador Omar Aziz (PSD-AM), relator da Proposta de Emenda \u00e0 Constitui\u00e7\u00e3o (PEC) que extingue a jornada de trabalho 6&#215;1, rejeitou todas as 36 emendas apresentadas pela oposi\u00e7\u00e3o, que buscavam manter essa modalidade de trabalho. A decis\u00e3o ocorreu na manh\u00e3 desta quarta-feira (2), durante a an\u00e1lise da PEC 221 de 2019 pela Comiss\u00e3o de Constitui\u00e7\u00e3o &hellip;<\/p>\n","protected":false},"author":5,"featured_media":123108,"comment_status":"open","ping_status":"closed","sticky":false,"template":"","format":"standard","meta":{"footnotes":""},"categories":[101,9271,29902,683,68,186,2075],"tags":[],"class_list":["post-123107","post","type-post","status-publish","format-standard","has-post-thumbnail","hentry","category-economia","category-eleicoes","category-emprego","category-justica","category-mundo","category-politica","category-trabalho"],"yoast_head":"<!-- This site is optimized with the Yoast SEO plugin v28.4 - https:\/\/yoast.com\/product\/yoast-seo-wordpress\/ -->\n<title>Relator rejeita emendas que mantinham jornada 6x1 na PEC da redu\u00e7\u00e3o de horas - Ribeir\u00e3o Preto e Regi\u00e3o<\/title>\n<meta name=\"robots\" content=\"index, follow, max-snippet:-1, max-image-preview:large, max-video-preview:-1\" \/>\n<link rel=\"canonical\" href=\"https:\/\/redenoticiaz.com.br\/ribeiraopreto-regiao\/sp\/2026\/09\/02\/relator-rejeita-emendas-que-mantinham-jornada-6x1-na-pec-da-reducao-de-horas\" \/>\n<meta property=\"og:locale\" content=\"pt_BR\" \/>\n<meta property=\"og:type\" content=\"article\" \/>\n<meta property=\"og:title\" content=\"Relator rejeita emendas que mantinham jornada 6x1 na PEC da redu\u00e7\u00e3o de horas - Ribeir\u00e3o Preto e Regi\u00e3o\" \/>\n<meta property=\"og:description\" content=\"O senador Omar Aziz (PSD-AM), relator da Proposta de Emenda \u00e0 Constitui\u00e7\u00e3o (PEC) que extingue a jornada de trabalho 6&#215;1, rejeitou todas as 36 emendas apresentadas pela oposi\u00e7\u00e3o, que buscavam manter essa modalidade de trabalho. A decis\u00e3o ocorreu na manh\u00e3 desta quarta-feira (2), durante a an\u00e1lise da PEC 221 de 2019 pela Comiss\u00e3o de Constitui\u00e7\u00e3o &hellip;\" \/>\n<meta property=\"og:url\" content=\"https:\/\/redenoticiaz.com.br\/ribeiraopreto-regiao\/sp\/2026\/09\/02\/relator-rejeita-emendas-que-mantinham-jornada-6x1-na-pec-da-reducao-de-horas\" \/>\n<meta property=\"og:site_name\" content=\"Ribeir\u00e3o Preto e Regi\u00e3o\" \/>\n<meta property=\"article:publisher\" content=\"https:\/\/m.facebook.com\/redenoticiaz.barretos\" \/>\n<meta property=\"article:published_time\" content=\"2026-09-02T17:11:57+00:00\" \/>\n<meta property=\"og:image\" content=\"https:\/\/redenoticiaz.com.br\/ribeiraopreto-regiao\/wp-content\/uploads\/sites\/4\/2022\/02\/logo.jpg\" \/>\n\t<meta property=\"og:image:width\" content=\"400\" \/>\n\t<meta property=\"og:image:height\" content=\"250\" \/>\n\t<meta property=\"og:image:type\" content=\"image\/jpeg\" \/>\n<meta name=\"author\" content=\"Patr\u00edcia Prado\" \/>\n<meta name=\"twitter:card\" content=\"summary_large_image\" \/>\n<meta name=\"twitter:creator\" content=\"@RN_barretos\" \/>\n<meta name=\"twitter:site\" content=\"@RN_barretos\" \/>\n<meta name=\"twitter:label1\" content=\"Escrito por\" \/>\n\t<meta name=\"twitter:data1\" content=\"Patr\u00edcia Prado\" \/>\n\t<meta name=\"twitter:label2\" content=\"Est. tempo de leitura\" \/>\n\t<meta name=\"twitter:data2\" content=\"2 minutos\" \/>\n<script type=\"application\/ld+json\" class=\"yoast-schema-graph\">{\"@context\":\"https:\\\/\\\/schema.org\",\"@graph\":[{\"@type\":\"Article\",\"@id\":\"https:\\\/\\\/redenoticiaz.com.br\\\/ribeiraopreto-regiao\\\/sp\\\/2026\\\/09\\\/02\\\/relator-rejeita-emendas-que-mantinham-jornada-6x1-na-pec-da-reducao-de-horas#article\",\"isPartOf\":{\"@id\":\"https:\\\/\\\/redenoticiaz.com.br\\\/ribeiraopreto-regiao\\\/sp\\\/2026\\\/09\\\/02\\\/relator-rejeita-emendas-que-mantinham-jornada-6x1-na-pec-da-reducao-de-horas\"},\"author\":{\"name\":\"Patr\u00edcia Prado\",\"@id\":\"https:\\\/\\\/redenoticiaz.com.br\\\/ribeiraopreto-regiao\\\/#\\\/schema\\\/person\\\/e1b0bd8c2637e2c1b6ddcbc2c33b116f\"},\"headline\":\"Relator rejeita emendas que mantinham jornada 6&#215;1 na PEC da redu\u00e7\u00e3o de horas\",\"datePublished\":\"2026-09-02T17:11:57+00:00\",\"mainEntityOfPage\":{\"@id\":\"https:\\\/\\\/redenoticiaz.com.br\\\/ribeiraopreto-regiao\\\/sp\\\/2026\\\/09\\\/02\\\/relator-rejeita-emendas-que-mantinham-jornada-6x1-na-pec-da-reducao-de-horas\"},\"wordCount\":460,\"commentCount\":0,\"publisher\":{\"@id\":\"https:\\\/\\\/redenoticiaz.com.br\\\/ribeiraopreto-regiao\\\/#organization\"},\"image\":{\"@id\":\"https:\\\/\\\/redenoticiaz.com.br\\\/ribeiraopreto-regiao\\\/sp\\\/2026\\\/09\\\/02\\\/relator-rejeita-emendas-que-mantinham-jornada-6x1-na-pec-da-reducao-de-horas#primaryimage\"},\"thumbnailUrl\":\"https:\\\/\\\/redenoticiaz.com.br\\\/ribeiraopreto-regiao\\\/wp-content\\\/uploads\\\/sites\\\/4\\\/2026\\\/09\\\/55504115144_c198211a46_o.jpg\",\"articleSection\":[\"Economia\",\"Elei\u00e7\u00f5es\",\"Emprego\",\"Justi\u00e7a\",\"Mundo\",\"Pol\u00edtica\",\"Trabalho\"],\"inLanguage\":\"pt-BR\",\"potentialAction\":[{\"@type\":\"CommentAction\",\"name\":\"Comment\",\"target\":[\"https:\\\/\\\/redenoticiaz.com.br\\\/ribeiraopreto-regiao\\\/sp\\\/2026\\\/09\\\/02\\\/relator-rejeita-emendas-que-mantinham-jornada-6x1-na-pec-da-reducao-de-horas#respond\"]}]},{\"@type\":\"WebPage\",\"@id\":\"https:\\\/\\\/redenoticiaz.com.br\\\/ribeiraopreto-regiao\\\/sp\\\/2026\\\/09\\\/02\\\/relator-rejeita-emendas-que-mantinham-jornada-6x1-na-pec-da-reducao-de-horas\",\"url\":\"https:\\\/\\\/redenoticiaz.com.br\\\/ribeiraopreto-regiao\\\/sp\\\/2026\\\/09\\\/02\\\/relator-rejeita-emendas-que-mantinham-jornada-6x1-na-pec-da-reducao-de-horas\",\"name\":\"Relator rejeita emendas que mantinham jornada 6x1 na PEC da redu\u00e7\u00e3o de horas - Ribeir\u00e3o Preto e Regi\u00e3o\",\"isPartOf\":{\"@id\":\"https:\\\/\\\/redenoticiaz.com.br\\\/ribeiraopreto-regiao\\\/#website\"},\"primaryImageOfPage\":{\"@id\":\"https:\\\/\\\/redenoticiaz.com.br\\\/ribeiraopreto-regiao\\\/sp\\\/2026\\\/09\\\/02\\\/relator-rejeita-emendas-que-mantinham-jornada-6x1-na-pec-da-reducao-de-horas#primaryimage\"},\"image\":{\"@id\":\"https:\\\/\\\/redenoticiaz.com.br\\\/ribeiraopreto-regiao\\\/sp\\\/2026\\\/09\\\/02\\\/relator-rejeita-emendas-que-mantinham-jornada-6x1-na-pec-da-reducao-de-horas#primaryimage\"},\"thumbnailUrl\":\"https:\\\/\\\/redenoticiaz.com.br\\\/ribeiraopreto-regiao\\\/wp-content\\\/uploads\\\/sites\\\/4\\\/2026\\\/09\\\/55504115144_c198211a46_o.jpg\",\"datePublished\":\"2026-09-02T17:11:57+00:00\",\"inLanguage\":\"pt-BR\",\"potentialAction\":[{\"@type\":\"ReadAction\",\"target\":[\"https:\\\/\\\/redenoticiaz.com.br\\\/ribeiraopreto-regiao\\\/sp\\\/2026\\\/09\\\/02\\\/relator-rejeita-emendas-que-mantinham-jornada-6x1-na-pec-da-reducao-de-horas\"]}]},{\"@type\":\"ImageObject\",\"inLanguage\":\"pt-BR\",\"@id\":\"https:\\\/\\\/redenoticiaz.com.br\\\/ribeiraopreto-regiao\\\/sp\\\/2026\\\/09\\\/02\\\/relator-rejeita-emendas-que-mantinham-jornada-6x1-na-pec-da-reducao-de-horas#primaryimage\",\"url\":\"https:\\\/\\\/redenoticiaz.com.br\\\/ribeiraopreto-regiao\\\/wp-content\\\/uploads\\\/sites\\\/4\\\/2026\\\/09\\\/55504115144_c198211a46_o.jpg\",\"contentUrl\":\"https:\\\/\\\/redenoticiaz.com.br\\\/ribeiraopreto-regiao\\\/wp-content\\\/uploads\\\/sites\\\/4\\\/2026\\\/09\\\/55504115144_c198211a46_o.jpg\",\"width\":1600,\"height\":800},{\"@type\":\"WebSite\",\"@id\":\"https:\\\/\\\/redenoticiaz.com.br\\\/ribeiraopreto-regiao\\\/#website\",\"url\":\"https:\\\/\\\/redenoticiaz.com.br\\\/ribeiraopreto-regiao\\\/\",\"name\":\"Ribeir\u00e3o Preto e Regi\u00e3o\",\"description\":\"Rede NoticiaZ - Ribeir\u00e3o Preto e regi\u00e3o\",\"publisher\":{\"@id\":\"https:\\\/\\\/redenoticiaz.com.br\\\/ribeiraopreto-regiao\\\/#organization\"},\"potentialAction\":[{\"@type\":\"SearchAction\",\"target\":{\"@type\":\"EntryPoint\",\"urlTemplate\":\"https:\\\/\\\/redenoticiaz.com.br\\\/ribeiraopreto-regiao\\\/?s={search_term_string}\"},\"query-input\":{\"@type\":\"PropertyValueSpecification\",\"valueRequired\":true,\"valueName\":\"search_term_string\"}}],\"inLanguage\":\"pt-BR\"},{\"@type\":\"Organization\",\"@id\":\"https:\\\/\\\/redenoticiaz.com.br\\\/ribeiraopreto-regiao\\\/#organization\",\"name\":\"Ribeir\u00e3o Preto e Regi\u00e3o\",\"url\":\"https:\\\/\\\/redenoticiaz.com.br\\\/ribeiraopreto-regiao\\\/\",\"logo\":{\"@type\":\"ImageObject\",\"inLanguage\":\"pt-BR\",\"@id\":\"https:\\\/\\\/redenoticiaz.com.br\\\/ribeiraopreto-regiao\\\/#\\\/schema\\\/logo\\\/image\\\/\",\"url\":\"https:\\\/\\\/redenoticiaz.com.br\\\/barretos-regiao\\\/wp-content\\\/uploads\\\/sites\\\/4\\\/2022\\\/02\\\/logo.jpg\",\"contentUrl\":\"https:\\\/\\\/redenoticiaz.com.br\\\/barretos-regiao\\\/wp-content\\\/uploads\\\/sites\\\/4\\\/2022\\\/02\\\/logo.jpg\",\"width\":400,\"height\":250,\"caption\":\"Ribeir\u00e3o Preto e Regi\u00e3o\"},\"image\":{\"@id\":\"https:\\\/\\\/redenoticiaz.com.br\\\/ribeiraopreto-regiao\\\/#\\\/schema\\\/logo\\\/image\\\/\"},\"sameAs\":[\"https:\\\/\\\/m.facebook.com\\\/redenoticiaz.barretos\",\"https:\\\/\\\/x.com\\\/RN_barretos\",\"https:\\\/\\\/www.instagram.com\\\/redenoticiaz.barretos\\\/?igshid=YmMyMTA2M2Y\",\"https:\\\/\\\/www.linkedin.com\\\/company\\\/rede-noticiaz-barretos-e-regio\\\/\"]},{\"@type\":\"Person\",\"@id\":\"https:\\\/\\\/redenoticiaz.com.br\\\/ribeiraopreto-regiao\\\/#\\\/schema\\\/person\\\/e1b0bd8c2637e2c1b6ddcbc2c33b116f\",\"name\":\"Patr\u00edcia Prado\",\"image\":{\"@type\":\"ImageObject\",\"inLanguage\":\"pt-BR\",\"@id\":\"https:\\\/\\\/secure.gravatar.com\\\/avatar\\\/92e358bef22cfcec15e054ae4d9fee04dadf0c772dc4a17b382b8a34a15354c2?s=96&d=mm&r=g\",\"url\":\"https:\\\/\\\/secure.gravatar.com\\\/avatar\\\/92e358bef22cfcec15e054ae4d9fee04dadf0c772dc4a17b382b8a34a15354c2?s=96&d=mm&r=g\",\"contentUrl\":\"https:\\\/\\\/secure.gravatar.com\\\/avatar\\\/92e358bef22cfcec15e054ae4d9fee04dadf0c772dc4a17b382b8a34a15354c2?s=96&d=mm&r=g\",\"caption\":\"Patr\u00edcia Prado\"},\"url\":\"https:\\\/\\\/redenoticiaz.com.br\\\/ribeiraopreto-regiao\\\/sp\\\/author\\\/patricia-prado\"}]}<\/script>\n<!-- \/ Yoast SEO plugin. -->","yoast_head_json":{"title":"Relator rejeita emendas que mantinham jornada 6x1 na PEC da redu\u00e7\u00e3o de horas - Ribeir\u00e3o Preto e Regi\u00e3o","robots":{"index":"index","follow":"follow","max-snippet":"max-snippet:-1","max-image-preview":"max-image-preview:large","max-video-preview":"max-video-preview:-1"},"canonical":"https:\/\/redenoticiaz.com.br\/ribeiraopreto-regiao\/sp\/2026\/09\/02\/relator-rejeita-emendas-que-mantinham-jornada-6x1-na-pec-da-reducao-de-horas","og_locale":"pt_BR","og_type":"article","og_title":"Relator rejeita emendas que mantinham jornada 6x1 na PEC da redu\u00e7\u00e3o de horas - Ribeir\u00e3o Preto e Regi\u00e3o","og_description":"O senador Omar Aziz (PSD-AM), relator da Proposta de Emenda \u00e0 Constitui\u00e7\u00e3o (PEC) que extingue a jornada de trabalho 6&#215;1, rejeitou todas as 36 emendas apresentadas pela oposi\u00e7\u00e3o, que buscavam manter essa modalidade de trabalho. A decis\u00e3o ocorreu na manh\u00e3 desta quarta-feira (2), durante a an\u00e1lise da PEC 221 de 2019 pela Comiss\u00e3o de Constitui\u00e7\u00e3o &hellip;","og_url":"https:\/\/redenoticiaz.com.br\/ribeiraopreto-regiao\/sp\/2026\/09\/02\/relator-rejeita-emendas-que-mantinham-jornada-6x1-na-pec-da-reducao-de-horas","og_site_name":"Ribeir\u00e3o Preto e Regi\u00e3o","article_publisher":"https:\/\/m.facebook.com\/redenoticiaz.barretos","article_published_time":"2026-09-02T17:11:57+00:00","og_image":[{"width":400,"height":250,"url":"https:\/\/redenoticiaz.com.br\/ribeiraopreto-regiao\/wp-content\/uploads\/sites\/4\/2022\/02\/logo.jpg","type":"image\/jpeg"}],"author":"Patr\u00edcia Prado","twitter_card":"summary_large_image","twitter_creator":"@RN_barretos","twitter_site":"@RN_barretos","twitter_misc":{"Escrito por":"Patr\u00edcia Prado","Est. tempo de leitura":"2 minutos"},"schema":{"@context":"https:\/\/schema.org","@graph":[{"@type":"Article","@id":"https:\/\/redenoticiaz.com.br\/ribeiraopreto-regiao\/sp\/2026\/09\/02\/relator-rejeita-emendas-que-mantinham-jornada-6x1-na-pec-da-reducao-de-horas#article","isPartOf":{"@id":"https:\/\/redenoticiaz.com.br\/ribeiraopreto-regiao\/sp\/2026\/09\/02\/relator-rejeita-emendas-que-mantinham-jornada-6x1-na-pec-da-reducao-de-horas"},"author":{"name":"Patr\u00edcia Prado","@id":"https:\/\/redenoticiaz.com.br\/ribeiraopreto-regiao\/#\/schema\/person\/e1b0bd8c2637e2c1b6ddcbc2c33b116f"},"headline":"Relator rejeita emendas que mantinham jornada 6&#215;1 na PEC da redu\u00e7\u00e3o de horas","datePublished":"2026-09-02T17:11:57+00:00","mainEntityOfPage":{"@id":"https:\/\/redenoticiaz.com.br\/ribeiraopreto-regiao\/sp\/2026\/09\/02\/relator-rejeita-emendas-que-mantinham-jornada-6x1-na-pec-da-reducao-de-horas"},"wordCount":460,"commentCount":0,"publisher":{"@id":"https:\/\/redenoticiaz.com.br\/ribeiraopreto-regiao\/#organization"},"image":{"@id":"https:\/\/redenoticiaz.com.br\/ribeiraopreto-regiao\/sp\/2026\/09\/02\/relator-rejeita-emendas-que-mantinham-jornada-6x1-na-pec-da-reducao-de-horas#primaryimage"},"thumbnailUrl":"https:\/\/redenoticiaz.com.br\/ribeiraopreto-regiao\/wp-content\/uploads\/sites\/4\/2026\/09\/55504115144_c198211a46_o.jpg","articleSection":["Economia","Elei\u00e7\u00f5es","Emprego","Justi\u00e7a","Mundo","Pol\u00edtica","Trabalho"],"inLanguage":"pt-BR","potentialAction":[{"@type":"CommentAction","name":"Comment","target":["https:\/\/redenoticiaz.com.br\/ribeiraopreto-regiao\/sp\/2026\/09\/02\/relator-rejeita-emendas-que-mantinham-jornada-6x1-na-pec-da-reducao-de-horas#respond"]}]},{"@type":"WebPage","@id":"https:\/\/redenoticiaz.com.br\/ribeiraopreto-regiao\/sp\/2026\/09\/02\/relator-rejeita-emendas-que-mantinham-jornada-6x1-na-pec-da-reducao-de-horas","url":"https:\/\/redenoticiaz.com.br\/ribeiraopreto-regiao\/sp\/2026\/09\/02\/relator-rejeita-emendas-que-mantinham-jornada-6x1-na-pec-da-reducao-de-horas","name":"Relator rejeita emendas que mantinham jornada 6x1 na PEC da redu\u00e7\u00e3o de horas - Ribeir\u00e3o Preto e Regi\u00e3o","isPartOf":{"@id":"https:\/\/redenoticiaz.com.br\/ribeiraopreto-regiao\/#website"},"primaryImageOfPage":{"@id":"https:\/\/redenoticiaz.com.br\/ribeiraopreto-regiao\/sp\/2026\/09\/02\/relator-rejeita-emendas-que-mantinham-jornada-6x1-na-pec-da-reducao-de-horas#primaryimage"},"image":{"@id":"https:\/\/redenoticiaz.com.br\/ribeiraopreto-regiao\/sp\/2026\/09\/02\/relator-rejeita-emendas-que-mantinham-jornada-6x1-na-pec-da-reducao-de-horas#primaryimage"},"thumbnailUrl":"https:\/\/redenoticiaz.com.br\/ribeiraopreto-regiao\/wp-content\/uploads\/sites\/4\/2026\/09\/55504115144_c198211a46_o.jpg","datePublished":"2026-09-02T17:11:57+00:00","inLanguage":"pt-BR","potentialAction":[{"@type":"ReadAction","target":["https:\/\/redenoticiaz.com.br\/ribeiraopreto-regiao\/sp\/2026\/09\/02\/relator-rejeita-emendas-que-mantinham-jornada-6x1-na-pec-da-reducao-de-horas"]}]},{"@type":"ImageObject","inLanguage":"pt-BR","@id":"https:\/\/redenoticiaz.com.br\/ribeiraopreto-regiao\/sp\/2026\/09\/02\/relator-rejeita-emendas-que-mantinham-jornada-6x1-na-pec-da-reducao-de-horas#primaryimage","url":"https:\/\/redenoticiaz.com.br\/ribeiraopreto-regiao\/wp-content\/uploads\/sites\/4\/2026\/09\/55504115144_c198211a46_o.jpg","contentUrl":"https:\/\/redenoticiaz.com.br\/ribeiraopreto-regiao\/wp-content\/uploads\/sites\/4\/2026\/09\/55504115144_c198211a46_o.jpg","width":1600,"height":800},{"@type":"WebSite","@id":"https:\/\/redenoticiaz.com.br\/ribeiraopreto-regiao\/#website","url":"https:\/\/redenoticiaz.com.br\/ribeiraopreto-regiao\/","name":"Ribeir\u00e3o Preto e Regi\u00e3o","description":"Rede NoticiaZ - Ribeir\u00e3o Preto e regi\u00e3o","publisher":{"@id":"https:\/\/redenoticiaz.com.br\/ribeiraopreto-regiao\/#organization"},"potentialAction":[{"@type":"SearchAction","target":{"@type":"EntryPoint","urlTemplate":"https:\/\/redenoticiaz.com.br\/ribeiraopreto-regiao\/?s={search_term_string}"},"query-input":{"@type":"PropertyValueSpecification","valueRequired":true,"valueName":"search_term_string"}}],"inLanguage":"pt-BR"},{"@type":"Organization","@id":"https:\/\/redenoticiaz.com.br\/ribeiraopreto-regiao\/#organization","name":"Ribeir\u00e3o Preto e Regi\u00e3o","url":"https:\/\/redenoticiaz.com.br\/ribeiraopreto-regiao\/","logo":{"@type":"ImageObject","inLanguage":"pt-BR","@id":"https:\/\/redenoticiaz.com.br\/ribeiraopreto-regiao\/#\/schema\/logo\/image\/","url":"https:\/\/redenoticiaz.com.br\/barretos-regiao\/wp-content\/uploads\/sites\/4\/2022\/02\/logo.jpg","contentUrl":"https:\/\/redenoticiaz.com.br\/barretos-regiao\/wp-content\/uploads\/sites\/4\/2022\/02\/logo.jpg","width":400,"height":250,"caption":"Ribeir\u00e3o Preto e Regi\u00e3o"},"image":{"@id":"https:\/\/redenoticiaz.com.br\/ribeiraopreto-regiao\/#\/schema\/logo\/image\/"},"sameAs":["https:\/\/m.facebook.com\/redenoticiaz.barretos","https:\/\/x.com\/RN_barretos","https:\/\/www.instagram.com\/redenoticiaz.barretos\/?igshid=YmMyMTA2M2Y","https:\/\/www.linkedin.com\/company\/rede-noticiaz-barretos-e-regio\/"]},{"@type":"Person","@id":"https:\/\/redenoticiaz.com.br\/ribeiraopreto-regiao\/#\/schema\/person\/e1b0bd8c2637e2c1b6ddcbc2c33b116f","name":"Patr\u00edcia Prado","image":{"@type":"ImageObject","inLanguage":"pt-BR","@id":"https:\/\/secure.gravatar.com\/avatar\/92e358bef22cfcec15e054ae4d9fee04dadf0c772dc4a17b382b8a34a15354c2?s=96&d=mm&r=g","url":"https:\/\/secure.gravatar.com\/avatar\/92e358bef22cfcec15e054ae4d9fee04dadf0c772dc4a17b382b8a34a15354c2?s=96&d=mm&r=g","contentUrl":"https:\/\/secure.gravatar.com\/avatar\/92e358bef22cfcec15e054ae4d9fee04dadf0c772dc4a17b382b8a34a15354c2?s=96&d=mm&r=g","caption":"Patr\u00edcia Prado"},"url":"https:\/\/redenoticiaz.com.br\/ribeiraopreto-regiao\/sp\/author\/patricia-prado"}]}},"_links":{"self":[{"href":"https:\/\/redenoticiaz.com.br\/ribeiraopreto-regiao\/wp-json\/wp\/v2\/posts\/123107","targetHints":{"allow":["GET"]}}],"collection":[{"href":"https:\/\/redenoticiaz.com.br\/ribeiraopreto-regiao\/wp-json\/wp\/v2\/posts"}],"about":[{"href":"https:\/\/redenoticiaz.com.br\/ribeiraopreto-regiao\/wp-json\/wp\/v2\/types\/post"}],"author":[{"embeddable":true,"href":"https:\/\/redenoticiaz.com.br\/ribeiraopreto-regiao\/wp-json\/wp\/v2\/users\/5"}],"replies":[{"embeddable":true,"href":"https:\/\/redenoticiaz.com.br\/ribeiraopreto-regiao\/wp-json\/wp\/v2\/comments?post=123107"}],"version-history":[{"count":0,"href":"https:\/\/redenoticiaz.com.br\/ribeiraopreto-regiao\/wp-json\/wp\/v2\/posts\/123107\/revisions"}],"wp:featuredmedia":[{"embeddable":true,"href":"https:\/\/redenoticiaz.com.br\/ribeiraopreto-regiao\/wp-json\/wp\/v2\/media\/123108"}],"wp:attachment":[{"href":"https:\/\/redenoticiaz.com.br\/ribeiraopreto-regiao\/wp-json\/wp\/v2\/media?parent=123107"}],"wp:term":[{"taxonomy":"category","embeddable":true,"href":"https:\/\/redenoticiaz.com.br\/ribeiraopreto-regiao\/wp-json\/wp\/v2\/categories?post=123107"},{"taxonomy":"post_tag","embeddable":true,"href":"https:\/\/redenoticiaz.com.br\/ribeiraopreto-regiao\/wp-json\/wp\/v2\/tags?post=123107"}],"curies":[{"name":"wp","href":"https:\/\/api.w.org\/{rel}","templated":true}]}}