{"id":123111,"date":"2026-09-02T14:43:34","date_gmt":"2026-09-02T17:43:34","guid":{"rendered":"https:\/\/redenoticiaz.com.br\/ribeiraopreto-regiao\/sp\/2026\/09\/02\/casos-de-sarampo-em-sao-paulo-somam-28-apos-novos-registros"},"modified":"2026-09-02T14:43:34","modified_gmt":"2026-09-02T17:43:34","slug":"casos-de-sarampo-em-sao-paulo-somam-28-apos-novos-registros","status":"publish","type":"post","link":"https:\/\/redenoticiaz.com.br\/ribeiraopreto-regiao\/sp\/2026\/09\/02\/casos-de-sarampo-em-sao-paulo-somam-28-apos-novos-registros","title":{"rendered":"Casos de sarampo em S\u00e3o Paulo somam 28 ap\u00f3s novos registros"},"content":{"rendered":"<p>O estado de S\u00e3o Paulo confirmou, nesta ter\u00e7a-feira (1), mais dois casos de sarampo, elevando o total para 28 infec\u00e7\u00f5es desde o in\u00edcio do ano. As novas v\u00edtimas s\u00e3o um beb\u00ea e uma mulher de 40 anos. A informa\u00e7\u00e3o foi divulgada pela Secretaria de Sa\u00fade em seu \u00faltimo boletim epidemiol\u00f3gico.<\/p>\n<p>Dentre os casos registrados, 25 ocorreram na capital paulista, enquanto duas infec\u00e7\u00f5es foram notificadas em S\u00e3o Bernardo do Campo e uma em Guarulhos, cidades da regi\u00e3o metropolitana.<\/p>\n<p>No m\u00eas de agosto, o estado administrou mais de 2,5 milh\u00f5es de doses da vacina contra o sarampo. Desse total, 2,4 milh\u00f5es de vacinas foram aplicadas em tr\u00eas munic\u00edpios: 2 milh\u00f5es na capital, 230,1 mil em Guarulhos e 169,5 mil em S\u00e3o Bernardo do Campo. A vacina\u00e7\u00e3o em larga escala fez parte da Campanha de Multivacina\u00e7\u00e3o, que foi encerrada em 1\u00ba de setembro, assim como a\u00e7\u00f5es de imuniza\u00e7\u00e3o contra a doen\u00e7a nessas cidades.<\/p>\n<p>A campanha, iniciada em 3 de agosto, visou fortalecer a vacina\u00e7\u00e3o ap\u00f3s um aumento significativo de casos na regi\u00e3o metropolitana de S\u00e3o Paulo, que abriga 90% das infec\u00e7\u00f5es. Dentre os pacientes confirmados, 20 n\u00e3o possu\u00edam registro de vacina\u00e7\u00e3o.<\/p>\n<p>Apesar do t\u00e9rmino da campanha, as vacinas seguem dispon\u00edveis nas unidades b\u00e1sicas de sa\u00fade (UBSs), conforme o calend\u00e1rio vacinal para cada faixa et\u00e1ria. Em fun\u00e7\u00e3o da situa\u00e7\u00e3o epidemiol\u00f3gica na regi\u00e3o, a imuniza\u00e7\u00e3o sem restri\u00e7\u00f5es para pessoas entre 6 meses e 59 anos permanece nas \u00e1reas de Vila Medeiros, Vila Guilherme e Vila Maria, na zona norte da capital.<\/p>\n<p>A &#8220;dose zero&#8221; contra o sarampo tamb\u00e9m continua sendo oferecida em todas as UBSs para beb\u00eas de 6 a 11 meses. \u00c9 importante ressaltar que essa primeira dose n\u00e3o substitui as doses regulares do Calend\u00e1rio Nacional de Vacina\u00e7\u00e3o, que devem ser aplicadas aos 12 e 15 meses de idade, respeitando um intervalo m\u00ednimo de 30 dias entre a &#8220;dose zero&#8221; e a vacina tr\u00edplice viral ou qualquer outro imunizante de v\u00edrus vivo atenuado.<\/p>\n<p>O atendimento nas UBSs ocorre de segunda a sexta-feira, das 7h \u00e0s 19h. Nas assist\u00eancias m\u00e9dicas ambulatoriais (AMAs)\/UBSs Integradas, a vacina\u00e7\u00e3o \u00e9 realizada tamb\u00e9m aos s\u00e1bados e feriados com o mesmo hor\u00e1rio de funcionamento. Para verificar a disponibilidade de vacinas em tempo real, os pacientes podem acessar a plataforma De Olho na Fila.<\/p>\n","protected":false},"excerpt":{"rendered":"<p>O estado de S\u00e3o Paulo confirmou, nesta ter\u00e7a-feira (1), mais dois casos de sarampo, elevando o total para 28 infec\u00e7\u00f5es desde o in\u00edcio do ano. As novas v\u00edtimas s\u00e3o um beb\u00ea e uma mulher de 40 anos. A informa\u00e7\u00e3o foi divulgada pela Secretaria de Sa\u00fade em seu \u00faltimo boletim epidemiol\u00f3gico. Dentre os casos registrados, 25 &hellip;<\/p>\n","protected":false},"author":5,"featured_media":123112,"comment_status":"open","ping_status":"closed","sticky":false,"template":"","format":"standard","meta":{"footnotes":""},"categories":[129],"tags":[],"class_list":["post-123111","post","type-post","status-publish","format-standard","has-post-thumbnail","hentry","category-saude"],"yoast_head":"<!-- This site is optimized with the Yoast SEO plugin v28.4 - https:\/\/yoast.com\/product\/yoast-seo-wordpress\/ -->\n<title>Casos de sarampo em S\u00e3o Paulo somam 28 ap\u00f3s novos registros - Ribeir\u00e3o Preto e Regi\u00e3o<\/title>\n<meta name=\"robots\" content=\"index, follow, max-snippet:-1, max-image-preview:large, max-video-preview:-1\" \/>\n<link rel=\"canonical\" href=\"https:\/\/redenoticiaz.com.br\/ribeiraopreto-regiao\/sp\/2026\/09\/02\/casos-de-sarampo-em-sao-paulo-somam-28-apos-novos-registros\" \/>\n<meta property=\"og:locale\" content=\"pt_BR\" \/>\n<meta property=\"og:type\" content=\"article\" \/>\n<meta property=\"og:title\" content=\"Casos de sarampo em S\u00e3o Paulo somam 28 ap\u00f3s novos registros - Ribeir\u00e3o Preto e Regi\u00e3o\" \/>\n<meta property=\"og:description\" content=\"O estado de S\u00e3o Paulo confirmou, nesta ter\u00e7a-feira (1), mais dois casos de sarampo, elevando o total para 28 infec\u00e7\u00f5es desde o in\u00edcio do ano. As novas v\u00edtimas s\u00e3o um beb\u00ea e uma mulher de 40 anos. A informa\u00e7\u00e3o foi divulgada pela Secretaria de Sa\u00fade em seu \u00faltimo boletim epidemiol\u00f3gico. Dentre os casos registrados, 25 &hellip;\" \/>\n<meta property=\"og:url\" content=\"https:\/\/redenoticiaz.com.br\/ribeiraopreto-regiao\/sp\/2026\/09\/02\/casos-de-sarampo-em-sao-paulo-somam-28-apos-novos-registros\" \/>\n<meta property=\"og:site_name\" content=\"Ribeir\u00e3o Preto e Regi\u00e3o\" \/>\n<meta property=\"article:publisher\" content=\"https:\/\/m.facebook.com\/redenoticiaz.barretos\" \/>\n<meta property=\"article:published_time\" content=\"2026-09-02T17:43:34+00:00\" \/>\n<meta property=\"og:image\" content=\"https:\/\/redenoticiaz.com.br\/ribeiraopreto-regiao\/wp-content\/uploads\/sites\/4\/2022\/02\/logo.jpg\" \/>\n\t<meta property=\"og:image:width\" content=\"400\" \/>\n\t<meta property=\"og:image:height\" content=\"250\" \/>\n\t<meta property=\"og:image:type\" content=\"image\/jpeg\" \/>\n<meta name=\"author\" content=\"Patr\u00edcia Prado\" \/>\n<meta name=\"twitter:card\" content=\"summary_large_image\" \/>\n<meta name=\"twitter:creator\" content=\"@RN_barretos\" \/>\n<meta name=\"twitter:site\" content=\"@RN_barretos\" \/>\n<meta name=\"twitter:label1\" content=\"Escrito por\" \/>\n\t<meta name=\"twitter:data1\" content=\"Patr\u00edcia Prado\" \/>\n\t<meta name=\"twitter:label2\" content=\"Est. tempo de leitura\" \/>\n\t<meta name=\"twitter:data2\" content=\"2 minutos\" \/>\n<script type=\"application\/ld+json\" class=\"yoast-schema-graph\">{\"@context\":\"https:\\\/\\\/schema.org\",\"@graph\":[{\"@type\":\"Article\",\"@id\":\"https:\\\/\\\/redenoticiaz.com.br\\\/ribeiraopreto-regiao\\\/sp\\\/2026\\\/09\\\/02\\\/casos-de-sarampo-em-sao-paulo-somam-28-apos-novos-registros#article\",\"isPartOf\":{\"@id\":\"https:\\\/\\\/redenoticiaz.com.br\\\/ribeiraopreto-regiao\\\/sp\\\/2026\\\/09\\\/02\\\/casos-de-sarampo-em-sao-paulo-somam-28-apos-novos-registros\"},\"author\":{\"name\":\"Patr\u00edcia Prado\",\"@id\":\"https:\\\/\\\/redenoticiaz.com.br\\\/ribeiraopreto-regiao\\\/#\\\/schema\\\/person\\\/e1b0bd8c2637e2c1b6ddcbc2c33b116f\"},\"headline\":\"Casos de sarampo em S\u00e3o Paulo somam 28 ap\u00f3s novos registros\",\"datePublished\":\"2026-09-02T17:43:34+00:00\",\"mainEntityOfPage\":{\"@id\":\"https:\\\/\\\/redenoticiaz.com.br\\\/ribeiraopreto-regiao\\\/sp\\\/2026\\\/09\\\/02\\\/casos-de-sarampo-em-sao-paulo-somam-28-apos-novos-registros\"},\"wordCount\":421,\"commentCount\":0,\"publisher\":{\"@id\":\"https:\\\/\\\/redenoticiaz.com.br\\\/ribeiraopreto-regiao\\\/#organization\"},\"image\":{\"@id\":\"https:\\\/\\\/redenoticiaz.com.br\\\/ribeiraopreto-regiao\\\/sp\\\/2026\\\/09\\\/02\\\/casos-de-sarampo-em-sao-paulo-somam-28-apos-novos-registros#primaryimage\"},\"thumbnailUrl\":\"https:\\\/\\\/redenoticiaz.com.br\\\/ribeiraopreto-regiao\\\/wp-content\\\/uploads\\\/sites\\\/4\\\/2026\\\/09\\\/2ghe0jojcnd7rmldmlwh9jcdcmaymfpdahtumjez.jpg\",\"articleSection\":[\"Sa\u00fade\"],\"inLanguage\":\"pt-BR\",\"potentialAction\":[{\"@type\":\"CommentAction\",\"name\":\"Comment\",\"target\":[\"https:\\\/\\\/redenoticiaz.com.br\\\/ribeiraopreto-regiao\\\/sp\\\/2026\\\/09\\\/02\\\/casos-de-sarampo-em-sao-paulo-somam-28-apos-novos-registros#respond\"]}]},{\"@type\":\"WebPage\",\"@id\":\"https:\\\/\\\/redenoticiaz.com.br\\\/ribeiraopreto-regiao\\\/sp\\\/2026\\\/09\\\/02\\\/casos-de-sarampo-em-sao-paulo-somam-28-apos-novos-registros\",\"url\":\"https:\\\/\\\/redenoticiaz.com.br\\\/ribeiraopreto-regiao\\\/sp\\\/2026\\\/09\\\/02\\\/casos-de-sarampo-em-sao-paulo-somam-28-apos-novos-registros\",\"name\":\"Casos de sarampo em S\u00e3o Paulo somam 28 ap\u00f3s novos registros - Ribeir\u00e3o Preto e Regi\u00e3o\",\"isPartOf\":{\"@id\":\"https:\\\/\\\/redenoticiaz.com.br\\\/ribeiraopreto-regiao\\\/#website\"},\"primaryImageOfPage\":{\"@id\":\"https:\\\/\\\/redenoticiaz.com.br\\\/ribeiraopreto-regiao\\\/sp\\\/2026\\\/09\\\/02\\\/casos-de-sarampo-em-sao-paulo-somam-28-apos-novos-registros#primaryimage\"},\"image\":{\"@id\":\"https:\\\/\\\/redenoticiaz.com.br\\\/ribeiraopreto-regiao\\\/sp\\\/2026\\\/09\\\/02\\\/casos-de-sarampo-em-sao-paulo-somam-28-apos-novos-registros#primaryimage\"},\"thumbnailUrl\":\"https:\\\/\\\/redenoticiaz.com.br\\\/ribeiraopreto-regiao\\\/wp-content\\\/uploads\\\/sites\\\/4\\\/2026\\\/09\\\/2ghe0jojcnd7rmldmlwh9jcdcmaymfpdahtumjez.jpg\",\"datePublished\":\"2026-09-02T17:43:34+00:00\",\"inLanguage\":\"pt-BR\",\"potentialAction\":[{\"@type\":\"ReadAction\",\"target\":[\"https:\\\/\\\/redenoticiaz.com.br\\\/ribeiraopreto-regiao\\\/sp\\\/2026\\\/09\\\/02\\\/casos-de-sarampo-em-sao-paulo-somam-28-apos-novos-registros\"]}]},{\"@type\":\"ImageObject\",\"inLanguage\":\"pt-BR\",\"@id\":\"https:\\\/\\\/redenoticiaz.com.br\\\/ribeiraopreto-regiao\\\/sp\\\/2026\\\/09\\\/02\\\/casos-de-sarampo-em-sao-paulo-somam-28-apos-novos-registros#primaryimage\",\"url\":\"https:\\\/\\\/redenoticiaz.com.br\\\/ribeiraopreto-regiao\\\/wp-content\\\/uploads\\\/sites\\\/4\\\/2026\\\/09\\\/2ghe0jojcnd7rmldmlwh9jcdcmaymfpdahtumjez.jpg\",\"contentUrl\":\"https:\\\/\\\/redenoticiaz.com.br\\\/ribeiraopreto-regiao\\\/wp-content\\\/uploads\\\/sites\\\/4\\\/2026\\\/09\\\/2ghe0jojcnd7rmldmlwh9jcdcmaymfpdahtumjez.jpg\",\"width\":1600,\"height\":800},{\"@type\":\"WebSite\",\"@id\":\"https:\\\/\\\/redenoticiaz.com.br\\\/ribeiraopreto-regiao\\\/#website\",\"url\":\"https:\\\/\\\/redenoticiaz.com.br\\\/ribeiraopreto-regiao\\\/\",\"name\":\"Ribeir\u00e3o Preto e Regi\u00e3o\",\"description\":\"Rede NoticiaZ - Ribeir\u00e3o Preto e regi\u00e3o\",\"publisher\":{\"@id\":\"https:\\\/\\\/redenoticiaz.com.br\\\/ribeiraopreto-regiao\\\/#organization\"},\"potentialAction\":[{\"@type\":\"SearchAction\",\"target\":{\"@type\":\"EntryPoint\",\"urlTemplate\":\"https:\\\/\\\/redenoticiaz.com.br\\\/ribeiraopreto-regiao\\\/?s={search_term_string}\"},\"query-input\":{\"@type\":\"PropertyValueSpecification\",\"valueRequired\":true,\"valueName\":\"search_term_string\"}}],\"inLanguage\":\"pt-BR\"},{\"@type\":\"Organization\",\"@id\":\"https:\\\/\\\/redenoticiaz.com.br\\\/ribeiraopreto-regiao\\\/#organization\",\"name\":\"Ribeir\u00e3o Preto e Regi\u00e3o\",\"url\":\"https:\\\/\\\/redenoticiaz.com.br\\\/ribeiraopreto-regiao\\\/\",\"logo\":{\"@type\":\"ImageObject\",\"inLanguage\":\"pt-BR\",\"@id\":\"https:\\\/\\\/redenoticiaz.com.br\\\/ribeiraopreto-regiao\\\/#\\\/schema\\\/logo\\\/image\\\/\",\"url\":\"https:\\\/\\\/redenoticiaz.com.br\\\/barretos-regiao\\\/wp-content\\\/uploads\\\/sites\\\/4\\\/2022\\\/02\\\/logo.jpg\",\"contentUrl\":\"https:\\\/\\\/redenoticiaz.com.br\\\/barretos-regiao\\\/wp-content\\\/uploads\\\/sites\\\/4\\\/2022\\\/02\\\/logo.jpg\",\"width\":400,\"height\":250,\"caption\":\"Ribeir\u00e3o Preto e Regi\u00e3o\"},\"image\":{\"@id\":\"https:\\\/\\\/redenoticiaz.com.br\\\/ribeiraopreto-regiao\\\/#\\\/schema\\\/logo\\\/image\\\/\"},\"sameAs\":[\"https:\\\/\\\/m.facebook.com\\\/redenoticiaz.barretos\",\"https:\\\/\\\/x.com\\\/RN_barretos\",\"https:\\\/\\\/www.instagram.com\\\/redenoticiaz.barretos\\\/?igshid=YmMyMTA2M2Y\",\"https:\\\/\\\/www.linkedin.com\\\/company\\\/rede-noticiaz-barretos-e-regio\\\/\"]},{\"@type\":\"Person\",\"@id\":\"https:\\\/\\\/redenoticiaz.com.br\\\/ribeiraopreto-regiao\\\/#\\\/schema\\\/person\\\/e1b0bd8c2637e2c1b6ddcbc2c33b116f\",\"name\":\"Patr\u00edcia Prado\",\"image\":{\"@type\":\"ImageObject\",\"inLanguage\":\"pt-BR\",\"@id\":\"https:\\\/\\\/secure.gravatar.com\\\/avatar\\\/92e358bef22cfcec15e054ae4d9fee04dadf0c772dc4a17b382b8a34a15354c2?s=96&d=mm&r=g\",\"url\":\"https:\\\/\\\/secure.gravatar.com\\\/avatar\\\/92e358bef22cfcec15e054ae4d9fee04dadf0c772dc4a17b382b8a34a15354c2?s=96&d=mm&r=g\",\"contentUrl\":\"https:\\\/\\\/secure.gravatar.com\\\/avatar\\\/92e358bef22cfcec15e054ae4d9fee04dadf0c772dc4a17b382b8a34a15354c2?s=96&d=mm&r=g\",\"caption\":\"Patr\u00edcia Prado\"},\"url\":\"https:\\\/\\\/redenoticiaz.com.br\\\/ribeiraopreto-regiao\\\/sp\\\/author\\\/patricia-prado\"}]}<\/script>\n<!-- \/ Yoast SEO plugin. -->","yoast_head_json":{"title":"Casos de sarampo em S\u00e3o Paulo somam 28 ap\u00f3s novos registros - Ribeir\u00e3o Preto e Regi\u00e3o","robots":{"index":"index","follow":"follow","max-snippet":"max-snippet:-1","max-image-preview":"max-image-preview:large","max-video-preview":"max-video-preview:-1"},"canonical":"https:\/\/redenoticiaz.com.br\/ribeiraopreto-regiao\/sp\/2026\/09\/02\/casos-de-sarampo-em-sao-paulo-somam-28-apos-novos-registros","og_locale":"pt_BR","og_type":"article","og_title":"Casos de sarampo em S\u00e3o Paulo somam 28 ap\u00f3s novos registros - Ribeir\u00e3o Preto e Regi\u00e3o","og_description":"O estado de S\u00e3o Paulo confirmou, nesta ter\u00e7a-feira (1), mais dois casos de sarampo, elevando o total para 28 infec\u00e7\u00f5es desde o in\u00edcio do ano. As novas v\u00edtimas s\u00e3o um beb\u00ea e uma mulher de 40 anos. A informa\u00e7\u00e3o foi divulgada pela Secretaria de Sa\u00fade em seu \u00faltimo boletim epidemiol\u00f3gico. Dentre os casos registrados, 25 &hellip;","og_url":"https:\/\/redenoticiaz.com.br\/ribeiraopreto-regiao\/sp\/2026\/09\/02\/casos-de-sarampo-em-sao-paulo-somam-28-apos-novos-registros","og_site_name":"Ribeir\u00e3o Preto e Regi\u00e3o","article_publisher":"https:\/\/m.facebook.com\/redenoticiaz.barretos","article_published_time":"2026-09-02T17:43:34+00:00","og_image":[{"width":400,"height":250,"url":"https:\/\/redenoticiaz.com.br\/ribeiraopreto-regiao\/wp-content\/uploads\/sites\/4\/2022\/02\/logo.jpg","type":"image\/jpeg"}],"author":"Patr\u00edcia Prado","twitter_card":"summary_large_image","twitter_creator":"@RN_barretos","twitter_site":"@RN_barretos","twitter_misc":{"Escrito por":"Patr\u00edcia Prado","Est. tempo de leitura":"2 minutos"},"schema":{"@context":"https:\/\/schema.org","@graph":[{"@type":"Article","@id":"https:\/\/redenoticiaz.com.br\/ribeiraopreto-regiao\/sp\/2026\/09\/02\/casos-de-sarampo-em-sao-paulo-somam-28-apos-novos-registros#article","isPartOf":{"@id":"https:\/\/redenoticiaz.com.br\/ribeiraopreto-regiao\/sp\/2026\/09\/02\/casos-de-sarampo-em-sao-paulo-somam-28-apos-novos-registros"},"author":{"name":"Patr\u00edcia Prado","@id":"https:\/\/redenoticiaz.com.br\/ribeiraopreto-regiao\/#\/schema\/person\/e1b0bd8c2637e2c1b6ddcbc2c33b116f"},"headline":"Casos de sarampo em S\u00e3o Paulo somam 28 ap\u00f3s novos registros","datePublished":"2026-09-02T17:43:34+00:00","mainEntityOfPage":{"@id":"https:\/\/redenoticiaz.com.br\/ribeiraopreto-regiao\/sp\/2026\/09\/02\/casos-de-sarampo-em-sao-paulo-somam-28-apos-novos-registros"},"wordCount":421,"commentCount":0,"publisher":{"@id":"https:\/\/redenoticiaz.com.br\/ribeiraopreto-regiao\/#organization"},"image":{"@id":"https:\/\/redenoticiaz.com.br\/ribeiraopreto-regiao\/sp\/2026\/09\/02\/casos-de-sarampo-em-sao-paulo-somam-28-apos-novos-registros#primaryimage"},"thumbnailUrl":"https:\/\/redenoticiaz.com.br\/ribeiraopreto-regiao\/wp-content\/uploads\/sites\/4\/2026\/09\/2ghe0jojcnd7rmldmlwh9jcdcmaymfpdahtumjez.jpg","articleSection":["Sa\u00fade"],"inLanguage":"pt-BR","potentialAction":[{"@type":"CommentAction","name":"Comment","target":["https:\/\/redenoticiaz.com.br\/ribeiraopreto-regiao\/sp\/2026\/09\/02\/casos-de-sarampo-em-sao-paulo-somam-28-apos-novos-registros#respond"]}]},{"@type":"WebPage","@id":"https:\/\/redenoticiaz.com.br\/ribeiraopreto-regiao\/sp\/2026\/09\/02\/casos-de-sarampo-em-sao-paulo-somam-28-apos-novos-registros","url":"https:\/\/redenoticiaz.com.br\/ribeiraopreto-regiao\/sp\/2026\/09\/02\/casos-de-sarampo-em-sao-paulo-somam-28-apos-novos-registros","name":"Casos de sarampo em S\u00e3o Paulo somam 28 ap\u00f3s novos registros - Ribeir\u00e3o Preto e Regi\u00e3o","isPartOf":{"@id":"https:\/\/redenoticiaz.com.br\/ribeiraopreto-regiao\/#website"},"primaryImageOfPage":{"@id":"https:\/\/redenoticiaz.com.br\/ribeiraopreto-regiao\/sp\/2026\/09\/02\/casos-de-sarampo-em-sao-paulo-somam-28-apos-novos-registros#primaryimage"},"image":{"@id":"https:\/\/redenoticiaz.com.br\/ribeiraopreto-regiao\/sp\/2026\/09\/02\/casos-de-sarampo-em-sao-paulo-somam-28-apos-novos-registros#primaryimage"},"thumbnailUrl":"https:\/\/redenoticiaz.com.br\/ribeiraopreto-regiao\/wp-content\/uploads\/sites\/4\/2026\/09\/2ghe0jojcnd7rmldmlwh9jcdcmaymfpdahtumjez.jpg","datePublished":"2026-09-02T17:43:34+00:00","inLanguage":"pt-BR","potentialAction":[{"@type":"ReadAction","target":["https:\/\/redenoticiaz.com.br\/ribeiraopreto-regiao\/sp\/2026\/09\/02\/casos-de-sarampo-em-sao-paulo-somam-28-apos-novos-registros"]}]},{"@type":"ImageObject","inLanguage":"pt-BR","@id":"https:\/\/redenoticiaz.com.br\/ribeiraopreto-regiao\/sp\/2026\/09\/02\/casos-de-sarampo-em-sao-paulo-somam-28-apos-novos-registros#primaryimage","url":"https:\/\/redenoticiaz.com.br\/ribeiraopreto-regiao\/wp-content\/uploads\/sites\/4\/2026\/09\/2ghe0jojcnd7rmldmlwh9jcdcmaymfpdahtumjez.jpg","contentUrl":"https:\/\/redenoticiaz.com.br\/ribeiraopreto-regiao\/wp-content\/uploads\/sites\/4\/2026\/09\/2ghe0jojcnd7rmldmlwh9jcdcmaymfpdahtumjez.jpg","width":1600,"height":800},{"@type":"WebSite","@id":"https:\/\/redenoticiaz.com.br\/ribeiraopreto-regiao\/#website","url":"https:\/\/redenoticiaz.com.br\/ribeiraopreto-regiao\/","name":"Ribeir\u00e3o Preto e Regi\u00e3o","description":"Rede NoticiaZ - Ribeir\u00e3o Preto e regi\u00e3o","publisher":{"@id":"https:\/\/redenoticiaz.com.br\/ribeiraopreto-regiao\/#organization"},"potentialAction":[{"@type":"SearchAction","target":{"@type":"EntryPoint","urlTemplate":"https:\/\/redenoticiaz.com.br\/ribeiraopreto-regiao\/?s={search_term_string}"},"query-input":{"@type":"PropertyValueSpecification","valueRequired":true,"valueName":"search_term_string"}}],"inLanguage":"pt-BR"},{"@type":"Organization","@id":"https:\/\/redenoticiaz.com.br\/ribeiraopreto-regiao\/#organization","name":"Ribeir\u00e3o Preto e Regi\u00e3o","url":"https:\/\/redenoticiaz.com.br\/ribeiraopreto-regiao\/","logo":{"@type":"ImageObject","inLanguage":"pt-BR","@id":"https:\/\/redenoticiaz.com.br\/ribeiraopreto-regiao\/#\/schema\/logo\/image\/","url":"https:\/\/redenoticiaz.com.br\/barretos-regiao\/wp-content\/uploads\/sites\/4\/2022\/02\/logo.jpg","contentUrl":"https:\/\/redenoticiaz.com.br\/barretos-regiao\/wp-content\/uploads\/sites\/4\/2022\/02\/logo.jpg","width":400,"height":250,"caption":"Ribeir\u00e3o Preto e Regi\u00e3o"},"image":{"@id":"https:\/\/redenoticiaz.com.br\/ribeiraopreto-regiao\/#\/schema\/logo\/image\/"},"sameAs":["https:\/\/m.facebook.com\/redenoticiaz.barretos","https:\/\/x.com\/RN_barretos","https:\/\/www.instagram.com\/redenoticiaz.barretos\/?igshid=YmMyMTA2M2Y","https:\/\/www.linkedin.com\/company\/rede-noticiaz-barretos-e-regio\/"]},{"@type":"Person","@id":"https:\/\/redenoticiaz.com.br\/ribeiraopreto-regiao\/#\/schema\/person\/e1b0bd8c2637e2c1b6ddcbc2c33b116f","name":"Patr\u00edcia Prado","image":{"@type":"ImageObject","inLanguage":"pt-BR","@id":"https:\/\/secure.gravatar.com\/avatar\/92e358bef22cfcec15e054ae4d9fee04dadf0c772dc4a17b382b8a34a15354c2?s=96&d=mm&r=g","url":"https:\/\/secure.gravatar.com\/avatar\/92e358bef22cfcec15e054ae4d9fee04dadf0c772dc4a17b382b8a34a15354c2?s=96&d=mm&r=g","contentUrl":"https:\/\/secure.gravatar.com\/avatar\/92e358bef22cfcec15e054ae4d9fee04dadf0c772dc4a17b382b8a34a15354c2?s=96&d=mm&r=g","caption":"Patr\u00edcia Prado"},"url":"https:\/\/redenoticiaz.com.br\/ribeiraopreto-regiao\/sp\/author\/patricia-prado"}]}},"_links":{"self":[{"href":"https:\/\/redenoticiaz.com.br\/ribeiraopreto-regiao\/wp-json\/wp\/v2\/posts\/123111","targetHints":{"allow":["GET"]}}],"collection":[{"href":"https:\/\/redenoticiaz.com.br\/ribeiraopreto-regiao\/wp-json\/wp\/v2\/posts"}],"about":[{"href":"https:\/\/redenoticiaz.com.br\/ribeiraopreto-regiao\/wp-json\/wp\/v2\/types\/post"}],"author":[{"embeddable":true,"href":"https:\/\/redenoticiaz.com.br\/ribeiraopreto-regiao\/wp-json\/wp\/v2\/users\/5"}],"replies":[{"embeddable":true,"href":"https:\/\/redenoticiaz.com.br\/ribeiraopreto-regiao\/wp-json\/wp\/v2\/comments?post=123111"}],"version-history":[{"count":0,"href":"https:\/\/redenoticiaz.com.br\/ribeiraopreto-regiao\/wp-json\/wp\/v2\/posts\/123111\/revisions"}],"wp:featuredmedia":[{"embeddable":true,"href":"https:\/\/redenoticiaz.com.br\/ribeiraopreto-regiao\/wp-json\/wp\/v2\/media\/123112"}],"wp:attachment":[{"href":"https:\/\/redenoticiaz.com.br\/ribeiraopreto-regiao\/wp-json\/wp\/v2\/media?parent=123111"}],"wp:term":[{"taxonomy":"category","embeddable":true,"href":"https:\/\/redenoticiaz.com.br\/ribeiraopreto-regiao\/wp-json\/wp\/v2\/categories?post=123111"},{"taxonomy":"post_tag","embeddable":true,"href":"https:\/\/redenoticiaz.com.br\/ribeiraopreto-regiao\/wp-json\/wp\/v2\/tags?post=123111"}],"curies":[{"name":"wp","href":"https:\/\/api.w.org\/{rel}","templated":true}]}}