{"id":123121,"date":"2026-09-02T15:46:07","date_gmt":"2026-09-02T18:46:07","guid":{"rendered":"https:\/\/redenoticiaz.com.br\/ribeiraopreto-regiao\/sp\/2026\/09\/02\/comissao-do-congresso-aprova-mp-que-isenta-taxa-sobre-compras-internacionais"},"modified":"2026-09-02T15:46:07","modified_gmt":"2026-09-02T18:46:07","slug":"comissao-do-congresso-aprova-mp-que-isenta-taxa-sobre-compras-internacionais","status":"publish","type":"post","link":"https:\/\/redenoticiaz.com.br\/ribeiraopreto-regiao\/sp\/2026\/09\/02\/comissao-do-congresso-aprova-mp-que-isenta-taxa-sobre-compras-internacionais","title":{"rendered":"Comiss\u00e3o do Congresso aprova MP que isenta taxa sobre compras internacionais"},"content":{"rendered":"<p>A Comiss\u00e3o Mista do Congresso Nacional aprovou, nesta quarta-feira (2), a medida provis\u00f3ria conhecida como \u201ctaxa das blusinhas\u201d, que elimina o imposto de 20% sobre compras internacionais de at\u00e9 US$ 50 (aproximadamente R$ 257) realizadas pela internet via remessas postais.<\/p>\n<p>Agora, o texto seguir\u00e1 para vota\u00e7\u00e3o nos plen\u00e1rios da C\u00e2mara e do Senado, com a expectativa de que a MP 1.357 de 2026 seja aprovada nesta semana, j\u00e1 que perder\u00e1 a validade na pr\u00f3xima ter\u00e7a-feira (8).<\/p>\n<p>A relatora da proposta, senadora Leila Barros (PDT-DF), argumentou que a isen\u00e7\u00e3o de impostos para brasileiros que viajam ao exterior, permitindo a compras de at\u00e9 US$ 1 mil sem tributos, acentua uma desigualdade entre as classes sociais. \u201cTributar pesadamente essa remessa, ao mesmo tempo em que se preserva a generosa isen\u00e7\u00e3o de bagagem, equivale a proteger o consumo do mais rico e onerar o do mais pobre\u201d, justificou.<\/p>\n<p>Leila Barros tamb\u00e9m acatou emenda que zera o imposto de importa\u00e7\u00e3o para medicamentos que n\u00e3o t\u00eam vers\u00e3o similar no Brasil. Al\u00e9m disso, a MP prev\u00ea a redu\u00e7\u00e3o da al\u00edquota de importa\u00e7\u00e3o para compras de at\u00e9 US$ 3 mil de 60% para 30% para remessas postais do exterior.<\/p>\n<p>No entanto, a proposta enfrenta cr\u00edticas, como a do senador Izalci Lucas (PL-DF), que defendeu a necessidade de isonomia. \u201cComo \u00e9 que n\u00f3s vamos incentivar o trabalhador chin\u00eas em detrimento do nosso trabalhador aqui?\u201d, questionou.<\/p>\n<p>A senadora tamb\u00e9m estabeleceu que o Minist\u00e9rio da Fazenda realizar\u00e1 avalia\u00e7\u00f5es peri\u00f3dicas para verificar os impactos econ\u00f4micos da isen\u00e7\u00e3o. A primeira an\u00e1lise dever\u00e1 ser apresentada em novembro deste ano, com relat\u00f3rios subsequentes a cada seis meses, abordando aspectos como emprego, renda e arrecada\u00e7\u00e3o.<\/p>\n<p>A monitoramento da pol\u00edtica de isen\u00e7\u00e3o envolver\u00e1 setores empresariais de t\u00eaxteis, vestu\u00e1rio, cal\u00e7ados, acess\u00f3rios, brinquedos e cosm\u00e9ticos, com revis\u00e3o anual pelo Congresso Nacional.<\/p>\n<p>A MP gerou resist\u00eancia entre empres\u00e1rios nacionais, que alegam que a medida representa \u201cconcorr\u00eancia desleal\u201d, especialmente com empresas da China. Por outro lado, o governo defende que a proposta estimula o consumo popular e ajuda a reduzir a informalidade nas opera\u00e7\u00f5es comerciais.<\/p>\n<p>O relat\u00f3rio da senadora inclui ainda novas obriga\u00e7\u00f5es para plataformas digitais e operadores log\u00edsticos para assegurar rastreabilidade e monitorar anomalias em remessas. Penalidades para o descumprimento das regras variam desde advert\u00eancias a multas proporcionais \u00e0s transa\u00e7\u00f5es, podendo culminar em suspens\u00e3o ou proibi\u00e7\u00e3o de opera\u00e7\u00e3o no mercado nacional em casos de infra\u00e7\u00f5es graves.<\/p>\n","protected":false},"excerpt":{"rendered":"<p>A Comiss\u00e3o Mista do Congresso Nacional aprovou, nesta quarta-feira (2), a medida provis\u00f3ria conhecida como \u201ctaxa das blusinhas\u201d, que elimina o imposto de 20% sobre compras internacionais de at\u00e9 US$ 50 (aproximadamente R$ 257) realizadas pela internet via remessas postais. Agora, o texto seguir\u00e1 para vota\u00e7\u00e3o nos plen\u00e1rios da C\u00e2mara e do Senado, com a &hellip;<\/p>\n","protected":false},"author":5,"featured_media":123122,"comment_status":"open","ping_status":"closed","sticky":false,"template":"","format":"standard","meta":{"footnotes":""},"categories":[101,9271,29902,68,186,1561,2075],"tags":[],"class_list":["post-123121","post","type-post","status-publish","format-standard","has-post-thumbnail","hentry","category-economia","category-eleicoes","category-emprego","category-mundo","category-politica","category-tecnologia","category-trabalho"],"yoast_head":"<!-- This site is optimized with the Yoast SEO plugin v28.4 - https:\/\/yoast.com\/product\/yoast-seo-wordpress\/ -->\n<title>Comiss\u00e3o do Congresso aprova MP que isenta taxa sobre compras internacionais - Ribeir\u00e3o Preto e Regi\u00e3o<\/title>\n<meta name=\"robots\" content=\"index, follow, max-snippet:-1, max-image-preview:large, max-video-preview:-1\" \/>\n<link rel=\"canonical\" href=\"https:\/\/redenoticiaz.com.br\/ribeiraopreto-regiao\/sp\/2026\/09\/02\/comissao-do-congresso-aprova-mp-que-isenta-taxa-sobre-compras-internacionais\" \/>\n<meta property=\"og:locale\" content=\"pt_BR\" \/>\n<meta property=\"og:type\" content=\"article\" \/>\n<meta property=\"og:title\" content=\"Comiss\u00e3o do Congresso aprova MP que isenta taxa sobre compras internacionais - Ribeir\u00e3o Preto e Regi\u00e3o\" \/>\n<meta property=\"og:description\" content=\"A Comiss\u00e3o Mista do Congresso Nacional aprovou, nesta quarta-feira (2), a medida provis\u00f3ria conhecida como \u201ctaxa das blusinhas\u201d, que elimina o imposto de 20% sobre compras internacionais de at\u00e9 US$ 50 (aproximadamente R$ 257) realizadas pela internet via remessas postais. Agora, o texto seguir\u00e1 para vota\u00e7\u00e3o nos plen\u00e1rios da C\u00e2mara e do Senado, com a &hellip;\" \/>\n<meta property=\"og:url\" content=\"https:\/\/redenoticiaz.com.br\/ribeiraopreto-regiao\/sp\/2026\/09\/02\/comissao-do-congresso-aprova-mp-que-isenta-taxa-sobre-compras-internacionais\" \/>\n<meta property=\"og:site_name\" content=\"Ribeir\u00e3o Preto e Regi\u00e3o\" \/>\n<meta property=\"article:publisher\" content=\"https:\/\/m.facebook.com\/redenoticiaz.barretos\" \/>\n<meta property=\"article:published_time\" content=\"2026-09-02T18:46:07+00:00\" \/>\n<meta property=\"og:image\" content=\"https:\/\/redenoticiaz.com.br\/ribeiraopreto-regiao\/wp-content\/uploads\/sites\/4\/2022\/02\/logo.jpg\" \/>\n\t<meta property=\"og:image:width\" content=\"400\" \/>\n\t<meta property=\"og:image:height\" content=\"250\" \/>\n\t<meta property=\"og:image:type\" content=\"image\/jpeg\" \/>\n<meta name=\"author\" content=\"Patr\u00edcia Prado\" \/>\n<meta name=\"twitter:card\" content=\"summary_large_image\" \/>\n<meta name=\"twitter:creator\" content=\"@RN_barretos\" \/>\n<meta name=\"twitter:site\" content=\"@RN_barretos\" \/>\n<meta name=\"twitter:label1\" content=\"Escrito por\" \/>\n\t<meta name=\"twitter:data1\" content=\"Patr\u00edcia Prado\" \/>\n\t<meta name=\"twitter:label2\" content=\"Est. tempo de leitura\" \/>\n\t<meta name=\"twitter:data2\" content=\"2 minutos\" \/>\n<script type=\"application\/ld+json\" class=\"yoast-schema-graph\">{\"@context\":\"https:\\\/\\\/schema.org\",\"@graph\":[{\"@type\":\"Article\",\"@id\":\"https:\\\/\\\/redenoticiaz.com.br\\\/ribeiraopreto-regiao\\\/sp\\\/2026\\\/09\\\/02\\\/comissao-do-congresso-aprova-mp-que-isenta-taxa-sobre-compras-internacionais#article\",\"isPartOf\":{\"@id\":\"https:\\\/\\\/redenoticiaz.com.br\\\/ribeiraopreto-regiao\\\/sp\\\/2026\\\/09\\\/02\\\/comissao-do-congresso-aprova-mp-que-isenta-taxa-sobre-compras-internacionais\"},\"author\":{\"name\":\"Patr\u00edcia Prado\",\"@id\":\"https:\\\/\\\/redenoticiaz.com.br\\\/ribeiraopreto-regiao\\\/#\\\/schema\\\/person\\\/e1b0bd8c2637e2c1b6ddcbc2c33b116f\"},\"headline\":\"Comiss\u00e3o do Congresso aprova MP que isenta taxa sobre compras internacionais\",\"datePublished\":\"2026-09-02T18:46:07+00:00\",\"mainEntityOfPage\":{\"@id\":\"https:\\\/\\\/redenoticiaz.com.br\\\/ribeiraopreto-regiao\\\/sp\\\/2026\\\/09\\\/02\\\/comissao-do-congresso-aprova-mp-que-isenta-taxa-sobre-compras-internacionais\"},\"wordCount\":437,\"commentCount\":0,\"publisher\":{\"@id\":\"https:\\\/\\\/redenoticiaz.com.br\\\/ribeiraopreto-regiao\\\/#organization\"},\"image\":{\"@id\":\"https:\\\/\\\/redenoticiaz.com.br\\\/ribeiraopreto-regiao\\\/sp\\\/2026\\\/09\\\/02\\\/comissao-do-congresso-aprova-mp-que-isenta-taxa-sobre-compras-internacionais#primaryimage\"},\"thumbnailUrl\":\"https:\\\/\\\/redenoticiaz.com.br\\\/ribeiraopreto-regiao\\\/wp-content\\\/uploads\\\/sites\\\/4\\\/2026\\\/09\\\/55504235024_b14889fcbb_6k.jpg\",\"articleSection\":[\"Economia\",\"Elei\u00e7\u00f5es\",\"Emprego\",\"Mundo\",\"Pol\u00edtica\",\"Tecnologia\",\"Trabalho\"],\"inLanguage\":\"pt-BR\",\"potentialAction\":[{\"@type\":\"CommentAction\",\"name\":\"Comment\",\"target\":[\"https:\\\/\\\/redenoticiaz.com.br\\\/ribeiraopreto-regiao\\\/sp\\\/2026\\\/09\\\/02\\\/comissao-do-congresso-aprova-mp-que-isenta-taxa-sobre-compras-internacionais#respond\"]}]},{\"@type\":\"WebPage\",\"@id\":\"https:\\\/\\\/redenoticiaz.com.br\\\/ribeiraopreto-regiao\\\/sp\\\/2026\\\/09\\\/02\\\/comissao-do-congresso-aprova-mp-que-isenta-taxa-sobre-compras-internacionais\",\"url\":\"https:\\\/\\\/redenoticiaz.com.br\\\/ribeiraopreto-regiao\\\/sp\\\/2026\\\/09\\\/02\\\/comissao-do-congresso-aprova-mp-que-isenta-taxa-sobre-compras-internacionais\",\"name\":\"Comiss\u00e3o do Congresso aprova MP que isenta taxa sobre compras internacionais - Ribeir\u00e3o Preto e Regi\u00e3o\",\"isPartOf\":{\"@id\":\"https:\\\/\\\/redenoticiaz.com.br\\\/ribeiraopreto-regiao\\\/#website\"},\"primaryImageOfPage\":{\"@id\":\"https:\\\/\\\/redenoticiaz.com.br\\\/ribeiraopreto-regiao\\\/sp\\\/2026\\\/09\\\/02\\\/comissao-do-congresso-aprova-mp-que-isenta-taxa-sobre-compras-internacionais#primaryimage\"},\"image\":{\"@id\":\"https:\\\/\\\/redenoticiaz.com.br\\\/ribeiraopreto-regiao\\\/sp\\\/2026\\\/09\\\/02\\\/comissao-do-congresso-aprova-mp-que-isenta-taxa-sobre-compras-internacionais#primaryimage\"},\"thumbnailUrl\":\"https:\\\/\\\/redenoticiaz.com.br\\\/ribeiraopreto-regiao\\\/wp-content\\\/uploads\\\/sites\\\/4\\\/2026\\\/09\\\/55504235024_b14889fcbb_6k.jpg\",\"datePublished\":\"2026-09-02T18:46:07+00:00\",\"inLanguage\":\"pt-BR\",\"potentialAction\":[{\"@type\":\"ReadAction\",\"target\":[\"https:\\\/\\\/redenoticiaz.com.br\\\/ribeiraopreto-regiao\\\/sp\\\/2026\\\/09\\\/02\\\/comissao-do-congresso-aprova-mp-que-isenta-taxa-sobre-compras-internacionais\"]}]},{\"@type\":\"ImageObject\",\"inLanguage\":\"pt-BR\",\"@id\":\"https:\\\/\\\/redenoticiaz.com.br\\\/ribeiraopreto-regiao\\\/sp\\\/2026\\\/09\\\/02\\\/comissao-do-congresso-aprova-mp-que-isenta-taxa-sobre-compras-internacionais#primaryimage\",\"url\":\"https:\\\/\\\/redenoticiaz.com.br\\\/ribeiraopreto-regiao\\\/wp-content\\\/uploads\\\/sites\\\/4\\\/2026\\\/09\\\/55504235024_b14889fcbb_6k.jpg\",\"contentUrl\":\"https:\\\/\\\/redenoticiaz.com.br\\\/ribeiraopreto-regiao\\\/wp-content\\\/uploads\\\/sites\\\/4\\\/2026\\\/09\\\/55504235024_b14889fcbb_6k.jpg\",\"width\":1600,\"height\":800},{\"@type\":\"WebSite\",\"@id\":\"https:\\\/\\\/redenoticiaz.com.br\\\/ribeiraopreto-regiao\\\/#website\",\"url\":\"https:\\\/\\\/redenoticiaz.com.br\\\/ribeiraopreto-regiao\\\/\",\"name\":\"Ribeir\u00e3o Preto e Regi\u00e3o\",\"description\":\"Rede NoticiaZ - Ribeir\u00e3o Preto e regi\u00e3o\",\"publisher\":{\"@id\":\"https:\\\/\\\/redenoticiaz.com.br\\\/ribeiraopreto-regiao\\\/#organization\"},\"potentialAction\":[{\"@type\":\"SearchAction\",\"target\":{\"@type\":\"EntryPoint\",\"urlTemplate\":\"https:\\\/\\\/redenoticiaz.com.br\\\/ribeiraopreto-regiao\\\/?s={search_term_string}\"},\"query-input\":{\"@type\":\"PropertyValueSpecification\",\"valueRequired\":true,\"valueName\":\"search_term_string\"}}],\"inLanguage\":\"pt-BR\"},{\"@type\":\"Organization\",\"@id\":\"https:\\\/\\\/redenoticiaz.com.br\\\/ribeiraopreto-regiao\\\/#organization\",\"name\":\"Ribeir\u00e3o Preto e Regi\u00e3o\",\"url\":\"https:\\\/\\\/redenoticiaz.com.br\\\/ribeiraopreto-regiao\\\/\",\"logo\":{\"@type\":\"ImageObject\",\"inLanguage\":\"pt-BR\",\"@id\":\"https:\\\/\\\/redenoticiaz.com.br\\\/ribeiraopreto-regiao\\\/#\\\/schema\\\/logo\\\/image\\\/\",\"url\":\"https:\\\/\\\/redenoticiaz.com.br\\\/barretos-regiao\\\/wp-content\\\/uploads\\\/sites\\\/4\\\/2022\\\/02\\\/logo.jpg\",\"contentUrl\":\"https:\\\/\\\/redenoticiaz.com.br\\\/barretos-regiao\\\/wp-content\\\/uploads\\\/sites\\\/4\\\/2022\\\/02\\\/logo.jpg\",\"width\":400,\"height\":250,\"caption\":\"Ribeir\u00e3o Preto e Regi\u00e3o\"},\"image\":{\"@id\":\"https:\\\/\\\/redenoticiaz.com.br\\\/ribeiraopreto-regiao\\\/#\\\/schema\\\/logo\\\/image\\\/\"},\"sameAs\":[\"https:\\\/\\\/m.facebook.com\\\/redenoticiaz.barretos\",\"https:\\\/\\\/x.com\\\/RN_barretos\",\"https:\\\/\\\/www.instagram.com\\\/redenoticiaz.barretos\\\/?igshid=YmMyMTA2M2Y\",\"https:\\\/\\\/www.linkedin.com\\\/company\\\/rede-noticiaz-barretos-e-regio\\\/\"]},{\"@type\":\"Person\",\"@id\":\"https:\\\/\\\/redenoticiaz.com.br\\\/ribeiraopreto-regiao\\\/#\\\/schema\\\/person\\\/e1b0bd8c2637e2c1b6ddcbc2c33b116f\",\"name\":\"Patr\u00edcia Prado\",\"image\":{\"@type\":\"ImageObject\",\"inLanguage\":\"pt-BR\",\"@id\":\"https:\\\/\\\/secure.gravatar.com\\\/avatar\\\/92e358bef22cfcec15e054ae4d9fee04dadf0c772dc4a17b382b8a34a15354c2?s=96&d=mm&r=g\",\"url\":\"https:\\\/\\\/secure.gravatar.com\\\/avatar\\\/92e358bef22cfcec15e054ae4d9fee04dadf0c772dc4a17b382b8a34a15354c2?s=96&d=mm&r=g\",\"contentUrl\":\"https:\\\/\\\/secure.gravatar.com\\\/avatar\\\/92e358bef22cfcec15e054ae4d9fee04dadf0c772dc4a17b382b8a34a15354c2?s=96&d=mm&r=g\",\"caption\":\"Patr\u00edcia Prado\"},\"url\":\"https:\\\/\\\/redenoticiaz.com.br\\\/ribeiraopreto-regiao\\\/sp\\\/author\\\/patricia-prado\"}]}<\/script>\n<!-- \/ Yoast SEO plugin. -->","yoast_head_json":{"title":"Comiss\u00e3o do Congresso aprova MP que isenta taxa sobre compras internacionais - Ribeir\u00e3o Preto e Regi\u00e3o","robots":{"index":"index","follow":"follow","max-snippet":"max-snippet:-1","max-image-preview":"max-image-preview:large","max-video-preview":"max-video-preview:-1"},"canonical":"https:\/\/redenoticiaz.com.br\/ribeiraopreto-regiao\/sp\/2026\/09\/02\/comissao-do-congresso-aprova-mp-que-isenta-taxa-sobre-compras-internacionais","og_locale":"pt_BR","og_type":"article","og_title":"Comiss\u00e3o do Congresso aprova MP que isenta taxa sobre compras internacionais - Ribeir\u00e3o Preto e Regi\u00e3o","og_description":"A Comiss\u00e3o Mista do Congresso Nacional aprovou, nesta quarta-feira (2), a medida provis\u00f3ria conhecida como \u201ctaxa das blusinhas\u201d, que elimina o imposto de 20% sobre compras internacionais de at\u00e9 US$ 50 (aproximadamente R$ 257) realizadas pela internet via remessas postais. Agora, o texto seguir\u00e1 para vota\u00e7\u00e3o nos plen\u00e1rios da C\u00e2mara e do Senado, com a &hellip;","og_url":"https:\/\/redenoticiaz.com.br\/ribeiraopreto-regiao\/sp\/2026\/09\/02\/comissao-do-congresso-aprova-mp-que-isenta-taxa-sobre-compras-internacionais","og_site_name":"Ribeir\u00e3o Preto e Regi\u00e3o","article_publisher":"https:\/\/m.facebook.com\/redenoticiaz.barretos","article_published_time":"2026-09-02T18:46:07+00:00","og_image":[{"width":400,"height":250,"url":"https:\/\/redenoticiaz.com.br\/ribeiraopreto-regiao\/wp-content\/uploads\/sites\/4\/2022\/02\/logo.jpg","type":"image\/jpeg"}],"author":"Patr\u00edcia Prado","twitter_card":"summary_large_image","twitter_creator":"@RN_barretos","twitter_site":"@RN_barretos","twitter_misc":{"Escrito por":"Patr\u00edcia Prado","Est. tempo de leitura":"2 minutos"},"schema":{"@context":"https:\/\/schema.org","@graph":[{"@type":"Article","@id":"https:\/\/redenoticiaz.com.br\/ribeiraopreto-regiao\/sp\/2026\/09\/02\/comissao-do-congresso-aprova-mp-que-isenta-taxa-sobre-compras-internacionais#article","isPartOf":{"@id":"https:\/\/redenoticiaz.com.br\/ribeiraopreto-regiao\/sp\/2026\/09\/02\/comissao-do-congresso-aprova-mp-que-isenta-taxa-sobre-compras-internacionais"},"author":{"name":"Patr\u00edcia Prado","@id":"https:\/\/redenoticiaz.com.br\/ribeiraopreto-regiao\/#\/schema\/person\/e1b0bd8c2637e2c1b6ddcbc2c33b116f"},"headline":"Comiss\u00e3o do Congresso aprova MP que isenta taxa sobre compras internacionais","datePublished":"2026-09-02T18:46:07+00:00","mainEntityOfPage":{"@id":"https:\/\/redenoticiaz.com.br\/ribeiraopreto-regiao\/sp\/2026\/09\/02\/comissao-do-congresso-aprova-mp-que-isenta-taxa-sobre-compras-internacionais"},"wordCount":437,"commentCount":0,"publisher":{"@id":"https:\/\/redenoticiaz.com.br\/ribeiraopreto-regiao\/#organization"},"image":{"@id":"https:\/\/redenoticiaz.com.br\/ribeiraopreto-regiao\/sp\/2026\/09\/02\/comissao-do-congresso-aprova-mp-que-isenta-taxa-sobre-compras-internacionais#primaryimage"},"thumbnailUrl":"https:\/\/redenoticiaz.com.br\/ribeiraopreto-regiao\/wp-content\/uploads\/sites\/4\/2026\/09\/55504235024_b14889fcbb_6k.jpg","articleSection":["Economia","Elei\u00e7\u00f5es","Emprego","Mundo","Pol\u00edtica","Tecnologia","Trabalho"],"inLanguage":"pt-BR","potentialAction":[{"@type":"CommentAction","name":"Comment","target":["https:\/\/redenoticiaz.com.br\/ribeiraopreto-regiao\/sp\/2026\/09\/02\/comissao-do-congresso-aprova-mp-que-isenta-taxa-sobre-compras-internacionais#respond"]}]},{"@type":"WebPage","@id":"https:\/\/redenoticiaz.com.br\/ribeiraopreto-regiao\/sp\/2026\/09\/02\/comissao-do-congresso-aprova-mp-que-isenta-taxa-sobre-compras-internacionais","url":"https:\/\/redenoticiaz.com.br\/ribeiraopreto-regiao\/sp\/2026\/09\/02\/comissao-do-congresso-aprova-mp-que-isenta-taxa-sobre-compras-internacionais","name":"Comiss\u00e3o do Congresso aprova MP que isenta taxa sobre compras internacionais - Ribeir\u00e3o Preto e Regi\u00e3o","isPartOf":{"@id":"https:\/\/redenoticiaz.com.br\/ribeiraopreto-regiao\/#website"},"primaryImageOfPage":{"@id":"https:\/\/redenoticiaz.com.br\/ribeiraopreto-regiao\/sp\/2026\/09\/02\/comissao-do-congresso-aprova-mp-que-isenta-taxa-sobre-compras-internacionais#primaryimage"},"image":{"@id":"https:\/\/redenoticiaz.com.br\/ribeiraopreto-regiao\/sp\/2026\/09\/02\/comissao-do-congresso-aprova-mp-que-isenta-taxa-sobre-compras-internacionais#primaryimage"},"thumbnailUrl":"https:\/\/redenoticiaz.com.br\/ribeiraopreto-regiao\/wp-content\/uploads\/sites\/4\/2026\/09\/55504235024_b14889fcbb_6k.jpg","datePublished":"2026-09-02T18:46:07+00:00","inLanguage":"pt-BR","potentialAction":[{"@type":"ReadAction","target":["https:\/\/redenoticiaz.com.br\/ribeiraopreto-regiao\/sp\/2026\/09\/02\/comissao-do-congresso-aprova-mp-que-isenta-taxa-sobre-compras-internacionais"]}]},{"@type":"ImageObject","inLanguage":"pt-BR","@id":"https:\/\/redenoticiaz.com.br\/ribeiraopreto-regiao\/sp\/2026\/09\/02\/comissao-do-congresso-aprova-mp-que-isenta-taxa-sobre-compras-internacionais#primaryimage","url":"https:\/\/redenoticiaz.com.br\/ribeiraopreto-regiao\/wp-content\/uploads\/sites\/4\/2026\/09\/55504235024_b14889fcbb_6k.jpg","contentUrl":"https:\/\/redenoticiaz.com.br\/ribeiraopreto-regiao\/wp-content\/uploads\/sites\/4\/2026\/09\/55504235024_b14889fcbb_6k.jpg","width":1600,"height":800},{"@type":"WebSite","@id":"https:\/\/redenoticiaz.com.br\/ribeiraopreto-regiao\/#website","url":"https:\/\/redenoticiaz.com.br\/ribeiraopreto-regiao\/","name":"Ribeir\u00e3o Preto e Regi\u00e3o","description":"Rede NoticiaZ - Ribeir\u00e3o Preto e regi\u00e3o","publisher":{"@id":"https:\/\/redenoticiaz.com.br\/ribeiraopreto-regiao\/#organization"},"potentialAction":[{"@type":"SearchAction","target":{"@type":"EntryPoint","urlTemplate":"https:\/\/redenoticiaz.com.br\/ribeiraopreto-regiao\/?s={search_term_string}"},"query-input":{"@type":"PropertyValueSpecification","valueRequired":true,"valueName":"search_term_string"}}],"inLanguage":"pt-BR"},{"@type":"Organization","@id":"https:\/\/redenoticiaz.com.br\/ribeiraopreto-regiao\/#organization","name":"Ribeir\u00e3o Preto e Regi\u00e3o","url":"https:\/\/redenoticiaz.com.br\/ribeiraopreto-regiao\/","logo":{"@type":"ImageObject","inLanguage":"pt-BR","@id":"https:\/\/redenoticiaz.com.br\/ribeiraopreto-regiao\/#\/schema\/logo\/image\/","url":"https:\/\/redenoticiaz.com.br\/barretos-regiao\/wp-content\/uploads\/sites\/4\/2022\/02\/logo.jpg","contentUrl":"https:\/\/redenoticiaz.com.br\/barretos-regiao\/wp-content\/uploads\/sites\/4\/2022\/02\/logo.jpg","width":400,"height":250,"caption":"Ribeir\u00e3o Preto e Regi\u00e3o"},"image":{"@id":"https:\/\/redenoticiaz.com.br\/ribeiraopreto-regiao\/#\/schema\/logo\/image\/"},"sameAs":["https:\/\/m.facebook.com\/redenoticiaz.barretos","https:\/\/x.com\/RN_barretos","https:\/\/www.instagram.com\/redenoticiaz.barretos\/?igshid=YmMyMTA2M2Y","https:\/\/www.linkedin.com\/company\/rede-noticiaz-barretos-e-regio\/"]},{"@type":"Person","@id":"https:\/\/redenoticiaz.com.br\/ribeiraopreto-regiao\/#\/schema\/person\/e1b0bd8c2637e2c1b6ddcbc2c33b116f","name":"Patr\u00edcia Prado","image":{"@type":"ImageObject","inLanguage":"pt-BR","@id":"https:\/\/secure.gravatar.com\/avatar\/92e358bef22cfcec15e054ae4d9fee04dadf0c772dc4a17b382b8a34a15354c2?s=96&d=mm&r=g","url":"https:\/\/secure.gravatar.com\/avatar\/92e358bef22cfcec15e054ae4d9fee04dadf0c772dc4a17b382b8a34a15354c2?s=96&d=mm&r=g","contentUrl":"https:\/\/secure.gravatar.com\/avatar\/92e358bef22cfcec15e054ae4d9fee04dadf0c772dc4a17b382b8a34a15354c2?s=96&d=mm&r=g","caption":"Patr\u00edcia Prado"},"url":"https:\/\/redenoticiaz.com.br\/ribeiraopreto-regiao\/sp\/author\/patricia-prado"}]}},"_links":{"self":[{"href":"https:\/\/redenoticiaz.com.br\/ribeiraopreto-regiao\/wp-json\/wp\/v2\/posts\/123121","targetHints":{"allow":["GET"]}}],"collection":[{"href":"https:\/\/redenoticiaz.com.br\/ribeiraopreto-regiao\/wp-json\/wp\/v2\/posts"}],"about":[{"href":"https:\/\/redenoticiaz.com.br\/ribeiraopreto-regiao\/wp-json\/wp\/v2\/types\/post"}],"author":[{"embeddable":true,"href":"https:\/\/redenoticiaz.com.br\/ribeiraopreto-regiao\/wp-json\/wp\/v2\/users\/5"}],"replies":[{"embeddable":true,"href":"https:\/\/redenoticiaz.com.br\/ribeiraopreto-regiao\/wp-json\/wp\/v2\/comments?post=123121"}],"version-history":[{"count":0,"href":"https:\/\/redenoticiaz.com.br\/ribeiraopreto-regiao\/wp-json\/wp\/v2\/posts\/123121\/revisions"}],"wp:featuredmedia":[{"embeddable":true,"href":"https:\/\/redenoticiaz.com.br\/ribeiraopreto-regiao\/wp-json\/wp\/v2\/media\/123122"}],"wp:attachment":[{"href":"https:\/\/redenoticiaz.com.br\/ribeiraopreto-regiao\/wp-json\/wp\/v2\/media?parent=123121"}],"wp:term":[{"taxonomy":"category","embeddable":true,"href":"https:\/\/redenoticiaz.com.br\/ribeiraopreto-regiao\/wp-json\/wp\/v2\/categories?post=123121"},{"taxonomy":"post_tag","embeddable":true,"href":"https:\/\/redenoticiaz.com.br\/ribeiraopreto-regiao\/wp-json\/wp\/v2\/tags?post=123121"}],"curies":[{"name":"wp","href":"https:\/\/api.w.org\/{rel}","templated":true}]}}