{"id":123125,"date":"2026-09-02T16:17:11","date_gmt":"2026-09-02T19:17:11","guid":{"rendered":"https:\/\/redenoticiaz.com.br\/ribeiraopreto-regiao\/sp\/2026\/09\/02\/cresce-numero-de-leitores-digitais-no-brasil-com-uso-de-celulares"},"modified":"2026-09-02T16:17:11","modified_gmt":"2026-09-02T19:17:11","slug":"cresce-numero-de-leitores-digitais-no-brasil-com-uso-de-celulares","status":"publish","type":"post","link":"https:\/\/redenoticiaz.com.br\/ribeiraopreto-regiao\/sp\/2026\/09\/02\/cresce-numero-de-leitores-digitais-no-brasil-com-uso-de-celulares","title":{"rendered":"Cresce n\u00famero de leitores digitais no Brasil com uso de celulares"},"content":{"rendered":"<p>O Brasil conta com aproximadamente 94 milh\u00f5es de leitores digitais, que, nos \u00faltimos 12 meses, utilizaram dispositivos eletr\u00f4nicos como celulares, notebooks e e-readers para consumir uma variedade de conte\u00fados, entre eles not\u00edcias, livros, audiolivros, PDFs e quadrinhos. Os dados s\u00e3o de uma pesquisa realizada pela Nielsen BookData, que tra\u00e7a o perfil e os h\u00e1bitos dos leitores digitais no pa\u00eds.<\/p>\n<p>O levantamento, intitulado <em>Perfil e H\u00e1bito do Leitor Digital Brasileiro<\/em>, identificou que o segmento abrange diversas faixas et\u00e1rias e ocupacionais, como \u00e9 o caso de Maria das Neves de Ara\u00fajo Alves, uma t\u00e9cnica de enfermagem de 60 anos que reside em Valpara\u00edso de Goi\u00e1s e trabalha em Bras\u00edlia. Nevinha, como \u00e9 conhecida, passa cerca de tr\u00eas horas di\u00e1rias em deslocamento e dedica parte desse tempo \u00e0 leitura de romances e livros de a\u00e7\u00e3o.<\/p>\n<blockquote>\n<p>\u201cPrefiro ler no telefone porque ele est\u00e1 sempre comigo e posso ler no \u00f4nibus, no posto de sa\u00fade, em quase todo lugar\u201d, afirmou Nevinha \u00e0 <strong>Ag\u00eancia Brasil<\/strong>.<\/p>\n<\/blockquote>\n<p>A leitora mant\u00e9m o h\u00e1bito de ler h\u00e1 pelo menos quatro anos e j\u00e1 n\u00e3o consegue contabilizar quantos livros leu. \u201cTermino um livro e come\u00e7o outro. Sou p\u00e9ssima em guardar nomes, ent\u00e3o n\u00e3o consigo citar nenhum espec\u00edfico, mas escolho romances e a\u00e7\u00f5es que me atraem por seus resumos\u201d, disse.<\/p>\n<p>Na escolha da plataforma de leitura, Nevinha priorizou a facilidade de acesso, evitando downloads para economizar dados m\u00f3veis e espa\u00e7o no celular. \u201cCarregar um livro f\u00edsico \u00e9 um peso extra na bolsa, e eu teria que compr\u00e1-lo ou ir a uma biblioteca, o que n\u00e3o \u00e9 f\u00e1cil na minha regi\u00e3o\u201d, refletiu.<\/p>\n<p>A pesquisa divulgada nesta quarta-feira (2) revela que, entre os conte\u00fados digitais mais consumidos pelos leitores nos 12 meses anteriores ao estudo, destacam-se not\u00edcias e livros digitais, seguidos por artigos em blogs e audiolivros. Os entrevistados pertencem majoritariamente \u00e0s classes C (46%), D e E (18%), enquanto 29% pertencem \u00e0 classe B e 7% \u00e0 classe A.<\/p>\n<p>Sobre os dispositivos utilizados, 72% dos que leem livros ou ouvem audiolivros usam o celular como principal meio de acesso. A maioria dos leitores digitais \u00e9 composta por jovens adultos entre 18 e 44 anos, com uma predomin\u00e2ncia de 56% de mulheres. A pesquisa tamb\u00e9m aponta uma diversidade \u00e9tnica entre os leitores, com 50% se declarando brancos, 37% pardos e 11% pretos.<\/p>\n<p>Facilidade de acesso \u00e9 um fator determinante, com 61% dos leitores optando pela vers\u00e3o digital. Al\u00e9m disso, 48,8% admitiram ter acessado livros ou audiolivros gratuitamente por meios n\u00e3o oficiais, enquanto 46,4% utilizaram plataformas institucionais, como o MEC Livros, do Minist\u00e9rio da Educa\u00e7\u00e3o. Mais da metade dos entrevistados acredita que a digitaliza\u00e7\u00e3o da leitura aumentou significativamente seu h\u00e1bito de leitura.<\/p>\n<p>Rodrigo Meinberg, CEO da plataforma de leitura digital Skeelo, destaca que a tecnologia n\u00e3o compete com os livros f\u00edsicos, mas sim os complementa. Ele observa que as redes sociais t\u00eam desempenhado um papel vital na promo\u00e7\u00e3o da leitura ao facilitar a descoberta de novos autores. \u201cO livro est\u00e1 presente nos telefones celulares de quase todos os brasileiros\u201d, afirmou, ressaltando a import\u00e2ncia do acesso digital em \u00e1reas onde as livrarias s\u00e3o limitadas.<\/p>\n<p>Rafael Lunes, presidente do Instituto para a Democratiza\u00e7\u00e3o da Leitura Digital, argumentou que a tecnologia \u00e9 um canal para romper as barreiras de exclus\u00e3o e permitir que a cultura e a educa\u00e7\u00e3o alcancem mais brasileiros. Apesar dos avan\u00e7os na alfabetiza\u00e7\u00e3o, ele apontou a necessidade de formar leitores habituais e promover o acesso a uma variedade de bons livros.<\/p>\n<p>As conclus\u00f5es da pesquisa indicam que, apenas no \u00faltimo ano, 47 milh\u00f5es de brasileiros tiveram contato com livros digitais ou audiolivros, destacando a oportunidade que a tecnologia apresenta para democratizar o acesso \u00e0 leitura no Brasil.<\/p>\n","protected":false},"excerpt":{"rendered":"<p>O Brasil conta com aproximadamente 94 milh\u00f5es de leitores digitais, que, nos \u00faltimos 12 meses, utilizaram dispositivos eletr\u00f4nicos como celulares, notebooks e e-readers para consumir uma variedade de conte\u00fados, entre eles not\u00edcias, livros, audiolivros, PDFs e quadrinhos. Os dados s\u00e3o de uma pesquisa realizada pela Nielsen BookData, que tra\u00e7a o perfil e os h\u00e1bitos dos &hellip;<\/p>\n","protected":false},"author":5,"featured_media":123126,"comment_status":"open","ping_status":"closed","sticky":false,"template":"","format":"standard","meta":{"footnotes":""},"categories":[469,820,129,1561,2921],"tags":[],"class_list":["post-123125","post","type-post","status-publish","format-standard","has-post-thumbnail","hentry","category-cultura","category-educacao","category-saude","category-tecnologia","category-transportes"],"yoast_head":"<!-- This site is optimized with the Yoast SEO plugin v28.4 - https:\/\/yoast.com\/product\/yoast-seo-wordpress\/ -->\n<title>Cresce n\u00famero de leitores digitais no Brasil com uso de celulares - Ribeir\u00e3o Preto e Regi\u00e3o<\/title>\n<meta name=\"robots\" content=\"index, follow, max-snippet:-1, max-image-preview:large, max-video-preview:-1\" \/>\n<link rel=\"canonical\" href=\"https:\/\/redenoticiaz.com.br\/ribeiraopreto-regiao\/sp\/2026\/09\/02\/cresce-numero-de-leitores-digitais-no-brasil-com-uso-de-celulares\" \/>\n<meta property=\"og:locale\" content=\"pt_BR\" \/>\n<meta property=\"og:type\" content=\"article\" \/>\n<meta property=\"og:title\" content=\"Cresce n\u00famero de leitores digitais no Brasil com uso de celulares - Ribeir\u00e3o Preto e Regi\u00e3o\" \/>\n<meta property=\"og:description\" content=\"O Brasil conta com aproximadamente 94 milh\u00f5es de leitores digitais, que, nos \u00faltimos 12 meses, utilizaram dispositivos eletr\u00f4nicos como celulares, notebooks e e-readers para consumir uma variedade de conte\u00fados, entre eles not\u00edcias, livros, audiolivros, PDFs e quadrinhos. Os dados s\u00e3o de uma pesquisa realizada pela Nielsen BookData, que tra\u00e7a o perfil e os h\u00e1bitos dos &hellip;\" \/>\n<meta property=\"og:url\" content=\"https:\/\/redenoticiaz.com.br\/ribeiraopreto-regiao\/sp\/2026\/09\/02\/cresce-numero-de-leitores-digitais-no-brasil-com-uso-de-celulares\" \/>\n<meta property=\"og:site_name\" content=\"Ribeir\u00e3o Preto e Regi\u00e3o\" \/>\n<meta property=\"article:publisher\" content=\"https:\/\/m.facebook.com\/redenoticiaz.barretos\" \/>\n<meta property=\"article:published_time\" content=\"2026-09-02T19:17:11+00:00\" \/>\n<meta property=\"og:image\" content=\"https:\/\/redenoticiaz.com.br\/ribeiraopreto-regiao\/wp-content\/uploads\/sites\/4\/2022\/02\/logo.jpg\" \/>\n\t<meta property=\"og:image:width\" content=\"400\" \/>\n\t<meta property=\"og:image:height\" content=\"250\" \/>\n\t<meta property=\"og:image:type\" content=\"image\/jpeg\" \/>\n<meta name=\"author\" content=\"Patr\u00edcia Prado\" \/>\n<meta name=\"twitter:card\" content=\"summary_large_image\" \/>\n<meta name=\"twitter:creator\" content=\"@RN_barretos\" \/>\n<meta name=\"twitter:site\" content=\"@RN_barretos\" \/>\n<meta name=\"twitter:label1\" content=\"Escrito por\" \/>\n\t<meta name=\"twitter:data1\" content=\"Patr\u00edcia Prado\" \/>\n\t<meta name=\"twitter:label2\" content=\"Est. tempo de leitura\" \/>\n\t<meta name=\"twitter:data2\" content=\"3 minutos\" \/>\n<script type=\"application\/ld+json\" class=\"yoast-schema-graph\">{\"@context\":\"https:\\\/\\\/schema.org\",\"@graph\":[{\"@type\":\"Article\",\"@id\":\"https:\\\/\\\/redenoticiaz.com.br\\\/ribeiraopreto-regiao\\\/sp\\\/2026\\\/09\\\/02\\\/cresce-numero-de-leitores-digitais-no-brasil-com-uso-de-celulares#article\",\"isPartOf\":{\"@id\":\"https:\\\/\\\/redenoticiaz.com.br\\\/ribeiraopreto-regiao\\\/sp\\\/2026\\\/09\\\/02\\\/cresce-numero-de-leitores-digitais-no-brasil-com-uso-de-celulares\"},\"author\":{\"name\":\"Patr\u00edcia Prado\",\"@id\":\"https:\\\/\\\/redenoticiaz.com.br\\\/ribeiraopreto-regiao\\\/#\\\/schema\\\/person\\\/e1b0bd8c2637e2c1b6ddcbc2c33b116f\"},\"headline\":\"Cresce n\u00famero de leitores digitais no Brasil com uso de celulares\",\"datePublished\":\"2026-09-02T19:17:11+00:00\",\"mainEntityOfPage\":{\"@id\":\"https:\\\/\\\/redenoticiaz.com.br\\\/ribeiraopreto-regiao\\\/sp\\\/2026\\\/09\\\/02\\\/cresce-numero-de-leitores-digitais-no-brasil-com-uso-de-celulares\"},\"wordCount\":642,\"commentCount\":0,\"publisher\":{\"@id\":\"https:\\\/\\\/redenoticiaz.com.br\\\/ribeiraopreto-regiao\\\/#organization\"},\"image\":{\"@id\":\"https:\\\/\\\/redenoticiaz.com.br\\\/ribeiraopreto-regiao\\\/sp\\\/2026\\\/09\\\/02\\\/cresce-numero-de-leitores-digitais-no-brasil-com-uso-de-celulares#primaryimage\"},\"thumbnailUrl\":\"https:\\\/\\\/redenoticiaz.com.br\\\/ribeiraopreto-regiao\\\/wp-content\\\/uploads\\\/sites\\\/4\\\/2026\\\/09\\\/pzzb5438.jpg\",\"articleSection\":[\"Cultura\",\"Educa\u00e7\u00e3o\",\"Sa\u00fade\",\"Tecnologia\",\"Transportes\"],\"inLanguage\":\"pt-BR\",\"potentialAction\":[{\"@type\":\"CommentAction\",\"name\":\"Comment\",\"target\":[\"https:\\\/\\\/redenoticiaz.com.br\\\/ribeiraopreto-regiao\\\/sp\\\/2026\\\/09\\\/02\\\/cresce-numero-de-leitores-digitais-no-brasil-com-uso-de-celulares#respond\"]}]},{\"@type\":\"WebPage\",\"@id\":\"https:\\\/\\\/redenoticiaz.com.br\\\/ribeiraopreto-regiao\\\/sp\\\/2026\\\/09\\\/02\\\/cresce-numero-de-leitores-digitais-no-brasil-com-uso-de-celulares\",\"url\":\"https:\\\/\\\/redenoticiaz.com.br\\\/ribeiraopreto-regiao\\\/sp\\\/2026\\\/09\\\/02\\\/cresce-numero-de-leitores-digitais-no-brasil-com-uso-de-celulares\",\"name\":\"Cresce n\u00famero de leitores digitais no Brasil com uso de celulares - Ribeir\u00e3o Preto e Regi\u00e3o\",\"isPartOf\":{\"@id\":\"https:\\\/\\\/redenoticiaz.com.br\\\/ribeiraopreto-regiao\\\/#website\"},\"primaryImageOfPage\":{\"@id\":\"https:\\\/\\\/redenoticiaz.com.br\\\/ribeiraopreto-regiao\\\/sp\\\/2026\\\/09\\\/02\\\/cresce-numero-de-leitores-digitais-no-brasil-com-uso-de-celulares#primaryimage\"},\"image\":{\"@id\":\"https:\\\/\\\/redenoticiaz.com.br\\\/ribeiraopreto-regiao\\\/sp\\\/2026\\\/09\\\/02\\\/cresce-numero-de-leitores-digitais-no-brasil-com-uso-de-celulares#primaryimage\"},\"thumbnailUrl\":\"https:\\\/\\\/redenoticiaz.com.br\\\/ribeiraopreto-regiao\\\/wp-content\\\/uploads\\\/sites\\\/4\\\/2026\\\/09\\\/pzzb5438.jpg\",\"datePublished\":\"2026-09-02T19:17:11+00:00\",\"inLanguage\":\"pt-BR\",\"potentialAction\":[{\"@type\":\"ReadAction\",\"target\":[\"https:\\\/\\\/redenoticiaz.com.br\\\/ribeiraopreto-regiao\\\/sp\\\/2026\\\/09\\\/02\\\/cresce-numero-de-leitores-digitais-no-brasil-com-uso-de-celulares\"]}]},{\"@type\":\"ImageObject\",\"inLanguage\":\"pt-BR\",\"@id\":\"https:\\\/\\\/redenoticiaz.com.br\\\/ribeiraopreto-regiao\\\/sp\\\/2026\\\/09\\\/02\\\/cresce-numero-de-leitores-digitais-no-brasil-com-uso-de-celulares#primaryimage\",\"url\":\"https:\\\/\\\/redenoticiaz.com.br\\\/ribeiraopreto-regiao\\\/wp-content\\\/uploads\\\/sites\\\/4\\\/2026\\\/09\\\/pzzb5438.jpg\",\"contentUrl\":\"https:\\\/\\\/redenoticiaz.com.br\\\/ribeiraopreto-regiao\\\/wp-content\\\/uploads\\\/sites\\\/4\\\/2026\\\/09\\\/pzzb5438.jpg\",\"width\":1600,\"height\":800},{\"@type\":\"WebSite\",\"@id\":\"https:\\\/\\\/redenoticiaz.com.br\\\/ribeiraopreto-regiao\\\/#website\",\"url\":\"https:\\\/\\\/redenoticiaz.com.br\\\/ribeiraopreto-regiao\\\/\",\"name\":\"Ribeir\u00e3o Preto e Regi\u00e3o\",\"description\":\"Rede NoticiaZ - Ribeir\u00e3o Preto e regi\u00e3o\",\"publisher\":{\"@id\":\"https:\\\/\\\/redenoticiaz.com.br\\\/ribeiraopreto-regiao\\\/#organization\"},\"potentialAction\":[{\"@type\":\"SearchAction\",\"target\":{\"@type\":\"EntryPoint\",\"urlTemplate\":\"https:\\\/\\\/redenoticiaz.com.br\\\/ribeiraopreto-regiao\\\/?s={search_term_string}\"},\"query-input\":{\"@type\":\"PropertyValueSpecification\",\"valueRequired\":true,\"valueName\":\"search_term_string\"}}],\"inLanguage\":\"pt-BR\"},{\"@type\":\"Organization\",\"@id\":\"https:\\\/\\\/redenoticiaz.com.br\\\/ribeiraopreto-regiao\\\/#organization\",\"name\":\"Ribeir\u00e3o Preto e Regi\u00e3o\",\"url\":\"https:\\\/\\\/redenoticiaz.com.br\\\/ribeiraopreto-regiao\\\/\",\"logo\":{\"@type\":\"ImageObject\",\"inLanguage\":\"pt-BR\",\"@id\":\"https:\\\/\\\/redenoticiaz.com.br\\\/ribeiraopreto-regiao\\\/#\\\/schema\\\/logo\\\/image\\\/\",\"url\":\"https:\\\/\\\/redenoticiaz.com.br\\\/barretos-regiao\\\/wp-content\\\/uploads\\\/sites\\\/4\\\/2022\\\/02\\\/logo.jpg\",\"contentUrl\":\"https:\\\/\\\/redenoticiaz.com.br\\\/barretos-regiao\\\/wp-content\\\/uploads\\\/sites\\\/4\\\/2022\\\/02\\\/logo.jpg\",\"width\":400,\"height\":250,\"caption\":\"Ribeir\u00e3o Preto e Regi\u00e3o\"},\"image\":{\"@id\":\"https:\\\/\\\/redenoticiaz.com.br\\\/ribeiraopreto-regiao\\\/#\\\/schema\\\/logo\\\/image\\\/\"},\"sameAs\":[\"https:\\\/\\\/m.facebook.com\\\/redenoticiaz.barretos\",\"https:\\\/\\\/x.com\\\/RN_barretos\",\"https:\\\/\\\/www.instagram.com\\\/redenoticiaz.barretos\\\/?igshid=YmMyMTA2M2Y\",\"https:\\\/\\\/www.linkedin.com\\\/company\\\/rede-noticiaz-barretos-e-regio\\\/\"]},{\"@type\":\"Person\",\"@id\":\"https:\\\/\\\/redenoticiaz.com.br\\\/ribeiraopreto-regiao\\\/#\\\/schema\\\/person\\\/e1b0bd8c2637e2c1b6ddcbc2c33b116f\",\"name\":\"Patr\u00edcia Prado\",\"image\":{\"@type\":\"ImageObject\",\"inLanguage\":\"pt-BR\",\"@id\":\"https:\\\/\\\/secure.gravatar.com\\\/avatar\\\/92e358bef22cfcec15e054ae4d9fee04dadf0c772dc4a17b382b8a34a15354c2?s=96&d=mm&r=g\",\"url\":\"https:\\\/\\\/secure.gravatar.com\\\/avatar\\\/92e358bef22cfcec15e054ae4d9fee04dadf0c772dc4a17b382b8a34a15354c2?s=96&d=mm&r=g\",\"contentUrl\":\"https:\\\/\\\/secure.gravatar.com\\\/avatar\\\/92e358bef22cfcec15e054ae4d9fee04dadf0c772dc4a17b382b8a34a15354c2?s=96&d=mm&r=g\",\"caption\":\"Patr\u00edcia Prado\"},\"url\":\"https:\\\/\\\/redenoticiaz.com.br\\\/ribeiraopreto-regiao\\\/sp\\\/author\\\/patricia-prado\"}]}<\/script>\n<!-- \/ Yoast SEO plugin. -->","yoast_head_json":{"title":"Cresce n\u00famero de leitores digitais no Brasil com uso de celulares - Ribeir\u00e3o Preto e Regi\u00e3o","robots":{"index":"index","follow":"follow","max-snippet":"max-snippet:-1","max-image-preview":"max-image-preview:large","max-video-preview":"max-video-preview:-1"},"canonical":"https:\/\/redenoticiaz.com.br\/ribeiraopreto-regiao\/sp\/2026\/09\/02\/cresce-numero-de-leitores-digitais-no-brasil-com-uso-de-celulares","og_locale":"pt_BR","og_type":"article","og_title":"Cresce n\u00famero de leitores digitais no Brasil com uso de celulares - Ribeir\u00e3o Preto e Regi\u00e3o","og_description":"O Brasil conta com aproximadamente 94 milh\u00f5es de leitores digitais, que, nos \u00faltimos 12 meses, utilizaram dispositivos eletr\u00f4nicos como celulares, notebooks e e-readers para consumir uma variedade de conte\u00fados, entre eles not\u00edcias, livros, audiolivros, PDFs e quadrinhos. Os dados s\u00e3o de uma pesquisa realizada pela Nielsen BookData, que tra\u00e7a o perfil e os h\u00e1bitos dos &hellip;","og_url":"https:\/\/redenoticiaz.com.br\/ribeiraopreto-regiao\/sp\/2026\/09\/02\/cresce-numero-de-leitores-digitais-no-brasil-com-uso-de-celulares","og_site_name":"Ribeir\u00e3o Preto e Regi\u00e3o","article_publisher":"https:\/\/m.facebook.com\/redenoticiaz.barretos","article_published_time":"2026-09-02T19:17:11+00:00","og_image":[{"width":400,"height":250,"url":"https:\/\/redenoticiaz.com.br\/ribeiraopreto-regiao\/wp-content\/uploads\/sites\/4\/2022\/02\/logo.jpg","type":"image\/jpeg"}],"author":"Patr\u00edcia Prado","twitter_card":"summary_large_image","twitter_creator":"@RN_barretos","twitter_site":"@RN_barretos","twitter_misc":{"Escrito por":"Patr\u00edcia Prado","Est. tempo de leitura":"3 minutos"},"schema":{"@context":"https:\/\/schema.org","@graph":[{"@type":"Article","@id":"https:\/\/redenoticiaz.com.br\/ribeiraopreto-regiao\/sp\/2026\/09\/02\/cresce-numero-de-leitores-digitais-no-brasil-com-uso-de-celulares#article","isPartOf":{"@id":"https:\/\/redenoticiaz.com.br\/ribeiraopreto-regiao\/sp\/2026\/09\/02\/cresce-numero-de-leitores-digitais-no-brasil-com-uso-de-celulares"},"author":{"name":"Patr\u00edcia Prado","@id":"https:\/\/redenoticiaz.com.br\/ribeiraopreto-regiao\/#\/schema\/person\/e1b0bd8c2637e2c1b6ddcbc2c33b116f"},"headline":"Cresce n\u00famero de leitores digitais no Brasil com uso de celulares","datePublished":"2026-09-02T19:17:11+00:00","mainEntityOfPage":{"@id":"https:\/\/redenoticiaz.com.br\/ribeiraopreto-regiao\/sp\/2026\/09\/02\/cresce-numero-de-leitores-digitais-no-brasil-com-uso-de-celulares"},"wordCount":642,"commentCount":0,"publisher":{"@id":"https:\/\/redenoticiaz.com.br\/ribeiraopreto-regiao\/#organization"},"image":{"@id":"https:\/\/redenoticiaz.com.br\/ribeiraopreto-regiao\/sp\/2026\/09\/02\/cresce-numero-de-leitores-digitais-no-brasil-com-uso-de-celulares#primaryimage"},"thumbnailUrl":"https:\/\/redenoticiaz.com.br\/ribeiraopreto-regiao\/wp-content\/uploads\/sites\/4\/2026\/09\/pzzb5438.jpg","articleSection":["Cultura","Educa\u00e7\u00e3o","Sa\u00fade","Tecnologia","Transportes"],"inLanguage":"pt-BR","potentialAction":[{"@type":"CommentAction","name":"Comment","target":["https:\/\/redenoticiaz.com.br\/ribeiraopreto-regiao\/sp\/2026\/09\/02\/cresce-numero-de-leitores-digitais-no-brasil-com-uso-de-celulares#respond"]}]},{"@type":"WebPage","@id":"https:\/\/redenoticiaz.com.br\/ribeiraopreto-regiao\/sp\/2026\/09\/02\/cresce-numero-de-leitores-digitais-no-brasil-com-uso-de-celulares","url":"https:\/\/redenoticiaz.com.br\/ribeiraopreto-regiao\/sp\/2026\/09\/02\/cresce-numero-de-leitores-digitais-no-brasil-com-uso-de-celulares","name":"Cresce n\u00famero de leitores digitais no Brasil com uso de celulares - Ribeir\u00e3o Preto e Regi\u00e3o","isPartOf":{"@id":"https:\/\/redenoticiaz.com.br\/ribeiraopreto-regiao\/#website"},"primaryImageOfPage":{"@id":"https:\/\/redenoticiaz.com.br\/ribeiraopreto-regiao\/sp\/2026\/09\/02\/cresce-numero-de-leitores-digitais-no-brasil-com-uso-de-celulares#primaryimage"},"image":{"@id":"https:\/\/redenoticiaz.com.br\/ribeiraopreto-regiao\/sp\/2026\/09\/02\/cresce-numero-de-leitores-digitais-no-brasil-com-uso-de-celulares#primaryimage"},"thumbnailUrl":"https:\/\/redenoticiaz.com.br\/ribeiraopreto-regiao\/wp-content\/uploads\/sites\/4\/2026\/09\/pzzb5438.jpg","datePublished":"2026-09-02T19:17:11+00:00","inLanguage":"pt-BR","potentialAction":[{"@type":"ReadAction","target":["https:\/\/redenoticiaz.com.br\/ribeiraopreto-regiao\/sp\/2026\/09\/02\/cresce-numero-de-leitores-digitais-no-brasil-com-uso-de-celulares"]}]},{"@type":"ImageObject","inLanguage":"pt-BR","@id":"https:\/\/redenoticiaz.com.br\/ribeiraopreto-regiao\/sp\/2026\/09\/02\/cresce-numero-de-leitores-digitais-no-brasil-com-uso-de-celulares#primaryimage","url":"https:\/\/redenoticiaz.com.br\/ribeiraopreto-regiao\/wp-content\/uploads\/sites\/4\/2026\/09\/pzzb5438.jpg","contentUrl":"https:\/\/redenoticiaz.com.br\/ribeiraopreto-regiao\/wp-content\/uploads\/sites\/4\/2026\/09\/pzzb5438.jpg","width":1600,"height":800},{"@type":"WebSite","@id":"https:\/\/redenoticiaz.com.br\/ribeiraopreto-regiao\/#website","url":"https:\/\/redenoticiaz.com.br\/ribeiraopreto-regiao\/","name":"Ribeir\u00e3o Preto e Regi\u00e3o","description":"Rede NoticiaZ - Ribeir\u00e3o Preto e regi\u00e3o","publisher":{"@id":"https:\/\/redenoticiaz.com.br\/ribeiraopreto-regiao\/#organization"},"potentialAction":[{"@type":"SearchAction","target":{"@type":"EntryPoint","urlTemplate":"https:\/\/redenoticiaz.com.br\/ribeiraopreto-regiao\/?s={search_term_string}"},"query-input":{"@type":"PropertyValueSpecification","valueRequired":true,"valueName":"search_term_string"}}],"inLanguage":"pt-BR"},{"@type":"Organization","@id":"https:\/\/redenoticiaz.com.br\/ribeiraopreto-regiao\/#organization","name":"Ribeir\u00e3o Preto e Regi\u00e3o","url":"https:\/\/redenoticiaz.com.br\/ribeiraopreto-regiao\/","logo":{"@type":"ImageObject","inLanguage":"pt-BR","@id":"https:\/\/redenoticiaz.com.br\/ribeiraopreto-regiao\/#\/schema\/logo\/image\/","url":"https:\/\/redenoticiaz.com.br\/barretos-regiao\/wp-content\/uploads\/sites\/4\/2022\/02\/logo.jpg","contentUrl":"https:\/\/redenoticiaz.com.br\/barretos-regiao\/wp-content\/uploads\/sites\/4\/2022\/02\/logo.jpg","width":400,"height":250,"caption":"Ribeir\u00e3o Preto e Regi\u00e3o"},"image":{"@id":"https:\/\/redenoticiaz.com.br\/ribeiraopreto-regiao\/#\/schema\/logo\/image\/"},"sameAs":["https:\/\/m.facebook.com\/redenoticiaz.barretos","https:\/\/x.com\/RN_barretos","https:\/\/www.instagram.com\/redenoticiaz.barretos\/?igshid=YmMyMTA2M2Y","https:\/\/www.linkedin.com\/company\/rede-noticiaz-barretos-e-regio\/"]},{"@type":"Person","@id":"https:\/\/redenoticiaz.com.br\/ribeiraopreto-regiao\/#\/schema\/person\/e1b0bd8c2637e2c1b6ddcbc2c33b116f","name":"Patr\u00edcia Prado","image":{"@type":"ImageObject","inLanguage":"pt-BR","@id":"https:\/\/secure.gravatar.com\/avatar\/92e358bef22cfcec15e054ae4d9fee04dadf0c772dc4a17b382b8a34a15354c2?s=96&d=mm&r=g","url":"https:\/\/secure.gravatar.com\/avatar\/92e358bef22cfcec15e054ae4d9fee04dadf0c772dc4a17b382b8a34a15354c2?s=96&d=mm&r=g","contentUrl":"https:\/\/secure.gravatar.com\/avatar\/92e358bef22cfcec15e054ae4d9fee04dadf0c772dc4a17b382b8a34a15354c2?s=96&d=mm&r=g","caption":"Patr\u00edcia Prado"},"url":"https:\/\/redenoticiaz.com.br\/ribeiraopreto-regiao\/sp\/author\/patricia-prado"}]}},"_links":{"self":[{"href":"https:\/\/redenoticiaz.com.br\/ribeiraopreto-regiao\/wp-json\/wp\/v2\/posts\/123125","targetHints":{"allow":["GET"]}}],"collection":[{"href":"https:\/\/redenoticiaz.com.br\/ribeiraopreto-regiao\/wp-json\/wp\/v2\/posts"}],"about":[{"href":"https:\/\/redenoticiaz.com.br\/ribeiraopreto-regiao\/wp-json\/wp\/v2\/types\/post"}],"author":[{"embeddable":true,"href":"https:\/\/redenoticiaz.com.br\/ribeiraopreto-regiao\/wp-json\/wp\/v2\/users\/5"}],"replies":[{"embeddable":true,"href":"https:\/\/redenoticiaz.com.br\/ribeiraopreto-regiao\/wp-json\/wp\/v2\/comments?post=123125"}],"version-history":[{"count":0,"href":"https:\/\/redenoticiaz.com.br\/ribeiraopreto-regiao\/wp-json\/wp\/v2\/posts\/123125\/revisions"}],"wp:featuredmedia":[{"embeddable":true,"href":"https:\/\/redenoticiaz.com.br\/ribeiraopreto-regiao\/wp-json\/wp\/v2\/media\/123126"}],"wp:attachment":[{"href":"https:\/\/redenoticiaz.com.br\/ribeiraopreto-regiao\/wp-json\/wp\/v2\/media?parent=123125"}],"wp:term":[{"taxonomy":"category","embeddable":true,"href":"https:\/\/redenoticiaz.com.br\/ribeiraopreto-regiao\/wp-json\/wp\/v2\/categories?post=123125"},{"taxonomy":"post_tag","embeddable":true,"href":"https:\/\/redenoticiaz.com.br\/ribeiraopreto-regiao\/wp-json\/wp\/v2\/tags?post=123125"}],"curies":[{"name":"wp","href":"https:\/\/api.w.org\/{rel}","templated":true}]}}