{"id":123131,"date":"2026-09-02T17:49:54","date_gmt":"2026-09-02T20:49:54","guid":{"rendered":"https:\/\/redenoticiaz.com.br\/ribeiraopreto-regiao\/sp\/2026\/09\/02\/bienal-do-livro-de-sao-paulo-tera-sua-maior-edicao-em-setembro"},"modified":"2026-09-02T17:49:54","modified_gmt":"2026-09-02T20:49:54","slug":"bienal-do-livro-de-sao-paulo-tera-sua-maior-edicao-em-setembro","status":"publish","type":"post","link":"https:\/\/redenoticiaz.com.br\/ribeiraopreto-regiao\/sp\/2026\/09\/02\/bienal-do-livro-de-sao-paulo-tera-sua-maior-edicao-em-setembro","title":{"rendered":"Bienal do Livro de S\u00e3o Paulo ter\u00e1 sua maior edi\u00e7\u00e3o em setembro"},"content":{"rendered":"<p>A 28\u00aa Bienal Internacional do Livro de S\u00e3o Paulo ser\u00e1 realizada de 4 a 13 de setembro no Distrito Anhembi, reunindo 350 autores nacionais e internacionais, 269 expositores e 11 espa\u00e7os culturais. A expectativa \u00e9 que mais de 700 mil visitantes participem do evento, que conta com uma programa\u00e7\u00e3o cultural ampliada e uma expans\u00e3o f\u00edsica significativa.<\/p>\n<p>Ser\u00e3o 3.450 horas de atividades distribu\u00eddas em 11 espa\u00e7os tem\u00e1ticos, cada um com identidade pr\u00f3pria e curadoria especializada. Os ingressos podem ser adquiridos pela plataforma Fever.<\/p>\n<p>De acordo com a C\u00e2mara Brasileira do Livro (CBL), organizadora da Bienal, esta edi\u00e7\u00e3o se consolidar\u00e1 como a maior da hist\u00f3ria do evento, refletindo sua evolu\u00e7\u00e3o para um grande festival cultural e liter\u00e1rio. Entre os autores destacados est\u00e3o Concei\u00e7\u00e3o Evaristo, Eliana Alves Cruz, Ruy Castro, C\u00e1rmen L\u00facia, Lilia Schwarcz e Fernando Morais.<\/p>\n<p>A ministra do Supremo Tribunal Federal, C\u00e1rmen L\u00facia, lan\u00e7ar\u00e1 o livro <em>Pela m\u00e3o do povo \u2014 Democracia e voto no Brasil<\/em>, que explora a hist\u00f3ria da democracia brasileira e a constru\u00e7\u00e3o da cidadania. Concei\u00e7\u00e3o Evaristo e Eliana Alves Cruz participar\u00e3o de uma mesa intitulada <em>Concei\u00e7\u00e3o Evaristo: 80 anos de escreviv\u00eancia<\/em>, que abordar\u00e1 temas como literatura, mem\u00f3ria e ancestralidade.<\/p>\n<p>Outros autores reconhecidos na cena liter\u00e1ria contempor\u00e2nea, como Bethania Pires Amaro, Itamar Vieira Jr. e Aline Bei, tamb\u00e9m marcar\u00e3o presen\u00e7a. Bethania, que lan\u00e7ou seu primeiro romance <em>Ressalga<\/em>, conta a hist\u00f3ria de mulheres que foram profissionais do sexo em Salvador entre as d\u00e9cadas de 1950 e 1970.<\/p>\n<p>Entre os convidados internacionais, destacam-se Ana Huang, autora de <em>Amor Corrompido<\/em>, e Alice Oseman, conhecida pela s\u00e9rie <em>Heartstopper<\/em>. A jornalista Lesley-Ann Jones, que escreveu biografias de grandes \u00edcones da m\u00fasica, participar\u00e1 de debates sobre Freddie Mercury e sua influ\u00eancia na cultura.<\/p>\n<p>Este ano, a Espanha ser\u00e1 o Convidado de Honra, promovendo um interc\u00e2mbio cultural e editorial com o Brasil. Com curadoria da escritora Marta Sanz, um espa\u00e7o de 500 metros quadrados apresentar\u00e1 debates, encontros liter\u00e1rios e exposi\u00e7\u00f5es sobre a literatura espanhola contempor\u00e2nea.<\/p>\n<p>A Bienal deste ano ampliou sua \u00e1rea para 86 mil metros quadrados, um aumento de 28% em rela\u00e7\u00e3o \u00e0 edi\u00e7\u00e3o anterior. A \u00e1rea comercial teve um crescimento de 20%, e os espa\u00e7os destinados \u00e0 programa\u00e7\u00e3o cultural e alimenta\u00e7\u00e3o tamb\u00e9m foram expandidos. Sevani Matos, presidente da CBL, afirmou que a Bienal se reafirma como um importante ponto de encontro do ecossistema do livro e uma plataforma de neg\u00f3cios e valoriza\u00e7\u00e3o da leitura.<\/p>\n","protected":false},"excerpt":{"rendered":"<p>A 28\u00aa Bienal Internacional do Livro de S\u00e3o Paulo ser\u00e1 realizada de 4 a 13 de setembro no Distrito Anhembi, reunindo 350 autores nacionais e internacionais, 269 expositores e 11 espa\u00e7os culturais. A expectativa \u00e9 que mais de 700 mil visitantes participem do evento, que conta com uma programa\u00e7\u00e3o cultural ampliada e uma expans\u00e3o f\u00edsica &hellip;<\/p>\n","protected":false},"author":5,"featured_media":123132,"comment_status":"open","ping_status":"closed","sticky":false,"template":"","format":"standard","meta":{"footnotes":""},"categories":[18753,469,101,175,683,68,186],"tags":[],"class_list":["post-123131","post","type-post","status-publish","format-standard","has-post-thumbnail","hentry","category-cidadania","category-cultura","category-economia","category-gastronomia","category-justica","category-mundo","category-politica"],"yoast_head":"<!-- This site is optimized with the Yoast SEO plugin v28.4 - https:\/\/yoast.com\/product\/yoast-seo-wordpress\/ -->\n<title>Bienal do Livro de S\u00e3o Paulo ter\u00e1 sua maior edi\u00e7\u00e3o em setembro - Ribeir\u00e3o Preto e Regi\u00e3o<\/title>\n<meta name=\"robots\" content=\"index, follow, max-snippet:-1, max-image-preview:large, max-video-preview:-1\" \/>\n<link rel=\"canonical\" href=\"https:\/\/redenoticiaz.com.br\/ribeiraopreto-regiao\/sp\/2026\/09\/02\/bienal-do-livro-de-sao-paulo-tera-sua-maior-edicao-em-setembro\" \/>\n<meta property=\"og:locale\" content=\"pt_BR\" \/>\n<meta property=\"og:type\" content=\"article\" \/>\n<meta property=\"og:title\" content=\"Bienal do Livro de S\u00e3o Paulo ter\u00e1 sua maior edi\u00e7\u00e3o em setembro - Ribeir\u00e3o Preto e Regi\u00e3o\" \/>\n<meta property=\"og:description\" content=\"A 28\u00aa Bienal Internacional do Livro de S\u00e3o Paulo ser\u00e1 realizada de 4 a 13 de setembro no Distrito Anhembi, reunindo 350 autores nacionais e internacionais, 269 expositores e 11 espa\u00e7os culturais. A expectativa \u00e9 que mais de 700 mil visitantes participem do evento, que conta com uma programa\u00e7\u00e3o cultural ampliada e uma expans\u00e3o f\u00edsica &hellip;\" \/>\n<meta property=\"og:url\" content=\"https:\/\/redenoticiaz.com.br\/ribeiraopreto-regiao\/sp\/2026\/09\/02\/bienal-do-livro-de-sao-paulo-tera-sua-maior-edicao-em-setembro\" \/>\n<meta property=\"og:site_name\" content=\"Ribeir\u00e3o Preto e Regi\u00e3o\" \/>\n<meta property=\"article:publisher\" content=\"https:\/\/m.facebook.com\/redenoticiaz.barretos\" \/>\n<meta property=\"article:published_time\" content=\"2026-09-02T20:49:54+00:00\" \/>\n<meta property=\"og:image\" content=\"https:\/\/redenoticiaz.com.br\/ribeiraopreto-regiao\/wp-content\/uploads\/sites\/4\/2022\/02\/logo.jpg\" \/>\n\t<meta property=\"og:image:width\" content=\"400\" \/>\n\t<meta property=\"og:image:height\" content=\"250\" \/>\n\t<meta property=\"og:image:type\" content=\"image\/jpeg\" \/>\n<meta name=\"author\" content=\"Patr\u00edcia Prado\" \/>\n<meta name=\"twitter:card\" content=\"summary_large_image\" \/>\n<meta name=\"twitter:creator\" content=\"@RN_barretos\" \/>\n<meta name=\"twitter:site\" content=\"@RN_barretos\" \/>\n<meta name=\"twitter:label1\" content=\"Escrito por\" \/>\n\t<meta name=\"twitter:data1\" content=\"Patr\u00edcia Prado\" \/>\n\t<meta name=\"twitter:label2\" content=\"Est. tempo de leitura\" \/>\n\t<meta name=\"twitter:data2\" content=\"2 minutos\" \/>\n<script type=\"application\/ld+json\" class=\"yoast-schema-graph\">{\"@context\":\"https:\\\/\\\/schema.org\",\"@graph\":[{\"@type\":\"Article\",\"@id\":\"https:\\\/\\\/redenoticiaz.com.br\\\/ribeiraopreto-regiao\\\/sp\\\/2026\\\/09\\\/02\\\/bienal-do-livro-de-sao-paulo-tera-sua-maior-edicao-em-setembro#article\",\"isPartOf\":{\"@id\":\"https:\\\/\\\/redenoticiaz.com.br\\\/ribeiraopreto-regiao\\\/sp\\\/2026\\\/09\\\/02\\\/bienal-do-livro-de-sao-paulo-tera-sua-maior-edicao-em-setembro\"},\"author\":{\"name\":\"Patr\u00edcia Prado\",\"@id\":\"https:\\\/\\\/redenoticiaz.com.br\\\/ribeiraopreto-regiao\\\/#\\\/schema\\\/person\\\/e1b0bd8c2637e2c1b6ddcbc2c33b116f\"},\"headline\":\"Bienal do Livro de S\u00e3o Paulo ter\u00e1 sua maior edi\u00e7\u00e3o em setembro\",\"datePublished\":\"2026-09-02T20:49:54+00:00\",\"mainEntityOfPage\":{\"@id\":\"https:\\\/\\\/redenoticiaz.com.br\\\/ribeiraopreto-regiao\\\/sp\\\/2026\\\/09\\\/02\\\/bienal-do-livro-de-sao-paulo-tera-sua-maior-edicao-em-setembro\"},\"wordCount\":439,\"commentCount\":0,\"publisher\":{\"@id\":\"https:\\\/\\\/redenoticiaz.com.br\\\/ribeiraopreto-regiao\\\/#organization\"},\"image\":{\"@id\":\"https:\\\/\\\/redenoticiaz.com.br\\\/ribeiraopreto-regiao\\\/sp\\\/2026\\\/09\\\/02\\\/bienal-do-livro-de-sao-paulo-tera-sua-maior-edicao-em-setembro#primaryimage\"},\"thumbnailUrl\":\"https:\\\/\\\/redenoticiaz.com.br\\\/ribeiraopreto-regiao\\\/wp-content\\\/uploads\\\/sites\\\/4\\\/2026\\\/09\\\/novo-projeto-98.jpg\",\"articleSection\":[\"Cidadania\",\"Cultura\",\"Economia\",\"Gastronomia\",\"Justi\u00e7a\",\"Mundo\",\"Pol\u00edtica\"],\"inLanguage\":\"pt-BR\",\"potentialAction\":[{\"@type\":\"CommentAction\",\"name\":\"Comment\",\"target\":[\"https:\\\/\\\/redenoticiaz.com.br\\\/ribeiraopreto-regiao\\\/sp\\\/2026\\\/09\\\/02\\\/bienal-do-livro-de-sao-paulo-tera-sua-maior-edicao-em-setembro#respond\"]}]},{\"@type\":\"WebPage\",\"@id\":\"https:\\\/\\\/redenoticiaz.com.br\\\/ribeiraopreto-regiao\\\/sp\\\/2026\\\/09\\\/02\\\/bienal-do-livro-de-sao-paulo-tera-sua-maior-edicao-em-setembro\",\"url\":\"https:\\\/\\\/redenoticiaz.com.br\\\/ribeiraopreto-regiao\\\/sp\\\/2026\\\/09\\\/02\\\/bienal-do-livro-de-sao-paulo-tera-sua-maior-edicao-em-setembro\",\"name\":\"Bienal do Livro de S\u00e3o Paulo ter\u00e1 sua maior edi\u00e7\u00e3o em setembro - Ribeir\u00e3o Preto e Regi\u00e3o\",\"isPartOf\":{\"@id\":\"https:\\\/\\\/redenoticiaz.com.br\\\/ribeiraopreto-regiao\\\/#website\"},\"primaryImageOfPage\":{\"@id\":\"https:\\\/\\\/redenoticiaz.com.br\\\/ribeiraopreto-regiao\\\/sp\\\/2026\\\/09\\\/02\\\/bienal-do-livro-de-sao-paulo-tera-sua-maior-edicao-em-setembro#primaryimage\"},\"image\":{\"@id\":\"https:\\\/\\\/redenoticiaz.com.br\\\/ribeiraopreto-regiao\\\/sp\\\/2026\\\/09\\\/02\\\/bienal-do-livro-de-sao-paulo-tera-sua-maior-edicao-em-setembro#primaryimage\"},\"thumbnailUrl\":\"https:\\\/\\\/redenoticiaz.com.br\\\/ribeiraopreto-regiao\\\/wp-content\\\/uploads\\\/sites\\\/4\\\/2026\\\/09\\\/novo-projeto-98.jpg\",\"datePublished\":\"2026-09-02T20:49:54+00:00\",\"inLanguage\":\"pt-BR\",\"potentialAction\":[{\"@type\":\"ReadAction\",\"target\":[\"https:\\\/\\\/redenoticiaz.com.br\\\/ribeiraopreto-regiao\\\/sp\\\/2026\\\/09\\\/02\\\/bienal-do-livro-de-sao-paulo-tera-sua-maior-edicao-em-setembro\"]}]},{\"@type\":\"ImageObject\",\"inLanguage\":\"pt-BR\",\"@id\":\"https:\\\/\\\/redenoticiaz.com.br\\\/ribeiraopreto-regiao\\\/sp\\\/2026\\\/09\\\/02\\\/bienal-do-livro-de-sao-paulo-tera-sua-maior-edicao-em-setembro#primaryimage\",\"url\":\"https:\\\/\\\/redenoticiaz.com.br\\\/ribeiraopreto-regiao\\\/wp-content\\\/uploads\\\/sites\\\/4\\\/2026\\\/09\\\/novo-projeto-98.jpg\",\"contentUrl\":\"https:\\\/\\\/redenoticiaz.com.br\\\/ribeiraopreto-regiao\\\/wp-content\\\/uploads\\\/sites\\\/4\\\/2026\\\/09\\\/novo-projeto-98.jpg\",\"width\":1600,\"height\":800},{\"@type\":\"WebSite\",\"@id\":\"https:\\\/\\\/redenoticiaz.com.br\\\/ribeiraopreto-regiao\\\/#website\",\"url\":\"https:\\\/\\\/redenoticiaz.com.br\\\/ribeiraopreto-regiao\\\/\",\"name\":\"Ribeir\u00e3o Preto e Regi\u00e3o\",\"description\":\"Rede NoticiaZ - Ribeir\u00e3o Preto e regi\u00e3o\",\"publisher\":{\"@id\":\"https:\\\/\\\/redenoticiaz.com.br\\\/ribeiraopreto-regiao\\\/#organization\"},\"potentialAction\":[{\"@type\":\"SearchAction\",\"target\":{\"@type\":\"EntryPoint\",\"urlTemplate\":\"https:\\\/\\\/redenoticiaz.com.br\\\/ribeiraopreto-regiao\\\/?s={search_term_string}\"},\"query-input\":{\"@type\":\"PropertyValueSpecification\",\"valueRequired\":true,\"valueName\":\"search_term_string\"}}],\"inLanguage\":\"pt-BR\"},{\"@type\":\"Organization\",\"@id\":\"https:\\\/\\\/redenoticiaz.com.br\\\/ribeiraopreto-regiao\\\/#organization\",\"name\":\"Ribeir\u00e3o Preto e Regi\u00e3o\",\"url\":\"https:\\\/\\\/redenoticiaz.com.br\\\/ribeiraopreto-regiao\\\/\",\"logo\":{\"@type\":\"ImageObject\",\"inLanguage\":\"pt-BR\",\"@id\":\"https:\\\/\\\/redenoticiaz.com.br\\\/ribeiraopreto-regiao\\\/#\\\/schema\\\/logo\\\/image\\\/\",\"url\":\"https:\\\/\\\/redenoticiaz.com.br\\\/barretos-regiao\\\/wp-content\\\/uploads\\\/sites\\\/4\\\/2022\\\/02\\\/logo.jpg\",\"contentUrl\":\"https:\\\/\\\/redenoticiaz.com.br\\\/barretos-regiao\\\/wp-content\\\/uploads\\\/sites\\\/4\\\/2022\\\/02\\\/logo.jpg\",\"width\":400,\"height\":250,\"caption\":\"Ribeir\u00e3o Preto e Regi\u00e3o\"},\"image\":{\"@id\":\"https:\\\/\\\/redenoticiaz.com.br\\\/ribeiraopreto-regiao\\\/#\\\/schema\\\/logo\\\/image\\\/\"},\"sameAs\":[\"https:\\\/\\\/m.facebook.com\\\/redenoticiaz.barretos\",\"https:\\\/\\\/x.com\\\/RN_barretos\",\"https:\\\/\\\/www.instagram.com\\\/redenoticiaz.barretos\\\/?igshid=YmMyMTA2M2Y\",\"https:\\\/\\\/www.linkedin.com\\\/company\\\/rede-noticiaz-barretos-e-regio\\\/\"]},{\"@type\":\"Person\",\"@id\":\"https:\\\/\\\/redenoticiaz.com.br\\\/ribeiraopreto-regiao\\\/#\\\/schema\\\/person\\\/e1b0bd8c2637e2c1b6ddcbc2c33b116f\",\"name\":\"Patr\u00edcia Prado\",\"image\":{\"@type\":\"ImageObject\",\"inLanguage\":\"pt-BR\",\"@id\":\"https:\\\/\\\/secure.gravatar.com\\\/avatar\\\/92e358bef22cfcec15e054ae4d9fee04dadf0c772dc4a17b382b8a34a15354c2?s=96&d=mm&r=g\",\"url\":\"https:\\\/\\\/secure.gravatar.com\\\/avatar\\\/92e358bef22cfcec15e054ae4d9fee04dadf0c772dc4a17b382b8a34a15354c2?s=96&d=mm&r=g\",\"contentUrl\":\"https:\\\/\\\/secure.gravatar.com\\\/avatar\\\/92e358bef22cfcec15e054ae4d9fee04dadf0c772dc4a17b382b8a34a15354c2?s=96&d=mm&r=g\",\"caption\":\"Patr\u00edcia Prado\"},\"url\":\"https:\\\/\\\/redenoticiaz.com.br\\\/ribeiraopreto-regiao\\\/sp\\\/author\\\/patricia-prado\"}]}<\/script>\n<!-- \/ Yoast SEO plugin. -->","yoast_head_json":{"title":"Bienal do Livro de S\u00e3o Paulo ter\u00e1 sua maior edi\u00e7\u00e3o em setembro - Ribeir\u00e3o Preto e Regi\u00e3o","robots":{"index":"index","follow":"follow","max-snippet":"max-snippet:-1","max-image-preview":"max-image-preview:large","max-video-preview":"max-video-preview:-1"},"canonical":"https:\/\/redenoticiaz.com.br\/ribeiraopreto-regiao\/sp\/2026\/09\/02\/bienal-do-livro-de-sao-paulo-tera-sua-maior-edicao-em-setembro","og_locale":"pt_BR","og_type":"article","og_title":"Bienal do Livro de S\u00e3o Paulo ter\u00e1 sua maior edi\u00e7\u00e3o em setembro - Ribeir\u00e3o Preto e Regi\u00e3o","og_description":"A 28\u00aa Bienal Internacional do Livro de S\u00e3o Paulo ser\u00e1 realizada de 4 a 13 de setembro no Distrito Anhembi, reunindo 350 autores nacionais e internacionais, 269 expositores e 11 espa\u00e7os culturais. A expectativa \u00e9 que mais de 700 mil visitantes participem do evento, que conta com uma programa\u00e7\u00e3o cultural ampliada e uma expans\u00e3o f\u00edsica &hellip;","og_url":"https:\/\/redenoticiaz.com.br\/ribeiraopreto-regiao\/sp\/2026\/09\/02\/bienal-do-livro-de-sao-paulo-tera-sua-maior-edicao-em-setembro","og_site_name":"Ribeir\u00e3o Preto e Regi\u00e3o","article_publisher":"https:\/\/m.facebook.com\/redenoticiaz.barretos","article_published_time":"2026-09-02T20:49:54+00:00","og_image":[{"width":400,"height":250,"url":"https:\/\/redenoticiaz.com.br\/ribeiraopreto-regiao\/wp-content\/uploads\/sites\/4\/2022\/02\/logo.jpg","type":"image\/jpeg"}],"author":"Patr\u00edcia Prado","twitter_card":"summary_large_image","twitter_creator":"@RN_barretos","twitter_site":"@RN_barretos","twitter_misc":{"Escrito por":"Patr\u00edcia Prado","Est. tempo de leitura":"2 minutos"},"schema":{"@context":"https:\/\/schema.org","@graph":[{"@type":"Article","@id":"https:\/\/redenoticiaz.com.br\/ribeiraopreto-regiao\/sp\/2026\/09\/02\/bienal-do-livro-de-sao-paulo-tera-sua-maior-edicao-em-setembro#article","isPartOf":{"@id":"https:\/\/redenoticiaz.com.br\/ribeiraopreto-regiao\/sp\/2026\/09\/02\/bienal-do-livro-de-sao-paulo-tera-sua-maior-edicao-em-setembro"},"author":{"name":"Patr\u00edcia Prado","@id":"https:\/\/redenoticiaz.com.br\/ribeiraopreto-regiao\/#\/schema\/person\/e1b0bd8c2637e2c1b6ddcbc2c33b116f"},"headline":"Bienal do Livro de S\u00e3o Paulo ter\u00e1 sua maior edi\u00e7\u00e3o em setembro","datePublished":"2026-09-02T20:49:54+00:00","mainEntityOfPage":{"@id":"https:\/\/redenoticiaz.com.br\/ribeiraopreto-regiao\/sp\/2026\/09\/02\/bienal-do-livro-de-sao-paulo-tera-sua-maior-edicao-em-setembro"},"wordCount":439,"commentCount":0,"publisher":{"@id":"https:\/\/redenoticiaz.com.br\/ribeiraopreto-regiao\/#organization"},"image":{"@id":"https:\/\/redenoticiaz.com.br\/ribeiraopreto-regiao\/sp\/2026\/09\/02\/bienal-do-livro-de-sao-paulo-tera-sua-maior-edicao-em-setembro#primaryimage"},"thumbnailUrl":"https:\/\/redenoticiaz.com.br\/ribeiraopreto-regiao\/wp-content\/uploads\/sites\/4\/2026\/09\/novo-projeto-98.jpg","articleSection":["Cidadania","Cultura","Economia","Gastronomia","Justi\u00e7a","Mundo","Pol\u00edtica"],"inLanguage":"pt-BR","potentialAction":[{"@type":"CommentAction","name":"Comment","target":["https:\/\/redenoticiaz.com.br\/ribeiraopreto-regiao\/sp\/2026\/09\/02\/bienal-do-livro-de-sao-paulo-tera-sua-maior-edicao-em-setembro#respond"]}]},{"@type":"WebPage","@id":"https:\/\/redenoticiaz.com.br\/ribeiraopreto-regiao\/sp\/2026\/09\/02\/bienal-do-livro-de-sao-paulo-tera-sua-maior-edicao-em-setembro","url":"https:\/\/redenoticiaz.com.br\/ribeiraopreto-regiao\/sp\/2026\/09\/02\/bienal-do-livro-de-sao-paulo-tera-sua-maior-edicao-em-setembro","name":"Bienal do Livro de S\u00e3o Paulo ter\u00e1 sua maior edi\u00e7\u00e3o em setembro - Ribeir\u00e3o Preto e Regi\u00e3o","isPartOf":{"@id":"https:\/\/redenoticiaz.com.br\/ribeiraopreto-regiao\/#website"},"primaryImageOfPage":{"@id":"https:\/\/redenoticiaz.com.br\/ribeiraopreto-regiao\/sp\/2026\/09\/02\/bienal-do-livro-de-sao-paulo-tera-sua-maior-edicao-em-setembro#primaryimage"},"image":{"@id":"https:\/\/redenoticiaz.com.br\/ribeiraopreto-regiao\/sp\/2026\/09\/02\/bienal-do-livro-de-sao-paulo-tera-sua-maior-edicao-em-setembro#primaryimage"},"thumbnailUrl":"https:\/\/redenoticiaz.com.br\/ribeiraopreto-regiao\/wp-content\/uploads\/sites\/4\/2026\/09\/novo-projeto-98.jpg","datePublished":"2026-09-02T20:49:54+00:00","inLanguage":"pt-BR","potentialAction":[{"@type":"ReadAction","target":["https:\/\/redenoticiaz.com.br\/ribeiraopreto-regiao\/sp\/2026\/09\/02\/bienal-do-livro-de-sao-paulo-tera-sua-maior-edicao-em-setembro"]}]},{"@type":"ImageObject","inLanguage":"pt-BR","@id":"https:\/\/redenoticiaz.com.br\/ribeiraopreto-regiao\/sp\/2026\/09\/02\/bienal-do-livro-de-sao-paulo-tera-sua-maior-edicao-em-setembro#primaryimage","url":"https:\/\/redenoticiaz.com.br\/ribeiraopreto-regiao\/wp-content\/uploads\/sites\/4\/2026\/09\/novo-projeto-98.jpg","contentUrl":"https:\/\/redenoticiaz.com.br\/ribeiraopreto-regiao\/wp-content\/uploads\/sites\/4\/2026\/09\/novo-projeto-98.jpg","width":1600,"height":800},{"@type":"WebSite","@id":"https:\/\/redenoticiaz.com.br\/ribeiraopreto-regiao\/#website","url":"https:\/\/redenoticiaz.com.br\/ribeiraopreto-regiao\/","name":"Ribeir\u00e3o Preto e Regi\u00e3o","description":"Rede NoticiaZ - Ribeir\u00e3o Preto e regi\u00e3o","publisher":{"@id":"https:\/\/redenoticiaz.com.br\/ribeiraopreto-regiao\/#organization"},"potentialAction":[{"@type":"SearchAction","target":{"@type":"EntryPoint","urlTemplate":"https:\/\/redenoticiaz.com.br\/ribeiraopreto-regiao\/?s={search_term_string}"},"query-input":{"@type":"PropertyValueSpecification","valueRequired":true,"valueName":"search_term_string"}}],"inLanguage":"pt-BR"},{"@type":"Organization","@id":"https:\/\/redenoticiaz.com.br\/ribeiraopreto-regiao\/#organization","name":"Ribeir\u00e3o Preto e Regi\u00e3o","url":"https:\/\/redenoticiaz.com.br\/ribeiraopreto-regiao\/","logo":{"@type":"ImageObject","inLanguage":"pt-BR","@id":"https:\/\/redenoticiaz.com.br\/ribeiraopreto-regiao\/#\/schema\/logo\/image\/","url":"https:\/\/redenoticiaz.com.br\/barretos-regiao\/wp-content\/uploads\/sites\/4\/2022\/02\/logo.jpg","contentUrl":"https:\/\/redenoticiaz.com.br\/barretos-regiao\/wp-content\/uploads\/sites\/4\/2022\/02\/logo.jpg","width":400,"height":250,"caption":"Ribeir\u00e3o Preto e Regi\u00e3o"},"image":{"@id":"https:\/\/redenoticiaz.com.br\/ribeiraopreto-regiao\/#\/schema\/logo\/image\/"},"sameAs":["https:\/\/m.facebook.com\/redenoticiaz.barretos","https:\/\/x.com\/RN_barretos","https:\/\/www.instagram.com\/redenoticiaz.barretos\/?igshid=YmMyMTA2M2Y","https:\/\/www.linkedin.com\/company\/rede-noticiaz-barretos-e-regio\/"]},{"@type":"Person","@id":"https:\/\/redenoticiaz.com.br\/ribeiraopreto-regiao\/#\/schema\/person\/e1b0bd8c2637e2c1b6ddcbc2c33b116f","name":"Patr\u00edcia Prado","image":{"@type":"ImageObject","inLanguage":"pt-BR","@id":"https:\/\/secure.gravatar.com\/avatar\/92e358bef22cfcec15e054ae4d9fee04dadf0c772dc4a17b382b8a34a15354c2?s=96&d=mm&r=g","url":"https:\/\/secure.gravatar.com\/avatar\/92e358bef22cfcec15e054ae4d9fee04dadf0c772dc4a17b382b8a34a15354c2?s=96&d=mm&r=g","contentUrl":"https:\/\/secure.gravatar.com\/avatar\/92e358bef22cfcec15e054ae4d9fee04dadf0c772dc4a17b382b8a34a15354c2?s=96&d=mm&r=g","caption":"Patr\u00edcia Prado"},"url":"https:\/\/redenoticiaz.com.br\/ribeiraopreto-regiao\/sp\/author\/patricia-prado"}]}},"_links":{"self":[{"href":"https:\/\/redenoticiaz.com.br\/ribeiraopreto-regiao\/wp-json\/wp\/v2\/posts\/123131","targetHints":{"allow":["GET"]}}],"collection":[{"href":"https:\/\/redenoticiaz.com.br\/ribeiraopreto-regiao\/wp-json\/wp\/v2\/posts"}],"about":[{"href":"https:\/\/redenoticiaz.com.br\/ribeiraopreto-regiao\/wp-json\/wp\/v2\/types\/post"}],"author":[{"embeddable":true,"href":"https:\/\/redenoticiaz.com.br\/ribeiraopreto-regiao\/wp-json\/wp\/v2\/users\/5"}],"replies":[{"embeddable":true,"href":"https:\/\/redenoticiaz.com.br\/ribeiraopreto-regiao\/wp-json\/wp\/v2\/comments?post=123131"}],"version-history":[{"count":0,"href":"https:\/\/redenoticiaz.com.br\/ribeiraopreto-regiao\/wp-json\/wp\/v2\/posts\/123131\/revisions"}],"wp:featuredmedia":[{"embeddable":true,"href":"https:\/\/redenoticiaz.com.br\/ribeiraopreto-regiao\/wp-json\/wp\/v2\/media\/123132"}],"wp:attachment":[{"href":"https:\/\/redenoticiaz.com.br\/ribeiraopreto-regiao\/wp-json\/wp\/v2\/media?parent=123131"}],"wp:term":[{"taxonomy":"category","embeddable":true,"href":"https:\/\/redenoticiaz.com.br\/ribeiraopreto-regiao\/wp-json\/wp\/v2\/categories?post=123131"},{"taxonomy":"post_tag","embeddable":true,"href":"https:\/\/redenoticiaz.com.br\/ribeiraopreto-regiao\/wp-json\/wp\/v2\/tags?post=123131"}],"curies":[{"name":"wp","href":"https:\/\/api.w.org\/{rel}","templated":true}]}}