{"id":123141,"date":"2026-09-02T19:55:00","date_gmt":"2026-09-02T22:55:00","guid":{"rendered":"https:\/\/redenoticiaz.com.br\/ribeiraopreto-regiao\/sp\/2026\/09\/02\/senado-aprova-texto-base-da-pec-da-seguranca-publica-em-votacao-simbolica"},"modified":"2026-09-02T19:55:00","modified_gmt":"2026-09-02T22:55:00","slug":"senado-aprova-texto-base-da-pec-da-seguranca-publica-em-votacao-simbolica","status":"publish","type":"post","link":"https:\/\/redenoticiaz.com.br\/ribeiraopreto-regiao\/sp\/2026\/09\/02\/senado-aprova-texto-base-da-pec-da-seguranca-publica-em-votacao-simbolica","title":{"rendered":"Senado aprova texto-base da PEC da Seguran\u00e7a P\u00fablica em vota\u00e7\u00e3o simb\u00f3lica"},"content":{"rendered":"<p>O texto-base da Proposta de Emenda \u00e0 Constitui\u00e7\u00e3o (PEC) n\u00ba 18\/2025, conhecida como PEC da Seguran\u00e7a P\u00fablica, foi aprovado nesta quarta-feira (2) em vota\u00e7\u00e3o simb\u00f3lica na Comiss\u00e3o de Constitui\u00e7\u00e3o e Justi\u00e7a (CCJ) do Senado Federal. A proposta, de autoria do Poder Executivo, visa endurecer as regras para l\u00edderes de fac\u00e7\u00f5es criminosas e estabelecer um novo pacto federativo entre Uni\u00e3o, estados e munic\u00edpios no combate ao crime organizado no Brasil. A PEC j\u00e1 havia sido aprovada na C\u00e2mara dos Deputados na forma de um substitutivo.<\/p>\n<p>O relator do projeto, senador Rog\u00e9rio Carvalho (PT-SE), destacou que a proposta surgiu a partir de um diagn\u00f3stico da crescente criminalidade organizada, que se tornou um problema n\u00e3o apenas estadual, mas nacional e at\u00e9 internacional. Segundo Carvalho, as fac\u00e7\u00f5es que amea\u00e7am a seguran\u00e7a p\u00fablica se originaram em pres\u00eddios estaduais e se espalharam por \u00e1reas vulner\u00e1veis, aproveitando-se da descentraliza\u00e7\u00e3o da seguran\u00e7a p\u00fablica no pa\u00eds.<\/p>\n<p>A an\u00e1lise da PEC na CCJ ainda n\u00e3o foi conclu\u00edda, uma vez que um dos destaques apresentados n\u00e3o foi discutido devido ao in\u00edcio da sess\u00e3o no plen\u00e1rio do Senado. O colegiado deve voltar a se reunir para continuar a vota\u00e7\u00e3o. O l\u00edder do governo no Congresso, senador Randolfe Rodrigues (PT-AP), afirmou que a PEC dever\u00e1 ser votada em plen\u00e1rio no pr\u00f3ximo esfor\u00e7o concentrado, agendado para a segunda semana de outubro, ap\u00f3s o primeiro turno das elei\u00e7\u00f5es.<\/p>\n<p>No parecer de Carvalho, a emenda que previa a arrecada\u00e7\u00e3o de recursos de empresas de apostas digitais, ou &#8220;bets&#8221;, para o Fundo Nacional de Seguran\u00e7a P\u00fablica (FNSP) e o Fundo Penitenci\u00e1rio Nacional (Funpen) foi rejeitada. A inclus\u00e3o desse dispositivo na Constitui\u00e7\u00e3o havia sido proposta por deputados, mas o relator optou pela defini\u00e7\u00e3o atrav\u00e9s de lei ordin\u00e1ria. Na vers\u00e3o final da PEC, a arrecada\u00e7\u00e3o das apostas n\u00e3o ser\u00e1 mais prevista constitucionalmente.<\/p>\n<p>Diversas emendas foram rejeitadas, incluindo uma que criava um Sistema Nacional de Antecedentes Criminais (SINAC) e outra que alterava a compet\u00eancia do Tribunal do J\u00fari em casos de homic\u00eddios por integrantes de organiza\u00e7\u00f5es criminosas. Carvalho argumentou que a cria\u00e7\u00e3o do sistema poderia ser feita por lei ordin\u00e1ria e que questionamentos sobre a constitucionalidade da quest\u00e3o do tribunal devem ser resolvidos pelo Supremo Tribunal Federal (STF).<\/p>\n<p>A PEC prop\u00f5e a constitucionaliza\u00e7\u00e3o do Sistema \u00danico de Seguran\u00e7a P\u00fablica (Susp), alterando o artigo 144 da Constitui\u00e7\u00e3o. Esse sistema promover\u00e1 a coopera\u00e7\u00e3o entre todos os \u00f3rg\u00e3os de seguran\u00e7a do pa\u00eds, facilitando a integra\u00e7\u00e3o e o compartilhamento de informa\u00e7\u00f5es e recursos.<\/p>\n<p>A proposta estabelece penas mais severas e regimes especiais de pris\u00e3o para chefes de fac\u00e7\u00f5es e mil\u00edcias, como a possibilidade de encarceramento em unidades de seguran\u00e7a m\u00e1xima e restri\u00e7\u00f5es \u00e0 progress\u00e3o de pena. Tamb\u00e9m s\u00e3o previstas medidas patrimoniais contra os frutos do crime, responsabiliza\u00e7\u00e3o de empresas envolvidas e prote\u00e7\u00e3o a denunciantes e seus familiares.<\/p>\n<p>A PEC ainda ampliar\u00e1 as atribui\u00e7\u00f5es da Pol\u00edcia Rodovi\u00e1ria Federal (PRF), que poder\u00e1 realizar policiamento em hidrovias e ferrovias federais, al\u00e9m de aumentar a vincula\u00e7\u00e3o do or\u00e7amento p\u00fablico para a seguran\u00e7a p\u00fablica. Segundo a proposta, 50% dos recursos do FNSP e do Funpen ser\u00e3o repassados pela Uni\u00e3o a estados e munic\u00edpios, excluindo despesas com a pol\u00edcia penitenci\u00e1ria nacional.<\/p>\n<p>Outra inova\u00e7\u00e3o proposta \u00e9 a possibilidade de cria\u00e7\u00e3o de pol\u00edcias municipais civis, sob a supervis\u00e3o do Minist\u00e9rio P\u00fablico, que exercer\u00e3o policiamento ostensivo e comunit\u00e1rio nas cidades onde atuar\u00e3o. O relator evidenciou que essa mudan\u00e7a aproximar\u00e1 a seguran\u00e7a p\u00fablica do cidad\u00e3o, sem diminuir as compet\u00eancias de outros \u00f3rg\u00e3os policiais.<\/p>\n<p>Al\u00e9m disso, o substitutivo aprovado inclui a atribui\u00e7\u00e3o do presidente da Rep\u00fablica para fixar a Pol\u00edtica Nacional de Intelig\u00eancia e prev\u00ea a suspens\u00e3o de direitos pol\u00edticos em casos de pris\u00e3o provis\u00f3ria.<\/p>\n","protected":false},"excerpt":{"rendered":"<p>O texto-base da Proposta de Emenda \u00e0 Constitui\u00e7\u00e3o (PEC) n\u00ba 18\/2025, conhecida como PEC da Seguran\u00e7a P\u00fablica, foi aprovado nesta quarta-feira (2) em vota\u00e7\u00e3o simb\u00f3lica na Comiss\u00e3o de Constitui\u00e7\u00e3o e Justi\u00e7a (CCJ) do Senado Federal. A proposta, de autoria do Poder Executivo, visa endurecer as regras para l\u00edderes de fac\u00e7\u00f5es criminosas e estabelecer um novo &hellip;<\/p>\n","protected":false},"author":5,"featured_media":123142,"comment_status":"open","ping_status":"closed","sticky":false,"template":"","format":"standard","meta":{"footnotes":""},"categories":[101,9271,683,68,88,186,2921],"tags":[],"class_list":["post-123141","post","type-post","status-publish","format-standard","has-post-thumbnail","hentry","category-economia","category-eleicoes","category-justica","category-mundo","category-policia","category-politica","category-transportes"],"yoast_head":"<!-- This site is optimized with the Yoast SEO plugin v28.4 - https:\/\/yoast.com\/product\/yoast-seo-wordpress\/ -->\n<title>Senado aprova texto-base da PEC da Seguran\u00e7a P\u00fablica em vota\u00e7\u00e3o simb\u00f3lica - Ribeir\u00e3o Preto e Regi\u00e3o<\/title>\n<meta name=\"robots\" content=\"index, follow, max-snippet:-1, max-image-preview:large, max-video-preview:-1\" \/>\n<link rel=\"canonical\" href=\"https:\/\/redenoticiaz.com.br\/ribeiraopreto-regiao\/sp\/2026\/09\/02\/senado-aprova-texto-base-da-pec-da-seguranca-publica-em-votacao-simbolica\" \/>\n<meta property=\"og:locale\" content=\"pt_BR\" \/>\n<meta property=\"og:type\" content=\"article\" \/>\n<meta property=\"og:title\" content=\"Senado aprova texto-base da PEC da Seguran\u00e7a P\u00fablica em vota\u00e7\u00e3o simb\u00f3lica - Ribeir\u00e3o Preto e Regi\u00e3o\" \/>\n<meta property=\"og:description\" content=\"O texto-base da Proposta de Emenda \u00e0 Constitui\u00e7\u00e3o (PEC) n\u00ba 18\/2025, conhecida como PEC da Seguran\u00e7a P\u00fablica, foi aprovado nesta quarta-feira (2) em vota\u00e7\u00e3o simb\u00f3lica na Comiss\u00e3o de Constitui\u00e7\u00e3o e Justi\u00e7a (CCJ) do Senado Federal. A proposta, de autoria do Poder Executivo, visa endurecer as regras para l\u00edderes de fac\u00e7\u00f5es criminosas e estabelecer um novo &hellip;\" \/>\n<meta property=\"og:url\" content=\"https:\/\/redenoticiaz.com.br\/ribeiraopreto-regiao\/sp\/2026\/09\/02\/senado-aprova-texto-base-da-pec-da-seguranca-publica-em-votacao-simbolica\" \/>\n<meta property=\"og:site_name\" content=\"Ribeir\u00e3o Preto e Regi\u00e3o\" \/>\n<meta property=\"article:publisher\" content=\"https:\/\/m.facebook.com\/redenoticiaz.barretos\" \/>\n<meta property=\"article:published_time\" content=\"2026-09-02T22:55:00+00:00\" \/>\n<meta property=\"og:image\" content=\"https:\/\/redenoticiaz.com.br\/ribeiraopreto-regiao\/wp-content\/uploads\/sites\/4\/2022\/02\/logo.jpg\" \/>\n\t<meta property=\"og:image:width\" content=\"400\" \/>\n\t<meta property=\"og:image:height\" content=\"250\" \/>\n\t<meta property=\"og:image:type\" content=\"image\/jpeg\" \/>\n<meta name=\"author\" content=\"Patr\u00edcia Prado\" \/>\n<meta name=\"twitter:card\" content=\"summary_large_image\" \/>\n<meta name=\"twitter:creator\" content=\"@RN_barretos\" \/>\n<meta name=\"twitter:site\" content=\"@RN_barretos\" \/>\n<meta name=\"twitter:label1\" content=\"Escrito por\" \/>\n\t<meta name=\"twitter:data1\" content=\"Patr\u00edcia Prado\" \/>\n\t<meta name=\"twitter:label2\" content=\"Est. tempo de leitura\" \/>\n\t<meta name=\"twitter:data2\" content=\"4 minutos\" \/>\n<script type=\"application\/ld+json\" class=\"yoast-schema-graph\">{\"@context\":\"https:\\\/\\\/schema.org\",\"@graph\":[{\"@type\":\"Article\",\"@id\":\"https:\\\/\\\/redenoticiaz.com.br\\\/ribeiraopreto-regiao\\\/sp\\\/2026\\\/09\\\/02\\\/senado-aprova-texto-base-da-pec-da-seguranca-publica-em-votacao-simbolica#article\",\"isPartOf\":{\"@id\":\"https:\\\/\\\/redenoticiaz.com.br\\\/ribeiraopreto-regiao\\\/sp\\\/2026\\\/09\\\/02\\\/senado-aprova-texto-base-da-pec-da-seguranca-publica-em-votacao-simbolica\"},\"author\":{\"name\":\"Patr\u00edcia Prado\",\"@id\":\"https:\\\/\\\/redenoticiaz.com.br\\\/ribeiraopreto-regiao\\\/#\\\/schema\\\/person\\\/e1b0bd8c2637e2c1b6ddcbc2c33b116f\"},\"headline\":\"Senado aprova texto-base da PEC da Seguran\u00e7a P\u00fablica em vota\u00e7\u00e3o simb\u00f3lica\",\"datePublished\":\"2026-09-02T22:55:00+00:00\",\"mainEntityOfPage\":{\"@id\":\"https:\\\/\\\/redenoticiaz.com.br\\\/ribeiraopreto-regiao\\\/sp\\\/2026\\\/09\\\/02\\\/senado-aprova-texto-base-da-pec-da-seguranca-publica-em-votacao-simbolica\"},\"wordCount\":717,\"commentCount\":0,\"publisher\":{\"@id\":\"https:\\\/\\\/redenoticiaz.com.br\\\/ribeiraopreto-regiao\\\/#organization\"},\"image\":{\"@id\":\"https:\\\/\\\/redenoticiaz.com.br\\\/ribeiraopreto-regiao\\\/sp\\\/2026\\\/09\\\/02\\\/senado-aprova-texto-base-da-pec-da-seguranca-publica-em-votacao-simbolica#primaryimage\"},\"thumbnailUrl\":\"https:\\\/\\\/redenoticiaz.com.br\\\/ribeiraopreto-regiao\\\/wp-content\\\/uploads\\\/sites\\\/4\\\/2026\\\/09\\\/55504631161_13e358598c_o.jpg\",\"articleSection\":[\"Economia\",\"Elei\u00e7\u00f5es\",\"Justi\u00e7a\",\"Mundo\",\"Pol\u00edcia\",\"Pol\u00edtica\",\"Transportes\"],\"inLanguage\":\"pt-BR\",\"potentialAction\":[{\"@type\":\"CommentAction\",\"name\":\"Comment\",\"target\":[\"https:\\\/\\\/redenoticiaz.com.br\\\/ribeiraopreto-regiao\\\/sp\\\/2026\\\/09\\\/02\\\/senado-aprova-texto-base-da-pec-da-seguranca-publica-em-votacao-simbolica#respond\"]}]},{\"@type\":\"WebPage\",\"@id\":\"https:\\\/\\\/redenoticiaz.com.br\\\/ribeiraopreto-regiao\\\/sp\\\/2026\\\/09\\\/02\\\/senado-aprova-texto-base-da-pec-da-seguranca-publica-em-votacao-simbolica\",\"url\":\"https:\\\/\\\/redenoticiaz.com.br\\\/ribeiraopreto-regiao\\\/sp\\\/2026\\\/09\\\/02\\\/senado-aprova-texto-base-da-pec-da-seguranca-publica-em-votacao-simbolica\",\"name\":\"Senado aprova texto-base da PEC da Seguran\u00e7a P\u00fablica em vota\u00e7\u00e3o simb\u00f3lica - Ribeir\u00e3o Preto e Regi\u00e3o\",\"isPartOf\":{\"@id\":\"https:\\\/\\\/redenoticiaz.com.br\\\/ribeiraopreto-regiao\\\/#website\"},\"primaryImageOfPage\":{\"@id\":\"https:\\\/\\\/redenoticiaz.com.br\\\/ribeiraopreto-regiao\\\/sp\\\/2026\\\/09\\\/02\\\/senado-aprova-texto-base-da-pec-da-seguranca-publica-em-votacao-simbolica#primaryimage\"},\"image\":{\"@id\":\"https:\\\/\\\/redenoticiaz.com.br\\\/ribeiraopreto-regiao\\\/sp\\\/2026\\\/09\\\/02\\\/senado-aprova-texto-base-da-pec-da-seguranca-publica-em-votacao-simbolica#primaryimage\"},\"thumbnailUrl\":\"https:\\\/\\\/redenoticiaz.com.br\\\/ribeiraopreto-regiao\\\/wp-content\\\/uploads\\\/sites\\\/4\\\/2026\\\/09\\\/55504631161_13e358598c_o.jpg\",\"datePublished\":\"2026-09-02T22:55:00+00:00\",\"inLanguage\":\"pt-BR\",\"potentialAction\":[{\"@type\":\"ReadAction\",\"target\":[\"https:\\\/\\\/redenoticiaz.com.br\\\/ribeiraopreto-regiao\\\/sp\\\/2026\\\/09\\\/02\\\/senado-aprova-texto-base-da-pec-da-seguranca-publica-em-votacao-simbolica\"]}]},{\"@type\":\"ImageObject\",\"inLanguage\":\"pt-BR\",\"@id\":\"https:\\\/\\\/redenoticiaz.com.br\\\/ribeiraopreto-regiao\\\/sp\\\/2026\\\/09\\\/02\\\/senado-aprova-texto-base-da-pec-da-seguranca-publica-em-votacao-simbolica#primaryimage\",\"url\":\"https:\\\/\\\/redenoticiaz.com.br\\\/ribeiraopreto-regiao\\\/wp-content\\\/uploads\\\/sites\\\/4\\\/2026\\\/09\\\/55504631161_13e358598c_o.jpg\",\"contentUrl\":\"https:\\\/\\\/redenoticiaz.com.br\\\/ribeiraopreto-regiao\\\/wp-content\\\/uploads\\\/sites\\\/4\\\/2026\\\/09\\\/55504631161_13e358598c_o.jpg\",\"width\":1600,\"height\":800},{\"@type\":\"WebSite\",\"@id\":\"https:\\\/\\\/redenoticiaz.com.br\\\/ribeiraopreto-regiao\\\/#website\",\"url\":\"https:\\\/\\\/redenoticiaz.com.br\\\/ribeiraopreto-regiao\\\/\",\"name\":\"Ribeir\u00e3o Preto e Regi\u00e3o\",\"description\":\"Rede NoticiaZ - Ribeir\u00e3o Preto e regi\u00e3o\",\"publisher\":{\"@id\":\"https:\\\/\\\/redenoticiaz.com.br\\\/ribeiraopreto-regiao\\\/#organization\"},\"potentialAction\":[{\"@type\":\"SearchAction\",\"target\":{\"@type\":\"EntryPoint\",\"urlTemplate\":\"https:\\\/\\\/redenoticiaz.com.br\\\/ribeiraopreto-regiao\\\/?s={search_term_string}\"},\"query-input\":{\"@type\":\"PropertyValueSpecification\",\"valueRequired\":true,\"valueName\":\"search_term_string\"}}],\"inLanguage\":\"pt-BR\"},{\"@type\":\"Organization\",\"@id\":\"https:\\\/\\\/redenoticiaz.com.br\\\/ribeiraopreto-regiao\\\/#organization\",\"name\":\"Ribeir\u00e3o Preto e Regi\u00e3o\",\"url\":\"https:\\\/\\\/redenoticiaz.com.br\\\/ribeiraopreto-regiao\\\/\",\"logo\":{\"@type\":\"ImageObject\",\"inLanguage\":\"pt-BR\",\"@id\":\"https:\\\/\\\/redenoticiaz.com.br\\\/ribeiraopreto-regiao\\\/#\\\/schema\\\/logo\\\/image\\\/\",\"url\":\"https:\\\/\\\/redenoticiaz.com.br\\\/barretos-regiao\\\/wp-content\\\/uploads\\\/sites\\\/4\\\/2022\\\/02\\\/logo.jpg\",\"contentUrl\":\"https:\\\/\\\/redenoticiaz.com.br\\\/barretos-regiao\\\/wp-content\\\/uploads\\\/sites\\\/4\\\/2022\\\/02\\\/logo.jpg\",\"width\":400,\"height\":250,\"caption\":\"Ribeir\u00e3o Preto e Regi\u00e3o\"},\"image\":{\"@id\":\"https:\\\/\\\/redenoticiaz.com.br\\\/ribeiraopreto-regiao\\\/#\\\/schema\\\/logo\\\/image\\\/\"},\"sameAs\":[\"https:\\\/\\\/m.facebook.com\\\/redenoticiaz.barretos\",\"https:\\\/\\\/x.com\\\/RN_barretos\",\"https:\\\/\\\/www.instagram.com\\\/redenoticiaz.barretos\\\/?igshid=YmMyMTA2M2Y\",\"https:\\\/\\\/www.linkedin.com\\\/company\\\/rede-noticiaz-barretos-e-regio\\\/\"]},{\"@type\":\"Person\",\"@id\":\"https:\\\/\\\/redenoticiaz.com.br\\\/ribeiraopreto-regiao\\\/#\\\/schema\\\/person\\\/e1b0bd8c2637e2c1b6ddcbc2c33b116f\",\"name\":\"Patr\u00edcia Prado\",\"image\":{\"@type\":\"ImageObject\",\"inLanguage\":\"pt-BR\",\"@id\":\"https:\\\/\\\/secure.gravatar.com\\\/avatar\\\/92e358bef22cfcec15e054ae4d9fee04dadf0c772dc4a17b382b8a34a15354c2?s=96&d=mm&r=g\",\"url\":\"https:\\\/\\\/secure.gravatar.com\\\/avatar\\\/92e358bef22cfcec15e054ae4d9fee04dadf0c772dc4a17b382b8a34a15354c2?s=96&d=mm&r=g\",\"contentUrl\":\"https:\\\/\\\/secure.gravatar.com\\\/avatar\\\/92e358bef22cfcec15e054ae4d9fee04dadf0c772dc4a17b382b8a34a15354c2?s=96&d=mm&r=g\",\"caption\":\"Patr\u00edcia Prado\"},\"url\":\"https:\\\/\\\/redenoticiaz.com.br\\\/ribeiraopreto-regiao\\\/sp\\\/author\\\/patricia-prado\"}]}<\/script>\n<!-- \/ Yoast SEO plugin. -->","yoast_head_json":{"title":"Senado aprova texto-base da PEC da Seguran\u00e7a P\u00fablica em vota\u00e7\u00e3o simb\u00f3lica - Ribeir\u00e3o Preto e Regi\u00e3o","robots":{"index":"index","follow":"follow","max-snippet":"max-snippet:-1","max-image-preview":"max-image-preview:large","max-video-preview":"max-video-preview:-1"},"canonical":"https:\/\/redenoticiaz.com.br\/ribeiraopreto-regiao\/sp\/2026\/09\/02\/senado-aprova-texto-base-da-pec-da-seguranca-publica-em-votacao-simbolica","og_locale":"pt_BR","og_type":"article","og_title":"Senado aprova texto-base da PEC da Seguran\u00e7a P\u00fablica em vota\u00e7\u00e3o simb\u00f3lica - Ribeir\u00e3o Preto e Regi\u00e3o","og_description":"O texto-base da Proposta de Emenda \u00e0 Constitui\u00e7\u00e3o (PEC) n\u00ba 18\/2025, conhecida como PEC da Seguran\u00e7a P\u00fablica, foi aprovado nesta quarta-feira (2) em vota\u00e7\u00e3o simb\u00f3lica na Comiss\u00e3o de Constitui\u00e7\u00e3o e Justi\u00e7a (CCJ) do Senado Federal. A proposta, de autoria do Poder Executivo, visa endurecer as regras para l\u00edderes de fac\u00e7\u00f5es criminosas e estabelecer um novo &hellip;","og_url":"https:\/\/redenoticiaz.com.br\/ribeiraopreto-regiao\/sp\/2026\/09\/02\/senado-aprova-texto-base-da-pec-da-seguranca-publica-em-votacao-simbolica","og_site_name":"Ribeir\u00e3o Preto e Regi\u00e3o","article_publisher":"https:\/\/m.facebook.com\/redenoticiaz.barretos","article_published_time":"2026-09-02T22:55:00+00:00","og_image":[{"width":400,"height":250,"url":"https:\/\/redenoticiaz.com.br\/ribeiraopreto-regiao\/wp-content\/uploads\/sites\/4\/2022\/02\/logo.jpg","type":"image\/jpeg"}],"author":"Patr\u00edcia Prado","twitter_card":"summary_large_image","twitter_creator":"@RN_barretos","twitter_site":"@RN_barretos","twitter_misc":{"Escrito por":"Patr\u00edcia Prado","Est. tempo de leitura":"4 minutos"},"schema":{"@context":"https:\/\/schema.org","@graph":[{"@type":"Article","@id":"https:\/\/redenoticiaz.com.br\/ribeiraopreto-regiao\/sp\/2026\/09\/02\/senado-aprova-texto-base-da-pec-da-seguranca-publica-em-votacao-simbolica#article","isPartOf":{"@id":"https:\/\/redenoticiaz.com.br\/ribeiraopreto-regiao\/sp\/2026\/09\/02\/senado-aprova-texto-base-da-pec-da-seguranca-publica-em-votacao-simbolica"},"author":{"name":"Patr\u00edcia Prado","@id":"https:\/\/redenoticiaz.com.br\/ribeiraopreto-regiao\/#\/schema\/person\/e1b0bd8c2637e2c1b6ddcbc2c33b116f"},"headline":"Senado aprova texto-base da PEC da Seguran\u00e7a P\u00fablica em vota\u00e7\u00e3o simb\u00f3lica","datePublished":"2026-09-02T22:55:00+00:00","mainEntityOfPage":{"@id":"https:\/\/redenoticiaz.com.br\/ribeiraopreto-regiao\/sp\/2026\/09\/02\/senado-aprova-texto-base-da-pec-da-seguranca-publica-em-votacao-simbolica"},"wordCount":717,"commentCount":0,"publisher":{"@id":"https:\/\/redenoticiaz.com.br\/ribeiraopreto-regiao\/#organization"},"image":{"@id":"https:\/\/redenoticiaz.com.br\/ribeiraopreto-regiao\/sp\/2026\/09\/02\/senado-aprova-texto-base-da-pec-da-seguranca-publica-em-votacao-simbolica#primaryimage"},"thumbnailUrl":"https:\/\/redenoticiaz.com.br\/ribeiraopreto-regiao\/wp-content\/uploads\/sites\/4\/2026\/09\/55504631161_13e358598c_o.jpg","articleSection":["Economia","Elei\u00e7\u00f5es","Justi\u00e7a","Mundo","Pol\u00edcia","Pol\u00edtica","Transportes"],"inLanguage":"pt-BR","potentialAction":[{"@type":"CommentAction","name":"Comment","target":["https:\/\/redenoticiaz.com.br\/ribeiraopreto-regiao\/sp\/2026\/09\/02\/senado-aprova-texto-base-da-pec-da-seguranca-publica-em-votacao-simbolica#respond"]}]},{"@type":"WebPage","@id":"https:\/\/redenoticiaz.com.br\/ribeiraopreto-regiao\/sp\/2026\/09\/02\/senado-aprova-texto-base-da-pec-da-seguranca-publica-em-votacao-simbolica","url":"https:\/\/redenoticiaz.com.br\/ribeiraopreto-regiao\/sp\/2026\/09\/02\/senado-aprova-texto-base-da-pec-da-seguranca-publica-em-votacao-simbolica","name":"Senado aprova texto-base da PEC da Seguran\u00e7a P\u00fablica em vota\u00e7\u00e3o simb\u00f3lica - Ribeir\u00e3o Preto e Regi\u00e3o","isPartOf":{"@id":"https:\/\/redenoticiaz.com.br\/ribeiraopreto-regiao\/#website"},"primaryImageOfPage":{"@id":"https:\/\/redenoticiaz.com.br\/ribeiraopreto-regiao\/sp\/2026\/09\/02\/senado-aprova-texto-base-da-pec-da-seguranca-publica-em-votacao-simbolica#primaryimage"},"image":{"@id":"https:\/\/redenoticiaz.com.br\/ribeiraopreto-regiao\/sp\/2026\/09\/02\/senado-aprova-texto-base-da-pec-da-seguranca-publica-em-votacao-simbolica#primaryimage"},"thumbnailUrl":"https:\/\/redenoticiaz.com.br\/ribeiraopreto-regiao\/wp-content\/uploads\/sites\/4\/2026\/09\/55504631161_13e358598c_o.jpg","datePublished":"2026-09-02T22:55:00+00:00","inLanguage":"pt-BR","potentialAction":[{"@type":"ReadAction","target":["https:\/\/redenoticiaz.com.br\/ribeiraopreto-regiao\/sp\/2026\/09\/02\/senado-aprova-texto-base-da-pec-da-seguranca-publica-em-votacao-simbolica"]}]},{"@type":"ImageObject","inLanguage":"pt-BR","@id":"https:\/\/redenoticiaz.com.br\/ribeiraopreto-regiao\/sp\/2026\/09\/02\/senado-aprova-texto-base-da-pec-da-seguranca-publica-em-votacao-simbolica#primaryimage","url":"https:\/\/redenoticiaz.com.br\/ribeiraopreto-regiao\/wp-content\/uploads\/sites\/4\/2026\/09\/55504631161_13e358598c_o.jpg","contentUrl":"https:\/\/redenoticiaz.com.br\/ribeiraopreto-regiao\/wp-content\/uploads\/sites\/4\/2026\/09\/55504631161_13e358598c_o.jpg","width":1600,"height":800},{"@type":"WebSite","@id":"https:\/\/redenoticiaz.com.br\/ribeiraopreto-regiao\/#website","url":"https:\/\/redenoticiaz.com.br\/ribeiraopreto-regiao\/","name":"Ribeir\u00e3o Preto e Regi\u00e3o","description":"Rede NoticiaZ - Ribeir\u00e3o Preto e regi\u00e3o","publisher":{"@id":"https:\/\/redenoticiaz.com.br\/ribeiraopreto-regiao\/#organization"},"potentialAction":[{"@type":"SearchAction","target":{"@type":"EntryPoint","urlTemplate":"https:\/\/redenoticiaz.com.br\/ribeiraopreto-regiao\/?s={search_term_string}"},"query-input":{"@type":"PropertyValueSpecification","valueRequired":true,"valueName":"search_term_string"}}],"inLanguage":"pt-BR"},{"@type":"Organization","@id":"https:\/\/redenoticiaz.com.br\/ribeiraopreto-regiao\/#organization","name":"Ribeir\u00e3o Preto e Regi\u00e3o","url":"https:\/\/redenoticiaz.com.br\/ribeiraopreto-regiao\/","logo":{"@type":"ImageObject","inLanguage":"pt-BR","@id":"https:\/\/redenoticiaz.com.br\/ribeiraopreto-regiao\/#\/schema\/logo\/image\/","url":"https:\/\/redenoticiaz.com.br\/barretos-regiao\/wp-content\/uploads\/sites\/4\/2022\/02\/logo.jpg","contentUrl":"https:\/\/redenoticiaz.com.br\/barretos-regiao\/wp-content\/uploads\/sites\/4\/2022\/02\/logo.jpg","width":400,"height":250,"caption":"Ribeir\u00e3o Preto e Regi\u00e3o"},"image":{"@id":"https:\/\/redenoticiaz.com.br\/ribeiraopreto-regiao\/#\/schema\/logo\/image\/"},"sameAs":["https:\/\/m.facebook.com\/redenoticiaz.barretos","https:\/\/x.com\/RN_barretos","https:\/\/www.instagram.com\/redenoticiaz.barretos\/?igshid=YmMyMTA2M2Y","https:\/\/www.linkedin.com\/company\/rede-noticiaz-barretos-e-regio\/"]},{"@type":"Person","@id":"https:\/\/redenoticiaz.com.br\/ribeiraopreto-regiao\/#\/schema\/person\/e1b0bd8c2637e2c1b6ddcbc2c33b116f","name":"Patr\u00edcia Prado","image":{"@type":"ImageObject","inLanguage":"pt-BR","@id":"https:\/\/secure.gravatar.com\/avatar\/92e358bef22cfcec15e054ae4d9fee04dadf0c772dc4a17b382b8a34a15354c2?s=96&d=mm&r=g","url":"https:\/\/secure.gravatar.com\/avatar\/92e358bef22cfcec15e054ae4d9fee04dadf0c772dc4a17b382b8a34a15354c2?s=96&d=mm&r=g","contentUrl":"https:\/\/secure.gravatar.com\/avatar\/92e358bef22cfcec15e054ae4d9fee04dadf0c772dc4a17b382b8a34a15354c2?s=96&d=mm&r=g","caption":"Patr\u00edcia Prado"},"url":"https:\/\/redenoticiaz.com.br\/ribeiraopreto-regiao\/sp\/author\/patricia-prado"}]}},"_links":{"self":[{"href":"https:\/\/redenoticiaz.com.br\/ribeiraopreto-regiao\/wp-json\/wp\/v2\/posts\/123141","targetHints":{"allow":["GET"]}}],"collection":[{"href":"https:\/\/redenoticiaz.com.br\/ribeiraopreto-regiao\/wp-json\/wp\/v2\/posts"}],"about":[{"href":"https:\/\/redenoticiaz.com.br\/ribeiraopreto-regiao\/wp-json\/wp\/v2\/types\/post"}],"author":[{"embeddable":true,"href":"https:\/\/redenoticiaz.com.br\/ribeiraopreto-regiao\/wp-json\/wp\/v2\/users\/5"}],"replies":[{"embeddable":true,"href":"https:\/\/redenoticiaz.com.br\/ribeiraopreto-regiao\/wp-json\/wp\/v2\/comments?post=123141"}],"version-history":[{"count":0,"href":"https:\/\/redenoticiaz.com.br\/ribeiraopreto-regiao\/wp-json\/wp\/v2\/posts\/123141\/revisions"}],"wp:featuredmedia":[{"embeddable":true,"href":"https:\/\/redenoticiaz.com.br\/ribeiraopreto-regiao\/wp-json\/wp\/v2\/media\/123142"}],"wp:attachment":[{"href":"https:\/\/redenoticiaz.com.br\/ribeiraopreto-regiao\/wp-json\/wp\/v2\/media?parent=123141"}],"wp:term":[{"taxonomy":"category","embeddable":true,"href":"https:\/\/redenoticiaz.com.br\/ribeiraopreto-regiao\/wp-json\/wp\/v2\/categories?post=123141"},{"taxonomy":"post_tag","embeddable":true,"href":"https:\/\/redenoticiaz.com.br\/ribeiraopreto-regiao\/wp-json\/wp\/v2\/tags?post=123141"}],"curies":[{"name":"wp","href":"https:\/\/api.w.org\/{rel}","templated":true}]}}