{"id":123145,"date":"2026-09-02T20:57:11","date_gmt":"2026-09-02T23:57:11","guid":{"rendered":"https:\/\/redenoticiaz.com.br\/ribeiraopreto-regiao\/sp\/2026\/09\/02\/aquecimento-acima-de-15c-traz-riscos-a-saude-e-economia-global"},"modified":"2026-09-02T20:57:11","modified_gmt":"2026-09-02T23:57:11","slug":"aquecimento-acima-de-15c-traz-riscos-a-saude-e-economia-global","status":"publish","type":"post","link":"https:\/\/redenoticiaz.com.br\/ribeiraopreto-regiao\/sp\/2026\/09\/02\/aquecimento-acima-de-15c-traz-riscos-a-saude-e-economia-global","title":{"rendered":"Aquecimento acima de 1,5\u00b0C traz riscos \u00e0 sa\u00fade e economia global"},"content":{"rendered":"<p>Especialistas alertam que desastres naturais, ondas de calor, secas severas, chuvas intensas e perdas agr\u00edcolas se tornar\u00e3o mais frequentes em um mundo que j\u00e1 est\u00e1 esquentando mais do que o esperado. A previs\u00e3o foi feita ap\u00f3s o an\u00fancio das Na\u00e7\u00f5es Unidas, que indicou que a temperatura global deve ultrapassar o limite de 1,5\u00baC nos pr\u00f3ximos anos.<\/p>\n<p>Andr\u00e9 Guimar\u00e3es, diretor executivo do Instituto de Pesquisa Ambiental da Amaz\u00f4nia (IPAM), destacou a gravidade da situa\u00e7\u00e3o e a necessidade de a\u00e7\u00e3o imediata. \u201cHoje \u00e9 um dia triste para a humanidade. Fomos derrotados por n\u00f3s mesmos\u201d, lamentou. Ele enfatizou que a humanidade tem o poder de mudar seu futuro, mas isso exige a redu\u00e7\u00e3o urgente da queima de combust\u00edveis f\u00f3sseis e a preserva\u00e7\u00e3o das florestas.<\/p>\n<p>No evento promovido pelo Instituto Clima e Sociedade (iCS), Thelma Krug, presidente do Comit\u00ea Diretor do Sistema Global de Observa\u00e7\u00e3o do Clima (GCOS), da Organiza\u00e7\u00e3o Meteorol\u00f3gica Mundial (OMM), afirmou que a magnitude e a dura\u00e7\u00e3o do aquecimento clim\u00e1tico impactar\u00e3o severamente a sociedade e o meio ambiente. A temperatura global j\u00e1 est\u00e1 cerca de 1,37\u00b0C acima dos n\u00edveis pr\u00e9-industriais, com um aumento m\u00e9dio de 0,26\u00b0C por d\u00e9cada. \u201cSe continuarmos nesse ritmo de emiss\u00f5es, teremos tr\u00eas ou quatro anos para limitar o aquecimento\u201d, explicou Krug.<\/p>\n<p>O economista Sergio Margulis, do Instituto Internacional para Sustentabilidade (IIS), afirmou que os preju\u00edzos econ\u00f4micos relacionados ao aumento das temperaturas j\u00e1 correspondem a 2% do PIB global, afetando setores como infraestrutura, agricultura, sa\u00fade e energia. Ele defendeu a necessidade de um investimento significativo na transi\u00e7\u00e3o energ\u00e9tica, aumentando os gastos de descarboniza\u00e7\u00e3o de 2 trilh\u00f5es para cerca de 5 trilh\u00f5es de d\u00f3lares. Segundo Margulis, \u201cn\u00e3o tem como fugir disso\u201d.<\/p>\n<p>Margulis tamb\u00e9m alertou que, embora a adapta\u00e7\u00e3o seja importante, n\u00e3o \u00e9 suficiente para resolver o problema do aquecimento global. \u201cTemos que parar com as emiss\u00f5es. Os pa\u00edses n\u00e3o podem esperar a revers\u00e3o do clima para agir\u201d, afirmou.<\/p>\n<p>Claudio Angelo, coordenador de pol\u00edtica internacional do Observat\u00f3rio do Clima (OC), refor\u00e7ou que o relat\u00f3rio da ONU serve como um alerta para impedir que o aquecimento ultrapasse os 1,5\u00baC. \u201cAbandonar esse objetivo n\u00e3o \u00e9 uma op\u00e7\u00e3o; seria assinar um pacto coletivo de suic\u00eddio. Precisamos parar j\u00e1 a expans\u00e3o de combust\u00edveis f\u00f3sseis, e a COP31 em dois meses \u00e9 uma oportunidade crucial para essa decis\u00e3o\u201d, concluiu Angelo.<\/p>\n","protected":false},"excerpt":{"rendered":"<p>Especialistas alertam que desastres naturais, ondas de calor, secas severas, chuvas intensas e perdas agr\u00edcolas se tornar\u00e3o mais frequentes em um mundo que j\u00e1 est\u00e1 esquentando mais do que o esperado. A previs\u00e3o foi feita ap\u00f3s o an\u00fancio das Na\u00e7\u00f5es Unidas, que indicou que a temperatura global deve ultrapassar o limite de 1,5\u00baC nos pr\u00f3ximos &hellip;<\/p>\n","protected":false},"author":5,"featured_media":123146,"comment_status":"open","ping_status":"closed","sticky":false,"template":"","format":"standard","meta":{"footnotes":""},"categories":[5267,1771,101,94,68,2920,186,129],"tags":[],"class_list":["post-123145","post","type-post","status-publish","format-standard","has-post-thumbnail","hentry","category-agricultura","category-climatologia","category-economia","category-meio-ambiente","category-mundo","category-obras","category-politica","category-saude"],"yoast_head":"<!-- This site is optimized with the Yoast SEO plugin v28.4 - https:\/\/yoast.com\/product\/yoast-seo-wordpress\/ -->\n<title>Aquecimento acima de 1,5\u00b0C traz riscos \u00e0 sa\u00fade e economia global - Ribeir\u00e3o Preto e Regi\u00e3o<\/title>\n<meta name=\"robots\" content=\"index, follow, max-snippet:-1, max-image-preview:large, max-video-preview:-1\" \/>\n<link rel=\"canonical\" href=\"https:\/\/redenoticiaz.com.br\/ribeiraopreto-regiao\/sp\/2026\/09\/02\/aquecimento-acima-de-15c-traz-riscos-a-saude-e-economia-global\" \/>\n<meta property=\"og:locale\" content=\"pt_BR\" \/>\n<meta property=\"og:type\" content=\"article\" \/>\n<meta property=\"og:title\" content=\"Aquecimento acima de 1,5\u00b0C traz riscos \u00e0 sa\u00fade e economia global - Ribeir\u00e3o Preto e Regi\u00e3o\" \/>\n<meta property=\"og:description\" content=\"Especialistas alertam que desastres naturais, ondas de calor, secas severas, chuvas intensas e perdas agr\u00edcolas se tornar\u00e3o mais frequentes em um mundo que j\u00e1 est\u00e1 esquentando mais do que o esperado. A previs\u00e3o foi feita ap\u00f3s o an\u00fancio das Na\u00e7\u00f5es Unidas, que indicou que a temperatura global deve ultrapassar o limite de 1,5\u00baC nos pr\u00f3ximos &hellip;\" \/>\n<meta property=\"og:url\" content=\"https:\/\/redenoticiaz.com.br\/ribeiraopreto-regiao\/sp\/2026\/09\/02\/aquecimento-acima-de-15c-traz-riscos-a-saude-e-economia-global\" \/>\n<meta property=\"og:site_name\" content=\"Ribeir\u00e3o Preto e Regi\u00e3o\" \/>\n<meta property=\"article:publisher\" content=\"https:\/\/m.facebook.com\/redenoticiaz.barretos\" \/>\n<meta property=\"article:published_time\" content=\"2026-09-02T23:57:11+00:00\" \/>\n<meta property=\"og:image\" content=\"https:\/\/redenoticiaz.com.br\/ribeiraopreto-regiao\/wp-content\/uploads\/sites\/4\/2022\/02\/logo.jpg\" \/>\n\t<meta property=\"og:image:width\" content=\"400\" \/>\n\t<meta property=\"og:image:height\" content=\"250\" \/>\n\t<meta property=\"og:image:type\" content=\"image\/jpeg\" \/>\n<meta name=\"author\" content=\"Patr\u00edcia Prado\" \/>\n<meta name=\"twitter:card\" content=\"summary_large_image\" \/>\n<meta name=\"twitter:creator\" content=\"@RN_barretos\" \/>\n<meta name=\"twitter:site\" content=\"@RN_barretos\" \/>\n<meta name=\"twitter:label1\" content=\"Escrito por\" \/>\n\t<meta name=\"twitter:data1\" content=\"Patr\u00edcia Prado\" \/>\n\t<meta name=\"twitter:label2\" content=\"Est. tempo de leitura\" \/>\n\t<meta name=\"twitter:data2\" content=\"2 minutos\" \/>\n<script type=\"application\/ld+json\" class=\"yoast-schema-graph\">{\"@context\":\"https:\\\/\\\/schema.org\",\"@graph\":[{\"@type\":\"Article\",\"@id\":\"https:\\\/\\\/redenoticiaz.com.br\\\/ribeiraopreto-regiao\\\/sp\\\/2026\\\/09\\\/02\\\/aquecimento-acima-de-15c-traz-riscos-a-saude-e-economia-global#article\",\"isPartOf\":{\"@id\":\"https:\\\/\\\/redenoticiaz.com.br\\\/ribeiraopreto-regiao\\\/sp\\\/2026\\\/09\\\/02\\\/aquecimento-acima-de-15c-traz-riscos-a-saude-e-economia-global\"},\"author\":{\"name\":\"Patr\u00edcia Prado\",\"@id\":\"https:\\\/\\\/redenoticiaz.com.br\\\/ribeiraopreto-regiao\\\/#\\\/schema\\\/person\\\/e1b0bd8c2637e2c1b6ddcbc2c33b116f\"},\"headline\":\"Aquecimento acima de 1,5\u00b0C traz riscos \u00e0 sa\u00fade e economia global\",\"datePublished\":\"2026-09-02T23:57:11+00:00\",\"mainEntityOfPage\":{\"@id\":\"https:\\\/\\\/redenoticiaz.com.br\\\/ribeiraopreto-regiao\\\/sp\\\/2026\\\/09\\\/02\\\/aquecimento-acima-de-15c-traz-riscos-a-saude-e-economia-global\"},\"wordCount\":435,\"commentCount\":0,\"publisher\":{\"@id\":\"https:\\\/\\\/redenoticiaz.com.br\\\/ribeiraopreto-regiao\\\/#organization\"},\"image\":{\"@id\":\"https:\\\/\\\/redenoticiaz.com.br\\\/ribeiraopreto-regiao\\\/sp\\\/2026\\\/09\\\/02\\\/aquecimento-acima-de-15c-traz-riscos-a-saude-e-economia-global#primaryimage\"},\"thumbnailUrl\":\"https:\\\/\\\/redenoticiaz.com.br\\\/ribeiraopreto-regiao\\\/wp-content\\\/uploads\\\/sites\\\/4\\\/2026\\\/09\\\/seca_2.jpg\",\"articleSection\":[\"Agricultura\",\"Climatologia\",\"Economia\",\"Meio Ambiente\",\"Mundo\",\"Obras\",\"Pol\u00edtica\",\"Sa\u00fade\"],\"inLanguage\":\"pt-BR\",\"potentialAction\":[{\"@type\":\"CommentAction\",\"name\":\"Comment\",\"target\":[\"https:\\\/\\\/redenoticiaz.com.br\\\/ribeiraopreto-regiao\\\/sp\\\/2026\\\/09\\\/02\\\/aquecimento-acima-de-15c-traz-riscos-a-saude-e-economia-global#respond\"]}]},{\"@type\":\"WebPage\",\"@id\":\"https:\\\/\\\/redenoticiaz.com.br\\\/ribeiraopreto-regiao\\\/sp\\\/2026\\\/09\\\/02\\\/aquecimento-acima-de-15c-traz-riscos-a-saude-e-economia-global\",\"url\":\"https:\\\/\\\/redenoticiaz.com.br\\\/ribeiraopreto-regiao\\\/sp\\\/2026\\\/09\\\/02\\\/aquecimento-acima-de-15c-traz-riscos-a-saude-e-economia-global\",\"name\":\"Aquecimento acima de 1,5\u00b0C traz riscos \u00e0 sa\u00fade e economia global - Ribeir\u00e3o Preto e Regi\u00e3o\",\"isPartOf\":{\"@id\":\"https:\\\/\\\/redenoticiaz.com.br\\\/ribeiraopreto-regiao\\\/#website\"},\"primaryImageOfPage\":{\"@id\":\"https:\\\/\\\/redenoticiaz.com.br\\\/ribeiraopreto-regiao\\\/sp\\\/2026\\\/09\\\/02\\\/aquecimento-acima-de-15c-traz-riscos-a-saude-e-economia-global#primaryimage\"},\"image\":{\"@id\":\"https:\\\/\\\/redenoticiaz.com.br\\\/ribeiraopreto-regiao\\\/sp\\\/2026\\\/09\\\/02\\\/aquecimento-acima-de-15c-traz-riscos-a-saude-e-economia-global#primaryimage\"},\"thumbnailUrl\":\"https:\\\/\\\/redenoticiaz.com.br\\\/ribeiraopreto-regiao\\\/wp-content\\\/uploads\\\/sites\\\/4\\\/2026\\\/09\\\/seca_2.jpg\",\"datePublished\":\"2026-09-02T23:57:11+00:00\",\"inLanguage\":\"pt-BR\",\"potentialAction\":[{\"@type\":\"ReadAction\",\"target\":[\"https:\\\/\\\/redenoticiaz.com.br\\\/ribeiraopreto-regiao\\\/sp\\\/2026\\\/09\\\/02\\\/aquecimento-acima-de-15c-traz-riscos-a-saude-e-economia-global\"]}]},{\"@type\":\"ImageObject\",\"inLanguage\":\"pt-BR\",\"@id\":\"https:\\\/\\\/redenoticiaz.com.br\\\/ribeiraopreto-regiao\\\/sp\\\/2026\\\/09\\\/02\\\/aquecimento-acima-de-15c-traz-riscos-a-saude-e-economia-global#primaryimage\",\"url\":\"https:\\\/\\\/redenoticiaz.com.br\\\/ribeiraopreto-regiao\\\/wp-content\\\/uploads\\\/sites\\\/4\\\/2026\\\/09\\\/seca_2.jpg\",\"contentUrl\":\"https:\\\/\\\/redenoticiaz.com.br\\\/ribeiraopreto-regiao\\\/wp-content\\\/uploads\\\/sites\\\/4\\\/2026\\\/09\\\/seca_2.jpg\",\"width\":1600,\"height\":800},{\"@type\":\"WebSite\",\"@id\":\"https:\\\/\\\/redenoticiaz.com.br\\\/ribeiraopreto-regiao\\\/#website\",\"url\":\"https:\\\/\\\/redenoticiaz.com.br\\\/ribeiraopreto-regiao\\\/\",\"name\":\"Ribeir\u00e3o Preto e Regi\u00e3o\",\"description\":\"Rede NoticiaZ - Ribeir\u00e3o Preto e regi\u00e3o\",\"publisher\":{\"@id\":\"https:\\\/\\\/redenoticiaz.com.br\\\/ribeiraopreto-regiao\\\/#organization\"},\"potentialAction\":[{\"@type\":\"SearchAction\",\"target\":{\"@type\":\"EntryPoint\",\"urlTemplate\":\"https:\\\/\\\/redenoticiaz.com.br\\\/ribeiraopreto-regiao\\\/?s={search_term_string}\"},\"query-input\":{\"@type\":\"PropertyValueSpecification\",\"valueRequired\":true,\"valueName\":\"search_term_string\"}}],\"inLanguage\":\"pt-BR\"},{\"@type\":\"Organization\",\"@id\":\"https:\\\/\\\/redenoticiaz.com.br\\\/ribeiraopreto-regiao\\\/#organization\",\"name\":\"Ribeir\u00e3o Preto e Regi\u00e3o\",\"url\":\"https:\\\/\\\/redenoticiaz.com.br\\\/ribeiraopreto-regiao\\\/\",\"logo\":{\"@type\":\"ImageObject\",\"inLanguage\":\"pt-BR\",\"@id\":\"https:\\\/\\\/redenoticiaz.com.br\\\/ribeiraopreto-regiao\\\/#\\\/schema\\\/logo\\\/image\\\/\",\"url\":\"https:\\\/\\\/redenoticiaz.com.br\\\/barretos-regiao\\\/wp-content\\\/uploads\\\/sites\\\/4\\\/2022\\\/02\\\/logo.jpg\",\"contentUrl\":\"https:\\\/\\\/redenoticiaz.com.br\\\/barretos-regiao\\\/wp-content\\\/uploads\\\/sites\\\/4\\\/2022\\\/02\\\/logo.jpg\",\"width\":400,\"height\":250,\"caption\":\"Ribeir\u00e3o Preto e Regi\u00e3o\"},\"image\":{\"@id\":\"https:\\\/\\\/redenoticiaz.com.br\\\/ribeiraopreto-regiao\\\/#\\\/schema\\\/logo\\\/image\\\/\"},\"sameAs\":[\"https:\\\/\\\/m.facebook.com\\\/redenoticiaz.barretos\",\"https:\\\/\\\/x.com\\\/RN_barretos\",\"https:\\\/\\\/www.instagram.com\\\/redenoticiaz.barretos\\\/?igshid=YmMyMTA2M2Y\",\"https:\\\/\\\/www.linkedin.com\\\/company\\\/rede-noticiaz-barretos-e-regio\\\/\"]},{\"@type\":\"Person\",\"@id\":\"https:\\\/\\\/redenoticiaz.com.br\\\/ribeiraopreto-regiao\\\/#\\\/schema\\\/person\\\/e1b0bd8c2637e2c1b6ddcbc2c33b116f\",\"name\":\"Patr\u00edcia Prado\",\"image\":{\"@type\":\"ImageObject\",\"inLanguage\":\"pt-BR\",\"@id\":\"https:\\\/\\\/secure.gravatar.com\\\/avatar\\\/92e358bef22cfcec15e054ae4d9fee04dadf0c772dc4a17b382b8a34a15354c2?s=96&d=mm&r=g\",\"url\":\"https:\\\/\\\/secure.gravatar.com\\\/avatar\\\/92e358bef22cfcec15e054ae4d9fee04dadf0c772dc4a17b382b8a34a15354c2?s=96&d=mm&r=g\",\"contentUrl\":\"https:\\\/\\\/secure.gravatar.com\\\/avatar\\\/92e358bef22cfcec15e054ae4d9fee04dadf0c772dc4a17b382b8a34a15354c2?s=96&d=mm&r=g\",\"caption\":\"Patr\u00edcia Prado\"},\"url\":\"https:\\\/\\\/redenoticiaz.com.br\\\/ribeiraopreto-regiao\\\/sp\\\/author\\\/patricia-prado\"}]}<\/script>\n<!-- \/ Yoast SEO plugin. -->","yoast_head_json":{"title":"Aquecimento acima de 1,5\u00b0C traz riscos \u00e0 sa\u00fade e economia global - Ribeir\u00e3o Preto e Regi\u00e3o","robots":{"index":"index","follow":"follow","max-snippet":"max-snippet:-1","max-image-preview":"max-image-preview:large","max-video-preview":"max-video-preview:-1"},"canonical":"https:\/\/redenoticiaz.com.br\/ribeiraopreto-regiao\/sp\/2026\/09\/02\/aquecimento-acima-de-15c-traz-riscos-a-saude-e-economia-global","og_locale":"pt_BR","og_type":"article","og_title":"Aquecimento acima de 1,5\u00b0C traz riscos \u00e0 sa\u00fade e economia global - Ribeir\u00e3o Preto e Regi\u00e3o","og_description":"Especialistas alertam que desastres naturais, ondas de calor, secas severas, chuvas intensas e perdas agr\u00edcolas se tornar\u00e3o mais frequentes em um mundo que j\u00e1 est\u00e1 esquentando mais do que o esperado. A previs\u00e3o foi feita ap\u00f3s o an\u00fancio das Na\u00e7\u00f5es Unidas, que indicou que a temperatura global deve ultrapassar o limite de 1,5\u00baC nos pr\u00f3ximos &hellip;","og_url":"https:\/\/redenoticiaz.com.br\/ribeiraopreto-regiao\/sp\/2026\/09\/02\/aquecimento-acima-de-15c-traz-riscos-a-saude-e-economia-global","og_site_name":"Ribeir\u00e3o Preto e Regi\u00e3o","article_publisher":"https:\/\/m.facebook.com\/redenoticiaz.barretos","article_published_time":"2026-09-02T23:57:11+00:00","og_image":[{"width":400,"height":250,"url":"https:\/\/redenoticiaz.com.br\/ribeiraopreto-regiao\/wp-content\/uploads\/sites\/4\/2022\/02\/logo.jpg","type":"image\/jpeg"}],"author":"Patr\u00edcia Prado","twitter_card":"summary_large_image","twitter_creator":"@RN_barretos","twitter_site":"@RN_barretos","twitter_misc":{"Escrito por":"Patr\u00edcia Prado","Est. tempo de leitura":"2 minutos"},"schema":{"@context":"https:\/\/schema.org","@graph":[{"@type":"Article","@id":"https:\/\/redenoticiaz.com.br\/ribeiraopreto-regiao\/sp\/2026\/09\/02\/aquecimento-acima-de-15c-traz-riscos-a-saude-e-economia-global#article","isPartOf":{"@id":"https:\/\/redenoticiaz.com.br\/ribeiraopreto-regiao\/sp\/2026\/09\/02\/aquecimento-acima-de-15c-traz-riscos-a-saude-e-economia-global"},"author":{"name":"Patr\u00edcia Prado","@id":"https:\/\/redenoticiaz.com.br\/ribeiraopreto-regiao\/#\/schema\/person\/e1b0bd8c2637e2c1b6ddcbc2c33b116f"},"headline":"Aquecimento acima de 1,5\u00b0C traz riscos \u00e0 sa\u00fade e economia global","datePublished":"2026-09-02T23:57:11+00:00","mainEntityOfPage":{"@id":"https:\/\/redenoticiaz.com.br\/ribeiraopreto-regiao\/sp\/2026\/09\/02\/aquecimento-acima-de-15c-traz-riscos-a-saude-e-economia-global"},"wordCount":435,"commentCount":0,"publisher":{"@id":"https:\/\/redenoticiaz.com.br\/ribeiraopreto-regiao\/#organization"},"image":{"@id":"https:\/\/redenoticiaz.com.br\/ribeiraopreto-regiao\/sp\/2026\/09\/02\/aquecimento-acima-de-15c-traz-riscos-a-saude-e-economia-global#primaryimage"},"thumbnailUrl":"https:\/\/redenoticiaz.com.br\/ribeiraopreto-regiao\/wp-content\/uploads\/sites\/4\/2026\/09\/seca_2.jpg","articleSection":["Agricultura","Climatologia","Economia","Meio Ambiente","Mundo","Obras","Pol\u00edtica","Sa\u00fade"],"inLanguage":"pt-BR","potentialAction":[{"@type":"CommentAction","name":"Comment","target":["https:\/\/redenoticiaz.com.br\/ribeiraopreto-regiao\/sp\/2026\/09\/02\/aquecimento-acima-de-15c-traz-riscos-a-saude-e-economia-global#respond"]}]},{"@type":"WebPage","@id":"https:\/\/redenoticiaz.com.br\/ribeiraopreto-regiao\/sp\/2026\/09\/02\/aquecimento-acima-de-15c-traz-riscos-a-saude-e-economia-global","url":"https:\/\/redenoticiaz.com.br\/ribeiraopreto-regiao\/sp\/2026\/09\/02\/aquecimento-acima-de-15c-traz-riscos-a-saude-e-economia-global","name":"Aquecimento acima de 1,5\u00b0C traz riscos \u00e0 sa\u00fade e economia global - Ribeir\u00e3o Preto e Regi\u00e3o","isPartOf":{"@id":"https:\/\/redenoticiaz.com.br\/ribeiraopreto-regiao\/#website"},"primaryImageOfPage":{"@id":"https:\/\/redenoticiaz.com.br\/ribeiraopreto-regiao\/sp\/2026\/09\/02\/aquecimento-acima-de-15c-traz-riscos-a-saude-e-economia-global#primaryimage"},"image":{"@id":"https:\/\/redenoticiaz.com.br\/ribeiraopreto-regiao\/sp\/2026\/09\/02\/aquecimento-acima-de-15c-traz-riscos-a-saude-e-economia-global#primaryimage"},"thumbnailUrl":"https:\/\/redenoticiaz.com.br\/ribeiraopreto-regiao\/wp-content\/uploads\/sites\/4\/2026\/09\/seca_2.jpg","datePublished":"2026-09-02T23:57:11+00:00","inLanguage":"pt-BR","potentialAction":[{"@type":"ReadAction","target":["https:\/\/redenoticiaz.com.br\/ribeiraopreto-regiao\/sp\/2026\/09\/02\/aquecimento-acima-de-15c-traz-riscos-a-saude-e-economia-global"]}]},{"@type":"ImageObject","inLanguage":"pt-BR","@id":"https:\/\/redenoticiaz.com.br\/ribeiraopreto-regiao\/sp\/2026\/09\/02\/aquecimento-acima-de-15c-traz-riscos-a-saude-e-economia-global#primaryimage","url":"https:\/\/redenoticiaz.com.br\/ribeiraopreto-regiao\/wp-content\/uploads\/sites\/4\/2026\/09\/seca_2.jpg","contentUrl":"https:\/\/redenoticiaz.com.br\/ribeiraopreto-regiao\/wp-content\/uploads\/sites\/4\/2026\/09\/seca_2.jpg","width":1600,"height":800},{"@type":"WebSite","@id":"https:\/\/redenoticiaz.com.br\/ribeiraopreto-regiao\/#website","url":"https:\/\/redenoticiaz.com.br\/ribeiraopreto-regiao\/","name":"Ribeir\u00e3o Preto e Regi\u00e3o","description":"Rede NoticiaZ - Ribeir\u00e3o Preto e regi\u00e3o","publisher":{"@id":"https:\/\/redenoticiaz.com.br\/ribeiraopreto-regiao\/#organization"},"potentialAction":[{"@type":"SearchAction","target":{"@type":"EntryPoint","urlTemplate":"https:\/\/redenoticiaz.com.br\/ribeiraopreto-regiao\/?s={search_term_string}"},"query-input":{"@type":"PropertyValueSpecification","valueRequired":true,"valueName":"search_term_string"}}],"inLanguage":"pt-BR"},{"@type":"Organization","@id":"https:\/\/redenoticiaz.com.br\/ribeiraopreto-regiao\/#organization","name":"Ribeir\u00e3o Preto e Regi\u00e3o","url":"https:\/\/redenoticiaz.com.br\/ribeiraopreto-regiao\/","logo":{"@type":"ImageObject","inLanguage":"pt-BR","@id":"https:\/\/redenoticiaz.com.br\/ribeiraopreto-regiao\/#\/schema\/logo\/image\/","url":"https:\/\/redenoticiaz.com.br\/barretos-regiao\/wp-content\/uploads\/sites\/4\/2022\/02\/logo.jpg","contentUrl":"https:\/\/redenoticiaz.com.br\/barretos-regiao\/wp-content\/uploads\/sites\/4\/2022\/02\/logo.jpg","width":400,"height":250,"caption":"Ribeir\u00e3o Preto e Regi\u00e3o"},"image":{"@id":"https:\/\/redenoticiaz.com.br\/ribeiraopreto-regiao\/#\/schema\/logo\/image\/"},"sameAs":["https:\/\/m.facebook.com\/redenoticiaz.barretos","https:\/\/x.com\/RN_barretos","https:\/\/www.instagram.com\/redenoticiaz.barretos\/?igshid=YmMyMTA2M2Y","https:\/\/www.linkedin.com\/company\/rede-noticiaz-barretos-e-regio\/"]},{"@type":"Person","@id":"https:\/\/redenoticiaz.com.br\/ribeiraopreto-regiao\/#\/schema\/person\/e1b0bd8c2637e2c1b6ddcbc2c33b116f","name":"Patr\u00edcia Prado","image":{"@type":"ImageObject","inLanguage":"pt-BR","@id":"https:\/\/secure.gravatar.com\/avatar\/92e358bef22cfcec15e054ae4d9fee04dadf0c772dc4a17b382b8a34a15354c2?s=96&d=mm&r=g","url":"https:\/\/secure.gravatar.com\/avatar\/92e358bef22cfcec15e054ae4d9fee04dadf0c772dc4a17b382b8a34a15354c2?s=96&d=mm&r=g","contentUrl":"https:\/\/secure.gravatar.com\/avatar\/92e358bef22cfcec15e054ae4d9fee04dadf0c772dc4a17b382b8a34a15354c2?s=96&d=mm&r=g","caption":"Patr\u00edcia Prado"},"url":"https:\/\/redenoticiaz.com.br\/ribeiraopreto-regiao\/sp\/author\/patricia-prado"}]}},"_links":{"self":[{"href":"https:\/\/redenoticiaz.com.br\/ribeiraopreto-regiao\/wp-json\/wp\/v2\/posts\/123145","targetHints":{"allow":["GET"]}}],"collection":[{"href":"https:\/\/redenoticiaz.com.br\/ribeiraopreto-regiao\/wp-json\/wp\/v2\/posts"}],"about":[{"href":"https:\/\/redenoticiaz.com.br\/ribeiraopreto-regiao\/wp-json\/wp\/v2\/types\/post"}],"author":[{"embeddable":true,"href":"https:\/\/redenoticiaz.com.br\/ribeiraopreto-regiao\/wp-json\/wp\/v2\/users\/5"}],"replies":[{"embeddable":true,"href":"https:\/\/redenoticiaz.com.br\/ribeiraopreto-regiao\/wp-json\/wp\/v2\/comments?post=123145"}],"version-history":[{"count":0,"href":"https:\/\/redenoticiaz.com.br\/ribeiraopreto-regiao\/wp-json\/wp\/v2\/posts\/123145\/revisions"}],"wp:featuredmedia":[{"embeddable":true,"href":"https:\/\/redenoticiaz.com.br\/ribeiraopreto-regiao\/wp-json\/wp\/v2\/media\/123146"}],"wp:attachment":[{"href":"https:\/\/redenoticiaz.com.br\/ribeiraopreto-regiao\/wp-json\/wp\/v2\/media?parent=123145"}],"wp:term":[{"taxonomy":"category","embeddable":true,"href":"https:\/\/redenoticiaz.com.br\/ribeiraopreto-regiao\/wp-json\/wp\/v2\/categories?post=123145"},{"taxonomy":"post_tag","embeddable":true,"href":"https:\/\/redenoticiaz.com.br\/ribeiraopreto-regiao\/wp-json\/wp\/v2\/tags?post=123145"}],"curies":[{"name":"wp","href":"https:\/\/api.w.org\/{rel}","templated":true}]}}