{"id":123147,"date":"2026-09-02T21:28:29","date_gmt":"2026-09-03T00:28:29","guid":{"rendered":"https:\/\/redenoticiaz.com.br\/ribeiraopreto-regiao\/sp\/2026\/09\/02\/candidatos-a-presidente-tem-agenda-diversificada-em-encontro-com-eleitores"},"modified":"2026-09-02T21:28:29","modified_gmt":"2026-09-03T00:28:29","slug":"candidatos-a-presidente-tem-agenda-diversificada-em-encontro-com-eleitores","status":"publish","type":"post","link":"https:\/\/redenoticiaz.com.br\/ribeiraopreto-regiao\/sp\/2026\/09\/02\/candidatos-a-presidente-tem-agenda-diversificada-em-encontro-com-eleitores","title":{"rendered":"Candidatos a presidente t\u00eam agenda diversificada em encontro com eleitores"},"content":{"rendered":"<p>Nesta quarta-feira (2), a agenda dos candidatos \u00e0 presid\u00eancia do Brasil incluiu uma s\u00e9rie de entrevistas, sabatinas e encontros com diversos segmentos da popula\u00e7\u00e3o, al\u00e9m de visitas a institui\u00e7\u00f5es e mercados. Confira a programa\u00e7\u00e3o dos presidenci\u00e1veis.<\/p>\n<p>Rui Costa Pimenta, do PCO, n\u00e3o teve agenda p\u00fablica de campanha.<\/p>\n<p>Samara Martins, candidata da UP, realizou atividades no Rio de Janeiro, onde se reuniu com estudantes e trabalhadores em frente ao Hospital Clementino Fraga Filho, da UFRJ, na Ilha do Fund\u00e3o, e visitou o restaurante universit\u00e1rio da institui\u00e7\u00e3o.<\/p>\n<p>Wilson Grassi, do Democrata, protestou em frente ao Tribunal Superior Eleitoral (TSE) em Bras\u00edlia contra a suspens\u00e3o de sua campanha nas redes sociais, determinada pelo ministro Dias Toffoli. Grassi considerou a medida desproporcional, uma vez que sua campanha \u00e9 inteiramente realizada online, sem uso de recursos do fundo eleitoral, o que vem dificultando sua apresenta\u00e7\u00e3o aos eleitores.<\/p>\n<p>Augusto Cury, do Avante, esteve em S\u00e3o Paulo, onde visitou a Federa\u00e7\u00e3o Israelita do Estado de S\u00e3o Paulo (Fisesp) e dialogou com representantes da comunidade judaica. Durante a conversa, Cury enfatizou a import\u00e2ncia da pacifica\u00e7\u00e3o e do combate \u00e0 viol\u00eancia contra a cultura e ao preconceito.<\/p>\n<p>Clariana Bar\u00e3o, da Democracia Crist\u00e3, tamb\u00e9m cumpriu agenda em S\u00e3o Paulo, participando de programas de r\u00e1dio e TV. Ela visitou a \u00e1rea do Br\u00e1s, onde conversou com lojistas, e esteve na Casa da Mulher Brasileira, institui\u00e7\u00e3o que apoia mulheres v\u00edtimas de viol\u00eancia dom\u00e9stica.<\/p>\n<p>Edmilson Costa, candidato do PCB, teve compromissos na secretaria-geral do partido em Lisboa.<\/p>\n<p>Fl\u00e1vio Bolsonaro, do PL, n\u00e3o teve agenda p\u00fablica. O mesmo aconteceu com Hertz Dias, do PSTU, Luiz In\u00e1cio Lula da Silva, do PT, e Renan Santos, da Miss\u00e3o, que n\u00e3o divulgaram atividades no dia de hoje.<\/p>\n<p>Romeu Zema, do Novo, participou de um encontro com motoristas de aplicativo em S\u00e3o Paulo, onde defendeu a livre negocia\u00e7\u00e3o entre empresas e trabalhadores, ressaltando a necessidade de clareza nas condi\u00e7\u00f5es de trabalho.<\/p>\n<p>Ronaldo Caiado, do PSD, concedeu uma entrevista \u00e0 r\u00e1dio Metropolitana 90.5 FM, em S\u00e3o Paulo, e visitou o Mercado Municipal de Pinheiros, onde conversou com lojistas. Ele afirmou que, se eleito, pretende reduzir a taxa de juros a 7%, afirmando que muitos pequenos empres\u00e1rios t\u00eam enfrentado dificuldades financeiras.<\/p>\n<p>A cobertura das atividades dos candidatos \u00e0 presid\u00eancia seguir\u00e1 um rod\u00edzio di\u00e1rio em ordem alfab\u00e9tica.<\/p>\n<p><em>Colaboraram Douglas C\u00f4rrea (Rio de Janeiro), Fl\u00e1via Albuquerque (S\u00e3o Paulo) e Luciano Nascimento (S\u00e3o Lu\u00eds)<\/em><\/p>\n","protected":false},"excerpt":{"rendered":"<p>Nesta quarta-feira (2), a agenda dos candidatos \u00e0 presid\u00eancia do Brasil incluiu uma s\u00e9rie de entrevistas, sabatinas e encontros com diversos segmentos da popula\u00e7\u00e3o, al\u00e9m de visitas a institui\u00e7\u00f5es e mercados. Confira a programa\u00e7\u00e3o dos presidenci\u00e1veis. Rui Costa Pimenta, do PCO, n\u00e3o teve agenda p\u00fablica de campanha. Samara Martins, candidata da UP, realizou atividades no &hellip;<\/p>\n","protected":false},"author":5,"featured_media":123056,"comment_status":"open","ping_status":"closed","sticky":false,"template":"","format":"standard","meta":{"footnotes":""},"categories":[469,101,820,9271,29902,175,186,129,1561,2075],"tags":[],"class_list":["post-123147","post","type-post","status-publish","format-standard","has-post-thumbnail","hentry","category-cultura","category-economia","category-educacao","category-eleicoes","category-emprego","category-gastronomia","category-politica","category-saude","category-tecnologia","category-trabalho"],"yoast_head":"<!-- This site is optimized with the Yoast SEO plugin v28.4 - https:\/\/yoast.com\/product\/yoast-seo-wordpress\/ -->\n<title>Candidatos a presidente t\u00eam agenda diversificada em encontro com eleitores - Ribeir\u00e3o Preto e Regi\u00e3o<\/title>\n<meta name=\"robots\" content=\"index, follow, max-snippet:-1, max-image-preview:large, max-video-preview:-1\" \/>\n<link rel=\"canonical\" href=\"https:\/\/redenoticiaz.com.br\/ribeiraopreto-regiao\/sp\/2026\/09\/02\/candidatos-a-presidente-tem-agenda-diversificada-em-encontro-com-eleitores\" \/>\n<meta property=\"og:locale\" content=\"pt_BR\" \/>\n<meta property=\"og:type\" content=\"article\" \/>\n<meta property=\"og:title\" content=\"Candidatos a presidente t\u00eam agenda diversificada em encontro com eleitores - Ribeir\u00e3o Preto e Regi\u00e3o\" \/>\n<meta property=\"og:description\" content=\"Nesta quarta-feira (2), a agenda dos candidatos \u00e0 presid\u00eancia do Brasil incluiu uma s\u00e9rie de entrevistas, sabatinas e encontros com diversos segmentos da popula\u00e7\u00e3o, al\u00e9m de visitas a institui\u00e7\u00f5es e mercados. Confira a programa\u00e7\u00e3o dos presidenci\u00e1veis. Rui Costa Pimenta, do PCO, n\u00e3o teve agenda p\u00fablica de campanha. Samara Martins, candidata da UP, realizou atividades no &hellip;\" \/>\n<meta property=\"og:url\" content=\"https:\/\/redenoticiaz.com.br\/ribeiraopreto-regiao\/sp\/2026\/09\/02\/candidatos-a-presidente-tem-agenda-diversificada-em-encontro-com-eleitores\" \/>\n<meta property=\"og:site_name\" content=\"Ribeir\u00e3o Preto e Regi\u00e3o\" \/>\n<meta property=\"article:publisher\" content=\"https:\/\/m.facebook.com\/redenoticiaz.barretos\" \/>\n<meta property=\"article:published_time\" content=\"2026-09-03T00:28:29+00:00\" \/>\n<meta property=\"og:image\" content=\"https:\/\/redenoticiaz.com.br\/ribeiraopreto-regiao\/wp-content\/uploads\/sites\/4\/2022\/02\/logo.jpg\" \/>\n\t<meta property=\"og:image:width\" content=\"400\" \/>\n\t<meta property=\"og:image:height\" content=\"250\" \/>\n\t<meta property=\"og:image:type\" content=\"image\/jpeg\" \/>\n<meta name=\"author\" content=\"Patr\u00edcia Prado\" \/>\n<meta name=\"twitter:card\" content=\"summary_large_image\" \/>\n<meta name=\"twitter:creator\" content=\"@RN_barretos\" \/>\n<meta name=\"twitter:site\" content=\"@RN_barretos\" \/>\n<meta name=\"twitter:label1\" content=\"Escrito por\" \/>\n\t<meta name=\"twitter:data1\" content=\"Patr\u00edcia Prado\" \/>\n\t<meta name=\"twitter:label2\" content=\"Est. tempo de leitura\" \/>\n\t<meta name=\"twitter:data2\" content=\"2 minutos\" \/>\n<script type=\"application\/ld+json\" class=\"yoast-schema-graph\">{\"@context\":\"https:\\\/\\\/schema.org\",\"@graph\":[{\"@type\":\"Article\",\"@id\":\"https:\\\/\\\/redenoticiaz.com.br\\\/ribeiraopreto-regiao\\\/sp\\\/2026\\\/09\\\/02\\\/candidatos-a-presidente-tem-agenda-diversificada-em-encontro-com-eleitores#article\",\"isPartOf\":{\"@id\":\"https:\\\/\\\/redenoticiaz.com.br\\\/ribeiraopreto-regiao\\\/sp\\\/2026\\\/09\\\/02\\\/candidatos-a-presidente-tem-agenda-diversificada-em-encontro-com-eleitores\"},\"author\":{\"name\":\"Patr\u00edcia Prado\",\"@id\":\"https:\\\/\\\/redenoticiaz.com.br\\\/ribeiraopreto-regiao\\\/#\\\/schema\\\/person\\\/e1b0bd8c2637e2c1b6ddcbc2c33b116f\"},\"headline\":\"Candidatos a presidente t\u00eam agenda diversificada em encontro com eleitores\",\"datePublished\":\"2026-09-03T00:28:29+00:00\",\"mainEntityOfPage\":{\"@id\":\"https:\\\/\\\/redenoticiaz.com.br\\\/ribeiraopreto-regiao\\\/sp\\\/2026\\\/09\\\/02\\\/candidatos-a-presidente-tem-agenda-diversificada-em-encontro-com-eleitores\"},\"wordCount\":446,\"commentCount\":0,\"publisher\":{\"@id\":\"https:\\\/\\\/redenoticiaz.com.br\\\/ribeiraopreto-regiao\\\/#organization\"},\"image\":{\"@id\":\"https:\\\/\\\/redenoticiaz.com.br\\\/ribeiraopreto-regiao\\\/sp\\\/2026\\\/09\\\/02\\\/candidatos-a-presidente-tem-agenda-diversificada-em-encontro-com-eleitores#primaryimage\"},\"thumbnailUrl\":\"https:\\\/\\\/redenoticiaz.com.br\\\/ribeiraopreto-regiao\\\/wp-content\\\/uploads\\\/sites\\\/4\\\/2026\\\/09\\\/eleicoes-2026-banner.jpg\",\"articleSection\":[\"Cultura\",\"Economia\",\"Educa\u00e7\u00e3o\",\"Elei\u00e7\u00f5es\",\"Emprego\",\"Gastronomia\",\"Pol\u00edtica\",\"Sa\u00fade\",\"Tecnologia\",\"Trabalho\"],\"inLanguage\":\"pt-BR\",\"potentialAction\":[{\"@type\":\"CommentAction\",\"name\":\"Comment\",\"target\":[\"https:\\\/\\\/redenoticiaz.com.br\\\/ribeiraopreto-regiao\\\/sp\\\/2026\\\/09\\\/02\\\/candidatos-a-presidente-tem-agenda-diversificada-em-encontro-com-eleitores#respond\"]}]},{\"@type\":\"WebPage\",\"@id\":\"https:\\\/\\\/redenoticiaz.com.br\\\/ribeiraopreto-regiao\\\/sp\\\/2026\\\/09\\\/02\\\/candidatos-a-presidente-tem-agenda-diversificada-em-encontro-com-eleitores\",\"url\":\"https:\\\/\\\/redenoticiaz.com.br\\\/ribeiraopreto-regiao\\\/sp\\\/2026\\\/09\\\/02\\\/candidatos-a-presidente-tem-agenda-diversificada-em-encontro-com-eleitores\",\"name\":\"Candidatos a presidente t\u00eam agenda diversificada em encontro com eleitores - Ribeir\u00e3o Preto e Regi\u00e3o\",\"isPartOf\":{\"@id\":\"https:\\\/\\\/redenoticiaz.com.br\\\/ribeiraopreto-regiao\\\/#website\"},\"primaryImageOfPage\":{\"@id\":\"https:\\\/\\\/redenoticiaz.com.br\\\/ribeiraopreto-regiao\\\/sp\\\/2026\\\/09\\\/02\\\/candidatos-a-presidente-tem-agenda-diversificada-em-encontro-com-eleitores#primaryimage\"},\"image\":{\"@id\":\"https:\\\/\\\/redenoticiaz.com.br\\\/ribeiraopreto-regiao\\\/sp\\\/2026\\\/09\\\/02\\\/candidatos-a-presidente-tem-agenda-diversificada-em-encontro-com-eleitores#primaryimage\"},\"thumbnailUrl\":\"https:\\\/\\\/redenoticiaz.com.br\\\/ribeiraopreto-regiao\\\/wp-content\\\/uploads\\\/sites\\\/4\\\/2026\\\/09\\\/eleicoes-2026-banner.jpg\",\"datePublished\":\"2026-09-03T00:28:29+00:00\",\"inLanguage\":\"pt-BR\",\"potentialAction\":[{\"@type\":\"ReadAction\",\"target\":[\"https:\\\/\\\/redenoticiaz.com.br\\\/ribeiraopreto-regiao\\\/sp\\\/2026\\\/09\\\/02\\\/candidatos-a-presidente-tem-agenda-diversificada-em-encontro-com-eleitores\"]}]},{\"@type\":\"ImageObject\",\"inLanguage\":\"pt-BR\",\"@id\":\"https:\\\/\\\/redenoticiaz.com.br\\\/ribeiraopreto-regiao\\\/sp\\\/2026\\\/09\\\/02\\\/candidatos-a-presidente-tem-agenda-diversificada-em-encontro-com-eleitores#primaryimage\",\"url\":\"https:\\\/\\\/redenoticiaz.com.br\\\/ribeiraopreto-regiao\\\/wp-content\\\/uploads\\\/sites\\\/4\\\/2026\\\/09\\\/eleicoes-2026-banner.jpg\",\"contentUrl\":\"https:\\\/\\\/redenoticiaz.com.br\\\/ribeiraopreto-regiao\\\/wp-content\\\/uploads\\\/sites\\\/4\\\/2026\\\/09\\\/eleicoes-2026-banner.jpg\",\"width\":1600,\"height\":800},{\"@type\":\"WebSite\",\"@id\":\"https:\\\/\\\/redenoticiaz.com.br\\\/ribeiraopreto-regiao\\\/#website\",\"url\":\"https:\\\/\\\/redenoticiaz.com.br\\\/ribeiraopreto-regiao\\\/\",\"name\":\"Ribeir\u00e3o Preto e Regi\u00e3o\",\"description\":\"Rede NoticiaZ - Ribeir\u00e3o Preto e regi\u00e3o\",\"publisher\":{\"@id\":\"https:\\\/\\\/redenoticiaz.com.br\\\/ribeiraopreto-regiao\\\/#organization\"},\"potentialAction\":[{\"@type\":\"SearchAction\",\"target\":{\"@type\":\"EntryPoint\",\"urlTemplate\":\"https:\\\/\\\/redenoticiaz.com.br\\\/ribeiraopreto-regiao\\\/?s={search_term_string}\"},\"query-input\":{\"@type\":\"PropertyValueSpecification\",\"valueRequired\":true,\"valueName\":\"search_term_string\"}}],\"inLanguage\":\"pt-BR\"},{\"@type\":\"Organization\",\"@id\":\"https:\\\/\\\/redenoticiaz.com.br\\\/ribeiraopreto-regiao\\\/#organization\",\"name\":\"Ribeir\u00e3o Preto e Regi\u00e3o\",\"url\":\"https:\\\/\\\/redenoticiaz.com.br\\\/ribeiraopreto-regiao\\\/\",\"logo\":{\"@type\":\"ImageObject\",\"inLanguage\":\"pt-BR\",\"@id\":\"https:\\\/\\\/redenoticiaz.com.br\\\/ribeiraopreto-regiao\\\/#\\\/schema\\\/logo\\\/image\\\/\",\"url\":\"https:\\\/\\\/redenoticiaz.com.br\\\/barretos-regiao\\\/wp-content\\\/uploads\\\/sites\\\/4\\\/2022\\\/02\\\/logo.jpg\",\"contentUrl\":\"https:\\\/\\\/redenoticiaz.com.br\\\/barretos-regiao\\\/wp-content\\\/uploads\\\/sites\\\/4\\\/2022\\\/02\\\/logo.jpg\",\"width\":400,\"height\":250,\"caption\":\"Ribeir\u00e3o Preto e Regi\u00e3o\"},\"image\":{\"@id\":\"https:\\\/\\\/redenoticiaz.com.br\\\/ribeiraopreto-regiao\\\/#\\\/schema\\\/logo\\\/image\\\/\"},\"sameAs\":[\"https:\\\/\\\/m.facebook.com\\\/redenoticiaz.barretos\",\"https:\\\/\\\/x.com\\\/RN_barretos\",\"https:\\\/\\\/www.instagram.com\\\/redenoticiaz.barretos\\\/?igshid=YmMyMTA2M2Y\",\"https:\\\/\\\/www.linkedin.com\\\/company\\\/rede-noticiaz-barretos-e-regio\\\/\"]},{\"@type\":\"Person\",\"@id\":\"https:\\\/\\\/redenoticiaz.com.br\\\/ribeiraopreto-regiao\\\/#\\\/schema\\\/person\\\/e1b0bd8c2637e2c1b6ddcbc2c33b116f\",\"name\":\"Patr\u00edcia Prado\",\"image\":{\"@type\":\"ImageObject\",\"inLanguage\":\"pt-BR\",\"@id\":\"https:\\\/\\\/secure.gravatar.com\\\/avatar\\\/92e358bef22cfcec15e054ae4d9fee04dadf0c772dc4a17b382b8a34a15354c2?s=96&d=mm&r=g\",\"url\":\"https:\\\/\\\/secure.gravatar.com\\\/avatar\\\/92e358bef22cfcec15e054ae4d9fee04dadf0c772dc4a17b382b8a34a15354c2?s=96&d=mm&r=g\",\"contentUrl\":\"https:\\\/\\\/secure.gravatar.com\\\/avatar\\\/92e358bef22cfcec15e054ae4d9fee04dadf0c772dc4a17b382b8a34a15354c2?s=96&d=mm&r=g\",\"caption\":\"Patr\u00edcia Prado\"},\"url\":\"https:\\\/\\\/redenoticiaz.com.br\\\/ribeiraopreto-regiao\\\/sp\\\/author\\\/patricia-prado\"}]}<\/script>\n<!-- \/ Yoast SEO plugin. -->","yoast_head_json":{"title":"Candidatos a presidente t\u00eam agenda diversificada em encontro com eleitores - Ribeir\u00e3o Preto e Regi\u00e3o","robots":{"index":"index","follow":"follow","max-snippet":"max-snippet:-1","max-image-preview":"max-image-preview:large","max-video-preview":"max-video-preview:-1"},"canonical":"https:\/\/redenoticiaz.com.br\/ribeiraopreto-regiao\/sp\/2026\/09\/02\/candidatos-a-presidente-tem-agenda-diversificada-em-encontro-com-eleitores","og_locale":"pt_BR","og_type":"article","og_title":"Candidatos a presidente t\u00eam agenda diversificada em encontro com eleitores - Ribeir\u00e3o Preto e Regi\u00e3o","og_description":"Nesta quarta-feira (2), a agenda dos candidatos \u00e0 presid\u00eancia do Brasil incluiu uma s\u00e9rie de entrevistas, sabatinas e encontros com diversos segmentos da popula\u00e7\u00e3o, al\u00e9m de visitas a institui\u00e7\u00f5es e mercados. Confira a programa\u00e7\u00e3o dos presidenci\u00e1veis. Rui Costa Pimenta, do PCO, n\u00e3o teve agenda p\u00fablica de campanha. Samara Martins, candidata da UP, realizou atividades no &hellip;","og_url":"https:\/\/redenoticiaz.com.br\/ribeiraopreto-regiao\/sp\/2026\/09\/02\/candidatos-a-presidente-tem-agenda-diversificada-em-encontro-com-eleitores","og_site_name":"Ribeir\u00e3o Preto e Regi\u00e3o","article_publisher":"https:\/\/m.facebook.com\/redenoticiaz.barretos","article_published_time":"2026-09-03T00:28:29+00:00","og_image":[{"width":400,"height":250,"url":"https:\/\/redenoticiaz.com.br\/ribeiraopreto-regiao\/wp-content\/uploads\/sites\/4\/2022\/02\/logo.jpg","type":"image\/jpeg"}],"author":"Patr\u00edcia Prado","twitter_card":"summary_large_image","twitter_creator":"@RN_barretos","twitter_site":"@RN_barretos","twitter_misc":{"Escrito por":"Patr\u00edcia Prado","Est. tempo de leitura":"2 minutos"},"schema":{"@context":"https:\/\/schema.org","@graph":[{"@type":"Article","@id":"https:\/\/redenoticiaz.com.br\/ribeiraopreto-regiao\/sp\/2026\/09\/02\/candidatos-a-presidente-tem-agenda-diversificada-em-encontro-com-eleitores#article","isPartOf":{"@id":"https:\/\/redenoticiaz.com.br\/ribeiraopreto-regiao\/sp\/2026\/09\/02\/candidatos-a-presidente-tem-agenda-diversificada-em-encontro-com-eleitores"},"author":{"name":"Patr\u00edcia Prado","@id":"https:\/\/redenoticiaz.com.br\/ribeiraopreto-regiao\/#\/schema\/person\/e1b0bd8c2637e2c1b6ddcbc2c33b116f"},"headline":"Candidatos a presidente t\u00eam agenda diversificada em encontro com eleitores","datePublished":"2026-09-03T00:28:29+00:00","mainEntityOfPage":{"@id":"https:\/\/redenoticiaz.com.br\/ribeiraopreto-regiao\/sp\/2026\/09\/02\/candidatos-a-presidente-tem-agenda-diversificada-em-encontro-com-eleitores"},"wordCount":446,"commentCount":0,"publisher":{"@id":"https:\/\/redenoticiaz.com.br\/ribeiraopreto-regiao\/#organization"},"image":{"@id":"https:\/\/redenoticiaz.com.br\/ribeiraopreto-regiao\/sp\/2026\/09\/02\/candidatos-a-presidente-tem-agenda-diversificada-em-encontro-com-eleitores#primaryimage"},"thumbnailUrl":"https:\/\/redenoticiaz.com.br\/ribeiraopreto-regiao\/wp-content\/uploads\/sites\/4\/2026\/09\/eleicoes-2026-banner.jpg","articleSection":["Cultura","Economia","Educa\u00e7\u00e3o","Elei\u00e7\u00f5es","Emprego","Gastronomia","Pol\u00edtica","Sa\u00fade","Tecnologia","Trabalho"],"inLanguage":"pt-BR","potentialAction":[{"@type":"CommentAction","name":"Comment","target":["https:\/\/redenoticiaz.com.br\/ribeiraopreto-regiao\/sp\/2026\/09\/02\/candidatos-a-presidente-tem-agenda-diversificada-em-encontro-com-eleitores#respond"]}]},{"@type":"WebPage","@id":"https:\/\/redenoticiaz.com.br\/ribeiraopreto-regiao\/sp\/2026\/09\/02\/candidatos-a-presidente-tem-agenda-diversificada-em-encontro-com-eleitores","url":"https:\/\/redenoticiaz.com.br\/ribeiraopreto-regiao\/sp\/2026\/09\/02\/candidatos-a-presidente-tem-agenda-diversificada-em-encontro-com-eleitores","name":"Candidatos a presidente t\u00eam agenda diversificada em encontro com eleitores - Ribeir\u00e3o Preto e Regi\u00e3o","isPartOf":{"@id":"https:\/\/redenoticiaz.com.br\/ribeiraopreto-regiao\/#website"},"primaryImageOfPage":{"@id":"https:\/\/redenoticiaz.com.br\/ribeiraopreto-regiao\/sp\/2026\/09\/02\/candidatos-a-presidente-tem-agenda-diversificada-em-encontro-com-eleitores#primaryimage"},"image":{"@id":"https:\/\/redenoticiaz.com.br\/ribeiraopreto-regiao\/sp\/2026\/09\/02\/candidatos-a-presidente-tem-agenda-diversificada-em-encontro-com-eleitores#primaryimage"},"thumbnailUrl":"https:\/\/redenoticiaz.com.br\/ribeiraopreto-regiao\/wp-content\/uploads\/sites\/4\/2026\/09\/eleicoes-2026-banner.jpg","datePublished":"2026-09-03T00:28:29+00:00","inLanguage":"pt-BR","potentialAction":[{"@type":"ReadAction","target":["https:\/\/redenoticiaz.com.br\/ribeiraopreto-regiao\/sp\/2026\/09\/02\/candidatos-a-presidente-tem-agenda-diversificada-em-encontro-com-eleitores"]}]},{"@type":"ImageObject","inLanguage":"pt-BR","@id":"https:\/\/redenoticiaz.com.br\/ribeiraopreto-regiao\/sp\/2026\/09\/02\/candidatos-a-presidente-tem-agenda-diversificada-em-encontro-com-eleitores#primaryimage","url":"https:\/\/redenoticiaz.com.br\/ribeiraopreto-regiao\/wp-content\/uploads\/sites\/4\/2026\/09\/eleicoes-2026-banner.jpg","contentUrl":"https:\/\/redenoticiaz.com.br\/ribeiraopreto-regiao\/wp-content\/uploads\/sites\/4\/2026\/09\/eleicoes-2026-banner.jpg","width":1600,"height":800},{"@type":"WebSite","@id":"https:\/\/redenoticiaz.com.br\/ribeiraopreto-regiao\/#website","url":"https:\/\/redenoticiaz.com.br\/ribeiraopreto-regiao\/","name":"Ribeir\u00e3o Preto e Regi\u00e3o","description":"Rede NoticiaZ - Ribeir\u00e3o Preto e regi\u00e3o","publisher":{"@id":"https:\/\/redenoticiaz.com.br\/ribeiraopreto-regiao\/#organization"},"potentialAction":[{"@type":"SearchAction","target":{"@type":"EntryPoint","urlTemplate":"https:\/\/redenoticiaz.com.br\/ribeiraopreto-regiao\/?s={search_term_string}"},"query-input":{"@type":"PropertyValueSpecification","valueRequired":true,"valueName":"search_term_string"}}],"inLanguage":"pt-BR"},{"@type":"Organization","@id":"https:\/\/redenoticiaz.com.br\/ribeiraopreto-regiao\/#organization","name":"Ribeir\u00e3o Preto e Regi\u00e3o","url":"https:\/\/redenoticiaz.com.br\/ribeiraopreto-regiao\/","logo":{"@type":"ImageObject","inLanguage":"pt-BR","@id":"https:\/\/redenoticiaz.com.br\/ribeiraopreto-regiao\/#\/schema\/logo\/image\/","url":"https:\/\/redenoticiaz.com.br\/barretos-regiao\/wp-content\/uploads\/sites\/4\/2022\/02\/logo.jpg","contentUrl":"https:\/\/redenoticiaz.com.br\/barretos-regiao\/wp-content\/uploads\/sites\/4\/2022\/02\/logo.jpg","width":400,"height":250,"caption":"Ribeir\u00e3o Preto e Regi\u00e3o"},"image":{"@id":"https:\/\/redenoticiaz.com.br\/ribeiraopreto-regiao\/#\/schema\/logo\/image\/"},"sameAs":["https:\/\/m.facebook.com\/redenoticiaz.barretos","https:\/\/x.com\/RN_barretos","https:\/\/www.instagram.com\/redenoticiaz.barretos\/?igshid=YmMyMTA2M2Y","https:\/\/www.linkedin.com\/company\/rede-noticiaz-barretos-e-regio\/"]},{"@type":"Person","@id":"https:\/\/redenoticiaz.com.br\/ribeiraopreto-regiao\/#\/schema\/person\/e1b0bd8c2637e2c1b6ddcbc2c33b116f","name":"Patr\u00edcia Prado","image":{"@type":"ImageObject","inLanguage":"pt-BR","@id":"https:\/\/secure.gravatar.com\/avatar\/92e358bef22cfcec15e054ae4d9fee04dadf0c772dc4a17b382b8a34a15354c2?s=96&d=mm&r=g","url":"https:\/\/secure.gravatar.com\/avatar\/92e358bef22cfcec15e054ae4d9fee04dadf0c772dc4a17b382b8a34a15354c2?s=96&d=mm&r=g","contentUrl":"https:\/\/secure.gravatar.com\/avatar\/92e358bef22cfcec15e054ae4d9fee04dadf0c772dc4a17b382b8a34a15354c2?s=96&d=mm&r=g","caption":"Patr\u00edcia Prado"},"url":"https:\/\/redenoticiaz.com.br\/ribeiraopreto-regiao\/sp\/author\/patricia-prado"}]}},"_links":{"self":[{"href":"https:\/\/redenoticiaz.com.br\/ribeiraopreto-regiao\/wp-json\/wp\/v2\/posts\/123147","targetHints":{"allow":["GET"]}}],"collection":[{"href":"https:\/\/redenoticiaz.com.br\/ribeiraopreto-regiao\/wp-json\/wp\/v2\/posts"}],"about":[{"href":"https:\/\/redenoticiaz.com.br\/ribeiraopreto-regiao\/wp-json\/wp\/v2\/types\/post"}],"author":[{"embeddable":true,"href":"https:\/\/redenoticiaz.com.br\/ribeiraopreto-regiao\/wp-json\/wp\/v2\/users\/5"}],"replies":[{"embeddable":true,"href":"https:\/\/redenoticiaz.com.br\/ribeiraopreto-regiao\/wp-json\/wp\/v2\/comments?post=123147"}],"version-history":[{"count":0,"href":"https:\/\/redenoticiaz.com.br\/ribeiraopreto-regiao\/wp-json\/wp\/v2\/posts\/123147\/revisions"}],"wp:featuredmedia":[{"embeddable":true,"href":"https:\/\/redenoticiaz.com.br\/ribeiraopreto-regiao\/wp-json\/wp\/v2\/media\/123056"}],"wp:attachment":[{"href":"https:\/\/redenoticiaz.com.br\/ribeiraopreto-regiao\/wp-json\/wp\/v2\/media?parent=123147"}],"wp:term":[{"taxonomy":"category","embeddable":true,"href":"https:\/\/redenoticiaz.com.br\/ribeiraopreto-regiao\/wp-json\/wp\/v2\/categories?post=123147"},{"taxonomy":"post_tag","embeddable":true,"href":"https:\/\/redenoticiaz.com.br\/ribeiraopreto-regiao\/wp-json\/wp\/v2\/tags?post=123147"}],"curies":[{"name":"wp","href":"https:\/\/api.w.org\/{rel}","templated":true}]}}