{"id":123152,"date":"2026-09-02T23:00:33","date_gmt":"2026-09-03T02:00:33","guid":{"rendered":"https:\/\/redenoticiaz.com.br\/ribeiraopreto-regiao\/sp\/2026\/09\/02\/oposicao-impede-votacao-da-pec-que-acaba-com-escala-6x1-no-senado"},"modified":"2026-09-02T23:00:33","modified_gmt":"2026-09-03T02:00:33","slug":"oposicao-impede-votacao-da-pec-que-acaba-com-escala-6x1-no-senado","status":"publish","type":"post","link":"https:\/\/redenoticiaz.com.br\/ribeiraopreto-regiao\/sp\/2026\/09\/02\/oposicao-impede-votacao-da-pec-que-acaba-com-escala-6x1-no-senado","title":{"rendered":"Oposi\u00e7\u00e3o impede vota\u00e7\u00e3o da PEC que acaba com escala 6&#215;1 no Senado"},"content":{"rendered":"<p>A proposta de emenda constitucional (PEC) que visa acabar com a jornada de trabalho 6&#215;1 e reduzir a carga hor\u00e1ria semanal foi adiada no Senado Federal. Devido \u00e0 incerteza sobre os votos necess\u00e1rios, a base governista decidiu n\u00e3o levar a PEC a vota\u00e7\u00e3o no plen\u00e1rio nesta quarta-feira (2), com a expectativa de que a proposta somente seja apreciada ap\u00f3s o primeiro turno das elei\u00e7\u00f5es de outubro.<\/p>\n<p>O l\u00edder do governo no Congresso, senador Randolfe Rodrigues (PT-AC), atribuiu a decis\u00e3o a uma &#8220;a\u00e7\u00e3o coordenada&#8221; da oposi\u00e7\u00e3o, citando a participa\u00e7\u00e3o de senadores como Fl\u00e1vio Bolsonaro (PL-RJ) e Rog\u00e9rio Marinho (PL-RN) na desmobiliza\u00e7\u00e3o de parlamentares. \u201cA oposi\u00e7\u00e3o ao nosso governo \u00e9 contra o fim da escala 6&#215;1. Ponto\u201d, afirmou Rodrigues.<\/p>\n<p>Na Comiss\u00e3o de Constitui\u00e7\u00e3o e Justi\u00e7a (CCJ), a proposta j\u00e1 havia enfrentado resist\u00eancia, recebendo quatro votos contr\u00e1rios entre os 27 senadores presentes. Os votos contr\u00e1rios foram de Rog\u00e9rio Marinho, Hamilton Mour\u00e3o (Republicanos-RS), Tereza Cristina (PP-MS) e Jaime Bagattoli (PL-RO).<\/p>\n<p>A PEC 221\/2019 prop\u00f5e o descanso remunerado de dois dias por semana, com a redu\u00e7\u00e3o da jornada semanal de 44 para 40 horas, e prev\u00ea uma transi\u00e7\u00e3o de 14 meses. Apesar da aprova\u00e7\u00e3o simb\u00f3lica na CCJ, a vota\u00e7\u00e3o final no plen\u00e1rio exigir\u00e1 ao menos 49 votos favor\u00e1veis, representando 60% dos 81 senadores.<\/p>\n<p>A CCJ havia aprovado um calend\u00e1rio especial para acelerar a tramita\u00e7\u00e3o da PEC, eliminando intervalos regimentais, mas a inclus\u00e3o na pauta do plen\u00e1rio depende do presidente do Senado, Davi Alcolumbre (Uni\u00e3o-AP). Rodrigues revelou que, ao questionar a base quanto \u00e0 seguran\u00e7a em rela\u00e7\u00e3o ao n\u00famero de votos, a resposta negativa levou \u00e0 decis\u00e3o de n\u00e3o submeter a PEC a vota\u00e7\u00e3o.<\/p>\n<p>O governo estimava contar com 53 a 54 votos a favor, mas essa margem n\u00e3o foi considerada suficiente para garantir a aprova\u00e7\u00e3o da proposta. O pr\u00f3ximo esfor\u00e7o concentrado de vota\u00e7\u00f5es no Congresso est\u00e1 previsto para a segunda semana de outubro.<\/p>\n<p>A Ag\u00eancia Brasil entrou em contato com Rog\u00e9rio Marinho para comentar sobre a aus\u00eancia da PEC na vota\u00e7\u00e3o, mas n\u00e3o obteve retorno. Marinho apresentou uma proposta alternativa que mant\u00e9m a jornada 6&#215;1 e um m\u00e1ximo de 44 horas semanais, permitindo acordos diretos entre trabalhadores e empregadores. Essa proposta prev\u00ea que a remunera\u00e7\u00e3o seja calculada de acordo com as horas trabalhadas.<\/p>\n<p>Fizemos tamb\u00e9m uma tentativa de contatar Fl\u00e1vio Bolsonaro sobre as declara\u00e7\u00f5es de Randolfe, mas ele estava ausente durante a vota\u00e7\u00e3o na CCJ. Nos \u00faltimos dias, Bolsonaro defendeu a proposta de pagamento por hora, sem cristalizar sua posi\u00e7\u00e3o sobre a proposta que visa o fim da escala 6&#215;1. O espa\u00e7o permanece aberto para manifesta\u00e7\u00f5es.<\/p>\n","protected":false},"excerpt":{"rendered":"<p>A proposta de emenda constitucional (PEC) que visa acabar com a jornada de trabalho 6&#215;1 e reduzir a carga hor\u00e1ria semanal foi adiada no Senado Federal. Devido \u00e0 incerteza sobre os votos necess\u00e1rios, a base governista decidiu n\u00e3o levar a PEC a vota\u00e7\u00e3o no plen\u00e1rio nesta quarta-feira (2), com a expectativa de que a proposta &hellip;<\/p>\n","protected":false},"author":5,"featured_media":123153,"comment_status":"open","ping_status":"closed","sticky":false,"template":"","format":"standard","meta":{"footnotes":""},"categories":[9271,29902,683,186,2075],"tags":[],"class_list":["post-123152","post","type-post","status-publish","format-standard","has-post-thumbnail","hentry","category-eleicoes","category-emprego","category-justica","category-politica","category-trabalho"],"yoast_head":"<!-- This site is optimized with the Yoast SEO plugin v28.4 - https:\/\/yoast.com\/product\/yoast-seo-wordpress\/ -->\n<title>Oposi\u00e7\u00e3o impede vota\u00e7\u00e3o da PEC que acaba com escala 6x1 no Senado - Ribeir\u00e3o Preto e Regi\u00e3o<\/title>\n<meta name=\"robots\" content=\"index, follow, max-snippet:-1, max-image-preview:large, max-video-preview:-1\" \/>\n<link rel=\"canonical\" href=\"https:\/\/redenoticiaz.com.br\/ribeiraopreto-regiao\/sp\/2026\/09\/02\/oposicao-impede-votacao-da-pec-que-acaba-com-escala-6x1-no-senado\" \/>\n<meta property=\"og:locale\" content=\"pt_BR\" \/>\n<meta property=\"og:type\" content=\"article\" \/>\n<meta property=\"og:title\" content=\"Oposi\u00e7\u00e3o impede vota\u00e7\u00e3o da PEC que acaba com escala 6x1 no Senado - Ribeir\u00e3o Preto e Regi\u00e3o\" \/>\n<meta property=\"og:description\" content=\"A proposta de emenda constitucional (PEC) que visa acabar com a jornada de trabalho 6&#215;1 e reduzir a carga hor\u00e1ria semanal foi adiada no Senado Federal. Devido \u00e0 incerteza sobre os votos necess\u00e1rios, a base governista decidiu n\u00e3o levar a PEC a vota\u00e7\u00e3o no plen\u00e1rio nesta quarta-feira (2), com a expectativa de que a proposta &hellip;\" \/>\n<meta property=\"og:url\" content=\"https:\/\/redenoticiaz.com.br\/ribeiraopreto-regiao\/sp\/2026\/09\/02\/oposicao-impede-votacao-da-pec-que-acaba-com-escala-6x1-no-senado\" \/>\n<meta property=\"og:site_name\" content=\"Ribeir\u00e3o Preto e Regi\u00e3o\" \/>\n<meta property=\"article:publisher\" content=\"https:\/\/m.facebook.com\/redenoticiaz.barretos\" \/>\n<meta property=\"article:published_time\" content=\"2026-09-03T02:00:33+00:00\" \/>\n<meta property=\"og:image\" content=\"https:\/\/redenoticiaz.com.br\/ribeiraopreto-regiao\/wp-content\/uploads\/sites\/4\/2022\/02\/logo.jpg\" \/>\n\t<meta property=\"og:image:width\" content=\"400\" \/>\n\t<meta property=\"og:image:height\" content=\"250\" \/>\n\t<meta property=\"og:image:type\" content=\"image\/jpeg\" \/>\n<meta name=\"author\" content=\"Patr\u00edcia Prado\" \/>\n<meta name=\"twitter:card\" content=\"summary_large_image\" \/>\n<meta name=\"twitter:creator\" content=\"@RN_barretos\" \/>\n<meta name=\"twitter:site\" content=\"@RN_barretos\" \/>\n<meta name=\"twitter:label1\" content=\"Escrito por\" \/>\n\t<meta name=\"twitter:data1\" content=\"Patr\u00edcia Prado\" \/>\n\t<meta name=\"twitter:label2\" content=\"Est. tempo de leitura\" \/>\n\t<meta name=\"twitter:data2\" content=\"2 minutos\" \/>\n<script type=\"application\/ld+json\" class=\"yoast-schema-graph\">{\"@context\":\"https:\\\/\\\/schema.org\",\"@graph\":[{\"@type\":\"Article\",\"@id\":\"https:\\\/\\\/redenoticiaz.com.br\\\/ribeiraopreto-regiao\\\/sp\\\/2026\\\/09\\\/02\\\/oposicao-impede-votacao-da-pec-que-acaba-com-escala-6x1-no-senado#article\",\"isPartOf\":{\"@id\":\"https:\\\/\\\/redenoticiaz.com.br\\\/ribeiraopreto-regiao\\\/sp\\\/2026\\\/09\\\/02\\\/oposicao-impede-votacao-da-pec-que-acaba-com-escala-6x1-no-senado\"},\"author\":{\"name\":\"Patr\u00edcia Prado\",\"@id\":\"https:\\\/\\\/redenoticiaz.com.br\\\/ribeiraopreto-regiao\\\/#\\\/schema\\\/person\\\/e1b0bd8c2637e2c1b6ddcbc2c33b116f\"},\"headline\":\"Oposi\u00e7\u00e3o impede vota\u00e7\u00e3o da PEC que acaba com escala 6&#215;1 no Senado\",\"datePublished\":\"2026-09-03T02:00:33+00:00\",\"mainEntityOfPage\":{\"@id\":\"https:\\\/\\\/redenoticiaz.com.br\\\/ribeiraopreto-regiao\\\/sp\\\/2026\\\/09\\\/02\\\/oposicao-impede-votacao-da-pec-que-acaba-com-escala-6x1-no-senado\"},\"wordCount\":482,\"commentCount\":0,\"publisher\":{\"@id\":\"https:\\\/\\\/redenoticiaz.com.br\\\/ribeiraopreto-regiao\\\/#organization\"},\"image\":{\"@id\":\"https:\\\/\\\/redenoticiaz.com.br\\\/ribeiraopreto-regiao\\\/sp\\\/2026\\\/09\\\/02\\\/oposicao-impede-votacao-da-pec-que-acaba-com-escala-6x1-no-senado#primaryimage\"},\"thumbnailUrl\":\"https:\\\/\\\/redenoticiaz.com.br\\\/ribeiraopreto-regiao\\\/wp-content\\\/uploads\\\/sites\\\/4\\\/2026\\\/09\\\/raf1125.jpg\",\"articleSection\":[\"Elei\u00e7\u00f5es\",\"Emprego\",\"Justi\u00e7a\",\"Pol\u00edtica\",\"Trabalho\"],\"inLanguage\":\"pt-BR\",\"potentialAction\":[{\"@type\":\"CommentAction\",\"name\":\"Comment\",\"target\":[\"https:\\\/\\\/redenoticiaz.com.br\\\/ribeiraopreto-regiao\\\/sp\\\/2026\\\/09\\\/02\\\/oposicao-impede-votacao-da-pec-que-acaba-com-escala-6x1-no-senado#respond\"]}]},{\"@type\":\"WebPage\",\"@id\":\"https:\\\/\\\/redenoticiaz.com.br\\\/ribeiraopreto-regiao\\\/sp\\\/2026\\\/09\\\/02\\\/oposicao-impede-votacao-da-pec-que-acaba-com-escala-6x1-no-senado\",\"url\":\"https:\\\/\\\/redenoticiaz.com.br\\\/ribeiraopreto-regiao\\\/sp\\\/2026\\\/09\\\/02\\\/oposicao-impede-votacao-da-pec-que-acaba-com-escala-6x1-no-senado\",\"name\":\"Oposi\u00e7\u00e3o impede vota\u00e7\u00e3o da PEC que acaba com escala 6x1 no Senado - Ribeir\u00e3o Preto e Regi\u00e3o\",\"isPartOf\":{\"@id\":\"https:\\\/\\\/redenoticiaz.com.br\\\/ribeiraopreto-regiao\\\/#website\"},\"primaryImageOfPage\":{\"@id\":\"https:\\\/\\\/redenoticiaz.com.br\\\/ribeiraopreto-regiao\\\/sp\\\/2026\\\/09\\\/02\\\/oposicao-impede-votacao-da-pec-que-acaba-com-escala-6x1-no-senado#primaryimage\"},\"image\":{\"@id\":\"https:\\\/\\\/redenoticiaz.com.br\\\/ribeiraopreto-regiao\\\/sp\\\/2026\\\/09\\\/02\\\/oposicao-impede-votacao-da-pec-que-acaba-com-escala-6x1-no-senado#primaryimage\"},\"thumbnailUrl\":\"https:\\\/\\\/redenoticiaz.com.br\\\/ribeiraopreto-regiao\\\/wp-content\\\/uploads\\\/sites\\\/4\\\/2026\\\/09\\\/raf1125.jpg\",\"datePublished\":\"2026-09-03T02:00:33+00:00\",\"inLanguage\":\"pt-BR\",\"potentialAction\":[{\"@type\":\"ReadAction\",\"target\":[\"https:\\\/\\\/redenoticiaz.com.br\\\/ribeiraopreto-regiao\\\/sp\\\/2026\\\/09\\\/02\\\/oposicao-impede-votacao-da-pec-que-acaba-com-escala-6x1-no-senado\"]}]},{\"@type\":\"ImageObject\",\"inLanguage\":\"pt-BR\",\"@id\":\"https:\\\/\\\/redenoticiaz.com.br\\\/ribeiraopreto-regiao\\\/sp\\\/2026\\\/09\\\/02\\\/oposicao-impede-votacao-da-pec-que-acaba-com-escala-6x1-no-senado#primaryimage\",\"url\":\"https:\\\/\\\/redenoticiaz.com.br\\\/ribeiraopreto-regiao\\\/wp-content\\\/uploads\\\/sites\\\/4\\\/2026\\\/09\\\/raf1125.jpg\",\"contentUrl\":\"https:\\\/\\\/redenoticiaz.com.br\\\/ribeiraopreto-regiao\\\/wp-content\\\/uploads\\\/sites\\\/4\\\/2026\\\/09\\\/raf1125.jpg\",\"width\":1600,\"height\":800},{\"@type\":\"WebSite\",\"@id\":\"https:\\\/\\\/redenoticiaz.com.br\\\/ribeiraopreto-regiao\\\/#website\",\"url\":\"https:\\\/\\\/redenoticiaz.com.br\\\/ribeiraopreto-regiao\\\/\",\"name\":\"Ribeir\u00e3o Preto e Regi\u00e3o\",\"description\":\"Rede NoticiaZ - Ribeir\u00e3o Preto e regi\u00e3o\",\"publisher\":{\"@id\":\"https:\\\/\\\/redenoticiaz.com.br\\\/ribeiraopreto-regiao\\\/#organization\"},\"potentialAction\":[{\"@type\":\"SearchAction\",\"target\":{\"@type\":\"EntryPoint\",\"urlTemplate\":\"https:\\\/\\\/redenoticiaz.com.br\\\/ribeiraopreto-regiao\\\/?s={search_term_string}\"},\"query-input\":{\"@type\":\"PropertyValueSpecification\",\"valueRequired\":true,\"valueName\":\"search_term_string\"}}],\"inLanguage\":\"pt-BR\"},{\"@type\":\"Organization\",\"@id\":\"https:\\\/\\\/redenoticiaz.com.br\\\/ribeiraopreto-regiao\\\/#organization\",\"name\":\"Ribeir\u00e3o Preto e Regi\u00e3o\",\"url\":\"https:\\\/\\\/redenoticiaz.com.br\\\/ribeiraopreto-regiao\\\/\",\"logo\":{\"@type\":\"ImageObject\",\"inLanguage\":\"pt-BR\",\"@id\":\"https:\\\/\\\/redenoticiaz.com.br\\\/ribeiraopreto-regiao\\\/#\\\/schema\\\/logo\\\/image\\\/\",\"url\":\"https:\\\/\\\/redenoticiaz.com.br\\\/barretos-regiao\\\/wp-content\\\/uploads\\\/sites\\\/4\\\/2022\\\/02\\\/logo.jpg\",\"contentUrl\":\"https:\\\/\\\/redenoticiaz.com.br\\\/barretos-regiao\\\/wp-content\\\/uploads\\\/sites\\\/4\\\/2022\\\/02\\\/logo.jpg\",\"width\":400,\"height\":250,\"caption\":\"Ribeir\u00e3o Preto e Regi\u00e3o\"},\"image\":{\"@id\":\"https:\\\/\\\/redenoticiaz.com.br\\\/ribeiraopreto-regiao\\\/#\\\/schema\\\/logo\\\/image\\\/\"},\"sameAs\":[\"https:\\\/\\\/m.facebook.com\\\/redenoticiaz.barretos\",\"https:\\\/\\\/x.com\\\/RN_barretos\",\"https:\\\/\\\/www.instagram.com\\\/redenoticiaz.barretos\\\/?igshid=YmMyMTA2M2Y\",\"https:\\\/\\\/www.linkedin.com\\\/company\\\/rede-noticiaz-barretos-e-regio\\\/\"]},{\"@type\":\"Person\",\"@id\":\"https:\\\/\\\/redenoticiaz.com.br\\\/ribeiraopreto-regiao\\\/#\\\/schema\\\/person\\\/e1b0bd8c2637e2c1b6ddcbc2c33b116f\",\"name\":\"Patr\u00edcia Prado\",\"image\":{\"@type\":\"ImageObject\",\"inLanguage\":\"pt-BR\",\"@id\":\"https:\\\/\\\/secure.gravatar.com\\\/avatar\\\/92e358bef22cfcec15e054ae4d9fee04dadf0c772dc4a17b382b8a34a15354c2?s=96&d=mm&r=g\",\"url\":\"https:\\\/\\\/secure.gravatar.com\\\/avatar\\\/92e358bef22cfcec15e054ae4d9fee04dadf0c772dc4a17b382b8a34a15354c2?s=96&d=mm&r=g\",\"contentUrl\":\"https:\\\/\\\/secure.gravatar.com\\\/avatar\\\/92e358bef22cfcec15e054ae4d9fee04dadf0c772dc4a17b382b8a34a15354c2?s=96&d=mm&r=g\",\"caption\":\"Patr\u00edcia Prado\"},\"url\":\"https:\\\/\\\/redenoticiaz.com.br\\\/ribeiraopreto-regiao\\\/sp\\\/author\\\/patricia-prado\"}]}<\/script>\n<!-- \/ Yoast SEO plugin. -->","yoast_head_json":{"title":"Oposi\u00e7\u00e3o impede vota\u00e7\u00e3o da PEC que acaba com escala 6x1 no Senado - Ribeir\u00e3o Preto e Regi\u00e3o","robots":{"index":"index","follow":"follow","max-snippet":"max-snippet:-1","max-image-preview":"max-image-preview:large","max-video-preview":"max-video-preview:-1"},"canonical":"https:\/\/redenoticiaz.com.br\/ribeiraopreto-regiao\/sp\/2026\/09\/02\/oposicao-impede-votacao-da-pec-que-acaba-com-escala-6x1-no-senado","og_locale":"pt_BR","og_type":"article","og_title":"Oposi\u00e7\u00e3o impede vota\u00e7\u00e3o da PEC que acaba com escala 6x1 no Senado - Ribeir\u00e3o Preto e Regi\u00e3o","og_description":"A proposta de emenda constitucional (PEC) que visa acabar com a jornada de trabalho 6&#215;1 e reduzir a carga hor\u00e1ria semanal foi adiada no Senado Federal. Devido \u00e0 incerteza sobre os votos necess\u00e1rios, a base governista decidiu n\u00e3o levar a PEC a vota\u00e7\u00e3o no plen\u00e1rio nesta quarta-feira (2), com a expectativa de que a proposta &hellip;","og_url":"https:\/\/redenoticiaz.com.br\/ribeiraopreto-regiao\/sp\/2026\/09\/02\/oposicao-impede-votacao-da-pec-que-acaba-com-escala-6x1-no-senado","og_site_name":"Ribeir\u00e3o Preto e Regi\u00e3o","article_publisher":"https:\/\/m.facebook.com\/redenoticiaz.barretos","article_published_time":"2026-09-03T02:00:33+00:00","og_image":[{"width":400,"height":250,"url":"https:\/\/redenoticiaz.com.br\/ribeiraopreto-regiao\/wp-content\/uploads\/sites\/4\/2022\/02\/logo.jpg","type":"image\/jpeg"}],"author":"Patr\u00edcia Prado","twitter_card":"summary_large_image","twitter_creator":"@RN_barretos","twitter_site":"@RN_barretos","twitter_misc":{"Escrito por":"Patr\u00edcia Prado","Est. tempo de leitura":"2 minutos"},"schema":{"@context":"https:\/\/schema.org","@graph":[{"@type":"Article","@id":"https:\/\/redenoticiaz.com.br\/ribeiraopreto-regiao\/sp\/2026\/09\/02\/oposicao-impede-votacao-da-pec-que-acaba-com-escala-6x1-no-senado#article","isPartOf":{"@id":"https:\/\/redenoticiaz.com.br\/ribeiraopreto-regiao\/sp\/2026\/09\/02\/oposicao-impede-votacao-da-pec-que-acaba-com-escala-6x1-no-senado"},"author":{"name":"Patr\u00edcia Prado","@id":"https:\/\/redenoticiaz.com.br\/ribeiraopreto-regiao\/#\/schema\/person\/e1b0bd8c2637e2c1b6ddcbc2c33b116f"},"headline":"Oposi\u00e7\u00e3o impede vota\u00e7\u00e3o da PEC que acaba com escala 6&#215;1 no Senado","datePublished":"2026-09-03T02:00:33+00:00","mainEntityOfPage":{"@id":"https:\/\/redenoticiaz.com.br\/ribeiraopreto-regiao\/sp\/2026\/09\/02\/oposicao-impede-votacao-da-pec-que-acaba-com-escala-6x1-no-senado"},"wordCount":482,"commentCount":0,"publisher":{"@id":"https:\/\/redenoticiaz.com.br\/ribeiraopreto-regiao\/#organization"},"image":{"@id":"https:\/\/redenoticiaz.com.br\/ribeiraopreto-regiao\/sp\/2026\/09\/02\/oposicao-impede-votacao-da-pec-que-acaba-com-escala-6x1-no-senado#primaryimage"},"thumbnailUrl":"https:\/\/redenoticiaz.com.br\/ribeiraopreto-regiao\/wp-content\/uploads\/sites\/4\/2026\/09\/raf1125.jpg","articleSection":["Elei\u00e7\u00f5es","Emprego","Justi\u00e7a","Pol\u00edtica","Trabalho"],"inLanguage":"pt-BR","potentialAction":[{"@type":"CommentAction","name":"Comment","target":["https:\/\/redenoticiaz.com.br\/ribeiraopreto-regiao\/sp\/2026\/09\/02\/oposicao-impede-votacao-da-pec-que-acaba-com-escala-6x1-no-senado#respond"]}]},{"@type":"WebPage","@id":"https:\/\/redenoticiaz.com.br\/ribeiraopreto-regiao\/sp\/2026\/09\/02\/oposicao-impede-votacao-da-pec-que-acaba-com-escala-6x1-no-senado","url":"https:\/\/redenoticiaz.com.br\/ribeiraopreto-regiao\/sp\/2026\/09\/02\/oposicao-impede-votacao-da-pec-que-acaba-com-escala-6x1-no-senado","name":"Oposi\u00e7\u00e3o impede vota\u00e7\u00e3o da PEC que acaba com escala 6x1 no Senado - Ribeir\u00e3o Preto e Regi\u00e3o","isPartOf":{"@id":"https:\/\/redenoticiaz.com.br\/ribeiraopreto-regiao\/#website"},"primaryImageOfPage":{"@id":"https:\/\/redenoticiaz.com.br\/ribeiraopreto-regiao\/sp\/2026\/09\/02\/oposicao-impede-votacao-da-pec-que-acaba-com-escala-6x1-no-senado#primaryimage"},"image":{"@id":"https:\/\/redenoticiaz.com.br\/ribeiraopreto-regiao\/sp\/2026\/09\/02\/oposicao-impede-votacao-da-pec-que-acaba-com-escala-6x1-no-senado#primaryimage"},"thumbnailUrl":"https:\/\/redenoticiaz.com.br\/ribeiraopreto-regiao\/wp-content\/uploads\/sites\/4\/2026\/09\/raf1125.jpg","datePublished":"2026-09-03T02:00:33+00:00","inLanguage":"pt-BR","potentialAction":[{"@type":"ReadAction","target":["https:\/\/redenoticiaz.com.br\/ribeiraopreto-regiao\/sp\/2026\/09\/02\/oposicao-impede-votacao-da-pec-que-acaba-com-escala-6x1-no-senado"]}]},{"@type":"ImageObject","inLanguage":"pt-BR","@id":"https:\/\/redenoticiaz.com.br\/ribeiraopreto-regiao\/sp\/2026\/09\/02\/oposicao-impede-votacao-da-pec-que-acaba-com-escala-6x1-no-senado#primaryimage","url":"https:\/\/redenoticiaz.com.br\/ribeiraopreto-regiao\/wp-content\/uploads\/sites\/4\/2026\/09\/raf1125.jpg","contentUrl":"https:\/\/redenoticiaz.com.br\/ribeiraopreto-regiao\/wp-content\/uploads\/sites\/4\/2026\/09\/raf1125.jpg","width":1600,"height":800},{"@type":"WebSite","@id":"https:\/\/redenoticiaz.com.br\/ribeiraopreto-regiao\/#website","url":"https:\/\/redenoticiaz.com.br\/ribeiraopreto-regiao\/","name":"Ribeir\u00e3o Preto e Regi\u00e3o","description":"Rede NoticiaZ - Ribeir\u00e3o Preto e regi\u00e3o","publisher":{"@id":"https:\/\/redenoticiaz.com.br\/ribeiraopreto-regiao\/#organization"},"potentialAction":[{"@type":"SearchAction","target":{"@type":"EntryPoint","urlTemplate":"https:\/\/redenoticiaz.com.br\/ribeiraopreto-regiao\/?s={search_term_string}"},"query-input":{"@type":"PropertyValueSpecification","valueRequired":true,"valueName":"search_term_string"}}],"inLanguage":"pt-BR"},{"@type":"Organization","@id":"https:\/\/redenoticiaz.com.br\/ribeiraopreto-regiao\/#organization","name":"Ribeir\u00e3o Preto e Regi\u00e3o","url":"https:\/\/redenoticiaz.com.br\/ribeiraopreto-regiao\/","logo":{"@type":"ImageObject","inLanguage":"pt-BR","@id":"https:\/\/redenoticiaz.com.br\/ribeiraopreto-regiao\/#\/schema\/logo\/image\/","url":"https:\/\/redenoticiaz.com.br\/barretos-regiao\/wp-content\/uploads\/sites\/4\/2022\/02\/logo.jpg","contentUrl":"https:\/\/redenoticiaz.com.br\/barretos-regiao\/wp-content\/uploads\/sites\/4\/2022\/02\/logo.jpg","width":400,"height":250,"caption":"Ribeir\u00e3o Preto e Regi\u00e3o"},"image":{"@id":"https:\/\/redenoticiaz.com.br\/ribeiraopreto-regiao\/#\/schema\/logo\/image\/"},"sameAs":["https:\/\/m.facebook.com\/redenoticiaz.barretos","https:\/\/x.com\/RN_barretos","https:\/\/www.instagram.com\/redenoticiaz.barretos\/?igshid=YmMyMTA2M2Y","https:\/\/www.linkedin.com\/company\/rede-noticiaz-barretos-e-regio\/"]},{"@type":"Person","@id":"https:\/\/redenoticiaz.com.br\/ribeiraopreto-regiao\/#\/schema\/person\/e1b0bd8c2637e2c1b6ddcbc2c33b116f","name":"Patr\u00edcia Prado","image":{"@type":"ImageObject","inLanguage":"pt-BR","@id":"https:\/\/secure.gravatar.com\/avatar\/92e358bef22cfcec15e054ae4d9fee04dadf0c772dc4a17b382b8a34a15354c2?s=96&d=mm&r=g","url":"https:\/\/secure.gravatar.com\/avatar\/92e358bef22cfcec15e054ae4d9fee04dadf0c772dc4a17b382b8a34a15354c2?s=96&d=mm&r=g","contentUrl":"https:\/\/secure.gravatar.com\/avatar\/92e358bef22cfcec15e054ae4d9fee04dadf0c772dc4a17b382b8a34a15354c2?s=96&d=mm&r=g","caption":"Patr\u00edcia Prado"},"url":"https:\/\/redenoticiaz.com.br\/ribeiraopreto-regiao\/sp\/author\/patricia-prado"}]}},"_links":{"self":[{"href":"https:\/\/redenoticiaz.com.br\/ribeiraopreto-regiao\/wp-json\/wp\/v2\/posts\/123152","targetHints":{"allow":["GET"]}}],"collection":[{"href":"https:\/\/redenoticiaz.com.br\/ribeiraopreto-regiao\/wp-json\/wp\/v2\/posts"}],"about":[{"href":"https:\/\/redenoticiaz.com.br\/ribeiraopreto-regiao\/wp-json\/wp\/v2\/types\/post"}],"author":[{"embeddable":true,"href":"https:\/\/redenoticiaz.com.br\/ribeiraopreto-regiao\/wp-json\/wp\/v2\/users\/5"}],"replies":[{"embeddable":true,"href":"https:\/\/redenoticiaz.com.br\/ribeiraopreto-regiao\/wp-json\/wp\/v2\/comments?post=123152"}],"version-history":[{"count":0,"href":"https:\/\/redenoticiaz.com.br\/ribeiraopreto-regiao\/wp-json\/wp\/v2\/posts\/123152\/revisions"}],"wp:featuredmedia":[{"embeddable":true,"href":"https:\/\/redenoticiaz.com.br\/ribeiraopreto-regiao\/wp-json\/wp\/v2\/media\/123153"}],"wp:attachment":[{"href":"https:\/\/redenoticiaz.com.br\/ribeiraopreto-regiao\/wp-json\/wp\/v2\/media?parent=123152"}],"wp:term":[{"taxonomy":"category","embeddable":true,"href":"https:\/\/redenoticiaz.com.br\/ribeiraopreto-regiao\/wp-json\/wp\/v2\/categories?post=123152"},{"taxonomy":"post_tag","embeddable":true,"href":"https:\/\/redenoticiaz.com.br\/ribeiraopreto-regiao\/wp-json\/wp\/v2\/tags?post=123152"}],"curies":[{"name":"wp","href":"https:\/\/api.w.org\/{rel}","templated":true}]}}