{"id":123158,"date":"2026-09-03T00:03:12","date_gmt":"2026-09-03T03:03:12","guid":{"rendered":"https:\/\/redenoticiaz.com.br\/ribeiraopreto-regiao\/sp\/2026\/09\/03\/medina-ganha-nota-10-mas-e-vice-campeao-na-etapa-de-fiji-da-wsl"},"modified":"2026-09-03T00:03:12","modified_gmt":"2026-09-03T03:03:12","slug":"medina-ganha-nota-10-mas-e-vice-campeao-na-etapa-de-fiji-da-wsl","status":"publish","type":"post","link":"https:\/\/redenoticiaz.com.br\/ribeiraopreto-regiao\/sp\/2026\/09\/03\/medina-ganha-nota-10-mas-e-vice-campeao-na-etapa-de-fiji-da-wsl","title":{"rendered":"Medina ganha nota 10, mas \u00e9 vice-campe\u00e3o na etapa de Fiji da WSL"},"content":{"rendered":"<p>O surfista brasileiro Gabriel Medina conquistou o vice-campeonato na etapa de Fiji do circuito World Surf League (WSL), ap\u00f3s uma final acirrada contra o norte-americano Cole Houshmand na noite dessa quarta-feira (2). Medina, que saiu atr\u00e1s no placar, precisou de uma nota 9.66 nos momentos finais e conseguiu brilhar com uma onda nota 10. No entanto, Houshmand tamb\u00e9m se destacou, garantindo uma nota 8.37 e fechando o somat\u00f3rio com 16.87, superando os 15.17 do brasileiro.<\/p>\n<p>Antes da final, Medina j\u00e1 havia mostrado seu talento ao vencer duas baterias consecutivas. Atualmente, o tricampe\u00e3o mundial (2014, 2018 e 2021) ocupa a quarta posi\u00e7\u00e3o no ranking da temporada, enquanto \u00cdtalo Ferreira lidera a classifica\u00e7\u00e3o, seguido pelo italiano Leonardo Fioravanti e o catarinense Yago Dora, que \u00e9 o quarto. Miguel Pupo completa o top 5. Com o t\u00edtulo em Fiji, Houshmand subiu da 22\u00aa para a 17\u00aa posi\u00e7\u00e3o no ranking.<\/p>\n<p>No evento feminino, a vit\u00f3ria foi para a canadense Erin Brooks, que se sagrou campe\u00e3 ap\u00f3s a desist\u00eancia da australiana Isabela Nichols por conta de uma les\u00e3o.<\/p>\n<p>Gabriel Medina, natural de S\u00e3o Sebasti\u00e3o, litoral paulista, come\u00e7ou sua quarta-feira com grande desempenho nas ondas tubulares de Cloudbreak, famoso pico de surfe em Fiji. Ele eliminou o franc\u00eas Kauli Vasst, vencendo com um somat\u00f3rio de 15.66 (9.33 e 6.33) contra 7.55 (5.33 e 2.00) do europeu.<\/p>\n<p>Nas semifinais, Medina continuou impressionando ao obter 9.77, a segunda melhor nota do dia, ao surfar um tubo perfeito contra o norte-americano Griffin Colapinto. O brasileiro avan\u00e7ou para a final com um total de 19.04 (9.77 e 9.27), enquanto Colapinto terminou com 14.57 (7.50 e 7.07).<\/p>\n<p>A etapa de Fiji teve rein\u00edcio na tarde de ter\u00e7a-feira (1\u00ba), ap\u00f3s dias de paralisa\u00e7\u00e3o devido \u00e0s condi\u00e7\u00f5es do mar. Na competi\u00e7\u00e3o, cinco brasileiros ainda estavam na disputa, mas apenas Yago Dora e Medina conseguiram avan\u00e7ar. Enquanto Dora avan\u00e7ou nas oitavas enfrentando o japon\u00eas Kanoa Igarashi, aceitando uma vit\u00f3ria com somat\u00f3rio de 14.40, Medina tamb\u00e9m garantiu sua vaga nas quartas com uma vit\u00f3ria apertada sobre Barron Mamiya (13.77 contra 13.33).<\/p>\n<p>L\u00edder do ranking, \u00cdtalo Ferreira foi eliminado nas oitavas, assim como os irm\u00e3os Samuel e Miguel Pupo. Outros brasileiros, incluindo Filipe Toledo, Alejo Muniz, Matheus Herdy e Jo\u00e3o Chianca, foram eliminados prematuramente, assim como a \u00fanica representante feminina do pa\u00eds, Luana Silva.<\/p>\n","protected":false},"excerpt":{"rendered":"<p>O surfista brasileiro Gabriel Medina conquistou o vice-campeonato na etapa de Fiji do circuito World Surf League (WSL), ap\u00f3s uma final acirrada contra o norte-americano Cole Houshmand na noite dessa quarta-feira (2). Medina, que saiu atr\u00e1s no placar, precisou de uma nota 9.66 nos momentos finais e conseguiu brilhar com uma onda nota 10. No &hellip;<\/p>\n","protected":false},"author":5,"featured_media":123159,"comment_status":"open","ping_status":"closed","sticky":false,"template":"","format":"standard","meta":{"footnotes":""},"categories":[87],"tags":[],"class_list":["post-123158","post","type-post","status-publish","format-standard","has-post-thumbnail","hentry","category-esporte"],"yoast_head":"<!-- This site is optimized with the Yoast SEO plugin v28.4 - https:\/\/yoast.com\/product\/yoast-seo-wordpress\/ -->\n<title>Medina ganha nota 10, mas \u00e9 vice-campe\u00e3o na etapa de Fiji da WSL - Ribeir\u00e3o Preto e Regi\u00e3o<\/title>\n<meta name=\"robots\" content=\"index, follow, max-snippet:-1, max-image-preview:large, max-video-preview:-1\" \/>\n<link rel=\"canonical\" href=\"https:\/\/redenoticiaz.com.br\/ribeiraopreto-regiao\/sp\/2026\/09\/03\/medina-ganha-nota-10-mas-e-vice-campeao-na-etapa-de-fiji-da-wsl\" \/>\n<meta property=\"og:locale\" content=\"pt_BR\" \/>\n<meta property=\"og:type\" content=\"article\" \/>\n<meta property=\"og:title\" content=\"Medina ganha nota 10, mas \u00e9 vice-campe\u00e3o na etapa de Fiji da WSL - Ribeir\u00e3o Preto e Regi\u00e3o\" \/>\n<meta property=\"og:description\" content=\"O surfista brasileiro Gabriel Medina conquistou o vice-campeonato na etapa de Fiji do circuito World Surf League (WSL), ap\u00f3s uma final acirrada contra o norte-americano Cole Houshmand na noite dessa quarta-feira (2). Medina, que saiu atr\u00e1s no placar, precisou de uma nota 9.66 nos momentos finais e conseguiu brilhar com uma onda nota 10. No &hellip;\" \/>\n<meta property=\"og:url\" content=\"https:\/\/redenoticiaz.com.br\/ribeiraopreto-regiao\/sp\/2026\/09\/03\/medina-ganha-nota-10-mas-e-vice-campeao-na-etapa-de-fiji-da-wsl\" \/>\n<meta property=\"og:site_name\" content=\"Ribeir\u00e3o Preto e Regi\u00e3o\" \/>\n<meta property=\"article:publisher\" content=\"https:\/\/m.facebook.com\/redenoticiaz.barretos\" \/>\n<meta property=\"article:published_time\" content=\"2026-09-03T03:03:12+00:00\" \/>\n<meta property=\"og:image\" content=\"https:\/\/redenoticiaz.com.br\/ribeiraopreto-regiao\/wp-content\/uploads\/sites\/4\/2022\/02\/logo.jpg\" \/>\n\t<meta property=\"og:image:width\" content=\"400\" \/>\n\t<meta property=\"og:image:height\" content=\"250\" \/>\n\t<meta property=\"og:image:type\" content=\"image\/jpeg\" \/>\n<meta name=\"author\" content=\"Patr\u00edcia Prado\" \/>\n<meta name=\"twitter:card\" content=\"summary_large_image\" \/>\n<meta name=\"twitter:creator\" content=\"@RN_barretos\" \/>\n<meta name=\"twitter:site\" content=\"@RN_barretos\" \/>\n<meta name=\"twitter:label1\" content=\"Escrito por\" \/>\n\t<meta name=\"twitter:data1\" content=\"Patr\u00edcia Prado\" \/>\n\t<meta name=\"twitter:label2\" content=\"Est. tempo de leitura\" \/>\n\t<meta name=\"twitter:data2\" content=\"2 minutos\" \/>\n<script type=\"application\/ld+json\" class=\"yoast-schema-graph\">{\"@context\":\"https:\\\/\\\/schema.org\",\"@graph\":[{\"@type\":\"Article\",\"@id\":\"https:\\\/\\\/redenoticiaz.com.br\\\/ribeiraopreto-regiao\\\/sp\\\/2026\\\/09\\\/03\\\/medina-ganha-nota-10-mas-e-vice-campeao-na-etapa-de-fiji-da-wsl#article\",\"isPartOf\":{\"@id\":\"https:\\\/\\\/redenoticiaz.com.br\\\/ribeiraopreto-regiao\\\/sp\\\/2026\\\/09\\\/03\\\/medina-ganha-nota-10-mas-e-vice-campeao-na-etapa-de-fiji-da-wsl\"},\"author\":{\"name\":\"Patr\u00edcia Prado\",\"@id\":\"https:\\\/\\\/redenoticiaz.com.br\\\/ribeiraopreto-regiao\\\/#\\\/schema\\\/person\\\/e1b0bd8c2637e2c1b6ddcbc2c33b116f\"},\"headline\":\"Medina ganha nota 10, mas \u00e9 vice-campe\u00e3o na etapa de Fiji da WSL\",\"datePublished\":\"2026-09-03T03:03:12+00:00\",\"mainEntityOfPage\":{\"@id\":\"https:\\\/\\\/redenoticiaz.com.br\\\/ribeiraopreto-regiao\\\/sp\\\/2026\\\/09\\\/03\\\/medina-ganha-nota-10-mas-e-vice-campeao-na-etapa-de-fiji-da-wsl\"},\"wordCount\":396,\"commentCount\":0,\"publisher\":{\"@id\":\"https:\\\/\\\/redenoticiaz.com.br\\\/ribeiraopreto-regiao\\\/#organization\"},\"image\":{\"@id\":\"https:\\\/\\\/redenoticiaz.com.br\\\/ribeiraopreto-regiao\\\/sp\\\/2026\\\/09\\\/03\\\/medina-ganha-nota-10-mas-e-vice-campeao-na-etapa-de-fiji-da-wsl#primaryimage\"},\"thumbnailUrl\":\"https:\\\/\\\/redenoticiaz.com.br\\\/ribeiraopreto-regiao\\\/wp-content\\\/uploads\\\/sites\\\/4\\\/2026\\\/09\\\/131964192_195356572246421_4041551241036531149_n.jpg\",\"articleSection\":[\"Esporte\"],\"inLanguage\":\"pt-BR\",\"potentialAction\":[{\"@type\":\"CommentAction\",\"name\":\"Comment\",\"target\":[\"https:\\\/\\\/redenoticiaz.com.br\\\/ribeiraopreto-regiao\\\/sp\\\/2026\\\/09\\\/03\\\/medina-ganha-nota-10-mas-e-vice-campeao-na-etapa-de-fiji-da-wsl#respond\"]}]},{\"@type\":\"WebPage\",\"@id\":\"https:\\\/\\\/redenoticiaz.com.br\\\/ribeiraopreto-regiao\\\/sp\\\/2026\\\/09\\\/03\\\/medina-ganha-nota-10-mas-e-vice-campeao-na-etapa-de-fiji-da-wsl\",\"url\":\"https:\\\/\\\/redenoticiaz.com.br\\\/ribeiraopreto-regiao\\\/sp\\\/2026\\\/09\\\/03\\\/medina-ganha-nota-10-mas-e-vice-campeao-na-etapa-de-fiji-da-wsl\",\"name\":\"Medina ganha nota 10, mas \u00e9 vice-campe\u00e3o na etapa de Fiji da WSL - Ribeir\u00e3o Preto e Regi\u00e3o\",\"isPartOf\":{\"@id\":\"https:\\\/\\\/redenoticiaz.com.br\\\/ribeiraopreto-regiao\\\/#website\"},\"primaryImageOfPage\":{\"@id\":\"https:\\\/\\\/redenoticiaz.com.br\\\/ribeiraopreto-regiao\\\/sp\\\/2026\\\/09\\\/03\\\/medina-ganha-nota-10-mas-e-vice-campeao-na-etapa-de-fiji-da-wsl#primaryimage\"},\"image\":{\"@id\":\"https:\\\/\\\/redenoticiaz.com.br\\\/ribeiraopreto-regiao\\\/sp\\\/2026\\\/09\\\/03\\\/medina-ganha-nota-10-mas-e-vice-campeao-na-etapa-de-fiji-da-wsl#primaryimage\"},\"thumbnailUrl\":\"https:\\\/\\\/redenoticiaz.com.br\\\/ribeiraopreto-regiao\\\/wp-content\\\/uploads\\\/sites\\\/4\\\/2026\\\/09\\\/131964192_195356572246421_4041551241036531149_n.jpg\",\"datePublished\":\"2026-09-03T03:03:12+00:00\",\"inLanguage\":\"pt-BR\",\"potentialAction\":[{\"@type\":\"ReadAction\",\"target\":[\"https:\\\/\\\/redenoticiaz.com.br\\\/ribeiraopreto-regiao\\\/sp\\\/2026\\\/09\\\/03\\\/medina-ganha-nota-10-mas-e-vice-campeao-na-etapa-de-fiji-da-wsl\"]}]},{\"@type\":\"ImageObject\",\"inLanguage\":\"pt-BR\",\"@id\":\"https:\\\/\\\/redenoticiaz.com.br\\\/ribeiraopreto-regiao\\\/sp\\\/2026\\\/09\\\/03\\\/medina-ganha-nota-10-mas-e-vice-campeao-na-etapa-de-fiji-da-wsl#primaryimage\",\"url\":\"https:\\\/\\\/redenoticiaz.com.br\\\/ribeiraopreto-regiao\\\/wp-content\\\/uploads\\\/sites\\\/4\\\/2026\\\/09\\\/131964192_195356572246421_4041551241036531149_n.jpg\",\"contentUrl\":\"https:\\\/\\\/redenoticiaz.com.br\\\/ribeiraopreto-regiao\\\/wp-content\\\/uploads\\\/sites\\\/4\\\/2026\\\/09\\\/131964192_195356572246421_4041551241036531149_n.jpg\",\"width\":1600,\"height\":800},{\"@type\":\"WebSite\",\"@id\":\"https:\\\/\\\/redenoticiaz.com.br\\\/ribeiraopreto-regiao\\\/#website\",\"url\":\"https:\\\/\\\/redenoticiaz.com.br\\\/ribeiraopreto-regiao\\\/\",\"name\":\"Ribeir\u00e3o Preto e Regi\u00e3o\",\"description\":\"Rede NoticiaZ - Ribeir\u00e3o Preto e regi\u00e3o\",\"publisher\":{\"@id\":\"https:\\\/\\\/redenoticiaz.com.br\\\/ribeiraopreto-regiao\\\/#organization\"},\"potentialAction\":[{\"@type\":\"SearchAction\",\"target\":{\"@type\":\"EntryPoint\",\"urlTemplate\":\"https:\\\/\\\/redenoticiaz.com.br\\\/ribeiraopreto-regiao\\\/?s={search_term_string}\"},\"query-input\":{\"@type\":\"PropertyValueSpecification\",\"valueRequired\":true,\"valueName\":\"search_term_string\"}}],\"inLanguage\":\"pt-BR\"},{\"@type\":\"Organization\",\"@id\":\"https:\\\/\\\/redenoticiaz.com.br\\\/ribeiraopreto-regiao\\\/#organization\",\"name\":\"Ribeir\u00e3o Preto e Regi\u00e3o\",\"url\":\"https:\\\/\\\/redenoticiaz.com.br\\\/ribeiraopreto-regiao\\\/\",\"logo\":{\"@type\":\"ImageObject\",\"inLanguage\":\"pt-BR\",\"@id\":\"https:\\\/\\\/redenoticiaz.com.br\\\/ribeiraopreto-regiao\\\/#\\\/schema\\\/logo\\\/image\\\/\",\"url\":\"https:\\\/\\\/redenoticiaz.com.br\\\/barretos-regiao\\\/wp-content\\\/uploads\\\/sites\\\/4\\\/2022\\\/02\\\/logo.jpg\",\"contentUrl\":\"https:\\\/\\\/redenoticiaz.com.br\\\/barretos-regiao\\\/wp-content\\\/uploads\\\/sites\\\/4\\\/2022\\\/02\\\/logo.jpg\",\"width\":400,\"height\":250,\"caption\":\"Ribeir\u00e3o Preto e Regi\u00e3o\"},\"image\":{\"@id\":\"https:\\\/\\\/redenoticiaz.com.br\\\/ribeiraopreto-regiao\\\/#\\\/schema\\\/logo\\\/image\\\/\"},\"sameAs\":[\"https:\\\/\\\/m.facebook.com\\\/redenoticiaz.barretos\",\"https:\\\/\\\/x.com\\\/RN_barretos\",\"https:\\\/\\\/www.instagram.com\\\/redenoticiaz.barretos\\\/?igshid=YmMyMTA2M2Y\",\"https:\\\/\\\/www.linkedin.com\\\/company\\\/rede-noticiaz-barretos-e-regio\\\/\"]},{\"@type\":\"Person\",\"@id\":\"https:\\\/\\\/redenoticiaz.com.br\\\/ribeiraopreto-regiao\\\/#\\\/schema\\\/person\\\/e1b0bd8c2637e2c1b6ddcbc2c33b116f\",\"name\":\"Patr\u00edcia Prado\",\"image\":{\"@type\":\"ImageObject\",\"inLanguage\":\"pt-BR\",\"@id\":\"https:\\\/\\\/secure.gravatar.com\\\/avatar\\\/92e358bef22cfcec15e054ae4d9fee04dadf0c772dc4a17b382b8a34a15354c2?s=96&d=mm&r=g\",\"url\":\"https:\\\/\\\/secure.gravatar.com\\\/avatar\\\/92e358bef22cfcec15e054ae4d9fee04dadf0c772dc4a17b382b8a34a15354c2?s=96&d=mm&r=g\",\"contentUrl\":\"https:\\\/\\\/secure.gravatar.com\\\/avatar\\\/92e358bef22cfcec15e054ae4d9fee04dadf0c772dc4a17b382b8a34a15354c2?s=96&d=mm&r=g\",\"caption\":\"Patr\u00edcia Prado\"},\"url\":\"https:\\\/\\\/redenoticiaz.com.br\\\/ribeiraopreto-regiao\\\/sp\\\/author\\\/patricia-prado\"}]}<\/script>\n<!-- \/ Yoast SEO plugin. -->","yoast_head_json":{"title":"Medina ganha nota 10, mas \u00e9 vice-campe\u00e3o na etapa de Fiji da WSL - Ribeir\u00e3o Preto e Regi\u00e3o","robots":{"index":"index","follow":"follow","max-snippet":"max-snippet:-1","max-image-preview":"max-image-preview:large","max-video-preview":"max-video-preview:-1"},"canonical":"https:\/\/redenoticiaz.com.br\/ribeiraopreto-regiao\/sp\/2026\/09\/03\/medina-ganha-nota-10-mas-e-vice-campeao-na-etapa-de-fiji-da-wsl","og_locale":"pt_BR","og_type":"article","og_title":"Medina ganha nota 10, mas \u00e9 vice-campe\u00e3o na etapa de Fiji da WSL - Ribeir\u00e3o Preto e Regi\u00e3o","og_description":"O surfista brasileiro Gabriel Medina conquistou o vice-campeonato na etapa de Fiji do circuito World Surf League (WSL), ap\u00f3s uma final acirrada contra o norte-americano Cole Houshmand na noite dessa quarta-feira (2). Medina, que saiu atr\u00e1s no placar, precisou de uma nota 9.66 nos momentos finais e conseguiu brilhar com uma onda nota 10. No &hellip;","og_url":"https:\/\/redenoticiaz.com.br\/ribeiraopreto-regiao\/sp\/2026\/09\/03\/medina-ganha-nota-10-mas-e-vice-campeao-na-etapa-de-fiji-da-wsl","og_site_name":"Ribeir\u00e3o Preto e Regi\u00e3o","article_publisher":"https:\/\/m.facebook.com\/redenoticiaz.barretos","article_published_time":"2026-09-03T03:03:12+00:00","og_image":[{"width":400,"height":250,"url":"https:\/\/redenoticiaz.com.br\/ribeiraopreto-regiao\/wp-content\/uploads\/sites\/4\/2022\/02\/logo.jpg","type":"image\/jpeg"}],"author":"Patr\u00edcia Prado","twitter_card":"summary_large_image","twitter_creator":"@RN_barretos","twitter_site":"@RN_barretos","twitter_misc":{"Escrito por":"Patr\u00edcia Prado","Est. tempo de leitura":"2 minutos"},"schema":{"@context":"https:\/\/schema.org","@graph":[{"@type":"Article","@id":"https:\/\/redenoticiaz.com.br\/ribeiraopreto-regiao\/sp\/2026\/09\/03\/medina-ganha-nota-10-mas-e-vice-campeao-na-etapa-de-fiji-da-wsl#article","isPartOf":{"@id":"https:\/\/redenoticiaz.com.br\/ribeiraopreto-regiao\/sp\/2026\/09\/03\/medina-ganha-nota-10-mas-e-vice-campeao-na-etapa-de-fiji-da-wsl"},"author":{"name":"Patr\u00edcia Prado","@id":"https:\/\/redenoticiaz.com.br\/ribeiraopreto-regiao\/#\/schema\/person\/e1b0bd8c2637e2c1b6ddcbc2c33b116f"},"headline":"Medina ganha nota 10, mas \u00e9 vice-campe\u00e3o na etapa de Fiji da WSL","datePublished":"2026-09-03T03:03:12+00:00","mainEntityOfPage":{"@id":"https:\/\/redenoticiaz.com.br\/ribeiraopreto-regiao\/sp\/2026\/09\/03\/medina-ganha-nota-10-mas-e-vice-campeao-na-etapa-de-fiji-da-wsl"},"wordCount":396,"commentCount":0,"publisher":{"@id":"https:\/\/redenoticiaz.com.br\/ribeiraopreto-regiao\/#organization"},"image":{"@id":"https:\/\/redenoticiaz.com.br\/ribeiraopreto-regiao\/sp\/2026\/09\/03\/medina-ganha-nota-10-mas-e-vice-campeao-na-etapa-de-fiji-da-wsl#primaryimage"},"thumbnailUrl":"https:\/\/redenoticiaz.com.br\/ribeiraopreto-regiao\/wp-content\/uploads\/sites\/4\/2026\/09\/131964192_195356572246421_4041551241036531149_n.jpg","articleSection":["Esporte"],"inLanguage":"pt-BR","potentialAction":[{"@type":"CommentAction","name":"Comment","target":["https:\/\/redenoticiaz.com.br\/ribeiraopreto-regiao\/sp\/2026\/09\/03\/medina-ganha-nota-10-mas-e-vice-campeao-na-etapa-de-fiji-da-wsl#respond"]}]},{"@type":"WebPage","@id":"https:\/\/redenoticiaz.com.br\/ribeiraopreto-regiao\/sp\/2026\/09\/03\/medina-ganha-nota-10-mas-e-vice-campeao-na-etapa-de-fiji-da-wsl","url":"https:\/\/redenoticiaz.com.br\/ribeiraopreto-regiao\/sp\/2026\/09\/03\/medina-ganha-nota-10-mas-e-vice-campeao-na-etapa-de-fiji-da-wsl","name":"Medina ganha nota 10, mas \u00e9 vice-campe\u00e3o na etapa de Fiji da WSL - Ribeir\u00e3o Preto e Regi\u00e3o","isPartOf":{"@id":"https:\/\/redenoticiaz.com.br\/ribeiraopreto-regiao\/#website"},"primaryImageOfPage":{"@id":"https:\/\/redenoticiaz.com.br\/ribeiraopreto-regiao\/sp\/2026\/09\/03\/medina-ganha-nota-10-mas-e-vice-campeao-na-etapa-de-fiji-da-wsl#primaryimage"},"image":{"@id":"https:\/\/redenoticiaz.com.br\/ribeiraopreto-regiao\/sp\/2026\/09\/03\/medina-ganha-nota-10-mas-e-vice-campeao-na-etapa-de-fiji-da-wsl#primaryimage"},"thumbnailUrl":"https:\/\/redenoticiaz.com.br\/ribeiraopreto-regiao\/wp-content\/uploads\/sites\/4\/2026\/09\/131964192_195356572246421_4041551241036531149_n.jpg","datePublished":"2026-09-03T03:03:12+00:00","inLanguage":"pt-BR","potentialAction":[{"@type":"ReadAction","target":["https:\/\/redenoticiaz.com.br\/ribeiraopreto-regiao\/sp\/2026\/09\/03\/medina-ganha-nota-10-mas-e-vice-campeao-na-etapa-de-fiji-da-wsl"]}]},{"@type":"ImageObject","inLanguage":"pt-BR","@id":"https:\/\/redenoticiaz.com.br\/ribeiraopreto-regiao\/sp\/2026\/09\/03\/medina-ganha-nota-10-mas-e-vice-campeao-na-etapa-de-fiji-da-wsl#primaryimage","url":"https:\/\/redenoticiaz.com.br\/ribeiraopreto-regiao\/wp-content\/uploads\/sites\/4\/2026\/09\/131964192_195356572246421_4041551241036531149_n.jpg","contentUrl":"https:\/\/redenoticiaz.com.br\/ribeiraopreto-regiao\/wp-content\/uploads\/sites\/4\/2026\/09\/131964192_195356572246421_4041551241036531149_n.jpg","width":1600,"height":800},{"@type":"WebSite","@id":"https:\/\/redenoticiaz.com.br\/ribeiraopreto-regiao\/#website","url":"https:\/\/redenoticiaz.com.br\/ribeiraopreto-regiao\/","name":"Ribeir\u00e3o Preto e Regi\u00e3o","description":"Rede NoticiaZ - Ribeir\u00e3o Preto e regi\u00e3o","publisher":{"@id":"https:\/\/redenoticiaz.com.br\/ribeiraopreto-regiao\/#organization"},"potentialAction":[{"@type":"SearchAction","target":{"@type":"EntryPoint","urlTemplate":"https:\/\/redenoticiaz.com.br\/ribeiraopreto-regiao\/?s={search_term_string}"},"query-input":{"@type":"PropertyValueSpecification","valueRequired":true,"valueName":"search_term_string"}}],"inLanguage":"pt-BR"},{"@type":"Organization","@id":"https:\/\/redenoticiaz.com.br\/ribeiraopreto-regiao\/#organization","name":"Ribeir\u00e3o Preto e Regi\u00e3o","url":"https:\/\/redenoticiaz.com.br\/ribeiraopreto-regiao\/","logo":{"@type":"ImageObject","inLanguage":"pt-BR","@id":"https:\/\/redenoticiaz.com.br\/ribeiraopreto-regiao\/#\/schema\/logo\/image\/","url":"https:\/\/redenoticiaz.com.br\/barretos-regiao\/wp-content\/uploads\/sites\/4\/2022\/02\/logo.jpg","contentUrl":"https:\/\/redenoticiaz.com.br\/barretos-regiao\/wp-content\/uploads\/sites\/4\/2022\/02\/logo.jpg","width":400,"height":250,"caption":"Ribeir\u00e3o Preto e Regi\u00e3o"},"image":{"@id":"https:\/\/redenoticiaz.com.br\/ribeiraopreto-regiao\/#\/schema\/logo\/image\/"},"sameAs":["https:\/\/m.facebook.com\/redenoticiaz.barretos","https:\/\/x.com\/RN_barretos","https:\/\/www.instagram.com\/redenoticiaz.barretos\/?igshid=YmMyMTA2M2Y","https:\/\/www.linkedin.com\/company\/rede-noticiaz-barretos-e-regio\/"]},{"@type":"Person","@id":"https:\/\/redenoticiaz.com.br\/ribeiraopreto-regiao\/#\/schema\/person\/e1b0bd8c2637e2c1b6ddcbc2c33b116f","name":"Patr\u00edcia Prado","image":{"@type":"ImageObject","inLanguage":"pt-BR","@id":"https:\/\/secure.gravatar.com\/avatar\/92e358bef22cfcec15e054ae4d9fee04dadf0c772dc4a17b382b8a34a15354c2?s=96&d=mm&r=g","url":"https:\/\/secure.gravatar.com\/avatar\/92e358bef22cfcec15e054ae4d9fee04dadf0c772dc4a17b382b8a34a15354c2?s=96&d=mm&r=g","contentUrl":"https:\/\/secure.gravatar.com\/avatar\/92e358bef22cfcec15e054ae4d9fee04dadf0c772dc4a17b382b8a34a15354c2?s=96&d=mm&r=g","caption":"Patr\u00edcia Prado"},"url":"https:\/\/redenoticiaz.com.br\/ribeiraopreto-regiao\/sp\/author\/patricia-prado"}]}},"_links":{"self":[{"href":"https:\/\/redenoticiaz.com.br\/ribeiraopreto-regiao\/wp-json\/wp\/v2\/posts\/123158","targetHints":{"allow":["GET"]}}],"collection":[{"href":"https:\/\/redenoticiaz.com.br\/ribeiraopreto-regiao\/wp-json\/wp\/v2\/posts"}],"about":[{"href":"https:\/\/redenoticiaz.com.br\/ribeiraopreto-regiao\/wp-json\/wp\/v2\/types\/post"}],"author":[{"embeddable":true,"href":"https:\/\/redenoticiaz.com.br\/ribeiraopreto-regiao\/wp-json\/wp\/v2\/users\/5"}],"replies":[{"embeddable":true,"href":"https:\/\/redenoticiaz.com.br\/ribeiraopreto-regiao\/wp-json\/wp\/v2\/comments?post=123158"}],"version-history":[{"count":0,"href":"https:\/\/redenoticiaz.com.br\/ribeiraopreto-regiao\/wp-json\/wp\/v2\/posts\/123158\/revisions"}],"wp:featuredmedia":[{"embeddable":true,"href":"https:\/\/redenoticiaz.com.br\/ribeiraopreto-regiao\/wp-json\/wp\/v2\/media\/123159"}],"wp:attachment":[{"href":"https:\/\/redenoticiaz.com.br\/ribeiraopreto-regiao\/wp-json\/wp\/v2\/media?parent=123158"}],"wp:term":[{"taxonomy":"category","embeddable":true,"href":"https:\/\/redenoticiaz.com.br\/ribeiraopreto-regiao\/wp-json\/wp\/v2\/categories?post=123158"},{"taxonomy":"post_tag","embeddable":true,"href":"https:\/\/redenoticiaz.com.br\/ribeiraopreto-regiao\/wp-json\/wp\/v2\/tags?post=123158"}],"curies":[{"name":"wp","href":"https:\/\/api.w.org\/{rel}","templated":true}]}}