{"id":123160,"date":"2026-09-03T00:34:00","date_gmt":"2026-09-03T03:34:00","guid":{"rendered":"https:\/\/redenoticiaz.com.br\/ribeiraopreto-regiao\/sp\/2026\/09\/03\/bolsa-sobe-3-e-alcanca-maior-patamar-desde-maio-amid-tensao-eua-ira"},"modified":"2026-09-03T00:34:00","modified_gmt":"2026-09-03T03:34:00","slug":"bolsa-sobe-3-e-alcanca-maior-patamar-desde-maio-amid-tensao-eua-ira","status":"publish","type":"post","link":"https:\/\/redenoticiaz.com.br\/ribeiraopreto-regiao\/sp\/2026\/09\/03\/bolsa-sobe-3-e-alcanca-maior-patamar-desde-maio-amid-tensao-eua-ira","title":{"rendered":"Bolsa sobe 3% e alcan\u00e7a maior patamar desde maio amid tens\u00e3o EUA-Ir\u00e3"},"content":{"rendered":"<p>A bolsa de valores brasileira disparou mais de 3% nesta quarta-feira (2), atingindo o maior n\u00edvel desde maio, em meio \u00e0 crescente tens\u00e3o entre os Estados Unidos e Ir\u00e3 e ao cen\u00e1rio eleitoral no Brasil. O principal \u00edndice da B3, o Ibovespa, encerrou o dia em alta de 3,05%, alcan\u00e7ando 185.205,09 pontos, e subiu pela 11\u00aa vez consecutiva.<\/p>\n<p>O d\u00f3lar comercial caiu pela terceira vez seguida, encerrando o dia a R$ 5,106, uma diminui\u00e7\u00e3o de 0,91%. Este foi o menor valor da moeda americana em tr\u00eas semanas. Durante a manh\u00e3, o d\u00f3lar chegou a registrar alta de 0,33%, atingindo R$ 5,1702, mas rapidamente se desvalorizou ap\u00f3s a divulga\u00e7\u00e3o de uma pesquisa eleitoral.<\/p>\n<p>Os principais n\u00fameros do dia mostram o Ibovespa em 185.205,09 pontos, com alta de 3,05%, e o d\u00f3lar comercial cotado a R$ 5,106, refletindo uma queda de 0,91%. No acumulado, o d\u00f3lar apresenta uma baixa de 1,72% nas \u00faltimas tr\u00eas sess\u00f5es e uma desvaloriza\u00e7\u00e3o de 6,97% no ano. O pre\u00e7o do petr\u00f3leo tamb\u00e9m avan\u00e7ou, com o tipo WTI alcan\u00e7ando US$ 91,01 (+0,88%) e o Brent negociado a US$ 95,63 (+1,04%).<\/p>\n<p>O desempenho positivo do Ibovespa foi impulsionado pelo fluxo de investidores estrangeiros que voltaram a comprar a\u00e7\u00f5es brasileiras, ap\u00f3s uma significativa sa\u00edda de capital no in\u00edcio de agosto. Neste dia, o \u00edndice atingiu a m\u00e1xima de 186.028,06 pontos e m\u00ednima de 179.733,57 pontos.<\/p>\n<p>Al\u00e9m dos fatores locais, a alta dos pre\u00e7os do petr\u00f3leo \u00e9 atribu\u00edda \u00e0 continuidade dos confrontos entre os Estados Unidos e Ir\u00e3, que afetam o tr\u00e1fego no Estreito de Ormuz, uma importante rota de transporte de \u00f3leo. Dados oficiais tamb\u00e9m indicaram uma queda nos estoques de petr\u00f3leo nos Estados Unidos, contrariando as expectativas do mercado. A Opep deve manter sua pol\u00edtica de produ\u00e7\u00e3o inalterada em reuni\u00e3o marcada para o pr\u00f3ximo domingo (6).<\/p>\n<p>*Com informa\u00e7\u00f5es da Reuters<\/p>\n","protected":false},"excerpt":{"rendered":"<p>A bolsa de valores brasileira disparou mais de 3% nesta quarta-feira (2), atingindo o maior n\u00edvel desde maio, em meio \u00e0 crescente tens\u00e3o entre os Estados Unidos e Ir\u00e3 e ao cen\u00e1rio eleitoral no Brasil. O principal \u00edndice da B3, o Ibovespa, encerrou o dia em alta de 3,05%, alcan\u00e7ando 185.205,09 pontos, e subiu pela &hellip;<\/p>\n","protected":false},"author":5,"featured_media":123161,"comment_status":"open","ping_status":"closed","sticky":false,"template":"","format":"standard","meta":{"footnotes":""},"categories":[68,186],"tags":[],"class_list":["post-123160","post","type-post","status-publish","format-standard","has-post-thumbnail","hentry","category-mundo","category-politica"],"yoast_head":"<!-- This site is optimized with the Yoast SEO plugin v28.4 - https:\/\/yoast.com\/product\/yoast-seo-wordpress\/ -->\n<title>Bolsa sobe 3% e alcan\u00e7a maior patamar desde maio amid tens\u00e3o EUA-Ir\u00e3 - Ribeir\u00e3o Preto e Regi\u00e3o<\/title>\n<meta name=\"robots\" content=\"index, follow, max-snippet:-1, max-image-preview:large, max-video-preview:-1\" \/>\n<link rel=\"canonical\" href=\"https:\/\/redenoticiaz.com.br\/ribeiraopreto-regiao\/sp\/2026\/09\/03\/bolsa-sobe-3-e-alcanca-maior-patamar-desde-maio-amid-tensao-eua-ira\" \/>\n<meta property=\"og:locale\" content=\"pt_BR\" \/>\n<meta property=\"og:type\" content=\"article\" \/>\n<meta property=\"og:title\" content=\"Bolsa sobe 3% e alcan\u00e7a maior patamar desde maio amid tens\u00e3o EUA-Ir\u00e3 - Ribeir\u00e3o Preto e Regi\u00e3o\" \/>\n<meta property=\"og:description\" content=\"A bolsa de valores brasileira disparou mais de 3% nesta quarta-feira (2), atingindo o maior n\u00edvel desde maio, em meio \u00e0 crescente tens\u00e3o entre os Estados Unidos e Ir\u00e3 e ao cen\u00e1rio eleitoral no Brasil. O principal \u00edndice da B3, o Ibovespa, encerrou o dia em alta de 3,05%, alcan\u00e7ando 185.205,09 pontos, e subiu pela &hellip;\" \/>\n<meta property=\"og:url\" content=\"https:\/\/redenoticiaz.com.br\/ribeiraopreto-regiao\/sp\/2026\/09\/03\/bolsa-sobe-3-e-alcanca-maior-patamar-desde-maio-amid-tensao-eua-ira\" \/>\n<meta property=\"og:site_name\" content=\"Ribeir\u00e3o Preto e Regi\u00e3o\" \/>\n<meta property=\"article:publisher\" content=\"https:\/\/m.facebook.com\/redenoticiaz.barretos\" \/>\n<meta property=\"article:published_time\" content=\"2026-09-03T03:34:00+00:00\" \/>\n<meta property=\"og:image\" content=\"https:\/\/redenoticiaz.com.br\/ribeiraopreto-regiao\/wp-content\/uploads\/sites\/4\/2022\/02\/logo.jpg\" \/>\n\t<meta property=\"og:image:width\" content=\"400\" \/>\n\t<meta property=\"og:image:height\" content=\"250\" \/>\n\t<meta property=\"og:image:type\" content=\"image\/jpeg\" \/>\n<meta name=\"author\" content=\"Patr\u00edcia Prado\" \/>\n<meta name=\"twitter:card\" content=\"summary_large_image\" \/>\n<meta name=\"twitter:creator\" content=\"@RN_barretos\" \/>\n<meta name=\"twitter:site\" content=\"@RN_barretos\" \/>\n<meta name=\"twitter:label1\" content=\"Escrito por\" \/>\n\t<meta name=\"twitter:data1\" content=\"Patr\u00edcia Prado\" \/>\n\t<meta name=\"twitter:label2\" content=\"Est. tempo de leitura\" \/>\n\t<meta name=\"twitter:data2\" content=\"2 minutos\" \/>\n<script type=\"application\/ld+json\" class=\"yoast-schema-graph\">{\"@context\":\"https:\\\/\\\/schema.org\",\"@graph\":[{\"@type\":\"Article\",\"@id\":\"https:\\\/\\\/redenoticiaz.com.br\\\/ribeiraopreto-regiao\\\/sp\\\/2026\\\/09\\\/03\\\/bolsa-sobe-3-e-alcanca-maior-patamar-desde-maio-amid-tensao-eua-ira#article\",\"isPartOf\":{\"@id\":\"https:\\\/\\\/redenoticiaz.com.br\\\/ribeiraopreto-regiao\\\/sp\\\/2026\\\/09\\\/03\\\/bolsa-sobe-3-e-alcanca-maior-patamar-desde-maio-amid-tensao-eua-ira\"},\"author\":{\"name\":\"Patr\u00edcia Prado\",\"@id\":\"https:\\\/\\\/redenoticiaz.com.br\\\/ribeiraopreto-regiao\\\/#\\\/schema\\\/person\\\/e1b0bd8c2637e2c1b6ddcbc2c33b116f\"},\"headline\":\"Bolsa sobe 3% e alcan\u00e7a maior patamar desde maio amid tens\u00e3o EUA-Ir\u00e3\",\"datePublished\":\"2026-09-03T03:34:00+00:00\",\"mainEntityOfPage\":{\"@id\":\"https:\\\/\\\/redenoticiaz.com.br\\\/ribeiraopreto-regiao\\\/sp\\\/2026\\\/09\\\/03\\\/bolsa-sobe-3-e-alcanca-maior-patamar-desde-maio-amid-tensao-eua-ira\"},\"wordCount\":328,\"commentCount\":0,\"publisher\":{\"@id\":\"https:\\\/\\\/redenoticiaz.com.br\\\/ribeiraopreto-regiao\\\/#organization\"},\"image\":{\"@id\":\"https:\\\/\\\/redenoticiaz.com.br\\\/ribeiraopreto-regiao\\\/sp\\\/2026\\\/09\\\/03\\\/bolsa-sobe-3-e-alcanca-maior-patamar-desde-maio-amid-tensao-eua-ira#primaryimage\"},\"thumbnailUrl\":\"https:\\\/\\\/redenoticiaz.com.br\\\/ribeiraopreto-regiao\\\/wp-content\\\/uploads\\\/sites\\\/4\\\/2026\\\/09\\\/2021-10-19t202053z_1211697182_rc25dq9bcpf7_rtrmadp_3_brazil-economy.jpg\",\"articleSection\":[\"Mundo\",\"Pol\u00edtica\"],\"inLanguage\":\"pt-BR\",\"potentialAction\":[{\"@type\":\"CommentAction\",\"name\":\"Comment\",\"target\":[\"https:\\\/\\\/redenoticiaz.com.br\\\/ribeiraopreto-regiao\\\/sp\\\/2026\\\/09\\\/03\\\/bolsa-sobe-3-e-alcanca-maior-patamar-desde-maio-amid-tensao-eua-ira#respond\"]}]},{\"@type\":\"WebPage\",\"@id\":\"https:\\\/\\\/redenoticiaz.com.br\\\/ribeiraopreto-regiao\\\/sp\\\/2026\\\/09\\\/03\\\/bolsa-sobe-3-e-alcanca-maior-patamar-desde-maio-amid-tensao-eua-ira\",\"url\":\"https:\\\/\\\/redenoticiaz.com.br\\\/ribeiraopreto-regiao\\\/sp\\\/2026\\\/09\\\/03\\\/bolsa-sobe-3-e-alcanca-maior-patamar-desde-maio-amid-tensao-eua-ira\",\"name\":\"Bolsa sobe 3% e alcan\u00e7a maior patamar desde maio amid tens\u00e3o EUA-Ir\u00e3 - Ribeir\u00e3o Preto e Regi\u00e3o\",\"isPartOf\":{\"@id\":\"https:\\\/\\\/redenoticiaz.com.br\\\/ribeiraopreto-regiao\\\/#website\"},\"primaryImageOfPage\":{\"@id\":\"https:\\\/\\\/redenoticiaz.com.br\\\/ribeiraopreto-regiao\\\/sp\\\/2026\\\/09\\\/03\\\/bolsa-sobe-3-e-alcanca-maior-patamar-desde-maio-amid-tensao-eua-ira#primaryimage\"},\"image\":{\"@id\":\"https:\\\/\\\/redenoticiaz.com.br\\\/ribeiraopreto-regiao\\\/sp\\\/2026\\\/09\\\/03\\\/bolsa-sobe-3-e-alcanca-maior-patamar-desde-maio-amid-tensao-eua-ira#primaryimage\"},\"thumbnailUrl\":\"https:\\\/\\\/redenoticiaz.com.br\\\/ribeiraopreto-regiao\\\/wp-content\\\/uploads\\\/sites\\\/4\\\/2026\\\/09\\\/2021-10-19t202053z_1211697182_rc25dq9bcpf7_rtrmadp_3_brazil-economy.jpg\",\"datePublished\":\"2026-09-03T03:34:00+00:00\",\"inLanguage\":\"pt-BR\",\"potentialAction\":[{\"@type\":\"ReadAction\",\"target\":[\"https:\\\/\\\/redenoticiaz.com.br\\\/ribeiraopreto-regiao\\\/sp\\\/2026\\\/09\\\/03\\\/bolsa-sobe-3-e-alcanca-maior-patamar-desde-maio-amid-tensao-eua-ira\"]}]},{\"@type\":\"ImageObject\",\"inLanguage\":\"pt-BR\",\"@id\":\"https:\\\/\\\/redenoticiaz.com.br\\\/ribeiraopreto-regiao\\\/sp\\\/2026\\\/09\\\/03\\\/bolsa-sobe-3-e-alcanca-maior-patamar-desde-maio-amid-tensao-eua-ira#primaryimage\",\"url\":\"https:\\\/\\\/redenoticiaz.com.br\\\/ribeiraopreto-regiao\\\/wp-content\\\/uploads\\\/sites\\\/4\\\/2026\\\/09\\\/2021-10-19t202053z_1211697182_rc25dq9bcpf7_rtrmadp_3_brazil-economy.jpg\",\"contentUrl\":\"https:\\\/\\\/redenoticiaz.com.br\\\/ribeiraopreto-regiao\\\/wp-content\\\/uploads\\\/sites\\\/4\\\/2026\\\/09\\\/2021-10-19t202053z_1211697182_rc25dq9bcpf7_rtrmadp_3_brazil-economy.jpg\",\"width\":1600,\"height\":800},{\"@type\":\"WebSite\",\"@id\":\"https:\\\/\\\/redenoticiaz.com.br\\\/ribeiraopreto-regiao\\\/#website\",\"url\":\"https:\\\/\\\/redenoticiaz.com.br\\\/ribeiraopreto-regiao\\\/\",\"name\":\"Ribeir\u00e3o Preto e Regi\u00e3o\",\"description\":\"Rede NoticiaZ - Ribeir\u00e3o Preto e regi\u00e3o\",\"publisher\":{\"@id\":\"https:\\\/\\\/redenoticiaz.com.br\\\/ribeiraopreto-regiao\\\/#organization\"},\"potentialAction\":[{\"@type\":\"SearchAction\",\"target\":{\"@type\":\"EntryPoint\",\"urlTemplate\":\"https:\\\/\\\/redenoticiaz.com.br\\\/ribeiraopreto-regiao\\\/?s={search_term_string}\"},\"query-input\":{\"@type\":\"PropertyValueSpecification\",\"valueRequired\":true,\"valueName\":\"search_term_string\"}}],\"inLanguage\":\"pt-BR\"},{\"@type\":\"Organization\",\"@id\":\"https:\\\/\\\/redenoticiaz.com.br\\\/ribeiraopreto-regiao\\\/#organization\",\"name\":\"Ribeir\u00e3o Preto e Regi\u00e3o\",\"url\":\"https:\\\/\\\/redenoticiaz.com.br\\\/ribeiraopreto-regiao\\\/\",\"logo\":{\"@type\":\"ImageObject\",\"inLanguage\":\"pt-BR\",\"@id\":\"https:\\\/\\\/redenoticiaz.com.br\\\/ribeiraopreto-regiao\\\/#\\\/schema\\\/logo\\\/image\\\/\",\"url\":\"https:\\\/\\\/redenoticiaz.com.br\\\/barretos-regiao\\\/wp-content\\\/uploads\\\/sites\\\/4\\\/2022\\\/02\\\/logo.jpg\",\"contentUrl\":\"https:\\\/\\\/redenoticiaz.com.br\\\/barretos-regiao\\\/wp-content\\\/uploads\\\/sites\\\/4\\\/2022\\\/02\\\/logo.jpg\",\"width\":400,\"height\":250,\"caption\":\"Ribeir\u00e3o Preto e Regi\u00e3o\"},\"image\":{\"@id\":\"https:\\\/\\\/redenoticiaz.com.br\\\/ribeiraopreto-regiao\\\/#\\\/schema\\\/logo\\\/image\\\/\"},\"sameAs\":[\"https:\\\/\\\/m.facebook.com\\\/redenoticiaz.barretos\",\"https:\\\/\\\/x.com\\\/RN_barretos\",\"https:\\\/\\\/www.instagram.com\\\/redenoticiaz.barretos\\\/?igshid=YmMyMTA2M2Y\",\"https:\\\/\\\/www.linkedin.com\\\/company\\\/rede-noticiaz-barretos-e-regio\\\/\"]},{\"@type\":\"Person\",\"@id\":\"https:\\\/\\\/redenoticiaz.com.br\\\/ribeiraopreto-regiao\\\/#\\\/schema\\\/person\\\/e1b0bd8c2637e2c1b6ddcbc2c33b116f\",\"name\":\"Patr\u00edcia Prado\",\"image\":{\"@type\":\"ImageObject\",\"inLanguage\":\"pt-BR\",\"@id\":\"https:\\\/\\\/secure.gravatar.com\\\/avatar\\\/92e358bef22cfcec15e054ae4d9fee04dadf0c772dc4a17b382b8a34a15354c2?s=96&d=mm&r=g\",\"url\":\"https:\\\/\\\/secure.gravatar.com\\\/avatar\\\/92e358bef22cfcec15e054ae4d9fee04dadf0c772dc4a17b382b8a34a15354c2?s=96&d=mm&r=g\",\"contentUrl\":\"https:\\\/\\\/secure.gravatar.com\\\/avatar\\\/92e358bef22cfcec15e054ae4d9fee04dadf0c772dc4a17b382b8a34a15354c2?s=96&d=mm&r=g\",\"caption\":\"Patr\u00edcia Prado\"},\"url\":\"https:\\\/\\\/redenoticiaz.com.br\\\/ribeiraopreto-regiao\\\/sp\\\/author\\\/patricia-prado\"}]}<\/script>\n<!-- \/ Yoast SEO plugin. -->","yoast_head_json":{"title":"Bolsa sobe 3% e alcan\u00e7a maior patamar desde maio amid tens\u00e3o EUA-Ir\u00e3 - Ribeir\u00e3o Preto e Regi\u00e3o","robots":{"index":"index","follow":"follow","max-snippet":"max-snippet:-1","max-image-preview":"max-image-preview:large","max-video-preview":"max-video-preview:-1"},"canonical":"https:\/\/redenoticiaz.com.br\/ribeiraopreto-regiao\/sp\/2026\/09\/03\/bolsa-sobe-3-e-alcanca-maior-patamar-desde-maio-amid-tensao-eua-ira","og_locale":"pt_BR","og_type":"article","og_title":"Bolsa sobe 3% e alcan\u00e7a maior patamar desde maio amid tens\u00e3o EUA-Ir\u00e3 - Ribeir\u00e3o Preto e Regi\u00e3o","og_description":"A bolsa de valores brasileira disparou mais de 3% nesta quarta-feira (2), atingindo o maior n\u00edvel desde maio, em meio \u00e0 crescente tens\u00e3o entre os Estados Unidos e Ir\u00e3 e ao cen\u00e1rio eleitoral no Brasil. O principal \u00edndice da B3, o Ibovespa, encerrou o dia em alta de 3,05%, alcan\u00e7ando 185.205,09 pontos, e subiu pela &hellip;","og_url":"https:\/\/redenoticiaz.com.br\/ribeiraopreto-regiao\/sp\/2026\/09\/03\/bolsa-sobe-3-e-alcanca-maior-patamar-desde-maio-amid-tensao-eua-ira","og_site_name":"Ribeir\u00e3o Preto e Regi\u00e3o","article_publisher":"https:\/\/m.facebook.com\/redenoticiaz.barretos","article_published_time":"2026-09-03T03:34:00+00:00","og_image":[{"width":400,"height":250,"url":"https:\/\/redenoticiaz.com.br\/ribeiraopreto-regiao\/wp-content\/uploads\/sites\/4\/2022\/02\/logo.jpg","type":"image\/jpeg"}],"author":"Patr\u00edcia Prado","twitter_card":"summary_large_image","twitter_creator":"@RN_barretos","twitter_site":"@RN_barretos","twitter_misc":{"Escrito por":"Patr\u00edcia Prado","Est. tempo de leitura":"2 minutos"},"schema":{"@context":"https:\/\/schema.org","@graph":[{"@type":"Article","@id":"https:\/\/redenoticiaz.com.br\/ribeiraopreto-regiao\/sp\/2026\/09\/03\/bolsa-sobe-3-e-alcanca-maior-patamar-desde-maio-amid-tensao-eua-ira#article","isPartOf":{"@id":"https:\/\/redenoticiaz.com.br\/ribeiraopreto-regiao\/sp\/2026\/09\/03\/bolsa-sobe-3-e-alcanca-maior-patamar-desde-maio-amid-tensao-eua-ira"},"author":{"name":"Patr\u00edcia Prado","@id":"https:\/\/redenoticiaz.com.br\/ribeiraopreto-regiao\/#\/schema\/person\/e1b0bd8c2637e2c1b6ddcbc2c33b116f"},"headline":"Bolsa sobe 3% e alcan\u00e7a maior patamar desde maio amid tens\u00e3o EUA-Ir\u00e3","datePublished":"2026-09-03T03:34:00+00:00","mainEntityOfPage":{"@id":"https:\/\/redenoticiaz.com.br\/ribeiraopreto-regiao\/sp\/2026\/09\/03\/bolsa-sobe-3-e-alcanca-maior-patamar-desde-maio-amid-tensao-eua-ira"},"wordCount":328,"commentCount":0,"publisher":{"@id":"https:\/\/redenoticiaz.com.br\/ribeiraopreto-regiao\/#organization"},"image":{"@id":"https:\/\/redenoticiaz.com.br\/ribeiraopreto-regiao\/sp\/2026\/09\/03\/bolsa-sobe-3-e-alcanca-maior-patamar-desde-maio-amid-tensao-eua-ira#primaryimage"},"thumbnailUrl":"https:\/\/redenoticiaz.com.br\/ribeiraopreto-regiao\/wp-content\/uploads\/sites\/4\/2026\/09\/2021-10-19t202053z_1211697182_rc25dq9bcpf7_rtrmadp_3_brazil-economy.jpg","articleSection":["Mundo","Pol\u00edtica"],"inLanguage":"pt-BR","potentialAction":[{"@type":"CommentAction","name":"Comment","target":["https:\/\/redenoticiaz.com.br\/ribeiraopreto-regiao\/sp\/2026\/09\/03\/bolsa-sobe-3-e-alcanca-maior-patamar-desde-maio-amid-tensao-eua-ira#respond"]}]},{"@type":"WebPage","@id":"https:\/\/redenoticiaz.com.br\/ribeiraopreto-regiao\/sp\/2026\/09\/03\/bolsa-sobe-3-e-alcanca-maior-patamar-desde-maio-amid-tensao-eua-ira","url":"https:\/\/redenoticiaz.com.br\/ribeiraopreto-regiao\/sp\/2026\/09\/03\/bolsa-sobe-3-e-alcanca-maior-patamar-desde-maio-amid-tensao-eua-ira","name":"Bolsa sobe 3% e alcan\u00e7a maior patamar desde maio amid tens\u00e3o EUA-Ir\u00e3 - Ribeir\u00e3o Preto e Regi\u00e3o","isPartOf":{"@id":"https:\/\/redenoticiaz.com.br\/ribeiraopreto-regiao\/#website"},"primaryImageOfPage":{"@id":"https:\/\/redenoticiaz.com.br\/ribeiraopreto-regiao\/sp\/2026\/09\/03\/bolsa-sobe-3-e-alcanca-maior-patamar-desde-maio-amid-tensao-eua-ira#primaryimage"},"image":{"@id":"https:\/\/redenoticiaz.com.br\/ribeiraopreto-regiao\/sp\/2026\/09\/03\/bolsa-sobe-3-e-alcanca-maior-patamar-desde-maio-amid-tensao-eua-ira#primaryimage"},"thumbnailUrl":"https:\/\/redenoticiaz.com.br\/ribeiraopreto-regiao\/wp-content\/uploads\/sites\/4\/2026\/09\/2021-10-19t202053z_1211697182_rc25dq9bcpf7_rtrmadp_3_brazil-economy.jpg","datePublished":"2026-09-03T03:34:00+00:00","inLanguage":"pt-BR","potentialAction":[{"@type":"ReadAction","target":["https:\/\/redenoticiaz.com.br\/ribeiraopreto-regiao\/sp\/2026\/09\/03\/bolsa-sobe-3-e-alcanca-maior-patamar-desde-maio-amid-tensao-eua-ira"]}]},{"@type":"ImageObject","inLanguage":"pt-BR","@id":"https:\/\/redenoticiaz.com.br\/ribeiraopreto-regiao\/sp\/2026\/09\/03\/bolsa-sobe-3-e-alcanca-maior-patamar-desde-maio-amid-tensao-eua-ira#primaryimage","url":"https:\/\/redenoticiaz.com.br\/ribeiraopreto-regiao\/wp-content\/uploads\/sites\/4\/2026\/09\/2021-10-19t202053z_1211697182_rc25dq9bcpf7_rtrmadp_3_brazil-economy.jpg","contentUrl":"https:\/\/redenoticiaz.com.br\/ribeiraopreto-regiao\/wp-content\/uploads\/sites\/4\/2026\/09\/2021-10-19t202053z_1211697182_rc25dq9bcpf7_rtrmadp_3_brazil-economy.jpg","width":1600,"height":800},{"@type":"WebSite","@id":"https:\/\/redenoticiaz.com.br\/ribeiraopreto-regiao\/#website","url":"https:\/\/redenoticiaz.com.br\/ribeiraopreto-regiao\/","name":"Ribeir\u00e3o Preto e Regi\u00e3o","description":"Rede NoticiaZ - Ribeir\u00e3o Preto e regi\u00e3o","publisher":{"@id":"https:\/\/redenoticiaz.com.br\/ribeiraopreto-regiao\/#organization"},"potentialAction":[{"@type":"SearchAction","target":{"@type":"EntryPoint","urlTemplate":"https:\/\/redenoticiaz.com.br\/ribeiraopreto-regiao\/?s={search_term_string}"},"query-input":{"@type":"PropertyValueSpecification","valueRequired":true,"valueName":"search_term_string"}}],"inLanguage":"pt-BR"},{"@type":"Organization","@id":"https:\/\/redenoticiaz.com.br\/ribeiraopreto-regiao\/#organization","name":"Ribeir\u00e3o Preto e Regi\u00e3o","url":"https:\/\/redenoticiaz.com.br\/ribeiraopreto-regiao\/","logo":{"@type":"ImageObject","inLanguage":"pt-BR","@id":"https:\/\/redenoticiaz.com.br\/ribeiraopreto-regiao\/#\/schema\/logo\/image\/","url":"https:\/\/redenoticiaz.com.br\/barretos-regiao\/wp-content\/uploads\/sites\/4\/2022\/02\/logo.jpg","contentUrl":"https:\/\/redenoticiaz.com.br\/barretos-regiao\/wp-content\/uploads\/sites\/4\/2022\/02\/logo.jpg","width":400,"height":250,"caption":"Ribeir\u00e3o Preto e Regi\u00e3o"},"image":{"@id":"https:\/\/redenoticiaz.com.br\/ribeiraopreto-regiao\/#\/schema\/logo\/image\/"},"sameAs":["https:\/\/m.facebook.com\/redenoticiaz.barretos","https:\/\/x.com\/RN_barretos","https:\/\/www.instagram.com\/redenoticiaz.barretos\/?igshid=YmMyMTA2M2Y","https:\/\/www.linkedin.com\/company\/rede-noticiaz-barretos-e-regio\/"]},{"@type":"Person","@id":"https:\/\/redenoticiaz.com.br\/ribeiraopreto-regiao\/#\/schema\/person\/e1b0bd8c2637e2c1b6ddcbc2c33b116f","name":"Patr\u00edcia Prado","image":{"@type":"ImageObject","inLanguage":"pt-BR","@id":"https:\/\/secure.gravatar.com\/avatar\/92e358bef22cfcec15e054ae4d9fee04dadf0c772dc4a17b382b8a34a15354c2?s=96&d=mm&r=g","url":"https:\/\/secure.gravatar.com\/avatar\/92e358bef22cfcec15e054ae4d9fee04dadf0c772dc4a17b382b8a34a15354c2?s=96&d=mm&r=g","contentUrl":"https:\/\/secure.gravatar.com\/avatar\/92e358bef22cfcec15e054ae4d9fee04dadf0c772dc4a17b382b8a34a15354c2?s=96&d=mm&r=g","caption":"Patr\u00edcia Prado"},"url":"https:\/\/redenoticiaz.com.br\/ribeiraopreto-regiao\/sp\/author\/patricia-prado"}]}},"_links":{"self":[{"href":"https:\/\/redenoticiaz.com.br\/ribeiraopreto-regiao\/wp-json\/wp\/v2\/posts\/123160","targetHints":{"allow":["GET"]}}],"collection":[{"href":"https:\/\/redenoticiaz.com.br\/ribeiraopreto-regiao\/wp-json\/wp\/v2\/posts"}],"about":[{"href":"https:\/\/redenoticiaz.com.br\/ribeiraopreto-regiao\/wp-json\/wp\/v2\/types\/post"}],"author":[{"embeddable":true,"href":"https:\/\/redenoticiaz.com.br\/ribeiraopreto-regiao\/wp-json\/wp\/v2\/users\/5"}],"replies":[{"embeddable":true,"href":"https:\/\/redenoticiaz.com.br\/ribeiraopreto-regiao\/wp-json\/wp\/v2\/comments?post=123160"}],"version-history":[{"count":0,"href":"https:\/\/redenoticiaz.com.br\/ribeiraopreto-regiao\/wp-json\/wp\/v2\/posts\/123160\/revisions"}],"wp:featuredmedia":[{"embeddable":true,"href":"https:\/\/redenoticiaz.com.br\/ribeiraopreto-regiao\/wp-json\/wp\/v2\/media\/123161"}],"wp:attachment":[{"href":"https:\/\/redenoticiaz.com.br\/ribeiraopreto-regiao\/wp-json\/wp\/v2\/media?parent=123160"}],"wp:term":[{"taxonomy":"category","embeddable":true,"href":"https:\/\/redenoticiaz.com.br\/ribeiraopreto-regiao\/wp-json\/wp\/v2\/categories?post=123160"},{"taxonomy":"post_tag","embeddable":true,"href":"https:\/\/redenoticiaz.com.br\/ribeiraopreto-regiao\/wp-json\/wp\/v2\/tags?post=123160"}],"curies":[{"name":"wp","href":"https:\/\/api.w.org\/{rel}","templated":true}]}}