{"id":123174,"date":"2026-09-03T09:22:56","date_gmt":"2026-09-03T12:22:56","guid":{"rendered":"https:\/\/redenoticiaz.com.br\/ribeiraopreto-regiao\/sp\/2026\/09\/03\/onu-alerta-para-el-nino-muito-forte-ate-fevereiro-de-2027"},"modified":"2026-09-03T09:22:56","modified_gmt":"2026-09-03T12:22:56","slug":"onu-alerta-para-el-nino-muito-forte-ate-fevereiro-de-2027","status":"publish","type":"post","link":"https:\/\/redenoticiaz.com.br\/ribeiraopreto-regiao\/sp\/2026\/09\/03\/onu-alerta-para-el-nino-muito-forte-ate-fevereiro-de-2027","title":{"rendered":"ONU alerta para El Ni\u00f1o muito forte at\u00e9 fevereiro de 2027"},"content":{"rendered":"<p>O fen\u00f4meno El Ni\u00f1o est\u00e1 estabelecido e deve intensificar seus efeitos nos pr\u00f3ximos meses, alcan\u00e7ando uma intensidade &#8220;muito forte&#8221; com probabilidade quase total de persistir at\u00e9 fevereiro de 2027, segundo a Organiza\u00e7\u00e3o Meteorol\u00f3gica Mundial (OMM).<\/p>\n<p>A OMM alertou que a intensifica\u00e7\u00e3o do El Ni\u00f1o ter\u00e1 repercuss\u00f5es significativas nos padr\u00f5es de temperatura e precipita\u00e7\u00e3o, aumentando os riscos de inunda\u00e7\u00f5es, secas e calor extremo. As previs\u00f5es apontam uma &#8220;probabilidade excepcionalmente elevada&#8221; de que o fen\u00f4meno continuar\u00e1 at\u00e9 fevereiro de 2027.<\/p>\n<p>O secret\u00e1rio-geral da ONU, Ant\u00f3nio Guterres, enfatizou que o mundo est\u00e1 em uma situa\u00e7\u00e3o de &#8220;alto risco&#8221; devido a eventos clim\u00e1ticos extremos. &#8220;A ci\u00eancia \u00e9 inequ\u00edvoca: o planeta est\u00e1 entrando em \u00e1guas desconhecidas, e essas \u00e1guas est\u00e3o aquecendo&#8221;, declarou Guterres em um comunicado.<\/p>\n<p>As temperaturas da superf\u00edcie do mar j\u00e1 alcan\u00e7am n\u00edveis recordes, com m\u00e9dias 1,5 graus acima da normal entre maio e julho de 2026 e subindo para at\u00e9 2,6 graus acima da m\u00e9dia em alguns per\u00edodos. Essa situa\u00e7\u00e3o \u00e9 preocupante, pois os eventos clim\u00e1ticos extremos est\u00e3o se tornando a nova normalidade.<\/p>\n<p>Guterres destacou a necessidade de prepara\u00e7\u00e3o e resposta adequadas ao fen\u00f4meno. &#8220;N\u00e3o h\u00e1 tempo a perder. Est\u00e1 em curso uma corrida contra o tempo entre os riscos crescentes e a nossa determina\u00e7\u00e3o em agir contra as mudan\u00e7as clim\u00e1ticas e proteger as pessoas&#8221;, alertou.<\/p>\n<p>O El Ni\u00f1o \u00e9 um fen\u00f4meno natural que ocorre a cada dois a sete anos, provocando grandes altera\u00e7\u00f5es nos padr\u00f5es de vento, press\u00e3o e precipita\u00e7\u00e3o em todo o mundo. Historicamente, cada El Ni\u00f1o tem mostrado ser capaz de intensificar secas e riscos de inc\u00eandio em v\u00e1rias regi\u00f5es, al\u00e9m de afetar mon\u00e7\u00f5es na \u00cdndia e provocar chuvas torrenciais na \u00c1frica Oriental.<\/p>\n<p>As previs\u00f5es da OMM para setembro a novembro de 2026 indicam aumento da probabilidade de temperaturas elevadas em quase todas as regi\u00f5es terrestres, refletindo as consequ\u00eancias de um El Ni\u00f1o intenso no Pac\u00edfico. Os efeitos do calor acumulado no oceano, normalmente liberados para a atmosfera no ano seguinte ao fen\u00f4meno, podem fazer com que 2027 seja o ano mais quente j\u00e1 registrado, superando 2024, que atualmente det\u00e9m esse t\u00edtulo.<\/p>\n","protected":false},"excerpt":{"rendered":"<p>O fen\u00f4meno El Ni\u00f1o est\u00e1 estabelecido e deve intensificar seus efeitos nos pr\u00f3ximos meses, alcan\u00e7ando uma intensidade &#8220;muito forte&#8221; com probabilidade quase total de persistir at\u00e9 fevereiro de 2027, segundo a Organiza\u00e7\u00e3o Meteorol\u00f3gica Mundial (OMM). A OMM alertou que a intensifica\u00e7\u00e3o do El Ni\u00f1o ter\u00e1 repercuss\u00f5es significativas nos padr\u00f5es de temperatura e precipita\u00e7\u00e3o, aumentando os &hellip;<\/p>\n","protected":false},"author":5,"featured_media":123175,"comment_status":"open","ping_status":"closed","sticky":false,"template":"","format":"standard","meta":{"footnotes":""},"categories":[1771,68],"tags":[],"class_list":["post-123174","post","type-post","status-publish","format-standard","has-post-thumbnail","hentry","category-climatologia","category-mundo"],"yoast_head":"<!-- This site is optimized with the Yoast SEO plugin v28.4 - https:\/\/yoast.com\/product\/yoast-seo-wordpress\/ -->\n<title>ONU alerta para El Ni\u00f1o muito forte at\u00e9 fevereiro de 2027 - Ribeir\u00e3o Preto e Regi\u00e3o<\/title>\n<meta name=\"robots\" content=\"index, follow, max-snippet:-1, max-image-preview:large, max-video-preview:-1\" \/>\n<link rel=\"canonical\" href=\"https:\/\/redenoticiaz.com.br\/ribeiraopreto-regiao\/sp\/2026\/09\/03\/onu-alerta-para-el-nino-muito-forte-ate-fevereiro-de-2027\" \/>\n<meta property=\"og:locale\" content=\"pt_BR\" \/>\n<meta property=\"og:type\" content=\"article\" \/>\n<meta property=\"og:title\" content=\"ONU alerta para El Ni\u00f1o muito forte at\u00e9 fevereiro de 2027 - Ribeir\u00e3o Preto e Regi\u00e3o\" \/>\n<meta property=\"og:description\" content=\"O fen\u00f4meno El Ni\u00f1o est\u00e1 estabelecido e deve intensificar seus efeitos nos pr\u00f3ximos meses, alcan\u00e7ando uma intensidade &#8220;muito forte&#8221; com probabilidade quase total de persistir at\u00e9 fevereiro de 2027, segundo a Organiza\u00e7\u00e3o Meteorol\u00f3gica Mundial (OMM). A OMM alertou que a intensifica\u00e7\u00e3o do El Ni\u00f1o ter\u00e1 repercuss\u00f5es significativas nos padr\u00f5es de temperatura e precipita\u00e7\u00e3o, aumentando os &hellip;\" \/>\n<meta property=\"og:url\" content=\"https:\/\/redenoticiaz.com.br\/ribeiraopreto-regiao\/sp\/2026\/09\/03\/onu-alerta-para-el-nino-muito-forte-ate-fevereiro-de-2027\" \/>\n<meta property=\"og:site_name\" content=\"Ribeir\u00e3o Preto e Regi\u00e3o\" \/>\n<meta property=\"article:publisher\" content=\"https:\/\/m.facebook.com\/redenoticiaz.barretos\" \/>\n<meta property=\"article:published_time\" content=\"2026-09-03T12:22:56+00:00\" \/>\n<meta property=\"og:image\" content=\"https:\/\/redenoticiaz.com.br\/ribeiraopreto-regiao\/wp-content\/uploads\/sites\/4\/2022\/02\/logo.jpg\" \/>\n\t<meta property=\"og:image:width\" content=\"400\" \/>\n\t<meta property=\"og:image:height\" content=\"250\" \/>\n\t<meta property=\"og:image:type\" content=\"image\/jpeg\" \/>\n<meta name=\"author\" content=\"Patr\u00edcia Prado\" \/>\n<meta name=\"twitter:card\" content=\"summary_large_image\" \/>\n<meta name=\"twitter:creator\" content=\"@RN_barretos\" \/>\n<meta name=\"twitter:site\" content=\"@RN_barretos\" \/>\n<meta name=\"twitter:label1\" content=\"Escrito por\" \/>\n\t<meta name=\"twitter:data1\" content=\"Patr\u00edcia Prado\" \/>\n\t<meta name=\"twitter:label2\" content=\"Est. tempo de leitura\" \/>\n\t<meta name=\"twitter:data2\" content=\"2 minutos\" \/>\n<script type=\"application\/ld+json\" class=\"yoast-schema-graph\">{\"@context\":\"https:\\\/\\\/schema.org\",\"@graph\":[{\"@type\":\"Article\",\"@id\":\"https:\\\/\\\/redenoticiaz.com.br\\\/ribeiraopreto-regiao\\\/sp\\\/2026\\\/09\\\/03\\\/onu-alerta-para-el-nino-muito-forte-ate-fevereiro-de-2027#article\",\"isPartOf\":{\"@id\":\"https:\\\/\\\/redenoticiaz.com.br\\\/ribeiraopreto-regiao\\\/sp\\\/2026\\\/09\\\/03\\\/onu-alerta-para-el-nino-muito-forte-ate-fevereiro-de-2027\"},\"author\":{\"name\":\"Patr\u00edcia Prado\",\"@id\":\"https:\\\/\\\/redenoticiaz.com.br\\\/ribeiraopreto-regiao\\\/#\\\/schema\\\/person\\\/e1b0bd8c2637e2c1b6ddcbc2c33b116f\"},\"headline\":\"ONU alerta para El Ni\u00f1o muito forte at\u00e9 fevereiro de 2027\",\"datePublished\":\"2026-09-03T12:22:56+00:00\",\"mainEntityOfPage\":{\"@id\":\"https:\\\/\\\/redenoticiaz.com.br\\\/ribeiraopreto-regiao\\\/sp\\\/2026\\\/09\\\/03\\\/onu-alerta-para-el-nino-muito-forte-ate-fevereiro-de-2027\"},\"wordCount\":399,\"commentCount\":0,\"publisher\":{\"@id\":\"https:\\\/\\\/redenoticiaz.com.br\\\/ribeiraopreto-regiao\\\/#organization\"},\"image\":{\"@id\":\"https:\\\/\\\/redenoticiaz.com.br\\\/ribeiraopreto-regiao\\\/sp\\\/2026\\\/09\\\/03\\\/onu-alerta-para-el-nino-muito-forte-ate-fevereiro-de-2027#primaryimage\"},\"thumbnailUrl\":\"https:\\\/\\\/redenoticiaz.com.br\\\/ribeiraopreto-regiao\\\/wp-content\\\/uploads\\\/sites\\\/4\\\/2026\\\/09\\\/2026-07-22t212133z_1_lop011722072026rp1_rtrmadp_baseimage-960x540_latam-weather-el-nino.jpg\",\"articleSection\":[\"Climatologia\",\"Mundo\"],\"inLanguage\":\"pt-BR\",\"potentialAction\":[{\"@type\":\"CommentAction\",\"name\":\"Comment\",\"target\":[\"https:\\\/\\\/redenoticiaz.com.br\\\/ribeiraopreto-regiao\\\/sp\\\/2026\\\/09\\\/03\\\/onu-alerta-para-el-nino-muito-forte-ate-fevereiro-de-2027#respond\"]}]},{\"@type\":\"WebPage\",\"@id\":\"https:\\\/\\\/redenoticiaz.com.br\\\/ribeiraopreto-regiao\\\/sp\\\/2026\\\/09\\\/03\\\/onu-alerta-para-el-nino-muito-forte-ate-fevereiro-de-2027\",\"url\":\"https:\\\/\\\/redenoticiaz.com.br\\\/ribeiraopreto-regiao\\\/sp\\\/2026\\\/09\\\/03\\\/onu-alerta-para-el-nino-muito-forte-ate-fevereiro-de-2027\",\"name\":\"ONU alerta para El Ni\u00f1o muito forte at\u00e9 fevereiro de 2027 - Ribeir\u00e3o Preto e Regi\u00e3o\",\"isPartOf\":{\"@id\":\"https:\\\/\\\/redenoticiaz.com.br\\\/ribeiraopreto-regiao\\\/#website\"},\"primaryImageOfPage\":{\"@id\":\"https:\\\/\\\/redenoticiaz.com.br\\\/ribeiraopreto-regiao\\\/sp\\\/2026\\\/09\\\/03\\\/onu-alerta-para-el-nino-muito-forte-ate-fevereiro-de-2027#primaryimage\"},\"image\":{\"@id\":\"https:\\\/\\\/redenoticiaz.com.br\\\/ribeiraopreto-regiao\\\/sp\\\/2026\\\/09\\\/03\\\/onu-alerta-para-el-nino-muito-forte-ate-fevereiro-de-2027#primaryimage\"},\"thumbnailUrl\":\"https:\\\/\\\/redenoticiaz.com.br\\\/ribeiraopreto-regiao\\\/wp-content\\\/uploads\\\/sites\\\/4\\\/2026\\\/09\\\/2026-07-22t212133z_1_lop011722072026rp1_rtrmadp_baseimage-960x540_latam-weather-el-nino.jpg\",\"datePublished\":\"2026-09-03T12:22:56+00:00\",\"inLanguage\":\"pt-BR\",\"potentialAction\":[{\"@type\":\"ReadAction\",\"target\":[\"https:\\\/\\\/redenoticiaz.com.br\\\/ribeiraopreto-regiao\\\/sp\\\/2026\\\/09\\\/03\\\/onu-alerta-para-el-nino-muito-forte-ate-fevereiro-de-2027\"]}]},{\"@type\":\"ImageObject\",\"inLanguage\":\"pt-BR\",\"@id\":\"https:\\\/\\\/redenoticiaz.com.br\\\/ribeiraopreto-regiao\\\/sp\\\/2026\\\/09\\\/03\\\/onu-alerta-para-el-nino-muito-forte-ate-fevereiro-de-2027#primaryimage\",\"url\":\"https:\\\/\\\/redenoticiaz.com.br\\\/ribeiraopreto-regiao\\\/wp-content\\\/uploads\\\/sites\\\/4\\\/2026\\\/09\\\/2026-07-22t212133z_1_lop011722072026rp1_rtrmadp_baseimage-960x540_latam-weather-el-nino.jpg\",\"contentUrl\":\"https:\\\/\\\/redenoticiaz.com.br\\\/ribeiraopreto-regiao\\\/wp-content\\\/uploads\\\/sites\\\/4\\\/2026\\\/09\\\/2026-07-22t212133z_1_lop011722072026rp1_rtrmadp_baseimage-960x540_latam-weather-el-nino.jpg\",\"width\":1600,\"height\":800},{\"@type\":\"WebSite\",\"@id\":\"https:\\\/\\\/redenoticiaz.com.br\\\/ribeiraopreto-regiao\\\/#website\",\"url\":\"https:\\\/\\\/redenoticiaz.com.br\\\/ribeiraopreto-regiao\\\/\",\"name\":\"Ribeir\u00e3o Preto e Regi\u00e3o\",\"description\":\"Rede NoticiaZ - Ribeir\u00e3o Preto e regi\u00e3o\",\"publisher\":{\"@id\":\"https:\\\/\\\/redenoticiaz.com.br\\\/ribeiraopreto-regiao\\\/#organization\"},\"potentialAction\":[{\"@type\":\"SearchAction\",\"target\":{\"@type\":\"EntryPoint\",\"urlTemplate\":\"https:\\\/\\\/redenoticiaz.com.br\\\/ribeiraopreto-regiao\\\/?s={search_term_string}\"},\"query-input\":{\"@type\":\"PropertyValueSpecification\",\"valueRequired\":true,\"valueName\":\"search_term_string\"}}],\"inLanguage\":\"pt-BR\"},{\"@type\":\"Organization\",\"@id\":\"https:\\\/\\\/redenoticiaz.com.br\\\/ribeiraopreto-regiao\\\/#organization\",\"name\":\"Ribeir\u00e3o Preto e Regi\u00e3o\",\"url\":\"https:\\\/\\\/redenoticiaz.com.br\\\/ribeiraopreto-regiao\\\/\",\"logo\":{\"@type\":\"ImageObject\",\"inLanguage\":\"pt-BR\",\"@id\":\"https:\\\/\\\/redenoticiaz.com.br\\\/ribeiraopreto-regiao\\\/#\\\/schema\\\/logo\\\/image\\\/\",\"url\":\"https:\\\/\\\/redenoticiaz.com.br\\\/barretos-regiao\\\/wp-content\\\/uploads\\\/sites\\\/4\\\/2022\\\/02\\\/logo.jpg\",\"contentUrl\":\"https:\\\/\\\/redenoticiaz.com.br\\\/barretos-regiao\\\/wp-content\\\/uploads\\\/sites\\\/4\\\/2022\\\/02\\\/logo.jpg\",\"width\":400,\"height\":250,\"caption\":\"Ribeir\u00e3o Preto e Regi\u00e3o\"},\"image\":{\"@id\":\"https:\\\/\\\/redenoticiaz.com.br\\\/ribeiraopreto-regiao\\\/#\\\/schema\\\/logo\\\/image\\\/\"},\"sameAs\":[\"https:\\\/\\\/m.facebook.com\\\/redenoticiaz.barretos\",\"https:\\\/\\\/x.com\\\/RN_barretos\",\"https:\\\/\\\/www.instagram.com\\\/redenoticiaz.barretos\\\/?igshid=YmMyMTA2M2Y\",\"https:\\\/\\\/www.linkedin.com\\\/company\\\/rede-noticiaz-barretos-e-regio\\\/\"]},{\"@type\":\"Person\",\"@id\":\"https:\\\/\\\/redenoticiaz.com.br\\\/ribeiraopreto-regiao\\\/#\\\/schema\\\/person\\\/e1b0bd8c2637e2c1b6ddcbc2c33b116f\",\"name\":\"Patr\u00edcia Prado\",\"image\":{\"@type\":\"ImageObject\",\"inLanguage\":\"pt-BR\",\"@id\":\"https:\\\/\\\/secure.gravatar.com\\\/avatar\\\/92e358bef22cfcec15e054ae4d9fee04dadf0c772dc4a17b382b8a34a15354c2?s=96&d=mm&r=g\",\"url\":\"https:\\\/\\\/secure.gravatar.com\\\/avatar\\\/92e358bef22cfcec15e054ae4d9fee04dadf0c772dc4a17b382b8a34a15354c2?s=96&d=mm&r=g\",\"contentUrl\":\"https:\\\/\\\/secure.gravatar.com\\\/avatar\\\/92e358bef22cfcec15e054ae4d9fee04dadf0c772dc4a17b382b8a34a15354c2?s=96&d=mm&r=g\",\"caption\":\"Patr\u00edcia Prado\"},\"url\":\"https:\\\/\\\/redenoticiaz.com.br\\\/ribeiraopreto-regiao\\\/sp\\\/author\\\/patricia-prado\"}]}<\/script>\n<!-- \/ Yoast SEO plugin. -->","yoast_head_json":{"title":"ONU alerta para El Ni\u00f1o muito forte at\u00e9 fevereiro de 2027 - Ribeir\u00e3o Preto e Regi\u00e3o","robots":{"index":"index","follow":"follow","max-snippet":"max-snippet:-1","max-image-preview":"max-image-preview:large","max-video-preview":"max-video-preview:-1"},"canonical":"https:\/\/redenoticiaz.com.br\/ribeiraopreto-regiao\/sp\/2026\/09\/03\/onu-alerta-para-el-nino-muito-forte-ate-fevereiro-de-2027","og_locale":"pt_BR","og_type":"article","og_title":"ONU alerta para El Ni\u00f1o muito forte at\u00e9 fevereiro de 2027 - Ribeir\u00e3o Preto e Regi\u00e3o","og_description":"O fen\u00f4meno El Ni\u00f1o est\u00e1 estabelecido e deve intensificar seus efeitos nos pr\u00f3ximos meses, alcan\u00e7ando uma intensidade &#8220;muito forte&#8221; com probabilidade quase total de persistir at\u00e9 fevereiro de 2027, segundo a Organiza\u00e7\u00e3o Meteorol\u00f3gica Mundial (OMM). A OMM alertou que a intensifica\u00e7\u00e3o do El Ni\u00f1o ter\u00e1 repercuss\u00f5es significativas nos padr\u00f5es de temperatura e precipita\u00e7\u00e3o, aumentando os &hellip;","og_url":"https:\/\/redenoticiaz.com.br\/ribeiraopreto-regiao\/sp\/2026\/09\/03\/onu-alerta-para-el-nino-muito-forte-ate-fevereiro-de-2027","og_site_name":"Ribeir\u00e3o Preto e Regi\u00e3o","article_publisher":"https:\/\/m.facebook.com\/redenoticiaz.barretos","article_published_time":"2026-09-03T12:22:56+00:00","og_image":[{"width":400,"height":250,"url":"https:\/\/redenoticiaz.com.br\/ribeiraopreto-regiao\/wp-content\/uploads\/sites\/4\/2022\/02\/logo.jpg","type":"image\/jpeg"}],"author":"Patr\u00edcia Prado","twitter_card":"summary_large_image","twitter_creator":"@RN_barretos","twitter_site":"@RN_barretos","twitter_misc":{"Escrito por":"Patr\u00edcia Prado","Est. tempo de leitura":"2 minutos"},"schema":{"@context":"https:\/\/schema.org","@graph":[{"@type":"Article","@id":"https:\/\/redenoticiaz.com.br\/ribeiraopreto-regiao\/sp\/2026\/09\/03\/onu-alerta-para-el-nino-muito-forte-ate-fevereiro-de-2027#article","isPartOf":{"@id":"https:\/\/redenoticiaz.com.br\/ribeiraopreto-regiao\/sp\/2026\/09\/03\/onu-alerta-para-el-nino-muito-forte-ate-fevereiro-de-2027"},"author":{"name":"Patr\u00edcia Prado","@id":"https:\/\/redenoticiaz.com.br\/ribeiraopreto-regiao\/#\/schema\/person\/e1b0bd8c2637e2c1b6ddcbc2c33b116f"},"headline":"ONU alerta para El Ni\u00f1o muito forte at\u00e9 fevereiro de 2027","datePublished":"2026-09-03T12:22:56+00:00","mainEntityOfPage":{"@id":"https:\/\/redenoticiaz.com.br\/ribeiraopreto-regiao\/sp\/2026\/09\/03\/onu-alerta-para-el-nino-muito-forte-ate-fevereiro-de-2027"},"wordCount":399,"commentCount":0,"publisher":{"@id":"https:\/\/redenoticiaz.com.br\/ribeiraopreto-regiao\/#organization"},"image":{"@id":"https:\/\/redenoticiaz.com.br\/ribeiraopreto-regiao\/sp\/2026\/09\/03\/onu-alerta-para-el-nino-muito-forte-ate-fevereiro-de-2027#primaryimage"},"thumbnailUrl":"https:\/\/redenoticiaz.com.br\/ribeiraopreto-regiao\/wp-content\/uploads\/sites\/4\/2026\/09\/2026-07-22t212133z_1_lop011722072026rp1_rtrmadp_baseimage-960x540_latam-weather-el-nino.jpg","articleSection":["Climatologia","Mundo"],"inLanguage":"pt-BR","potentialAction":[{"@type":"CommentAction","name":"Comment","target":["https:\/\/redenoticiaz.com.br\/ribeiraopreto-regiao\/sp\/2026\/09\/03\/onu-alerta-para-el-nino-muito-forte-ate-fevereiro-de-2027#respond"]}]},{"@type":"WebPage","@id":"https:\/\/redenoticiaz.com.br\/ribeiraopreto-regiao\/sp\/2026\/09\/03\/onu-alerta-para-el-nino-muito-forte-ate-fevereiro-de-2027","url":"https:\/\/redenoticiaz.com.br\/ribeiraopreto-regiao\/sp\/2026\/09\/03\/onu-alerta-para-el-nino-muito-forte-ate-fevereiro-de-2027","name":"ONU alerta para El Ni\u00f1o muito forte at\u00e9 fevereiro de 2027 - Ribeir\u00e3o Preto e Regi\u00e3o","isPartOf":{"@id":"https:\/\/redenoticiaz.com.br\/ribeiraopreto-regiao\/#website"},"primaryImageOfPage":{"@id":"https:\/\/redenoticiaz.com.br\/ribeiraopreto-regiao\/sp\/2026\/09\/03\/onu-alerta-para-el-nino-muito-forte-ate-fevereiro-de-2027#primaryimage"},"image":{"@id":"https:\/\/redenoticiaz.com.br\/ribeiraopreto-regiao\/sp\/2026\/09\/03\/onu-alerta-para-el-nino-muito-forte-ate-fevereiro-de-2027#primaryimage"},"thumbnailUrl":"https:\/\/redenoticiaz.com.br\/ribeiraopreto-regiao\/wp-content\/uploads\/sites\/4\/2026\/09\/2026-07-22t212133z_1_lop011722072026rp1_rtrmadp_baseimage-960x540_latam-weather-el-nino.jpg","datePublished":"2026-09-03T12:22:56+00:00","inLanguage":"pt-BR","potentialAction":[{"@type":"ReadAction","target":["https:\/\/redenoticiaz.com.br\/ribeiraopreto-regiao\/sp\/2026\/09\/03\/onu-alerta-para-el-nino-muito-forte-ate-fevereiro-de-2027"]}]},{"@type":"ImageObject","inLanguage":"pt-BR","@id":"https:\/\/redenoticiaz.com.br\/ribeiraopreto-regiao\/sp\/2026\/09\/03\/onu-alerta-para-el-nino-muito-forte-ate-fevereiro-de-2027#primaryimage","url":"https:\/\/redenoticiaz.com.br\/ribeiraopreto-regiao\/wp-content\/uploads\/sites\/4\/2026\/09\/2026-07-22t212133z_1_lop011722072026rp1_rtrmadp_baseimage-960x540_latam-weather-el-nino.jpg","contentUrl":"https:\/\/redenoticiaz.com.br\/ribeiraopreto-regiao\/wp-content\/uploads\/sites\/4\/2026\/09\/2026-07-22t212133z_1_lop011722072026rp1_rtrmadp_baseimage-960x540_latam-weather-el-nino.jpg","width":1600,"height":800},{"@type":"WebSite","@id":"https:\/\/redenoticiaz.com.br\/ribeiraopreto-regiao\/#website","url":"https:\/\/redenoticiaz.com.br\/ribeiraopreto-regiao\/","name":"Ribeir\u00e3o Preto e Regi\u00e3o","description":"Rede NoticiaZ - Ribeir\u00e3o Preto e regi\u00e3o","publisher":{"@id":"https:\/\/redenoticiaz.com.br\/ribeiraopreto-regiao\/#organization"},"potentialAction":[{"@type":"SearchAction","target":{"@type":"EntryPoint","urlTemplate":"https:\/\/redenoticiaz.com.br\/ribeiraopreto-regiao\/?s={search_term_string}"},"query-input":{"@type":"PropertyValueSpecification","valueRequired":true,"valueName":"search_term_string"}}],"inLanguage":"pt-BR"},{"@type":"Organization","@id":"https:\/\/redenoticiaz.com.br\/ribeiraopreto-regiao\/#organization","name":"Ribeir\u00e3o Preto e Regi\u00e3o","url":"https:\/\/redenoticiaz.com.br\/ribeiraopreto-regiao\/","logo":{"@type":"ImageObject","inLanguage":"pt-BR","@id":"https:\/\/redenoticiaz.com.br\/ribeiraopreto-regiao\/#\/schema\/logo\/image\/","url":"https:\/\/redenoticiaz.com.br\/barretos-regiao\/wp-content\/uploads\/sites\/4\/2022\/02\/logo.jpg","contentUrl":"https:\/\/redenoticiaz.com.br\/barretos-regiao\/wp-content\/uploads\/sites\/4\/2022\/02\/logo.jpg","width":400,"height":250,"caption":"Ribeir\u00e3o Preto e Regi\u00e3o"},"image":{"@id":"https:\/\/redenoticiaz.com.br\/ribeiraopreto-regiao\/#\/schema\/logo\/image\/"},"sameAs":["https:\/\/m.facebook.com\/redenoticiaz.barretos","https:\/\/x.com\/RN_barretos","https:\/\/www.instagram.com\/redenoticiaz.barretos\/?igshid=YmMyMTA2M2Y","https:\/\/www.linkedin.com\/company\/rede-noticiaz-barretos-e-regio\/"]},{"@type":"Person","@id":"https:\/\/redenoticiaz.com.br\/ribeiraopreto-regiao\/#\/schema\/person\/e1b0bd8c2637e2c1b6ddcbc2c33b116f","name":"Patr\u00edcia Prado","image":{"@type":"ImageObject","inLanguage":"pt-BR","@id":"https:\/\/secure.gravatar.com\/avatar\/92e358bef22cfcec15e054ae4d9fee04dadf0c772dc4a17b382b8a34a15354c2?s=96&d=mm&r=g","url":"https:\/\/secure.gravatar.com\/avatar\/92e358bef22cfcec15e054ae4d9fee04dadf0c772dc4a17b382b8a34a15354c2?s=96&d=mm&r=g","contentUrl":"https:\/\/secure.gravatar.com\/avatar\/92e358bef22cfcec15e054ae4d9fee04dadf0c772dc4a17b382b8a34a15354c2?s=96&d=mm&r=g","caption":"Patr\u00edcia Prado"},"url":"https:\/\/redenoticiaz.com.br\/ribeiraopreto-regiao\/sp\/author\/patricia-prado"}]}},"_links":{"self":[{"href":"https:\/\/redenoticiaz.com.br\/ribeiraopreto-regiao\/wp-json\/wp\/v2\/posts\/123174","targetHints":{"allow":["GET"]}}],"collection":[{"href":"https:\/\/redenoticiaz.com.br\/ribeiraopreto-regiao\/wp-json\/wp\/v2\/posts"}],"about":[{"href":"https:\/\/redenoticiaz.com.br\/ribeiraopreto-regiao\/wp-json\/wp\/v2\/types\/post"}],"author":[{"embeddable":true,"href":"https:\/\/redenoticiaz.com.br\/ribeiraopreto-regiao\/wp-json\/wp\/v2\/users\/5"}],"replies":[{"embeddable":true,"href":"https:\/\/redenoticiaz.com.br\/ribeiraopreto-regiao\/wp-json\/wp\/v2\/comments?post=123174"}],"version-history":[{"count":0,"href":"https:\/\/redenoticiaz.com.br\/ribeiraopreto-regiao\/wp-json\/wp\/v2\/posts\/123174\/revisions"}],"wp:featuredmedia":[{"embeddable":true,"href":"https:\/\/redenoticiaz.com.br\/ribeiraopreto-regiao\/wp-json\/wp\/v2\/media\/123175"}],"wp:attachment":[{"href":"https:\/\/redenoticiaz.com.br\/ribeiraopreto-regiao\/wp-json\/wp\/v2\/media?parent=123174"}],"wp:term":[{"taxonomy":"category","embeddable":true,"href":"https:\/\/redenoticiaz.com.br\/ribeiraopreto-regiao\/wp-json\/wp\/v2\/categories?post=123174"},{"taxonomy":"post_tag","embeddable":true,"href":"https:\/\/redenoticiaz.com.br\/ribeiraopreto-regiao\/wp-json\/wp\/v2\/tags?post=123174"}],"curies":[{"name":"wp","href":"https:\/\/api.w.org\/{rel}","templated":true}]}}