{"id":123180,"date":"2026-09-03T10:55:59","date_gmt":"2026-09-03T13:55:59","guid":{"rendered":"https:\/\/redenoticiaz.com.br\/ribeiraopreto-regiao\/sp\/2026\/09\/03\/frente-fria-provoca-chuvas-e-queda-de-temperatura-no-centro-oeste-e-norte"},"modified":"2026-09-03T10:55:59","modified_gmt":"2026-09-03T13:55:59","slug":"frente-fria-provoca-chuvas-e-queda-de-temperatura-no-centro-oeste-e-norte","status":"publish","type":"post","link":"https:\/\/redenoticiaz.com.br\/ribeiraopreto-regiao\/sp\/2026\/09\/03\/frente-fria-provoca-chuvas-e-queda-de-temperatura-no-centro-oeste-e-norte","title":{"rendered":"Frente fria provoca chuvas e queda de temperatura no Centro-Oeste e Norte"},"content":{"rendered":"<p>Uma frente fria que se desloca entre o Esp\u00edrito Santo e o sul da Bahia est\u00e1 trazendo umidade para a regi\u00e3o, resultando em chuvas intensas at\u00e9 o norte de Minas Gerais. O Instituto Nacional de Meteorologia (Inmet) tamb\u00e9m prev\u00ea a possibilidade de chuvas no sul do Par\u00e1, Tocantins, Mato Grosso, Goi\u00e1s e no Distrito Federal.<\/p>\n<p>Mato Grosso do Sul, Goi\u00e1s, Distrito Federal e o sudeste de Mato Grosso est\u00e3o sob um aviso amarelo de perigo potencial devido \u00e0 baixa umidade do ar.<\/p>\n<p>Na regi\u00e3o Centro-Oeste, as temperaturas podem variar entre 16\u00b0C em Campo Grande e 37\u00b0C em Cuiab\u00e1, a capital de Mato Grosso.<\/p>\n<p>No Nordeste, s\u00e3o esperadas chuvas isoladas em \u00e1reas do centro-sul da Bahia, enquanto o norte do estado deve ter um tempo est\u00e1vel, com muitas nuvens. O sul do Maranh\u00e3o e do Piau\u00ed, al\u00e9m do litoral leste que abrange Sergipe, Alagoas, Pernambuco, Para\u00edba e Rio Grande do Norte, tamb\u00e9m devem registrar chuvas isoladas.<\/p>\n<p>Entre as capitais nordestinas, a temperatura m\u00ednima oscila em torno de 21\u00b0C em Macei\u00f3, enquanto Teresina pode alcan\u00e7ar a m\u00e1xima de 41\u00b0C, sem previs\u00e3o de chuvas.<\/p>\n<p>No Norte, a previs\u00e3o \u00e9 de c\u00e9u nublado com pancadas de chuva no centro-oeste e no norte do Amazonas, al\u00e9m de chuvas isoladas no sul do Tocantins e do Par\u00e1. A temperatura m\u00ednima ser\u00e1 de 23\u00b0C em Rio Branco, e a m\u00e1xima pode chegar a 38\u00b0C em Porto Velho e Palmas.<\/p>\n<p>O Sul do Brasil enfrenta outro sistema de baixa press\u00e3o que deve passar pelo Rio Grande do Sul, provocando chuvas e possibilidade de granizo no sudeste ga\u00facho. H\u00e1 tamb\u00e9m a probabilidade de forma\u00e7\u00e3o de geada em algumas \u00e1reas do centro-sul e nos Campos Gerais, no Paran\u00e1. O centro-sul do Rio Grande do Sul, incluindo Porto Alegre, est\u00e1 sob um aviso amarelo de perigo potencial para tempestades.<\/p>\n<p>Nas capitais do Sul, a temperatura m\u00ednima \u00e9 de 7\u00b0C em Curitiba, enquanto a m\u00e1xima em Porto Alegre pode alcan\u00e7ar 25\u00b0C.<\/p>\n<p>No Sudeste, instabilidades clim\u00e1ticas est\u00e3o gerando pancadas de chuva isoladas no Esp\u00edrito Santo e nas regi\u00f5es norte e nordeste de Minas Gerais. No centro-norte de Minas tamb\u00e9m existe a possibilidade de chuvas. Al\u00e9m disso, h\u00e1 chance de forma\u00e7\u00e3o de geada durante a madrugada na Serra da Mantiqueira.<\/p>\n<p>Entre as capitais da regi\u00e3o Sudeste, a temperatura m\u00ednima ser\u00e1 de 12\u00b0C em Belo Horizonte, enquanto Vit\u00f3ria pode registrar uma m\u00e1xima de 31\u00b0C.<\/p>\n","protected":false},"excerpt":{"rendered":"<p>Uma frente fria que se desloca entre o Esp\u00edrito Santo e o sul da Bahia est\u00e1 trazendo umidade para a regi\u00e3o, resultando em chuvas intensas at\u00e9 o norte de Minas Gerais. O Instituto Nacional de Meteorologia (Inmet) tamb\u00e9m prev\u00ea a possibilidade de chuvas no sul do Par\u00e1, Tocantins, Mato Grosso, Goi\u00e1s e no Distrito Federal. &hellip;<\/p>\n","protected":false},"author":5,"featured_media":123181,"comment_status":"open","ping_status":"closed","sticky":false,"template":"","format":"standard","meta":{"footnotes":""},"categories":[1771],"tags":[],"class_list":["post-123180","post","type-post","status-publish","format-standard","has-post-thumbnail","hentry","category-climatologia"],"yoast_head":"<!-- This site is optimized with the Yoast SEO plugin v28.4 - https:\/\/yoast.com\/product\/yoast-seo-wordpress\/ -->\n<title>Frente fria provoca chuvas e queda de temperatura no Centro-Oeste e Norte - Ribeir\u00e3o Preto e Regi\u00e3o<\/title>\n<meta name=\"robots\" content=\"index, follow, max-snippet:-1, max-image-preview:large, max-video-preview:-1\" \/>\n<link rel=\"canonical\" href=\"https:\/\/redenoticiaz.com.br\/ribeiraopreto-regiao\/sp\/2026\/09\/03\/frente-fria-provoca-chuvas-e-queda-de-temperatura-no-centro-oeste-e-norte\" \/>\n<meta property=\"og:locale\" content=\"pt_BR\" \/>\n<meta property=\"og:type\" content=\"article\" \/>\n<meta property=\"og:title\" content=\"Frente fria provoca chuvas e queda de temperatura no Centro-Oeste e Norte - Ribeir\u00e3o Preto e Regi\u00e3o\" \/>\n<meta property=\"og:description\" content=\"Uma frente fria que se desloca entre o Esp\u00edrito Santo e o sul da Bahia est\u00e1 trazendo umidade para a regi\u00e3o, resultando em chuvas intensas at\u00e9 o norte de Minas Gerais. O Instituto Nacional de Meteorologia (Inmet) tamb\u00e9m prev\u00ea a possibilidade de chuvas no sul do Par\u00e1, Tocantins, Mato Grosso, Goi\u00e1s e no Distrito Federal. &hellip;\" \/>\n<meta property=\"og:url\" content=\"https:\/\/redenoticiaz.com.br\/ribeiraopreto-regiao\/sp\/2026\/09\/03\/frente-fria-provoca-chuvas-e-queda-de-temperatura-no-centro-oeste-e-norte\" \/>\n<meta property=\"og:site_name\" content=\"Ribeir\u00e3o Preto e Regi\u00e3o\" \/>\n<meta property=\"article:publisher\" content=\"https:\/\/m.facebook.com\/redenoticiaz.barretos\" \/>\n<meta property=\"article:published_time\" content=\"2026-09-03T13:55:59+00:00\" \/>\n<meta property=\"og:image\" content=\"https:\/\/redenoticiaz.com.br\/ribeiraopreto-regiao\/wp-content\/uploads\/sites\/4\/2022\/02\/logo.jpg\" \/>\n\t<meta property=\"og:image:width\" content=\"400\" \/>\n\t<meta property=\"og:image:height\" content=\"250\" \/>\n\t<meta property=\"og:image:type\" content=\"image\/jpeg\" \/>\n<meta name=\"author\" content=\"Patr\u00edcia Prado\" \/>\n<meta name=\"twitter:card\" content=\"summary_large_image\" \/>\n<meta name=\"twitter:creator\" content=\"@RN_barretos\" \/>\n<meta name=\"twitter:site\" content=\"@RN_barretos\" \/>\n<meta name=\"twitter:label1\" content=\"Escrito por\" \/>\n\t<meta name=\"twitter:data1\" content=\"Patr\u00edcia Prado\" \/>\n\t<meta name=\"twitter:label2\" content=\"Est. tempo de leitura\" \/>\n\t<meta name=\"twitter:data2\" content=\"2 minutos\" \/>\n<script type=\"application\/ld+json\" class=\"yoast-schema-graph\">{\"@context\":\"https:\\\/\\\/schema.org\",\"@graph\":[{\"@type\":\"Article\",\"@id\":\"https:\\\/\\\/redenoticiaz.com.br\\\/ribeiraopreto-regiao\\\/sp\\\/2026\\\/09\\\/03\\\/frente-fria-provoca-chuvas-e-queda-de-temperatura-no-centro-oeste-e-norte#article\",\"isPartOf\":{\"@id\":\"https:\\\/\\\/redenoticiaz.com.br\\\/ribeiraopreto-regiao\\\/sp\\\/2026\\\/09\\\/03\\\/frente-fria-provoca-chuvas-e-queda-de-temperatura-no-centro-oeste-e-norte\"},\"author\":{\"name\":\"Patr\u00edcia Prado\",\"@id\":\"https:\\\/\\\/redenoticiaz.com.br\\\/ribeiraopreto-regiao\\\/#\\\/schema\\\/person\\\/e1b0bd8c2637e2c1b6ddcbc2c33b116f\"},\"headline\":\"Frente fria provoca chuvas e queda de temperatura no Centro-Oeste e Norte\",\"datePublished\":\"2026-09-03T13:55:59+00:00\",\"mainEntityOfPage\":{\"@id\":\"https:\\\/\\\/redenoticiaz.com.br\\\/ribeiraopreto-regiao\\\/sp\\\/2026\\\/09\\\/03\\\/frente-fria-provoca-chuvas-e-queda-de-temperatura-no-centro-oeste-e-norte\"},\"wordCount\":438,\"commentCount\":0,\"publisher\":{\"@id\":\"https:\\\/\\\/redenoticiaz.com.br\\\/ribeiraopreto-regiao\\\/#organization\"},\"image\":{\"@id\":\"https:\\\/\\\/redenoticiaz.com.br\\\/ribeiraopreto-regiao\\\/sp\\\/2026\\\/09\\\/03\\\/frente-fria-provoca-chuvas-e-queda-de-temperatura-no-centro-oeste-e-norte#primaryimage\"},\"thumbnailUrl\":\"https:\\\/\\\/redenoticiaz.com.br\\\/ribeiraopreto-regiao\\\/wp-content\\\/uploads\\\/sites\\\/4\\\/2026\\\/09\\\/img_3069.jpg\",\"articleSection\":[\"Climatologia\"],\"inLanguage\":\"pt-BR\",\"potentialAction\":[{\"@type\":\"CommentAction\",\"name\":\"Comment\",\"target\":[\"https:\\\/\\\/redenoticiaz.com.br\\\/ribeiraopreto-regiao\\\/sp\\\/2026\\\/09\\\/03\\\/frente-fria-provoca-chuvas-e-queda-de-temperatura-no-centro-oeste-e-norte#respond\"]}]},{\"@type\":\"WebPage\",\"@id\":\"https:\\\/\\\/redenoticiaz.com.br\\\/ribeiraopreto-regiao\\\/sp\\\/2026\\\/09\\\/03\\\/frente-fria-provoca-chuvas-e-queda-de-temperatura-no-centro-oeste-e-norte\",\"url\":\"https:\\\/\\\/redenoticiaz.com.br\\\/ribeiraopreto-regiao\\\/sp\\\/2026\\\/09\\\/03\\\/frente-fria-provoca-chuvas-e-queda-de-temperatura-no-centro-oeste-e-norte\",\"name\":\"Frente fria provoca chuvas e queda de temperatura no Centro-Oeste e Norte - Ribeir\u00e3o Preto e Regi\u00e3o\",\"isPartOf\":{\"@id\":\"https:\\\/\\\/redenoticiaz.com.br\\\/ribeiraopreto-regiao\\\/#website\"},\"primaryImageOfPage\":{\"@id\":\"https:\\\/\\\/redenoticiaz.com.br\\\/ribeiraopreto-regiao\\\/sp\\\/2026\\\/09\\\/03\\\/frente-fria-provoca-chuvas-e-queda-de-temperatura-no-centro-oeste-e-norte#primaryimage\"},\"image\":{\"@id\":\"https:\\\/\\\/redenoticiaz.com.br\\\/ribeiraopreto-regiao\\\/sp\\\/2026\\\/09\\\/03\\\/frente-fria-provoca-chuvas-e-queda-de-temperatura-no-centro-oeste-e-norte#primaryimage\"},\"thumbnailUrl\":\"https:\\\/\\\/redenoticiaz.com.br\\\/ribeiraopreto-regiao\\\/wp-content\\\/uploads\\\/sites\\\/4\\\/2026\\\/09\\\/img_3069.jpg\",\"datePublished\":\"2026-09-03T13:55:59+00:00\",\"inLanguage\":\"pt-BR\",\"potentialAction\":[{\"@type\":\"ReadAction\",\"target\":[\"https:\\\/\\\/redenoticiaz.com.br\\\/ribeiraopreto-regiao\\\/sp\\\/2026\\\/09\\\/03\\\/frente-fria-provoca-chuvas-e-queda-de-temperatura-no-centro-oeste-e-norte\"]}]},{\"@type\":\"ImageObject\",\"inLanguage\":\"pt-BR\",\"@id\":\"https:\\\/\\\/redenoticiaz.com.br\\\/ribeiraopreto-regiao\\\/sp\\\/2026\\\/09\\\/03\\\/frente-fria-provoca-chuvas-e-queda-de-temperatura-no-centro-oeste-e-norte#primaryimage\",\"url\":\"https:\\\/\\\/redenoticiaz.com.br\\\/ribeiraopreto-regiao\\\/wp-content\\\/uploads\\\/sites\\\/4\\\/2026\\\/09\\\/img_3069.jpg\",\"contentUrl\":\"https:\\\/\\\/redenoticiaz.com.br\\\/ribeiraopreto-regiao\\\/wp-content\\\/uploads\\\/sites\\\/4\\\/2026\\\/09\\\/img_3069.jpg\",\"width\":1600,\"height\":800},{\"@type\":\"WebSite\",\"@id\":\"https:\\\/\\\/redenoticiaz.com.br\\\/ribeiraopreto-regiao\\\/#website\",\"url\":\"https:\\\/\\\/redenoticiaz.com.br\\\/ribeiraopreto-regiao\\\/\",\"name\":\"Ribeir\u00e3o Preto e Regi\u00e3o\",\"description\":\"Rede NoticiaZ - Ribeir\u00e3o Preto e regi\u00e3o\",\"publisher\":{\"@id\":\"https:\\\/\\\/redenoticiaz.com.br\\\/ribeiraopreto-regiao\\\/#organization\"},\"potentialAction\":[{\"@type\":\"SearchAction\",\"target\":{\"@type\":\"EntryPoint\",\"urlTemplate\":\"https:\\\/\\\/redenoticiaz.com.br\\\/ribeiraopreto-regiao\\\/?s={search_term_string}\"},\"query-input\":{\"@type\":\"PropertyValueSpecification\",\"valueRequired\":true,\"valueName\":\"search_term_string\"}}],\"inLanguage\":\"pt-BR\"},{\"@type\":\"Organization\",\"@id\":\"https:\\\/\\\/redenoticiaz.com.br\\\/ribeiraopreto-regiao\\\/#organization\",\"name\":\"Ribeir\u00e3o Preto e Regi\u00e3o\",\"url\":\"https:\\\/\\\/redenoticiaz.com.br\\\/ribeiraopreto-regiao\\\/\",\"logo\":{\"@type\":\"ImageObject\",\"inLanguage\":\"pt-BR\",\"@id\":\"https:\\\/\\\/redenoticiaz.com.br\\\/ribeiraopreto-regiao\\\/#\\\/schema\\\/logo\\\/image\\\/\",\"url\":\"https:\\\/\\\/redenoticiaz.com.br\\\/barretos-regiao\\\/wp-content\\\/uploads\\\/sites\\\/4\\\/2022\\\/02\\\/logo.jpg\",\"contentUrl\":\"https:\\\/\\\/redenoticiaz.com.br\\\/barretos-regiao\\\/wp-content\\\/uploads\\\/sites\\\/4\\\/2022\\\/02\\\/logo.jpg\",\"width\":400,\"height\":250,\"caption\":\"Ribeir\u00e3o Preto e Regi\u00e3o\"},\"image\":{\"@id\":\"https:\\\/\\\/redenoticiaz.com.br\\\/ribeiraopreto-regiao\\\/#\\\/schema\\\/logo\\\/image\\\/\"},\"sameAs\":[\"https:\\\/\\\/m.facebook.com\\\/redenoticiaz.barretos\",\"https:\\\/\\\/x.com\\\/RN_barretos\",\"https:\\\/\\\/www.instagram.com\\\/redenoticiaz.barretos\\\/?igshid=YmMyMTA2M2Y\",\"https:\\\/\\\/www.linkedin.com\\\/company\\\/rede-noticiaz-barretos-e-regio\\\/\"]},{\"@type\":\"Person\",\"@id\":\"https:\\\/\\\/redenoticiaz.com.br\\\/ribeiraopreto-regiao\\\/#\\\/schema\\\/person\\\/e1b0bd8c2637e2c1b6ddcbc2c33b116f\",\"name\":\"Patr\u00edcia Prado\",\"image\":{\"@type\":\"ImageObject\",\"inLanguage\":\"pt-BR\",\"@id\":\"https:\\\/\\\/secure.gravatar.com\\\/avatar\\\/92e358bef22cfcec15e054ae4d9fee04dadf0c772dc4a17b382b8a34a15354c2?s=96&d=mm&r=g\",\"url\":\"https:\\\/\\\/secure.gravatar.com\\\/avatar\\\/92e358bef22cfcec15e054ae4d9fee04dadf0c772dc4a17b382b8a34a15354c2?s=96&d=mm&r=g\",\"contentUrl\":\"https:\\\/\\\/secure.gravatar.com\\\/avatar\\\/92e358bef22cfcec15e054ae4d9fee04dadf0c772dc4a17b382b8a34a15354c2?s=96&d=mm&r=g\",\"caption\":\"Patr\u00edcia Prado\"},\"url\":\"https:\\\/\\\/redenoticiaz.com.br\\\/ribeiraopreto-regiao\\\/sp\\\/author\\\/patricia-prado\"}]}<\/script>\n<!-- \/ Yoast SEO plugin. -->","yoast_head_json":{"title":"Frente fria provoca chuvas e queda de temperatura no Centro-Oeste e Norte - Ribeir\u00e3o Preto e Regi\u00e3o","robots":{"index":"index","follow":"follow","max-snippet":"max-snippet:-1","max-image-preview":"max-image-preview:large","max-video-preview":"max-video-preview:-1"},"canonical":"https:\/\/redenoticiaz.com.br\/ribeiraopreto-regiao\/sp\/2026\/09\/03\/frente-fria-provoca-chuvas-e-queda-de-temperatura-no-centro-oeste-e-norte","og_locale":"pt_BR","og_type":"article","og_title":"Frente fria provoca chuvas e queda de temperatura no Centro-Oeste e Norte - Ribeir\u00e3o Preto e Regi\u00e3o","og_description":"Uma frente fria que se desloca entre o Esp\u00edrito Santo e o sul da Bahia est\u00e1 trazendo umidade para a regi\u00e3o, resultando em chuvas intensas at\u00e9 o norte de Minas Gerais. O Instituto Nacional de Meteorologia (Inmet) tamb\u00e9m prev\u00ea a possibilidade de chuvas no sul do Par\u00e1, Tocantins, Mato Grosso, Goi\u00e1s e no Distrito Federal. &hellip;","og_url":"https:\/\/redenoticiaz.com.br\/ribeiraopreto-regiao\/sp\/2026\/09\/03\/frente-fria-provoca-chuvas-e-queda-de-temperatura-no-centro-oeste-e-norte","og_site_name":"Ribeir\u00e3o Preto e Regi\u00e3o","article_publisher":"https:\/\/m.facebook.com\/redenoticiaz.barretos","article_published_time":"2026-09-03T13:55:59+00:00","og_image":[{"width":400,"height":250,"url":"https:\/\/redenoticiaz.com.br\/ribeiraopreto-regiao\/wp-content\/uploads\/sites\/4\/2022\/02\/logo.jpg","type":"image\/jpeg"}],"author":"Patr\u00edcia Prado","twitter_card":"summary_large_image","twitter_creator":"@RN_barretos","twitter_site":"@RN_barretos","twitter_misc":{"Escrito por":"Patr\u00edcia Prado","Est. tempo de leitura":"2 minutos"},"schema":{"@context":"https:\/\/schema.org","@graph":[{"@type":"Article","@id":"https:\/\/redenoticiaz.com.br\/ribeiraopreto-regiao\/sp\/2026\/09\/03\/frente-fria-provoca-chuvas-e-queda-de-temperatura-no-centro-oeste-e-norte#article","isPartOf":{"@id":"https:\/\/redenoticiaz.com.br\/ribeiraopreto-regiao\/sp\/2026\/09\/03\/frente-fria-provoca-chuvas-e-queda-de-temperatura-no-centro-oeste-e-norte"},"author":{"name":"Patr\u00edcia Prado","@id":"https:\/\/redenoticiaz.com.br\/ribeiraopreto-regiao\/#\/schema\/person\/e1b0bd8c2637e2c1b6ddcbc2c33b116f"},"headline":"Frente fria provoca chuvas e queda de temperatura no Centro-Oeste e Norte","datePublished":"2026-09-03T13:55:59+00:00","mainEntityOfPage":{"@id":"https:\/\/redenoticiaz.com.br\/ribeiraopreto-regiao\/sp\/2026\/09\/03\/frente-fria-provoca-chuvas-e-queda-de-temperatura-no-centro-oeste-e-norte"},"wordCount":438,"commentCount":0,"publisher":{"@id":"https:\/\/redenoticiaz.com.br\/ribeiraopreto-regiao\/#organization"},"image":{"@id":"https:\/\/redenoticiaz.com.br\/ribeiraopreto-regiao\/sp\/2026\/09\/03\/frente-fria-provoca-chuvas-e-queda-de-temperatura-no-centro-oeste-e-norte#primaryimage"},"thumbnailUrl":"https:\/\/redenoticiaz.com.br\/ribeiraopreto-regiao\/wp-content\/uploads\/sites\/4\/2026\/09\/img_3069.jpg","articleSection":["Climatologia"],"inLanguage":"pt-BR","potentialAction":[{"@type":"CommentAction","name":"Comment","target":["https:\/\/redenoticiaz.com.br\/ribeiraopreto-regiao\/sp\/2026\/09\/03\/frente-fria-provoca-chuvas-e-queda-de-temperatura-no-centro-oeste-e-norte#respond"]}]},{"@type":"WebPage","@id":"https:\/\/redenoticiaz.com.br\/ribeiraopreto-regiao\/sp\/2026\/09\/03\/frente-fria-provoca-chuvas-e-queda-de-temperatura-no-centro-oeste-e-norte","url":"https:\/\/redenoticiaz.com.br\/ribeiraopreto-regiao\/sp\/2026\/09\/03\/frente-fria-provoca-chuvas-e-queda-de-temperatura-no-centro-oeste-e-norte","name":"Frente fria provoca chuvas e queda de temperatura no Centro-Oeste e Norte - Ribeir\u00e3o Preto e Regi\u00e3o","isPartOf":{"@id":"https:\/\/redenoticiaz.com.br\/ribeiraopreto-regiao\/#website"},"primaryImageOfPage":{"@id":"https:\/\/redenoticiaz.com.br\/ribeiraopreto-regiao\/sp\/2026\/09\/03\/frente-fria-provoca-chuvas-e-queda-de-temperatura-no-centro-oeste-e-norte#primaryimage"},"image":{"@id":"https:\/\/redenoticiaz.com.br\/ribeiraopreto-regiao\/sp\/2026\/09\/03\/frente-fria-provoca-chuvas-e-queda-de-temperatura-no-centro-oeste-e-norte#primaryimage"},"thumbnailUrl":"https:\/\/redenoticiaz.com.br\/ribeiraopreto-regiao\/wp-content\/uploads\/sites\/4\/2026\/09\/img_3069.jpg","datePublished":"2026-09-03T13:55:59+00:00","inLanguage":"pt-BR","potentialAction":[{"@type":"ReadAction","target":["https:\/\/redenoticiaz.com.br\/ribeiraopreto-regiao\/sp\/2026\/09\/03\/frente-fria-provoca-chuvas-e-queda-de-temperatura-no-centro-oeste-e-norte"]}]},{"@type":"ImageObject","inLanguage":"pt-BR","@id":"https:\/\/redenoticiaz.com.br\/ribeiraopreto-regiao\/sp\/2026\/09\/03\/frente-fria-provoca-chuvas-e-queda-de-temperatura-no-centro-oeste-e-norte#primaryimage","url":"https:\/\/redenoticiaz.com.br\/ribeiraopreto-regiao\/wp-content\/uploads\/sites\/4\/2026\/09\/img_3069.jpg","contentUrl":"https:\/\/redenoticiaz.com.br\/ribeiraopreto-regiao\/wp-content\/uploads\/sites\/4\/2026\/09\/img_3069.jpg","width":1600,"height":800},{"@type":"WebSite","@id":"https:\/\/redenoticiaz.com.br\/ribeiraopreto-regiao\/#website","url":"https:\/\/redenoticiaz.com.br\/ribeiraopreto-regiao\/","name":"Ribeir\u00e3o Preto e Regi\u00e3o","description":"Rede NoticiaZ - Ribeir\u00e3o Preto e regi\u00e3o","publisher":{"@id":"https:\/\/redenoticiaz.com.br\/ribeiraopreto-regiao\/#organization"},"potentialAction":[{"@type":"SearchAction","target":{"@type":"EntryPoint","urlTemplate":"https:\/\/redenoticiaz.com.br\/ribeiraopreto-regiao\/?s={search_term_string}"},"query-input":{"@type":"PropertyValueSpecification","valueRequired":true,"valueName":"search_term_string"}}],"inLanguage":"pt-BR"},{"@type":"Organization","@id":"https:\/\/redenoticiaz.com.br\/ribeiraopreto-regiao\/#organization","name":"Ribeir\u00e3o Preto e Regi\u00e3o","url":"https:\/\/redenoticiaz.com.br\/ribeiraopreto-regiao\/","logo":{"@type":"ImageObject","inLanguage":"pt-BR","@id":"https:\/\/redenoticiaz.com.br\/ribeiraopreto-regiao\/#\/schema\/logo\/image\/","url":"https:\/\/redenoticiaz.com.br\/barretos-regiao\/wp-content\/uploads\/sites\/4\/2022\/02\/logo.jpg","contentUrl":"https:\/\/redenoticiaz.com.br\/barretos-regiao\/wp-content\/uploads\/sites\/4\/2022\/02\/logo.jpg","width":400,"height":250,"caption":"Ribeir\u00e3o Preto e Regi\u00e3o"},"image":{"@id":"https:\/\/redenoticiaz.com.br\/ribeiraopreto-regiao\/#\/schema\/logo\/image\/"},"sameAs":["https:\/\/m.facebook.com\/redenoticiaz.barretos","https:\/\/x.com\/RN_barretos","https:\/\/www.instagram.com\/redenoticiaz.barretos\/?igshid=YmMyMTA2M2Y","https:\/\/www.linkedin.com\/company\/rede-noticiaz-barretos-e-regio\/"]},{"@type":"Person","@id":"https:\/\/redenoticiaz.com.br\/ribeiraopreto-regiao\/#\/schema\/person\/e1b0bd8c2637e2c1b6ddcbc2c33b116f","name":"Patr\u00edcia Prado","image":{"@type":"ImageObject","inLanguage":"pt-BR","@id":"https:\/\/secure.gravatar.com\/avatar\/92e358bef22cfcec15e054ae4d9fee04dadf0c772dc4a17b382b8a34a15354c2?s=96&d=mm&r=g","url":"https:\/\/secure.gravatar.com\/avatar\/92e358bef22cfcec15e054ae4d9fee04dadf0c772dc4a17b382b8a34a15354c2?s=96&d=mm&r=g","contentUrl":"https:\/\/secure.gravatar.com\/avatar\/92e358bef22cfcec15e054ae4d9fee04dadf0c772dc4a17b382b8a34a15354c2?s=96&d=mm&r=g","caption":"Patr\u00edcia Prado"},"url":"https:\/\/redenoticiaz.com.br\/ribeiraopreto-regiao\/sp\/author\/patricia-prado"}]}},"_links":{"self":[{"href":"https:\/\/redenoticiaz.com.br\/ribeiraopreto-regiao\/wp-json\/wp\/v2\/posts\/123180","targetHints":{"allow":["GET"]}}],"collection":[{"href":"https:\/\/redenoticiaz.com.br\/ribeiraopreto-regiao\/wp-json\/wp\/v2\/posts"}],"about":[{"href":"https:\/\/redenoticiaz.com.br\/ribeiraopreto-regiao\/wp-json\/wp\/v2\/types\/post"}],"author":[{"embeddable":true,"href":"https:\/\/redenoticiaz.com.br\/ribeiraopreto-regiao\/wp-json\/wp\/v2\/users\/5"}],"replies":[{"embeddable":true,"href":"https:\/\/redenoticiaz.com.br\/ribeiraopreto-regiao\/wp-json\/wp\/v2\/comments?post=123180"}],"version-history":[{"count":0,"href":"https:\/\/redenoticiaz.com.br\/ribeiraopreto-regiao\/wp-json\/wp\/v2\/posts\/123180\/revisions"}],"wp:featuredmedia":[{"embeddable":true,"href":"https:\/\/redenoticiaz.com.br\/ribeiraopreto-regiao\/wp-json\/wp\/v2\/media\/123181"}],"wp:attachment":[{"href":"https:\/\/redenoticiaz.com.br\/ribeiraopreto-regiao\/wp-json\/wp\/v2\/media?parent=123180"}],"wp:term":[{"taxonomy":"category","embeddable":true,"href":"https:\/\/redenoticiaz.com.br\/ribeiraopreto-regiao\/wp-json\/wp\/v2\/categories?post=123180"},{"taxonomy":"post_tag","embeddable":true,"href":"https:\/\/redenoticiaz.com.br\/ribeiraopreto-regiao\/wp-json\/wp\/v2\/tags?post=123180"}],"curies":[{"name":"wp","href":"https:\/\/api.w.org\/{rel}","templated":true}]}}