{"id":123196,"date":"2026-09-03T15:21:27","date_gmt":"2026-09-03T18:21:27","guid":{"rendered":"https:\/\/redenoticiaz.com.br\/ribeiraopreto-regiao\/sp\/2026\/09\/03\/fundo-social-de-ribeirao-preto-distribui-28-toneladas-de-alimentos-arrecadados-no-joao-rock-para-familias-carentes"},"modified":"2026-09-03T15:21:27","modified_gmt":"2026-09-03T18:21:27","slug":"fundo-social-de-ribeirao-preto-distribui-28-toneladas-de-alimentos-arrecadados-no-joao-rock-para-familias-carentes","status":"publish","type":"post","link":"https:\/\/redenoticiaz.com.br\/ribeiraopreto-regiao\/sp\/2026\/09\/03\/fundo-social-de-ribeirao-preto-distribui-28-toneladas-de-alimentos-arrecadados-no-joao-rock-para-familias-carentes","title":{"rendered":"Fundo Social de Ribeir\u00e3o Preto distribui 28 toneladas de alimentos arrecadados no Jo\u00e3o Rock para fam\u00edlias carentes"},"content":{"rendered":"<p>A Prefeitura de Ribeir\u00e3o Preto, atrav\u00e9s do Fundo Social de Solidariedade, est\u00e1 promovendo a distribui\u00e7\u00e3o de 28 toneladas de alimentos n\u00e3o perec\u00edveis coletados na 23\u00aa edi\u00e7\u00e3o do festival Jo\u00e3o Rock, realizado em 1\u00ba de agosto. Os alimentos ser\u00e3o direcionados a fam\u00edlias cadastradas e monitoradas pelo munic\u00edpio, refor\u00e7ando o apoio a aqueles que enfrentam vulnerabilidade social.<\/p>\n<p>A a\u00e7\u00e3o \u00e9 parte de um esfor\u00e7o cont\u00ednuo do Fundo Social e da Secretaria Municipal de Assist\u00eancia Social, que visa garantir a seguran\u00e7a alimentar das fam\u00edlias em necessidade. A entrega dos mantimentos ser\u00e1 feita com base nos cadastros existentes, assegurando que os donativos cheguem efetivamente a quem mais precisa. Al\u00e9m disso, parte dos alimentos ser\u00e1 destinada a organiza\u00e7\u00f5es sociais parceiras que prestam servi\u00e7os \u00e0 comunidade.<\/p>\n<p>Carol Silva, presidente do Fundo Social de Solidariedade de Ribeir\u00e3o Preto, destacou a import\u00e2ncia dessa doa\u00e7\u00e3o, afirmando: \u201cEssa doa\u00e7\u00e3o do Jo\u00e3o Rock chegou em um momento muito importante e nos permite ampliar o atendimento \u00e0s fam\u00edlias. \u00c9 um refor\u00e7o que chega diretamente a quem precisa e fortalece o trabalho que j\u00e1 \u00e9 realizado diariamente pelo Fundo Social e pela Assist\u00eancia Social.\u201d<\/p>\n<p>Silva tamb\u00e9m expressou gratid\u00e3o pela contribui\u00e7\u00e3o de todos os envolvidos na arrecada\u00e7\u00e3o: \u201cNosso agradecimento a todos que participaram dessa corrente de solidariedade. Cada alimento arrecadado representa cuidado e agora se transforma em apoio para fam\u00edlias que s\u00e3o acompanhadas pela rede municipal. \u00c9 uma uni\u00e3o que faz a diferen\u00e7a e fortalece as a\u00e7\u00f5es de assist\u00eancia realizadas em Ribeir\u00e3o Preto.\u201d<\/p>\n","protected":false},"excerpt":{"rendered":"<p>A Prefeitura de Ribeir\u00e3o Preto, atrav\u00e9s do Fundo Social de Solidariedade, est\u00e1 promovendo a distribui\u00e7\u00e3o de 28 toneladas de alimentos n\u00e3o perec\u00edveis coletados na 23\u00aa edi\u00e7\u00e3o do festival Jo\u00e3o Rock, realizado em 1\u00ba de agosto. Os alimentos ser\u00e3o direcionados a fam\u00edlias cadastradas e monitoradas pelo munic\u00edpio, refor\u00e7ando o apoio a aqueles que enfrentam vulnerabilidade social. &hellip;<\/p>\n","protected":false},"author":5,"featured_media":123197,"comment_status":"open","ping_status":"closed","sticky":false,"template":"","format":"standard","meta":{"footnotes":""},"categories":[252,31500],"tags":[],"class_list":["post-123196","post","type-post","status-publish","format-standard","has-post-thumbnail","hentry","category-acao-social","category-ribeirao-preto"],"yoast_head":"<!-- This site is optimized with the Yoast SEO plugin v28.4 - https:\/\/yoast.com\/product\/yoast-seo-wordpress\/ -->\n<title>Fundo Social de Ribeir\u00e3o Preto distribui 28 toneladas de alimentos arrecadados no Jo\u00e3o Rock para fam\u00edlias carentes - Ribeir\u00e3o Preto e Regi\u00e3o<\/title>\n<meta name=\"robots\" content=\"index, follow, max-snippet:-1, max-image-preview:large, max-video-preview:-1\" \/>\n<link rel=\"canonical\" href=\"https:\/\/redenoticiaz.com.br\/ribeiraopreto-regiao\/sp\/2026\/09\/03\/fundo-social-de-ribeirao-preto-distribui-28-toneladas-de-alimentos-arrecadados-no-joao-rock-para-familias-carentes\" \/>\n<meta property=\"og:locale\" content=\"pt_BR\" \/>\n<meta property=\"og:type\" content=\"article\" \/>\n<meta property=\"og:title\" content=\"Fundo Social de Ribeir\u00e3o Preto distribui 28 toneladas de alimentos arrecadados no Jo\u00e3o Rock para fam\u00edlias carentes - Ribeir\u00e3o Preto e Regi\u00e3o\" \/>\n<meta property=\"og:description\" content=\"A Prefeitura de Ribeir\u00e3o Preto, atrav\u00e9s do Fundo Social de Solidariedade, est\u00e1 promovendo a distribui\u00e7\u00e3o de 28 toneladas de alimentos n\u00e3o perec\u00edveis coletados na 23\u00aa edi\u00e7\u00e3o do festival Jo\u00e3o Rock, realizado em 1\u00ba de agosto. Os alimentos ser\u00e3o direcionados a fam\u00edlias cadastradas e monitoradas pelo munic\u00edpio, refor\u00e7ando o apoio a aqueles que enfrentam vulnerabilidade social. &hellip;\" \/>\n<meta property=\"og:url\" content=\"https:\/\/redenoticiaz.com.br\/ribeiraopreto-regiao\/sp\/2026\/09\/03\/fundo-social-de-ribeirao-preto-distribui-28-toneladas-de-alimentos-arrecadados-no-joao-rock-para-familias-carentes\" \/>\n<meta property=\"og:site_name\" content=\"Ribeir\u00e3o Preto e Regi\u00e3o\" \/>\n<meta property=\"article:publisher\" content=\"https:\/\/m.facebook.com\/redenoticiaz.barretos\" \/>\n<meta property=\"article:published_time\" content=\"2026-09-03T18:21:27+00:00\" \/>\n<meta property=\"og:image\" content=\"https:\/\/redenoticiaz.com.br\/ribeiraopreto-regiao\/wp-content\/uploads\/sites\/4\/2022\/02\/logo.jpg\" \/>\n\t<meta property=\"og:image:width\" content=\"400\" \/>\n\t<meta property=\"og:image:height\" content=\"250\" \/>\n\t<meta property=\"og:image:type\" content=\"image\/jpeg\" \/>\n<meta name=\"author\" content=\"Patr\u00edcia Prado\" \/>\n<meta name=\"twitter:card\" content=\"summary_large_image\" \/>\n<meta name=\"twitter:creator\" content=\"@RN_barretos\" \/>\n<meta name=\"twitter:site\" content=\"@RN_barretos\" \/>\n<meta name=\"twitter:label1\" content=\"Escrito por\" \/>\n\t<meta name=\"twitter:data1\" content=\"Patr\u00edcia Prado\" \/>\n\t<meta name=\"twitter:label2\" content=\"Est. tempo de leitura\" \/>\n\t<meta name=\"twitter:data2\" content=\"1 minuto\" \/>\n<script type=\"application\/ld+json\" class=\"yoast-schema-graph\">{\"@context\":\"https:\\\/\\\/schema.org\",\"@graph\":[{\"@type\":\"Article\",\"@id\":\"https:\\\/\\\/redenoticiaz.com.br\\\/ribeiraopreto-regiao\\\/sp\\\/2026\\\/09\\\/03\\\/fundo-social-de-ribeirao-preto-distribui-28-toneladas-de-alimentos-arrecadados-no-joao-rock-para-familias-carentes#article\",\"isPartOf\":{\"@id\":\"https:\\\/\\\/redenoticiaz.com.br\\\/ribeiraopreto-regiao\\\/sp\\\/2026\\\/09\\\/03\\\/fundo-social-de-ribeirao-preto-distribui-28-toneladas-de-alimentos-arrecadados-no-joao-rock-para-familias-carentes\"},\"author\":{\"name\":\"Patr\u00edcia Prado\",\"@id\":\"https:\\\/\\\/redenoticiaz.com.br\\\/ribeiraopreto-regiao\\\/#\\\/schema\\\/person\\\/e1b0bd8c2637e2c1b6ddcbc2c33b116f\"},\"headline\":\"Fundo Social de Ribeir\u00e3o Preto distribui 28 toneladas de alimentos arrecadados no Jo\u00e3o Rock para fam\u00edlias carentes\",\"datePublished\":\"2026-09-03T18:21:27+00:00\",\"mainEntityOfPage\":{\"@id\":\"https:\\\/\\\/redenoticiaz.com.br\\\/ribeiraopreto-regiao\\\/sp\\\/2026\\\/09\\\/03\\\/fundo-social-de-ribeirao-preto-distribui-28-toneladas-de-alimentos-arrecadados-no-joao-rock-para-familias-carentes\"},\"wordCount\":289,\"commentCount\":0,\"publisher\":{\"@id\":\"https:\\\/\\\/redenoticiaz.com.br\\\/ribeiraopreto-regiao\\\/#organization\"},\"image\":{\"@id\":\"https:\\\/\\\/redenoticiaz.com.br\\\/ribeiraopreto-regiao\\\/sp\\\/2026\\\/09\\\/03\\\/fundo-social-de-ribeirao-preto-distribui-28-toneladas-de-alimentos-arrecadados-no-joao-rock-para-familias-carentes#primaryimage\"},\"thumbnailUrl\":\"https:\\\/\\\/redenoticiaz.com.br\\\/ribeiraopreto-regiao\\\/wp-content\\\/uploads\\\/sites\\\/4\\\/2026\\\/09\\\/doacaoalimentos_0.jpg\",\"articleSection\":[\"A\u00e7\u00e3o Social\",\"Ribeir\u00e3o Preto\"],\"inLanguage\":\"pt-BR\",\"potentialAction\":[{\"@type\":\"CommentAction\",\"name\":\"Comment\",\"target\":[\"https:\\\/\\\/redenoticiaz.com.br\\\/ribeiraopreto-regiao\\\/sp\\\/2026\\\/09\\\/03\\\/fundo-social-de-ribeirao-preto-distribui-28-toneladas-de-alimentos-arrecadados-no-joao-rock-para-familias-carentes#respond\"]}]},{\"@type\":\"WebPage\",\"@id\":\"https:\\\/\\\/redenoticiaz.com.br\\\/ribeiraopreto-regiao\\\/sp\\\/2026\\\/09\\\/03\\\/fundo-social-de-ribeirao-preto-distribui-28-toneladas-de-alimentos-arrecadados-no-joao-rock-para-familias-carentes\",\"url\":\"https:\\\/\\\/redenoticiaz.com.br\\\/ribeiraopreto-regiao\\\/sp\\\/2026\\\/09\\\/03\\\/fundo-social-de-ribeirao-preto-distribui-28-toneladas-de-alimentos-arrecadados-no-joao-rock-para-familias-carentes\",\"name\":\"Fundo Social de Ribeir\u00e3o Preto distribui 28 toneladas de alimentos arrecadados no Jo\u00e3o Rock para fam\u00edlias carentes - Ribeir\u00e3o Preto e Regi\u00e3o\",\"isPartOf\":{\"@id\":\"https:\\\/\\\/redenoticiaz.com.br\\\/ribeiraopreto-regiao\\\/#website\"},\"primaryImageOfPage\":{\"@id\":\"https:\\\/\\\/redenoticiaz.com.br\\\/ribeiraopreto-regiao\\\/sp\\\/2026\\\/09\\\/03\\\/fundo-social-de-ribeirao-preto-distribui-28-toneladas-de-alimentos-arrecadados-no-joao-rock-para-familias-carentes#primaryimage\"},\"image\":{\"@id\":\"https:\\\/\\\/redenoticiaz.com.br\\\/ribeiraopreto-regiao\\\/sp\\\/2026\\\/09\\\/03\\\/fundo-social-de-ribeirao-preto-distribui-28-toneladas-de-alimentos-arrecadados-no-joao-rock-para-familias-carentes#primaryimage\"},\"thumbnailUrl\":\"https:\\\/\\\/redenoticiaz.com.br\\\/ribeiraopreto-regiao\\\/wp-content\\\/uploads\\\/sites\\\/4\\\/2026\\\/09\\\/doacaoalimentos_0.jpg\",\"datePublished\":\"2026-09-03T18:21:27+00:00\",\"inLanguage\":\"pt-BR\",\"potentialAction\":[{\"@type\":\"ReadAction\",\"target\":[\"https:\\\/\\\/redenoticiaz.com.br\\\/ribeiraopreto-regiao\\\/sp\\\/2026\\\/09\\\/03\\\/fundo-social-de-ribeirao-preto-distribui-28-toneladas-de-alimentos-arrecadados-no-joao-rock-para-familias-carentes\"]}]},{\"@type\":\"ImageObject\",\"inLanguage\":\"pt-BR\",\"@id\":\"https:\\\/\\\/redenoticiaz.com.br\\\/ribeiraopreto-regiao\\\/sp\\\/2026\\\/09\\\/03\\\/fundo-social-de-ribeirao-preto-distribui-28-toneladas-de-alimentos-arrecadados-no-joao-rock-para-familias-carentes#primaryimage\",\"url\":\"https:\\\/\\\/redenoticiaz.com.br\\\/ribeiraopreto-regiao\\\/wp-content\\\/uploads\\\/sites\\\/4\\\/2026\\\/09\\\/doacaoalimentos_0.jpg\",\"contentUrl\":\"https:\\\/\\\/redenoticiaz.com.br\\\/ribeiraopreto-regiao\\\/wp-content\\\/uploads\\\/sites\\\/4\\\/2026\\\/09\\\/doacaoalimentos_0.jpg\",\"width\":1500,\"height\":1000},{\"@type\":\"WebSite\",\"@id\":\"https:\\\/\\\/redenoticiaz.com.br\\\/ribeiraopreto-regiao\\\/#website\",\"url\":\"https:\\\/\\\/redenoticiaz.com.br\\\/ribeiraopreto-regiao\\\/\",\"name\":\"Ribeir\u00e3o Preto e Regi\u00e3o\",\"description\":\"Rede NoticiaZ - Ribeir\u00e3o Preto e regi\u00e3o\",\"publisher\":{\"@id\":\"https:\\\/\\\/redenoticiaz.com.br\\\/ribeiraopreto-regiao\\\/#organization\"},\"potentialAction\":[{\"@type\":\"SearchAction\",\"target\":{\"@type\":\"EntryPoint\",\"urlTemplate\":\"https:\\\/\\\/redenoticiaz.com.br\\\/ribeiraopreto-regiao\\\/?s={search_term_string}\"},\"query-input\":{\"@type\":\"PropertyValueSpecification\",\"valueRequired\":true,\"valueName\":\"search_term_string\"}}],\"inLanguage\":\"pt-BR\"},{\"@type\":\"Organization\",\"@id\":\"https:\\\/\\\/redenoticiaz.com.br\\\/ribeiraopreto-regiao\\\/#organization\",\"name\":\"Ribeir\u00e3o Preto e Regi\u00e3o\",\"url\":\"https:\\\/\\\/redenoticiaz.com.br\\\/ribeiraopreto-regiao\\\/\",\"logo\":{\"@type\":\"ImageObject\",\"inLanguage\":\"pt-BR\",\"@id\":\"https:\\\/\\\/redenoticiaz.com.br\\\/ribeiraopreto-regiao\\\/#\\\/schema\\\/logo\\\/image\\\/\",\"url\":\"https:\\\/\\\/redenoticiaz.com.br\\\/barretos-regiao\\\/wp-content\\\/uploads\\\/sites\\\/4\\\/2022\\\/02\\\/logo.jpg\",\"contentUrl\":\"https:\\\/\\\/redenoticiaz.com.br\\\/barretos-regiao\\\/wp-content\\\/uploads\\\/sites\\\/4\\\/2022\\\/02\\\/logo.jpg\",\"width\":400,\"height\":250,\"caption\":\"Ribeir\u00e3o Preto e Regi\u00e3o\"},\"image\":{\"@id\":\"https:\\\/\\\/redenoticiaz.com.br\\\/ribeiraopreto-regiao\\\/#\\\/schema\\\/logo\\\/image\\\/\"},\"sameAs\":[\"https:\\\/\\\/m.facebook.com\\\/redenoticiaz.barretos\",\"https:\\\/\\\/x.com\\\/RN_barretos\",\"https:\\\/\\\/www.instagram.com\\\/redenoticiaz.barretos\\\/?igshid=YmMyMTA2M2Y\",\"https:\\\/\\\/www.linkedin.com\\\/company\\\/rede-noticiaz-barretos-e-regio\\\/\"]},{\"@type\":\"Person\",\"@id\":\"https:\\\/\\\/redenoticiaz.com.br\\\/ribeiraopreto-regiao\\\/#\\\/schema\\\/person\\\/e1b0bd8c2637e2c1b6ddcbc2c33b116f\",\"name\":\"Patr\u00edcia Prado\",\"image\":{\"@type\":\"ImageObject\",\"inLanguage\":\"pt-BR\",\"@id\":\"https:\\\/\\\/secure.gravatar.com\\\/avatar\\\/92e358bef22cfcec15e054ae4d9fee04dadf0c772dc4a17b382b8a34a15354c2?s=96&d=mm&r=g\",\"url\":\"https:\\\/\\\/secure.gravatar.com\\\/avatar\\\/92e358bef22cfcec15e054ae4d9fee04dadf0c772dc4a17b382b8a34a15354c2?s=96&d=mm&r=g\",\"contentUrl\":\"https:\\\/\\\/secure.gravatar.com\\\/avatar\\\/92e358bef22cfcec15e054ae4d9fee04dadf0c772dc4a17b382b8a34a15354c2?s=96&d=mm&r=g\",\"caption\":\"Patr\u00edcia Prado\"},\"url\":\"https:\\\/\\\/redenoticiaz.com.br\\\/ribeiraopreto-regiao\\\/sp\\\/author\\\/patricia-prado\"}]}<\/script>\n<!-- \/ Yoast SEO plugin. -->","yoast_head_json":{"title":"Fundo Social de Ribeir\u00e3o Preto distribui 28 toneladas de alimentos arrecadados no Jo\u00e3o Rock para fam\u00edlias carentes - Ribeir\u00e3o Preto e Regi\u00e3o","robots":{"index":"index","follow":"follow","max-snippet":"max-snippet:-1","max-image-preview":"max-image-preview:large","max-video-preview":"max-video-preview:-1"},"canonical":"https:\/\/redenoticiaz.com.br\/ribeiraopreto-regiao\/sp\/2026\/09\/03\/fundo-social-de-ribeirao-preto-distribui-28-toneladas-de-alimentos-arrecadados-no-joao-rock-para-familias-carentes","og_locale":"pt_BR","og_type":"article","og_title":"Fundo Social de Ribeir\u00e3o Preto distribui 28 toneladas de alimentos arrecadados no Jo\u00e3o Rock para fam\u00edlias carentes - Ribeir\u00e3o Preto e Regi\u00e3o","og_description":"A Prefeitura de Ribeir\u00e3o Preto, atrav\u00e9s do Fundo Social de Solidariedade, est\u00e1 promovendo a distribui\u00e7\u00e3o de 28 toneladas de alimentos n\u00e3o perec\u00edveis coletados na 23\u00aa edi\u00e7\u00e3o do festival Jo\u00e3o Rock, realizado em 1\u00ba de agosto. Os alimentos ser\u00e3o direcionados a fam\u00edlias cadastradas e monitoradas pelo munic\u00edpio, refor\u00e7ando o apoio a aqueles que enfrentam vulnerabilidade social. &hellip;","og_url":"https:\/\/redenoticiaz.com.br\/ribeiraopreto-regiao\/sp\/2026\/09\/03\/fundo-social-de-ribeirao-preto-distribui-28-toneladas-de-alimentos-arrecadados-no-joao-rock-para-familias-carentes","og_site_name":"Ribeir\u00e3o Preto e Regi\u00e3o","article_publisher":"https:\/\/m.facebook.com\/redenoticiaz.barretos","article_published_time":"2026-09-03T18:21:27+00:00","og_image":[{"width":400,"height":250,"url":"https:\/\/redenoticiaz.com.br\/ribeiraopreto-regiao\/wp-content\/uploads\/sites\/4\/2022\/02\/logo.jpg","type":"image\/jpeg"}],"author":"Patr\u00edcia Prado","twitter_card":"summary_large_image","twitter_creator":"@RN_barretos","twitter_site":"@RN_barretos","twitter_misc":{"Escrito por":"Patr\u00edcia Prado","Est. tempo de leitura":"1 minuto"},"schema":{"@context":"https:\/\/schema.org","@graph":[{"@type":"Article","@id":"https:\/\/redenoticiaz.com.br\/ribeiraopreto-regiao\/sp\/2026\/09\/03\/fundo-social-de-ribeirao-preto-distribui-28-toneladas-de-alimentos-arrecadados-no-joao-rock-para-familias-carentes#article","isPartOf":{"@id":"https:\/\/redenoticiaz.com.br\/ribeiraopreto-regiao\/sp\/2026\/09\/03\/fundo-social-de-ribeirao-preto-distribui-28-toneladas-de-alimentos-arrecadados-no-joao-rock-para-familias-carentes"},"author":{"name":"Patr\u00edcia Prado","@id":"https:\/\/redenoticiaz.com.br\/ribeiraopreto-regiao\/#\/schema\/person\/e1b0bd8c2637e2c1b6ddcbc2c33b116f"},"headline":"Fundo Social de Ribeir\u00e3o Preto distribui 28 toneladas de alimentos arrecadados no Jo\u00e3o Rock para fam\u00edlias carentes","datePublished":"2026-09-03T18:21:27+00:00","mainEntityOfPage":{"@id":"https:\/\/redenoticiaz.com.br\/ribeiraopreto-regiao\/sp\/2026\/09\/03\/fundo-social-de-ribeirao-preto-distribui-28-toneladas-de-alimentos-arrecadados-no-joao-rock-para-familias-carentes"},"wordCount":289,"commentCount":0,"publisher":{"@id":"https:\/\/redenoticiaz.com.br\/ribeiraopreto-regiao\/#organization"},"image":{"@id":"https:\/\/redenoticiaz.com.br\/ribeiraopreto-regiao\/sp\/2026\/09\/03\/fundo-social-de-ribeirao-preto-distribui-28-toneladas-de-alimentos-arrecadados-no-joao-rock-para-familias-carentes#primaryimage"},"thumbnailUrl":"https:\/\/redenoticiaz.com.br\/ribeiraopreto-regiao\/wp-content\/uploads\/sites\/4\/2026\/09\/doacaoalimentos_0.jpg","articleSection":["A\u00e7\u00e3o Social","Ribeir\u00e3o Preto"],"inLanguage":"pt-BR","potentialAction":[{"@type":"CommentAction","name":"Comment","target":["https:\/\/redenoticiaz.com.br\/ribeiraopreto-regiao\/sp\/2026\/09\/03\/fundo-social-de-ribeirao-preto-distribui-28-toneladas-de-alimentos-arrecadados-no-joao-rock-para-familias-carentes#respond"]}]},{"@type":"WebPage","@id":"https:\/\/redenoticiaz.com.br\/ribeiraopreto-regiao\/sp\/2026\/09\/03\/fundo-social-de-ribeirao-preto-distribui-28-toneladas-de-alimentos-arrecadados-no-joao-rock-para-familias-carentes","url":"https:\/\/redenoticiaz.com.br\/ribeiraopreto-regiao\/sp\/2026\/09\/03\/fundo-social-de-ribeirao-preto-distribui-28-toneladas-de-alimentos-arrecadados-no-joao-rock-para-familias-carentes","name":"Fundo Social de Ribeir\u00e3o Preto distribui 28 toneladas de alimentos arrecadados no Jo\u00e3o Rock para fam\u00edlias carentes - Ribeir\u00e3o Preto e Regi\u00e3o","isPartOf":{"@id":"https:\/\/redenoticiaz.com.br\/ribeiraopreto-regiao\/#website"},"primaryImageOfPage":{"@id":"https:\/\/redenoticiaz.com.br\/ribeiraopreto-regiao\/sp\/2026\/09\/03\/fundo-social-de-ribeirao-preto-distribui-28-toneladas-de-alimentos-arrecadados-no-joao-rock-para-familias-carentes#primaryimage"},"image":{"@id":"https:\/\/redenoticiaz.com.br\/ribeiraopreto-regiao\/sp\/2026\/09\/03\/fundo-social-de-ribeirao-preto-distribui-28-toneladas-de-alimentos-arrecadados-no-joao-rock-para-familias-carentes#primaryimage"},"thumbnailUrl":"https:\/\/redenoticiaz.com.br\/ribeiraopreto-regiao\/wp-content\/uploads\/sites\/4\/2026\/09\/doacaoalimentos_0.jpg","datePublished":"2026-09-03T18:21:27+00:00","inLanguage":"pt-BR","potentialAction":[{"@type":"ReadAction","target":["https:\/\/redenoticiaz.com.br\/ribeiraopreto-regiao\/sp\/2026\/09\/03\/fundo-social-de-ribeirao-preto-distribui-28-toneladas-de-alimentos-arrecadados-no-joao-rock-para-familias-carentes"]}]},{"@type":"ImageObject","inLanguage":"pt-BR","@id":"https:\/\/redenoticiaz.com.br\/ribeiraopreto-regiao\/sp\/2026\/09\/03\/fundo-social-de-ribeirao-preto-distribui-28-toneladas-de-alimentos-arrecadados-no-joao-rock-para-familias-carentes#primaryimage","url":"https:\/\/redenoticiaz.com.br\/ribeiraopreto-regiao\/wp-content\/uploads\/sites\/4\/2026\/09\/doacaoalimentos_0.jpg","contentUrl":"https:\/\/redenoticiaz.com.br\/ribeiraopreto-regiao\/wp-content\/uploads\/sites\/4\/2026\/09\/doacaoalimentos_0.jpg","width":1500,"height":1000},{"@type":"WebSite","@id":"https:\/\/redenoticiaz.com.br\/ribeiraopreto-regiao\/#website","url":"https:\/\/redenoticiaz.com.br\/ribeiraopreto-regiao\/","name":"Ribeir\u00e3o Preto e Regi\u00e3o","description":"Rede NoticiaZ - Ribeir\u00e3o Preto e regi\u00e3o","publisher":{"@id":"https:\/\/redenoticiaz.com.br\/ribeiraopreto-regiao\/#organization"},"potentialAction":[{"@type":"SearchAction","target":{"@type":"EntryPoint","urlTemplate":"https:\/\/redenoticiaz.com.br\/ribeiraopreto-regiao\/?s={search_term_string}"},"query-input":{"@type":"PropertyValueSpecification","valueRequired":true,"valueName":"search_term_string"}}],"inLanguage":"pt-BR"},{"@type":"Organization","@id":"https:\/\/redenoticiaz.com.br\/ribeiraopreto-regiao\/#organization","name":"Ribeir\u00e3o Preto e Regi\u00e3o","url":"https:\/\/redenoticiaz.com.br\/ribeiraopreto-regiao\/","logo":{"@type":"ImageObject","inLanguage":"pt-BR","@id":"https:\/\/redenoticiaz.com.br\/ribeiraopreto-regiao\/#\/schema\/logo\/image\/","url":"https:\/\/redenoticiaz.com.br\/barretos-regiao\/wp-content\/uploads\/sites\/4\/2022\/02\/logo.jpg","contentUrl":"https:\/\/redenoticiaz.com.br\/barretos-regiao\/wp-content\/uploads\/sites\/4\/2022\/02\/logo.jpg","width":400,"height":250,"caption":"Ribeir\u00e3o Preto e Regi\u00e3o"},"image":{"@id":"https:\/\/redenoticiaz.com.br\/ribeiraopreto-regiao\/#\/schema\/logo\/image\/"},"sameAs":["https:\/\/m.facebook.com\/redenoticiaz.barretos","https:\/\/x.com\/RN_barretos","https:\/\/www.instagram.com\/redenoticiaz.barretos\/?igshid=YmMyMTA2M2Y","https:\/\/www.linkedin.com\/company\/rede-noticiaz-barretos-e-regio\/"]},{"@type":"Person","@id":"https:\/\/redenoticiaz.com.br\/ribeiraopreto-regiao\/#\/schema\/person\/e1b0bd8c2637e2c1b6ddcbc2c33b116f","name":"Patr\u00edcia Prado","image":{"@type":"ImageObject","inLanguage":"pt-BR","@id":"https:\/\/secure.gravatar.com\/avatar\/92e358bef22cfcec15e054ae4d9fee04dadf0c772dc4a17b382b8a34a15354c2?s=96&d=mm&r=g","url":"https:\/\/secure.gravatar.com\/avatar\/92e358bef22cfcec15e054ae4d9fee04dadf0c772dc4a17b382b8a34a15354c2?s=96&d=mm&r=g","contentUrl":"https:\/\/secure.gravatar.com\/avatar\/92e358bef22cfcec15e054ae4d9fee04dadf0c772dc4a17b382b8a34a15354c2?s=96&d=mm&r=g","caption":"Patr\u00edcia Prado"},"url":"https:\/\/redenoticiaz.com.br\/ribeiraopreto-regiao\/sp\/author\/patricia-prado"}]}},"_links":{"self":[{"href":"https:\/\/redenoticiaz.com.br\/ribeiraopreto-regiao\/wp-json\/wp\/v2\/posts\/123196","targetHints":{"allow":["GET"]}}],"collection":[{"href":"https:\/\/redenoticiaz.com.br\/ribeiraopreto-regiao\/wp-json\/wp\/v2\/posts"}],"about":[{"href":"https:\/\/redenoticiaz.com.br\/ribeiraopreto-regiao\/wp-json\/wp\/v2\/types\/post"}],"author":[{"embeddable":true,"href":"https:\/\/redenoticiaz.com.br\/ribeiraopreto-regiao\/wp-json\/wp\/v2\/users\/5"}],"replies":[{"embeddable":true,"href":"https:\/\/redenoticiaz.com.br\/ribeiraopreto-regiao\/wp-json\/wp\/v2\/comments?post=123196"}],"version-history":[{"count":0,"href":"https:\/\/redenoticiaz.com.br\/ribeiraopreto-regiao\/wp-json\/wp\/v2\/posts\/123196\/revisions"}],"wp:featuredmedia":[{"embeddable":true,"href":"https:\/\/redenoticiaz.com.br\/ribeiraopreto-regiao\/wp-json\/wp\/v2\/media\/123197"}],"wp:attachment":[{"href":"https:\/\/redenoticiaz.com.br\/ribeiraopreto-regiao\/wp-json\/wp\/v2\/media?parent=123196"}],"wp:term":[{"taxonomy":"category","embeddable":true,"href":"https:\/\/redenoticiaz.com.br\/ribeiraopreto-regiao\/wp-json\/wp\/v2\/categories?post=123196"},{"taxonomy":"post_tag","embeddable":true,"href":"https:\/\/redenoticiaz.com.br\/ribeiraopreto-regiao\/wp-json\/wp\/v2\/tags?post=123196"}],"curies":[{"name":"wp","href":"https:\/\/api.w.org\/{rel}","templated":true}]}}