{"id":123198,"date":"2026-09-03T15:33:03","date_gmt":"2026-09-03T18:33:03","guid":{"rendered":"https:\/\/redenoticiaz.com.br\/ribeiraopreto-regiao\/sp\/2026\/09\/03\/sertaozinho-realiza-feira-do-livro-com-programacao-variada-em-setembro"},"modified":"2026-09-03T15:33:03","modified_gmt":"2026-09-03T18:33:03","slug":"sertaozinho-realiza-feira-do-livro-com-programacao-variada-em-setembro","status":"publish","type":"post","link":"https:\/\/redenoticiaz.com.br\/ribeiraopreto-regiao\/sp\/2026\/09\/03\/sertaozinho-realiza-feira-do-livro-com-programacao-variada-em-setembro","title":{"rendered":"Sert\u00e3ozinho realiza Feira do Livro com programa\u00e7\u00e3o variada em setembro"},"content":{"rendered":"<p>A Feira do Livro de Sert\u00e3ozinho ser\u00e1 realizada na Pra\u00e7a 21 de Abril entre os dias 16 e 19 de setembro, com o tema \u201cSert\u00e3ozinho: Est\u00e2ncia de Encontros e Hist\u00f3rias\u201d. O evento promete uma programa\u00e7\u00e3o diversificada que re\u00fane escritores, artistas, estudantes e a comunidade em uma celebra\u00e7\u00e3o da leitura e da identidade local.<\/p>\n<p>Dentre os homenageados desta edi\u00e7\u00e3o est\u00e3o os autores \u00c1lvaro Modernell, Ana Paula Marini, Arassari Patxon Patax\u00f3 e Br\u00e1ulio Bessa. O destaque do segundo dia da Feira ser\u00e1 o show de Almir Sater, agendado para as 21h do dia 17.<\/p>\n<p>A abertura oficial da Feira acontecer\u00e1 no dia 16, \u00e0s 19h30, com a presen\u00e7a dos homenageados. Na mesma data, \u00e0s 20h30, ser\u00e1 lan\u00e7ado o livro \u201cComo montar o seu neg\u00f3cio sem nenhum tost\u00e3o\u201d, do professor Geferson Luis Girdzyauskas, no Espa\u00e7o Alternativo da Feira, localizado no Centro de Apoio ao Turista (CAT).<\/p>\n<p>No dia 17, al\u00e9m do show de Almir Sater, o evento contar\u00e1 com atividades para os estudantes, incluindo conta\u00e7\u00e3o de hist\u00f3rias e encontros com escritores. Ana Paula Marini participar\u00e1 de um bate-papo no CAT com alunos da Rede Municipal de Ensino. Tamb\u00e9m haver\u00e1 a colabora\u00e7\u00e3o do SESC, que oferecer\u00e1 atividades culturais e educativas.<\/p>\n<p>O dia 18 contar\u00e1 com a apresenta\u00e7\u00e3o de Arassari Patxon Patax\u00f3, \u00e0s 10h, no Coreto da Pra\u00e7a 21 de Abril. Haver\u00e1 tamb\u00e9m uma mostra de zines \u201cHist\u00f3rias de Sert\u00e3ozinho\u201d, incentivando o p\u00fablico a registrar suas mem\u00f3rias sobre a cidade. Est\u00e1 programada uma homenagem \u00e0 artista Celina Magalh\u00e3es (in memoriam) com o espet\u00e1culo \u201cCatavento Cantante \u2013 Cantando a Gente Brinca\u201d.<\/p>\n<p>No \u00faltimo dia, 19, o encerramento do evento incluir\u00e1 apresenta\u00e7\u00f5es de dan\u00e7a, uma oficina de escrita criativa e o lan\u00e7amento do livro \u201cNa gaveta, p\u00f3 de nuvens e piment\u00f5es\u201d, da escritora Keila Rosa. Durante todos os dias, haver\u00e1 um estande da Academia Sertanezina de Letras, onde o p\u00fablico poder\u00e1 conhecer trabalhos de autores locais e participar de a\u00e7\u00f5es de troca e doa\u00e7\u00e3o de livros promovidas pelas Bibliotecas Municipais.<\/p>\n<p>Uma atra\u00e7\u00e3o in\u00e9dita nesta edi\u00e7\u00e3o ser\u00e1 um planet\u00e1rio, que funcionar\u00e1 com visitas gratuitas durante os quatro dias do evento, pr\u00f3ximo \u00e0 entrada principal da Igreja Matriz. As atividades educativas relacionadas \u00e0 astronomia ser\u00e3o priorizadas para os estudantes da Rede Municipal de Ensino durante a manh\u00e3 e \u00e0 noite estar\u00e3o abertas a todos, mediante retirada de senhas.<\/p>\n<p>A programa\u00e7\u00e3o educacional envolver\u00e1 diferentes etapas da Rede Municipal de Ensino, com atividades focadas na hist\u00f3ria e identidade de Sert\u00e3ozinho. Crian\u00e7as da Educa\u00e7\u00e3o Infantil explorar\u00e3o pontos tur\u00edsticos e artes, enquanto estudantes do Ensino Fundamental discutir\u00e3o esporte, cultura e o polo industrial da cidade. Nos Anos Finais, o foco ser\u00e1 a ind\u00fastria e seu impacto no desenvolvimento econ\u00f4mico local.<\/p>\n<p>A secret\u00e1ria de Educa\u00e7\u00e3o, Elaine Silva, destacou que o objetivo \u00e9 valorizar a hist\u00f3ria e as caracter\u00edsticas de Sert\u00e3ozinho de forma din\u00e2mica, aproximando os alunos de sua pr\u00f3pria identidade cultural.<\/p>\n<p>Nos dias 16 a 18, a a\u00e7\u00e3o levar\u00e1 autores e artistas de Sert\u00e3ozinho e Cruz das Posses \u00e0s escolas estaduais para realizar conta\u00e7\u00f5es de hist\u00f3rias e bate-papos com os alunos, em parceria com a Secretaria da Educa\u00e7\u00e3o do Governo do Estado de S\u00e3o Paulo, ampliando o alcance da feira.<\/p>\n<p>Para o p\u00fablico infantil, a Turma da M\u00f4nica estar\u00e1 presente durante toda a Feira, participando de interven\u00e7\u00f5es art\u00edsticas. O SESC tamb\u00e9m oferecer\u00e1 oficinas de arte e livro, enquanto a FATEC e a ETEC divulgar\u00e3o oportunidades educacionais no evento.<\/p>\n<p>A Feira do Livro de Sert\u00e3ozinho \u00e9 uma iniciativa do Governo Municipal, por meio das Secretarias de Cultura e Turismo e de Educa\u00e7\u00e3o, em colabora\u00e7\u00e3o com diversas institui\u00e7\u00f5es, com o prop\u00f3sito de integrar literatura, educa\u00e7\u00e3o, hist\u00f3ria, m\u00fasica e arte em um \u00fanico espa\u00e7o.<\/p>\n","protected":false},"excerpt":{"rendered":"<p>A Feira do Livro de Sert\u00e3ozinho ser\u00e1 realizada na Pra\u00e7a 21 de Abril entre os dias 16 e 19 de setembro, com o tema \u201cSert\u00e3ozinho: Est\u00e2ncia de Encontros e Hist\u00f3rias\u201d. O evento promete uma programa\u00e7\u00e3o diversificada que re\u00fane escritores, artistas, estudantes e a comunidade em uma celebra\u00e7\u00e3o da leitura e da identidade local. Dentre os &hellip;<\/p>\n","protected":false},"author":5,"featured_media":123199,"comment_status":"open","ping_status":"closed","sticky":false,"template":"","format":"standard","meta":{"footnotes":""},"categories":[469,101,820,87,186,31923,330],"tags":[],"class_list":["post-123198","post","type-post","status-publish","format-standard","has-post-thumbnail","hentry","category-cultura","category-economia","category-educacao","category-esporte","category-politica","category-sertaozinho","category-turismo"],"yoast_head":"<!-- This site is optimized with the Yoast SEO plugin v28.4 - https:\/\/yoast.com\/product\/yoast-seo-wordpress\/ -->\n<title>Sert\u00e3ozinho realiza Feira do Livro com programa\u00e7\u00e3o variada em setembro - Ribeir\u00e3o Preto e Regi\u00e3o<\/title>\n<meta name=\"robots\" content=\"index, follow, max-snippet:-1, max-image-preview:large, max-video-preview:-1\" \/>\n<link rel=\"canonical\" href=\"https:\/\/redenoticiaz.com.br\/ribeiraopreto-regiao\/sp\/2026\/09\/03\/sertaozinho-realiza-feira-do-livro-com-programacao-variada-em-setembro\" \/>\n<meta property=\"og:locale\" content=\"pt_BR\" \/>\n<meta property=\"og:type\" content=\"article\" \/>\n<meta property=\"og:title\" content=\"Sert\u00e3ozinho realiza Feira do Livro com programa\u00e7\u00e3o variada em setembro - Ribeir\u00e3o Preto e Regi\u00e3o\" \/>\n<meta property=\"og:description\" content=\"A Feira do Livro de Sert\u00e3ozinho ser\u00e1 realizada na Pra\u00e7a 21 de Abril entre os dias 16 e 19 de setembro, com o tema \u201cSert\u00e3ozinho: Est\u00e2ncia de Encontros e Hist\u00f3rias\u201d. O evento promete uma programa\u00e7\u00e3o diversificada que re\u00fane escritores, artistas, estudantes e a comunidade em uma celebra\u00e7\u00e3o da leitura e da identidade local. Dentre os &hellip;\" \/>\n<meta property=\"og:url\" content=\"https:\/\/redenoticiaz.com.br\/ribeiraopreto-regiao\/sp\/2026\/09\/03\/sertaozinho-realiza-feira-do-livro-com-programacao-variada-em-setembro\" \/>\n<meta property=\"og:site_name\" content=\"Ribeir\u00e3o Preto e Regi\u00e3o\" \/>\n<meta property=\"article:publisher\" content=\"https:\/\/m.facebook.com\/redenoticiaz.barretos\" \/>\n<meta property=\"article:published_time\" content=\"2026-09-03T18:33:03+00:00\" \/>\n<meta property=\"og:image\" content=\"https:\/\/redenoticiaz.com.br\/ribeiraopreto-regiao\/wp-content\/uploads\/sites\/4\/2022\/02\/logo.jpg\" \/>\n\t<meta property=\"og:image:width\" content=\"400\" \/>\n\t<meta property=\"og:image:height\" content=\"250\" \/>\n\t<meta property=\"og:image:type\" content=\"image\/jpeg\" \/>\n<meta name=\"author\" content=\"Patr\u00edcia Prado\" \/>\n<meta name=\"twitter:card\" content=\"summary_large_image\" \/>\n<meta name=\"twitter:creator\" content=\"@RN_barretos\" \/>\n<meta name=\"twitter:site\" content=\"@RN_barretos\" \/>\n<meta name=\"twitter:label1\" content=\"Escrito por\" \/>\n\t<meta name=\"twitter:data1\" content=\"Patr\u00edcia Prado\" \/>\n\t<meta name=\"twitter:label2\" content=\"Est. tempo de leitura\" \/>\n\t<meta name=\"twitter:data2\" content=\"3 minutos\" \/>\n<script type=\"application\/ld+json\" class=\"yoast-schema-graph\">{\"@context\":\"https:\\\/\\\/schema.org\",\"@graph\":[{\"@type\":\"Article\",\"@id\":\"https:\\\/\\\/redenoticiaz.com.br\\\/ribeiraopreto-regiao\\\/sp\\\/2026\\\/09\\\/03\\\/sertaozinho-realiza-feira-do-livro-com-programacao-variada-em-setembro#article\",\"isPartOf\":{\"@id\":\"https:\\\/\\\/redenoticiaz.com.br\\\/ribeiraopreto-regiao\\\/sp\\\/2026\\\/09\\\/03\\\/sertaozinho-realiza-feira-do-livro-com-programacao-variada-em-setembro\"},\"author\":{\"name\":\"Patr\u00edcia Prado\",\"@id\":\"https:\\\/\\\/redenoticiaz.com.br\\\/ribeiraopreto-regiao\\\/#\\\/schema\\\/person\\\/e1b0bd8c2637e2c1b6ddcbc2c33b116f\"},\"headline\":\"Sert\u00e3ozinho realiza Feira do Livro com programa\u00e7\u00e3o variada em setembro\",\"datePublished\":\"2026-09-03T18:33:03+00:00\",\"mainEntityOfPage\":{\"@id\":\"https:\\\/\\\/redenoticiaz.com.br\\\/ribeiraopreto-regiao\\\/sp\\\/2026\\\/09\\\/03\\\/sertaozinho-realiza-feira-do-livro-com-programacao-variada-em-setembro\"},\"wordCount\":673,\"commentCount\":0,\"publisher\":{\"@id\":\"https:\\\/\\\/redenoticiaz.com.br\\\/ribeiraopreto-regiao\\\/#organization\"},\"image\":{\"@id\":\"https:\\\/\\\/redenoticiaz.com.br\\\/ribeiraopreto-regiao\\\/sp\\\/2026\\\/09\\\/03\\\/sertaozinho-realiza-feira-do-livro-com-programacao-variada-em-setembro#primaryimage\"},\"thumbnailUrl\":\"https:\\\/\\\/redenoticiaz.com.br\\\/ribeiraopreto-regiao\\\/wp-content\\\/uploads\\\/sites\\\/4\\\/2026\\\/09\\\/81e6549098ab4c56013fc00b757f3d31.jpg\",\"articleSection\":[\"Cultura\",\"Economia\",\"Educa\u00e7\u00e3o\",\"Esporte\",\"Pol\u00edtica\",\"Sert\u00e3ozinho\",\"Turismo\"],\"inLanguage\":\"pt-BR\",\"potentialAction\":[{\"@type\":\"CommentAction\",\"name\":\"Comment\",\"target\":[\"https:\\\/\\\/redenoticiaz.com.br\\\/ribeiraopreto-regiao\\\/sp\\\/2026\\\/09\\\/03\\\/sertaozinho-realiza-feira-do-livro-com-programacao-variada-em-setembro#respond\"]}]},{\"@type\":\"WebPage\",\"@id\":\"https:\\\/\\\/redenoticiaz.com.br\\\/ribeiraopreto-regiao\\\/sp\\\/2026\\\/09\\\/03\\\/sertaozinho-realiza-feira-do-livro-com-programacao-variada-em-setembro\",\"url\":\"https:\\\/\\\/redenoticiaz.com.br\\\/ribeiraopreto-regiao\\\/sp\\\/2026\\\/09\\\/03\\\/sertaozinho-realiza-feira-do-livro-com-programacao-variada-em-setembro\",\"name\":\"Sert\u00e3ozinho realiza Feira do Livro com programa\u00e7\u00e3o variada em setembro - Ribeir\u00e3o Preto e Regi\u00e3o\",\"isPartOf\":{\"@id\":\"https:\\\/\\\/redenoticiaz.com.br\\\/ribeiraopreto-regiao\\\/#website\"},\"primaryImageOfPage\":{\"@id\":\"https:\\\/\\\/redenoticiaz.com.br\\\/ribeiraopreto-regiao\\\/sp\\\/2026\\\/09\\\/03\\\/sertaozinho-realiza-feira-do-livro-com-programacao-variada-em-setembro#primaryimage\"},\"image\":{\"@id\":\"https:\\\/\\\/redenoticiaz.com.br\\\/ribeiraopreto-regiao\\\/sp\\\/2026\\\/09\\\/03\\\/sertaozinho-realiza-feira-do-livro-com-programacao-variada-em-setembro#primaryimage\"},\"thumbnailUrl\":\"https:\\\/\\\/redenoticiaz.com.br\\\/ribeiraopreto-regiao\\\/wp-content\\\/uploads\\\/sites\\\/4\\\/2026\\\/09\\\/81e6549098ab4c56013fc00b757f3d31.jpg\",\"datePublished\":\"2026-09-03T18:33:03+00:00\",\"inLanguage\":\"pt-BR\",\"potentialAction\":[{\"@type\":\"ReadAction\",\"target\":[\"https:\\\/\\\/redenoticiaz.com.br\\\/ribeiraopreto-regiao\\\/sp\\\/2026\\\/09\\\/03\\\/sertaozinho-realiza-feira-do-livro-com-programacao-variada-em-setembro\"]}]},{\"@type\":\"ImageObject\",\"inLanguage\":\"pt-BR\",\"@id\":\"https:\\\/\\\/redenoticiaz.com.br\\\/ribeiraopreto-regiao\\\/sp\\\/2026\\\/09\\\/03\\\/sertaozinho-realiza-feira-do-livro-com-programacao-variada-em-setembro#primaryimage\",\"url\":\"https:\\\/\\\/redenoticiaz.com.br\\\/ribeiraopreto-regiao\\\/wp-content\\\/uploads\\\/sites\\\/4\\\/2026\\\/09\\\/81e6549098ab4c56013fc00b757f3d31.jpg\",\"contentUrl\":\"https:\\\/\\\/redenoticiaz.com.br\\\/ribeiraopreto-regiao\\\/wp-content\\\/uploads\\\/sites\\\/4\\\/2026\\\/09\\\/81e6549098ab4c56013fc00b757f3d31.jpg\",\"width\":800,\"height\":533},{\"@type\":\"WebSite\",\"@id\":\"https:\\\/\\\/redenoticiaz.com.br\\\/ribeiraopreto-regiao\\\/#website\",\"url\":\"https:\\\/\\\/redenoticiaz.com.br\\\/ribeiraopreto-regiao\\\/\",\"name\":\"Ribeir\u00e3o Preto e Regi\u00e3o\",\"description\":\"Rede NoticiaZ - Ribeir\u00e3o Preto e regi\u00e3o\",\"publisher\":{\"@id\":\"https:\\\/\\\/redenoticiaz.com.br\\\/ribeiraopreto-regiao\\\/#organization\"},\"potentialAction\":[{\"@type\":\"SearchAction\",\"target\":{\"@type\":\"EntryPoint\",\"urlTemplate\":\"https:\\\/\\\/redenoticiaz.com.br\\\/ribeiraopreto-regiao\\\/?s={search_term_string}\"},\"query-input\":{\"@type\":\"PropertyValueSpecification\",\"valueRequired\":true,\"valueName\":\"search_term_string\"}}],\"inLanguage\":\"pt-BR\"},{\"@type\":\"Organization\",\"@id\":\"https:\\\/\\\/redenoticiaz.com.br\\\/ribeiraopreto-regiao\\\/#organization\",\"name\":\"Ribeir\u00e3o Preto e Regi\u00e3o\",\"url\":\"https:\\\/\\\/redenoticiaz.com.br\\\/ribeiraopreto-regiao\\\/\",\"logo\":{\"@type\":\"ImageObject\",\"inLanguage\":\"pt-BR\",\"@id\":\"https:\\\/\\\/redenoticiaz.com.br\\\/ribeiraopreto-regiao\\\/#\\\/schema\\\/logo\\\/image\\\/\",\"url\":\"https:\\\/\\\/redenoticiaz.com.br\\\/barretos-regiao\\\/wp-content\\\/uploads\\\/sites\\\/4\\\/2022\\\/02\\\/logo.jpg\",\"contentUrl\":\"https:\\\/\\\/redenoticiaz.com.br\\\/barretos-regiao\\\/wp-content\\\/uploads\\\/sites\\\/4\\\/2022\\\/02\\\/logo.jpg\",\"width\":400,\"height\":250,\"caption\":\"Ribeir\u00e3o Preto e Regi\u00e3o\"},\"image\":{\"@id\":\"https:\\\/\\\/redenoticiaz.com.br\\\/ribeiraopreto-regiao\\\/#\\\/schema\\\/logo\\\/image\\\/\"},\"sameAs\":[\"https:\\\/\\\/m.facebook.com\\\/redenoticiaz.barretos\",\"https:\\\/\\\/x.com\\\/RN_barretos\",\"https:\\\/\\\/www.instagram.com\\\/redenoticiaz.barretos\\\/?igshid=YmMyMTA2M2Y\",\"https:\\\/\\\/www.linkedin.com\\\/company\\\/rede-noticiaz-barretos-e-regio\\\/\"]},{\"@type\":\"Person\",\"@id\":\"https:\\\/\\\/redenoticiaz.com.br\\\/ribeiraopreto-regiao\\\/#\\\/schema\\\/person\\\/e1b0bd8c2637e2c1b6ddcbc2c33b116f\",\"name\":\"Patr\u00edcia Prado\",\"image\":{\"@type\":\"ImageObject\",\"inLanguage\":\"pt-BR\",\"@id\":\"https:\\\/\\\/secure.gravatar.com\\\/avatar\\\/92e358bef22cfcec15e054ae4d9fee04dadf0c772dc4a17b382b8a34a15354c2?s=96&d=mm&r=g\",\"url\":\"https:\\\/\\\/secure.gravatar.com\\\/avatar\\\/92e358bef22cfcec15e054ae4d9fee04dadf0c772dc4a17b382b8a34a15354c2?s=96&d=mm&r=g\",\"contentUrl\":\"https:\\\/\\\/secure.gravatar.com\\\/avatar\\\/92e358bef22cfcec15e054ae4d9fee04dadf0c772dc4a17b382b8a34a15354c2?s=96&d=mm&r=g\",\"caption\":\"Patr\u00edcia Prado\"},\"url\":\"https:\\\/\\\/redenoticiaz.com.br\\\/ribeiraopreto-regiao\\\/sp\\\/author\\\/patricia-prado\"}]}<\/script>\n<!-- \/ Yoast SEO plugin. -->","yoast_head_json":{"title":"Sert\u00e3ozinho realiza Feira do Livro com programa\u00e7\u00e3o variada em setembro - Ribeir\u00e3o Preto e Regi\u00e3o","robots":{"index":"index","follow":"follow","max-snippet":"max-snippet:-1","max-image-preview":"max-image-preview:large","max-video-preview":"max-video-preview:-1"},"canonical":"https:\/\/redenoticiaz.com.br\/ribeiraopreto-regiao\/sp\/2026\/09\/03\/sertaozinho-realiza-feira-do-livro-com-programacao-variada-em-setembro","og_locale":"pt_BR","og_type":"article","og_title":"Sert\u00e3ozinho realiza Feira do Livro com programa\u00e7\u00e3o variada em setembro - Ribeir\u00e3o Preto e Regi\u00e3o","og_description":"A Feira do Livro de Sert\u00e3ozinho ser\u00e1 realizada na Pra\u00e7a 21 de Abril entre os dias 16 e 19 de setembro, com o tema \u201cSert\u00e3ozinho: Est\u00e2ncia de Encontros e Hist\u00f3rias\u201d. O evento promete uma programa\u00e7\u00e3o diversificada que re\u00fane escritores, artistas, estudantes e a comunidade em uma celebra\u00e7\u00e3o da leitura e da identidade local. Dentre os &hellip;","og_url":"https:\/\/redenoticiaz.com.br\/ribeiraopreto-regiao\/sp\/2026\/09\/03\/sertaozinho-realiza-feira-do-livro-com-programacao-variada-em-setembro","og_site_name":"Ribeir\u00e3o Preto e Regi\u00e3o","article_publisher":"https:\/\/m.facebook.com\/redenoticiaz.barretos","article_published_time":"2026-09-03T18:33:03+00:00","og_image":[{"width":400,"height":250,"url":"https:\/\/redenoticiaz.com.br\/ribeiraopreto-regiao\/wp-content\/uploads\/sites\/4\/2022\/02\/logo.jpg","type":"image\/jpeg"}],"author":"Patr\u00edcia Prado","twitter_card":"summary_large_image","twitter_creator":"@RN_barretos","twitter_site":"@RN_barretos","twitter_misc":{"Escrito por":"Patr\u00edcia Prado","Est. tempo de leitura":"3 minutos"},"schema":{"@context":"https:\/\/schema.org","@graph":[{"@type":"Article","@id":"https:\/\/redenoticiaz.com.br\/ribeiraopreto-regiao\/sp\/2026\/09\/03\/sertaozinho-realiza-feira-do-livro-com-programacao-variada-em-setembro#article","isPartOf":{"@id":"https:\/\/redenoticiaz.com.br\/ribeiraopreto-regiao\/sp\/2026\/09\/03\/sertaozinho-realiza-feira-do-livro-com-programacao-variada-em-setembro"},"author":{"name":"Patr\u00edcia Prado","@id":"https:\/\/redenoticiaz.com.br\/ribeiraopreto-regiao\/#\/schema\/person\/e1b0bd8c2637e2c1b6ddcbc2c33b116f"},"headline":"Sert\u00e3ozinho realiza Feira do Livro com programa\u00e7\u00e3o variada em setembro","datePublished":"2026-09-03T18:33:03+00:00","mainEntityOfPage":{"@id":"https:\/\/redenoticiaz.com.br\/ribeiraopreto-regiao\/sp\/2026\/09\/03\/sertaozinho-realiza-feira-do-livro-com-programacao-variada-em-setembro"},"wordCount":673,"commentCount":0,"publisher":{"@id":"https:\/\/redenoticiaz.com.br\/ribeiraopreto-regiao\/#organization"},"image":{"@id":"https:\/\/redenoticiaz.com.br\/ribeiraopreto-regiao\/sp\/2026\/09\/03\/sertaozinho-realiza-feira-do-livro-com-programacao-variada-em-setembro#primaryimage"},"thumbnailUrl":"https:\/\/redenoticiaz.com.br\/ribeiraopreto-regiao\/wp-content\/uploads\/sites\/4\/2026\/09\/81e6549098ab4c56013fc00b757f3d31.jpg","articleSection":["Cultura","Economia","Educa\u00e7\u00e3o","Esporte","Pol\u00edtica","Sert\u00e3ozinho","Turismo"],"inLanguage":"pt-BR","potentialAction":[{"@type":"CommentAction","name":"Comment","target":["https:\/\/redenoticiaz.com.br\/ribeiraopreto-regiao\/sp\/2026\/09\/03\/sertaozinho-realiza-feira-do-livro-com-programacao-variada-em-setembro#respond"]}]},{"@type":"WebPage","@id":"https:\/\/redenoticiaz.com.br\/ribeiraopreto-regiao\/sp\/2026\/09\/03\/sertaozinho-realiza-feira-do-livro-com-programacao-variada-em-setembro","url":"https:\/\/redenoticiaz.com.br\/ribeiraopreto-regiao\/sp\/2026\/09\/03\/sertaozinho-realiza-feira-do-livro-com-programacao-variada-em-setembro","name":"Sert\u00e3ozinho realiza Feira do Livro com programa\u00e7\u00e3o variada em setembro - Ribeir\u00e3o Preto e Regi\u00e3o","isPartOf":{"@id":"https:\/\/redenoticiaz.com.br\/ribeiraopreto-regiao\/#website"},"primaryImageOfPage":{"@id":"https:\/\/redenoticiaz.com.br\/ribeiraopreto-regiao\/sp\/2026\/09\/03\/sertaozinho-realiza-feira-do-livro-com-programacao-variada-em-setembro#primaryimage"},"image":{"@id":"https:\/\/redenoticiaz.com.br\/ribeiraopreto-regiao\/sp\/2026\/09\/03\/sertaozinho-realiza-feira-do-livro-com-programacao-variada-em-setembro#primaryimage"},"thumbnailUrl":"https:\/\/redenoticiaz.com.br\/ribeiraopreto-regiao\/wp-content\/uploads\/sites\/4\/2026\/09\/81e6549098ab4c56013fc00b757f3d31.jpg","datePublished":"2026-09-03T18:33:03+00:00","inLanguage":"pt-BR","potentialAction":[{"@type":"ReadAction","target":["https:\/\/redenoticiaz.com.br\/ribeiraopreto-regiao\/sp\/2026\/09\/03\/sertaozinho-realiza-feira-do-livro-com-programacao-variada-em-setembro"]}]},{"@type":"ImageObject","inLanguage":"pt-BR","@id":"https:\/\/redenoticiaz.com.br\/ribeiraopreto-regiao\/sp\/2026\/09\/03\/sertaozinho-realiza-feira-do-livro-com-programacao-variada-em-setembro#primaryimage","url":"https:\/\/redenoticiaz.com.br\/ribeiraopreto-regiao\/wp-content\/uploads\/sites\/4\/2026\/09\/81e6549098ab4c56013fc00b757f3d31.jpg","contentUrl":"https:\/\/redenoticiaz.com.br\/ribeiraopreto-regiao\/wp-content\/uploads\/sites\/4\/2026\/09\/81e6549098ab4c56013fc00b757f3d31.jpg","width":800,"height":533},{"@type":"WebSite","@id":"https:\/\/redenoticiaz.com.br\/ribeiraopreto-regiao\/#website","url":"https:\/\/redenoticiaz.com.br\/ribeiraopreto-regiao\/","name":"Ribeir\u00e3o Preto e Regi\u00e3o","description":"Rede NoticiaZ - Ribeir\u00e3o Preto e regi\u00e3o","publisher":{"@id":"https:\/\/redenoticiaz.com.br\/ribeiraopreto-regiao\/#organization"},"potentialAction":[{"@type":"SearchAction","target":{"@type":"EntryPoint","urlTemplate":"https:\/\/redenoticiaz.com.br\/ribeiraopreto-regiao\/?s={search_term_string}"},"query-input":{"@type":"PropertyValueSpecification","valueRequired":true,"valueName":"search_term_string"}}],"inLanguage":"pt-BR"},{"@type":"Organization","@id":"https:\/\/redenoticiaz.com.br\/ribeiraopreto-regiao\/#organization","name":"Ribeir\u00e3o Preto e Regi\u00e3o","url":"https:\/\/redenoticiaz.com.br\/ribeiraopreto-regiao\/","logo":{"@type":"ImageObject","inLanguage":"pt-BR","@id":"https:\/\/redenoticiaz.com.br\/ribeiraopreto-regiao\/#\/schema\/logo\/image\/","url":"https:\/\/redenoticiaz.com.br\/barretos-regiao\/wp-content\/uploads\/sites\/4\/2022\/02\/logo.jpg","contentUrl":"https:\/\/redenoticiaz.com.br\/barretos-regiao\/wp-content\/uploads\/sites\/4\/2022\/02\/logo.jpg","width":400,"height":250,"caption":"Ribeir\u00e3o Preto e Regi\u00e3o"},"image":{"@id":"https:\/\/redenoticiaz.com.br\/ribeiraopreto-regiao\/#\/schema\/logo\/image\/"},"sameAs":["https:\/\/m.facebook.com\/redenoticiaz.barretos","https:\/\/x.com\/RN_barretos","https:\/\/www.instagram.com\/redenoticiaz.barretos\/?igshid=YmMyMTA2M2Y","https:\/\/www.linkedin.com\/company\/rede-noticiaz-barretos-e-regio\/"]},{"@type":"Person","@id":"https:\/\/redenoticiaz.com.br\/ribeiraopreto-regiao\/#\/schema\/person\/e1b0bd8c2637e2c1b6ddcbc2c33b116f","name":"Patr\u00edcia Prado","image":{"@type":"ImageObject","inLanguage":"pt-BR","@id":"https:\/\/secure.gravatar.com\/avatar\/92e358bef22cfcec15e054ae4d9fee04dadf0c772dc4a17b382b8a34a15354c2?s=96&d=mm&r=g","url":"https:\/\/secure.gravatar.com\/avatar\/92e358bef22cfcec15e054ae4d9fee04dadf0c772dc4a17b382b8a34a15354c2?s=96&d=mm&r=g","contentUrl":"https:\/\/secure.gravatar.com\/avatar\/92e358bef22cfcec15e054ae4d9fee04dadf0c772dc4a17b382b8a34a15354c2?s=96&d=mm&r=g","caption":"Patr\u00edcia Prado"},"url":"https:\/\/redenoticiaz.com.br\/ribeiraopreto-regiao\/sp\/author\/patricia-prado"}]}},"_links":{"self":[{"href":"https:\/\/redenoticiaz.com.br\/ribeiraopreto-regiao\/wp-json\/wp\/v2\/posts\/123198","targetHints":{"allow":["GET"]}}],"collection":[{"href":"https:\/\/redenoticiaz.com.br\/ribeiraopreto-regiao\/wp-json\/wp\/v2\/posts"}],"about":[{"href":"https:\/\/redenoticiaz.com.br\/ribeiraopreto-regiao\/wp-json\/wp\/v2\/types\/post"}],"author":[{"embeddable":true,"href":"https:\/\/redenoticiaz.com.br\/ribeiraopreto-regiao\/wp-json\/wp\/v2\/users\/5"}],"replies":[{"embeddable":true,"href":"https:\/\/redenoticiaz.com.br\/ribeiraopreto-regiao\/wp-json\/wp\/v2\/comments?post=123198"}],"version-history":[{"count":0,"href":"https:\/\/redenoticiaz.com.br\/ribeiraopreto-regiao\/wp-json\/wp\/v2\/posts\/123198\/revisions"}],"wp:featuredmedia":[{"embeddable":true,"href":"https:\/\/redenoticiaz.com.br\/ribeiraopreto-regiao\/wp-json\/wp\/v2\/media\/123199"}],"wp:attachment":[{"href":"https:\/\/redenoticiaz.com.br\/ribeiraopreto-regiao\/wp-json\/wp\/v2\/media?parent=123198"}],"wp:term":[{"taxonomy":"category","embeddable":true,"href":"https:\/\/redenoticiaz.com.br\/ribeiraopreto-regiao\/wp-json\/wp\/v2\/categories?post=123198"},{"taxonomy":"post_tag","embeddable":true,"href":"https:\/\/redenoticiaz.com.br\/ribeiraopreto-regiao\/wp-json\/wp\/v2\/tags?post=123198"}],"curies":[{"name":"wp","href":"https:\/\/api.w.org\/{rel}","templated":true}]}}