{"id":123202,"date":"2026-09-03T16:06:09","date_gmt":"2026-09-03T19:06:09","guid":{"rendered":"https:\/\/redenoticiaz.com.br\/ribeiraopreto-regiao\/sp\/2026\/09\/03\/lavagem-de-madeleine-celebra-cultura-afro-brasileira-em-paris-com-60-mil-participantes"},"modified":"2026-09-03T16:06:09","modified_gmt":"2026-09-03T19:06:09","slug":"lavagem-de-madeleine-celebra-cultura-afro-brasileira-em-paris-com-60-mil-participantes","status":"publish","type":"post","link":"https:\/\/redenoticiaz.com.br\/ribeiraopreto-regiao\/sp\/2026\/09\/03\/lavagem-de-madeleine-celebra-cultura-afro-brasileira-em-paris-com-60-mil-participantes","title":{"rendered":"Lavagem de Madeleine celebra cultura afro-brasileira em Paris com 60 mil participantes"},"content":{"rendered":"<p>Cerca de 60 mil pessoas participar\u00e3o da 25\u00aa edi\u00e7\u00e3o da Lavagem de Madeleine, um dos maiores eventos da cultura afro-brasileira na Europa, que ocorrer\u00e1 de 10 a 13 de setembro em Paris. O encontro reunir\u00e1 brasileiros, franceses e turistas de diversos pa\u00edses na capital francesa.<\/p>\n<p>A expectativa \u00e9 do criador do evento, Roberto Chaves, conhecido como Robertinho. Nascido em Santo Amaro da Purifica\u00e7\u00e3o, na Bahia, e residente na Fran\u00e7a desde 1990, ele tem promovido a cultura brasileira e afro-brasileira no pa\u00eds europeu.<\/p>\n<p>A Lavagem de Madeleine \u00e9 considerada um Patrim\u00f4nio Imaterial da Fran\u00e7a e integra o calend\u00e1rio oficial da cidade, recebendo apoio da prefeitura parisiense e da Secretaria de Turismo da Bahia, al\u00e9m do patroc\u00ednio da Embratur, a Ag\u00eancia Brasileira de Promo\u00e7\u00e3o Internacional do Turismo.<\/p>\n<p>O evento tamb\u00e9m faz parte da Rota dos Escravizados da Unesco, que busca preservar a mem\u00f3ria da hist\u00f3ria da escravid\u00e3o em um roteiro cultural internacional.<\/p>\n<p>Robertinho explicou que a inspira\u00e7\u00e3o para a lavagem das escadarias de uma igreja em Paris surgiu em 1998, durante a Copa do Mundo de Futebol. O objetivo era trazer um pedacinho do Brasil para mais perto de si e celebrar a cultura baiana. \u201cEstava querendo matar o meu \u2018banzo\u2019\u201d, destacou o artista.<\/p>\n<p>A ideia ganhou for\u00e7a quando Robertinho conversou com o padre da Igreja de la Madeleine, que j\u00e1 havia visitado a Bahia e valorizava suas tradi\u00e7\u00f5es. Desde ent\u00e3o, a Lavagem de Madeleine cresceu a cada ano, atraindo cada vez mais participantes. No ano passado, o evento reuniu 60 mil seguidores e, em 2025, o cortejo foi liderado pelo grupo Olodum.<\/p>\n<p>Robertinho enfatiza a import\u00e2ncia da Lavagem de Madeleine para a cultura brasileira. \u201cO evento mostra que o Brasil tem culin\u00e1ria, dan\u00e7a, capoeira, al\u00e9m de v\u00e1rias representa\u00e7\u00f5es dos estados brasileiros. \u00c9 um festival da cultura brasileira\u201d, afirmou.<\/p>\n<p>Para comemorar os 25 anos da Lavagem, a exposi\u00e7\u00e3o fotogr\u00e1fica &#8220;Tr\u00eas Olhares&#8221; ser\u00e1 inaugurada no dia 10 de setembro na Embaixada do Brasil na Fran\u00e7a. Nos dias 11 e 12, haver\u00e1 workshops de dan\u00e7a afro-brasileira.<\/p>\n<p>O ponto alto do evento ser\u00e1 o cortejo, que ocorrer\u00e1 no dia 13 de setembro. Mais de 700 artistas percorrer\u00e3o as ruas de Paris, apresentando a diversidade da cultura afro-brasileira. Este ano, o trio el\u00e9trico ser\u00e1 comandado pela cantora Mariene de Castro e por Robertinho, com participa\u00e7\u00f5es de artistas como Jau, Gildaa e Lorena Pires.<\/p>\n<p>O cortejo contar\u00e1 com 15 grupos folcl\u00f3ricos, incluindo percuss\u00e3o, samba, maracatu, capoeira e uma ala de baianas. A concentra\u00e7\u00e3o ser\u00e1 na Place de la R\u00e9publique, de onde os participantes seguir\u00e3o at\u00e9 a Igreja de La Madeleine para a tradicional lavagem simb\u00f3lica das escadarias, refletindo o di\u00e1logo entre diferentes tradi\u00e7\u00f5es religiosas e culturais.<\/p>\n<p>Para refor\u00e7ar o sincretismo presente na Lavagem, a cantora l\u00edrica Lorena Pires, residente da Academia da \u00d3pera Nacional de Paris, interpretar\u00e1 a m\u00fasica &#8220;Ave-Maria&#8221;, marcando ainda mais a fus\u00e3o cultural do evento.<\/p>\n","protected":false},"excerpt":{"rendered":"<p>Cerca de 60 mil pessoas participar\u00e3o da 25\u00aa edi\u00e7\u00e3o da Lavagem de Madeleine, um dos maiores eventos da cultura afro-brasileira na Europa, que ocorrer\u00e1 de 10 a 13 de setembro em Paris. O encontro reunir\u00e1 brasileiros, franceses e turistas de diversos pa\u00edses na capital francesa. A expectativa \u00e9 do criador do evento, Roberto Chaves, conhecido &hellip;<\/p>\n","protected":false},"author":5,"featured_media":123203,"comment_status":"open","ping_status":"closed","sticky":false,"template":"","format":"standard","meta":{"footnotes":""},"categories":[469,815,87,175,68,330],"tags":[],"class_list":["post-123202","post","type-post","status-publish","format-standard","has-post-thumbnail","hentry","category-cultura","category-cultura-e-musica","category-esporte","category-gastronomia","category-mundo","category-turismo"],"yoast_head":"<!-- This site is optimized with the Yoast SEO plugin v28.4 - https:\/\/yoast.com\/product\/yoast-seo-wordpress\/ -->\n<title>Lavagem de Madeleine celebra cultura afro-brasileira em Paris com 60 mil participantes - Ribeir\u00e3o Preto e Regi\u00e3o<\/title>\n<meta name=\"robots\" content=\"index, follow, max-snippet:-1, max-image-preview:large, max-video-preview:-1\" \/>\n<link rel=\"canonical\" href=\"https:\/\/redenoticiaz.com.br\/ribeiraopreto-regiao\/sp\/2026\/09\/03\/lavagem-de-madeleine-celebra-cultura-afro-brasileira-em-paris-com-60-mil-participantes\" \/>\n<meta property=\"og:locale\" content=\"pt_BR\" \/>\n<meta property=\"og:type\" content=\"article\" \/>\n<meta property=\"og:title\" content=\"Lavagem de Madeleine celebra cultura afro-brasileira em Paris com 60 mil participantes - Ribeir\u00e3o Preto e Regi\u00e3o\" \/>\n<meta property=\"og:description\" content=\"Cerca de 60 mil pessoas participar\u00e3o da 25\u00aa edi\u00e7\u00e3o da Lavagem de Madeleine, um dos maiores eventos da cultura afro-brasileira na Europa, que ocorrer\u00e1 de 10 a 13 de setembro em Paris. O encontro reunir\u00e1 brasileiros, franceses e turistas de diversos pa\u00edses na capital francesa. A expectativa \u00e9 do criador do evento, Roberto Chaves, conhecido &hellip;\" \/>\n<meta property=\"og:url\" content=\"https:\/\/redenoticiaz.com.br\/ribeiraopreto-regiao\/sp\/2026\/09\/03\/lavagem-de-madeleine-celebra-cultura-afro-brasileira-em-paris-com-60-mil-participantes\" \/>\n<meta property=\"og:site_name\" content=\"Ribeir\u00e3o Preto e Regi\u00e3o\" \/>\n<meta property=\"article:publisher\" content=\"https:\/\/m.facebook.com\/redenoticiaz.barretos\" \/>\n<meta property=\"article:published_time\" content=\"2026-09-03T19:06:09+00:00\" \/>\n<meta property=\"og:image\" content=\"https:\/\/redenoticiaz.com.br\/ribeiraopreto-regiao\/wp-content\/uploads\/sites\/4\/2022\/02\/logo.jpg\" \/>\n\t<meta property=\"og:image:width\" content=\"400\" \/>\n\t<meta property=\"og:image:height\" content=\"250\" \/>\n\t<meta property=\"og:image:type\" content=\"image\/jpeg\" \/>\n<meta name=\"author\" content=\"Patr\u00edcia Prado\" \/>\n<meta name=\"twitter:card\" content=\"summary_large_image\" \/>\n<meta name=\"twitter:creator\" content=\"@RN_barretos\" \/>\n<meta name=\"twitter:site\" content=\"@RN_barretos\" \/>\n<meta name=\"twitter:label1\" content=\"Escrito por\" \/>\n\t<meta name=\"twitter:data1\" content=\"Patr\u00edcia Prado\" \/>\n\t<meta name=\"twitter:label2\" content=\"Est. tempo de leitura\" \/>\n\t<meta name=\"twitter:data2\" content=\"3 minutos\" \/>\n<script type=\"application\/ld+json\" class=\"yoast-schema-graph\">{\"@context\":\"https:\\\/\\\/schema.org\",\"@graph\":[{\"@type\":\"Article\",\"@id\":\"https:\\\/\\\/redenoticiaz.com.br\\\/ribeiraopreto-regiao\\\/sp\\\/2026\\\/09\\\/03\\\/lavagem-de-madeleine-celebra-cultura-afro-brasileira-em-paris-com-60-mil-participantes#article\",\"isPartOf\":{\"@id\":\"https:\\\/\\\/redenoticiaz.com.br\\\/ribeiraopreto-regiao\\\/sp\\\/2026\\\/09\\\/03\\\/lavagem-de-madeleine-celebra-cultura-afro-brasileira-em-paris-com-60-mil-participantes\"},\"author\":{\"name\":\"Patr\u00edcia Prado\",\"@id\":\"https:\\\/\\\/redenoticiaz.com.br\\\/ribeiraopreto-regiao\\\/#\\\/schema\\\/person\\\/e1b0bd8c2637e2c1b6ddcbc2c33b116f\"},\"headline\":\"Lavagem de Madeleine celebra cultura afro-brasileira em Paris com 60 mil participantes\",\"datePublished\":\"2026-09-03T19:06:09+00:00\",\"mainEntityOfPage\":{\"@id\":\"https:\\\/\\\/redenoticiaz.com.br\\\/ribeiraopreto-regiao\\\/sp\\\/2026\\\/09\\\/03\\\/lavagem-de-madeleine-celebra-cultura-afro-brasileira-em-paris-com-60-mil-participantes\"},\"wordCount\":511,\"commentCount\":0,\"publisher\":{\"@id\":\"https:\\\/\\\/redenoticiaz.com.br\\\/ribeiraopreto-regiao\\\/#organization\"},\"image\":{\"@id\":\"https:\\\/\\\/redenoticiaz.com.br\\\/ribeiraopreto-regiao\\\/sp\\\/2026\\\/09\\\/03\\\/lavagem-de-madeleine-celebra-cultura-afro-brasileira-em-paris-com-60-mil-participantes#primaryimage\"},\"thumbnailUrl\":\"https:\\\/\\\/redenoticiaz.com.br\\\/ribeiraopreto-regiao\\\/wp-content\\\/uploads\\\/sites\\\/4\\\/2026\\\/09\\\/065b69f5-195d-4bca-9c77-af3d3b5ef9a7.jpg\",\"articleSection\":[\"Cultura\",\"Cultura e M\u00fasica\",\"Esporte\",\"Gastronomia\",\"Mundo\",\"Turismo\"],\"inLanguage\":\"pt-BR\",\"potentialAction\":[{\"@type\":\"CommentAction\",\"name\":\"Comment\",\"target\":[\"https:\\\/\\\/redenoticiaz.com.br\\\/ribeiraopreto-regiao\\\/sp\\\/2026\\\/09\\\/03\\\/lavagem-de-madeleine-celebra-cultura-afro-brasileira-em-paris-com-60-mil-participantes#respond\"]}]},{\"@type\":\"WebPage\",\"@id\":\"https:\\\/\\\/redenoticiaz.com.br\\\/ribeiraopreto-regiao\\\/sp\\\/2026\\\/09\\\/03\\\/lavagem-de-madeleine-celebra-cultura-afro-brasileira-em-paris-com-60-mil-participantes\",\"url\":\"https:\\\/\\\/redenoticiaz.com.br\\\/ribeiraopreto-regiao\\\/sp\\\/2026\\\/09\\\/03\\\/lavagem-de-madeleine-celebra-cultura-afro-brasileira-em-paris-com-60-mil-participantes\",\"name\":\"Lavagem de Madeleine celebra cultura afro-brasileira em Paris com 60 mil participantes - Ribeir\u00e3o Preto e Regi\u00e3o\",\"isPartOf\":{\"@id\":\"https:\\\/\\\/redenoticiaz.com.br\\\/ribeiraopreto-regiao\\\/#website\"},\"primaryImageOfPage\":{\"@id\":\"https:\\\/\\\/redenoticiaz.com.br\\\/ribeiraopreto-regiao\\\/sp\\\/2026\\\/09\\\/03\\\/lavagem-de-madeleine-celebra-cultura-afro-brasileira-em-paris-com-60-mil-participantes#primaryimage\"},\"image\":{\"@id\":\"https:\\\/\\\/redenoticiaz.com.br\\\/ribeiraopreto-regiao\\\/sp\\\/2026\\\/09\\\/03\\\/lavagem-de-madeleine-celebra-cultura-afro-brasileira-em-paris-com-60-mil-participantes#primaryimage\"},\"thumbnailUrl\":\"https:\\\/\\\/redenoticiaz.com.br\\\/ribeiraopreto-regiao\\\/wp-content\\\/uploads\\\/sites\\\/4\\\/2026\\\/09\\\/065b69f5-195d-4bca-9c77-af3d3b5ef9a7.jpg\",\"datePublished\":\"2026-09-03T19:06:09+00:00\",\"inLanguage\":\"pt-BR\",\"potentialAction\":[{\"@type\":\"ReadAction\",\"target\":[\"https:\\\/\\\/redenoticiaz.com.br\\\/ribeiraopreto-regiao\\\/sp\\\/2026\\\/09\\\/03\\\/lavagem-de-madeleine-celebra-cultura-afro-brasileira-em-paris-com-60-mil-participantes\"]}]},{\"@type\":\"ImageObject\",\"inLanguage\":\"pt-BR\",\"@id\":\"https:\\\/\\\/redenoticiaz.com.br\\\/ribeiraopreto-regiao\\\/sp\\\/2026\\\/09\\\/03\\\/lavagem-de-madeleine-celebra-cultura-afro-brasileira-em-paris-com-60-mil-participantes#primaryimage\",\"url\":\"https:\\\/\\\/redenoticiaz.com.br\\\/ribeiraopreto-regiao\\\/wp-content\\\/uploads\\\/sites\\\/4\\\/2026\\\/09\\\/065b69f5-195d-4bca-9c77-af3d3b5ef9a7.jpg\",\"contentUrl\":\"https:\\\/\\\/redenoticiaz.com.br\\\/ribeiraopreto-regiao\\\/wp-content\\\/uploads\\\/sites\\\/4\\\/2026\\\/09\\\/065b69f5-195d-4bca-9c77-af3d3b5ef9a7.jpg\",\"width\":1600,\"height\":800},{\"@type\":\"WebSite\",\"@id\":\"https:\\\/\\\/redenoticiaz.com.br\\\/ribeiraopreto-regiao\\\/#website\",\"url\":\"https:\\\/\\\/redenoticiaz.com.br\\\/ribeiraopreto-regiao\\\/\",\"name\":\"Ribeir\u00e3o Preto e Regi\u00e3o\",\"description\":\"Rede NoticiaZ - Ribeir\u00e3o Preto e regi\u00e3o\",\"publisher\":{\"@id\":\"https:\\\/\\\/redenoticiaz.com.br\\\/ribeiraopreto-regiao\\\/#organization\"},\"potentialAction\":[{\"@type\":\"SearchAction\",\"target\":{\"@type\":\"EntryPoint\",\"urlTemplate\":\"https:\\\/\\\/redenoticiaz.com.br\\\/ribeiraopreto-regiao\\\/?s={search_term_string}\"},\"query-input\":{\"@type\":\"PropertyValueSpecification\",\"valueRequired\":true,\"valueName\":\"search_term_string\"}}],\"inLanguage\":\"pt-BR\"},{\"@type\":\"Organization\",\"@id\":\"https:\\\/\\\/redenoticiaz.com.br\\\/ribeiraopreto-regiao\\\/#organization\",\"name\":\"Ribeir\u00e3o Preto e Regi\u00e3o\",\"url\":\"https:\\\/\\\/redenoticiaz.com.br\\\/ribeiraopreto-regiao\\\/\",\"logo\":{\"@type\":\"ImageObject\",\"inLanguage\":\"pt-BR\",\"@id\":\"https:\\\/\\\/redenoticiaz.com.br\\\/ribeiraopreto-regiao\\\/#\\\/schema\\\/logo\\\/image\\\/\",\"url\":\"https:\\\/\\\/redenoticiaz.com.br\\\/barretos-regiao\\\/wp-content\\\/uploads\\\/sites\\\/4\\\/2022\\\/02\\\/logo.jpg\",\"contentUrl\":\"https:\\\/\\\/redenoticiaz.com.br\\\/barretos-regiao\\\/wp-content\\\/uploads\\\/sites\\\/4\\\/2022\\\/02\\\/logo.jpg\",\"width\":400,\"height\":250,\"caption\":\"Ribeir\u00e3o Preto e Regi\u00e3o\"},\"image\":{\"@id\":\"https:\\\/\\\/redenoticiaz.com.br\\\/ribeiraopreto-regiao\\\/#\\\/schema\\\/logo\\\/image\\\/\"},\"sameAs\":[\"https:\\\/\\\/m.facebook.com\\\/redenoticiaz.barretos\",\"https:\\\/\\\/x.com\\\/RN_barretos\",\"https:\\\/\\\/www.instagram.com\\\/redenoticiaz.barretos\\\/?igshid=YmMyMTA2M2Y\",\"https:\\\/\\\/www.linkedin.com\\\/company\\\/rede-noticiaz-barretos-e-regio\\\/\"]},{\"@type\":\"Person\",\"@id\":\"https:\\\/\\\/redenoticiaz.com.br\\\/ribeiraopreto-regiao\\\/#\\\/schema\\\/person\\\/e1b0bd8c2637e2c1b6ddcbc2c33b116f\",\"name\":\"Patr\u00edcia Prado\",\"image\":{\"@type\":\"ImageObject\",\"inLanguage\":\"pt-BR\",\"@id\":\"https:\\\/\\\/secure.gravatar.com\\\/avatar\\\/92e358bef22cfcec15e054ae4d9fee04dadf0c772dc4a17b382b8a34a15354c2?s=96&d=mm&r=g\",\"url\":\"https:\\\/\\\/secure.gravatar.com\\\/avatar\\\/92e358bef22cfcec15e054ae4d9fee04dadf0c772dc4a17b382b8a34a15354c2?s=96&d=mm&r=g\",\"contentUrl\":\"https:\\\/\\\/secure.gravatar.com\\\/avatar\\\/92e358bef22cfcec15e054ae4d9fee04dadf0c772dc4a17b382b8a34a15354c2?s=96&d=mm&r=g\",\"caption\":\"Patr\u00edcia Prado\"},\"url\":\"https:\\\/\\\/redenoticiaz.com.br\\\/ribeiraopreto-regiao\\\/sp\\\/author\\\/patricia-prado\"}]}<\/script>\n<!-- \/ Yoast SEO plugin. -->","yoast_head_json":{"title":"Lavagem de Madeleine celebra cultura afro-brasileira em Paris com 60 mil participantes - Ribeir\u00e3o Preto e Regi\u00e3o","robots":{"index":"index","follow":"follow","max-snippet":"max-snippet:-1","max-image-preview":"max-image-preview:large","max-video-preview":"max-video-preview:-1"},"canonical":"https:\/\/redenoticiaz.com.br\/ribeiraopreto-regiao\/sp\/2026\/09\/03\/lavagem-de-madeleine-celebra-cultura-afro-brasileira-em-paris-com-60-mil-participantes","og_locale":"pt_BR","og_type":"article","og_title":"Lavagem de Madeleine celebra cultura afro-brasileira em Paris com 60 mil participantes - Ribeir\u00e3o Preto e Regi\u00e3o","og_description":"Cerca de 60 mil pessoas participar\u00e3o da 25\u00aa edi\u00e7\u00e3o da Lavagem de Madeleine, um dos maiores eventos da cultura afro-brasileira na Europa, que ocorrer\u00e1 de 10 a 13 de setembro em Paris. O encontro reunir\u00e1 brasileiros, franceses e turistas de diversos pa\u00edses na capital francesa. A expectativa \u00e9 do criador do evento, Roberto Chaves, conhecido &hellip;","og_url":"https:\/\/redenoticiaz.com.br\/ribeiraopreto-regiao\/sp\/2026\/09\/03\/lavagem-de-madeleine-celebra-cultura-afro-brasileira-em-paris-com-60-mil-participantes","og_site_name":"Ribeir\u00e3o Preto e Regi\u00e3o","article_publisher":"https:\/\/m.facebook.com\/redenoticiaz.barretos","article_published_time":"2026-09-03T19:06:09+00:00","og_image":[{"width":400,"height":250,"url":"https:\/\/redenoticiaz.com.br\/ribeiraopreto-regiao\/wp-content\/uploads\/sites\/4\/2022\/02\/logo.jpg","type":"image\/jpeg"}],"author":"Patr\u00edcia Prado","twitter_card":"summary_large_image","twitter_creator":"@RN_barretos","twitter_site":"@RN_barretos","twitter_misc":{"Escrito por":"Patr\u00edcia Prado","Est. tempo de leitura":"3 minutos"},"schema":{"@context":"https:\/\/schema.org","@graph":[{"@type":"Article","@id":"https:\/\/redenoticiaz.com.br\/ribeiraopreto-regiao\/sp\/2026\/09\/03\/lavagem-de-madeleine-celebra-cultura-afro-brasileira-em-paris-com-60-mil-participantes#article","isPartOf":{"@id":"https:\/\/redenoticiaz.com.br\/ribeiraopreto-regiao\/sp\/2026\/09\/03\/lavagem-de-madeleine-celebra-cultura-afro-brasileira-em-paris-com-60-mil-participantes"},"author":{"name":"Patr\u00edcia Prado","@id":"https:\/\/redenoticiaz.com.br\/ribeiraopreto-regiao\/#\/schema\/person\/e1b0bd8c2637e2c1b6ddcbc2c33b116f"},"headline":"Lavagem de Madeleine celebra cultura afro-brasileira em Paris com 60 mil participantes","datePublished":"2026-09-03T19:06:09+00:00","mainEntityOfPage":{"@id":"https:\/\/redenoticiaz.com.br\/ribeiraopreto-regiao\/sp\/2026\/09\/03\/lavagem-de-madeleine-celebra-cultura-afro-brasileira-em-paris-com-60-mil-participantes"},"wordCount":511,"commentCount":0,"publisher":{"@id":"https:\/\/redenoticiaz.com.br\/ribeiraopreto-regiao\/#organization"},"image":{"@id":"https:\/\/redenoticiaz.com.br\/ribeiraopreto-regiao\/sp\/2026\/09\/03\/lavagem-de-madeleine-celebra-cultura-afro-brasileira-em-paris-com-60-mil-participantes#primaryimage"},"thumbnailUrl":"https:\/\/redenoticiaz.com.br\/ribeiraopreto-regiao\/wp-content\/uploads\/sites\/4\/2026\/09\/065b69f5-195d-4bca-9c77-af3d3b5ef9a7.jpg","articleSection":["Cultura","Cultura e M\u00fasica","Esporte","Gastronomia","Mundo","Turismo"],"inLanguage":"pt-BR","potentialAction":[{"@type":"CommentAction","name":"Comment","target":["https:\/\/redenoticiaz.com.br\/ribeiraopreto-regiao\/sp\/2026\/09\/03\/lavagem-de-madeleine-celebra-cultura-afro-brasileira-em-paris-com-60-mil-participantes#respond"]}]},{"@type":"WebPage","@id":"https:\/\/redenoticiaz.com.br\/ribeiraopreto-regiao\/sp\/2026\/09\/03\/lavagem-de-madeleine-celebra-cultura-afro-brasileira-em-paris-com-60-mil-participantes","url":"https:\/\/redenoticiaz.com.br\/ribeiraopreto-regiao\/sp\/2026\/09\/03\/lavagem-de-madeleine-celebra-cultura-afro-brasileira-em-paris-com-60-mil-participantes","name":"Lavagem de Madeleine celebra cultura afro-brasileira em Paris com 60 mil participantes - Ribeir\u00e3o Preto e Regi\u00e3o","isPartOf":{"@id":"https:\/\/redenoticiaz.com.br\/ribeiraopreto-regiao\/#website"},"primaryImageOfPage":{"@id":"https:\/\/redenoticiaz.com.br\/ribeiraopreto-regiao\/sp\/2026\/09\/03\/lavagem-de-madeleine-celebra-cultura-afro-brasileira-em-paris-com-60-mil-participantes#primaryimage"},"image":{"@id":"https:\/\/redenoticiaz.com.br\/ribeiraopreto-regiao\/sp\/2026\/09\/03\/lavagem-de-madeleine-celebra-cultura-afro-brasileira-em-paris-com-60-mil-participantes#primaryimage"},"thumbnailUrl":"https:\/\/redenoticiaz.com.br\/ribeiraopreto-regiao\/wp-content\/uploads\/sites\/4\/2026\/09\/065b69f5-195d-4bca-9c77-af3d3b5ef9a7.jpg","datePublished":"2026-09-03T19:06:09+00:00","inLanguage":"pt-BR","potentialAction":[{"@type":"ReadAction","target":["https:\/\/redenoticiaz.com.br\/ribeiraopreto-regiao\/sp\/2026\/09\/03\/lavagem-de-madeleine-celebra-cultura-afro-brasileira-em-paris-com-60-mil-participantes"]}]},{"@type":"ImageObject","inLanguage":"pt-BR","@id":"https:\/\/redenoticiaz.com.br\/ribeiraopreto-regiao\/sp\/2026\/09\/03\/lavagem-de-madeleine-celebra-cultura-afro-brasileira-em-paris-com-60-mil-participantes#primaryimage","url":"https:\/\/redenoticiaz.com.br\/ribeiraopreto-regiao\/wp-content\/uploads\/sites\/4\/2026\/09\/065b69f5-195d-4bca-9c77-af3d3b5ef9a7.jpg","contentUrl":"https:\/\/redenoticiaz.com.br\/ribeiraopreto-regiao\/wp-content\/uploads\/sites\/4\/2026\/09\/065b69f5-195d-4bca-9c77-af3d3b5ef9a7.jpg","width":1600,"height":800},{"@type":"WebSite","@id":"https:\/\/redenoticiaz.com.br\/ribeiraopreto-regiao\/#website","url":"https:\/\/redenoticiaz.com.br\/ribeiraopreto-regiao\/","name":"Ribeir\u00e3o Preto e Regi\u00e3o","description":"Rede NoticiaZ - Ribeir\u00e3o Preto e regi\u00e3o","publisher":{"@id":"https:\/\/redenoticiaz.com.br\/ribeiraopreto-regiao\/#organization"},"potentialAction":[{"@type":"SearchAction","target":{"@type":"EntryPoint","urlTemplate":"https:\/\/redenoticiaz.com.br\/ribeiraopreto-regiao\/?s={search_term_string}"},"query-input":{"@type":"PropertyValueSpecification","valueRequired":true,"valueName":"search_term_string"}}],"inLanguage":"pt-BR"},{"@type":"Organization","@id":"https:\/\/redenoticiaz.com.br\/ribeiraopreto-regiao\/#organization","name":"Ribeir\u00e3o Preto e Regi\u00e3o","url":"https:\/\/redenoticiaz.com.br\/ribeiraopreto-regiao\/","logo":{"@type":"ImageObject","inLanguage":"pt-BR","@id":"https:\/\/redenoticiaz.com.br\/ribeiraopreto-regiao\/#\/schema\/logo\/image\/","url":"https:\/\/redenoticiaz.com.br\/barretos-regiao\/wp-content\/uploads\/sites\/4\/2022\/02\/logo.jpg","contentUrl":"https:\/\/redenoticiaz.com.br\/barretos-regiao\/wp-content\/uploads\/sites\/4\/2022\/02\/logo.jpg","width":400,"height":250,"caption":"Ribeir\u00e3o Preto e Regi\u00e3o"},"image":{"@id":"https:\/\/redenoticiaz.com.br\/ribeiraopreto-regiao\/#\/schema\/logo\/image\/"},"sameAs":["https:\/\/m.facebook.com\/redenoticiaz.barretos","https:\/\/x.com\/RN_barretos","https:\/\/www.instagram.com\/redenoticiaz.barretos\/?igshid=YmMyMTA2M2Y","https:\/\/www.linkedin.com\/company\/rede-noticiaz-barretos-e-regio\/"]},{"@type":"Person","@id":"https:\/\/redenoticiaz.com.br\/ribeiraopreto-regiao\/#\/schema\/person\/e1b0bd8c2637e2c1b6ddcbc2c33b116f","name":"Patr\u00edcia Prado","image":{"@type":"ImageObject","inLanguage":"pt-BR","@id":"https:\/\/secure.gravatar.com\/avatar\/92e358bef22cfcec15e054ae4d9fee04dadf0c772dc4a17b382b8a34a15354c2?s=96&d=mm&r=g","url":"https:\/\/secure.gravatar.com\/avatar\/92e358bef22cfcec15e054ae4d9fee04dadf0c772dc4a17b382b8a34a15354c2?s=96&d=mm&r=g","contentUrl":"https:\/\/secure.gravatar.com\/avatar\/92e358bef22cfcec15e054ae4d9fee04dadf0c772dc4a17b382b8a34a15354c2?s=96&d=mm&r=g","caption":"Patr\u00edcia Prado"},"url":"https:\/\/redenoticiaz.com.br\/ribeiraopreto-regiao\/sp\/author\/patricia-prado"}]}},"_links":{"self":[{"href":"https:\/\/redenoticiaz.com.br\/ribeiraopreto-regiao\/wp-json\/wp\/v2\/posts\/123202","targetHints":{"allow":["GET"]}}],"collection":[{"href":"https:\/\/redenoticiaz.com.br\/ribeiraopreto-regiao\/wp-json\/wp\/v2\/posts"}],"about":[{"href":"https:\/\/redenoticiaz.com.br\/ribeiraopreto-regiao\/wp-json\/wp\/v2\/types\/post"}],"author":[{"embeddable":true,"href":"https:\/\/redenoticiaz.com.br\/ribeiraopreto-regiao\/wp-json\/wp\/v2\/users\/5"}],"replies":[{"embeddable":true,"href":"https:\/\/redenoticiaz.com.br\/ribeiraopreto-regiao\/wp-json\/wp\/v2\/comments?post=123202"}],"version-history":[{"count":0,"href":"https:\/\/redenoticiaz.com.br\/ribeiraopreto-regiao\/wp-json\/wp\/v2\/posts\/123202\/revisions"}],"wp:featuredmedia":[{"embeddable":true,"href":"https:\/\/redenoticiaz.com.br\/ribeiraopreto-regiao\/wp-json\/wp\/v2\/media\/123203"}],"wp:attachment":[{"href":"https:\/\/redenoticiaz.com.br\/ribeiraopreto-regiao\/wp-json\/wp\/v2\/media?parent=123202"}],"wp:term":[{"taxonomy":"category","embeddable":true,"href":"https:\/\/redenoticiaz.com.br\/ribeiraopreto-regiao\/wp-json\/wp\/v2\/categories?post=123202"},{"taxonomy":"post_tag","embeddable":true,"href":"https:\/\/redenoticiaz.com.br\/ribeiraopreto-regiao\/wp-json\/wp\/v2\/tags?post=123202"}],"curies":[{"name":"wp","href":"https:\/\/api.w.org\/{rel}","templated":true}]}}