{"id":123206,"date":"2026-09-03T17:39:53","date_gmt":"2026-09-03T20:39:53","guid":{"rendered":"https:\/\/redenoticiaz.com.br\/ribeiraopreto-regiao\/sp\/2026\/09\/03\/inscricoes-para-enem-ppl-2026-comecam-em-5-de-outubro-e-vao-ate-23"},"modified":"2026-09-03T17:39:53","modified_gmt":"2026-09-03T20:39:53","slug":"inscricoes-para-enem-ppl-2026-comecam-em-5-de-outubro-e-vao-ate-23","status":"publish","type":"post","link":"https:\/\/redenoticiaz.com.br\/ribeiraopreto-regiao\/sp\/2026\/09\/03\/inscricoes-para-enem-ppl-2026-comecam-em-5-de-outubro-e-vao-ate-23","title":{"rendered":"Inscri\u00e7\u00f5es para Enem PPL 2026 come\u00e7am em 5 de outubro e v\u00e3o at\u00e9 23"},"content":{"rendered":"<p>As inscri\u00e7\u00f5es para o Exame Nacional do Ensino M\u00e9dio de 2026 (Enem PPL), destinado a pessoas privadas de liberdade ou sob medida socioeducativa, come\u00e7am no dia 5 de outubro e v\u00e3o at\u00e9 23 de outubro. As inscri\u00e7\u00f5es devem ser realizadas pelo respons\u00e1vel pedag\u00f3gico da unidade em que o candidato se encontra.<\/p>\n<p>As diretrizes para o Enem PPL 2026 est\u00e3o dispon\u00edveis no edital publicado pelo Instituto Nacional de Estudos e Pesquisas Educacionais An\u00edsio Teixeira (Inep) em 26 de agosto. Os candidatos que desejam utilizar os resultados do exame para obter a certifica\u00e7\u00e3o de conclus\u00e3o do ensino m\u00e9dio devem informar a inten\u00e7\u00e3o e a institui\u00e7\u00e3o certificadora ao respons\u00e1vel pedag\u00f3gico. Os participantes devem ter 18 anos completos at\u00e9 a data da realiza\u00e7\u00e3o das provas e n\u00e3o podem ser concluintes ou egressos do ensino m\u00e9dio.<\/p>\n<p>Durante o per\u00edodo de inscri\u00e7\u00f5es, que tamb\u00e9m se estende de 5 a 23 de outubro, \u00e9 poss\u00edvel solicitar atendimento especializado para candidatos com condi\u00e7\u00f5es espec\u00edficas de sa\u00fade, como defici\u00eancia visual, f\u00edsica, auditiva, ou outras situa\u00e7\u00f5es como gesta\u00e7\u00e3o e idade avan\u00e7ada. O resultado das solicita\u00e7\u00f5es para atendimento especial ser\u00e1 divulgado no dia 30 de outubro, e os candidatos que tiverem seu pedido negado poder\u00e3o recorrer entre 2 e 6 de novembro, com o resultado final sendo publicado em 13 de novembro.<\/p>\n<p>Para os treineiros, que participam do Enem PPL para autoavalia\u00e7\u00e3o, \u00e9 importante ressaltar que os resultados n\u00e3o possibilitam a inscri\u00e7\u00e3o em programas de acesso ao ensino superior, como Sisu, Prouni e Fies.<\/p>\n<p>As provas do Enem PPL ser\u00e3o aplicadas em unidades prisionais e socioeducativas, com datas marcadas para 15 e 16 de dezembro. As provas s\u00e3o compostas por quatro exames objetivas e uma reda\u00e7\u00e3o em l\u00edngua portuguesa, cada uma contendo 45 quest\u00f5es de m\u00faltipla escolha. No primeiro dia, os participantes realizar\u00e3o os testes de linguagens, ci\u00eancias humanas e a reda\u00e7\u00e3o, com dura\u00e7\u00e3o de 5 horas e 30 minutos. No segundo dia, as provas ser\u00e3o de ci\u00eancias da natureza e matem\u00e1tica, com dura\u00e7\u00e3o de 5 horas.<\/p>\n<p>O Enem \u00e9 a principal forma de acesso ao ensino superior no Brasil e, desde 2025, passou a certificar a conclus\u00e3o do ensino m\u00e9dio para candidatos que atingirem a pontua\u00e7\u00e3o m\u00ednima nas provas. Al\u00e9m disso, os resultados tamb\u00e9m podem ser utilizados em processos seletivos de institui\u00e7\u00f5es de ensino superior em Portugal que mant\u00eam acordo com o Inep.<\/p>\n","protected":false},"excerpt":{"rendered":"<p>As inscri\u00e7\u00f5es para o Exame Nacional do Ensino M\u00e9dio de 2026 (Enem PPL), destinado a pessoas privadas de liberdade ou sob medida socioeducativa, come\u00e7am no dia 5 de outubro e v\u00e3o at\u00e9 23 de outubro. As inscri\u00e7\u00f5es devem ser realizadas pelo respons\u00e1vel pedag\u00f3gico da unidade em que o candidato se encontra. As diretrizes para o &hellip;<\/p>\n","protected":false},"author":5,"featured_media":123207,"comment_status":"open","ping_status":"closed","sticky":false,"template":"","format":"standard","meta":{"footnotes":""},"categories":[820,9271,129],"tags":[],"class_list":["post-123206","post","type-post","status-publish","format-standard","has-post-thumbnail","hentry","category-educacao","category-eleicoes","category-saude"],"yoast_head":"<!-- This site is optimized with the Yoast SEO plugin v28.4 - https:\/\/yoast.com\/product\/yoast-seo-wordpress\/ -->\n<title>Inscri\u00e7\u00f5es para Enem PPL 2026 come\u00e7am em 5 de outubro e v\u00e3o at\u00e9 23 - Ribeir\u00e3o Preto e Regi\u00e3o<\/title>\n<meta name=\"robots\" content=\"index, follow, max-snippet:-1, max-image-preview:large, max-video-preview:-1\" \/>\n<link rel=\"canonical\" href=\"https:\/\/redenoticiaz.com.br\/ribeiraopreto-regiao\/sp\/2026\/09\/03\/inscricoes-para-enem-ppl-2026-comecam-em-5-de-outubro-e-vao-ate-23\" \/>\n<meta property=\"og:locale\" content=\"pt_BR\" \/>\n<meta property=\"og:type\" content=\"article\" \/>\n<meta property=\"og:title\" content=\"Inscri\u00e7\u00f5es para Enem PPL 2026 come\u00e7am em 5 de outubro e v\u00e3o at\u00e9 23 - Ribeir\u00e3o Preto e Regi\u00e3o\" \/>\n<meta property=\"og:description\" content=\"As inscri\u00e7\u00f5es para o Exame Nacional do Ensino M\u00e9dio de 2026 (Enem PPL), destinado a pessoas privadas de liberdade ou sob medida socioeducativa, come\u00e7am no dia 5 de outubro e v\u00e3o at\u00e9 23 de outubro. As inscri\u00e7\u00f5es devem ser realizadas pelo respons\u00e1vel pedag\u00f3gico da unidade em que o candidato se encontra. As diretrizes para o &hellip;\" \/>\n<meta property=\"og:url\" content=\"https:\/\/redenoticiaz.com.br\/ribeiraopreto-regiao\/sp\/2026\/09\/03\/inscricoes-para-enem-ppl-2026-comecam-em-5-de-outubro-e-vao-ate-23\" \/>\n<meta property=\"og:site_name\" content=\"Ribeir\u00e3o Preto e Regi\u00e3o\" \/>\n<meta property=\"article:publisher\" content=\"https:\/\/m.facebook.com\/redenoticiaz.barretos\" \/>\n<meta property=\"article:published_time\" content=\"2026-09-03T20:39:53+00:00\" \/>\n<meta property=\"og:image\" content=\"https:\/\/redenoticiaz.com.br\/ribeiraopreto-regiao\/wp-content\/uploads\/sites\/4\/2022\/02\/logo.jpg\" \/>\n\t<meta property=\"og:image:width\" content=\"400\" \/>\n\t<meta property=\"og:image:height\" content=\"250\" \/>\n\t<meta property=\"og:image:type\" content=\"image\/jpeg\" \/>\n<meta name=\"author\" content=\"Patr\u00edcia Prado\" \/>\n<meta name=\"twitter:card\" content=\"summary_large_image\" \/>\n<meta name=\"twitter:creator\" content=\"@RN_barretos\" \/>\n<meta name=\"twitter:site\" content=\"@RN_barretos\" \/>\n<meta name=\"twitter:label1\" content=\"Escrito por\" \/>\n\t<meta name=\"twitter:data1\" content=\"Patr\u00edcia Prado\" \/>\n\t<meta name=\"twitter:label2\" content=\"Est. tempo de leitura\" \/>\n\t<meta name=\"twitter:data2\" content=\"2 minutos\" \/>\n<script type=\"application\/ld+json\" class=\"yoast-schema-graph\">{\"@context\":\"https:\\\/\\\/schema.org\",\"@graph\":[{\"@type\":\"Article\",\"@id\":\"https:\\\/\\\/redenoticiaz.com.br\\\/ribeiraopreto-regiao\\\/sp\\\/2026\\\/09\\\/03\\\/inscricoes-para-enem-ppl-2026-comecam-em-5-de-outubro-e-vao-ate-23#article\",\"isPartOf\":{\"@id\":\"https:\\\/\\\/redenoticiaz.com.br\\\/ribeiraopreto-regiao\\\/sp\\\/2026\\\/09\\\/03\\\/inscricoes-para-enem-ppl-2026-comecam-em-5-de-outubro-e-vao-ate-23\"},\"author\":{\"name\":\"Patr\u00edcia Prado\",\"@id\":\"https:\\\/\\\/redenoticiaz.com.br\\\/ribeiraopreto-regiao\\\/#\\\/schema\\\/person\\\/e1b0bd8c2637e2c1b6ddcbc2c33b116f\"},\"headline\":\"Inscri\u00e7\u00f5es para Enem PPL 2026 come\u00e7am em 5 de outubro e v\u00e3o at\u00e9 23\",\"datePublished\":\"2026-09-03T20:39:53+00:00\",\"mainEntityOfPage\":{\"@id\":\"https:\\\/\\\/redenoticiaz.com.br\\\/ribeiraopreto-regiao\\\/sp\\\/2026\\\/09\\\/03\\\/inscricoes-para-enem-ppl-2026-comecam-em-5-de-outubro-e-vao-ate-23\"},\"wordCount\":434,\"commentCount\":0,\"publisher\":{\"@id\":\"https:\\\/\\\/redenoticiaz.com.br\\\/ribeiraopreto-regiao\\\/#organization\"},\"image\":{\"@id\":\"https:\\\/\\\/redenoticiaz.com.br\\\/ribeiraopreto-regiao\\\/sp\\\/2026\\\/09\\\/03\\\/inscricoes-para-enem-ppl-2026-comecam-em-5-de-outubro-e-vao-ate-23#primaryimage\"},\"thumbnailUrl\":\"https:\\\/\\\/redenoticiaz.com.br\\\/ribeiraopreto-regiao\\\/wp-content\\\/uploads\\\/sites\\\/4\\\/2026\\\/09\\\/up_ag_41826_a5dd9c62-9b2b-8a06-6e3a-a606630b9a30.jpg\",\"articleSection\":[\"Educa\u00e7\u00e3o\",\"Elei\u00e7\u00f5es\",\"Sa\u00fade\"],\"inLanguage\":\"pt-BR\",\"potentialAction\":[{\"@type\":\"CommentAction\",\"name\":\"Comment\",\"target\":[\"https:\\\/\\\/redenoticiaz.com.br\\\/ribeiraopreto-regiao\\\/sp\\\/2026\\\/09\\\/03\\\/inscricoes-para-enem-ppl-2026-comecam-em-5-de-outubro-e-vao-ate-23#respond\"]}]},{\"@type\":\"WebPage\",\"@id\":\"https:\\\/\\\/redenoticiaz.com.br\\\/ribeiraopreto-regiao\\\/sp\\\/2026\\\/09\\\/03\\\/inscricoes-para-enem-ppl-2026-comecam-em-5-de-outubro-e-vao-ate-23\",\"url\":\"https:\\\/\\\/redenoticiaz.com.br\\\/ribeiraopreto-regiao\\\/sp\\\/2026\\\/09\\\/03\\\/inscricoes-para-enem-ppl-2026-comecam-em-5-de-outubro-e-vao-ate-23\",\"name\":\"Inscri\u00e7\u00f5es para Enem PPL 2026 come\u00e7am em 5 de outubro e v\u00e3o at\u00e9 23 - Ribeir\u00e3o Preto e Regi\u00e3o\",\"isPartOf\":{\"@id\":\"https:\\\/\\\/redenoticiaz.com.br\\\/ribeiraopreto-regiao\\\/#website\"},\"primaryImageOfPage\":{\"@id\":\"https:\\\/\\\/redenoticiaz.com.br\\\/ribeiraopreto-regiao\\\/sp\\\/2026\\\/09\\\/03\\\/inscricoes-para-enem-ppl-2026-comecam-em-5-de-outubro-e-vao-ate-23#primaryimage\"},\"image\":{\"@id\":\"https:\\\/\\\/redenoticiaz.com.br\\\/ribeiraopreto-regiao\\\/sp\\\/2026\\\/09\\\/03\\\/inscricoes-para-enem-ppl-2026-comecam-em-5-de-outubro-e-vao-ate-23#primaryimage\"},\"thumbnailUrl\":\"https:\\\/\\\/redenoticiaz.com.br\\\/ribeiraopreto-regiao\\\/wp-content\\\/uploads\\\/sites\\\/4\\\/2026\\\/09\\\/up_ag_41826_a5dd9c62-9b2b-8a06-6e3a-a606630b9a30.jpg\",\"datePublished\":\"2026-09-03T20:39:53+00:00\",\"inLanguage\":\"pt-BR\",\"potentialAction\":[{\"@type\":\"ReadAction\",\"target\":[\"https:\\\/\\\/redenoticiaz.com.br\\\/ribeiraopreto-regiao\\\/sp\\\/2026\\\/09\\\/03\\\/inscricoes-para-enem-ppl-2026-comecam-em-5-de-outubro-e-vao-ate-23\"]}]},{\"@type\":\"ImageObject\",\"inLanguage\":\"pt-BR\",\"@id\":\"https:\\\/\\\/redenoticiaz.com.br\\\/ribeiraopreto-regiao\\\/sp\\\/2026\\\/09\\\/03\\\/inscricoes-para-enem-ppl-2026-comecam-em-5-de-outubro-e-vao-ate-23#primaryimage\",\"url\":\"https:\\\/\\\/redenoticiaz.com.br\\\/ribeiraopreto-regiao\\\/wp-content\\\/uploads\\\/sites\\\/4\\\/2026\\\/09\\\/up_ag_41826_a5dd9c62-9b2b-8a06-6e3a-a606630b9a30.jpg\",\"contentUrl\":\"https:\\\/\\\/redenoticiaz.com.br\\\/ribeiraopreto-regiao\\\/wp-content\\\/uploads\\\/sites\\\/4\\\/2026\\\/09\\\/up_ag_41826_a5dd9c62-9b2b-8a06-6e3a-a606630b9a30.jpg\",\"width\":1600,\"height\":800},{\"@type\":\"WebSite\",\"@id\":\"https:\\\/\\\/redenoticiaz.com.br\\\/ribeiraopreto-regiao\\\/#website\",\"url\":\"https:\\\/\\\/redenoticiaz.com.br\\\/ribeiraopreto-regiao\\\/\",\"name\":\"Ribeir\u00e3o Preto e Regi\u00e3o\",\"description\":\"Rede NoticiaZ - Ribeir\u00e3o Preto e regi\u00e3o\",\"publisher\":{\"@id\":\"https:\\\/\\\/redenoticiaz.com.br\\\/ribeiraopreto-regiao\\\/#organization\"},\"potentialAction\":[{\"@type\":\"SearchAction\",\"target\":{\"@type\":\"EntryPoint\",\"urlTemplate\":\"https:\\\/\\\/redenoticiaz.com.br\\\/ribeiraopreto-regiao\\\/?s={search_term_string}\"},\"query-input\":{\"@type\":\"PropertyValueSpecification\",\"valueRequired\":true,\"valueName\":\"search_term_string\"}}],\"inLanguage\":\"pt-BR\"},{\"@type\":\"Organization\",\"@id\":\"https:\\\/\\\/redenoticiaz.com.br\\\/ribeiraopreto-regiao\\\/#organization\",\"name\":\"Ribeir\u00e3o Preto e Regi\u00e3o\",\"url\":\"https:\\\/\\\/redenoticiaz.com.br\\\/ribeiraopreto-regiao\\\/\",\"logo\":{\"@type\":\"ImageObject\",\"inLanguage\":\"pt-BR\",\"@id\":\"https:\\\/\\\/redenoticiaz.com.br\\\/ribeiraopreto-regiao\\\/#\\\/schema\\\/logo\\\/image\\\/\",\"url\":\"https:\\\/\\\/redenoticiaz.com.br\\\/barretos-regiao\\\/wp-content\\\/uploads\\\/sites\\\/4\\\/2022\\\/02\\\/logo.jpg\",\"contentUrl\":\"https:\\\/\\\/redenoticiaz.com.br\\\/barretos-regiao\\\/wp-content\\\/uploads\\\/sites\\\/4\\\/2022\\\/02\\\/logo.jpg\",\"width\":400,\"height\":250,\"caption\":\"Ribeir\u00e3o Preto e Regi\u00e3o\"},\"image\":{\"@id\":\"https:\\\/\\\/redenoticiaz.com.br\\\/ribeiraopreto-regiao\\\/#\\\/schema\\\/logo\\\/image\\\/\"},\"sameAs\":[\"https:\\\/\\\/m.facebook.com\\\/redenoticiaz.barretos\",\"https:\\\/\\\/x.com\\\/RN_barretos\",\"https:\\\/\\\/www.instagram.com\\\/redenoticiaz.barretos\\\/?igshid=YmMyMTA2M2Y\",\"https:\\\/\\\/www.linkedin.com\\\/company\\\/rede-noticiaz-barretos-e-regio\\\/\"]},{\"@type\":\"Person\",\"@id\":\"https:\\\/\\\/redenoticiaz.com.br\\\/ribeiraopreto-regiao\\\/#\\\/schema\\\/person\\\/e1b0bd8c2637e2c1b6ddcbc2c33b116f\",\"name\":\"Patr\u00edcia Prado\",\"image\":{\"@type\":\"ImageObject\",\"inLanguage\":\"pt-BR\",\"@id\":\"https:\\\/\\\/secure.gravatar.com\\\/avatar\\\/92e358bef22cfcec15e054ae4d9fee04dadf0c772dc4a17b382b8a34a15354c2?s=96&d=mm&r=g\",\"url\":\"https:\\\/\\\/secure.gravatar.com\\\/avatar\\\/92e358bef22cfcec15e054ae4d9fee04dadf0c772dc4a17b382b8a34a15354c2?s=96&d=mm&r=g\",\"contentUrl\":\"https:\\\/\\\/secure.gravatar.com\\\/avatar\\\/92e358bef22cfcec15e054ae4d9fee04dadf0c772dc4a17b382b8a34a15354c2?s=96&d=mm&r=g\",\"caption\":\"Patr\u00edcia Prado\"},\"url\":\"https:\\\/\\\/redenoticiaz.com.br\\\/ribeiraopreto-regiao\\\/sp\\\/author\\\/patricia-prado\"}]}<\/script>\n<!-- \/ Yoast SEO plugin. -->","yoast_head_json":{"title":"Inscri\u00e7\u00f5es para Enem PPL 2026 come\u00e7am em 5 de outubro e v\u00e3o at\u00e9 23 - Ribeir\u00e3o Preto e Regi\u00e3o","robots":{"index":"index","follow":"follow","max-snippet":"max-snippet:-1","max-image-preview":"max-image-preview:large","max-video-preview":"max-video-preview:-1"},"canonical":"https:\/\/redenoticiaz.com.br\/ribeiraopreto-regiao\/sp\/2026\/09\/03\/inscricoes-para-enem-ppl-2026-comecam-em-5-de-outubro-e-vao-ate-23","og_locale":"pt_BR","og_type":"article","og_title":"Inscri\u00e7\u00f5es para Enem PPL 2026 come\u00e7am em 5 de outubro e v\u00e3o at\u00e9 23 - Ribeir\u00e3o Preto e Regi\u00e3o","og_description":"As inscri\u00e7\u00f5es para o Exame Nacional do Ensino M\u00e9dio de 2026 (Enem PPL), destinado a pessoas privadas de liberdade ou sob medida socioeducativa, come\u00e7am no dia 5 de outubro e v\u00e3o at\u00e9 23 de outubro. As inscri\u00e7\u00f5es devem ser realizadas pelo respons\u00e1vel pedag\u00f3gico da unidade em que o candidato se encontra. As diretrizes para o &hellip;","og_url":"https:\/\/redenoticiaz.com.br\/ribeiraopreto-regiao\/sp\/2026\/09\/03\/inscricoes-para-enem-ppl-2026-comecam-em-5-de-outubro-e-vao-ate-23","og_site_name":"Ribeir\u00e3o Preto e Regi\u00e3o","article_publisher":"https:\/\/m.facebook.com\/redenoticiaz.barretos","article_published_time":"2026-09-03T20:39:53+00:00","og_image":[{"width":400,"height":250,"url":"https:\/\/redenoticiaz.com.br\/ribeiraopreto-regiao\/wp-content\/uploads\/sites\/4\/2022\/02\/logo.jpg","type":"image\/jpeg"}],"author":"Patr\u00edcia Prado","twitter_card":"summary_large_image","twitter_creator":"@RN_barretos","twitter_site":"@RN_barretos","twitter_misc":{"Escrito por":"Patr\u00edcia Prado","Est. tempo de leitura":"2 minutos"},"schema":{"@context":"https:\/\/schema.org","@graph":[{"@type":"Article","@id":"https:\/\/redenoticiaz.com.br\/ribeiraopreto-regiao\/sp\/2026\/09\/03\/inscricoes-para-enem-ppl-2026-comecam-em-5-de-outubro-e-vao-ate-23#article","isPartOf":{"@id":"https:\/\/redenoticiaz.com.br\/ribeiraopreto-regiao\/sp\/2026\/09\/03\/inscricoes-para-enem-ppl-2026-comecam-em-5-de-outubro-e-vao-ate-23"},"author":{"name":"Patr\u00edcia Prado","@id":"https:\/\/redenoticiaz.com.br\/ribeiraopreto-regiao\/#\/schema\/person\/e1b0bd8c2637e2c1b6ddcbc2c33b116f"},"headline":"Inscri\u00e7\u00f5es para Enem PPL 2026 come\u00e7am em 5 de outubro e v\u00e3o at\u00e9 23","datePublished":"2026-09-03T20:39:53+00:00","mainEntityOfPage":{"@id":"https:\/\/redenoticiaz.com.br\/ribeiraopreto-regiao\/sp\/2026\/09\/03\/inscricoes-para-enem-ppl-2026-comecam-em-5-de-outubro-e-vao-ate-23"},"wordCount":434,"commentCount":0,"publisher":{"@id":"https:\/\/redenoticiaz.com.br\/ribeiraopreto-regiao\/#organization"},"image":{"@id":"https:\/\/redenoticiaz.com.br\/ribeiraopreto-regiao\/sp\/2026\/09\/03\/inscricoes-para-enem-ppl-2026-comecam-em-5-de-outubro-e-vao-ate-23#primaryimage"},"thumbnailUrl":"https:\/\/redenoticiaz.com.br\/ribeiraopreto-regiao\/wp-content\/uploads\/sites\/4\/2026\/09\/up_ag_41826_a5dd9c62-9b2b-8a06-6e3a-a606630b9a30.jpg","articleSection":["Educa\u00e7\u00e3o","Elei\u00e7\u00f5es","Sa\u00fade"],"inLanguage":"pt-BR","potentialAction":[{"@type":"CommentAction","name":"Comment","target":["https:\/\/redenoticiaz.com.br\/ribeiraopreto-regiao\/sp\/2026\/09\/03\/inscricoes-para-enem-ppl-2026-comecam-em-5-de-outubro-e-vao-ate-23#respond"]}]},{"@type":"WebPage","@id":"https:\/\/redenoticiaz.com.br\/ribeiraopreto-regiao\/sp\/2026\/09\/03\/inscricoes-para-enem-ppl-2026-comecam-em-5-de-outubro-e-vao-ate-23","url":"https:\/\/redenoticiaz.com.br\/ribeiraopreto-regiao\/sp\/2026\/09\/03\/inscricoes-para-enem-ppl-2026-comecam-em-5-de-outubro-e-vao-ate-23","name":"Inscri\u00e7\u00f5es para Enem PPL 2026 come\u00e7am em 5 de outubro e v\u00e3o at\u00e9 23 - Ribeir\u00e3o Preto e Regi\u00e3o","isPartOf":{"@id":"https:\/\/redenoticiaz.com.br\/ribeiraopreto-regiao\/#website"},"primaryImageOfPage":{"@id":"https:\/\/redenoticiaz.com.br\/ribeiraopreto-regiao\/sp\/2026\/09\/03\/inscricoes-para-enem-ppl-2026-comecam-em-5-de-outubro-e-vao-ate-23#primaryimage"},"image":{"@id":"https:\/\/redenoticiaz.com.br\/ribeiraopreto-regiao\/sp\/2026\/09\/03\/inscricoes-para-enem-ppl-2026-comecam-em-5-de-outubro-e-vao-ate-23#primaryimage"},"thumbnailUrl":"https:\/\/redenoticiaz.com.br\/ribeiraopreto-regiao\/wp-content\/uploads\/sites\/4\/2026\/09\/up_ag_41826_a5dd9c62-9b2b-8a06-6e3a-a606630b9a30.jpg","datePublished":"2026-09-03T20:39:53+00:00","inLanguage":"pt-BR","potentialAction":[{"@type":"ReadAction","target":["https:\/\/redenoticiaz.com.br\/ribeiraopreto-regiao\/sp\/2026\/09\/03\/inscricoes-para-enem-ppl-2026-comecam-em-5-de-outubro-e-vao-ate-23"]}]},{"@type":"ImageObject","inLanguage":"pt-BR","@id":"https:\/\/redenoticiaz.com.br\/ribeiraopreto-regiao\/sp\/2026\/09\/03\/inscricoes-para-enem-ppl-2026-comecam-em-5-de-outubro-e-vao-ate-23#primaryimage","url":"https:\/\/redenoticiaz.com.br\/ribeiraopreto-regiao\/wp-content\/uploads\/sites\/4\/2026\/09\/up_ag_41826_a5dd9c62-9b2b-8a06-6e3a-a606630b9a30.jpg","contentUrl":"https:\/\/redenoticiaz.com.br\/ribeiraopreto-regiao\/wp-content\/uploads\/sites\/4\/2026\/09\/up_ag_41826_a5dd9c62-9b2b-8a06-6e3a-a606630b9a30.jpg","width":1600,"height":800},{"@type":"WebSite","@id":"https:\/\/redenoticiaz.com.br\/ribeiraopreto-regiao\/#website","url":"https:\/\/redenoticiaz.com.br\/ribeiraopreto-regiao\/","name":"Ribeir\u00e3o Preto e Regi\u00e3o","description":"Rede NoticiaZ - Ribeir\u00e3o Preto e regi\u00e3o","publisher":{"@id":"https:\/\/redenoticiaz.com.br\/ribeiraopreto-regiao\/#organization"},"potentialAction":[{"@type":"SearchAction","target":{"@type":"EntryPoint","urlTemplate":"https:\/\/redenoticiaz.com.br\/ribeiraopreto-regiao\/?s={search_term_string}"},"query-input":{"@type":"PropertyValueSpecification","valueRequired":true,"valueName":"search_term_string"}}],"inLanguage":"pt-BR"},{"@type":"Organization","@id":"https:\/\/redenoticiaz.com.br\/ribeiraopreto-regiao\/#organization","name":"Ribeir\u00e3o Preto e Regi\u00e3o","url":"https:\/\/redenoticiaz.com.br\/ribeiraopreto-regiao\/","logo":{"@type":"ImageObject","inLanguage":"pt-BR","@id":"https:\/\/redenoticiaz.com.br\/ribeiraopreto-regiao\/#\/schema\/logo\/image\/","url":"https:\/\/redenoticiaz.com.br\/barretos-regiao\/wp-content\/uploads\/sites\/4\/2022\/02\/logo.jpg","contentUrl":"https:\/\/redenoticiaz.com.br\/barretos-regiao\/wp-content\/uploads\/sites\/4\/2022\/02\/logo.jpg","width":400,"height":250,"caption":"Ribeir\u00e3o Preto e Regi\u00e3o"},"image":{"@id":"https:\/\/redenoticiaz.com.br\/ribeiraopreto-regiao\/#\/schema\/logo\/image\/"},"sameAs":["https:\/\/m.facebook.com\/redenoticiaz.barretos","https:\/\/x.com\/RN_barretos","https:\/\/www.instagram.com\/redenoticiaz.barretos\/?igshid=YmMyMTA2M2Y","https:\/\/www.linkedin.com\/company\/rede-noticiaz-barretos-e-regio\/"]},{"@type":"Person","@id":"https:\/\/redenoticiaz.com.br\/ribeiraopreto-regiao\/#\/schema\/person\/e1b0bd8c2637e2c1b6ddcbc2c33b116f","name":"Patr\u00edcia Prado","image":{"@type":"ImageObject","inLanguage":"pt-BR","@id":"https:\/\/secure.gravatar.com\/avatar\/92e358bef22cfcec15e054ae4d9fee04dadf0c772dc4a17b382b8a34a15354c2?s=96&d=mm&r=g","url":"https:\/\/secure.gravatar.com\/avatar\/92e358bef22cfcec15e054ae4d9fee04dadf0c772dc4a17b382b8a34a15354c2?s=96&d=mm&r=g","contentUrl":"https:\/\/secure.gravatar.com\/avatar\/92e358bef22cfcec15e054ae4d9fee04dadf0c772dc4a17b382b8a34a15354c2?s=96&d=mm&r=g","caption":"Patr\u00edcia Prado"},"url":"https:\/\/redenoticiaz.com.br\/ribeiraopreto-regiao\/sp\/author\/patricia-prado"}]}},"_links":{"self":[{"href":"https:\/\/redenoticiaz.com.br\/ribeiraopreto-regiao\/wp-json\/wp\/v2\/posts\/123206","targetHints":{"allow":["GET"]}}],"collection":[{"href":"https:\/\/redenoticiaz.com.br\/ribeiraopreto-regiao\/wp-json\/wp\/v2\/posts"}],"about":[{"href":"https:\/\/redenoticiaz.com.br\/ribeiraopreto-regiao\/wp-json\/wp\/v2\/types\/post"}],"author":[{"embeddable":true,"href":"https:\/\/redenoticiaz.com.br\/ribeiraopreto-regiao\/wp-json\/wp\/v2\/users\/5"}],"replies":[{"embeddable":true,"href":"https:\/\/redenoticiaz.com.br\/ribeiraopreto-regiao\/wp-json\/wp\/v2\/comments?post=123206"}],"version-history":[{"count":0,"href":"https:\/\/redenoticiaz.com.br\/ribeiraopreto-regiao\/wp-json\/wp\/v2\/posts\/123206\/revisions"}],"wp:featuredmedia":[{"embeddable":true,"href":"https:\/\/redenoticiaz.com.br\/ribeiraopreto-regiao\/wp-json\/wp\/v2\/media\/123207"}],"wp:attachment":[{"href":"https:\/\/redenoticiaz.com.br\/ribeiraopreto-regiao\/wp-json\/wp\/v2\/media?parent=123206"}],"wp:term":[{"taxonomy":"category","embeddable":true,"href":"https:\/\/redenoticiaz.com.br\/ribeiraopreto-regiao\/wp-json\/wp\/v2\/categories?post=123206"},{"taxonomy":"post_tag","embeddable":true,"href":"https:\/\/redenoticiaz.com.br\/ribeiraopreto-regiao\/wp-json\/wp\/v2\/tags?post=123206"}],"curies":[{"name":"wp","href":"https:\/\/api.w.org\/{rel}","templated":true}]}}