{"id":123218,"date":"2026-09-04T07:37:09","date_gmt":"2026-09-04T10:37:09","guid":{"rendered":"https:\/\/redenoticiaz.com.br\/ribeiraopreto-regiao\/sp\/2026\/09\/04\/radio-mec-homenageia-francisco-mignone-com-recital-especial-de-classicos"},"modified":"2026-09-04T07:37:09","modified_gmt":"2026-09-04T10:37:09","slug":"radio-mec-homenageia-francisco-mignone-com-recital-especial-de-classicos","status":"publish","type":"post","link":"https:\/\/redenoticiaz.com.br\/ribeiraopreto-regiao\/sp\/2026\/09\/04\/radio-mec-homenageia-francisco-mignone-com-recital-especial-de-classicos","title":{"rendered":"R\u00e1dio MEC homenageia Francisco Mignone com recital especial de cl\u00e1ssicos"},"content":{"rendered":"<p>Em homenagem aos 40 anos de saudades do compositor Francisco Mignone (1897-1986), o programa <em>Sala de Concerto<\/em> apresenta um recital com obras do artista nesta sexta-feira (4), \u00e0s 17h, na <strong>R\u00e1dio MEC<\/strong>. O recital contar\u00e1 com a participa\u00e7\u00e3o dos pianistas Marcos Leite e Rog\u00e9rio Duarte, al\u00e9m do tenor Renato Lima.<\/p>\n<p>O repert\u00f3rio incluir\u00e1 composi\u00e7\u00f5es como <em>Seis Prel\u00fadios (Completos)<\/em>, <em>Valsas de Esquina: nos. 4, 8, 6 e 3<\/em>, <em>Lenda Sertaneja n. 2<\/em>, <em>4 Pe\u00e7as Brasileiras<\/em> (Maroca, Maxixando, Nazareth, Toada), <em>Cantiga de Ninar<\/em>, e <em>Dona Jana\u00edna<\/em>.<\/p>\n<p>Francisco Mignone \u00e9 reconhecido por sua vasta obra, que abrange diversos g\u00eaneros musicais. Durante sua carreira, foi agraciado com pr\u00eamios como a Ordem do Rio Branco (1972), o Pr\u00eamio Golfinho de Ouro (1979) e o Pr\u00eamio Shell de M\u00fasica Brasileira (1982). Seu legado inclui desde piano solo, como suas <em>Lendas Sertanejas<\/em> e <em>Valsas de Esquina<\/em>, at\u00e9 obras para orquestra e \u00f3peras, como <em>O Chala\u00e7a<\/em> (1972) e <em>Sargento de Mil\u00edcias<\/em> (1980).<\/p>\n<p>O <em>Sala de Concerto<\/em> \u00e9 transmitido ao vivo \u00e0s sextas-feiras e, desde o ano 2000, tem sido um espa\u00e7o importante para m\u00fasicos da cena cl\u00e1ssica brasileira. A <strong>R\u00e1dio MEC<\/strong>, conhecida como &#8220;a R\u00e1dio de M\u00fasica Cl\u00e1ssica do Brasil&#8221;, dedica 80% de sua programa\u00e7\u00e3o \u00e0 m\u00fasica cl\u00e1ssica, promovendo compositores de v\u00e1rias \u00e9pocas.<\/p>\n<p>A emissora est\u00e1 dispon\u00edvel nas frequ\u00eancias FM 99,3 MHz e AM 800 kHz no Rio de Janeiro, FM 87,1 MHz em Bras\u00edlia e Belo Horizonte, al\u00e9m de ser acess\u00edvel pelo aplicativo R\u00e1dios EBC. O p\u00fablico pode interagir e sugerir m\u00fasicas atrav\u00e9s do WhatsApp, n\u00famero (21) 99710-0537.<\/p>\n<p>Para mais informa\u00e7\u00f5es, acesse o site da <strong>R\u00e1dio MEC<\/strong> em <a href=\"https:\/\/radiomec.ebc.com.br\" target=\"_blank\">radiomec.ebc.com.br<\/a> ou siga suas redes sociais.<\/p>\n","protected":false},"excerpt":{"rendered":"<p>Em homenagem aos 40 anos de saudades do compositor Francisco Mignone (1897-1986), o programa Sala de Concerto apresenta um recital com obras do artista nesta sexta-feira (4), \u00e0s 17h, na R\u00e1dio MEC. O recital contar\u00e1 com a participa\u00e7\u00e3o dos pianistas Marcos Leite e Rog\u00e9rio Duarte, al\u00e9m do tenor Renato Lima. O repert\u00f3rio incluir\u00e1 composi\u00e7\u00f5es como &hellip;<\/p>\n","protected":false},"author":5,"featured_media":123219,"comment_status":"open","ping_status":"closed","sticky":false,"template":"","format":"standard","meta":{"footnotes":""},"categories":[469,815,820,2920,1561],"tags":[],"class_list":["post-123218","post","type-post","status-publish","format-standard","has-post-thumbnail","hentry","category-cultura","category-cultura-e-musica","category-educacao","category-obras","category-tecnologia"],"yoast_head":"<!-- This site is optimized with the Yoast SEO plugin v28.4 - https:\/\/yoast.com\/product\/yoast-seo-wordpress\/ -->\n<title>R\u00e1dio MEC homenageia Francisco Mignone com recital especial de cl\u00e1ssicos - Ribeir\u00e3o Preto e Regi\u00e3o<\/title>\n<meta name=\"robots\" content=\"index, follow, max-snippet:-1, max-image-preview:large, max-video-preview:-1\" \/>\n<link rel=\"canonical\" href=\"https:\/\/redenoticiaz.com.br\/ribeiraopreto-regiao\/sp\/2026\/09\/04\/radio-mec-homenageia-francisco-mignone-com-recital-especial-de-classicos\" \/>\n<meta property=\"og:locale\" content=\"pt_BR\" \/>\n<meta property=\"og:type\" content=\"article\" \/>\n<meta property=\"og:title\" content=\"R\u00e1dio MEC homenageia Francisco Mignone com recital especial de cl\u00e1ssicos - Ribeir\u00e3o Preto e Regi\u00e3o\" \/>\n<meta property=\"og:description\" content=\"Em homenagem aos 40 anos de saudades do compositor Francisco Mignone (1897-1986), o programa Sala de Concerto apresenta um recital com obras do artista nesta sexta-feira (4), \u00e0s 17h, na R\u00e1dio MEC. O recital contar\u00e1 com a participa\u00e7\u00e3o dos pianistas Marcos Leite e Rog\u00e9rio Duarte, al\u00e9m do tenor Renato Lima. O repert\u00f3rio incluir\u00e1 composi\u00e7\u00f5es como &hellip;\" \/>\n<meta property=\"og:url\" content=\"https:\/\/redenoticiaz.com.br\/ribeiraopreto-regiao\/sp\/2026\/09\/04\/radio-mec-homenageia-francisco-mignone-com-recital-especial-de-classicos\" \/>\n<meta property=\"og:site_name\" content=\"Ribeir\u00e3o Preto e Regi\u00e3o\" \/>\n<meta property=\"article:publisher\" content=\"https:\/\/m.facebook.com\/redenoticiaz.barretos\" \/>\n<meta property=\"article:published_time\" content=\"2026-09-04T10:37:09+00:00\" \/>\n<meta property=\"og:image\" content=\"https:\/\/redenoticiaz.com.br\/ribeiraopreto-regiao\/wp-content\/uploads\/sites\/4\/2022\/02\/logo.jpg\" \/>\n\t<meta property=\"og:image:width\" content=\"400\" \/>\n\t<meta property=\"og:image:height\" content=\"250\" \/>\n\t<meta property=\"og:image:type\" content=\"image\/jpeg\" \/>\n<meta name=\"author\" content=\"Patr\u00edcia Prado\" \/>\n<meta name=\"twitter:card\" content=\"summary_large_image\" \/>\n<meta name=\"twitter:creator\" content=\"@RN_barretos\" \/>\n<meta name=\"twitter:site\" content=\"@RN_barretos\" \/>\n<meta name=\"twitter:label1\" content=\"Escrito por\" \/>\n\t<meta name=\"twitter:data1\" content=\"Patr\u00edcia Prado\" \/>\n\t<meta name=\"twitter:label2\" content=\"Est. tempo de leitura\" \/>\n\t<meta name=\"twitter:data2\" content=\"1 minuto\" \/>\n<script type=\"application\/ld+json\" class=\"yoast-schema-graph\">{\"@context\":\"https:\\\/\\\/schema.org\",\"@graph\":[{\"@type\":\"Article\",\"@id\":\"https:\\\/\\\/redenoticiaz.com.br\\\/ribeiraopreto-regiao\\\/sp\\\/2026\\\/09\\\/04\\\/radio-mec-homenageia-francisco-mignone-com-recital-especial-de-classicos#article\",\"isPartOf\":{\"@id\":\"https:\\\/\\\/redenoticiaz.com.br\\\/ribeiraopreto-regiao\\\/sp\\\/2026\\\/09\\\/04\\\/radio-mec-homenageia-francisco-mignone-com-recital-especial-de-classicos\"},\"author\":{\"name\":\"Patr\u00edcia Prado\",\"@id\":\"https:\\\/\\\/redenoticiaz.com.br\\\/ribeiraopreto-regiao\\\/#\\\/schema\\\/person\\\/e1b0bd8c2637e2c1b6ddcbc2c33b116f\"},\"headline\":\"R\u00e1dio MEC homenageia Francisco Mignone com recital especial de cl\u00e1ssicos\",\"datePublished\":\"2026-09-04T10:37:09+00:00\",\"mainEntityOfPage\":{\"@id\":\"https:\\\/\\\/redenoticiaz.com.br\\\/ribeiraopreto-regiao\\\/sp\\\/2026\\\/09\\\/04\\\/radio-mec-homenageia-francisco-mignone-com-recital-especial-de-classicos\"},\"wordCount\":299,\"commentCount\":0,\"publisher\":{\"@id\":\"https:\\\/\\\/redenoticiaz.com.br\\\/ribeiraopreto-regiao\\\/#organization\"},\"image\":{\"@id\":\"https:\\\/\\\/redenoticiaz.com.br\\\/ribeiraopreto-regiao\\\/sp\\\/2026\\\/09\\\/04\\\/radio-mec-homenageia-francisco-mignone-com-recital-especial-de-classicos#primaryimage\"},\"thumbnailUrl\":\"https:\\\/\\\/redenoticiaz.com.br\\\/ribeiraopreto-regiao\\\/wp-content\\\/uploads\\\/sites\\\/4\\\/2026\\\/09\\\/radio-mec-sala-de-concerto-marcos-leite-rogerio-duarte-e-renato-lima-credito-divulgacao-radio-mec.jp.jpeg\",\"articleSection\":[\"Cultura\",\"Cultura e M\u00fasica\",\"Educa\u00e7\u00e3o\",\"Obras\",\"Tecnologia\"],\"inLanguage\":\"pt-BR\",\"potentialAction\":[{\"@type\":\"CommentAction\",\"name\":\"Comment\",\"target\":[\"https:\\\/\\\/redenoticiaz.com.br\\\/ribeiraopreto-regiao\\\/sp\\\/2026\\\/09\\\/04\\\/radio-mec-homenageia-francisco-mignone-com-recital-especial-de-classicos#respond\"]}]},{\"@type\":\"WebPage\",\"@id\":\"https:\\\/\\\/redenoticiaz.com.br\\\/ribeiraopreto-regiao\\\/sp\\\/2026\\\/09\\\/04\\\/radio-mec-homenageia-francisco-mignone-com-recital-especial-de-classicos\",\"url\":\"https:\\\/\\\/redenoticiaz.com.br\\\/ribeiraopreto-regiao\\\/sp\\\/2026\\\/09\\\/04\\\/radio-mec-homenageia-francisco-mignone-com-recital-especial-de-classicos\",\"name\":\"R\u00e1dio MEC homenageia Francisco Mignone com recital especial de cl\u00e1ssicos - Ribeir\u00e3o Preto e Regi\u00e3o\",\"isPartOf\":{\"@id\":\"https:\\\/\\\/redenoticiaz.com.br\\\/ribeiraopreto-regiao\\\/#website\"},\"primaryImageOfPage\":{\"@id\":\"https:\\\/\\\/redenoticiaz.com.br\\\/ribeiraopreto-regiao\\\/sp\\\/2026\\\/09\\\/04\\\/radio-mec-homenageia-francisco-mignone-com-recital-especial-de-classicos#primaryimage\"},\"image\":{\"@id\":\"https:\\\/\\\/redenoticiaz.com.br\\\/ribeiraopreto-regiao\\\/sp\\\/2026\\\/09\\\/04\\\/radio-mec-homenageia-francisco-mignone-com-recital-especial-de-classicos#primaryimage\"},\"thumbnailUrl\":\"https:\\\/\\\/redenoticiaz.com.br\\\/ribeiraopreto-regiao\\\/wp-content\\\/uploads\\\/sites\\\/4\\\/2026\\\/09\\\/radio-mec-sala-de-concerto-marcos-leite-rogerio-duarte-e-renato-lima-credito-divulgacao-radio-mec.jp.jpeg\",\"datePublished\":\"2026-09-04T10:37:09+00:00\",\"inLanguage\":\"pt-BR\",\"potentialAction\":[{\"@type\":\"ReadAction\",\"target\":[\"https:\\\/\\\/redenoticiaz.com.br\\\/ribeiraopreto-regiao\\\/sp\\\/2026\\\/09\\\/04\\\/radio-mec-homenageia-francisco-mignone-com-recital-especial-de-classicos\"]}]},{\"@type\":\"ImageObject\",\"inLanguage\":\"pt-BR\",\"@id\":\"https:\\\/\\\/redenoticiaz.com.br\\\/ribeiraopreto-regiao\\\/sp\\\/2026\\\/09\\\/04\\\/radio-mec-homenageia-francisco-mignone-com-recital-especial-de-classicos#primaryimage\",\"url\":\"https:\\\/\\\/redenoticiaz.com.br\\\/ribeiraopreto-regiao\\\/wp-content\\\/uploads\\\/sites\\\/4\\\/2026\\\/09\\\/radio-mec-sala-de-concerto-marcos-leite-rogerio-duarte-e-renato-lima-credito-divulgacao-radio-mec.jp.jpeg\",\"contentUrl\":\"https:\\\/\\\/redenoticiaz.com.br\\\/ribeiraopreto-regiao\\\/wp-content\\\/uploads\\\/sites\\\/4\\\/2026\\\/09\\\/radio-mec-sala-de-concerto-marcos-leite-rogerio-duarte-e-renato-lima-credito-divulgacao-radio-mec.jp.jpeg\",\"width\":1600,\"height\":800},{\"@type\":\"WebSite\",\"@id\":\"https:\\\/\\\/redenoticiaz.com.br\\\/ribeiraopreto-regiao\\\/#website\",\"url\":\"https:\\\/\\\/redenoticiaz.com.br\\\/ribeiraopreto-regiao\\\/\",\"name\":\"Ribeir\u00e3o Preto e Regi\u00e3o\",\"description\":\"Rede NoticiaZ - Ribeir\u00e3o Preto e regi\u00e3o\",\"publisher\":{\"@id\":\"https:\\\/\\\/redenoticiaz.com.br\\\/ribeiraopreto-regiao\\\/#organization\"},\"potentialAction\":[{\"@type\":\"SearchAction\",\"target\":{\"@type\":\"EntryPoint\",\"urlTemplate\":\"https:\\\/\\\/redenoticiaz.com.br\\\/ribeiraopreto-regiao\\\/?s={search_term_string}\"},\"query-input\":{\"@type\":\"PropertyValueSpecification\",\"valueRequired\":true,\"valueName\":\"search_term_string\"}}],\"inLanguage\":\"pt-BR\"},{\"@type\":\"Organization\",\"@id\":\"https:\\\/\\\/redenoticiaz.com.br\\\/ribeiraopreto-regiao\\\/#organization\",\"name\":\"Ribeir\u00e3o Preto e Regi\u00e3o\",\"url\":\"https:\\\/\\\/redenoticiaz.com.br\\\/ribeiraopreto-regiao\\\/\",\"logo\":{\"@type\":\"ImageObject\",\"inLanguage\":\"pt-BR\",\"@id\":\"https:\\\/\\\/redenoticiaz.com.br\\\/ribeiraopreto-regiao\\\/#\\\/schema\\\/logo\\\/image\\\/\",\"url\":\"https:\\\/\\\/redenoticiaz.com.br\\\/barretos-regiao\\\/wp-content\\\/uploads\\\/sites\\\/4\\\/2022\\\/02\\\/logo.jpg\",\"contentUrl\":\"https:\\\/\\\/redenoticiaz.com.br\\\/barretos-regiao\\\/wp-content\\\/uploads\\\/sites\\\/4\\\/2022\\\/02\\\/logo.jpg\",\"width\":400,\"height\":250,\"caption\":\"Ribeir\u00e3o Preto e Regi\u00e3o\"},\"image\":{\"@id\":\"https:\\\/\\\/redenoticiaz.com.br\\\/ribeiraopreto-regiao\\\/#\\\/schema\\\/logo\\\/image\\\/\"},\"sameAs\":[\"https:\\\/\\\/m.facebook.com\\\/redenoticiaz.barretos\",\"https:\\\/\\\/x.com\\\/RN_barretos\",\"https:\\\/\\\/www.instagram.com\\\/redenoticiaz.barretos\\\/?igshid=YmMyMTA2M2Y\",\"https:\\\/\\\/www.linkedin.com\\\/company\\\/rede-noticiaz-barretos-e-regio\\\/\"]},{\"@type\":\"Person\",\"@id\":\"https:\\\/\\\/redenoticiaz.com.br\\\/ribeiraopreto-regiao\\\/#\\\/schema\\\/person\\\/e1b0bd8c2637e2c1b6ddcbc2c33b116f\",\"name\":\"Patr\u00edcia Prado\",\"image\":{\"@type\":\"ImageObject\",\"inLanguage\":\"pt-BR\",\"@id\":\"https:\\\/\\\/secure.gravatar.com\\\/avatar\\\/92e358bef22cfcec15e054ae4d9fee04dadf0c772dc4a17b382b8a34a15354c2?s=96&d=mm&r=g\",\"url\":\"https:\\\/\\\/secure.gravatar.com\\\/avatar\\\/92e358bef22cfcec15e054ae4d9fee04dadf0c772dc4a17b382b8a34a15354c2?s=96&d=mm&r=g\",\"contentUrl\":\"https:\\\/\\\/secure.gravatar.com\\\/avatar\\\/92e358bef22cfcec15e054ae4d9fee04dadf0c772dc4a17b382b8a34a15354c2?s=96&d=mm&r=g\",\"caption\":\"Patr\u00edcia Prado\"},\"url\":\"https:\\\/\\\/redenoticiaz.com.br\\\/ribeiraopreto-regiao\\\/sp\\\/author\\\/patricia-prado\"}]}<\/script>\n<!-- \/ Yoast SEO plugin. -->","yoast_head_json":{"title":"R\u00e1dio MEC homenageia Francisco Mignone com recital especial de cl\u00e1ssicos - Ribeir\u00e3o Preto e Regi\u00e3o","robots":{"index":"index","follow":"follow","max-snippet":"max-snippet:-1","max-image-preview":"max-image-preview:large","max-video-preview":"max-video-preview:-1"},"canonical":"https:\/\/redenoticiaz.com.br\/ribeiraopreto-regiao\/sp\/2026\/09\/04\/radio-mec-homenageia-francisco-mignone-com-recital-especial-de-classicos","og_locale":"pt_BR","og_type":"article","og_title":"R\u00e1dio MEC homenageia Francisco Mignone com recital especial de cl\u00e1ssicos - Ribeir\u00e3o Preto e Regi\u00e3o","og_description":"Em homenagem aos 40 anos de saudades do compositor Francisco Mignone (1897-1986), o programa Sala de Concerto apresenta um recital com obras do artista nesta sexta-feira (4), \u00e0s 17h, na R\u00e1dio MEC. O recital contar\u00e1 com a participa\u00e7\u00e3o dos pianistas Marcos Leite e Rog\u00e9rio Duarte, al\u00e9m do tenor Renato Lima. O repert\u00f3rio incluir\u00e1 composi\u00e7\u00f5es como &hellip;","og_url":"https:\/\/redenoticiaz.com.br\/ribeiraopreto-regiao\/sp\/2026\/09\/04\/radio-mec-homenageia-francisco-mignone-com-recital-especial-de-classicos","og_site_name":"Ribeir\u00e3o Preto e Regi\u00e3o","article_publisher":"https:\/\/m.facebook.com\/redenoticiaz.barretos","article_published_time":"2026-09-04T10:37:09+00:00","og_image":[{"width":400,"height":250,"url":"https:\/\/redenoticiaz.com.br\/ribeiraopreto-regiao\/wp-content\/uploads\/sites\/4\/2022\/02\/logo.jpg","type":"image\/jpeg"}],"author":"Patr\u00edcia Prado","twitter_card":"summary_large_image","twitter_creator":"@RN_barretos","twitter_site":"@RN_barretos","twitter_misc":{"Escrito por":"Patr\u00edcia Prado","Est. tempo de leitura":"1 minuto"},"schema":{"@context":"https:\/\/schema.org","@graph":[{"@type":"Article","@id":"https:\/\/redenoticiaz.com.br\/ribeiraopreto-regiao\/sp\/2026\/09\/04\/radio-mec-homenageia-francisco-mignone-com-recital-especial-de-classicos#article","isPartOf":{"@id":"https:\/\/redenoticiaz.com.br\/ribeiraopreto-regiao\/sp\/2026\/09\/04\/radio-mec-homenageia-francisco-mignone-com-recital-especial-de-classicos"},"author":{"name":"Patr\u00edcia Prado","@id":"https:\/\/redenoticiaz.com.br\/ribeiraopreto-regiao\/#\/schema\/person\/e1b0bd8c2637e2c1b6ddcbc2c33b116f"},"headline":"R\u00e1dio MEC homenageia Francisco Mignone com recital especial de cl\u00e1ssicos","datePublished":"2026-09-04T10:37:09+00:00","mainEntityOfPage":{"@id":"https:\/\/redenoticiaz.com.br\/ribeiraopreto-regiao\/sp\/2026\/09\/04\/radio-mec-homenageia-francisco-mignone-com-recital-especial-de-classicos"},"wordCount":299,"commentCount":0,"publisher":{"@id":"https:\/\/redenoticiaz.com.br\/ribeiraopreto-regiao\/#organization"},"image":{"@id":"https:\/\/redenoticiaz.com.br\/ribeiraopreto-regiao\/sp\/2026\/09\/04\/radio-mec-homenageia-francisco-mignone-com-recital-especial-de-classicos#primaryimage"},"thumbnailUrl":"https:\/\/redenoticiaz.com.br\/ribeiraopreto-regiao\/wp-content\/uploads\/sites\/4\/2026\/09\/radio-mec-sala-de-concerto-marcos-leite-rogerio-duarte-e-renato-lima-credito-divulgacao-radio-mec.jp.jpeg","articleSection":["Cultura","Cultura e M\u00fasica","Educa\u00e7\u00e3o","Obras","Tecnologia"],"inLanguage":"pt-BR","potentialAction":[{"@type":"CommentAction","name":"Comment","target":["https:\/\/redenoticiaz.com.br\/ribeiraopreto-regiao\/sp\/2026\/09\/04\/radio-mec-homenageia-francisco-mignone-com-recital-especial-de-classicos#respond"]}]},{"@type":"WebPage","@id":"https:\/\/redenoticiaz.com.br\/ribeiraopreto-regiao\/sp\/2026\/09\/04\/radio-mec-homenageia-francisco-mignone-com-recital-especial-de-classicos","url":"https:\/\/redenoticiaz.com.br\/ribeiraopreto-regiao\/sp\/2026\/09\/04\/radio-mec-homenageia-francisco-mignone-com-recital-especial-de-classicos","name":"R\u00e1dio MEC homenageia Francisco Mignone com recital especial de cl\u00e1ssicos - Ribeir\u00e3o Preto e Regi\u00e3o","isPartOf":{"@id":"https:\/\/redenoticiaz.com.br\/ribeiraopreto-regiao\/#website"},"primaryImageOfPage":{"@id":"https:\/\/redenoticiaz.com.br\/ribeiraopreto-regiao\/sp\/2026\/09\/04\/radio-mec-homenageia-francisco-mignone-com-recital-especial-de-classicos#primaryimage"},"image":{"@id":"https:\/\/redenoticiaz.com.br\/ribeiraopreto-regiao\/sp\/2026\/09\/04\/radio-mec-homenageia-francisco-mignone-com-recital-especial-de-classicos#primaryimage"},"thumbnailUrl":"https:\/\/redenoticiaz.com.br\/ribeiraopreto-regiao\/wp-content\/uploads\/sites\/4\/2026\/09\/radio-mec-sala-de-concerto-marcos-leite-rogerio-duarte-e-renato-lima-credito-divulgacao-radio-mec.jp.jpeg","datePublished":"2026-09-04T10:37:09+00:00","inLanguage":"pt-BR","potentialAction":[{"@type":"ReadAction","target":["https:\/\/redenoticiaz.com.br\/ribeiraopreto-regiao\/sp\/2026\/09\/04\/radio-mec-homenageia-francisco-mignone-com-recital-especial-de-classicos"]}]},{"@type":"ImageObject","inLanguage":"pt-BR","@id":"https:\/\/redenoticiaz.com.br\/ribeiraopreto-regiao\/sp\/2026\/09\/04\/radio-mec-homenageia-francisco-mignone-com-recital-especial-de-classicos#primaryimage","url":"https:\/\/redenoticiaz.com.br\/ribeiraopreto-regiao\/wp-content\/uploads\/sites\/4\/2026\/09\/radio-mec-sala-de-concerto-marcos-leite-rogerio-duarte-e-renato-lima-credito-divulgacao-radio-mec.jp.jpeg","contentUrl":"https:\/\/redenoticiaz.com.br\/ribeiraopreto-regiao\/wp-content\/uploads\/sites\/4\/2026\/09\/radio-mec-sala-de-concerto-marcos-leite-rogerio-duarte-e-renato-lima-credito-divulgacao-radio-mec.jp.jpeg","width":1600,"height":800},{"@type":"WebSite","@id":"https:\/\/redenoticiaz.com.br\/ribeiraopreto-regiao\/#website","url":"https:\/\/redenoticiaz.com.br\/ribeiraopreto-regiao\/","name":"Ribeir\u00e3o Preto e Regi\u00e3o","description":"Rede NoticiaZ - Ribeir\u00e3o Preto e regi\u00e3o","publisher":{"@id":"https:\/\/redenoticiaz.com.br\/ribeiraopreto-regiao\/#organization"},"potentialAction":[{"@type":"SearchAction","target":{"@type":"EntryPoint","urlTemplate":"https:\/\/redenoticiaz.com.br\/ribeiraopreto-regiao\/?s={search_term_string}"},"query-input":{"@type":"PropertyValueSpecification","valueRequired":true,"valueName":"search_term_string"}}],"inLanguage":"pt-BR"},{"@type":"Organization","@id":"https:\/\/redenoticiaz.com.br\/ribeiraopreto-regiao\/#organization","name":"Ribeir\u00e3o Preto e Regi\u00e3o","url":"https:\/\/redenoticiaz.com.br\/ribeiraopreto-regiao\/","logo":{"@type":"ImageObject","inLanguage":"pt-BR","@id":"https:\/\/redenoticiaz.com.br\/ribeiraopreto-regiao\/#\/schema\/logo\/image\/","url":"https:\/\/redenoticiaz.com.br\/barretos-regiao\/wp-content\/uploads\/sites\/4\/2022\/02\/logo.jpg","contentUrl":"https:\/\/redenoticiaz.com.br\/barretos-regiao\/wp-content\/uploads\/sites\/4\/2022\/02\/logo.jpg","width":400,"height":250,"caption":"Ribeir\u00e3o Preto e Regi\u00e3o"},"image":{"@id":"https:\/\/redenoticiaz.com.br\/ribeiraopreto-regiao\/#\/schema\/logo\/image\/"},"sameAs":["https:\/\/m.facebook.com\/redenoticiaz.barretos","https:\/\/x.com\/RN_barretos","https:\/\/www.instagram.com\/redenoticiaz.barretos\/?igshid=YmMyMTA2M2Y","https:\/\/www.linkedin.com\/company\/rede-noticiaz-barretos-e-regio\/"]},{"@type":"Person","@id":"https:\/\/redenoticiaz.com.br\/ribeiraopreto-regiao\/#\/schema\/person\/e1b0bd8c2637e2c1b6ddcbc2c33b116f","name":"Patr\u00edcia Prado","image":{"@type":"ImageObject","inLanguage":"pt-BR","@id":"https:\/\/secure.gravatar.com\/avatar\/92e358bef22cfcec15e054ae4d9fee04dadf0c772dc4a17b382b8a34a15354c2?s=96&d=mm&r=g","url":"https:\/\/secure.gravatar.com\/avatar\/92e358bef22cfcec15e054ae4d9fee04dadf0c772dc4a17b382b8a34a15354c2?s=96&d=mm&r=g","contentUrl":"https:\/\/secure.gravatar.com\/avatar\/92e358bef22cfcec15e054ae4d9fee04dadf0c772dc4a17b382b8a34a15354c2?s=96&d=mm&r=g","caption":"Patr\u00edcia Prado"},"url":"https:\/\/redenoticiaz.com.br\/ribeiraopreto-regiao\/sp\/author\/patricia-prado"}]}},"_links":{"self":[{"href":"https:\/\/redenoticiaz.com.br\/ribeiraopreto-regiao\/wp-json\/wp\/v2\/posts\/123218","targetHints":{"allow":["GET"]}}],"collection":[{"href":"https:\/\/redenoticiaz.com.br\/ribeiraopreto-regiao\/wp-json\/wp\/v2\/posts"}],"about":[{"href":"https:\/\/redenoticiaz.com.br\/ribeiraopreto-regiao\/wp-json\/wp\/v2\/types\/post"}],"author":[{"embeddable":true,"href":"https:\/\/redenoticiaz.com.br\/ribeiraopreto-regiao\/wp-json\/wp\/v2\/users\/5"}],"replies":[{"embeddable":true,"href":"https:\/\/redenoticiaz.com.br\/ribeiraopreto-regiao\/wp-json\/wp\/v2\/comments?post=123218"}],"version-history":[{"count":0,"href":"https:\/\/redenoticiaz.com.br\/ribeiraopreto-regiao\/wp-json\/wp\/v2\/posts\/123218\/revisions"}],"wp:featuredmedia":[{"embeddable":true,"href":"https:\/\/redenoticiaz.com.br\/ribeiraopreto-regiao\/wp-json\/wp\/v2\/media\/123219"}],"wp:attachment":[{"href":"https:\/\/redenoticiaz.com.br\/ribeiraopreto-regiao\/wp-json\/wp\/v2\/media?parent=123218"}],"wp:term":[{"taxonomy":"category","embeddable":true,"href":"https:\/\/redenoticiaz.com.br\/ribeiraopreto-regiao\/wp-json\/wp\/v2\/categories?post=123218"},{"taxonomy":"post_tag","embeddable":true,"href":"https:\/\/redenoticiaz.com.br\/ribeiraopreto-regiao\/wp-json\/wp\/v2\/tags?post=123218"}],"curies":[{"name":"wp","href":"https:\/\/api.w.org\/{rel}","templated":true}]}}