{"id":123232,"date":"2026-09-04T11:14:30","date_gmt":"2026-09-04T14:14:30","guid":{"rendered":"https:\/\/redenoticiaz.com.br\/ribeiraopreto-regiao\/sp\/2026\/09\/04\/brasil-obtem-autorizacao-para-credito-de-us-1-bilhao-do-bid-para-eco-invest"},"modified":"2026-09-04T11:14:30","modified_gmt":"2026-09-04T14:14:30","slug":"brasil-obtem-autorizacao-para-credito-de-us-1-bilhao-do-bid-para-eco-invest","status":"publish","type":"post","link":"https:\/\/redenoticiaz.com.br\/ribeiraopreto-regiao\/sp\/2026\/09\/04\/brasil-obtem-autorizacao-para-credito-de-us-1-bilhao-do-bid-para-eco-invest","title":{"rendered":"Brasil obt\u00e9m autoriza\u00e7\u00e3o para cr\u00e9dito de US$ 1 bilh\u00e3o do BID para Eco Invest"},"content":{"rendered":"<p>O governo brasileiro recebeu autoriza\u00e7\u00e3o para contratar um cr\u00e9dito externo de at\u00e9 US$ 1 bilh\u00e3o junto ao Banco Interamericano de Desenvolvimento (BID). O valor ser\u00e1 destinado ao Eco Invest Brasil, uma iniciativa voltada para a promo\u00e7\u00e3o da acelera\u00e7\u00e3o e transi\u00e7\u00e3o ecol\u00f3gica sustent\u00e1vel.<\/p>\n<p>A decis\u00e3o foi publicada pelo Minist\u00e9rio da Fazenda nesta sexta-feira (4), ap\u00f3s avalia\u00e7\u00f5es positivas da Secretaria do Tesouro Nacional e da Procuradoria-Geral da Fazenda Nacional (PGFN). A aprova\u00e7\u00e3o fundamenta-se no Artigo 40 da Lei de Responsabilidade Fiscal (Lei Complementar n\u00ba 101\/2000) e em resolu\u00e7\u00f5es do Senado.<\/p>\n<p>O Eco Invest Brasil faz parte da estrat\u00e9gia do governo federal para atrair investimentos privados estrangeiros. O programa busca aprimorar as condi\u00e7\u00f5es institucionais e regulat\u00f3rias do ambiente de neg\u00f3cios e inclui mecanismos de prote\u00e7\u00e3o cambial, visando reduzir riscos para os investidores.<\/p>\n<p>Com a autoriza\u00e7\u00e3o, a Uni\u00e3o poder\u00e1 formalizar a opera\u00e7\u00e3o de cr\u00e9dito com o BID, que atua no financiamento de projetos de desenvolvimento econ\u00f4mico e social na Am\u00e9rica Latina e no Caribe. O programa \u00e9 coordenado pelos Minist\u00e9rios da Fazenda e do Meio Ambiente e Mudan\u00e7a do Clima e est\u00e1 integrado ao Plano de Transforma\u00e7\u00e3o Ecol\u00f3gica \u2013 Novo Brasil.<\/p>\n<p>Um dos principais instrumentos do Eco Invest Brasil \u00e9 a combina\u00e7\u00e3o de recursos p\u00fablicos e privados, aplicados em um modelo de financiamento misto. Nesse contexto, o capital catal\u00edtico \u00e9 utilizado para investimentos com maior toler\u00e2ncia a riscos de mercado e leva em considera\u00e7\u00e3o n\u00e3o apenas o retorno financeiro, mas tamb\u00e9m o retorno social dos projetos, permitindo a alavancagem de recursos para investimentos convencionais.<\/p>\n<p>As iniciativas previstas no Eco Invest Brasil podem beneficiar mais de 2 milh\u00f5es de pessoas nas Regi\u00f5es Nordeste, Sudeste e Sul. Entre os projetos em destaque est\u00e1 a constru\u00e7\u00e3o de uma biorrefinaria na Bahia, que ter\u00e1 capacidade para produzir mais de 20 mil barris de \u00f3leo vegetal, destinados a combust\u00edveis renov\u00e1veis compat\u00edveis com a frota a\u00e9rea atual.<\/p>\n<p>O programa tamb\u00e9m financiar\u00e1 projetos de adapta\u00e7\u00e3o clim\u00e1tica, como a moderniza\u00e7\u00e3o da infraestrutura el\u00e9trica em estados como Bahia, S\u00e3o Paulo e Mato Grosso do Sul. A iniciativa incluir\u00e1 o aterramento de linhas el\u00e9tricas vulner\u00e1veis, minimizando interrup\u00e7\u00f5es no fornecimento de energia causadas por fen\u00f4menos clim\u00e1ticos extremos.<\/p>\n","protected":false},"excerpt":{"rendered":"<p>O governo brasileiro recebeu autoriza\u00e7\u00e3o para contratar um cr\u00e9dito externo de at\u00e9 US$ 1 bilh\u00e3o junto ao Banco Interamericano de Desenvolvimento (BID). O valor ser\u00e1 destinado ao Eco Invest Brasil, uma iniciativa voltada para a promo\u00e7\u00e3o da acelera\u00e7\u00e3o e transi\u00e7\u00e3o ecol\u00f3gica sustent\u00e1vel. A decis\u00e3o foi publicada pelo Minist\u00e9rio da Fazenda nesta sexta-feira (4), ap\u00f3s avalia\u00e7\u00f5es &hellip;<\/p>\n","protected":false},"author":5,"featured_media":123233,"comment_status":"open","ping_status":"closed","sticky":false,"template":"","format":"standard","meta":{"footnotes":""},"categories":[101,94,2920,186],"tags":[],"class_list":["post-123232","post","type-post","status-publish","format-standard","has-post-thumbnail","hentry","category-economia","category-meio-ambiente","category-obras","category-politica"],"yoast_head":"<!-- This site is optimized with the Yoast SEO plugin v28.4 - https:\/\/yoast.com\/product\/yoast-seo-wordpress\/ -->\n<title>Brasil obt\u00e9m autoriza\u00e7\u00e3o para cr\u00e9dito de US$ 1 bilh\u00e3o do BID para Eco Invest - Ribeir\u00e3o Preto e Regi\u00e3o<\/title>\n<meta name=\"robots\" content=\"index, follow, max-snippet:-1, max-image-preview:large, max-video-preview:-1\" \/>\n<link rel=\"canonical\" href=\"https:\/\/redenoticiaz.com.br\/ribeiraopreto-regiao\/sp\/2026\/09\/04\/brasil-obtem-autorizacao-para-credito-de-us-1-bilhao-do-bid-para-eco-invest\" \/>\n<meta property=\"og:locale\" content=\"pt_BR\" \/>\n<meta property=\"og:type\" content=\"article\" \/>\n<meta property=\"og:title\" content=\"Brasil obt\u00e9m autoriza\u00e7\u00e3o para cr\u00e9dito de US$ 1 bilh\u00e3o do BID para Eco Invest - Ribeir\u00e3o Preto e Regi\u00e3o\" \/>\n<meta property=\"og:description\" content=\"O governo brasileiro recebeu autoriza\u00e7\u00e3o para contratar um cr\u00e9dito externo de at\u00e9 US$ 1 bilh\u00e3o junto ao Banco Interamericano de Desenvolvimento (BID). O valor ser\u00e1 destinado ao Eco Invest Brasil, uma iniciativa voltada para a promo\u00e7\u00e3o da acelera\u00e7\u00e3o e transi\u00e7\u00e3o ecol\u00f3gica sustent\u00e1vel. A decis\u00e3o foi publicada pelo Minist\u00e9rio da Fazenda nesta sexta-feira (4), ap\u00f3s avalia\u00e7\u00f5es &hellip;\" \/>\n<meta property=\"og:url\" content=\"https:\/\/redenoticiaz.com.br\/ribeiraopreto-regiao\/sp\/2026\/09\/04\/brasil-obtem-autorizacao-para-credito-de-us-1-bilhao-do-bid-para-eco-invest\" \/>\n<meta property=\"og:site_name\" content=\"Ribeir\u00e3o Preto e Regi\u00e3o\" \/>\n<meta property=\"article:publisher\" content=\"https:\/\/m.facebook.com\/redenoticiaz.barretos\" \/>\n<meta property=\"article:published_time\" content=\"2026-09-04T14:14:30+00:00\" \/>\n<meta property=\"og:image\" content=\"https:\/\/redenoticiaz.com.br\/ribeiraopreto-regiao\/wp-content\/uploads\/sites\/4\/2022\/02\/logo.jpg\" \/>\n\t<meta property=\"og:image:width\" content=\"400\" \/>\n\t<meta property=\"og:image:height\" content=\"250\" \/>\n\t<meta property=\"og:image:type\" content=\"image\/jpeg\" \/>\n<meta name=\"author\" content=\"Patr\u00edcia Prado\" \/>\n<meta name=\"twitter:card\" content=\"summary_large_image\" \/>\n<meta name=\"twitter:creator\" content=\"@RN_barretos\" \/>\n<meta name=\"twitter:site\" content=\"@RN_barretos\" \/>\n<meta name=\"twitter:label1\" content=\"Escrito por\" \/>\n\t<meta name=\"twitter:data1\" content=\"Patr\u00edcia Prado\" \/>\n\t<meta name=\"twitter:label2\" content=\"Est. tempo de leitura\" \/>\n\t<meta name=\"twitter:data2\" content=\"2 minutos\" \/>\n<script type=\"application\/ld+json\" class=\"yoast-schema-graph\">{\"@context\":\"https:\\\/\\\/schema.org\",\"@graph\":[{\"@type\":\"Article\",\"@id\":\"https:\\\/\\\/redenoticiaz.com.br\\\/ribeiraopreto-regiao\\\/sp\\\/2026\\\/09\\\/04\\\/brasil-obtem-autorizacao-para-credito-de-us-1-bilhao-do-bid-para-eco-invest#article\",\"isPartOf\":{\"@id\":\"https:\\\/\\\/redenoticiaz.com.br\\\/ribeiraopreto-regiao\\\/sp\\\/2026\\\/09\\\/04\\\/brasil-obtem-autorizacao-para-credito-de-us-1-bilhao-do-bid-para-eco-invest\"},\"author\":{\"name\":\"Patr\u00edcia Prado\",\"@id\":\"https:\\\/\\\/redenoticiaz.com.br\\\/ribeiraopreto-regiao\\\/#\\\/schema\\\/person\\\/e1b0bd8c2637e2c1b6ddcbc2c33b116f\"},\"headline\":\"Brasil obt\u00e9m autoriza\u00e7\u00e3o para cr\u00e9dito de US$ 1 bilh\u00e3o do BID para Eco Invest\",\"datePublished\":\"2026-09-04T14:14:30+00:00\",\"mainEntityOfPage\":{\"@id\":\"https:\\\/\\\/redenoticiaz.com.br\\\/ribeiraopreto-regiao\\\/sp\\\/2026\\\/09\\\/04\\\/brasil-obtem-autorizacao-para-credito-de-us-1-bilhao-do-bid-para-eco-invest\"},\"wordCount\":413,\"commentCount\":0,\"publisher\":{\"@id\":\"https:\\\/\\\/redenoticiaz.com.br\\\/ribeiraopreto-regiao\\\/#organization\"},\"image\":{\"@id\":\"https:\\\/\\\/redenoticiaz.com.br\\\/ribeiraopreto-regiao\\\/sp\\\/2026\\\/09\\\/04\\\/brasil-obtem-autorizacao-para-credito-de-us-1-bilhao-do-bid-para-eco-invest#primaryimage\"},\"thumbnailUrl\":\"https:\\\/\\\/redenoticiaz.com.br\\\/ribeiraopreto-regiao\\\/wp-content\\\/uploads\\\/sites\\\/4\\\/2026\\\/09\\\/dji_20260514133612_0223_d_55279773377_o.jpg\",\"articleSection\":[\"Economia\",\"Meio Ambiente\",\"Obras\",\"Pol\u00edtica\"],\"inLanguage\":\"pt-BR\",\"potentialAction\":[{\"@type\":\"CommentAction\",\"name\":\"Comment\",\"target\":[\"https:\\\/\\\/redenoticiaz.com.br\\\/ribeiraopreto-regiao\\\/sp\\\/2026\\\/09\\\/04\\\/brasil-obtem-autorizacao-para-credito-de-us-1-bilhao-do-bid-para-eco-invest#respond\"]}]},{\"@type\":\"WebPage\",\"@id\":\"https:\\\/\\\/redenoticiaz.com.br\\\/ribeiraopreto-regiao\\\/sp\\\/2026\\\/09\\\/04\\\/brasil-obtem-autorizacao-para-credito-de-us-1-bilhao-do-bid-para-eco-invest\",\"url\":\"https:\\\/\\\/redenoticiaz.com.br\\\/ribeiraopreto-regiao\\\/sp\\\/2026\\\/09\\\/04\\\/brasil-obtem-autorizacao-para-credito-de-us-1-bilhao-do-bid-para-eco-invest\",\"name\":\"Brasil obt\u00e9m autoriza\u00e7\u00e3o para cr\u00e9dito de US$ 1 bilh\u00e3o do BID para Eco Invest - Ribeir\u00e3o Preto e Regi\u00e3o\",\"isPartOf\":{\"@id\":\"https:\\\/\\\/redenoticiaz.com.br\\\/ribeiraopreto-regiao\\\/#website\"},\"primaryImageOfPage\":{\"@id\":\"https:\\\/\\\/redenoticiaz.com.br\\\/ribeiraopreto-regiao\\\/sp\\\/2026\\\/09\\\/04\\\/brasil-obtem-autorizacao-para-credito-de-us-1-bilhao-do-bid-para-eco-invest#primaryimage\"},\"image\":{\"@id\":\"https:\\\/\\\/redenoticiaz.com.br\\\/ribeiraopreto-regiao\\\/sp\\\/2026\\\/09\\\/04\\\/brasil-obtem-autorizacao-para-credito-de-us-1-bilhao-do-bid-para-eco-invest#primaryimage\"},\"thumbnailUrl\":\"https:\\\/\\\/redenoticiaz.com.br\\\/ribeiraopreto-regiao\\\/wp-content\\\/uploads\\\/sites\\\/4\\\/2026\\\/09\\\/dji_20260514133612_0223_d_55279773377_o.jpg\",\"datePublished\":\"2026-09-04T14:14:30+00:00\",\"inLanguage\":\"pt-BR\",\"potentialAction\":[{\"@type\":\"ReadAction\",\"target\":[\"https:\\\/\\\/redenoticiaz.com.br\\\/ribeiraopreto-regiao\\\/sp\\\/2026\\\/09\\\/04\\\/brasil-obtem-autorizacao-para-credito-de-us-1-bilhao-do-bid-para-eco-invest\"]}]},{\"@type\":\"ImageObject\",\"inLanguage\":\"pt-BR\",\"@id\":\"https:\\\/\\\/redenoticiaz.com.br\\\/ribeiraopreto-regiao\\\/sp\\\/2026\\\/09\\\/04\\\/brasil-obtem-autorizacao-para-credito-de-us-1-bilhao-do-bid-para-eco-invest#primaryimage\",\"url\":\"https:\\\/\\\/redenoticiaz.com.br\\\/ribeiraopreto-regiao\\\/wp-content\\\/uploads\\\/sites\\\/4\\\/2026\\\/09\\\/dji_20260514133612_0223_d_55279773377_o.jpg\",\"contentUrl\":\"https:\\\/\\\/redenoticiaz.com.br\\\/ribeiraopreto-regiao\\\/wp-content\\\/uploads\\\/sites\\\/4\\\/2026\\\/09\\\/dji_20260514133612_0223_d_55279773377_o.jpg\",\"width\":1600,\"height\":800},{\"@type\":\"WebSite\",\"@id\":\"https:\\\/\\\/redenoticiaz.com.br\\\/ribeiraopreto-regiao\\\/#website\",\"url\":\"https:\\\/\\\/redenoticiaz.com.br\\\/ribeiraopreto-regiao\\\/\",\"name\":\"Ribeir\u00e3o Preto e Regi\u00e3o\",\"description\":\"Rede NoticiaZ - Ribeir\u00e3o Preto e regi\u00e3o\",\"publisher\":{\"@id\":\"https:\\\/\\\/redenoticiaz.com.br\\\/ribeiraopreto-regiao\\\/#organization\"},\"potentialAction\":[{\"@type\":\"SearchAction\",\"target\":{\"@type\":\"EntryPoint\",\"urlTemplate\":\"https:\\\/\\\/redenoticiaz.com.br\\\/ribeiraopreto-regiao\\\/?s={search_term_string}\"},\"query-input\":{\"@type\":\"PropertyValueSpecification\",\"valueRequired\":true,\"valueName\":\"search_term_string\"}}],\"inLanguage\":\"pt-BR\"},{\"@type\":\"Organization\",\"@id\":\"https:\\\/\\\/redenoticiaz.com.br\\\/ribeiraopreto-regiao\\\/#organization\",\"name\":\"Ribeir\u00e3o Preto e Regi\u00e3o\",\"url\":\"https:\\\/\\\/redenoticiaz.com.br\\\/ribeiraopreto-regiao\\\/\",\"logo\":{\"@type\":\"ImageObject\",\"inLanguage\":\"pt-BR\",\"@id\":\"https:\\\/\\\/redenoticiaz.com.br\\\/ribeiraopreto-regiao\\\/#\\\/schema\\\/logo\\\/image\\\/\",\"url\":\"https:\\\/\\\/redenoticiaz.com.br\\\/barretos-regiao\\\/wp-content\\\/uploads\\\/sites\\\/4\\\/2022\\\/02\\\/logo.jpg\",\"contentUrl\":\"https:\\\/\\\/redenoticiaz.com.br\\\/barretos-regiao\\\/wp-content\\\/uploads\\\/sites\\\/4\\\/2022\\\/02\\\/logo.jpg\",\"width\":400,\"height\":250,\"caption\":\"Ribeir\u00e3o Preto e Regi\u00e3o\"},\"image\":{\"@id\":\"https:\\\/\\\/redenoticiaz.com.br\\\/ribeiraopreto-regiao\\\/#\\\/schema\\\/logo\\\/image\\\/\"},\"sameAs\":[\"https:\\\/\\\/m.facebook.com\\\/redenoticiaz.barretos\",\"https:\\\/\\\/x.com\\\/RN_barretos\",\"https:\\\/\\\/www.instagram.com\\\/redenoticiaz.barretos\\\/?igshid=YmMyMTA2M2Y\",\"https:\\\/\\\/www.linkedin.com\\\/company\\\/rede-noticiaz-barretos-e-regio\\\/\"]},{\"@type\":\"Person\",\"@id\":\"https:\\\/\\\/redenoticiaz.com.br\\\/ribeiraopreto-regiao\\\/#\\\/schema\\\/person\\\/e1b0bd8c2637e2c1b6ddcbc2c33b116f\",\"name\":\"Patr\u00edcia Prado\",\"image\":{\"@type\":\"ImageObject\",\"inLanguage\":\"pt-BR\",\"@id\":\"https:\\\/\\\/secure.gravatar.com\\\/avatar\\\/92e358bef22cfcec15e054ae4d9fee04dadf0c772dc4a17b382b8a34a15354c2?s=96&d=mm&r=g\",\"url\":\"https:\\\/\\\/secure.gravatar.com\\\/avatar\\\/92e358bef22cfcec15e054ae4d9fee04dadf0c772dc4a17b382b8a34a15354c2?s=96&d=mm&r=g\",\"contentUrl\":\"https:\\\/\\\/secure.gravatar.com\\\/avatar\\\/92e358bef22cfcec15e054ae4d9fee04dadf0c772dc4a17b382b8a34a15354c2?s=96&d=mm&r=g\",\"caption\":\"Patr\u00edcia Prado\"},\"url\":\"https:\\\/\\\/redenoticiaz.com.br\\\/ribeiraopreto-regiao\\\/sp\\\/author\\\/patricia-prado\"}]}<\/script>\n<!-- \/ Yoast SEO plugin. -->","yoast_head_json":{"title":"Brasil obt\u00e9m autoriza\u00e7\u00e3o para cr\u00e9dito de US$ 1 bilh\u00e3o do BID para Eco Invest - Ribeir\u00e3o Preto e Regi\u00e3o","robots":{"index":"index","follow":"follow","max-snippet":"max-snippet:-1","max-image-preview":"max-image-preview:large","max-video-preview":"max-video-preview:-1"},"canonical":"https:\/\/redenoticiaz.com.br\/ribeiraopreto-regiao\/sp\/2026\/09\/04\/brasil-obtem-autorizacao-para-credito-de-us-1-bilhao-do-bid-para-eco-invest","og_locale":"pt_BR","og_type":"article","og_title":"Brasil obt\u00e9m autoriza\u00e7\u00e3o para cr\u00e9dito de US$ 1 bilh\u00e3o do BID para Eco Invest - Ribeir\u00e3o Preto e Regi\u00e3o","og_description":"O governo brasileiro recebeu autoriza\u00e7\u00e3o para contratar um cr\u00e9dito externo de at\u00e9 US$ 1 bilh\u00e3o junto ao Banco Interamericano de Desenvolvimento (BID). O valor ser\u00e1 destinado ao Eco Invest Brasil, uma iniciativa voltada para a promo\u00e7\u00e3o da acelera\u00e7\u00e3o e transi\u00e7\u00e3o ecol\u00f3gica sustent\u00e1vel. A decis\u00e3o foi publicada pelo Minist\u00e9rio da Fazenda nesta sexta-feira (4), ap\u00f3s avalia\u00e7\u00f5es &hellip;","og_url":"https:\/\/redenoticiaz.com.br\/ribeiraopreto-regiao\/sp\/2026\/09\/04\/brasil-obtem-autorizacao-para-credito-de-us-1-bilhao-do-bid-para-eco-invest","og_site_name":"Ribeir\u00e3o Preto e Regi\u00e3o","article_publisher":"https:\/\/m.facebook.com\/redenoticiaz.barretos","article_published_time":"2026-09-04T14:14:30+00:00","og_image":[{"width":400,"height":250,"url":"https:\/\/redenoticiaz.com.br\/ribeiraopreto-regiao\/wp-content\/uploads\/sites\/4\/2022\/02\/logo.jpg","type":"image\/jpeg"}],"author":"Patr\u00edcia Prado","twitter_card":"summary_large_image","twitter_creator":"@RN_barretos","twitter_site":"@RN_barretos","twitter_misc":{"Escrito por":"Patr\u00edcia Prado","Est. tempo de leitura":"2 minutos"},"schema":{"@context":"https:\/\/schema.org","@graph":[{"@type":"Article","@id":"https:\/\/redenoticiaz.com.br\/ribeiraopreto-regiao\/sp\/2026\/09\/04\/brasil-obtem-autorizacao-para-credito-de-us-1-bilhao-do-bid-para-eco-invest#article","isPartOf":{"@id":"https:\/\/redenoticiaz.com.br\/ribeiraopreto-regiao\/sp\/2026\/09\/04\/brasil-obtem-autorizacao-para-credito-de-us-1-bilhao-do-bid-para-eco-invest"},"author":{"name":"Patr\u00edcia Prado","@id":"https:\/\/redenoticiaz.com.br\/ribeiraopreto-regiao\/#\/schema\/person\/e1b0bd8c2637e2c1b6ddcbc2c33b116f"},"headline":"Brasil obt\u00e9m autoriza\u00e7\u00e3o para cr\u00e9dito de US$ 1 bilh\u00e3o do BID para Eco Invest","datePublished":"2026-09-04T14:14:30+00:00","mainEntityOfPage":{"@id":"https:\/\/redenoticiaz.com.br\/ribeiraopreto-regiao\/sp\/2026\/09\/04\/brasil-obtem-autorizacao-para-credito-de-us-1-bilhao-do-bid-para-eco-invest"},"wordCount":413,"commentCount":0,"publisher":{"@id":"https:\/\/redenoticiaz.com.br\/ribeiraopreto-regiao\/#organization"},"image":{"@id":"https:\/\/redenoticiaz.com.br\/ribeiraopreto-regiao\/sp\/2026\/09\/04\/brasil-obtem-autorizacao-para-credito-de-us-1-bilhao-do-bid-para-eco-invest#primaryimage"},"thumbnailUrl":"https:\/\/redenoticiaz.com.br\/ribeiraopreto-regiao\/wp-content\/uploads\/sites\/4\/2026\/09\/dji_20260514133612_0223_d_55279773377_o.jpg","articleSection":["Economia","Meio Ambiente","Obras","Pol\u00edtica"],"inLanguage":"pt-BR","potentialAction":[{"@type":"CommentAction","name":"Comment","target":["https:\/\/redenoticiaz.com.br\/ribeiraopreto-regiao\/sp\/2026\/09\/04\/brasil-obtem-autorizacao-para-credito-de-us-1-bilhao-do-bid-para-eco-invest#respond"]}]},{"@type":"WebPage","@id":"https:\/\/redenoticiaz.com.br\/ribeiraopreto-regiao\/sp\/2026\/09\/04\/brasil-obtem-autorizacao-para-credito-de-us-1-bilhao-do-bid-para-eco-invest","url":"https:\/\/redenoticiaz.com.br\/ribeiraopreto-regiao\/sp\/2026\/09\/04\/brasil-obtem-autorizacao-para-credito-de-us-1-bilhao-do-bid-para-eco-invest","name":"Brasil obt\u00e9m autoriza\u00e7\u00e3o para cr\u00e9dito de US$ 1 bilh\u00e3o do BID para Eco Invest - Ribeir\u00e3o Preto e Regi\u00e3o","isPartOf":{"@id":"https:\/\/redenoticiaz.com.br\/ribeiraopreto-regiao\/#website"},"primaryImageOfPage":{"@id":"https:\/\/redenoticiaz.com.br\/ribeiraopreto-regiao\/sp\/2026\/09\/04\/brasil-obtem-autorizacao-para-credito-de-us-1-bilhao-do-bid-para-eco-invest#primaryimage"},"image":{"@id":"https:\/\/redenoticiaz.com.br\/ribeiraopreto-regiao\/sp\/2026\/09\/04\/brasil-obtem-autorizacao-para-credito-de-us-1-bilhao-do-bid-para-eco-invest#primaryimage"},"thumbnailUrl":"https:\/\/redenoticiaz.com.br\/ribeiraopreto-regiao\/wp-content\/uploads\/sites\/4\/2026\/09\/dji_20260514133612_0223_d_55279773377_o.jpg","datePublished":"2026-09-04T14:14:30+00:00","inLanguage":"pt-BR","potentialAction":[{"@type":"ReadAction","target":["https:\/\/redenoticiaz.com.br\/ribeiraopreto-regiao\/sp\/2026\/09\/04\/brasil-obtem-autorizacao-para-credito-de-us-1-bilhao-do-bid-para-eco-invest"]}]},{"@type":"ImageObject","inLanguage":"pt-BR","@id":"https:\/\/redenoticiaz.com.br\/ribeiraopreto-regiao\/sp\/2026\/09\/04\/brasil-obtem-autorizacao-para-credito-de-us-1-bilhao-do-bid-para-eco-invest#primaryimage","url":"https:\/\/redenoticiaz.com.br\/ribeiraopreto-regiao\/wp-content\/uploads\/sites\/4\/2026\/09\/dji_20260514133612_0223_d_55279773377_o.jpg","contentUrl":"https:\/\/redenoticiaz.com.br\/ribeiraopreto-regiao\/wp-content\/uploads\/sites\/4\/2026\/09\/dji_20260514133612_0223_d_55279773377_o.jpg","width":1600,"height":800},{"@type":"WebSite","@id":"https:\/\/redenoticiaz.com.br\/ribeiraopreto-regiao\/#website","url":"https:\/\/redenoticiaz.com.br\/ribeiraopreto-regiao\/","name":"Ribeir\u00e3o Preto e Regi\u00e3o","description":"Rede NoticiaZ - Ribeir\u00e3o Preto e regi\u00e3o","publisher":{"@id":"https:\/\/redenoticiaz.com.br\/ribeiraopreto-regiao\/#organization"},"potentialAction":[{"@type":"SearchAction","target":{"@type":"EntryPoint","urlTemplate":"https:\/\/redenoticiaz.com.br\/ribeiraopreto-regiao\/?s={search_term_string}"},"query-input":{"@type":"PropertyValueSpecification","valueRequired":true,"valueName":"search_term_string"}}],"inLanguage":"pt-BR"},{"@type":"Organization","@id":"https:\/\/redenoticiaz.com.br\/ribeiraopreto-regiao\/#organization","name":"Ribeir\u00e3o Preto e Regi\u00e3o","url":"https:\/\/redenoticiaz.com.br\/ribeiraopreto-regiao\/","logo":{"@type":"ImageObject","inLanguage":"pt-BR","@id":"https:\/\/redenoticiaz.com.br\/ribeiraopreto-regiao\/#\/schema\/logo\/image\/","url":"https:\/\/redenoticiaz.com.br\/barretos-regiao\/wp-content\/uploads\/sites\/4\/2022\/02\/logo.jpg","contentUrl":"https:\/\/redenoticiaz.com.br\/barretos-regiao\/wp-content\/uploads\/sites\/4\/2022\/02\/logo.jpg","width":400,"height":250,"caption":"Ribeir\u00e3o Preto e Regi\u00e3o"},"image":{"@id":"https:\/\/redenoticiaz.com.br\/ribeiraopreto-regiao\/#\/schema\/logo\/image\/"},"sameAs":["https:\/\/m.facebook.com\/redenoticiaz.barretos","https:\/\/x.com\/RN_barretos","https:\/\/www.instagram.com\/redenoticiaz.barretos\/?igshid=YmMyMTA2M2Y","https:\/\/www.linkedin.com\/company\/rede-noticiaz-barretos-e-regio\/"]},{"@type":"Person","@id":"https:\/\/redenoticiaz.com.br\/ribeiraopreto-regiao\/#\/schema\/person\/e1b0bd8c2637e2c1b6ddcbc2c33b116f","name":"Patr\u00edcia Prado","image":{"@type":"ImageObject","inLanguage":"pt-BR","@id":"https:\/\/secure.gravatar.com\/avatar\/92e358bef22cfcec15e054ae4d9fee04dadf0c772dc4a17b382b8a34a15354c2?s=96&d=mm&r=g","url":"https:\/\/secure.gravatar.com\/avatar\/92e358bef22cfcec15e054ae4d9fee04dadf0c772dc4a17b382b8a34a15354c2?s=96&d=mm&r=g","contentUrl":"https:\/\/secure.gravatar.com\/avatar\/92e358bef22cfcec15e054ae4d9fee04dadf0c772dc4a17b382b8a34a15354c2?s=96&d=mm&r=g","caption":"Patr\u00edcia Prado"},"url":"https:\/\/redenoticiaz.com.br\/ribeiraopreto-regiao\/sp\/author\/patricia-prado"}]}},"_links":{"self":[{"href":"https:\/\/redenoticiaz.com.br\/ribeiraopreto-regiao\/wp-json\/wp\/v2\/posts\/123232","targetHints":{"allow":["GET"]}}],"collection":[{"href":"https:\/\/redenoticiaz.com.br\/ribeiraopreto-regiao\/wp-json\/wp\/v2\/posts"}],"about":[{"href":"https:\/\/redenoticiaz.com.br\/ribeiraopreto-regiao\/wp-json\/wp\/v2\/types\/post"}],"author":[{"embeddable":true,"href":"https:\/\/redenoticiaz.com.br\/ribeiraopreto-regiao\/wp-json\/wp\/v2\/users\/5"}],"replies":[{"embeddable":true,"href":"https:\/\/redenoticiaz.com.br\/ribeiraopreto-regiao\/wp-json\/wp\/v2\/comments?post=123232"}],"version-history":[{"count":0,"href":"https:\/\/redenoticiaz.com.br\/ribeiraopreto-regiao\/wp-json\/wp\/v2\/posts\/123232\/revisions"}],"wp:featuredmedia":[{"embeddable":true,"href":"https:\/\/redenoticiaz.com.br\/ribeiraopreto-regiao\/wp-json\/wp\/v2\/media\/123233"}],"wp:attachment":[{"href":"https:\/\/redenoticiaz.com.br\/ribeiraopreto-regiao\/wp-json\/wp\/v2\/media?parent=123232"}],"wp:term":[{"taxonomy":"category","embeddable":true,"href":"https:\/\/redenoticiaz.com.br\/ribeiraopreto-regiao\/wp-json\/wp\/v2\/categories?post=123232"},{"taxonomy":"post_tag","embeddable":true,"href":"https:\/\/redenoticiaz.com.br\/ribeiraopreto-regiao\/wp-json\/wp\/v2\/tags?post=123232"}],"curies":[{"name":"wp","href":"https:\/\/api.w.org\/{rel}","templated":true}]}}