{"id":123240,"date":"2026-09-04T12:47:55","date_gmt":"2026-09-04T15:47:55","guid":{"rendered":"https:\/\/redenoticiaz.com.br\/ribeiraopreto-regiao\/sp\/2026\/09\/04\/agenda-dos-presidenciaveis-traz-comicios-e-entrevistas-nesta-sexta-feira"},"modified":"2026-09-04T12:47:55","modified_gmt":"2026-09-04T15:47:55","slug":"agenda-dos-presidenciaveis-traz-comicios-e-entrevistas-nesta-sexta-feira","status":"publish","type":"post","link":"https:\/\/redenoticiaz.com.br\/ribeiraopreto-regiao\/sp\/2026\/09\/04\/agenda-dos-presidenciaveis-traz-comicios-e-entrevistas-nesta-sexta-feira","title":{"rendered":"Agenda dos presidenci\u00e1veis traz com\u00edcios e entrevistas nesta sexta-feira"},"content":{"rendered":"<p>Os presidenci\u00e1veis brasileiros intensificam suas atividades de campanha nesta sexta-feira (4), com uma agenda repleta de caminhadas, com\u00edcios e entrevistas a ve\u00edculos de comunica\u00e7\u00e3o. Al\u00e9m disso, os candidatos devem visitar institui\u00e7\u00f5es, participar de eventos com empres\u00e1rios e realizar panfletagens.<\/p>\n<p>Edmilson Costa, do PCB, cumpre agenda da secretaria-geral do partido em Lisboa. Fl\u00e1vio Bolsonaro, do PL, visita o Hub de Inova\u00e7\u00e3o ONOVOLAB e realiza um com\u00edcio em frente ao Mercado Municipal em S\u00e3o Carlos (SP).<\/p>\n<p>Hertz Dias, do PSTU, est\u00e1 em Alagoinhas (BA), onde concede entrevistas \u00e0 93FM e \u00e0 R\u00e1dio Ouro Negro FM, al\u00e9m de fazer panfletagem na Central de Abastecimento. \u00c0 noite, participa de um evento de apresenta\u00e7\u00e3o do programa do PSTU.<\/p>\n<p>Luiz In\u00e1cio Lula da Silva, do PT, realiza uma caminhada em Juazeiro do Norte (CE), com in\u00edcio na avenida Castelo Branco. Renan Santos, da Miss\u00e3o, participa de um evento de campanha no Teatro Guararapes, em Olinda (PE).<\/p>\n<p>Em S\u00e3o Paulo (SP), Romeu Zema, do Novo, concede uma entrevista ao jornal Estad\u00e3o e se encontra com representantes da Uni\u00e3o Santa Ifig\u00eania, que representa o setor produtivo. Ronaldo Caiado, do PSD, participa de uma sabatina para o Uol e a Folha de S.Paulo, e visita o escrit\u00f3rio de engenharia do Google no Instituto de Pesquisas Tecnol\u00f3gicas (IPT). \u00c0 noite, participa de uma sabatina para o programa Veja em Foco, da revista Veja.<\/p>\n<p>Augusto Cury, do Avante, est\u00e1 em S\u00e3o Jos\u00e9 do Rio Preto (SP), onde participa de um almo\u00e7o com empres\u00e1rios, visita a Funda\u00e7\u00e3o Faculdade Regional de Medicina e explora o Mercado Municipal e o Cal\u00e7ad\u00e3o da cidade. \u00c0 noite, ele participa de um evento da Educational School.<\/p>\n<p>Vale destacar que a candidata Samara Martins, da UP, e Wilson Grassi, do Democrata, n\u00e3o t\u00eam agenda p\u00fablica programada para hoje. Al\u00e9m disso, Clariana Bar\u00e3o, da Democracia Crist\u00e3, e Rui Costa Pimenta, do PCO, ainda n\u00e3o divulgaram suas atividades de campanha at\u00e9 o momento desta publica\u00e7\u00e3o.<\/p>\n<p>A cobertura da agenda dos candidatos \u00e0 presid\u00eancia segue um rod\u00edzio di\u00e1rio em ordem alfab\u00e9tica.<\/p>\n","protected":false},"excerpt":{"rendered":"<p>Os presidenci\u00e1veis brasileiros intensificam suas atividades de campanha nesta sexta-feira (4), com uma agenda repleta de caminhadas, com\u00edcios e entrevistas a ve\u00edculos de comunica\u00e7\u00e3o. Al\u00e9m disso, os candidatos devem visitar institui\u00e7\u00f5es, participar de eventos com empres\u00e1rios e realizar panfletagens. Edmilson Costa, do PCB, cumpre agenda da secretaria-geral do partido em Lisboa. Fl\u00e1vio Bolsonaro, do PL, &hellip;<\/p>\n","protected":false},"author":5,"featured_media":123241,"comment_status":"open","ping_status":"closed","sticky":false,"template":"","format":"standard","meta":{"footnotes":""},"categories":[469,820,9271],"tags":[],"class_list":["post-123240","post","type-post","status-publish","format-standard","has-post-thumbnail","hentry","category-cultura","category-educacao","category-eleicoes"],"yoast_head":"<!-- This site is optimized with the Yoast SEO plugin v28.4 - https:\/\/yoast.com\/product\/yoast-seo-wordpress\/ -->\n<title>Agenda dos presidenci\u00e1veis traz com\u00edcios e entrevistas nesta sexta-feira - Ribeir\u00e3o Preto e Regi\u00e3o<\/title>\n<meta name=\"robots\" content=\"index, follow, max-snippet:-1, max-image-preview:large, max-video-preview:-1\" \/>\n<link rel=\"canonical\" href=\"https:\/\/redenoticiaz.com.br\/ribeiraopreto-regiao\/sp\/2026\/09\/04\/agenda-dos-presidenciaveis-traz-comicios-e-entrevistas-nesta-sexta-feira\" \/>\n<meta property=\"og:locale\" content=\"pt_BR\" \/>\n<meta property=\"og:type\" content=\"article\" \/>\n<meta property=\"og:title\" content=\"Agenda dos presidenci\u00e1veis traz com\u00edcios e entrevistas nesta sexta-feira - Ribeir\u00e3o Preto e Regi\u00e3o\" \/>\n<meta property=\"og:description\" content=\"Os presidenci\u00e1veis brasileiros intensificam suas atividades de campanha nesta sexta-feira (4), com uma agenda repleta de caminhadas, com\u00edcios e entrevistas a ve\u00edculos de comunica\u00e7\u00e3o. Al\u00e9m disso, os candidatos devem visitar institui\u00e7\u00f5es, participar de eventos com empres\u00e1rios e realizar panfletagens. Edmilson Costa, do PCB, cumpre agenda da secretaria-geral do partido em Lisboa. Fl\u00e1vio Bolsonaro, do PL, &hellip;\" \/>\n<meta property=\"og:url\" content=\"https:\/\/redenoticiaz.com.br\/ribeiraopreto-regiao\/sp\/2026\/09\/04\/agenda-dos-presidenciaveis-traz-comicios-e-entrevistas-nesta-sexta-feira\" \/>\n<meta property=\"og:site_name\" content=\"Ribeir\u00e3o Preto e Regi\u00e3o\" \/>\n<meta property=\"article:publisher\" content=\"https:\/\/m.facebook.com\/redenoticiaz.barretos\" \/>\n<meta property=\"article:published_time\" content=\"2026-09-04T15:47:55+00:00\" \/>\n<meta property=\"og:image\" content=\"https:\/\/redenoticiaz.com.br\/ribeiraopreto-regiao\/wp-content\/uploads\/sites\/4\/2022\/02\/logo.jpg\" \/>\n\t<meta property=\"og:image:width\" content=\"400\" \/>\n\t<meta property=\"og:image:height\" content=\"250\" \/>\n\t<meta property=\"og:image:type\" content=\"image\/jpeg\" \/>\n<meta name=\"author\" content=\"Patr\u00edcia Prado\" \/>\n<meta name=\"twitter:card\" content=\"summary_large_image\" \/>\n<meta name=\"twitter:creator\" content=\"@RN_barretos\" \/>\n<meta name=\"twitter:site\" content=\"@RN_barretos\" \/>\n<meta name=\"twitter:label1\" content=\"Escrito por\" \/>\n\t<meta name=\"twitter:data1\" content=\"Patr\u00edcia Prado\" \/>\n\t<meta name=\"twitter:label2\" content=\"Est. tempo de leitura\" \/>\n\t<meta name=\"twitter:data2\" content=\"2 minutos\" \/>\n<script type=\"application\/ld+json\" class=\"yoast-schema-graph\">{\"@context\":\"https:\\\/\\\/schema.org\",\"@graph\":[{\"@type\":\"Article\",\"@id\":\"https:\\\/\\\/redenoticiaz.com.br\\\/ribeiraopreto-regiao\\\/sp\\\/2026\\\/09\\\/04\\\/agenda-dos-presidenciaveis-traz-comicios-e-entrevistas-nesta-sexta-feira#article\",\"isPartOf\":{\"@id\":\"https:\\\/\\\/redenoticiaz.com.br\\\/ribeiraopreto-regiao\\\/sp\\\/2026\\\/09\\\/04\\\/agenda-dos-presidenciaveis-traz-comicios-e-entrevistas-nesta-sexta-feira\"},\"author\":{\"name\":\"Patr\u00edcia Prado\",\"@id\":\"https:\\\/\\\/redenoticiaz.com.br\\\/ribeiraopreto-regiao\\\/#\\\/schema\\\/person\\\/e1b0bd8c2637e2c1b6ddcbc2c33b116f\"},\"headline\":\"Agenda dos presidenci\u00e1veis traz com\u00edcios e entrevistas nesta sexta-feira\",\"datePublished\":\"2026-09-04T15:47:55+00:00\",\"mainEntityOfPage\":{\"@id\":\"https:\\\/\\\/redenoticiaz.com.br\\\/ribeiraopreto-regiao\\\/sp\\\/2026\\\/09\\\/04\\\/agenda-dos-presidenciaveis-traz-comicios-e-entrevistas-nesta-sexta-feira\"},\"wordCount\":375,\"commentCount\":0,\"publisher\":{\"@id\":\"https:\\\/\\\/redenoticiaz.com.br\\\/ribeiraopreto-regiao\\\/#organization\"},\"image\":{\"@id\":\"https:\\\/\\\/redenoticiaz.com.br\\\/ribeiraopreto-regiao\\\/sp\\\/2026\\\/09\\\/04\\\/agenda-dos-presidenciaveis-traz-comicios-e-entrevistas-nesta-sexta-feira#primaryimage\"},\"thumbnailUrl\":\"https:\\\/\\\/redenoticiaz.com.br\\\/ribeiraopreto-regiao\\\/wp-content\\\/uploads\\\/sites\\\/4\\\/2026\\\/09\\\/1788536876_banner_agenda_-_1170x700.png\",\"articleSection\":[\"Cultura\",\"Educa\u00e7\u00e3o\",\"Elei\u00e7\u00f5es\"],\"inLanguage\":\"pt-BR\",\"potentialAction\":[{\"@type\":\"CommentAction\",\"name\":\"Comment\",\"target\":[\"https:\\\/\\\/redenoticiaz.com.br\\\/ribeiraopreto-regiao\\\/sp\\\/2026\\\/09\\\/04\\\/agenda-dos-presidenciaveis-traz-comicios-e-entrevistas-nesta-sexta-feira#respond\"]}]},{\"@type\":\"WebPage\",\"@id\":\"https:\\\/\\\/redenoticiaz.com.br\\\/ribeiraopreto-regiao\\\/sp\\\/2026\\\/09\\\/04\\\/agenda-dos-presidenciaveis-traz-comicios-e-entrevistas-nesta-sexta-feira\",\"url\":\"https:\\\/\\\/redenoticiaz.com.br\\\/ribeiraopreto-regiao\\\/sp\\\/2026\\\/09\\\/04\\\/agenda-dos-presidenciaveis-traz-comicios-e-entrevistas-nesta-sexta-feira\",\"name\":\"Agenda dos presidenci\u00e1veis traz com\u00edcios e entrevistas nesta sexta-feira - Ribeir\u00e3o Preto e Regi\u00e3o\",\"isPartOf\":{\"@id\":\"https:\\\/\\\/redenoticiaz.com.br\\\/ribeiraopreto-regiao\\\/#website\"},\"primaryImageOfPage\":{\"@id\":\"https:\\\/\\\/redenoticiaz.com.br\\\/ribeiraopreto-regiao\\\/sp\\\/2026\\\/09\\\/04\\\/agenda-dos-presidenciaveis-traz-comicios-e-entrevistas-nesta-sexta-feira#primaryimage\"},\"image\":{\"@id\":\"https:\\\/\\\/redenoticiaz.com.br\\\/ribeiraopreto-regiao\\\/sp\\\/2026\\\/09\\\/04\\\/agenda-dos-presidenciaveis-traz-comicios-e-entrevistas-nesta-sexta-feira#primaryimage\"},\"thumbnailUrl\":\"https:\\\/\\\/redenoticiaz.com.br\\\/ribeiraopreto-regiao\\\/wp-content\\\/uploads\\\/sites\\\/4\\\/2026\\\/09\\\/1788536876_banner_agenda_-_1170x700.png\",\"datePublished\":\"2026-09-04T15:47:55+00:00\",\"inLanguage\":\"pt-BR\",\"potentialAction\":[{\"@type\":\"ReadAction\",\"target\":[\"https:\\\/\\\/redenoticiaz.com.br\\\/ribeiraopreto-regiao\\\/sp\\\/2026\\\/09\\\/04\\\/agenda-dos-presidenciaveis-traz-comicios-e-entrevistas-nesta-sexta-feira\"]}]},{\"@type\":\"ImageObject\",\"inLanguage\":\"pt-BR\",\"@id\":\"https:\\\/\\\/redenoticiaz.com.br\\\/ribeiraopreto-regiao\\\/sp\\\/2026\\\/09\\\/04\\\/agenda-dos-presidenciaveis-traz-comicios-e-entrevistas-nesta-sexta-feira#primaryimage\",\"url\":\"https:\\\/\\\/redenoticiaz.com.br\\\/ribeiraopreto-regiao\\\/wp-content\\\/uploads\\\/sites\\\/4\\\/2026\\\/09\\\/1788536876_banner_agenda_-_1170x700.png\",\"contentUrl\":\"https:\\\/\\\/redenoticiaz.com.br\\\/ribeiraopreto-regiao\\\/wp-content\\\/uploads\\\/sites\\\/4\\\/2026\\\/09\\\/1788536876_banner_agenda_-_1170x700.png\",\"width\":1600,\"height\":800},{\"@type\":\"WebSite\",\"@id\":\"https:\\\/\\\/redenoticiaz.com.br\\\/ribeiraopreto-regiao\\\/#website\",\"url\":\"https:\\\/\\\/redenoticiaz.com.br\\\/ribeiraopreto-regiao\\\/\",\"name\":\"Ribeir\u00e3o Preto e Regi\u00e3o\",\"description\":\"Rede NoticiaZ - Ribeir\u00e3o Preto e regi\u00e3o\",\"publisher\":{\"@id\":\"https:\\\/\\\/redenoticiaz.com.br\\\/ribeiraopreto-regiao\\\/#organization\"},\"potentialAction\":[{\"@type\":\"SearchAction\",\"target\":{\"@type\":\"EntryPoint\",\"urlTemplate\":\"https:\\\/\\\/redenoticiaz.com.br\\\/ribeiraopreto-regiao\\\/?s={search_term_string}\"},\"query-input\":{\"@type\":\"PropertyValueSpecification\",\"valueRequired\":true,\"valueName\":\"search_term_string\"}}],\"inLanguage\":\"pt-BR\"},{\"@type\":\"Organization\",\"@id\":\"https:\\\/\\\/redenoticiaz.com.br\\\/ribeiraopreto-regiao\\\/#organization\",\"name\":\"Ribeir\u00e3o Preto e Regi\u00e3o\",\"url\":\"https:\\\/\\\/redenoticiaz.com.br\\\/ribeiraopreto-regiao\\\/\",\"logo\":{\"@type\":\"ImageObject\",\"inLanguage\":\"pt-BR\",\"@id\":\"https:\\\/\\\/redenoticiaz.com.br\\\/ribeiraopreto-regiao\\\/#\\\/schema\\\/logo\\\/image\\\/\",\"url\":\"https:\\\/\\\/redenoticiaz.com.br\\\/barretos-regiao\\\/wp-content\\\/uploads\\\/sites\\\/4\\\/2022\\\/02\\\/logo.jpg\",\"contentUrl\":\"https:\\\/\\\/redenoticiaz.com.br\\\/barretos-regiao\\\/wp-content\\\/uploads\\\/sites\\\/4\\\/2022\\\/02\\\/logo.jpg\",\"width\":400,\"height\":250,\"caption\":\"Ribeir\u00e3o Preto e Regi\u00e3o\"},\"image\":{\"@id\":\"https:\\\/\\\/redenoticiaz.com.br\\\/ribeiraopreto-regiao\\\/#\\\/schema\\\/logo\\\/image\\\/\"},\"sameAs\":[\"https:\\\/\\\/m.facebook.com\\\/redenoticiaz.barretos\",\"https:\\\/\\\/x.com\\\/RN_barretos\",\"https:\\\/\\\/www.instagram.com\\\/redenoticiaz.barretos\\\/?igshid=YmMyMTA2M2Y\",\"https:\\\/\\\/www.linkedin.com\\\/company\\\/rede-noticiaz-barretos-e-regio\\\/\"]},{\"@type\":\"Person\",\"@id\":\"https:\\\/\\\/redenoticiaz.com.br\\\/ribeiraopreto-regiao\\\/#\\\/schema\\\/person\\\/e1b0bd8c2637e2c1b6ddcbc2c33b116f\",\"name\":\"Patr\u00edcia Prado\",\"image\":{\"@type\":\"ImageObject\",\"inLanguage\":\"pt-BR\",\"@id\":\"https:\\\/\\\/secure.gravatar.com\\\/avatar\\\/92e358bef22cfcec15e054ae4d9fee04dadf0c772dc4a17b382b8a34a15354c2?s=96&d=mm&r=g\",\"url\":\"https:\\\/\\\/secure.gravatar.com\\\/avatar\\\/92e358bef22cfcec15e054ae4d9fee04dadf0c772dc4a17b382b8a34a15354c2?s=96&d=mm&r=g\",\"contentUrl\":\"https:\\\/\\\/secure.gravatar.com\\\/avatar\\\/92e358bef22cfcec15e054ae4d9fee04dadf0c772dc4a17b382b8a34a15354c2?s=96&d=mm&r=g\",\"caption\":\"Patr\u00edcia Prado\"},\"url\":\"https:\\\/\\\/redenoticiaz.com.br\\\/ribeiraopreto-regiao\\\/sp\\\/author\\\/patricia-prado\"}]}<\/script>\n<!-- \/ Yoast SEO plugin. -->","yoast_head_json":{"title":"Agenda dos presidenci\u00e1veis traz com\u00edcios e entrevistas nesta sexta-feira - Ribeir\u00e3o Preto e Regi\u00e3o","robots":{"index":"index","follow":"follow","max-snippet":"max-snippet:-1","max-image-preview":"max-image-preview:large","max-video-preview":"max-video-preview:-1"},"canonical":"https:\/\/redenoticiaz.com.br\/ribeiraopreto-regiao\/sp\/2026\/09\/04\/agenda-dos-presidenciaveis-traz-comicios-e-entrevistas-nesta-sexta-feira","og_locale":"pt_BR","og_type":"article","og_title":"Agenda dos presidenci\u00e1veis traz com\u00edcios e entrevistas nesta sexta-feira - Ribeir\u00e3o Preto e Regi\u00e3o","og_description":"Os presidenci\u00e1veis brasileiros intensificam suas atividades de campanha nesta sexta-feira (4), com uma agenda repleta de caminhadas, com\u00edcios e entrevistas a ve\u00edculos de comunica\u00e7\u00e3o. Al\u00e9m disso, os candidatos devem visitar institui\u00e7\u00f5es, participar de eventos com empres\u00e1rios e realizar panfletagens. Edmilson Costa, do PCB, cumpre agenda da secretaria-geral do partido em Lisboa. Fl\u00e1vio Bolsonaro, do PL, &hellip;","og_url":"https:\/\/redenoticiaz.com.br\/ribeiraopreto-regiao\/sp\/2026\/09\/04\/agenda-dos-presidenciaveis-traz-comicios-e-entrevistas-nesta-sexta-feira","og_site_name":"Ribeir\u00e3o Preto e Regi\u00e3o","article_publisher":"https:\/\/m.facebook.com\/redenoticiaz.barretos","article_published_time":"2026-09-04T15:47:55+00:00","og_image":[{"width":400,"height":250,"url":"https:\/\/redenoticiaz.com.br\/ribeiraopreto-regiao\/wp-content\/uploads\/sites\/4\/2022\/02\/logo.jpg","type":"image\/jpeg"}],"author":"Patr\u00edcia Prado","twitter_card":"summary_large_image","twitter_creator":"@RN_barretos","twitter_site":"@RN_barretos","twitter_misc":{"Escrito por":"Patr\u00edcia Prado","Est. tempo de leitura":"2 minutos"},"schema":{"@context":"https:\/\/schema.org","@graph":[{"@type":"Article","@id":"https:\/\/redenoticiaz.com.br\/ribeiraopreto-regiao\/sp\/2026\/09\/04\/agenda-dos-presidenciaveis-traz-comicios-e-entrevistas-nesta-sexta-feira#article","isPartOf":{"@id":"https:\/\/redenoticiaz.com.br\/ribeiraopreto-regiao\/sp\/2026\/09\/04\/agenda-dos-presidenciaveis-traz-comicios-e-entrevistas-nesta-sexta-feira"},"author":{"name":"Patr\u00edcia Prado","@id":"https:\/\/redenoticiaz.com.br\/ribeiraopreto-regiao\/#\/schema\/person\/e1b0bd8c2637e2c1b6ddcbc2c33b116f"},"headline":"Agenda dos presidenci\u00e1veis traz com\u00edcios e entrevistas nesta sexta-feira","datePublished":"2026-09-04T15:47:55+00:00","mainEntityOfPage":{"@id":"https:\/\/redenoticiaz.com.br\/ribeiraopreto-regiao\/sp\/2026\/09\/04\/agenda-dos-presidenciaveis-traz-comicios-e-entrevistas-nesta-sexta-feira"},"wordCount":375,"commentCount":0,"publisher":{"@id":"https:\/\/redenoticiaz.com.br\/ribeiraopreto-regiao\/#organization"},"image":{"@id":"https:\/\/redenoticiaz.com.br\/ribeiraopreto-regiao\/sp\/2026\/09\/04\/agenda-dos-presidenciaveis-traz-comicios-e-entrevistas-nesta-sexta-feira#primaryimage"},"thumbnailUrl":"https:\/\/redenoticiaz.com.br\/ribeiraopreto-regiao\/wp-content\/uploads\/sites\/4\/2026\/09\/1788536876_banner_agenda_-_1170x700.png","articleSection":["Cultura","Educa\u00e7\u00e3o","Elei\u00e7\u00f5es"],"inLanguage":"pt-BR","potentialAction":[{"@type":"CommentAction","name":"Comment","target":["https:\/\/redenoticiaz.com.br\/ribeiraopreto-regiao\/sp\/2026\/09\/04\/agenda-dos-presidenciaveis-traz-comicios-e-entrevistas-nesta-sexta-feira#respond"]}]},{"@type":"WebPage","@id":"https:\/\/redenoticiaz.com.br\/ribeiraopreto-regiao\/sp\/2026\/09\/04\/agenda-dos-presidenciaveis-traz-comicios-e-entrevistas-nesta-sexta-feira","url":"https:\/\/redenoticiaz.com.br\/ribeiraopreto-regiao\/sp\/2026\/09\/04\/agenda-dos-presidenciaveis-traz-comicios-e-entrevistas-nesta-sexta-feira","name":"Agenda dos presidenci\u00e1veis traz com\u00edcios e entrevistas nesta sexta-feira - Ribeir\u00e3o Preto e Regi\u00e3o","isPartOf":{"@id":"https:\/\/redenoticiaz.com.br\/ribeiraopreto-regiao\/#website"},"primaryImageOfPage":{"@id":"https:\/\/redenoticiaz.com.br\/ribeiraopreto-regiao\/sp\/2026\/09\/04\/agenda-dos-presidenciaveis-traz-comicios-e-entrevistas-nesta-sexta-feira#primaryimage"},"image":{"@id":"https:\/\/redenoticiaz.com.br\/ribeiraopreto-regiao\/sp\/2026\/09\/04\/agenda-dos-presidenciaveis-traz-comicios-e-entrevistas-nesta-sexta-feira#primaryimage"},"thumbnailUrl":"https:\/\/redenoticiaz.com.br\/ribeiraopreto-regiao\/wp-content\/uploads\/sites\/4\/2026\/09\/1788536876_banner_agenda_-_1170x700.png","datePublished":"2026-09-04T15:47:55+00:00","inLanguage":"pt-BR","potentialAction":[{"@type":"ReadAction","target":["https:\/\/redenoticiaz.com.br\/ribeiraopreto-regiao\/sp\/2026\/09\/04\/agenda-dos-presidenciaveis-traz-comicios-e-entrevistas-nesta-sexta-feira"]}]},{"@type":"ImageObject","inLanguage":"pt-BR","@id":"https:\/\/redenoticiaz.com.br\/ribeiraopreto-regiao\/sp\/2026\/09\/04\/agenda-dos-presidenciaveis-traz-comicios-e-entrevistas-nesta-sexta-feira#primaryimage","url":"https:\/\/redenoticiaz.com.br\/ribeiraopreto-regiao\/wp-content\/uploads\/sites\/4\/2026\/09\/1788536876_banner_agenda_-_1170x700.png","contentUrl":"https:\/\/redenoticiaz.com.br\/ribeiraopreto-regiao\/wp-content\/uploads\/sites\/4\/2026\/09\/1788536876_banner_agenda_-_1170x700.png","width":1600,"height":800},{"@type":"WebSite","@id":"https:\/\/redenoticiaz.com.br\/ribeiraopreto-regiao\/#website","url":"https:\/\/redenoticiaz.com.br\/ribeiraopreto-regiao\/","name":"Ribeir\u00e3o Preto e Regi\u00e3o","description":"Rede NoticiaZ - Ribeir\u00e3o Preto e regi\u00e3o","publisher":{"@id":"https:\/\/redenoticiaz.com.br\/ribeiraopreto-regiao\/#organization"},"potentialAction":[{"@type":"SearchAction","target":{"@type":"EntryPoint","urlTemplate":"https:\/\/redenoticiaz.com.br\/ribeiraopreto-regiao\/?s={search_term_string}"},"query-input":{"@type":"PropertyValueSpecification","valueRequired":true,"valueName":"search_term_string"}}],"inLanguage":"pt-BR"},{"@type":"Organization","@id":"https:\/\/redenoticiaz.com.br\/ribeiraopreto-regiao\/#organization","name":"Ribeir\u00e3o Preto e Regi\u00e3o","url":"https:\/\/redenoticiaz.com.br\/ribeiraopreto-regiao\/","logo":{"@type":"ImageObject","inLanguage":"pt-BR","@id":"https:\/\/redenoticiaz.com.br\/ribeiraopreto-regiao\/#\/schema\/logo\/image\/","url":"https:\/\/redenoticiaz.com.br\/barretos-regiao\/wp-content\/uploads\/sites\/4\/2022\/02\/logo.jpg","contentUrl":"https:\/\/redenoticiaz.com.br\/barretos-regiao\/wp-content\/uploads\/sites\/4\/2022\/02\/logo.jpg","width":400,"height":250,"caption":"Ribeir\u00e3o Preto e Regi\u00e3o"},"image":{"@id":"https:\/\/redenoticiaz.com.br\/ribeiraopreto-regiao\/#\/schema\/logo\/image\/"},"sameAs":["https:\/\/m.facebook.com\/redenoticiaz.barretos","https:\/\/x.com\/RN_barretos","https:\/\/www.instagram.com\/redenoticiaz.barretos\/?igshid=YmMyMTA2M2Y","https:\/\/www.linkedin.com\/company\/rede-noticiaz-barretos-e-regio\/"]},{"@type":"Person","@id":"https:\/\/redenoticiaz.com.br\/ribeiraopreto-regiao\/#\/schema\/person\/e1b0bd8c2637e2c1b6ddcbc2c33b116f","name":"Patr\u00edcia Prado","image":{"@type":"ImageObject","inLanguage":"pt-BR","@id":"https:\/\/secure.gravatar.com\/avatar\/92e358bef22cfcec15e054ae4d9fee04dadf0c772dc4a17b382b8a34a15354c2?s=96&d=mm&r=g","url":"https:\/\/secure.gravatar.com\/avatar\/92e358bef22cfcec15e054ae4d9fee04dadf0c772dc4a17b382b8a34a15354c2?s=96&d=mm&r=g","contentUrl":"https:\/\/secure.gravatar.com\/avatar\/92e358bef22cfcec15e054ae4d9fee04dadf0c772dc4a17b382b8a34a15354c2?s=96&d=mm&r=g","caption":"Patr\u00edcia Prado"},"url":"https:\/\/redenoticiaz.com.br\/ribeiraopreto-regiao\/sp\/author\/patricia-prado"}]}},"_links":{"self":[{"href":"https:\/\/redenoticiaz.com.br\/ribeiraopreto-regiao\/wp-json\/wp\/v2\/posts\/123240","targetHints":{"allow":["GET"]}}],"collection":[{"href":"https:\/\/redenoticiaz.com.br\/ribeiraopreto-regiao\/wp-json\/wp\/v2\/posts"}],"about":[{"href":"https:\/\/redenoticiaz.com.br\/ribeiraopreto-regiao\/wp-json\/wp\/v2\/types\/post"}],"author":[{"embeddable":true,"href":"https:\/\/redenoticiaz.com.br\/ribeiraopreto-regiao\/wp-json\/wp\/v2\/users\/5"}],"replies":[{"embeddable":true,"href":"https:\/\/redenoticiaz.com.br\/ribeiraopreto-regiao\/wp-json\/wp\/v2\/comments?post=123240"}],"version-history":[{"count":0,"href":"https:\/\/redenoticiaz.com.br\/ribeiraopreto-regiao\/wp-json\/wp\/v2\/posts\/123240\/revisions"}],"wp:featuredmedia":[{"embeddable":true,"href":"https:\/\/redenoticiaz.com.br\/ribeiraopreto-regiao\/wp-json\/wp\/v2\/media\/123241"}],"wp:attachment":[{"href":"https:\/\/redenoticiaz.com.br\/ribeiraopreto-regiao\/wp-json\/wp\/v2\/media?parent=123240"}],"wp:term":[{"taxonomy":"category","embeddable":true,"href":"https:\/\/redenoticiaz.com.br\/ribeiraopreto-regiao\/wp-json\/wp\/v2\/categories?post=123240"},{"taxonomy":"post_tag","embeddable":true,"href":"https:\/\/redenoticiaz.com.br\/ribeiraopreto-regiao\/wp-json\/wp\/v2\/tags?post=123240"}],"curies":[{"name":"wp","href":"https:\/\/api.w.org\/{rel}","templated":true}]}}