{"id":123242,"date":"2026-09-04T13:18:57","date_gmt":"2026-09-04T16:18:57","guid":{"rendered":"https:\/\/redenoticiaz.com.br\/ribeiraopreto-regiao\/sp\/2026\/09\/04\/seca-na-amazonia-afetou-38-das-areas-habitadas-durante-el-nino-2024"},"modified":"2026-09-04T13:18:57","modified_gmt":"2026-09-04T16:18:57","slug":"seca-na-amazonia-afetou-38-das-areas-habitadas-durante-el-nino-2024","status":"publish","type":"post","link":"https:\/\/redenoticiaz.com.br\/ribeiraopreto-regiao\/sp\/2026\/09\/04\/seca-na-amazonia-afetou-38-das-areas-habitadas-durante-el-nino-2024","title":{"rendered":"Seca na Amaz\u00f4nia afetou 38% das \u00e1reas habitadas durante El Ni\u00f1o 2024"},"content":{"rendered":"<p>Um estudo divulgado nesta sexta-feira (4) pelo Mapbiomas revelou que 38% das ocupa\u00e7\u00f5es humanas na Amaz\u00f4nia enfrentaram alta exposi\u00e7\u00e3o aos efeitos do El Ni\u00f1o em 2024. Das 5.673 localidades habitadas na regi\u00e3o, 2.172 sofreram fortemente com o fen\u00f4meno clim\u00e1tico.<\/p>\n<p>O El Ni\u00f1o \u00e9 caracterizado pelo aquecimento das \u00e1guas superficiais do Oceano Pac\u00edfico Tropical, resultando em altera\u00e7\u00f5es na circula\u00e7\u00e3o atmosf\u00e9rica e em volumes de chuvas irregulares. Na Amaz\u00f4nia, suas consequ\u00eancias incluem seca e aumento da temperatura.<\/p>\n<p>A previs\u00e3o meteorol\u00f3gica indica que este ano o fen\u00f4meno ser\u00e1 particularmente intenso, descrito como um &#8220;Super El Ni\u00f1o&#8221;. Pesquisadores analisaram dados de chuva e de superf\u00edcie de \u00e1gua para entender o impacto na \u00faltima ocorr\u00eancia do evento, que ocorreu entre setembro e novembro de 2024. Durante esse per\u00edodo, a superf\u00edcie de \u00e1gua na Amaz\u00f4nia ficou 1,9 milh\u00e3o de hectares abaixo da m\u00e9dia hist\u00f3rica entre 1985 e 2025, e o volume de chuvas foi 27% inferior ao habitual.<\/p>\n<p>A temperatura m\u00e1xima m\u00e9dia durante os tr\u00eas meses de an\u00e1lise tamb\u00e9m apresentou eleva\u00e7\u00e3o significativa, chegando a 2,6\u00baC acima da m\u00e9dia hist\u00f3rica para o mesmo per\u00edodo. Bruno Ferreira, do Instituto do Homem e Meio Ambiente da Amaz\u00f4nia (Imazon), destacou que a combina\u00e7\u00e3o de menos chuva e temperaturas mais altas aumenta a demanda evaporativa na atmosfera, resultando em maior perda de \u00e1gua do solo e estresse h\u00eddrico para a vegeta\u00e7\u00e3o.<\/p>\n<p>O estudo tamb\u00e9m avaliou os efeitos do fen\u00f4meno em diversas ocupa\u00e7\u00f5es humanas, incluindo n\u00facleos urbanos, comunidades rurais, territ\u00f3rios ind\u00edgenas e quilombolas. As popula\u00e7\u00f5es dessas \u00e1reas foram fortemente impactadas, com 93% dos locais analisados, ou seja, 5.273 localidades, situadas a at\u00e9 5 quil\u00f4metros das regi\u00f5es que viram a redu\u00e7\u00e3o da superf\u00edcie de \u00e1gua.<\/p>\n<blockquote>\n<p>\u201cA seca se reflete na diminui\u00e7\u00e3o dos n\u00edveis dos rios, afetando o transporte, o acesso \u00e0 \u00e1gua, a pesca e diversas atividades que dependem dos sistemas fluviais&#8221;, comentou Bruno Ferreira.<\/p>\n<\/blockquote>\n<p>Al\u00e9m dos dados sobre ocupa\u00e7\u00e3o e uso da terra, o estudo considerou a degrada\u00e7\u00e3o do bioma amaz\u00f4nico. Nos \u00faltimos 41 anos, 3,9 milh\u00f5es de hectares de vegeta\u00e7\u00e3o nativa foram perdidos, representando uma redu\u00e7\u00e3o de 14% na cobertura verde da regi\u00e3o.<\/p>\n<p>Para a pesquisa, o Mapbiomas utilizou dados da Cole\u00e7\u00e3o 11 sobre Cobertura e Uso da Terra, da Cole\u00e7\u00e3o 5 sobre \u00c1gua, al\u00e9m de informa\u00e7\u00f5es do Instituto Brasileiro de Geografia e Estat\u00edstica (IBGE) e do Painel El Ni\u00f1o, vinculado ao Instituto Nacional de Meteorologia (Inmet).<\/p>\n<p>Mais detalhes sobre o estudo est\u00e3o dispon\u00edveis no Rep\u00f3rter Brasil da TV Brasil.<\/p>\n","protected":false},"excerpt":{"rendered":"<p>Um estudo divulgado nesta sexta-feira (4) pelo Mapbiomas revelou que 38% das ocupa\u00e7\u00f5es humanas na Amaz\u00f4nia enfrentaram alta exposi\u00e7\u00e3o aos efeitos do El Ni\u00f1o em 2024. Das 5.673 localidades habitadas na regi\u00e3o, 2.172 sofreram fortemente com o fen\u00f4meno clim\u00e1tico. O El Ni\u00f1o \u00e9 caracterizado pelo aquecimento das \u00e1guas superficiais do Oceano Pac\u00edfico Tropical, resultando em &hellip;<\/p>\n","protected":false},"author":5,"featured_media":123243,"comment_status":"open","ping_status":"closed","sticky":false,"template":"","format":"standard","meta":{"footnotes":""},"categories":[1771,94],"tags":[],"class_list":["post-123242","post","type-post","status-publish","format-standard","has-post-thumbnail","hentry","category-climatologia","category-meio-ambiente"],"yoast_head":"<!-- This site is optimized with the Yoast SEO plugin v28.4 - https:\/\/yoast.com\/product\/yoast-seo-wordpress\/ -->\n<title>Seca na Amaz\u00f4nia afetou 38% das \u00e1reas habitadas durante El Ni\u00f1o 2024 - Ribeir\u00e3o Preto e Regi\u00e3o<\/title>\n<meta name=\"robots\" content=\"index, follow, max-snippet:-1, max-image-preview:large, max-video-preview:-1\" \/>\n<link rel=\"canonical\" href=\"https:\/\/redenoticiaz.com.br\/ribeiraopreto-regiao\/sp\/2026\/09\/04\/seca-na-amazonia-afetou-38-das-areas-habitadas-durante-el-nino-2024\" \/>\n<meta property=\"og:locale\" content=\"pt_BR\" \/>\n<meta property=\"og:type\" content=\"article\" \/>\n<meta property=\"og:title\" content=\"Seca na Amaz\u00f4nia afetou 38% das \u00e1reas habitadas durante El Ni\u00f1o 2024 - Ribeir\u00e3o Preto e Regi\u00e3o\" \/>\n<meta property=\"og:description\" content=\"Um estudo divulgado nesta sexta-feira (4) pelo Mapbiomas revelou que 38% das ocupa\u00e7\u00f5es humanas na Amaz\u00f4nia enfrentaram alta exposi\u00e7\u00e3o aos efeitos do El Ni\u00f1o em 2024. Das 5.673 localidades habitadas na regi\u00e3o, 2.172 sofreram fortemente com o fen\u00f4meno clim\u00e1tico. O El Ni\u00f1o \u00e9 caracterizado pelo aquecimento das \u00e1guas superficiais do Oceano Pac\u00edfico Tropical, resultando em &hellip;\" \/>\n<meta property=\"og:url\" content=\"https:\/\/redenoticiaz.com.br\/ribeiraopreto-regiao\/sp\/2026\/09\/04\/seca-na-amazonia-afetou-38-das-areas-habitadas-durante-el-nino-2024\" \/>\n<meta property=\"og:site_name\" content=\"Ribeir\u00e3o Preto e Regi\u00e3o\" \/>\n<meta property=\"article:publisher\" content=\"https:\/\/m.facebook.com\/redenoticiaz.barretos\" \/>\n<meta property=\"article:published_time\" content=\"2026-09-04T16:18:57+00:00\" \/>\n<meta property=\"og:image\" content=\"https:\/\/redenoticiaz.com.br\/ribeiraopreto-regiao\/wp-content\/uploads\/sites\/4\/2022\/02\/logo.jpg\" \/>\n\t<meta property=\"og:image:width\" content=\"400\" \/>\n\t<meta property=\"og:image:height\" content=\"250\" \/>\n\t<meta property=\"og:image:type\" content=\"image\/jpeg\" \/>\n<meta name=\"author\" content=\"Patr\u00edcia Prado\" \/>\n<meta name=\"twitter:card\" content=\"summary_large_image\" \/>\n<meta name=\"twitter:creator\" content=\"@RN_barretos\" \/>\n<meta name=\"twitter:site\" content=\"@RN_barretos\" \/>\n<meta name=\"twitter:label1\" content=\"Escrito por\" \/>\n\t<meta name=\"twitter:data1\" content=\"Patr\u00edcia Prado\" \/>\n\t<meta name=\"twitter:label2\" content=\"Est. tempo de leitura\" \/>\n\t<meta name=\"twitter:data2\" content=\"2 minutos\" \/>\n<script type=\"application\/ld+json\" class=\"yoast-schema-graph\">{\"@context\":\"https:\\\/\\\/schema.org\",\"@graph\":[{\"@type\":\"Article\",\"@id\":\"https:\\\/\\\/redenoticiaz.com.br\\\/ribeiraopreto-regiao\\\/sp\\\/2026\\\/09\\\/04\\\/seca-na-amazonia-afetou-38-das-areas-habitadas-durante-el-nino-2024#article\",\"isPartOf\":{\"@id\":\"https:\\\/\\\/redenoticiaz.com.br\\\/ribeiraopreto-regiao\\\/sp\\\/2026\\\/09\\\/04\\\/seca-na-amazonia-afetou-38-das-areas-habitadas-durante-el-nino-2024\"},\"author\":{\"name\":\"Patr\u00edcia Prado\",\"@id\":\"https:\\\/\\\/redenoticiaz.com.br\\\/ribeiraopreto-regiao\\\/#\\\/schema\\\/person\\\/e1b0bd8c2637e2c1b6ddcbc2c33b116f\"},\"headline\":\"Seca na Amaz\u00f4nia afetou 38% das \u00e1reas habitadas durante El Ni\u00f1o 2024\",\"datePublished\":\"2026-09-04T16:18:57+00:00\",\"mainEntityOfPage\":{\"@id\":\"https:\\\/\\\/redenoticiaz.com.br\\\/ribeiraopreto-regiao\\\/sp\\\/2026\\\/09\\\/04\\\/seca-na-amazonia-afetou-38-das-areas-habitadas-durante-el-nino-2024\"},\"wordCount\":460,\"commentCount\":0,\"publisher\":{\"@id\":\"https:\\\/\\\/redenoticiaz.com.br\\\/ribeiraopreto-regiao\\\/#organization\"},\"image\":{\"@id\":\"https:\\\/\\\/redenoticiaz.com.br\\\/ribeiraopreto-regiao\\\/sp\\\/2026\\\/09\\\/04\\\/seca-na-amazonia-afetou-38-das-areas-habitadas-durante-el-nino-2024#primaryimage\"},\"thumbnailUrl\":\"https:\\\/\\\/redenoticiaz.com.br\\\/ribeiraopreto-regiao\\\/wp-content\\\/uploads\\\/sites\\\/4\\\/2026\\\/09\\\/54_retro_2023_seca_no_amazonas.jpg\",\"articleSection\":[\"Climatologia\",\"Meio Ambiente\"],\"inLanguage\":\"pt-BR\",\"potentialAction\":[{\"@type\":\"CommentAction\",\"name\":\"Comment\",\"target\":[\"https:\\\/\\\/redenoticiaz.com.br\\\/ribeiraopreto-regiao\\\/sp\\\/2026\\\/09\\\/04\\\/seca-na-amazonia-afetou-38-das-areas-habitadas-durante-el-nino-2024#respond\"]}]},{\"@type\":\"WebPage\",\"@id\":\"https:\\\/\\\/redenoticiaz.com.br\\\/ribeiraopreto-regiao\\\/sp\\\/2026\\\/09\\\/04\\\/seca-na-amazonia-afetou-38-das-areas-habitadas-durante-el-nino-2024\",\"url\":\"https:\\\/\\\/redenoticiaz.com.br\\\/ribeiraopreto-regiao\\\/sp\\\/2026\\\/09\\\/04\\\/seca-na-amazonia-afetou-38-das-areas-habitadas-durante-el-nino-2024\",\"name\":\"Seca na Amaz\u00f4nia afetou 38% das \u00e1reas habitadas durante El Ni\u00f1o 2024 - Ribeir\u00e3o Preto e Regi\u00e3o\",\"isPartOf\":{\"@id\":\"https:\\\/\\\/redenoticiaz.com.br\\\/ribeiraopreto-regiao\\\/#website\"},\"primaryImageOfPage\":{\"@id\":\"https:\\\/\\\/redenoticiaz.com.br\\\/ribeiraopreto-regiao\\\/sp\\\/2026\\\/09\\\/04\\\/seca-na-amazonia-afetou-38-das-areas-habitadas-durante-el-nino-2024#primaryimage\"},\"image\":{\"@id\":\"https:\\\/\\\/redenoticiaz.com.br\\\/ribeiraopreto-regiao\\\/sp\\\/2026\\\/09\\\/04\\\/seca-na-amazonia-afetou-38-das-areas-habitadas-durante-el-nino-2024#primaryimage\"},\"thumbnailUrl\":\"https:\\\/\\\/redenoticiaz.com.br\\\/ribeiraopreto-regiao\\\/wp-content\\\/uploads\\\/sites\\\/4\\\/2026\\\/09\\\/54_retro_2023_seca_no_amazonas.jpg\",\"datePublished\":\"2026-09-04T16:18:57+00:00\",\"inLanguage\":\"pt-BR\",\"potentialAction\":[{\"@type\":\"ReadAction\",\"target\":[\"https:\\\/\\\/redenoticiaz.com.br\\\/ribeiraopreto-regiao\\\/sp\\\/2026\\\/09\\\/04\\\/seca-na-amazonia-afetou-38-das-areas-habitadas-durante-el-nino-2024\"]}]},{\"@type\":\"ImageObject\",\"inLanguage\":\"pt-BR\",\"@id\":\"https:\\\/\\\/redenoticiaz.com.br\\\/ribeiraopreto-regiao\\\/sp\\\/2026\\\/09\\\/04\\\/seca-na-amazonia-afetou-38-das-areas-habitadas-durante-el-nino-2024#primaryimage\",\"url\":\"https:\\\/\\\/redenoticiaz.com.br\\\/ribeiraopreto-regiao\\\/wp-content\\\/uploads\\\/sites\\\/4\\\/2026\\\/09\\\/54_retro_2023_seca_no_amazonas.jpg\",\"contentUrl\":\"https:\\\/\\\/redenoticiaz.com.br\\\/ribeiraopreto-regiao\\\/wp-content\\\/uploads\\\/sites\\\/4\\\/2026\\\/09\\\/54_retro_2023_seca_no_amazonas.jpg\",\"width\":1600,\"height\":800},{\"@type\":\"WebSite\",\"@id\":\"https:\\\/\\\/redenoticiaz.com.br\\\/ribeiraopreto-regiao\\\/#website\",\"url\":\"https:\\\/\\\/redenoticiaz.com.br\\\/ribeiraopreto-regiao\\\/\",\"name\":\"Ribeir\u00e3o Preto e Regi\u00e3o\",\"description\":\"Rede NoticiaZ - Ribeir\u00e3o Preto e regi\u00e3o\",\"publisher\":{\"@id\":\"https:\\\/\\\/redenoticiaz.com.br\\\/ribeiraopreto-regiao\\\/#organization\"},\"potentialAction\":[{\"@type\":\"SearchAction\",\"target\":{\"@type\":\"EntryPoint\",\"urlTemplate\":\"https:\\\/\\\/redenoticiaz.com.br\\\/ribeiraopreto-regiao\\\/?s={search_term_string}\"},\"query-input\":{\"@type\":\"PropertyValueSpecification\",\"valueRequired\":true,\"valueName\":\"search_term_string\"}}],\"inLanguage\":\"pt-BR\"},{\"@type\":\"Organization\",\"@id\":\"https:\\\/\\\/redenoticiaz.com.br\\\/ribeiraopreto-regiao\\\/#organization\",\"name\":\"Ribeir\u00e3o Preto e Regi\u00e3o\",\"url\":\"https:\\\/\\\/redenoticiaz.com.br\\\/ribeiraopreto-regiao\\\/\",\"logo\":{\"@type\":\"ImageObject\",\"inLanguage\":\"pt-BR\",\"@id\":\"https:\\\/\\\/redenoticiaz.com.br\\\/ribeiraopreto-regiao\\\/#\\\/schema\\\/logo\\\/image\\\/\",\"url\":\"https:\\\/\\\/redenoticiaz.com.br\\\/barretos-regiao\\\/wp-content\\\/uploads\\\/sites\\\/4\\\/2022\\\/02\\\/logo.jpg\",\"contentUrl\":\"https:\\\/\\\/redenoticiaz.com.br\\\/barretos-regiao\\\/wp-content\\\/uploads\\\/sites\\\/4\\\/2022\\\/02\\\/logo.jpg\",\"width\":400,\"height\":250,\"caption\":\"Ribeir\u00e3o Preto e Regi\u00e3o\"},\"image\":{\"@id\":\"https:\\\/\\\/redenoticiaz.com.br\\\/ribeiraopreto-regiao\\\/#\\\/schema\\\/logo\\\/image\\\/\"},\"sameAs\":[\"https:\\\/\\\/m.facebook.com\\\/redenoticiaz.barretos\",\"https:\\\/\\\/x.com\\\/RN_barretos\",\"https:\\\/\\\/www.instagram.com\\\/redenoticiaz.barretos\\\/?igshid=YmMyMTA2M2Y\",\"https:\\\/\\\/www.linkedin.com\\\/company\\\/rede-noticiaz-barretos-e-regio\\\/\"]},{\"@type\":\"Person\",\"@id\":\"https:\\\/\\\/redenoticiaz.com.br\\\/ribeiraopreto-regiao\\\/#\\\/schema\\\/person\\\/e1b0bd8c2637e2c1b6ddcbc2c33b116f\",\"name\":\"Patr\u00edcia Prado\",\"image\":{\"@type\":\"ImageObject\",\"inLanguage\":\"pt-BR\",\"@id\":\"https:\\\/\\\/secure.gravatar.com\\\/avatar\\\/92e358bef22cfcec15e054ae4d9fee04dadf0c772dc4a17b382b8a34a15354c2?s=96&d=mm&r=g\",\"url\":\"https:\\\/\\\/secure.gravatar.com\\\/avatar\\\/92e358bef22cfcec15e054ae4d9fee04dadf0c772dc4a17b382b8a34a15354c2?s=96&d=mm&r=g\",\"contentUrl\":\"https:\\\/\\\/secure.gravatar.com\\\/avatar\\\/92e358bef22cfcec15e054ae4d9fee04dadf0c772dc4a17b382b8a34a15354c2?s=96&d=mm&r=g\",\"caption\":\"Patr\u00edcia Prado\"},\"url\":\"https:\\\/\\\/redenoticiaz.com.br\\\/ribeiraopreto-regiao\\\/sp\\\/author\\\/patricia-prado\"}]}<\/script>\n<!-- \/ Yoast SEO plugin. -->","yoast_head_json":{"title":"Seca na Amaz\u00f4nia afetou 38% das \u00e1reas habitadas durante El Ni\u00f1o 2024 - Ribeir\u00e3o Preto e Regi\u00e3o","robots":{"index":"index","follow":"follow","max-snippet":"max-snippet:-1","max-image-preview":"max-image-preview:large","max-video-preview":"max-video-preview:-1"},"canonical":"https:\/\/redenoticiaz.com.br\/ribeiraopreto-regiao\/sp\/2026\/09\/04\/seca-na-amazonia-afetou-38-das-areas-habitadas-durante-el-nino-2024","og_locale":"pt_BR","og_type":"article","og_title":"Seca na Amaz\u00f4nia afetou 38% das \u00e1reas habitadas durante El Ni\u00f1o 2024 - Ribeir\u00e3o Preto e Regi\u00e3o","og_description":"Um estudo divulgado nesta sexta-feira (4) pelo Mapbiomas revelou que 38% das ocupa\u00e7\u00f5es humanas na Amaz\u00f4nia enfrentaram alta exposi\u00e7\u00e3o aos efeitos do El Ni\u00f1o em 2024. Das 5.673 localidades habitadas na regi\u00e3o, 2.172 sofreram fortemente com o fen\u00f4meno clim\u00e1tico. O El Ni\u00f1o \u00e9 caracterizado pelo aquecimento das \u00e1guas superficiais do Oceano Pac\u00edfico Tropical, resultando em &hellip;","og_url":"https:\/\/redenoticiaz.com.br\/ribeiraopreto-regiao\/sp\/2026\/09\/04\/seca-na-amazonia-afetou-38-das-areas-habitadas-durante-el-nino-2024","og_site_name":"Ribeir\u00e3o Preto e Regi\u00e3o","article_publisher":"https:\/\/m.facebook.com\/redenoticiaz.barretos","article_published_time":"2026-09-04T16:18:57+00:00","og_image":[{"width":400,"height":250,"url":"https:\/\/redenoticiaz.com.br\/ribeiraopreto-regiao\/wp-content\/uploads\/sites\/4\/2022\/02\/logo.jpg","type":"image\/jpeg"}],"author":"Patr\u00edcia Prado","twitter_card":"summary_large_image","twitter_creator":"@RN_barretos","twitter_site":"@RN_barretos","twitter_misc":{"Escrito por":"Patr\u00edcia Prado","Est. tempo de leitura":"2 minutos"},"schema":{"@context":"https:\/\/schema.org","@graph":[{"@type":"Article","@id":"https:\/\/redenoticiaz.com.br\/ribeiraopreto-regiao\/sp\/2026\/09\/04\/seca-na-amazonia-afetou-38-das-areas-habitadas-durante-el-nino-2024#article","isPartOf":{"@id":"https:\/\/redenoticiaz.com.br\/ribeiraopreto-regiao\/sp\/2026\/09\/04\/seca-na-amazonia-afetou-38-das-areas-habitadas-durante-el-nino-2024"},"author":{"name":"Patr\u00edcia Prado","@id":"https:\/\/redenoticiaz.com.br\/ribeiraopreto-regiao\/#\/schema\/person\/e1b0bd8c2637e2c1b6ddcbc2c33b116f"},"headline":"Seca na Amaz\u00f4nia afetou 38% das \u00e1reas habitadas durante El Ni\u00f1o 2024","datePublished":"2026-09-04T16:18:57+00:00","mainEntityOfPage":{"@id":"https:\/\/redenoticiaz.com.br\/ribeiraopreto-regiao\/sp\/2026\/09\/04\/seca-na-amazonia-afetou-38-das-areas-habitadas-durante-el-nino-2024"},"wordCount":460,"commentCount":0,"publisher":{"@id":"https:\/\/redenoticiaz.com.br\/ribeiraopreto-regiao\/#organization"},"image":{"@id":"https:\/\/redenoticiaz.com.br\/ribeiraopreto-regiao\/sp\/2026\/09\/04\/seca-na-amazonia-afetou-38-das-areas-habitadas-durante-el-nino-2024#primaryimage"},"thumbnailUrl":"https:\/\/redenoticiaz.com.br\/ribeiraopreto-regiao\/wp-content\/uploads\/sites\/4\/2026\/09\/54_retro_2023_seca_no_amazonas.jpg","articleSection":["Climatologia","Meio Ambiente"],"inLanguage":"pt-BR","potentialAction":[{"@type":"CommentAction","name":"Comment","target":["https:\/\/redenoticiaz.com.br\/ribeiraopreto-regiao\/sp\/2026\/09\/04\/seca-na-amazonia-afetou-38-das-areas-habitadas-durante-el-nino-2024#respond"]}]},{"@type":"WebPage","@id":"https:\/\/redenoticiaz.com.br\/ribeiraopreto-regiao\/sp\/2026\/09\/04\/seca-na-amazonia-afetou-38-das-areas-habitadas-durante-el-nino-2024","url":"https:\/\/redenoticiaz.com.br\/ribeiraopreto-regiao\/sp\/2026\/09\/04\/seca-na-amazonia-afetou-38-das-areas-habitadas-durante-el-nino-2024","name":"Seca na Amaz\u00f4nia afetou 38% das \u00e1reas habitadas durante El Ni\u00f1o 2024 - Ribeir\u00e3o Preto e Regi\u00e3o","isPartOf":{"@id":"https:\/\/redenoticiaz.com.br\/ribeiraopreto-regiao\/#website"},"primaryImageOfPage":{"@id":"https:\/\/redenoticiaz.com.br\/ribeiraopreto-regiao\/sp\/2026\/09\/04\/seca-na-amazonia-afetou-38-das-areas-habitadas-durante-el-nino-2024#primaryimage"},"image":{"@id":"https:\/\/redenoticiaz.com.br\/ribeiraopreto-regiao\/sp\/2026\/09\/04\/seca-na-amazonia-afetou-38-das-areas-habitadas-durante-el-nino-2024#primaryimage"},"thumbnailUrl":"https:\/\/redenoticiaz.com.br\/ribeiraopreto-regiao\/wp-content\/uploads\/sites\/4\/2026\/09\/54_retro_2023_seca_no_amazonas.jpg","datePublished":"2026-09-04T16:18:57+00:00","inLanguage":"pt-BR","potentialAction":[{"@type":"ReadAction","target":["https:\/\/redenoticiaz.com.br\/ribeiraopreto-regiao\/sp\/2026\/09\/04\/seca-na-amazonia-afetou-38-das-areas-habitadas-durante-el-nino-2024"]}]},{"@type":"ImageObject","inLanguage":"pt-BR","@id":"https:\/\/redenoticiaz.com.br\/ribeiraopreto-regiao\/sp\/2026\/09\/04\/seca-na-amazonia-afetou-38-das-areas-habitadas-durante-el-nino-2024#primaryimage","url":"https:\/\/redenoticiaz.com.br\/ribeiraopreto-regiao\/wp-content\/uploads\/sites\/4\/2026\/09\/54_retro_2023_seca_no_amazonas.jpg","contentUrl":"https:\/\/redenoticiaz.com.br\/ribeiraopreto-regiao\/wp-content\/uploads\/sites\/4\/2026\/09\/54_retro_2023_seca_no_amazonas.jpg","width":1600,"height":800},{"@type":"WebSite","@id":"https:\/\/redenoticiaz.com.br\/ribeiraopreto-regiao\/#website","url":"https:\/\/redenoticiaz.com.br\/ribeiraopreto-regiao\/","name":"Ribeir\u00e3o Preto e Regi\u00e3o","description":"Rede NoticiaZ - Ribeir\u00e3o Preto e regi\u00e3o","publisher":{"@id":"https:\/\/redenoticiaz.com.br\/ribeiraopreto-regiao\/#organization"},"potentialAction":[{"@type":"SearchAction","target":{"@type":"EntryPoint","urlTemplate":"https:\/\/redenoticiaz.com.br\/ribeiraopreto-regiao\/?s={search_term_string}"},"query-input":{"@type":"PropertyValueSpecification","valueRequired":true,"valueName":"search_term_string"}}],"inLanguage":"pt-BR"},{"@type":"Organization","@id":"https:\/\/redenoticiaz.com.br\/ribeiraopreto-regiao\/#organization","name":"Ribeir\u00e3o Preto e Regi\u00e3o","url":"https:\/\/redenoticiaz.com.br\/ribeiraopreto-regiao\/","logo":{"@type":"ImageObject","inLanguage":"pt-BR","@id":"https:\/\/redenoticiaz.com.br\/ribeiraopreto-regiao\/#\/schema\/logo\/image\/","url":"https:\/\/redenoticiaz.com.br\/barretos-regiao\/wp-content\/uploads\/sites\/4\/2022\/02\/logo.jpg","contentUrl":"https:\/\/redenoticiaz.com.br\/barretos-regiao\/wp-content\/uploads\/sites\/4\/2022\/02\/logo.jpg","width":400,"height":250,"caption":"Ribeir\u00e3o Preto e Regi\u00e3o"},"image":{"@id":"https:\/\/redenoticiaz.com.br\/ribeiraopreto-regiao\/#\/schema\/logo\/image\/"},"sameAs":["https:\/\/m.facebook.com\/redenoticiaz.barretos","https:\/\/x.com\/RN_barretos","https:\/\/www.instagram.com\/redenoticiaz.barretos\/?igshid=YmMyMTA2M2Y","https:\/\/www.linkedin.com\/company\/rede-noticiaz-barretos-e-regio\/"]},{"@type":"Person","@id":"https:\/\/redenoticiaz.com.br\/ribeiraopreto-regiao\/#\/schema\/person\/e1b0bd8c2637e2c1b6ddcbc2c33b116f","name":"Patr\u00edcia Prado","image":{"@type":"ImageObject","inLanguage":"pt-BR","@id":"https:\/\/secure.gravatar.com\/avatar\/92e358bef22cfcec15e054ae4d9fee04dadf0c772dc4a17b382b8a34a15354c2?s=96&d=mm&r=g","url":"https:\/\/secure.gravatar.com\/avatar\/92e358bef22cfcec15e054ae4d9fee04dadf0c772dc4a17b382b8a34a15354c2?s=96&d=mm&r=g","contentUrl":"https:\/\/secure.gravatar.com\/avatar\/92e358bef22cfcec15e054ae4d9fee04dadf0c772dc4a17b382b8a34a15354c2?s=96&d=mm&r=g","caption":"Patr\u00edcia Prado"},"url":"https:\/\/redenoticiaz.com.br\/ribeiraopreto-regiao\/sp\/author\/patricia-prado"}]}},"_links":{"self":[{"href":"https:\/\/redenoticiaz.com.br\/ribeiraopreto-regiao\/wp-json\/wp\/v2\/posts\/123242","targetHints":{"allow":["GET"]}}],"collection":[{"href":"https:\/\/redenoticiaz.com.br\/ribeiraopreto-regiao\/wp-json\/wp\/v2\/posts"}],"about":[{"href":"https:\/\/redenoticiaz.com.br\/ribeiraopreto-regiao\/wp-json\/wp\/v2\/types\/post"}],"author":[{"embeddable":true,"href":"https:\/\/redenoticiaz.com.br\/ribeiraopreto-regiao\/wp-json\/wp\/v2\/users\/5"}],"replies":[{"embeddable":true,"href":"https:\/\/redenoticiaz.com.br\/ribeiraopreto-regiao\/wp-json\/wp\/v2\/comments?post=123242"}],"version-history":[{"count":0,"href":"https:\/\/redenoticiaz.com.br\/ribeiraopreto-regiao\/wp-json\/wp\/v2\/posts\/123242\/revisions"}],"wp:featuredmedia":[{"embeddable":true,"href":"https:\/\/redenoticiaz.com.br\/ribeiraopreto-regiao\/wp-json\/wp\/v2\/media\/123243"}],"wp:attachment":[{"href":"https:\/\/redenoticiaz.com.br\/ribeiraopreto-regiao\/wp-json\/wp\/v2\/media?parent=123242"}],"wp:term":[{"taxonomy":"category","embeddable":true,"href":"https:\/\/redenoticiaz.com.br\/ribeiraopreto-regiao\/wp-json\/wp\/v2\/categories?post=123242"},{"taxonomy":"post_tag","embeddable":true,"href":"https:\/\/redenoticiaz.com.br\/ribeiraopreto-regiao\/wp-json\/wp\/v2\/tags?post=123242"}],"curies":[{"name":"wp","href":"https:\/\/api.w.org\/{rel}","templated":true}]}}