{"id":123248,"date":"2026-09-04T14:21:30","date_gmt":"2026-09-04T17:21:30","guid":{"rendered":"https:\/\/redenoticiaz.com.br\/ribeiraopreto-regiao\/sp\/2026\/09\/04\/pf-investiga-favorecimento-de-claudio-castro-com-bens-de-luxo-e-caviar"},"modified":"2026-09-04T14:21:30","modified_gmt":"2026-09-04T17:21:30","slug":"pf-investiga-favorecimento-de-claudio-castro-com-bens-de-luxo-e-caviar","status":"publish","type":"post","link":"https:\/\/redenoticiaz.com.br\/ribeiraopreto-regiao\/sp\/2026\/09\/04\/pf-investiga-favorecimento-de-claudio-castro-com-bens-de-luxo-e-caviar","title":{"rendered":"PF investiga favorecimento de Cl\u00e1udio Castro com bens de luxo e caviar"},"content":{"rendered":"<p>A Pol\u00edcia Federal (PF) revelou, em relat\u00f3rio da segunda fase da Opera\u00e7\u00e3o Sem Refino, que Cl\u00e1udio Castro, ex-governador do Rio de Janeiro, teria recebido vantagens indevidas em troca da atua\u00e7\u00e3o de \u00f3rg\u00e3os estaduais em favor da refinaria Refit, antiga Refinaria de Manguinhos. O ex-chefe do Executivo nega as acusa\u00e7\u00f5es.<\/p>\n<p>O documento, cuja libera\u00e7\u00e3o do sigilo ocorreu na quinta-feira (3) pelo ministro Alexandre de Moraes, do Supremo Tribunal Federal (STF), detalha vantagens recebidas por Castro, como R$ 10,5 mil em caviar, o pagamento do aluguel de sua resid\u00eancia na Barra da Tijuca e o usufruto de uma mans\u00e3o em Petr\u00f3polis, onde teria sido constru\u00edda uma adega avaliada em R$ 245 mil.<\/p>\n<p>Com base nas informa\u00e7\u00f5es do relat\u00f3rio, Moraes autorizou 16 mandados de busca e apreens\u00e3o solicitados pela PF para aprofundar a investiga\u00e7\u00e3o, que come\u00e7ou em 14 de agosto e visa apurar fraudes na concess\u00e3o de licen\u00e7as ambientais \u00e0 refinaria.<\/p>\n<p>Os investigadores destacam que as licen\u00e7as foram concedidas &#8220;\u00e0 revelia das diretrizes dos \u00f3rg\u00e3os t\u00e9cnicos competentes&#8221;, implicando em lavagem de dinheiro associada ao esquema criminoso. A PF busca esclarecer a atua\u00e7\u00e3o de grupos organizados e suas conex\u00f5es com agentes p\u00fablicos no estado.<\/p>\n<p>De acordo com o relat\u00f3rio, o esquema inclu\u00eda a oculta\u00e7\u00e3o de patrim\u00f4nio e lavagem de dinheiro, com registros de bens de luxo em nome de &#8220;laranjas&#8221; para favorecer e custear despesas pessoais de Castro. Em contrapartida, o ex-governador teria beneficiado Ricardo Magro, apontado como l\u00edder da organiza\u00e7\u00e3o criminosa que corrompeu agentes do Estado.<\/p>\n<p>Mensagens obtidas em celulares apreendidos indicam que Castro mantinha contato direto com respons\u00e1veis pela libera\u00e7\u00e3o das licen\u00e7as ambientais, visando agilizar a libera\u00e7\u00e3o de empreendimentos e prejudicar concorrentes de Magro. Moraes j\u00e1 determinou a pris\u00e3o preventiva de Magro, que se encontra foragido e foi inclu\u00eddo na lista de difus\u00e3o vermelha da Interpol.<\/p>\n<p>O relat\u00f3rio ainda menciona que Castro solicitou pessoalmente uma degusta\u00e7\u00e3o de caviar em um hotel de luxo em S\u00e3o Paulo, cujo custo n\u00e3o foi pago por ele, mas pela empresa AC Santos Participa\u00e7\u00f5es e Empreendimentos, de propriedade do advogado Antonio Carlos da Concei\u00e7\u00e3o Santos, conhecido como &#8220;Pipo&#8221;. Santos \u00e9 considerado o principal articulador da lavagem e oculta\u00e7\u00e3o de patrim\u00f4nio do grupo ligado \u00e0 Refit.<\/p>\n<p>Al\u00e9m disso, Castro \u00e9 mencionado como o verdadeiro propriet\u00e1rio de uma casa em Petr\u00f3polis registrada em nome da Concrecasa Constru\u00e7\u00f5es Inteligentes Ltda., e que teria encomendado a constru\u00e7\u00e3o de uma adega personalizada. A utiliza\u00e7\u00e3o da mans\u00e3o \u00e9 vista como compensa\u00e7\u00e3o pelas facilidades concedidas \u00e0 Enge Prat Engenharia, uma empresa que firmou contratos de R$ 355 milh\u00f5es com o governo fluminense.<\/p>\n<p>Os investigadores tamb\u00e9m apontam que Castro pagava R$ 10 mil mensais pelo aluguel de sua cobertura na Barra da Tijuca, valor abaixo do praticado no mercado, que gira em torno de R$ 25 mil. O im\u00f3vel foi comprado por R$ 3,4 milh\u00f5es por uma empresa criada apenas 50 dias antes da transa\u00e7\u00e3o, sendo esse o \u00fanico im\u00f3vel registrado sob a empresa.<\/p>\n<p>A defesa de Cl\u00e1udio Castro refutou as alega\u00e7\u00f5es, afirmando que ele n\u00e3o participou de nenhum esquema de lavagem de dinheiro, recebimento de vantagens indevidas ou favorecimento a terceiros. Em rela\u00e7\u00e3o aos im\u00f3veis mencionados, a defesa destacou que o contrato de loca\u00e7\u00e3o da resid\u00eancia \u00e9 regular, e o im\u00f3vel em Petr\u00f3polis j\u00e1 foi alugado e o contrato encerrado.<\/p>\n<p>Sobre o caviar, a defesa alegou que o epis\u00f3dio ocorreu mais de 30 dias ap\u00f3s a sa\u00edda de Castro do governo, afirmando que a encomenda foi feita por um amigo, e ele apenas retirou os produtos em S\u00e3o Paulo. A defesa reitera que n\u00e3o existe liga\u00e7\u00e3o entre os epis\u00f3dios e a Refit, e os contatos foram institucionais. Castro reafirma que n\u00e3o cometeu atos il\u00edcitos.<\/p>\n","protected":false},"excerpt":{"rendered":"<p>A Pol\u00edcia Federal (PF) revelou, em relat\u00f3rio da segunda fase da Opera\u00e7\u00e3o Sem Refino, que Cl\u00e1udio Castro, ex-governador do Rio de Janeiro, teria recebido vantagens indevidas em troca da atua\u00e7\u00e3o de \u00f3rg\u00e3os estaduais em favor da refinaria Refit, antiga Refinaria de Manguinhos. O ex-chefe do Executivo nega as acusa\u00e7\u00f5es. O documento, cuja libera\u00e7\u00e3o do sigilo &hellip;<\/p>\n","protected":false},"author":5,"featured_media":123249,"comment_status":"open","ping_status":"closed","sticky":false,"template":"","format":"standard","meta":{"footnotes":""},"categories":[101,683,88,186],"tags":[],"class_list":["post-123248","post","type-post","status-publish","format-standard","has-post-thumbnail","hentry","category-economia","category-justica","category-policia","category-politica"],"yoast_head":"<!-- This site is optimized with the Yoast SEO plugin v28.4 - https:\/\/yoast.com\/product\/yoast-seo-wordpress\/ -->\n<title>PF investiga favorecimento de Cl\u00e1udio Castro com bens de luxo e caviar - Ribeir\u00e3o Preto e Regi\u00e3o<\/title>\n<meta name=\"robots\" content=\"index, follow, max-snippet:-1, max-image-preview:large, max-video-preview:-1\" \/>\n<link rel=\"canonical\" href=\"https:\/\/redenoticiaz.com.br\/ribeiraopreto-regiao\/sp\/2026\/09\/04\/pf-investiga-favorecimento-de-claudio-castro-com-bens-de-luxo-e-caviar\" \/>\n<meta property=\"og:locale\" content=\"pt_BR\" \/>\n<meta property=\"og:type\" content=\"article\" \/>\n<meta property=\"og:title\" content=\"PF investiga favorecimento de Cl\u00e1udio Castro com bens de luxo e caviar - Ribeir\u00e3o Preto e Regi\u00e3o\" \/>\n<meta property=\"og:description\" content=\"A Pol\u00edcia Federal (PF) revelou, em relat\u00f3rio da segunda fase da Opera\u00e7\u00e3o Sem Refino, que Cl\u00e1udio Castro, ex-governador do Rio de Janeiro, teria recebido vantagens indevidas em troca da atua\u00e7\u00e3o de \u00f3rg\u00e3os estaduais em favor da refinaria Refit, antiga Refinaria de Manguinhos. O ex-chefe do Executivo nega as acusa\u00e7\u00f5es. O documento, cuja libera\u00e7\u00e3o do sigilo &hellip;\" \/>\n<meta property=\"og:url\" content=\"https:\/\/redenoticiaz.com.br\/ribeiraopreto-regiao\/sp\/2026\/09\/04\/pf-investiga-favorecimento-de-claudio-castro-com-bens-de-luxo-e-caviar\" \/>\n<meta property=\"og:site_name\" content=\"Ribeir\u00e3o Preto e Regi\u00e3o\" \/>\n<meta property=\"article:publisher\" content=\"https:\/\/m.facebook.com\/redenoticiaz.barretos\" \/>\n<meta property=\"article:published_time\" content=\"2026-09-04T17:21:30+00:00\" \/>\n<meta property=\"og:image\" content=\"https:\/\/redenoticiaz.com.br\/ribeiraopreto-regiao\/wp-content\/uploads\/sites\/4\/2022\/02\/logo.jpg\" \/>\n\t<meta property=\"og:image:width\" content=\"400\" \/>\n\t<meta property=\"og:image:height\" content=\"250\" \/>\n\t<meta property=\"og:image:type\" content=\"image\/jpeg\" \/>\n<meta name=\"author\" content=\"Patr\u00edcia Prado\" \/>\n<meta name=\"twitter:card\" content=\"summary_large_image\" \/>\n<meta name=\"twitter:creator\" content=\"@RN_barretos\" \/>\n<meta name=\"twitter:site\" content=\"@RN_barretos\" \/>\n<meta name=\"twitter:label1\" content=\"Escrito por\" \/>\n\t<meta name=\"twitter:data1\" content=\"Patr\u00edcia Prado\" \/>\n\t<meta name=\"twitter:label2\" content=\"Est. tempo de leitura\" \/>\n\t<meta name=\"twitter:data2\" content=\"3 minutos\" \/>\n<script type=\"application\/ld+json\" class=\"yoast-schema-graph\">{\"@context\":\"https:\\\/\\\/schema.org\",\"@graph\":[{\"@type\":\"Article\",\"@id\":\"https:\\\/\\\/redenoticiaz.com.br\\\/ribeiraopreto-regiao\\\/sp\\\/2026\\\/09\\\/04\\\/pf-investiga-favorecimento-de-claudio-castro-com-bens-de-luxo-e-caviar#article\",\"isPartOf\":{\"@id\":\"https:\\\/\\\/redenoticiaz.com.br\\\/ribeiraopreto-regiao\\\/sp\\\/2026\\\/09\\\/04\\\/pf-investiga-favorecimento-de-claudio-castro-com-bens-de-luxo-e-caviar\"},\"author\":{\"name\":\"Patr\u00edcia Prado\",\"@id\":\"https:\\\/\\\/redenoticiaz.com.br\\\/ribeiraopreto-regiao\\\/#\\\/schema\\\/person\\\/e1b0bd8c2637e2c1b6ddcbc2c33b116f\"},\"headline\":\"PF investiga favorecimento de Cl\u00e1udio Castro com bens de luxo e caviar\",\"datePublished\":\"2026-09-04T17:21:30+00:00\",\"mainEntityOfPage\":{\"@id\":\"https:\\\/\\\/redenoticiaz.com.br\\\/ribeiraopreto-regiao\\\/sp\\\/2026\\\/09\\\/04\\\/pf-investiga-favorecimento-de-claudio-castro-com-bens-de-luxo-e-caviar\"},\"wordCount\":672,\"commentCount\":0,\"publisher\":{\"@id\":\"https:\\\/\\\/redenoticiaz.com.br\\\/ribeiraopreto-regiao\\\/#organization\"},\"image\":{\"@id\":\"https:\\\/\\\/redenoticiaz.com.br\\\/ribeiraopreto-regiao\\\/sp\\\/2026\\\/09\\\/04\\\/pf-investiga-favorecimento-de-claudio-castro-com-bens-de-luxo-e-caviar#primaryimage\"},\"thumbnailUrl\":\"https:\\\/\\\/redenoticiaz.com.br\\\/ribeiraopreto-regiao\\\/wp-content\\\/uploads\\\/sites\\\/4\\\/2026\\\/09\\\/trbr6416_0.jpg\",\"articleSection\":[\"Economia\",\"Justi\u00e7a\",\"Pol\u00edcia\",\"Pol\u00edtica\"],\"inLanguage\":\"pt-BR\",\"potentialAction\":[{\"@type\":\"CommentAction\",\"name\":\"Comment\",\"target\":[\"https:\\\/\\\/redenoticiaz.com.br\\\/ribeiraopreto-regiao\\\/sp\\\/2026\\\/09\\\/04\\\/pf-investiga-favorecimento-de-claudio-castro-com-bens-de-luxo-e-caviar#respond\"]}]},{\"@type\":\"WebPage\",\"@id\":\"https:\\\/\\\/redenoticiaz.com.br\\\/ribeiraopreto-regiao\\\/sp\\\/2026\\\/09\\\/04\\\/pf-investiga-favorecimento-de-claudio-castro-com-bens-de-luxo-e-caviar\",\"url\":\"https:\\\/\\\/redenoticiaz.com.br\\\/ribeiraopreto-regiao\\\/sp\\\/2026\\\/09\\\/04\\\/pf-investiga-favorecimento-de-claudio-castro-com-bens-de-luxo-e-caviar\",\"name\":\"PF investiga favorecimento de Cl\u00e1udio Castro com bens de luxo e caviar - Ribeir\u00e3o Preto e Regi\u00e3o\",\"isPartOf\":{\"@id\":\"https:\\\/\\\/redenoticiaz.com.br\\\/ribeiraopreto-regiao\\\/#website\"},\"primaryImageOfPage\":{\"@id\":\"https:\\\/\\\/redenoticiaz.com.br\\\/ribeiraopreto-regiao\\\/sp\\\/2026\\\/09\\\/04\\\/pf-investiga-favorecimento-de-claudio-castro-com-bens-de-luxo-e-caviar#primaryimage\"},\"image\":{\"@id\":\"https:\\\/\\\/redenoticiaz.com.br\\\/ribeiraopreto-regiao\\\/sp\\\/2026\\\/09\\\/04\\\/pf-investiga-favorecimento-de-claudio-castro-com-bens-de-luxo-e-caviar#primaryimage\"},\"thumbnailUrl\":\"https:\\\/\\\/redenoticiaz.com.br\\\/ribeiraopreto-regiao\\\/wp-content\\\/uploads\\\/sites\\\/4\\\/2026\\\/09\\\/trbr6416_0.jpg\",\"datePublished\":\"2026-09-04T17:21:30+00:00\",\"inLanguage\":\"pt-BR\",\"potentialAction\":[{\"@type\":\"ReadAction\",\"target\":[\"https:\\\/\\\/redenoticiaz.com.br\\\/ribeiraopreto-regiao\\\/sp\\\/2026\\\/09\\\/04\\\/pf-investiga-favorecimento-de-claudio-castro-com-bens-de-luxo-e-caviar\"]}]},{\"@type\":\"ImageObject\",\"inLanguage\":\"pt-BR\",\"@id\":\"https:\\\/\\\/redenoticiaz.com.br\\\/ribeiraopreto-regiao\\\/sp\\\/2026\\\/09\\\/04\\\/pf-investiga-favorecimento-de-claudio-castro-com-bens-de-luxo-e-caviar#primaryimage\",\"url\":\"https:\\\/\\\/redenoticiaz.com.br\\\/ribeiraopreto-regiao\\\/wp-content\\\/uploads\\\/sites\\\/4\\\/2026\\\/09\\\/trbr6416_0.jpg\",\"contentUrl\":\"https:\\\/\\\/redenoticiaz.com.br\\\/ribeiraopreto-regiao\\\/wp-content\\\/uploads\\\/sites\\\/4\\\/2026\\\/09\\\/trbr6416_0.jpg\",\"width\":1600,\"height\":800},{\"@type\":\"WebSite\",\"@id\":\"https:\\\/\\\/redenoticiaz.com.br\\\/ribeiraopreto-regiao\\\/#website\",\"url\":\"https:\\\/\\\/redenoticiaz.com.br\\\/ribeiraopreto-regiao\\\/\",\"name\":\"Ribeir\u00e3o Preto e Regi\u00e3o\",\"description\":\"Rede NoticiaZ - Ribeir\u00e3o Preto e regi\u00e3o\",\"publisher\":{\"@id\":\"https:\\\/\\\/redenoticiaz.com.br\\\/ribeiraopreto-regiao\\\/#organization\"},\"potentialAction\":[{\"@type\":\"SearchAction\",\"target\":{\"@type\":\"EntryPoint\",\"urlTemplate\":\"https:\\\/\\\/redenoticiaz.com.br\\\/ribeiraopreto-regiao\\\/?s={search_term_string}\"},\"query-input\":{\"@type\":\"PropertyValueSpecification\",\"valueRequired\":true,\"valueName\":\"search_term_string\"}}],\"inLanguage\":\"pt-BR\"},{\"@type\":\"Organization\",\"@id\":\"https:\\\/\\\/redenoticiaz.com.br\\\/ribeiraopreto-regiao\\\/#organization\",\"name\":\"Ribeir\u00e3o Preto e Regi\u00e3o\",\"url\":\"https:\\\/\\\/redenoticiaz.com.br\\\/ribeiraopreto-regiao\\\/\",\"logo\":{\"@type\":\"ImageObject\",\"inLanguage\":\"pt-BR\",\"@id\":\"https:\\\/\\\/redenoticiaz.com.br\\\/ribeiraopreto-regiao\\\/#\\\/schema\\\/logo\\\/image\\\/\",\"url\":\"https:\\\/\\\/redenoticiaz.com.br\\\/barretos-regiao\\\/wp-content\\\/uploads\\\/sites\\\/4\\\/2022\\\/02\\\/logo.jpg\",\"contentUrl\":\"https:\\\/\\\/redenoticiaz.com.br\\\/barretos-regiao\\\/wp-content\\\/uploads\\\/sites\\\/4\\\/2022\\\/02\\\/logo.jpg\",\"width\":400,\"height\":250,\"caption\":\"Ribeir\u00e3o Preto e Regi\u00e3o\"},\"image\":{\"@id\":\"https:\\\/\\\/redenoticiaz.com.br\\\/ribeiraopreto-regiao\\\/#\\\/schema\\\/logo\\\/image\\\/\"},\"sameAs\":[\"https:\\\/\\\/m.facebook.com\\\/redenoticiaz.barretos\",\"https:\\\/\\\/x.com\\\/RN_barretos\",\"https:\\\/\\\/www.instagram.com\\\/redenoticiaz.barretos\\\/?igshid=YmMyMTA2M2Y\",\"https:\\\/\\\/www.linkedin.com\\\/company\\\/rede-noticiaz-barretos-e-regio\\\/\"]},{\"@type\":\"Person\",\"@id\":\"https:\\\/\\\/redenoticiaz.com.br\\\/ribeiraopreto-regiao\\\/#\\\/schema\\\/person\\\/e1b0bd8c2637e2c1b6ddcbc2c33b116f\",\"name\":\"Patr\u00edcia Prado\",\"image\":{\"@type\":\"ImageObject\",\"inLanguage\":\"pt-BR\",\"@id\":\"https:\\\/\\\/secure.gravatar.com\\\/avatar\\\/92e358bef22cfcec15e054ae4d9fee04dadf0c772dc4a17b382b8a34a15354c2?s=96&d=mm&r=g\",\"url\":\"https:\\\/\\\/secure.gravatar.com\\\/avatar\\\/92e358bef22cfcec15e054ae4d9fee04dadf0c772dc4a17b382b8a34a15354c2?s=96&d=mm&r=g\",\"contentUrl\":\"https:\\\/\\\/secure.gravatar.com\\\/avatar\\\/92e358bef22cfcec15e054ae4d9fee04dadf0c772dc4a17b382b8a34a15354c2?s=96&d=mm&r=g\",\"caption\":\"Patr\u00edcia Prado\"},\"url\":\"https:\\\/\\\/redenoticiaz.com.br\\\/ribeiraopreto-regiao\\\/sp\\\/author\\\/patricia-prado\"}]}<\/script>\n<!-- \/ Yoast SEO plugin. -->","yoast_head_json":{"title":"PF investiga favorecimento de Cl\u00e1udio Castro com bens de luxo e caviar - Ribeir\u00e3o Preto e Regi\u00e3o","robots":{"index":"index","follow":"follow","max-snippet":"max-snippet:-1","max-image-preview":"max-image-preview:large","max-video-preview":"max-video-preview:-1"},"canonical":"https:\/\/redenoticiaz.com.br\/ribeiraopreto-regiao\/sp\/2026\/09\/04\/pf-investiga-favorecimento-de-claudio-castro-com-bens-de-luxo-e-caviar","og_locale":"pt_BR","og_type":"article","og_title":"PF investiga favorecimento de Cl\u00e1udio Castro com bens de luxo e caviar - Ribeir\u00e3o Preto e Regi\u00e3o","og_description":"A Pol\u00edcia Federal (PF) revelou, em relat\u00f3rio da segunda fase da Opera\u00e7\u00e3o Sem Refino, que Cl\u00e1udio Castro, ex-governador do Rio de Janeiro, teria recebido vantagens indevidas em troca da atua\u00e7\u00e3o de \u00f3rg\u00e3os estaduais em favor da refinaria Refit, antiga Refinaria de Manguinhos. O ex-chefe do Executivo nega as acusa\u00e7\u00f5es. O documento, cuja libera\u00e7\u00e3o do sigilo &hellip;","og_url":"https:\/\/redenoticiaz.com.br\/ribeiraopreto-regiao\/sp\/2026\/09\/04\/pf-investiga-favorecimento-de-claudio-castro-com-bens-de-luxo-e-caviar","og_site_name":"Ribeir\u00e3o Preto e Regi\u00e3o","article_publisher":"https:\/\/m.facebook.com\/redenoticiaz.barretos","article_published_time":"2026-09-04T17:21:30+00:00","og_image":[{"width":400,"height":250,"url":"https:\/\/redenoticiaz.com.br\/ribeiraopreto-regiao\/wp-content\/uploads\/sites\/4\/2022\/02\/logo.jpg","type":"image\/jpeg"}],"author":"Patr\u00edcia Prado","twitter_card":"summary_large_image","twitter_creator":"@RN_barretos","twitter_site":"@RN_barretos","twitter_misc":{"Escrito por":"Patr\u00edcia Prado","Est. tempo de leitura":"3 minutos"},"schema":{"@context":"https:\/\/schema.org","@graph":[{"@type":"Article","@id":"https:\/\/redenoticiaz.com.br\/ribeiraopreto-regiao\/sp\/2026\/09\/04\/pf-investiga-favorecimento-de-claudio-castro-com-bens-de-luxo-e-caviar#article","isPartOf":{"@id":"https:\/\/redenoticiaz.com.br\/ribeiraopreto-regiao\/sp\/2026\/09\/04\/pf-investiga-favorecimento-de-claudio-castro-com-bens-de-luxo-e-caviar"},"author":{"name":"Patr\u00edcia Prado","@id":"https:\/\/redenoticiaz.com.br\/ribeiraopreto-regiao\/#\/schema\/person\/e1b0bd8c2637e2c1b6ddcbc2c33b116f"},"headline":"PF investiga favorecimento de Cl\u00e1udio Castro com bens de luxo e caviar","datePublished":"2026-09-04T17:21:30+00:00","mainEntityOfPage":{"@id":"https:\/\/redenoticiaz.com.br\/ribeiraopreto-regiao\/sp\/2026\/09\/04\/pf-investiga-favorecimento-de-claudio-castro-com-bens-de-luxo-e-caviar"},"wordCount":672,"commentCount":0,"publisher":{"@id":"https:\/\/redenoticiaz.com.br\/ribeiraopreto-regiao\/#organization"},"image":{"@id":"https:\/\/redenoticiaz.com.br\/ribeiraopreto-regiao\/sp\/2026\/09\/04\/pf-investiga-favorecimento-de-claudio-castro-com-bens-de-luxo-e-caviar#primaryimage"},"thumbnailUrl":"https:\/\/redenoticiaz.com.br\/ribeiraopreto-regiao\/wp-content\/uploads\/sites\/4\/2026\/09\/trbr6416_0.jpg","articleSection":["Economia","Justi\u00e7a","Pol\u00edcia","Pol\u00edtica"],"inLanguage":"pt-BR","potentialAction":[{"@type":"CommentAction","name":"Comment","target":["https:\/\/redenoticiaz.com.br\/ribeiraopreto-regiao\/sp\/2026\/09\/04\/pf-investiga-favorecimento-de-claudio-castro-com-bens-de-luxo-e-caviar#respond"]}]},{"@type":"WebPage","@id":"https:\/\/redenoticiaz.com.br\/ribeiraopreto-regiao\/sp\/2026\/09\/04\/pf-investiga-favorecimento-de-claudio-castro-com-bens-de-luxo-e-caviar","url":"https:\/\/redenoticiaz.com.br\/ribeiraopreto-regiao\/sp\/2026\/09\/04\/pf-investiga-favorecimento-de-claudio-castro-com-bens-de-luxo-e-caviar","name":"PF investiga favorecimento de Cl\u00e1udio Castro com bens de luxo e caviar - Ribeir\u00e3o Preto e Regi\u00e3o","isPartOf":{"@id":"https:\/\/redenoticiaz.com.br\/ribeiraopreto-regiao\/#website"},"primaryImageOfPage":{"@id":"https:\/\/redenoticiaz.com.br\/ribeiraopreto-regiao\/sp\/2026\/09\/04\/pf-investiga-favorecimento-de-claudio-castro-com-bens-de-luxo-e-caviar#primaryimage"},"image":{"@id":"https:\/\/redenoticiaz.com.br\/ribeiraopreto-regiao\/sp\/2026\/09\/04\/pf-investiga-favorecimento-de-claudio-castro-com-bens-de-luxo-e-caviar#primaryimage"},"thumbnailUrl":"https:\/\/redenoticiaz.com.br\/ribeiraopreto-regiao\/wp-content\/uploads\/sites\/4\/2026\/09\/trbr6416_0.jpg","datePublished":"2026-09-04T17:21:30+00:00","inLanguage":"pt-BR","potentialAction":[{"@type":"ReadAction","target":["https:\/\/redenoticiaz.com.br\/ribeiraopreto-regiao\/sp\/2026\/09\/04\/pf-investiga-favorecimento-de-claudio-castro-com-bens-de-luxo-e-caviar"]}]},{"@type":"ImageObject","inLanguage":"pt-BR","@id":"https:\/\/redenoticiaz.com.br\/ribeiraopreto-regiao\/sp\/2026\/09\/04\/pf-investiga-favorecimento-de-claudio-castro-com-bens-de-luxo-e-caviar#primaryimage","url":"https:\/\/redenoticiaz.com.br\/ribeiraopreto-regiao\/wp-content\/uploads\/sites\/4\/2026\/09\/trbr6416_0.jpg","contentUrl":"https:\/\/redenoticiaz.com.br\/ribeiraopreto-regiao\/wp-content\/uploads\/sites\/4\/2026\/09\/trbr6416_0.jpg","width":1600,"height":800},{"@type":"WebSite","@id":"https:\/\/redenoticiaz.com.br\/ribeiraopreto-regiao\/#website","url":"https:\/\/redenoticiaz.com.br\/ribeiraopreto-regiao\/","name":"Ribeir\u00e3o Preto e Regi\u00e3o","description":"Rede NoticiaZ - Ribeir\u00e3o Preto e regi\u00e3o","publisher":{"@id":"https:\/\/redenoticiaz.com.br\/ribeiraopreto-regiao\/#organization"},"potentialAction":[{"@type":"SearchAction","target":{"@type":"EntryPoint","urlTemplate":"https:\/\/redenoticiaz.com.br\/ribeiraopreto-regiao\/?s={search_term_string}"},"query-input":{"@type":"PropertyValueSpecification","valueRequired":true,"valueName":"search_term_string"}}],"inLanguage":"pt-BR"},{"@type":"Organization","@id":"https:\/\/redenoticiaz.com.br\/ribeiraopreto-regiao\/#organization","name":"Ribeir\u00e3o Preto e Regi\u00e3o","url":"https:\/\/redenoticiaz.com.br\/ribeiraopreto-regiao\/","logo":{"@type":"ImageObject","inLanguage":"pt-BR","@id":"https:\/\/redenoticiaz.com.br\/ribeiraopreto-regiao\/#\/schema\/logo\/image\/","url":"https:\/\/redenoticiaz.com.br\/barretos-regiao\/wp-content\/uploads\/sites\/4\/2022\/02\/logo.jpg","contentUrl":"https:\/\/redenoticiaz.com.br\/barretos-regiao\/wp-content\/uploads\/sites\/4\/2022\/02\/logo.jpg","width":400,"height":250,"caption":"Ribeir\u00e3o Preto e Regi\u00e3o"},"image":{"@id":"https:\/\/redenoticiaz.com.br\/ribeiraopreto-regiao\/#\/schema\/logo\/image\/"},"sameAs":["https:\/\/m.facebook.com\/redenoticiaz.barretos","https:\/\/x.com\/RN_barretos","https:\/\/www.instagram.com\/redenoticiaz.barretos\/?igshid=YmMyMTA2M2Y","https:\/\/www.linkedin.com\/company\/rede-noticiaz-barretos-e-regio\/"]},{"@type":"Person","@id":"https:\/\/redenoticiaz.com.br\/ribeiraopreto-regiao\/#\/schema\/person\/e1b0bd8c2637e2c1b6ddcbc2c33b116f","name":"Patr\u00edcia Prado","image":{"@type":"ImageObject","inLanguage":"pt-BR","@id":"https:\/\/secure.gravatar.com\/avatar\/92e358bef22cfcec15e054ae4d9fee04dadf0c772dc4a17b382b8a34a15354c2?s=96&d=mm&r=g","url":"https:\/\/secure.gravatar.com\/avatar\/92e358bef22cfcec15e054ae4d9fee04dadf0c772dc4a17b382b8a34a15354c2?s=96&d=mm&r=g","contentUrl":"https:\/\/secure.gravatar.com\/avatar\/92e358bef22cfcec15e054ae4d9fee04dadf0c772dc4a17b382b8a34a15354c2?s=96&d=mm&r=g","caption":"Patr\u00edcia Prado"},"url":"https:\/\/redenoticiaz.com.br\/ribeiraopreto-regiao\/sp\/author\/patricia-prado"}]}},"_links":{"self":[{"href":"https:\/\/redenoticiaz.com.br\/ribeiraopreto-regiao\/wp-json\/wp\/v2\/posts\/123248","targetHints":{"allow":["GET"]}}],"collection":[{"href":"https:\/\/redenoticiaz.com.br\/ribeiraopreto-regiao\/wp-json\/wp\/v2\/posts"}],"about":[{"href":"https:\/\/redenoticiaz.com.br\/ribeiraopreto-regiao\/wp-json\/wp\/v2\/types\/post"}],"author":[{"embeddable":true,"href":"https:\/\/redenoticiaz.com.br\/ribeiraopreto-regiao\/wp-json\/wp\/v2\/users\/5"}],"replies":[{"embeddable":true,"href":"https:\/\/redenoticiaz.com.br\/ribeiraopreto-regiao\/wp-json\/wp\/v2\/comments?post=123248"}],"version-history":[{"count":0,"href":"https:\/\/redenoticiaz.com.br\/ribeiraopreto-regiao\/wp-json\/wp\/v2\/posts\/123248\/revisions"}],"wp:featuredmedia":[{"embeddable":true,"href":"https:\/\/redenoticiaz.com.br\/ribeiraopreto-regiao\/wp-json\/wp\/v2\/media\/123249"}],"wp:attachment":[{"href":"https:\/\/redenoticiaz.com.br\/ribeiraopreto-regiao\/wp-json\/wp\/v2\/media?parent=123248"}],"wp:term":[{"taxonomy":"category","embeddable":true,"href":"https:\/\/redenoticiaz.com.br\/ribeiraopreto-regiao\/wp-json\/wp\/v2\/categories?post=123248"},{"taxonomy":"post_tag","embeddable":true,"href":"https:\/\/redenoticiaz.com.br\/ribeiraopreto-regiao\/wp-json\/wp\/v2\/tags?post=123248"}],"curies":[{"name":"wp","href":"https:\/\/api.w.org\/{rel}","templated":true}]}}