{"id":123252,"date":"2026-09-04T14:52:25","date_gmt":"2026-09-04T17:52:25","guid":{"rendered":"https:\/\/redenoticiaz.com.br\/ribeiraopreto-regiao\/sp\/2026\/09\/04\/sindicatos-pressionam-senado-para-votacao-da-pec-6x1-antes-das-eleicoes"},"modified":"2026-09-04T14:52:25","modified_gmt":"2026-09-04T17:52:25","slug":"sindicatos-pressionam-senado-para-votacao-da-pec-6x1-antes-das-eleicoes","status":"publish","type":"post","link":"https:\/\/redenoticiaz.com.br\/ribeiraopreto-regiao\/sp\/2026\/09\/04\/sindicatos-pressionam-senado-para-votacao-da-pec-6x1-antes-das-eleicoes","title":{"rendered":"Sindicatos pressionam Senado para vota\u00e7\u00e3o da PEC 6&#215;1 antes das elei\u00e7\u00f5es"},"content":{"rendered":"<p>As principais centrais sindicais do Brasil est\u00e3o mobilizando esfor\u00e7os para pressionar senadores em todos os estados a antecipar a vota\u00e7\u00e3o da Proposta de Emenda \u00e0 Constitui\u00e7\u00e3o (PEC) 221 de 2019, que prop\u00f5e o fim da escala de seis dias de trabalho por um de descanso e a redu\u00e7\u00e3o da jornada para 40 horas semanais. O movimento tem in\u00edcio neste fim de semana e busca que a proposta seja votada antes do primeiro turno das elei\u00e7\u00f5es de 2026.<\/p>\n<p>O presidente da Central \u00danica dos Trabalhadores (CUT), S\u00e9rgio Nobre, criticou a decis\u00e3o do presidente do Senado, Davi Alcolumbre (Uni\u00e3o-AP), de pautar a vota\u00e7\u00e3o da PEC ap\u00f3s as elei\u00e7\u00f5es, alegando que essa medida foi influenciada por empres\u00e1rios e senadores da oposi\u00e7\u00e3o. Segundo Nobre, isso permitiria que os parlamentares deixassem de atender os interesses da popula\u00e7\u00e3o. \u201cOs empres\u00e1rios falam que querem que vote depois da elei\u00e7\u00e3o porque sabem que o senador vai trair o povo\u201d, afirmou \u00e0 Ag\u00eancia Brasil.<\/p>\n<p>Nobre acredita que, com forte press\u00e3o popular, \u00e9 poss\u00edvel antecipar a vota\u00e7\u00e3o da PEC. \u201cSe os senadores forem cobrados nos estados, eles v\u00e3o querer resolver essa situa\u00e7\u00e3o\u201d, declarou. <\/p>\n<p>A agenda de mobiliza\u00e7\u00f5es em defesa da PEC 221 de 2019 foi definida durante uma reuni\u00e3o do F\u00f3rum das Centrais Sindicais, realizada na \u00faltima sexta-feira (4). O encontro ocorreu ap\u00f3s Alcolumbre anunciar que a vota\u00e7\u00e3o seria adiada. Entre as estrat\u00e9gias est\u00e3o panfletagens em centros comerciais, intensifica\u00e7\u00e3o das redes sociais e organiza\u00e7\u00e3o de novos protestos.<\/p>\n<p>Os representantes sindicais tamb\u00e9m planejam solicitar uma audi\u00eancia com Alcolumbre para discutir a vota\u00e7\u00e3o da proposta antes das elei\u00e7\u00f5es e denunciar os parlamentares contr\u00e1rios \u00e0 redu\u00e7\u00e3o da jornada de trabalho. O presidente da For\u00e7a Sindical, Miguel Torres, expressou preocupa\u00e7\u00e3o com o adiamento, ressaltando que &#8220;mais de 70% da popula\u00e7\u00e3o brasileira \u00e9 a favor da PEC&#8221;.<\/p>\n<p>A expectativa inicial era que a PEC fosse votada rapidamente ap\u00f3s a aprova\u00e7\u00e3o na Comiss\u00e3o de Constitui\u00e7\u00e3o e Justi\u00e7a (CCJ) no dia 2 de setembro. Contudo, o adiamento gerou descontentamento entre os sindicatos, que acreditavam que a vota\u00e7\u00e3o poderia ocorrer ainda nesta semana. O diretor da Central dos Sindicatos Brasileiros (CSB), Paulo de Oliveira, afirmou que a situa\u00e7\u00e3o \u00e9 desleal com os trabalhadores que estar\u00e3o nas urnas em breve.<\/p>\n<p>Enquanto isso, o presidente da Uni\u00e3o Geral dos Trabalhadores (UGT), Ricardo Patah, recordou que a proposta de redu\u00e7\u00e3o da jornada \u00e9 uma demanda hist\u00f3rica de quase cem anos. Ele acredita que a recente aprova\u00e7\u00e3o na CCJ, com apenas quatro votos contr\u00e1rios, \u00e9 um sinal positivo e que ainda h\u00e1 espa\u00e7o para di\u00e1logo com Alcolumbre.<\/p>\n<p>As centrais sindicais argumentam que a PEC pode melhorar a qualidade de vida e a sa\u00fade mental dos trabalhadores, proporcionando mais tempo para atividades pessoais e familiares. Al\u00e9m disso, ressaltam que os custos da implementa\u00e7\u00e3o s\u00e3o baixos e podem ser absorvidos pelas empresas, assim como aconteceu com a redu\u00e7\u00e3o da jornada de trabalho de 48 para 44 horas em 1988.<\/p>\n<p>Por outro lado, as confedera\u00e7\u00f5es patronais t\u00eam se manifestado contra a PEC, alegando que a altera\u00e7\u00e3o aumentaria os custos operacionais e prejudicaria a economia. A Confedera\u00e7\u00e3o Nacional do Com\u00e9rcio de Bens, Servi\u00e7os e Turismo (CNC) pediu o adiamento da vota\u00e7\u00e3o para um momento p\u00f3s-eleitoral. O presidente da CNC, Jos\u00e9 Roberto Tadros, defendeu que mudan\u00e7as constitucionais nas rela\u00e7\u00f5es de trabalho exigem an\u00e1lise t\u00e9cnica e di\u00e1logo respons\u00e1vel.<\/p>\n","protected":false},"excerpt":{"rendered":"<p>As principais centrais sindicais do Brasil est\u00e3o mobilizando esfor\u00e7os para pressionar senadores em todos os estados a antecipar a vota\u00e7\u00e3o da Proposta de Emenda \u00e0 Constitui\u00e7\u00e3o (PEC) 221 de 2019, que prop\u00f5e o fim da escala de seis dias de trabalho por um de descanso e a redu\u00e7\u00e3o da jornada para 40 horas semanais. O &hellip;<\/p>\n","protected":false},"author":5,"featured_media":123253,"comment_status":"open","ping_status":"closed","sticky":false,"template":"","format":"standard","meta":{"footnotes":""},"categories":[101,9271,29902,683,186,129,2075,330],"tags":[],"class_list":["post-123252","post","type-post","status-publish","format-standard","has-post-thumbnail","hentry","category-economia","category-eleicoes","category-emprego","category-justica","category-politica","category-saude","category-trabalho","category-turismo"],"yoast_head":"<!-- This site is optimized with the Yoast SEO plugin v28.4 - https:\/\/yoast.com\/product\/yoast-seo-wordpress\/ -->\n<title>Sindicatos pressionam Senado para vota\u00e7\u00e3o da PEC 6x1 antes das elei\u00e7\u00f5es - Ribeir\u00e3o Preto e Regi\u00e3o<\/title>\n<meta name=\"robots\" content=\"index, follow, max-snippet:-1, max-image-preview:large, max-video-preview:-1\" \/>\n<link rel=\"canonical\" href=\"https:\/\/redenoticiaz.com.br\/ribeiraopreto-regiao\/sp\/2026\/09\/04\/sindicatos-pressionam-senado-para-votacao-da-pec-6x1-antes-das-eleicoes\" \/>\n<meta property=\"og:locale\" content=\"pt_BR\" \/>\n<meta property=\"og:type\" content=\"article\" \/>\n<meta property=\"og:title\" content=\"Sindicatos pressionam Senado para vota\u00e7\u00e3o da PEC 6x1 antes das elei\u00e7\u00f5es - Ribeir\u00e3o Preto e Regi\u00e3o\" \/>\n<meta property=\"og:description\" content=\"As principais centrais sindicais do Brasil est\u00e3o mobilizando esfor\u00e7os para pressionar senadores em todos os estados a antecipar a vota\u00e7\u00e3o da Proposta de Emenda \u00e0 Constitui\u00e7\u00e3o (PEC) 221 de 2019, que prop\u00f5e o fim da escala de seis dias de trabalho por um de descanso e a redu\u00e7\u00e3o da jornada para 40 horas semanais. O &hellip;\" \/>\n<meta property=\"og:url\" content=\"https:\/\/redenoticiaz.com.br\/ribeiraopreto-regiao\/sp\/2026\/09\/04\/sindicatos-pressionam-senado-para-votacao-da-pec-6x1-antes-das-eleicoes\" \/>\n<meta property=\"og:site_name\" content=\"Ribeir\u00e3o Preto e Regi\u00e3o\" \/>\n<meta property=\"article:publisher\" content=\"https:\/\/m.facebook.com\/redenoticiaz.barretos\" \/>\n<meta property=\"article:published_time\" content=\"2026-09-04T17:52:25+00:00\" \/>\n<meta property=\"og:image\" content=\"https:\/\/redenoticiaz.com.br\/ribeiraopreto-regiao\/wp-content\/uploads\/sites\/4\/2022\/02\/logo.jpg\" \/>\n\t<meta property=\"og:image:width\" content=\"400\" \/>\n\t<meta property=\"og:image:height\" content=\"250\" \/>\n\t<meta property=\"og:image:type\" content=\"image\/jpeg\" \/>\n<meta name=\"author\" content=\"Patr\u00edcia Prado\" \/>\n<meta name=\"twitter:card\" content=\"summary_large_image\" \/>\n<meta name=\"twitter:creator\" content=\"@RN_barretos\" \/>\n<meta name=\"twitter:site\" content=\"@RN_barretos\" \/>\n<meta name=\"twitter:label1\" content=\"Escrito por\" \/>\n\t<meta name=\"twitter:data1\" content=\"Patr\u00edcia Prado\" \/>\n\t<meta name=\"twitter:label2\" content=\"Est. tempo de leitura\" \/>\n\t<meta name=\"twitter:data2\" content=\"3 minutos\" \/>\n<script type=\"application\/ld+json\" class=\"yoast-schema-graph\">{\"@context\":\"https:\\\/\\\/schema.org\",\"@graph\":[{\"@type\":\"Article\",\"@id\":\"https:\\\/\\\/redenoticiaz.com.br\\\/ribeiraopreto-regiao\\\/sp\\\/2026\\\/09\\\/04\\\/sindicatos-pressionam-senado-para-votacao-da-pec-6x1-antes-das-eleicoes#article\",\"isPartOf\":{\"@id\":\"https:\\\/\\\/redenoticiaz.com.br\\\/ribeiraopreto-regiao\\\/sp\\\/2026\\\/09\\\/04\\\/sindicatos-pressionam-senado-para-votacao-da-pec-6x1-antes-das-eleicoes\"},\"author\":{\"name\":\"Patr\u00edcia Prado\",\"@id\":\"https:\\\/\\\/redenoticiaz.com.br\\\/ribeiraopreto-regiao\\\/#\\\/schema\\\/person\\\/e1b0bd8c2637e2c1b6ddcbc2c33b116f\"},\"headline\":\"Sindicatos pressionam Senado para vota\u00e7\u00e3o da PEC 6&#215;1 antes das elei\u00e7\u00f5es\",\"datePublished\":\"2026-09-04T17:52:25+00:00\",\"mainEntityOfPage\":{\"@id\":\"https:\\\/\\\/redenoticiaz.com.br\\\/ribeiraopreto-regiao\\\/sp\\\/2026\\\/09\\\/04\\\/sindicatos-pressionam-senado-para-votacao-da-pec-6x1-antes-das-eleicoes\"},\"wordCount\":610,\"commentCount\":0,\"publisher\":{\"@id\":\"https:\\\/\\\/redenoticiaz.com.br\\\/ribeiraopreto-regiao\\\/#organization\"},\"image\":{\"@id\":\"https:\\\/\\\/redenoticiaz.com.br\\\/ribeiraopreto-regiao\\\/sp\\\/2026\\\/09\\\/04\\\/sindicatos-pressionam-senado-para-votacao-da-pec-6x1-antes-das-eleicoes#primaryimage\"},\"thumbnailUrl\":\"https:\\\/\\\/redenoticiaz.com.br\\\/ribeiraopreto-regiao\\\/wp-content\\\/uploads\\\/sites\\\/4\\\/2026\\\/09\\\/int7702.jpg.jpeg\",\"articleSection\":[\"Economia\",\"Elei\u00e7\u00f5es\",\"Emprego\",\"Justi\u00e7a\",\"Pol\u00edtica\",\"Sa\u00fade\",\"Trabalho\",\"Turismo\"],\"inLanguage\":\"pt-BR\",\"potentialAction\":[{\"@type\":\"CommentAction\",\"name\":\"Comment\",\"target\":[\"https:\\\/\\\/redenoticiaz.com.br\\\/ribeiraopreto-regiao\\\/sp\\\/2026\\\/09\\\/04\\\/sindicatos-pressionam-senado-para-votacao-da-pec-6x1-antes-das-eleicoes#respond\"]}]},{\"@type\":\"WebPage\",\"@id\":\"https:\\\/\\\/redenoticiaz.com.br\\\/ribeiraopreto-regiao\\\/sp\\\/2026\\\/09\\\/04\\\/sindicatos-pressionam-senado-para-votacao-da-pec-6x1-antes-das-eleicoes\",\"url\":\"https:\\\/\\\/redenoticiaz.com.br\\\/ribeiraopreto-regiao\\\/sp\\\/2026\\\/09\\\/04\\\/sindicatos-pressionam-senado-para-votacao-da-pec-6x1-antes-das-eleicoes\",\"name\":\"Sindicatos pressionam Senado para vota\u00e7\u00e3o da PEC 6x1 antes das elei\u00e7\u00f5es - Ribeir\u00e3o Preto e Regi\u00e3o\",\"isPartOf\":{\"@id\":\"https:\\\/\\\/redenoticiaz.com.br\\\/ribeiraopreto-regiao\\\/#website\"},\"primaryImageOfPage\":{\"@id\":\"https:\\\/\\\/redenoticiaz.com.br\\\/ribeiraopreto-regiao\\\/sp\\\/2026\\\/09\\\/04\\\/sindicatos-pressionam-senado-para-votacao-da-pec-6x1-antes-das-eleicoes#primaryimage\"},\"image\":{\"@id\":\"https:\\\/\\\/redenoticiaz.com.br\\\/ribeiraopreto-regiao\\\/sp\\\/2026\\\/09\\\/04\\\/sindicatos-pressionam-senado-para-votacao-da-pec-6x1-antes-das-eleicoes#primaryimage\"},\"thumbnailUrl\":\"https:\\\/\\\/redenoticiaz.com.br\\\/ribeiraopreto-regiao\\\/wp-content\\\/uploads\\\/sites\\\/4\\\/2026\\\/09\\\/int7702.jpg.jpeg\",\"datePublished\":\"2026-09-04T17:52:25+00:00\",\"inLanguage\":\"pt-BR\",\"potentialAction\":[{\"@type\":\"ReadAction\",\"target\":[\"https:\\\/\\\/redenoticiaz.com.br\\\/ribeiraopreto-regiao\\\/sp\\\/2026\\\/09\\\/04\\\/sindicatos-pressionam-senado-para-votacao-da-pec-6x1-antes-das-eleicoes\"]}]},{\"@type\":\"ImageObject\",\"inLanguage\":\"pt-BR\",\"@id\":\"https:\\\/\\\/redenoticiaz.com.br\\\/ribeiraopreto-regiao\\\/sp\\\/2026\\\/09\\\/04\\\/sindicatos-pressionam-senado-para-votacao-da-pec-6x1-antes-das-eleicoes#primaryimage\",\"url\":\"https:\\\/\\\/redenoticiaz.com.br\\\/ribeiraopreto-regiao\\\/wp-content\\\/uploads\\\/sites\\\/4\\\/2026\\\/09\\\/int7702.jpg.jpeg\",\"contentUrl\":\"https:\\\/\\\/redenoticiaz.com.br\\\/ribeiraopreto-regiao\\\/wp-content\\\/uploads\\\/sites\\\/4\\\/2026\\\/09\\\/int7702.jpg.jpeg\",\"width\":1600,\"height\":800},{\"@type\":\"WebSite\",\"@id\":\"https:\\\/\\\/redenoticiaz.com.br\\\/ribeiraopreto-regiao\\\/#website\",\"url\":\"https:\\\/\\\/redenoticiaz.com.br\\\/ribeiraopreto-regiao\\\/\",\"name\":\"Ribeir\u00e3o Preto e Regi\u00e3o\",\"description\":\"Rede NoticiaZ - Ribeir\u00e3o Preto e regi\u00e3o\",\"publisher\":{\"@id\":\"https:\\\/\\\/redenoticiaz.com.br\\\/ribeiraopreto-regiao\\\/#organization\"},\"potentialAction\":[{\"@type\":\"SearchAction\",\"target\":{\"@type\":\"EntryPoint\",\"urlTemplate\":\"https:\\\/\\\/redenoticiaz.com.br\\\/ribeiraopreto-regiao\\\/?s={search_term_string}\"},\"query-input\":{\"@type\":\"PropertyValueSpecification\",\"valueRequired\":true,\"valueName\":\"search_term_string\"}}],\"inLanguage\":\"pt-BR\"},{\"@type\":\"Organization\",\"@id\":\"https:\\\/\\\/redenoticiaz.com.br\\\/ribeiraopreto-regiao\\\/#organization\",\"name\":\"Ribeir\u00e3o Preto e Regi\u00e3o\",\"url\":\"https:\\\/\\\/redenoticiaz.com.br\\\/ribeiraopreto-regiao\\\/\",\"logo\":{\"@type\":\"ImageObject\",\"inLanguage\":\"pt-BR\",\"@id\":\"https:\\\/\\\/redenoticiaz.com.br\\\/ribeiraopreto-regiao\\\/#\\\/schema\\\/logo\\\/image\\\/\",\"url\":\"https:\\\/\\\/redenoticiaz.com.br\\\/barretos-regiao\\\/wp-content\\\/uploads\\\/sites\\\/4\\\/2022\\\/02\\\/logo.jpg\",\"contentUrl\":\"https:\\\/\\\/redenoticiaz.com.br\\\/barretos-regiao\\\/wp-content\\\/uploads\\\/sites\\\/4\\\/2022\\\/02\\\/logo.jpg\",\"width\":400,\"height\":250,\"caption\":\"Ribeir\u00e3o Preto e Regi\u00e3o\"},\"image\":{\"@id\":\"https:\\\/\\\/redenoticiaz.com.br\\\/ribeiraopreto-regiao\\\/#\\\/schema\\\/logo\\\/image\\\/\"},\"sameAs\":[\"https:\\\/\\\/m.facebook.com\\\/redenoticiaz.barretos\",\"https:\\\/\\\/x.com\\\/RN_barretos\",\"https:\\\/\\\/www.instagram.com\\\/redenoticiaz.barretos\\\/?igshid=YmMyMTA2M2Y\",\"https:\\\/\\\/www.linkedin.com\\\/company\\\/rede-noticiaz-barretos-e-regio\\\/\"]},{\"@type\":\"Person\",\"@id\":\"https:\\\/\\\/redenoticiaz.com.br\\\/ribeiraopreto-regiao\\\/#\\\/schema\\\/person\\\/e1b0bd8c2637e2c1b6ddcbc2c33b116f\",\"name\":\"Patr\u00edcia Prado\",\"image\":{\"@type\":\"ImageObject\",\"inLanguage\":\"pt-BR\",\"@id\":\"https:\\\/\\\/secure.gravatar.com\\\/avatar\\\/92e358bef22cfcec15e054ae4d9fee04dadf0c772dc4a17b382b8a34a15354c2?s=96&d=mm&r=g\",\"url\":\"https:\\\/\\\/secure.gravatar.com\\\/avatar\\\/92e358bef22cfcec15e054ae4d9fee04dadf0c772dc4a17b382b8a34a15354c2?s=96&d=mm&r=g\",\"contentUrl\":\"https:\\\/\\\/secure.gravatar.com\\\/avatar\\\/92e358bef22cfcec15e054ae4d9fee04dadf0c772dc4a17b382b8a34a15354c2?s=96&d=mm&r=g\",\"caption\":\"Patr\u00edcia Prado\"},\"url\":\"https:\\\/\\\/redenoticiaz.com.br\\\/ribeiraopreto-regiao\\\/sp\\\/author\\\/patricia-prado\"}]}<\/script>\n<!-- \/ Yoast SEO plugin. -->","yoast_head_json":{"title":"Sindicatos pressionam Senado para vota\u00e7\u00e3o da PEC 6x1 antes das elei\u00e7\u00f5es - Ribeir\u00e3o Preto e Regi\u00e3o","robots":{"index":"index","follow":"follow","max-snippet":"max-snippet:-1","max-image-preview":"max-image-preview:large","max-video-preview":"max-video-preview:-1"},"canonical":"https:\/\/redenoticiaz.com.br\/ribeiraopreto-regiao\/sp\/2026\/09\/04\/sindicatos-pressionam-senado-para-votacao-da-pec-6x1-antes-das-eleicoes","og_locale":"pt_BR","og_type":"article","og_title":"Sindicatos pressionam Senado para vota\u00e7\u00e3o da PEC 6x1 antes das elei\u00e7\u00f5es - Ribeir\u00e3o Preto e Regi\u00e3o","og_description":"As principais centrais sindicais do Brasil est\u00e3o mobilizando esfor\u00e7os para pressionar senadores em todos os estados a antecipar a vota\u00e7\u00e3o da Proposta de Emenda \u00e0 Constitui\u00e7\u00e3o (PEC) 221 de 2019, que prop\u00f5e o fim da escala de seis dias de trabalho por um de descanso e a redu\u00e7\u00e3o da jornada para 40 horas semanais. O &hellip;","og_url":"https:\/\/redenoticiaz.com.br\/ribeiraopreto-regiao\/sp\/2026\/09\/04\/sindicatos-pressionam-senado-para-votacao-da-pec-6x1-antes-das-eleicoes","og_site_name":"Ribeir\u00e3o Preto e Regi\u00e3o","article_publisher":"https:\/\/m.facebook.com\/redenoticiaz.barretos","article_published_time":"2026-09-04T17:52:25+00:00","og_image":[{"width":400,"height":250,"url":"https:\/\/redenoticiaz.com.br\/ribeiraopreto-regiao\/wp-content\/uploads\/sites\/4\/2022\/02\/logo.jpg","type":"image\/jpeg"}],"author":"Patr\u00edcia Prado","twitter_card":"summary_large_image","twitter_creator":"@RN_barretos","twitter_site":"@RN_barretos","twitter_misc":{"Escrito por":"Patr\u00edcia Prado","Est. tempo de leitura":"3 minutos"},"schema":{"@context":"https:\/\/schema.org","@graph":[{"@type":"Article","@id":"https:\/\/redenoticiaz.com.br\/ribeiraopreto-regiao\/sp\/2026\/09\/04\/sindicatos-pressionam-senado-para-votacao-da-pec-6x1-antes-das-eleicoes#article","isPartOf":{"@id":"https:\/\/redenoticiaz.com.br\/ribeiraopreto-regiao\/sp\/2026\/09\/04\/sindicatos-pressionam-senado-para-votacao-da-pec-6x1-antes-das-eleicoes"},"author":{"name":"Patr\u00edcia Prado","@id":"https:\/\/redenoticiaz.com.br\/ribeiraopreto-regiao\/#\/schema\/person\/e1b0bd8c2637e2c1b6ddcbc2c33b116f"},"headline":"Sindicatos pressionam Senado para vota\u00e7\u00e3o da PEC 6&#215;1 antes das elei\u00e7\u00f5es","datePublished":"2026-09-04T17:52:25+00:00","mainEntityOfPage":{"@id":"https:\/\/redenoticiaz.com.br\/ribeiraopreto-regiao\/sp\/2026\/09\/04\/sindicatos-pressionam-senado-para-votacao-da-pec-6x1-antes-das-eleicoes"},"wordCount":610,"commentCount":0,"publisher":{"@id":"https:\/\/redenoticiaz.com.br\/ribeiraopreto-regiao\/#organization"},"image":{"@id":"https:\/\/redenoticiaz.com.br\/ribeiraopreto-regiao\/sp\/2026\/09\/04\/sindicatos-pressionam-senado-para-votacao-da-pec-6x1-antes-das-eleicoes#primaryimage"},"thumbnailUrl":"https:\/\/redenoticiaz.com.br\/ribeiraopreto-regiao\/wp-content\/uploads\/sites\/4\/2026\/09\/int7702.jpg.jpeg","articleSection":["Economia","Elei\u00e7\u00f5es","Emprego","Justi\u00e7a","Pol\u00edtica","Sa\u00fade","Trabalho","Turismo"],"inLanguage":"pt-BR","potentialAction":[{"@type":"CommentAction","name":"Comment","target":["https:\/\/redenoticiaz.com.br\/ribeiraopreto-regiao\/sp\/2026\/09\/04\/sindicatos-pressionam-senado-para-votacao-da-pec-6x1-antes-das-eleicoes#respond"]}]},{"@type":"WebPage","@id":"https:\/\/redenoticiaz.com.br\/ribeiraopreto-regiao\/sp\/2026\/09\/04\/sindicatos-pressionam-senado-para-votacao-da-pec-6x1-antes-das-eleicoes","url":"https:\/\/redenoticiaz.com.br\/ribeiraopreto-regiao\/sp\/2026\/09\/04\/sindicatos-pressionam-senado-para-votacao-da-pec-6x1-antes-das-eleicoes","name":"Sindicatos pressionam Senado para vota\u00e7\u00e3o da PEC 6x1 antes das elei\u00e7\u00f5es - Ribeir\u00e3o Preto e Regi\u00e3o","isPartOf":{"@id":"https:\/\/redenoticiaz.com.br\/ribeiraopreto-regiao\/#website"},"primaryImageOfPage":{"@id":"https:\/\/redenoticiaz.com.br\/ribeiraopreto-regiao\/sp\/2026\/09\/04\/sindicatos-pressionam-senado-para-votacao-da-pec-6x1-antes-das-eleicoes#primaryimage"},"image":{"@id":"https:\/\/redenoticiaz.com.br\/ribeiraopreto-regiao\/sp\/2026\/09\/04\/sindicatos-pressionam-senado-para-votacao-da-pec-6x1-antes-das-eleicoes#primaryimage"},"thumbnailUrl":"https:\/\/redenoticiaz.com.br\/ribeiraopreto-regiao\/wp-content\/uploads\/sites\/4\/2026\/09\/int7702.jpg.jpeg","datePublished":"2026-09-04T17:52:25+00:00","inLanguage":"pt-BR","potentialAction":[{"@type":"ReadAction","target":["https:\/\/redenoticiaz.com.br\/ribeiraopreto-regiao\/sp\/2026\/09\/04\/sindicatos-pressionam-senado-para-votacao-da-pec-6x1-antes-das-eleicoes"]}]},{"@type":"ImageObject","inLanguage":"pt-BR","@id":"https:\/\/redenoticiaz.com.br\/ribeiraopreto-regiao\/sp\/2026\/09\/04\/sindicatos-pressionam-senado-para-votacao-da-pec-6x1-antes-das-eleicoes#primaryimage","url":"https:\/\/redenoticiaz.com.br\/ribeiraopreto-regiao\/wp-content\/uploads\/sites\/4\/2026\/09\/int7702.jpg.jpeg","contentUrl":"https:\/\/redenoticiaz.com.br\/ribeiraopreto-regiao\/wp-content\/uploads\/sites\/4\/2026\/09\/int7702.jpg.jpeg","width":1600,"height":800},{"@type":"WebSite","@id":"https:\/\/redenoticiaz.com.br\/ribeiraopreto-regiao\/#website","url":"https:\/\/redenoticiaz.com.br\/ribeiraopreto-regiao\/","name":"Ribeir\u00e3o Preto e Regi\u00e3o","description":"Rede NoticiaZ - Ribeir\u00e3o Preto e regi\u00e3o","publisher":{"@id":"https:\/\/redenoticiaz.com.br\/ribeiraopreto-regiao\/#organization"},"potentialAction":[{"@type":"SearchAction","target":{"@type":"EntryPoint","urlTemplate":"https:\/\/redenoticiaz.com.br\/ribeiraopreto-regiao\/?s={search_term_string}"},"query-input":{"@type":"PropertyValueSpecification","valueRequired":true,"valueName":"search_term_string"}}],"inLanguage":"pt-BR"},{"@type":"Organization","@id":"https:\/\/redenoticiaz.com.br\/ribeiraopreto-regiao\/#organization","name":"Ribeir\u00e3o Preto e Regi\u00e3o","url":"https:\/\/redenoticiaz.com.br\/ribeiraopreto-regiao\/","logo":{"@type":"ImageObject","inLanguage":"pt-BR","@id":"https:\/\/redenoticiaz.com.br\/ribeiraopreto-regiao\/#\/schema\/logo\/image\/","url":"https:\/\/redenoticiaz.com.br\/barretos-regiao\/wp-content\/uploads\/sites\/4\/2022\/02\/logo.jpg","contentUrl":"https:\/\/redenoticiaz.com.br\/barretos-regiao\/wp-content\/uploads\/sites\/4\/2022\/02\/logo.jpg","width":400,"height":250,"caption":"Ribeir\u00e3o Preto e Regi\u00e3o"},"image":{"@id":"https:\/\/redenoticiaz.com.br\/ribeiraopreto-regiao\/#\/schema\/logo\/image\/"},"sameAs":["https:\/\/m.facebook.com\/redenoticiaz.barretos","https:\/\/x.com\/RN_barretos","https:\/\/www.instagram.com\/redenoticiaz.barretos\/?igshid=YmMyMTA2M2Y","https:\/\/www.linkedin.com\/company\/rede-noticiaz-barretos-e-regio\/"]},{"@type":"Person","@id":"https:\/\/redenoticiaz.com.br\/ribeiraopreto-regiao\/#\/schema\/person\/e1b0bd8c2637e2c1b6ddcbc2c33b116f","name":"Patr\u00edcia Prado","image":{"@type":"ImageObject","inLanguage":"pt-BR","@id":"https:\/\/secure.gravatar.com\/avatar\/92e358bef22cfcec15e054ae4d9fee04dadf0c772dc4a17b382b8a34a15354c2?s=96&d=mm&r=g","url":"https:\/\/secure.gravatar.com\/avatar\/92e358bef22cfcec15e054ae4d9fee04dadf0c772dc4a17b382b8a34a15354c2?s=96&d=mm&r=g","contentUrl":"https:\/\/secure.gravatar.com\/avatar\/92e358bef22cfcec15e054ae4d9fee04dadf0c772dc4a17b382b8a34a15354c2?s=96&d=mm&r=g","caption":"Patr\u00edcia Prado"},"url":"https:\/\/redenoticiaz.com.br\/ribeiraopreto-regiao\/sp\/author\/patricia-prado"}]}},"_links":{"self":[{"href":"https:\/\/redenoticiaz.com.br\/ribeiraopreto-regiao\/wp-json\/wp\/v2\/posts\/123252","targetHints":{"allow":["GET"]}}],"collection":[{"href":"https:\/\/redenoticiaz.com.br\/ribeiraopreto-regiao\/wp-json\/wp\/v2\/posts"}],"about":[{"href":"https:\/\/redenoticiaz.com.br\/ribeiraopreto-regiao\/wp-json\/wp\/v2\/types\/post"}],"author":[{"embeddable":true,"href":"https:\/\/redenoticiaz.com.br\/ribeiraopreto-regiao\/wp-json\/wp\/v2\/users\/5"}],"replies":[{"embeddable":true,"href":"https:\/\/redenoticiaz.com.br\/ribeiraopreto-regiao\/wp-json\/wp\/v2\/comments?post=123252"}],"version-history":[{"count":0,"href":"https:\/\/redenoticiaz.com.br\/ribeiraopreto-regiao\/wp-json\/wp\/v2\/posts\/123252\/revisions"}],"wp:featuredmedia":[{"embeddable":true,"href":"https:\/\/redenoticiaz.com.br\/ribeiraopreto-regiao\/wp-json\/wp\/v2\/media\/123253"}],"wp:attachment":[{"href":"https:\/\/redenoticiaz.com.br\/ribeiraopreto-regiao\/wp-json\/wp\/v2\/media?parent=123252"}],"wp:term":[{"taxonomy":"category","embeddable":true,"href":"https:\/\/redenoticiaz.com.br\/ribeiraopreto-regiao\/wp-json\/wp\/v2\/categories?post=123252"},{"taxonomy":"post_tag","embeddable":true,"href":"https:\/\/redenoticiaz.com.br\/ribeiraopreto-regiao\/wp-json\/wp\/v2\/tags?post=123252"}],"curies":[{"name":"wp","href":"https:\/\/api.w.org\/{rel}","templated":true}]}}