{"id":123254,"date":"2026-09-04T15:17:00","date_gmt":"2026-09-04T18:17:00","guid":{"rendered":"https:\/\/redenoticiaz.com.br\/ribeiraopreto-regiao\/sp\/2026\/09\/04\/bandas-marciais-de-ribeirao-preto-celebram-a-independencia-do-brasil-com-desfile-na-avenida-paschoal-innecchi"},"modified":"2026-09-04T15:17:00","modified_gmt":"2026-09-04T18:17:00","slug":"bandas-marciais-de-ribeirao-preto-celebram-a-independencia-do-brasil-com-desfile-na-avenida-paschoal-innecchi","status":"publish","type":"post","link":"https:\/\/redenoticiaz.com.br\/ribeiraopreto-regiao\/sp\/2026\/09\/04\/bandas-marciais-de-ribeirao-preto-celebram-a-independencia-do-brasil-com-desfile-na-avenida-paschoal-innecchi","title":{"rendered":"Bandas Marciais de Ribeir\u00e3o Preto Celebram a Independ\u00eancia do Brasil com Desfile na Avenida Paschoal Innecchi"},"content":{"rendered":"<p>O desfile c\u00edvico em comemora\u00e7\u00e3o ao 7 de Setembro, data da Independ\u00eancia do Brasil, contar\u00e1 com a participa\u00e7\u00e3o de bandas marciais de duas escolas da rede municipal de Ribeir\u00e3o Preto. Na pr\u00f3xima segunda-feira (7), \u00e0s 8h, alunos das EMEFs Prof\u00ba Alfeu Luiz Gasparini e Prof\u00ba Eduardo Romualdo de Souza levar\u00e3o m\u00fasica e entusiasmo \u00e0 Avenida Paschoal Innecchi, localizada no Jardim Independ\u00eancia.<\/p>\n<p>A Banda Marcial Alfeu Luiz Gasparini (BMAG) far\u00e1 seu retorno ao desfile, ap\u00f3s uma longa tradi\u00e7\u00e3o de participa\u00e7\u00e3o que foi interrompida pela pandemia e pelo ano de 2025. Com mais de 40 anos de hist\u00f3ria, a banda atualmente re\u00fane cerca de 80 integrantes, incluindo alunos e ex-alunos a partir de 8 anos de idade. O grupo passou por reformula\u00e7\u00f5es com o objetivo de fortalecer suas atividades e incentivar a participa\u00e7\u00e3o de mais estudantes.<\/p>\n<p>O repert\u00f3rio para o desfile foi cuidadosamente preparado para garantir uma experi\u00eancia agrad\u00e1vel ao p\u00fablico e celebrar o reencontro da BMAG com os espectadores durante este importante feriado. Givaldo Oliveira Silva, professor e monitor das bandas marciais, destacou que a atua\u00e7\u00e3o do grupo vai al\u00e9m da m\u00fasica, proporcionando um espa\u00e7o de aprendizado e desenvolvimento pessoal para as crian\u00e7as e adolescentes que participam.<\/p>\n<p>\u201cA banda marcial \u00e9 muito mais do que m\u00fasica e apresenta\u00e7\u00f5es. Ela \u00e9 um espa\u00e7o de aprendizado, uni\u00e3o, disciplina, amizade e, principalmente, de crescimento para nossas crian\u00e7as, jovens e adolescentes. A BMAG \u00e9 parte da hist\u00f3ria da nossa escola e do nosso munic\u00edpio, e cada aluno que participa tamb\u00e9m passa a construir essa trajet\u00f3ria\u201d, afirmou Silva.<\/p>\n<p>Al\u00e9m disso, a Banda Marcial da EMEF Prof\u00ba Eduardo Romualdo de Souza tamb\u00e9m marcar\u00e1 presen\u00e7a no desfile, representando seus 45 alunos com idades entre 8 e 15 anos. Criada em 2019, a banda teve sua estreia oficial em 2023, ap\u00f3s pausas durante a pandemia, e esta ser\u00e1 sua quarta participa\u00e7\u00e3o nas comemora\u00e7\u00f5es do 7 de Setembro.<\/p>\n<p>Samuel Avelino Dias, professor e monitor da banda, expressou seu orgulho pela continuidade do trabalho com os alunos, observando que a experi\u00eancia vai muito al\u00e9m da m\u00fasica. \u201cRetornar ao desfile mostra o quanto a banda contribui para a forma\u00e7\u00e3o dos estudantes e fortalece o v\u00ednculo entre eles e a escola\u201d, ressaltou Dias.<\/p>\n<p>Christian Viana Oliveira, secret\u00e1rio municipal de Educa\u00e7\u00e3o, enfatizou a import\u00e2ncia da participa\u00e7\u00e3o dos estudantes, que permite a eles demonstrar o que aprenderam ao longo do ano. &#8220;\u00c9 uma oportunidade de representar a escola com orgulho e de mostrar que cada integrante \u00e9 essencial para que as bandas aconte\u00e7am\u201d, concluiu.<\/p>\n<p><strong>SERVI\u00c7O<\/strong><\/p>\n<p><strong>Desfile C\u00edvico de 7 de Setembro<\/strong><\/p>\n<p>Data: segunda-feira (7)<\/p>\n<p>Hor\u00e1rio: 8h<\/p>\n<p>Local: Avenida Paschoal Innecchi \u2013 Jardim Independ\u00eancia, em frente ao quartel da Pol\u00edcia Militar<\/p>\n","protected":false},"excerpt":{"rendered":"<p>O desfile c\u00edvico em comemora\u00e7\u00e3o ao 7 de Setembro, data da Independ\u00eancia do Brasil, contar\u00e1 com a participa\u00e7\u00e3o de bandas marciais de duas escolas da rede municipal de Ribeir\u00e3o Preto. Na pr\u00f3xima segunda-feira (7), \u00e0s 8h, alunos das EMEFs Prof\u00ba Alfeu Luiz Gasparini e Prof\u00ba Eduardo Romualdo de Souza levar\u00e3o m\u00fasica e entusiasmo \u00e0 Avenida &hellip;<\/p>\n","protected":false},"author":5,"featured_media":123255,"comment_status":"open","ping_status":"closed","sticky":false,"template":"","format":"standard","meta":{"footnotes":""},"categories":[815,820,88,186,31500],"tags":[],"class_list":["post-123254","post","type-post","status-publish","format-standard","has-post-thumbnail","hentry","category-cultura-e-musica","category-educacao","category-policia","category-politica","category-ribeirao-preto"],"yoast_head":"<!-- This site is optimized with the Yoast SEO plugin v28.4 - https:\/\/yoast.com\/product\/yoast-seo-wordpress\/ -->\n<title>Bandas Marciais de Ribeir\u00e3o Preto Celebram a Independ\u00eancia do Brasil com Desfile na Avenida Paschoal Innecchi - Ribeir\u00e3o Preto e Regi\u00e3o<\/title>\n<meta name=\"robots\" content=\"index, follow, max-snippet:-1, max-image-preview:large, max-video-preview:-1\" \/>\n<link rel=\"canonical\" href=\"https:\/\/redenoticiaz.com.br\/ribeiraopreto-regiao\/sp\/2026\/09\/04\/bandas-marciais-de-ribeirao-preto-celebram-a-independencia-do-brasil-com-desfile-na-avenida-paschoal-innecchi\" \/>\n<meta property=\"og:locale\" content=\"pt_BR\" \/>\n<meta property=\"og:type\" content=\"article\" \/>\n<meta property=\"og:title\" content=\"Bandas Marciais de Ribeir\u00e3o Preto Celebram a Independ\u00eancia do Brasil com Desfile na Avenida Paschoal Innecchi - Ribeir\u00e3o Preto e Regi\u00e3o\" \/>\n<meta property=\"og:description\" content=\"O desfile c\u00edvico em comemora\u00e7\u00e3o ao 7 de Setembro, data da Independ\u00eancia do Brasil, contar\u00e1 com a participa\u00e7\u00e3o de bandas marciais de duas escolas da rede municipal de Ribeir\u00e3o Preto. Na pr\u00f3xima segunda-feira (7), \u00e0s 8h, alunos das EMEFs Prof\u00ba Alfeu Luiz Gasparini e Prof\u00ba Eduardo Romualdo de Souza levar\u00e3o m\u00fasica e entusiasmo \u00e0 Avenida &hellip;\" \/>\n<meta property=\"og:url\" content=\"https:\/\/redenoticiaz.com.br\/ribeiraopreto-regiao\/sp\/2026\/09\/04\/bandas-marciais-de-ribeirao-preto-celebram-a-independencia-do-brasil-com-desfile-na-avenida-paschoal-innecchi\" \/>\n<meta property=\"og:site_name\" content=\"Ribeir\u00e3o Preto e Regi\u00e3o\" \/>\n<meta property=\"article:publisher\" content=\"https:\/\/m.facebook.com\/redenoticiaz.barretos\" \/>\n<meta property=\"article:published_time\" content=\"2026-09-04T18:17:00+00:00\" \/>\n<meta property=\"og:image\" content=\"https:\/\/redenoticiaz.com.br\/ribeiraopreto-regiao\/wp-content\/uploads\/sites\/4\/2022\/02\/logo.jpg\" \/>\n\t<meta property=\"og:image:width\" content=\"400\" \/>\n\t<meta property=\"og:image:height\" content=\"250\" \/>\n\t<meta property=\"og:image:type\" content=\"image\/jpeg\" \/>\n<meta name=\"author\" content=\"Patr\u00edcia Prado\" \/>\n<meta name=\"twitter:card\" content=\"summary_large_image\" \/>\n<meta name=\"twitter:creator\" content=\"@RN_barretos\" \/>\n<meta name=\"twitter:site\" content=\"@RN_barretos\" \/>\n<meta name=\"twitter:label1\" content=\"Escrito por\" \/>\n\t<meta name=\"twitter:data1\" content=\"Patr\u00edcia Prado\" \/>\n\t<meta name=\"twitter:label2\" content=\"Est. tempo de leitura\" \/>\n\t<meta name=\"twitter:data2\" content=\"2 minutos\" \/>\n<script type=\"application\/ld+json\" class=\"yoast-schema-graph\">{\"@context\":\"https:\\\/\\\/schema.org\",\"@graph\":[{\"@type\":\"Article\",\"@id\":\"https:\\\/\\\/redenoticiaz.com.br\\\/ribeiraopreto-regiao\\\/sp\\\/2026\\\/09\\\/04\\\/bandas-marciais-de-ribeirao-preto-celebram-a-independencia-do-brasil-com-desfile-na-avenida-paschoal-innecchi#article\",\"isPartOf\":{\"@id\":\"https:\\\/\\\/redenoticiaz.com.br\\\/ribeiraopreto-regiao\\\/sp\\\/2026\\\/09\\\/04\\\/bandas-marciais-de-ribeirao-preto-celebram-a-independencia-do-brasil-com-desfile-na-avenida-paschoal-innecchi\"},\"author\":{\"name\":\"Patr\u00edcia Prado\",\"@id\":\"https:\\\/\\\/redenoticiaz.com.br\\\/ribeiraopreto-regiao\\\/#\\\/schema\\\/person\\\/e1b0bd8c2637e2c1b6ddcbc2c33b116f\"},\"headline\":\"Bandas Marciais de Ribeir\u00e3o Preto Celebram a Independ\u00eancia do Brasil com Desfile na Avenida Paschoal Innecchi\",\"datePublished\":\"2026-09-04T18:17:00+00:00\",\"mainEntityOfPage\":{\"@id\":\"https:\\\/\\\/redenoticiaz.com.br\\\/ribeiraopreto-regiao\\\/sp\\\/2026\\\/09\\\/04\\\/bandas-marciais-de-ribeirao-preto-celebram-a-independencia-do-brasil-com-desfile-na-avenida-paschoal-innecchi\"},\"wordCount\":487,\"commentCount\":0,\"publisher\":{\"@id\":\"https:\\\/\\\/redenoticiaz.com.br\\\/ribeiraopreto-regiao\\\/#organization\"},\"image\":{\"@id\":\"https:\\\/\\\/redenoticiaz.com.br\\\/ribeiraopreto-regiao\\\/sp\\\/2026\\\/09\\\/04\\\/bandas-marciais-de-ribeirao-preto-celebram-a-independencia-do-brasil-com-desfile-na-avenida-paschoal-innecchi#primaryimage\"},\"thumbnailUrl\":\"https:\\\/\\\/redenoticiaz.com.br\\\/ribeiraopreto-regiao\\\/wp-content\\\/uploads\\\/sites\\\/4\\\/2026\\\/09\\\/desfilebandaseduc_capa1.jpg\",\"articleSection\":[\"Cultura e M\u00fasica\",\"Educa\u00e7\u00e3o\",\"Pol\u00edcia\",\"Pol\u00edtica\",\"Ribeir\u00e3o Preto\"],\"inLanguage\":\"pt-BR\",\"potentialAction\":[{\"@type\":\"CommentAction\",\"name\":\"Comment\",\"target\":[\"https:\\\/\\\/redenoticiaz.com.br\\\/ribeiraopreto-regiao\\\/sp\\\/2026\\\/09\\\/04\\\/bandas-marciais-de-ribeirao-preto-celebram-a-independencia-do-brasil-com-desfile-na-avenida-paschoal-innecchi#respond\"]}]},{\"@type\":\"WebPage\",\"@id\":\"https:\\\/\\\/redenoticiaz.com.br\\\/ribeiraopreto-regiao\\\/sp\\\/2026\\\/09\\\/04\\\/bandas-marciais-de-ribeirao-preto-celebram-a-independencia-do-brasil-com-desfile-na-avenida-paschoal-innecchi\",\"url\":\"https:\\\/\\\/redenoticiaz.com.br\\\/ribeiraopreto-regiao\\\/sp\\\/2026\\\/09\\\/04\\\/bandas-marciais-de-ribeirao-preto-celebram-a-independencia-do-brasil-com-desfile-na-avenida-paschoal-innecchi\",\"name\":\"Bandas Marciais de Ribeir\u00e3o Preto Celebram a Independ\u00eancia do Brasil com Desfile na Avenida Paschoal Innecchi - Ribeir\u00e3o Preto e Regi\u00e3o\",\"isPartOf\":{\"@id\":\"https:\\\/\\\/redenoticiaz.com.br\\\/ribeiraopreto-regiao\\\/#website\"},\"primaryImageOfPage\":{\"@id\":\"https:\\\/\\\/redenoticiaz.com.br\\\/ribeiraopreto-regiao\\\/sp\\\/2026\\\/09\\\/04\\\/bandas-marciais-de-ribeirao-preto-celebram-a-independencia-do-brasil-com-desfile-na-avenida-paschoal-innecchi#primaryimage\"},\"image\":{\"@id\":\"https:\\\/\\\/redenoticiaz.com.br\\\/ribeiraopreto-regiao\\\/sp\\\/2026\\\/09\\\/04\\\/bandas-marciais-de-ribeirao-preto-celebram-a-independencia-do-brasil-com-desfile-na-avenida-paschoal-innecchi#primaryimage\"},\"thumbnailUrl\":\"https:\\\/\\\/redenoticiaz.com.br\\\/ribeiraopreto-regiao\\\/wp-content\\\/uploads\\\/sites\\\/4\\\/2026\\\/09\\\/desfilebandaseduc_capa1.jpg\",\"datePublished\":\"2026-09-04T18:17:00+00:00\",\"inLanguage\":\"pt-BR\",\"potentialAction\":[{\"@type\":\"ReadAction\",\"target\":[\"https:\\\/\\\/redenoticiaz.com.br\\\/ribeiraopreto-regiao\\\/sp\\\/2026\\\/09\\\/04\\\/bandas-marciais-de-ribeirao-preto-celebram-a-independencia-do-brasil-com-desfile-na-avenida-paschoal-innecchi\"]}]},{\"@type\":\"ImageObject\",\"inLanguage\":\"pt-BR\",\"@id\":\"https:\\\/\\\/redenoticiaz.com.br\\\/ribeiraopreto-regiao\\\/sp\\\/2026\\\/09\\\/04\\\/bandas-marciais-de-ribeirao-preto-celebram-a-independencia-do-brasil-com-desfile-na-avenida-paschoal-innecchi#primaryimage\",\"url\":\"https:\\\/\\\/redenoticiaz.com.br\\\/ribeiraopreto-regiao\\\/wp-content\\\/uploads\\\/sites\\\/4\\\/2026\\\/09\\\/desfilebandaseduc_capa1.jpg\",\"contentUrl\":\"https:\\\/\\\/redenoticiaz.com.br\\\/ribeiraopreto-regiao\\\/wp-content\\\/uploads\\\/sites\\\/4\\\/2026\\\/09\\\/desfilebandaseduc_capa1.jpg\",\"width\":1500,\"height\":1000},{\"@type\":\"WebSite\",\"@id\":\"https:\\\/\\\/redenoticiaz.com.br\\\/ribeiraopreto-regiao\\\/#website\",\"url\":\"https:\\\/\\\/redenoticiaz.com.br\\\/ribeiraopreto-regiao\\\/\",\"name\":\"Ribeir\u00e3o Preto e Regi\u00e3o\",\"description\":\"Rede NoticiaZ - Ribeir\u00e3o Preto e regi\u00e3o\",\"publisher\":{\"@id\":\"https:\\\/\\\/redenoticiaz.com.br\\\/ribeiraopreto-regiao\\\/#organization\"},\"potentialAction\":[{\"@type\":\"SearchAction\",\"target\":{\"@type\":\"EntryPoint\",\"urlTemplate\":\"https:\\\/\\\/redenoticiaz.com.br\\\/ribeiraopreto-regiao\\\/?s={search_term_string}\"},\"query-input\":{\"@type\":\"PropertyValueSpecification\",\"valueRequired\":true,\"valueName\":\"search_term_string\"}}],\"inLanguage\":\"pt-BR\"},{\"@type\":\"Organization\",\"@id\":\"https:\\\/\\\/redenoticiaz.com.br\\\/ribeiraopreto-regiao\\\/#organization\",\"name\":\"Ribeir\u00e3o Preto e Regi\u00e3o\",\"url\":\"https:\\\/\\\/redenoticiaz.com.br\\\/ribeiraopreto-regiao\\\/\",\"logo\":{\"@type\":\"ImageObject\",\"inLanguage\":\"pt-BR\",\"@id\":\"https:\\\/\\\/redenoticiaz.com.br\\\/ribeiraopreto-regiao\\\/#\\\/schema\\\/logo\\\/image\\\/\",\"url\":\"https:\\\/\\\/redenoticiaz.com.br\\\/barretos-regiao\\\/wp-content\\\/uploads\\\/sites\\\/4\\\/2022\\\/02\\\/logo.jpg\",\"contentUrl\":\"https:\\\/\\\/redenoticiaz.com.br\\\/barretos-regiao\\\/wp-content\\\/uploads\\\/sites\\\/4\\\/2022\\\/02\\\/logo.jpg\",\"width\":400,\"height\":250,\"caption\":\"Ribeir\u00e3o Preto e Regi\u00e3o\"},\"image\":{\"@id\":\"https:\\\/\\\/redenoticiaz.com.br\\\/ribeiraopreto-regiao\\\/#\\\/schema\\\/logo\\\/image\\\/\"},\"sameAs\":[\"https:\\\/\\\/m.facebook.com\\\/redenoticiaz.barretos\",\"https:\\\/\\\/x.com\\\/RN_barretos\",\"https:\\\/\\\/www.instagram.com\\\/redenoticiaz.barretos\\\/?igshid=YmMyMTA2M2Y\",\"https:\\\/\\\/www.linkedin.com\\\/company\\\/rede-noticiaz-barretos-e-regio\\\/\"]},{\"@type\":\"Person\",\"@id\":\"https:\\\/\\\/redenoticiaz.com.br\\\/ribeiraopreto-regiao\\\/#\\\/schema\\\/person\\\/e1b0bd8c2637e2c1b6ddcbc2c33b116f\",\"name\":\"Patr\u00edcia Prado\",\"image\":{\"@type\":\"ImageObject\",\"inLanguage\":\"pt-BR\",\"@id\":\"https:\\\/\\\/secure.gravatar.com\\\/avatar\\\/92e358bef22cfcec15e054ae4d9fee04dadf0c772dc4a17b382b8a34a15354c2?s=96&d=mm&r=g\",\"url\":\"https:\\\/\\\/secure.gravatar.com\\\/avatar\\\/92e358bef22cfcec15e054ae4d9fee04dadf0c772dc4a17b382b8a34a15354c2?s=96&d=mm&r=g\",\"contentUrl\":\"https:\\\/\\\/secure.gravatar.com\\\/avatar\\\/92e358bef22cfcec15e054ae4d9fee04dadf0c772dc4a17b382b8a34a15354c2?s=96&d=mm&r=g\",\"caption\":\"Patr\u00edcia Prado\"},\"url\":\"https:\\\/\\\/redenoticiaz.com.br\\\/ribeiraopreto-regiao\\\/sp\\\/author\\\/patricia-prado\"}]}<\/script>\n<!-- \/ Yoast SEO plugin. -->","yoast_head_json":{"title":"Bandas Marciais de Ribeir\u00e3o Preto Celebram a Independ\u00eancia do Brasil com Desfile na Avenida Paschoal Innecchi - Ribeir\u00e3o Preto e Regi\u00e3o","robots":{"index":"index","follow":"follow","max-snippet":"max-snippet:-1","max-image-preview":"max-image-preview:large","max-video-preview":"max-video-preview:-1"},"canonical":"https:\/\/redenoticiaz.com.br\/ribeiraopreto-regiao\/sp\/2026\/09\/04\/bandas-marciais-de-ribeirao-preto-celebram-a-independencia-do-brasil-com-desfile-na-avenida-paschoal-innecchi","og_locale":"pt_BR","og_type":"article","og_title":"Bandas Marciais de Ribeir\u00e3o Preto Celebram a Independ\u00eancia do Brasil com Desfile na Avenida Paschoal Innecchi - Ribeir\u00e3o Preto e Regi\u00e3o","og_description":"O desfile c\u00edvico em comemora\u00e7\u00e3o ao 7 de Setembro, data da Independ\u00eancia do Brasil, contar\u00e1 com a participa\u00e7\u00e3o de bandas marciais de duas escolas da rede municipal de Ribeir\u00e3o Preto. Na pr\u00f3xima segunda-feira (7), \u00e0s 8h, alunos das EMEFs Prof\u00ba Alfeu Luiz Gasparini e Prof\u00ba Eduardo Romualdo de Souza levar\u00e3o m\u00fasica e entusiasmo \u00e0 Avenida &hellip;","og_url":"https:\/\/redenoticiaz.com.br\/ribeiraopreto-regiao\/sp\/2026\/09\/04\/bandas-marciais-de-ribeirao-preto-celebram-a-independencia-do-brasil-com-desfile-na-avenida-paschoal-innecchi","og_site_name":"Ribeir\u00e3o Preto e Regi\u00e3o","article_publisher":"https:\/\/m.facebook.com\/redenoticiaz.barretos","article_published_time":"2026-09-04T18:17:00+00:00","og_image":[{"width":400,"height":250,"url":"https:\/\/redenoticiaz.com.br\/ribeiraopreto-regiao\/wp-content\/uploads\/sites\/4\/2022\/02\/logo.jpg","type":"image\/jpeg"}],"author":"Patr\u00edcia Prado","twitter_card":"summary_large_image","twitter_creator":"@RN_barretos","twitter_site":"@RN_barretos","twitter_misc":{"Escrito por":"Patr\u00edcia Prado","Est. tempo de leitura":"2 minutos"},"schema":{"@context":"https:\/\/schema.org","@graph":[{"@type":"Article","@id":"https:\/\/redenoticiaz.com.br\/ribeiraopreto-regiao\/sp\/2026\/09\/04\/bandas-marciais-de-ribeirao-preto-celebram-a-independencia-do-brasil-com-desfile-na-avenida-paschoal-innecchi#article","isPartOf":{"@id":"https:\/\/redenoticiaz.com.br\/ribeiraopreto-regiao\/sp\/2026\/09\/04\/bandas-marciais-de-ribeirao-preto-celebram-a-independencia-do-brasil-com-desfile-na-avenida-paschoal-innecchi"},"author":{"name":"Patr\u00edcia Prado","@id":"https:\/\/redenoticiaz.com.br\/ribeiraopreto-regiao\/#\/schema\/person\/e1b0bd8c2637e2c1b6ddcbc2c33b116f"},"headline":"Bandas Marciais de Ribeir\u00e3o Preto Celebram a Independ\u00eancia do Brasil com Desfile na Avenida Paschoal Innecchi","datePublished":"2026-09-04T18:17:00+00:00","mainEntityOfPage":{"@id":"https:\/\/redenoticiaz.com.br\/ribeiraopreto-regiao\/sp\/2026\/09\/04\/bandas-marciais-de-ribeirao-preto-celebram-a-independencia-do-brasil-com-desfile-na-avenida-paschoal-innecchi"},"wordCount":487,"commentCount":0,"publisher":{"@id":"https:\/\/redenoticiaz.com.br\/ribeiraopreto-regiao\/#organization"},"image":{"@id":"https:\/\/redenoticiaz.com.br\/ribeiraopreto-regiao\/sp\/2026\/09\/04\/bandas-marciais-de-ribeirao-preto-celebram-a-independencia-do-brasil-com-desfile-na-avenida-paschoal-innecchi#primaryimage"},"thumbnailUrl":"https:\/\/redenoticiaz.com.br\/ribeiraopreto-regiao\/wp-content\/uploads\/sites\/4\/2026\/09\/desfilebandaseduc_capa1.jpg","articleSection":["Cultura e M\u00fasica","Educa\u00e7\u00e3o","Pol\u00edcia","Pol\u00edtica","Ribeir\u00e3o Preto"],"inLanguage":"pt-BR","potentialAction":[{"@type":"CommentAction","name":"Comment","target":["https:\/\/redenoticiaz.com.br\/ribeiraopreto-regiao\/sp\/2026\/09\/04\/bandas-marciais-de-ribeirao-preto-celebram-a-independencia-do-brasil-com-desfile-na-avenida-paschoal-innecchi#respond"]}]},{"@type":"WebPage","@id":"https:\/\/redenoticiaz.com.br\/ribeiraopreto-regiao\/sp\/2026\/09\/04\/bandas-marciais-de-ribeirao-preto-celebram-a-independencia-do-brasil-com-desfile-na-avenida-paschoal-innecchi","url":"https:\/\/redenoticiaz.com.br\/ribeiraopreto-regiao\/sp\/2026\/09\/04\/bandas-marciais-de-ribeirao-preto-celebram-a-independencia-do-brasil-com-desfile-na-avenida-paschoal-innecchi","name":"Bandas Marciais de Ribeir\u00e3o Preto Celebram a Independ\u00eancia do Brasil com Desfile na Avenida Paschoal Innecchi - Ribeir\u00e3o Preto e Regi\u00e3o","isPartOf":{"@id":"https:\/\/redenoticiaz.com.br\/ribeiraopreto-regiao\/#website"},"primaryImageOfPage":{"@id":"https:\/\/redenoticiaz.com.br\/ribeiraopreto-regiao\/sp\/2026\/09\/04\/bandas-marciais-de-ribeirao-preto-celebram-a-independencia-do-brasil-com-desfile-na-avenida-paschoal-innecchi#primaryimage"},"image":{"@id":"https:\/\/redenoticiaz.com.br\/ribeiraopreto-regiao\/sp\/2026\/09\/04\/bandas-marciais-de-ribeirao-preto-celebram-a-independencia-do-brasil-com-desfile-na-avenida-paschoal-innecchi#primaryimage"},"thumbnailUrl":"https:\/\/redenoticiaz.com.br\/ribeiraopreto-regiao\/wp-content\/uploads\/sites\/4\/2026\/09\/desfilebandaseduc_capa1.jpg","datePublished":"2026-09-04T18:17:00+00:00","inLanguage":"pt-BR","potentialAction":[{"@type":"ReadAction","target":["https:\/\/redenoticiaz.com.br\/ribeiraopreto-regiao\/sp\/2026\/09\/04\/bandas-marciais-de-ribeirao-preto-celebram-a-independencia-do-brasil-com-desfile-na-avenida-paschoal-innecchi"]}]},{"@type":"ImageObject","inLanguage":"pt-BR","@id":"https:\/\/redenoticiaz.com.br\/ribeiraopreto-regiao\/sp\/2026\/09\/04\/bandas-marciais-de-ribeirao-preto-celebram-a-independencia-do-brasil-com-desfile-na-avenida-paschoal-innecchi#primaryimage","url":"https:\/\/redenoticiaz.com.br\/ribeiraopreto-regiao\/wp-content\/uploads\/sites\/4\/2026\/09\/desfilebandaseduc_capa1.jpg","contentUrl":"https:\/\/redenoticiaz.com.br\/ribeiraopreto-regiao\/wp-content\/uploads\/sites\/4\/2026\/09\/desfilebandaseduc_capa1.jpg","width":1500,"height":1000},{"@type":"WebSite","@id":"https:\/\/redenoticiaz.com.br\/ribeiraopreto-regiao\/#website","url":"https:\/\/redenoticiaz.com.br\/ribeiraopreto-regiao\/","name":"Ribeir\u00e3o Preto e Regi\u00e3o","description":"Rede NoticiaZ - Ribeir\u00e3o Preto e regi\u00e3o","publisher":{"@id":"https:\/\/redenoticiaz.com.br\/ribeiraopreto-regiao\/#organization"},"potentialAction":[{"@type":"SearchAction","target":{"@type":"EntryPoint","urlTemplate":"https:\/\/redenoticiaz.com.br\/ribeiraopreto-regiao\/?s={search_term_string}"},"query-input":{"@type":"PropertyValueSpecification","valueRequired":true,"valueName":"search_term_string"}}],"inLanguage":"pt-BR"},{"@type":"Organization","@id":"https:\/\/redenoticiaz.com.br\/ribeiraopreto-regiao\/#organization","name":"Ribeir\u00e3o Preto e Regi\u00e3o","url":"https:\/\/redenoticiaz.com.br\/ribeiraopreto-regiao\/","logo":{"@type":"ImageObject","inLanguage":"pt-BR","@id":"https:\/\/redenoticiaz.com.br\/ribeiraopreto-regiao\/#\/schema\/logo\/image\/","url":"https:\/\/redenoticiaz.com.br\/barretos-regiao\/wp-content\/uploads\/sites\/4\/2022\/02\/logo.jpg","contentUrl":"https:\/\/redenoticiaz.com.br\/barretos-regiao\/wp-content\/uploads\/sites\/4\/2022\/02\/logo.jpg","width":400,"height":250,"caption":"Ribeir\u00e3o Preto e Regi\u00e3o"},"image":{"@id":"https:\/\/redenoticiaz.com.br\/ribeiraopreto-regiao\/#\/schema\/logo\/image\/"},"sameAs":["https:\/\/m.facebook.com\/redenoticiaz.barretos","https:\/\/x.com\/RN_barretos","https:\/\/www.instagram.com\/redenoticiaz.barretos\/?igshid=YmMyMTA2M2Y","https:\/\/www.linkedin.com\/company\/rede-noticiaz-barretos-e-regio\/"]},{"@type":"Person","@id":"https:\/\/redenoticiaz.com.br\/ribeiraopreto-regiao\/#\/schema\/person\/e1b0bd8c2637e2c1b6ddcbc2c33b116f","name":"Patr\u00edcia Prado","image":{"@type":"ImageObject","inLanguage":"pt-BR","@id":"https:\/\/secure.gravatar.com\/avatar\/92e358bef22cfcec15e054ae4d9fee04dadf0c772dc4a17b382b8a34a15354c2?s=96&d=mm&r=g","url":"https:\/\/secure.gravatar.com\/avatar\/92e358bef22cfcec15e054ae4d9fee04dadf0c772dc4a17b382b8a34a15354c2?s=96&d=mm&r=g","contentUrl":"https:\/\/secure.gravatar.com\/avatar\/92e358bef22cfcec15e054ae4d9fee04dadf0c772dc4a17b382b8a34a15354c2?s=96&d=mm&r=g","caption":"Patr\u00edcia Prado"},"url":"https:\/\/redenoticiaz.com.br\/ribeiraopreto-regiao\/sp\/author\/patricia-prado"}]}},"_links":{"self":[{"href":"https:\/\/redenoticiaz.com.br\/ribeiraopreto-regiao\/wp-json\/wp\/v2\/posts\/123254","targetHints":{"allow":["GET"]}}],"collection":[{"href":"https:\/\/redenoticiaz.com.br\/ribeiraopreto-regiao\/wp-json\/wp\/v2\/posts"}],"about":[{"href":"https:\/\/redenoticiaz.com.br\/ribeiraopreto-regiao\/wp-json\/wp\/v2\/types\/post"}],"author":[{"embeddable":true,"href":"https:\/\/redenoticiaz.com.br\/ribeiraopreto-regiao\/wp-json\/wp\/v2\/users\/5"}],"replies":[{"embeddable":true,"href":"https:\/\/redenoticiaz.com.br\/ribeiraopreto-regiao\/wp-json\/wp\/v2\/comments?post=123254"}],"version-history":[{"count":0,"href":"https:\/\/redenoticiaz.com.br\/ribeiraopreto-regiao\/wp-json\/wp\/v2\/posts\/123254\/revisions"}],"wp:featuredmedia":[{"embeddable":true,"href":"https:\/\/redenoticiaz.com.br\/ribeiraopreto-regiao\/wp-json\/wp\/v2\/media\/123255"}],"wp:attachment":[{"href":"https:\/\/redenoticiaz.com.br\/ribeiraopreto-regiao\/wp-json\/wp\/v2\/media?parent=123254"}],"wp:term":[{"taxonomy":"category","embeddable":true,"href":"https:\/\/redenoticiaz.com.br\/ribeiraopreto-regiao\/wp-json\/wp\/v2\/categories?post=123254"},{"taxonomy":"post_tag","embeddable":true,"href":"https:\/\/redenoticiaz.com.br\/ribeiraopreto-regiao\/wp-json\/wp\/v2\/tags?post=123254"}],"curies":[{"name":"wp","href":"https:\/\/api.w.org\/{rel}","templated":true}]}}