{"id":123266,"date":"2026-09-04T16:24:35","date_gmt":"2026-09-04T19:24:35","guid":{"rendered":"https:\/\/redenoticiaz.com.br\/ribeiraopreto-regiao\/sp\/2026\/09\/04\/rock-in-rio-2026-comeca-com-palco-mundo-repleto-de-novidades"},"modified":"2026-09-04T16:24:35","modified_gmt":"2026-09-04T19:24:35","slug":"rock-in-rio-2026-comeca-com-palco-mundo-repleto-de-novidades","status":"publish","type":"post","link":"https:\/\/redenoticiaz.com.br\/ribeiraopreto-regiao\/sp\/2026\/09\/04\/rock-in-rio-2026-comeca-com-palco-mundo-repleto-de-novidades","title":{"rendered":"Rock in Rio 2026 come\u00e7a com Palco Mundo repleto de novidades"},"content":{"rendered":"<p>O Rock in Rio 2026, um dos maiores festivais de m\u00fasica do mundo e um importante patrim\u00f4nio cultural do estado do Rio de Janeiro, tem in\u00edcio nesta sexta-feira (4) com uma programa\u00e7\u00e3o recheada de atra\u00e7\u00f5es e atividades.<\/p>\n<p>Nesta edi\u00e7\u00e3o, o Palco Mundo se destaca com uma nova cenografia, composta por 2.400 m\u00b2 de pain\u00e9is de LED de alta defini\u00e7\u00e3o, que promete transformar o local em um impressionante painel visual para as performances de artistas internacionais e nacionais.<\/p>\n<p>Os f\u00e3s poder\u00e3o assistir a apresenta\u00e7\u00f5es de grandes nomes como Elton John, Gilberto Gil, Foo Fighters, Ivete Sangalo, DJ Alok, Maroon 5, Black Eyed Peas, Nelly e Bar\u00e3o Vermelho. A expectativa em rela\u00e7\u00e3o \u00e0 presen\u00e7a de Elton John \u00e9 alta, j\u00e1 que o cantor havia anunciado o fim de suas turn\u00eas internacionais.<\/p>\n<p>Roberta Medina, vice-presidente executiva da Rock World, enfatizou que a inova\u00e7\u00e3o tecnol\u00f3gica nesta edi\u00e7\u00e3o proporcionar\u00e1 uma experi\u00eancia \u00fanica aos espectadores. \u201cCada artista ter\u00e1 a oportunidade de transformar o Palco Mundo com seu talento e criatividade. A tecnologia de LED traz muitas possibilidades para as apresenta\u00e7\u00f5es\u201d, destacou.<\/p>\n<p>A diversidade do p\u00fablico \u00e9 uma marca registrada do Rock in Rio, atraindo diferentes gera\u00e7\u00f5es a cada dia. Roberta comentou que, enquanto alguns dias s\u00e3o voltados para fam\u00edlias, outros recebem um p\u00fablico mais voltado ao rock e ao pop. \u201cA m\u00fasica \u00e9 um elo que une as pessoas, permitindo celebrar a vida juntas, mesmo diante de opini\u00f5es diversas\u201d, completou.<\/p>\n<p>A Cidade do Rock contar\u00e1 com cinco palcos adicionais: Sunset, Espa\u00e7o Favela, New Dance Order, Global Village e Supernova. Entre as atra\u00e7\u00f5es esperadas, est\u00e3o performances de Capital Inicial, MC Rodrigo do CN, Paulinho Moska e muitos outros.<\/p>\n<p>Para aumentar a empolga\u00e7\u00e3o do p\u00fablico, haver\u00e1 shows de fogos de artif\u00edcio antes das apresenta\u00e7\u00f5es no Palco Mundo, al\u00e9m de um espet\u00e1culo a\u00e9reo da Esquadrilha C\u00e9u, que se tornou uma tradi\u00e7\u00e3o no festival. Os visitantes tamb\u00e9m poder\u00e3o apreciar shows de drones, com apresenta\u00e7\u00f5es especiais programadas ao longo dos seis dias do evento.<\/p>\n<p>Enquanto as m\u00fasicas rolam, o festival oferece diversas op\u00e7\u00f5es de entretenimento, como a Roda-Gigante e a Tirolesa, al\u00e9m de servi\u00e7os facilitados pelo aplicativo oficial do Rock in Rio. Os usu\u00e1rios poder\u00e3o agendar hor\u00e1rios para os brinquedos e comprar comidas e bebidas antecipadamente.<\/p>\n<p>Desde a sua primeira edi\u00e7\u00e3o, em 1985, o Rock in Rio gerou mais de 297,6 mil empregos diretos e indiretos, recebendo ao todo mais de 12,3 milh\u00f5es de visitantes e apresentando mais de 4.667 artistas em 141 dias. Em 2024, o festival teve um impacto econ\u00f4mico de R$ 2,9 bilh\u00f5es na cidade do Rio de Janeiro.<\/p>\n","protected":false},"excerpt":{"rendered":"<p>O Rock in Rio 2026, um dos maiores festivais de m\u00fasica do mundo e um importante patrim\u00f4nio cultural do estado do Rio de Janeiro, tem in\u00edcio nesta sexta-feira (4) com uma programa\u00e7\u00e3o recheada de atra\u00e7\u00f5es e atividades. Nesta edi\u00e7\u00e3o, o Palco Mundo se destaca com uma nova cenografia, composta por 2.400 m\u00b2 de pain\u00e9is de &hellip;<\/p>\n","protected":false},"author":5,"featured_media":123267,"comment_status":"open","ping_status":"closed","sticky":false,"template":"","format":"standard","meta":{"footnotes":""},"categories":[469,815,101,29902,134,175,68,1561],"tags":[],"class_list":["post-123266","post","type-post","status-publish","format-standard","has-post-thumbnail","hentry","category-cultura","category-cultura-e-musica","category-economia","category-emprego","category-entretenimento","category-gastronomia","category-mundo","category-tecnologia"],"yoast_head":"<!-- This site is optimized with the Yoast SEO plugin v28.4 - https:\/\/yoast.com\/product\/yoast-seo-wordpress\/ -->\n<title>Rock in Rio 2026 come\u00e7a com Palco Mundo repleto de novidades - Ribeir\u00e3o Preto e Regi\u00e3o<\/title>\n<meta name=\"robots\" content=\"index, follow, max-snippet:-1, max-image-preview:large, max-video-preview:-1\" \/>\n<link rel=\"canonical\" href=\"https:\/\/redenoticiaz.com.br\/ribeiraopreto-regiao\/sp\/2026\/09\/04\/rock-in-rio-2026-comeca-com-palco-mundo-repleto-de-novidades\" \/>\n<meta property=\"og:locale\" content=\"pt_BR\" \/>\n<meta property=\"og:type\" content=\"article\" \/>\n<meta property=\"og:title\" content=\"Rock in Rio 2026 come\u00e7a com Palco Mundo repleto de novidades - Ribeir\u00e3o Preto e Regi\u00e3o\" \/>\n<meta property=\"og:description\" content=\"O Rock in Rio 2026, um dos maiores festivais de m\u00fasica do mundo e um importante patrim\u00f4nio cultural do estado do Rio de Janeiro, tem in\u00edcio nesta sexta-feira (4) com uma programa\u00e7\u00e3o recheada de atra\u00e7\u00f5es e atividades. Nesta edi\u00e7\u00e3o, o Palco Mundo se destaca com uma nova cenografia, composta por 2.400 m\u00b2 de pain\u00e9is de &hellip;\" \/>\n<meta property=\"og:url\" content=\"https:\/\/redenoticiaz.com.br\/ribeiraopreto-regiao\/sp\/2026\/09\/04\/rock-in-rio-2026-comeca-com-palco-mundo-repleto-de-novidades\" \/>\n<meta property=\"og:site_name\" content=\"Ribeir\u00e3o Preto e Regi\u00e3o\" \/>\n<meta property=\"article:publisher\" content=\"https:\/\/m.facebook.com\/redenoticiaz.barretos\" \/>\n<meta property=\"article:published_time\" content=\"2026-09-04T19:24:35+00:00\" \/>\n<meta property=\"og:image\" content=\"https:\/\/redenoticiaz.com.br\/ribeiraopreto-regiao\/wp-content\/uploads\/sites\/4\/2022\/02\/logo.jpg\" \/>\n\t<meta property=\"og:image:width\" content=\"400\" \/>\n\t<meta property=\"og:image:height\" content=\"250\" \/>\n\t<meta property=\"og:image:type\" content=\"image\/jpeg\" \/>\n<meta name=\"author\" content=\"Patr\u00edcia Prado\" \/>\n<meta name=\"twitter:card\" content=\"summary_large_image\" \/>\n<meta name=\"twitter:creator\" content=\"@RN_barretos\" \/>\n<meta name=\"twitter:site\" content=\"@RN_barretos\" \/>\n<meta name=\"twitter:label1\" content=\"Escrito por\" \/>\n\t<meta name=\"twitter:data1\" content=\"Patr\u00edcia Prado\" \/>\n\t<meta name=\"twitter:label2\" content=\"Est. tempo de leitura\" \/>\n\t<meta name=\"twitter:data2\" content=\"2 minutos\" \/>\n<script type=\"application\/ld+json\" class=\"yoast-schema-graph\">{\"@context\":\"https:\\\/\\\/schema.org\",\"@graph\":[{\"@type\":\"Article\",\"@id\":\"https:\\\/\\\/redenoticiaz.com.br\\\/ribeiraopreto-regiao\\\/sp\\\/2026\\\/09\\\/04\\\/rock-in-rio-2026-comeca-com-palco-mundo-repleto-de-novidades#article\",\"isPartOf\":{\"@id\":\"https:\\\/\\\/redenoticiaz.com.br\\\/ribeiraopreto-regiao\\\/sp\\\/2026\\\/09\\\/04\\\/rock-in-rio-2026-comeca-com-palco-mundo-repleto-de-novidades\"},\"author\":{\"name\":\"Patr\u00edcia Prado\",\"@id\":\"https:\\\/\\\/redenoticiaz.com.br\\\/ribeiraopreto-regiao\\\/#\\\/schema\\\/person\\\/e1b0bd8c2637e2c1b6ddcbc2c33b116f\"},\"headline\":\"Rock in Rio 2026 come\u00e7a com Palco Mundo repleto de novidades\",\"datePublished\":\"2026-09-04T19:24:35+00:00\",\"mainEntityOfPage\":{\"@id\":\"https:\\\/\\\/redenoticiaz.com.br\\\/ribeiraopreto-regiao\\\/sp\\\/2026\\\/09\\\/04\\\/rock-in-rio-2026-comeca-com-palco-mundo-repleto-de-novidades\"},\"wordCount\":470,\"commentCount\":0,\"publisher\":{\"@id\":\"https:\\\/\\\/redenoticiaz.com.br\\\/ribeiraopreto-regiao\\\/#organization\"},\"image\":{\"@id\":\"https:\\\/\\\/redenoticiaz.com.br\\\/ribeiraopreto-regiao\\\/sp\\\/2026\\\/09\\\/04\\\/rock-in-rio-2026-comeca-com-palco-mundo-repleto-de-novidades#primaryimage\"},\"thumbnailUrl\":\"https:\\\/\\\/redenoticiaz.com.br\\\/ribeiraopreto-regiao\\\/wp-content\\\/uploads\\\/sites\\\/4\\\/2026\\\/09\\\/toms4383.jpg\",\"articleSection\":[\"Cultura\",\"Cultura e M\u00fasica\",\"Economia\",\"Emprego\",\"Entretenimento\",\"Gastronomia\",\"Mundo\",\"Tecnologia\"],\"inLanguage\":\"pt-BR\",\"potentialAction\":[{\"@type\":\"CommentAction\",\"name\":\"Comment\",\"target\":[\"https:\\\/\\\/redenoticiaz.com.br\\\/ribeiraopreto-regiao\\\/sp\\\/2026\\\/09\\\/04\\\/rock-in-rio-2026-comeca-com-palco-mundo-repleto-de-novidades#respond\"]}]},{\"@type\":\"WebPage\",\"@id\":\"https:\\\/\\\/redenoticiaz.com.br\\\/ribeiraopreto-regiao\\\/sp\\\/2026\\\/09\\\/04\\\/rock-in-rio-2026-comeca-com-palco-mundo-repleto-de-novidades\",\"url\":\"https:\\\/\\\/redenoticiaz.com.br\\\/ribeiraopreto-regiao\\\/sp\\\/2026\\\/09\\\/04\\\/rock-in-rio-2026-comeca-com-palco-mundo-repleto-de-novidades\",\"name\":\"Rock in Rio 2026 come\u00e7a com Palco Mundo repleto de novidades - Ribeir\u00e3o Preto e Regi\u00e3o\",\"isPartOf\":{\"@id\":\"https:\\\/\\\/redenoticiaz.com.br\\\/ribeiraopreto-regiao\\\/#website\"},\"primaryImageOfPage\":{\"@id\":\"https:\\\/\\\/redenoticiaz.com.br\\\/ribeiraopreto-regiao\\\/sp\\\/2026\\\/09\\\/04\\\/rock-in-rio-2026-comeca-com-palco-mundo-repleto-de-novidades#primaryimage\"},\"image\":{\"@id\":\"https:\\\/\\\/redenoticiaz.com.br\\\/ribeiraopreto-regiao\\\/sp\\\/2026\\\/09\\\/04\\\/rock-in-rio-2026-comeca-com-palco-mundo-repleto-de-novidades#primaryimage\"},\"thumbnailUrl\":\"https:\\\/\\\/redenoticiaz.com.br\\\/ribeiraopreto-regiao\\\/wp-content\\\/uploads\\\/sites\\\/4\\\/2026\\\/09\\\/toms4383.jpg\",\"datePublished\":\"2026-09-04T19:24:35+00:00\",\"inLanguage\":\"pt-BR\",\"potentialAction\":[{\"@type\":\"ReadAction\",\"target\":[\"https:\\\/\\\/redenoticiaz.com.br\\\/ribeiraopreto-regiao\\\/sp\\\/2026\\\/09\\\/04\\\/rock-in-rio-2026-comeca-com-palco-mundo-repleto-de-novidades\"]}]},{\"@type\":\"ImageObject\",\"inLanguage\":\"pt-BR\",\"@id\":\"https:\\\/\\\/redenoticiaz.com.br\\\/ribeiraopreto-regiao\\\/sp\\\/2026\\\/09\\\/04\\\/rock-in-rio-2026-comeca-com-palco-mundo-repleto-de-novidades#primaryimage\",\"url\":\"https:\\\/\\\/redenoticiaz.com.br\\\/ribeiraopreto-regiao\\\/wp-content\\\/uploads\\\/sites\\\/4\\\/2026\\\/09\\\/toms4383.jpg\",\"contentUrl\":\"https:\\\/\\\/redenoticiaz.com.br\\\/ribeiraopreto-regiao\\\/wp-content\\\/uploads\\\/sites\\\/4\\\/2026\\\/09\\\/toms4383.jpg\",\"width\":1600,\"height\":800},{\"@type\":\"WebSite\",\"@id\":\"https:\\\/\\\/redenoticiaz.com.br\\\/ribeiraopreto-regiao\\\/#website\",\"url\":\"https:\\\/\\\/redenoticiaz.com.br\\\/ribeiraopreto-regiao\\\/\",\"name\":\"Ribeir\u00e3o Preto e Regi\u00e3o\",\"description\":\"Rede NoticiaZ - Ribeir\u00e3o Preto e regi\u00e3o\",\"publisher\":{\"@id\":\"https:\\\/\\\/redenoticiaz.com.br\\\/ribeiraopreto-regiao\\\/#organization\"},\"potentialAction\":[{\"@type\":\"SearchAction\",\"target\":{\"@type\":\"EntryPoint\",\"urlTemplate\":\"https:\\\/\\\/redenoticiaz.com.br\\\/ribeiraopreto-regiao\\\/?s={search_term_string}\"},\"query-input\":{\"@type\":\"PropertyValueSpecification\",\"valueRequired\":true,\"valueName\":\"search_term_string\"}}],\"inLanguage\":\"pt-BR\"},{\"@type\":\"Organization\",\"@id\":\"https:\\\/\\\/redenoticiaz.com.br\\\/ribeiraopreto-regiao\\\/#organization\",\"name\":\"Ribeir\u00e3o Preto e Regi\u00e3o\",\"url\":\"https:\\\/\\\/redenoticiaz.com.br\\\/ribeiraopreto-regiao\\\/\",\"logo\":{\"@type\":\"ImageObject\",\"inLanguage\":\"pt-BR\",\"@id\":\"https:\\\/\\\/redenoticiaz.com.br\\\/ribeiraopreto-regiao\\\/#\\\/schema\\\/logo\\\/image\\\/\",\"url\":\"https:\\\/\\\/redenoticiaz.com.br\\\/barretos-regiao\\\/wp-content\\\/uploads\\\/sites\\\/4\\\/2022\\\/02\\\/logo.jpg\",\"contentUrl\":\"https:\\\/\\\/redenoticiaz.com.br\\\/barretos-regiao\\\/wp-content\\\/uploads\\\/sites\\\/4\\\/2022\\\/02\\\/logo.jpg\",\"width\":400,\"height\":250,\"caption\":\"Ribeir\u00e3o Preto e Regi\u00e3o\"},\"image\":{\"@id\":\"https:\\\/\\\/redenoticiaz.com.br\\\/ribeiraopreto-regiao\\\/#\\\/schema\\\/logo\\\/image\\\/\"},\"sameAs\":[\"https:\\\/\\\/m.facebook.com\\\/redenoticiaz.barretos\",\"https:\\\/\\\/x.com\\\/RN_barretos\",\"https:\\\/\\\/www.instagram.com\\\/redenoticiaz.barretos\\\/?igshid=YmMyMTA2M2Y\",\"https:\\\/\\\/www.linkedin.com\\\/company\\\/rede-noticiaz-barretos-e-regio\\\/\"]},{\"@type\":\"Person\",\"@id\":\"https:\\\/\\\/redenoticiaz.com.br\\\/ribeiraopreto-regiao\\\/#\\\/schema\\\/person\\\/e1b0bd8c2637e2c1b6ddcbc2c33b116f\",\"name\":\"Patr\u00edcia Prado\",\"image\":{\"@type\":\"ImageObject\",\"inLanguage\":\"pt-BR\",\"@id\":\"https:\\\/\\\/secure.gravatar.com\\\/avatar\\\/92e358bef22cfcec15e054ae4d9fee04dadf0c772dc4a17b382b8a34a15354c2?s=96&d=mm&r=g\",\"url\":\"https:\\\/\\\/secure.gravatar.com\\\/avatar\\\/92e358bef22cfcec15e054ae4d9fee04dadf0c772dc4a17b382b8a34a15354c2?s=96&d=mm&r=g\",\"contentUrl\":\"https:\\\/\\\/secure.gravatar.com\\\/avatar\\\/92e358bef22cfcec15e054ae4d9fee04dadf0c772dc4a17b382b8a34a15354c2?s=96&d=mm&r=g\",\"caption\":\"Patr\u00edcia Prado\"},\"url\":\"https:\\\/\\\/redenoticiaz.com.br\\\/ribeiraopreto-regiao\\\/sp\\\/author\\\/patricia-prado\"}]}<\/script>\n<!-- \/ Yoast SEO plugin. -->","yoast_head_json":{"title":"Rock in Rio 2026 come\u00e7a com Palco Mundo repleto de novidades - Ribeir\u00e3o Preto e Regi\u00e3o","robots":{"index":"index","follow":"follow","max-snippet":"max-snippet:-1","max-image-preview":"max-image-preview:large","max-video-preview":"max-video-preview:-1"},"canonical":"https:\/\/redenoticiaz.com.br\/ribeiraopreto-regiao\/sp\/2026\/09\/04\/rock-in-rio-2026-comeca-com-palco-mundo-repleto-de-novidades","og_locale":"pt_BR","og_type":"article","og_title":"Rock in Rio 2026 come\u00e7a com Palco Mundo repleto de novidades - Ribeir\u00e3o Preto e Regi\u00e3o","og_description":"O Rock in Rio 2026, um dos maiores festivais de m\u00fasica do mundo e um importante patrim\u00f4nio cultural do estado do Rio de Janeiro, tem in\u00edcio nesta sexta-feira (4) com uma programa\u00e7\u00e3o recheada de atra\u00e7\u00f5es e atividades. Nesta edi\u00e7\u00e3o, o Palco Mundo se destaca com uma nova cenografia, composta por 2.400 m\u00b2 de pain\u00e9is de &hellip;","og_url":"https:\/\/redenoticiaz.com.br\/ribeiraopreto-regiao\/sp\/2026\/09\/04\/rock-in-rio-2026-comeca-com-palco-mundo-repleto-de-novidades","og_site_name":"Ribeir\u00e3o Preto e Regi\u00e3o","article_publisher":"https:\/\/m.facebook.com\/redenoticiaz.barretos","article_published_time":"2026-09-04T19:24:35+00:00","og_image":[{"width":400,"height":250,"url":"https:\/\/redenoticiaz.com.br\/ribeiraopreto-regiao\/wp-content\/uploads\/sites\/4\/2022\/02\/logo.jpg","type":"image\/jpeg"}],"author":"Patr\u00edcia Prado","twitter_card":"summary_large_image","twitter_creator":"@RN_barretos","twitter_site":"@RN_barretos","twitter_misc":{"Escrito por":"Patr\u00edcia Prado","Est. tempo de leitura":"2 minutos"},"schema":{"@context":"https:\/\/schema.org","@graph":[{"@type":"Article","@id":"https:\/\/redenoticiaz.com.br\/ribeiraopreto-regiao\/sp\/2026\/09\/04\/rock-in-rio-2026-comeca-com-palco-mundo-repleto-de-novidades#article","isPartOf":{"@id":"https:\/\/redenoticiaz.com.br\/ribeiraopreto-regiao\/sp\/2026\/09\/04\/rock-in-rio-2026-comeca-com-palco-mundo-repleto-de-novidades"},"author":{"name":"Patr\u00edcia Prado","@id":"https:\/\/redenoticiaz.com.br\/ribeiraopreto-regiao\/#\/schema\/person\/e1b0bd8c2637e2c1b6ddcbc2c33b116f"},"headline":"Rock in Rio 2026 come\u00e7a com Palco Mundo repleto de novidades","datePublished":"2026-09-04T19:24:35+00:00","mainEntityOfPage":{"@id":"https:\/\/redenoticiaz.com.br\/ribeiraopreto-regiao\/sp\/2026\/09\/04\/rock-in-rio-2026-comeca-com-palco-mundo-repleto-de-novidades"},"wordCount":470,"commentCount":0,"publisher":{"@id":"https:\/\/redenoticiaz.com.br\/ribeiraopreto-regiao\/#organization"},"image":{"@id":"https:\/\/redenoticiaz.com.br\/ribeiraopreto-regiao\/sp\/2026\/09\/04\/rock-in-rio-2026-comeca-com-palco-mundo-repleto-de-novidades#primaryimage"},"thumbnailUrl":"https:\/\/redenoticiaz.com.br\/ribeiraopreto-regiao\/wp-content\/uploads\/sites\/4\/2026\/09\/toms4383.jpg","articleSection":["Cultura","Cultura e M\u00fasica","Economia","Emprego","Entretenimento","Gastronomia","Mundo","Tecnologia"],"inLanguage":"pt-BR","potentialAction":[{"@type":"CommentAction","name":"Comment","target":["https:\/\/redenoticiaz.com.br\/ribeiraopreto-regiao\/sp\/2026\/09\/04\/rock-in-rio-2026-comeca-com-palco-mundo-repleto-de-novidades#respond"]}]},{"@type":"WebPage","@id":"https:\/\/redenoticiaz.com.br\/ribeiraopreto-regiao\/sp\/2026\/09\/04\/rock-in-rio-2026-comeca-com-palco-mundo-repleto-de-novidades","url":"https:\/\/redenoticiaz.com.br\/ribeiraopreto-regiao\/sp\/2026\/09\/04\/rock-in-rio-2026-comeca-com-palco-mundo-repleto-de-novidades","name":"Rock in Rio 2026 come\u00e7a com Palco Mundo repleto de novidades - Ribeir\u00e3o Preto e Regi\u00e3o","isPartOf":{"@id":"https:\/\/redenoticiaz.com.br\/ribeiraopreto-regiao\/#website"},"primaryImageOfPage":{"@id":"https:\/\/redenoticiaz.com.br\/ribeiraopreto-regiao\/sp\/2026\/09\/04\/rock-in-rio-2026-comeca-com-palco-mundo-repleto-de-novidades#primaryimage"},"image":{"@id":"https:\/\/redenoticiaz.com.br\/ribeiraopreto-regiao\/sp\/2026\/09\/04\/rock-in-rio-2026-comeca-com-palco-mundo-repleto-de-novidades#primaryimage"},"thumbnailUrl":"https:\/\/redenoticiaz.com.br\/ribeiraopreto-regiao\/wp-content\/uploads\/sites\/4\/2026\/09\/toms4383.jpg","datePublished":"2026-09-04T19:24:35+00:00","inLanguage":"pt-BR","potentialAction":[{"@type":"ReadAction","target":["https:\/\/redenoticiaz.com.br\/ribeiraopreto-regiao\/sp\/2026\/09\/04\/rock-in-rio-2026-comeca-com-palco-mundo-repleto-de-novidades"]}]},{"@type":"ImageObject","inLanguage":"pt-BR","@id":"https:\/\/redenoticiaz.com.br\/ribeiraopreto-regiao\/sp\/2026\/09\/04\/rock-in-rio-2026-comeca-com-palco-mundo-repleto-de-novidades#primaryimage","url":"https:\/\/redenoticiaz.com.br\/ribeiraopreto-regiao\/wp-content\/uploads\/sites\/4\/2026\/09\/toms4383.jpg","contentUrl":"https:\/\/redenoticiaz.com.br\/ribeiraopreto-regiao\/wp-content\/uploads\/sites\/4\/2026\/09\/toms4383.jpg","width":1600,"height":800},{"@type":"WebSite","@id":"https:\/\/redenoticiaz.com.br\/ribeiraopreto-regiao\/#website","url":"https:\/\/redenoticiaz.com.br\/ribeiraopreto-regiao\/","name":"Ribeir\u00e3o Preto e Regi\u00e3o","description":"Rede NoticiaZ - Ribeir\u00e3o Preto e regi\u00e3o","publisher":{"@id":"https:\/\/redenoticiaz.com.br\/ribeiraopreto-regiao\/#organization"},"potentialAction":[{"@type":"SearchAction","target":{"@type":"EntryPoint","urlTemplate":"https:\/\/redenoticiaz.com.br\/ribeiraopreto-regiao\/?s={search_term_string}"},"query-input":{"@type":"PropertyValueSpecification","valueRequired":true,"valueName":"search_term_string"}}],"inLanguage":"pt-BR"},{"@type":"Organization","@id":"https:\/\/redenoticiaz.com.br\/ribeiraopreto-regiao\/#organization","name":"Ribeir\u00e3o Preto e Regi\u00e3o","url":"https:\/\/redenoticiaz.com.br\/ribeiraopreto-regiao\/","logo":{"@type":"ImageObject","inLanguage":"pt-BR","@id":"https:\/\/redenoticiaz.com.br\/ribeiraopreto-regiao\/#\/schema\/logo\/image\/","url":"https:\/\/redenoticiaz.com.br\/barretos-regiao\/wp-content\/uploads\/sites\/4\/2022\/02\/logo.jpg","contentUrl":"https:\/\/redenoticiaz.com.br\/barretos-regiao\/wp-content\/uploads\/sites\/4\/2022\/02\/logo.jpg","width":400,"height":250,"caption":"Ribeir\u00e3o Preto e Regi\u00e3o"},"image":{"@id":"https:\/\/redenoticiaz.com.br\/ribeiraopreto-regiao\/#\/schema\/logo\/image\/"},"sameAs":["https:\/\/m.facebook.com\/redenoticiaz.barretos","https:\/\/x.com\/RN_barretos","https:\/\/www.instagram.com\/redenoticiaz.barretos\/?igshid=YmMyMTA2M2Y","https:\/\/www.linkedin.com\/company\/rede-noticiaz-barretos-e-regio\/"]},{"@type":"Person","@id":"https:\/\/redenoticiaz.com.br\/ribeiraopreto-regiao\/#\/schema\/person\/e1b0bd8c2637e2c1b6ddcbc2c33b116f","name":"Patr\u00edcia Prado","image":{"@type":"ImageObject","inLanguage":"pt-BR","@id":"https:\/\/secure.gravatar.com\/avatar\/92e358bef22cfcec15e054ae4d9fee04dadf0c772dc4a17b382b8a34a15354c2?s=96&d=mm&r=g","url":"https:\/\/secure.gravatar.com\/avatar\/92e358bef22cfcec15e054ae4d9fee04dadf0c772dc4a17b382b8a34a15354c2?s=96&d=mm&r=g","contentUrl":"https:\/\/secure.gravatar.com\/avatar\/92e358bef22cfcec15e054ae4d9fee04dadf0c772dc4a17b382b8a34a15354c2?s=96&d=mm&r=g","caption":"Patr\u00edcia Prado"},"url":"https:\/\/redenoticiaz.com.br\/ribeiraopreto-regiao\/sp\/author\/patricia-prado"}]}},"_links":{"self":[{"href":"https:\/\/redenoticiaz.com.br\/ribeiraopreto-regiao\/wp-json\/wp\/v2\/posts\/123266","targetHints":{"allow":["GET"]}}],"collection":[{"href":"https:\/\/redenoticiaz.com.br\/ribeiraopreto-regiao\/wp-json\/wp\/v2\/posts"}],"about":[{"href":"https:\/\/redenoticiaz.com.br\/ribeiraopreto-regiao\/wp-json\/wp\/v2\/types\/post"}],"author":[{"embeddable":true,"href":"https:\/\/redenoticiaz.com.br\/ribeiraopreto-regiao\/wp-json\/wp\/v2\/users\/5"}],"replies":[{"embeddable":true,"href":"https:\/\/redenoticiaz.com.br\/ribeiraopreto-regiao\/wp-json\/wp\/v2\/comments?post=123266"}],"version-history":[{"count":0,"href":"https:\/\/redenoticiaz.com.br\/ribeiraopreto-regiao\/wp-json\/wp\/v2\/posts\/123266\/revisions"}],"wp:featuredmedia":[{"embeddable":true,"href":"https:\/\/redenoticiaz.com.br\/ribeiraopreto-regiao\/wp-json\/wp\/v2\/media\/123267"}],"wp:attachment":[{"href":"https:\/\/redenoticiaz.com.br\/ribeiraopreto-regiao\/wp-json\/wp\/v2\/media?parent=123266"}],"wp:term":[{"taxonomy":"category","embeddable":true,"href":"https:\/\/redenoticiaz.com.br\/ribeiraopreto-regiao\/wp-json\/wp\/v2\/categories?post=123266"},{"taxonomy":"post_tag","embeddable":true,"href":"https:\/\/redenoticiaz.com.br\/ribeiraopreto-regiao\/wp-json\/wp\/v2\/tags?post=123266"}],"curies":[{"name":"wp","href":"https:\/\/api.w.org\/{rel}","templated":true}]}}