{"id":123268,"date":"2026-09-04T16:55:39","date_gmt":"2026-09-04T19:55:39","guid":{"rendered":"https:\/\/redenoticiaz.com.br\/ribeiraopreto-regiao\/sp\/2026\/09\/04\/lula-sanciona-leis-para-criacao-de-fundos-que-fortalecem-a-justica"},"modified":"2026-09-04T16:55:39","modified_gmt":"2026-09-04T19:55:39","slug":"lula-sanciona-leis-para-criacao-de-fundos-que-fortalecem-a-justica","status":"publish","type":"post","link":"https:\/\/redenoticiaz.com.br\/ribeiraopreto-regiao\/sp\/2026\/09\/04\/lula-sanciona-leis-para-criacao-de-fundos-que-fortalecem-a-justica","title":{"rendered":"Lula sanciona leis para cria\u00e7\u00e3o de fundos que fortalecem a Justi\u00e7a"},"content":{"rendered":"<p>O presidente Luiz In\u00e1cio Lula da Silva sancionou nesta sexta-feira (4) tr\u00eas projetos de lei que visam criar e reestruturar fundos destinados a institui\u00e7\u00f5es do Poder Judici\u00e1rio. A iniciativa tem como objetivo fortalecer a atua\u00e7\u00e3o da Justi\u00e7a Federal, do Minist\u00e9rio P\u00fablico da Uni\u00e3o (MPU) e da Defensoria P\u00fablica da Uni\u00e3o (DPU) em todas as regi\u00f5es do Brasil.<\/p>\n<p>Durante a cerim\u00f4nia de san\u00e7\u00e3o no Pal\u00e1cio do Planalto, o presidente do Supremo Tribunal Federal (STF), ministro Edson Fachin, destacou a import\u00e2ncia de expandir o acesso \u00e0 justi\u00e7a para al\u00e9m dos grandes centros urbanos, afirmando que a a\u00e7\u00e3o governamental busca atender os cidad\u00e3os mais vulner\u00e1veis.<\/p>\n<p>\u201cEste \u00e9 um ato de Estado que prestigia as pessoas de carne e osso que demandam por interesses leg\u00edtimos perante o sistema de justi\u00e7a. Nos rinc\u00f5es mais long\u00ednquos do pa\u00eds, essas pessoas est\u00e3o sendo ouvidas pela san\u00e7\u00e3o presidencial nesta data\u201d, declarou Fachin.<\/p>\n<p>Ao sancionar as leis, Lula expressou a preocupa\u00e7\u00e3o do Poder Executivo em manter a credibilidade das institui\u00e7\u00f5es p\u00fablicas, fundamentais para a preserva\u00e7\u00e3o do sistema democr\u00e1tico. \u201cSe n\u00e3o tiver institui\u00e7\u00f5es s\u00f3lidas e funcionando, a democracia estar\u00e1 muito vulner\u00e1vel\u201d, afirmou o presidente, ressaltando a import\u00e2ncia das institui\u00e7\u00f5es no fortalecimento da democracia no Brasil.<\/p>\n<p>O governo tamb\u00e9m sinalizou planos para um debate abrangente sobre uma nova reforma institucional, visando promover a confian\u00e7a da sociedade no sistema judicial. Lula lembrou da Emenda Constitucional n\u00ba 45\/2004, que introduziu reformas para tornar a Justi\u00e7a mais eficiente.<\/p>\n<p>As leis sancionadas atualizam as taxas de custas da Justi\u00e7a Federal, que agora variam entre 2% e 3% do valor da causa, com valores m\u00ednimos de R$ 193,20 e m\u00e1ximos de R$ 107.332,80. Anteriormente, a al\u00edquota era de 1%, com um teto de R$ 1.915,38. A nova legisla\u00e7\u00e3o tamb\u00e9m oferece maior prote\u00e7\u00e3o a aqueles que n\u00e3o podem arcar com os custos processuais, garantindo gratuidade para pessoas com renda mensal de at\u00e9 R$ 5 mil.<\/p>\n<p>A presidente da Associa\u00e7\u00e3o dos Ju\u00edzes Federais do Brasil (Ajufe), Ana Lya Ferraz da Gama Ferreira, destacou que, durante mais de 25 anos, as causas na Justi\u00e7a Federal ficaram estagnadas em rela\u00e7\u00e3o a diferentes realidades econ\u00f4micas. \u201cQuem movimenta causas de maior valor contribui de maneira proporcional. Esses recursos retornar\u00e3o \u00e0 sociedade com a\u00e7\u00f5es como atendimento onde n\u00e3o h\u00e1 Vara Federal e justi\u00e7a itinerante\u201d, afirmou a primeira mulher a presidir a Ajufe.<\/p>\n<p>O advogado-geral da Uni\u00e3o (AGU), Jorge Messias, ressaltou que o aumento das custas judiciais poder\u00e1 melhorar o acesso \u00e0 justi\u00e7a, permitindo que institui\u00e7\u00f5es estejam presentes em todas as regi\u00f5es onde h\u00e1 demanda. \u201cTemos verdadeiros vazios de jurisdi\u00e7\u00e3o, e quem sofre \u00e9 quem mais precisa\u201d, destacou Messias.<\/p>\n<p>Os novos fundos criados servir\u00e3o como contas cont\u00e1beis para receber recursos provenientes das custas judiciais e taxas. Esses recursos ser\u00e3o utilizados para modernizar e aparelhar os \u00f3rg\u00e3os do Judici\u00e1rio, al\u00e9m de investir em infraestrutura e capacita\u00e7\u00e3o.<\/p>\n<p>O Fundo Especial da Justi\u00e7a Federal (Fejufe) receber\u00e1 receitas relacionadas \u00e0s custas e multas da Justi\u00e7a Federal. O Fundo Especial do Superior Tribunal de Justi\u00e7a (Festj) focar\u00e1 na moderniza\u00e7\u00e3o do tribunal, enquanto o Fundo de Moderniza\u00e7\u00e3o do Minist\u00e9rio P\u00fablico da Uni\u00e3o (FMPU) apoiar\u00e1 o atendimento \u00e0 sociedade. O Fundo de Fortalecimento do Acesso \u00e0 Justi\u00e7a, Promo\u00e7\u00e3o dos Direitos Fundamentais e Estrutura\u00e7\u00e3o da Defensoria P\u00fablica da Uni\u00e3o (FDPU) ter\u00e1 como objetivo atender grupos vulner\u00e1veis.<\/p>\n","protected":false},"excerpt":{"rendered":"<p>O presidente Luiz In\u00e1cio Lula da Silva sancionou nesta sexta-feira (4) tr\u00eas projetos de lei que visam criar e reestruturar fundos destinados a institui\u00e7\u00f5es do Poder Judici\u00e1rio. A iniciativa tem como objetivo fortalecer a atua\u00e7\u00e3o da Justi\u00e7a Federal, do Minist\u00e9rio P\u00fablico da Uni\u00e3o (MPU) e da Defensoria P\u00fablica da Uni\u00e3o (DPU) em todas as regi\u00f5es &hellip;<\/p>\n","protected":false},"author":5,"featured_media":123269,"comment_status":"open","ping_status":"closed","sticky":false,"template":"","format":"standard","meta":{"footnotes":""},"categories":[683,2920,186],"tags":[],"class_list":["post-123268","post","type-post","status-publish","format-standard","has-post-thumbnail","hentry","category-justica","category-obras","category-politica"],"yoast_head":"<!-- This site is optimized with the Yoast SEO plugin v28.4 - https:\/\/yoast.com\/product\/yoast-seo-wordpress\/ -->\n<title>Lula sanciona leis para cria\u00e7\u00e3o de fundos que fortalecem a Justi\u00e7a - Ribeir\u00e3o Preto e Regi\u00e3o<\/title>\n<meta name=\"robots\" content=\"index, follow, max-snippet:-1, max-image-preview:large, max-video-preview:-1\" \/>\n<link rel=\"canonical\" href=\"https:\/\/redenoticiaz.com.br\/ribeiraopreto-regiao\/sp\/2026\/09\/04\/lula-sanciona-leis-para-criacao-de-fundos-que-fortalecem-a-justica\" \/>\n<meta property=\"og:locale\" content=\"pt_BR\" \/>\n<meta property=\"og:type\" content=\"article\" \/>\n<meta property=\"og:title\" content=\"Lula sanciona leis para cria\u00e7\u00e3o de fundos que fortalecem a Justi\u00e7a - Ribeir\u00e3o Preto e Regi\u00e3o\" \/>\n<meta property=\"og:description\" content=\"O presidente Luiz In\u00e1cio Lula da Silva sancionou nesta sexta-feira (4) tr\u00eas projetos de lei que visam criar e reestruturar fundos destinados a institui\u00e7\u00f5es do Poder Judici\u00e1rio. A iniciativa tem como objetivo fortalecer a atua\u00e7\u00e3o da Justi\u00e7a Federal, do Minist\u00e9rio P\u00fablico da Uni\u00e3o (MPU) e da Defensoria P\u00fablica da Uni\u00e3o (DPU) em todas as regi\u00f5es &hellip;\" \/>\n<meta property=\"og:url\" content=\"https:\/\/redenoticiaz.com.br\/ribeiraopreto-regiao\/sp\/2026\/09\/04\/lula-sanciona-leis-para-criacao-de-fundos-que-fortalecem-a-justica\" \/>\n<meta property=\"og:site_name\" content=\"Ribeir\u00e3o Preto e Regi\u00e3o\" \/>\n<meta property=\"article:publisher\" content=\"https:\/\/m.facebook.com\/redenoticiaz.barretos\" \/>\n<meta property=\"article:published_time\" content=\"2026-09-04T19:55:39+00:00\" \/>\n<meta property=\"og:image\" content=\"https:\/\/redenoticiaz.com.br\/ribeiraopreto-regiao\/wp-content\/uploads\/sites\/4\/2022\/02\/logo.jpg\" \/>\n\t<meta property=\"og:image:width\" content=\"400\" \/>\n\t<meta property=\"og:image:height\" content=\"250\" \/>\n\t<meta property=\"og:image:type\" content=\"image\/jpeg\" \/>\n<meta name=\"author\" content=\"Patr\u00edcia Prado\" \/>\n<meta name=\"twitter:card\" content=\"summary_large_image\" \/>\n<meta name=\"twitter:creator\" content=\"@RN_barretos\" \/>\n<meta name=\"twitter:site\" content=\"@RN_barretos\" \/>\n<meta name=\"twitter:label1\" content=\"Escrito por\" \/>\n\t<meta name=\"twitter:data1\" content=\"Patr\u00edcia Prado\" \/>\n\t<meta name=\"twitter:label2\" content=\"Est. tempo de leitura\" \/>\n\t<meta name=\"twitter:data2\" content=\"3 minutos\" \/>\n<script type=\"application\/ld+json\" class=\"yoast-schema-graph\">{\"@context\":\"https:\\\/\\\/schema.org\",\"@graph\":[{\"@type\":\"Article\",\"@id\":\"https:\\\/\\\/redenoticiaz.com.br\\\/ribeiraopreto-regiao\\\/sp\\\/2026\\\/09\\\/04\\\/lula-sanciona-leis-para-criacao-de-fundos-que-fortalecem-a-justica#article\",\"isPartOf\":{\"@id\":\"https:\\\/\\\/redenoticiaz.com.br\\\/ribeiraopreto-regiao\\\/sp\\\/2026\\\/09\\\/04\\\/lula-sanciona-leis-para-criacao-de-fundos-que-fortalecem-a-justica\"},\"author\":{\"name\":\"Patr\u00edcia Prado\",\"@id\":\"https:\\\/\\\/redenoticiaz.com.br\\\/ribeiraopreto-regiao\\\/#\\\/schema\\\/person\\\/e1b0bd8c2637e2c1b6ddcbc2c33b116f\"},\"headline\":\"Lula sanciona leis para cria\u00e7\u00e3o de fundos que fortalecem a Justi\u00e7a\",\"datePublished\":\"2026-09-04T19:55:39+00:00\",\"mainEntityOfPage\":{\"@id\":\"https:\\\/\\\/redenoticiaz.com.br\\\/ribeiraopreto-regiao\\\/sp\\\/2026\\\/09\\\/04\\\/lula-sanciona-leis-para-criacao-de-fundos-que-fortalecem-a-justica\"},\"wordCount\":615,\"commentCount\":0,\"publisher\":{\"@id\":\"https:\\\/\\\/redenoticiaz.com.br\\\/ribeiraopreto-regiao\\\/#organization\"},\"image\":{\"@id\":\"https:\\\/\\\/redenoticiaz.com.br\\\/ribeiraopreto-regiao\\\/sp\\\/2026\\\/09\\\/04\\\/lula-sanciona-leis-para-criacao-de-fundos-que-fortalecem-a-justica#primaryimage\"},\"thumbnailUrl\":\"https:\\\/\\\/redenoticiaz.com.br\\\/ribeiraopreto-regiao\\\/wp-content\\\/uploads\\\/sites\\\/4\\\/2026\\\/09\\\/55508446735_7fd5ef703a_o.jpg\",\"articleSection\":[\"Justi\u00e7a\",\"Obras\",\"Pol\u00edtica\"],\"inLanguage\":\"pt-BR\",\"potentialAction\":[{\"@type\":\"CommentAction\",\"name\":\"Comment\",\"target\":[\"https:\\\/\\\/redenoticiaz.com.br\\\/ribeiraopreto-regiao\\\/sp\\\/2026\\\/09\\\/04\\\/lula-sanciona-leis-para-criacao-de-fundos-que-fortalecem-a-justica#respond\"]}]},{\"@type\":\"WebPage\",\"@id\":\"https:\\\/\\\/redenoticiaz.com.br\\\/ribeiraopreto-regiao\\\/sp\\\/2026\\\/09\\\/04\\\/lula-sanciona-leis-para-criacao-de-fundos-que-fortalecem-a-justica\",\"url\":\"https:\\\/\\\/redenoticiaz.com.br\\\/ribeiraopreto-regiao\\\/sp\\\/2026\\\/09\\\/04\\\/lula-sanciona-leis-para-criacao-de-fundos-que-fortalecem-a-justica\",\"name\":\"Lula sanciona leis para cria\u00e7\u00e3o de fundos que fortalecem a Justi\u00e7a - Ribeir\u00e3o Preto e Regi\u00e3o\",\"isPartOf\":{\"@id\":\"https:\\\/\\\/redenoticiaz.com.br\\\/ribeiraopreto-regiao\\\/#website\"},\"primaryImageOfPage\":{\"@id\":\"https:\\\/\\\/redenoticiaz.com.br\\\/ribeiraopreto-regiao\\\/sp\\\/2026\\\/09\\\/04\\\/lula-sanciona-leis-para-criacao-de-fundos-que-fortalecem-a-justica#primaryimage\"},\"image\":{\"@id\":\"https:\\\/\\\/redenoticiaz.com.br\\\/ribeiraopreto-regiao\\\/sp\\\/2026\\\/09\\\/04\\\/lula-sanciona-leis-para-criacao-de-fundos-que-fortalecem-a-justica#primaryimage\"},\"thumbnailUrl\":\"https:\\\/\\\/redenoticiaz.com.br\\\/ribeiraopreto-regiao\\\/wp-content\\\/uploads\\\/sites\\\/4\\\/2026\\\/09\\\/55508446735_7fd5ef703a_o.jpg\",\"datePublished\":\"2026-09-04T19:55:39+00:00\",\"inLanguage\":\"pt-BR\",\"potentialAction\":[{\"@type\":\"ReadAction\",\"target\":[\"https:\\\/\\\/redenoticiaz.com.br\\\/ribeiraopreto-regiao\\\/sp\\\/2026\\\/09\\\/04\\\/lula-sanciona-leis-para-criacao-de-fundos-que-fortalecem-a-justica\"]}]},{\"@type\":\"ImageObject\",\"inLanguage\":\"pt-BR\",\"@id\":\"https:\\\/\\\/redenoticiaz.com.br\\\/ribeiraopreto-regiao\\\/sp\\\/2026\\\/09\\\/04\\\/lula-sanciona-leis-para-criacao-de-fundos-que-fortalecem-a-justica#primaryimage\",\"url\":\"https:\\\/\\\/redenoticiaz.com.br\\\/ribeiraopreto-regiao\\\/wp-content\\\/uploads\\\/sites\\\/4\\\/2026\\\/09\\\/55508446735_7fd5ef703a_o.jpg\",\"contentUrl\":\"https:\\\/\\\/redenoticiaz.com.br\\\/ribeiraopreto-regiao\\\/wp-content\\\/uploads\\\/sites\\\/4\\\/2026\\\/09\\\/55508446735_7fd5ef703a_o.jpg\",\"width\":1600,\"height\":800},{\"@type\":\"WebSite\",\"@id\":\"https:\\\/\\\/redenoticiaz.com.br\\\/ribeiraopreto-regiao\\\/#website\",\"url\":\"https:\\\/\\\/redenoticiaz.com.br\\\/ribeiraopreto-regiao\\\/\",\"name\":\"Ribeir\u00e3o Preto e Regi\u00e3o\",\"description\":\"Rede NoticiaZ - Ribeir\u00e3o Preto e regi\u00e3o\",\"publisher\":{\"@id\":\"https:\\\/\\\/redenoticiaz.com.br\\\/ribeiraopreto-regiao\\\/#organization\"},\"potentialAction\":[{\"@type\":\"SearchAction\",\"target\":{\"@type\":\"EntryPoint\",\"urlTemplate\":\"https:\\\/\\\/redenoticiaz.com.br\\\/ribeiraopreto-regiao\\\/?s={search_term_string}\"},\"query-input\":{\"@type\":\"PropertyValueSpecification\",\"valueRequired\":true,\"valueName\":\"search_term_string\"}}],\"inLanguage\":\"pt-BR\"},{\"@type\":\"Organization\",\"@id\":\"https:\\\/\\\/redenoticiaz.com.br\\\/ribeiraopreto-regiao\\\/#organization\",\"name\":\"Ribeir\u00e3o Preto e Regi\u00e3o\",\"url\":\"https:\\\/\\\/redenoticiaz.com.br\\\/ribeiraopreto-regiao\\\/\",\"logo\":{\"@type\":\"ImageObject\",\"inLanguage\":\"pt-BR\",\"@id\":\"https:\\\/\\\/redenoticiaz.com.br\\\/ribeiraopreto-regiao\\\/#\\\/schema\\\/logo\\\/image\\\/\",\"url\":\"https:\\\/\\\/redenoticiaz.com.br\\\/barretos-regiao\\\/wp-content\\\/uploads\\\/sites\\\/4\\\/2022\\\/02\\\/logo.jpg\",\"contentUrl\":\"https:\\\/\\\/redenoticiaz.com.br\\\/barretos-regiao\\\/wp-content\\\/uploads\\\/sites\\\/4\\\/2022\\\/02\\\/logo.jpg\",\"width\":400,\"height\":250,\"caption\":\"Ribeir\u00e3o Preto e Regi\u00e3o\"},\"image\":{\"@id\":\"https:\\\/\\\/redenoticiaz.com.br\\\/ribeiraopreto-regiao\\\/#\\\/schema\\\/logo\\\/image\\\/\"},\"sameAs\":[\"https:\\\/\\\/m.facebook.com\\\/redenoticiaz.barretos\",\"https:\\\/\\\/x.com\\\/RN_barretos\",\"https:\\\/\\\/www.instagram.com\\\/redenoticiaz.barretos\\\/?igshid=YmMyMTA2M2Y\",\"https:\\\/\\\/www.linkedin.com\\\/company\\\/rede-noticiaz-barretos-e-regio\\\/\"]},{\"@type\":\"Person\",\"@id\":\"https:\\\/\\\/redenoticiaz.com.br\\\/ribeiraopreto-regiao\\\/#\\\/schema\\\/person\\\/e1b0bd8c2637e2c1b6ddcbc2c33b116f\",\"name\":\"Patr\u00edcia Prado\",\"image\":{\"@type\":\"ImageObject\",\"inLanguage\":\"pt-BR\",\"@id\":\"https:\\\/\\\/secure.gravatar.com\\\/avatar\\\/92e358bef22cfcec15e054ae4d9fee04dadf0c772dc4a17b382b8a34a15354c2?s=96&d=mm&r=g\",\"url\":\"https:\\\/\\\/secure.gravatar.com\\\/avatar\\\/92e358bef22cfcec15e054ae4d9fee04dadf0c772dc4a17b382b8a34a15354c2?s=96&d=mm&r=g\",\"contentUrl\":\"https:\\\/\\\/secure.gravatar.com\\\/avatar\\\/92e358bef22cfcec15e054ae4d9fee04dadf0c772dc4a17b382b8a34a15354c2?s=96&d=mm&r=g\",\"caption\":\"Patr\u00edcia Prado\"},\"url\":\"https:\\\/\\\/redenoticiaz.com.br\\\/ribeiraopreto-regiao\\\/sp\\\/author\\\/patricia-prado\"}]}<\/script>\n<!-- \/ Yoast SEO plugin. -->","yoast_head_json":{"title":"Lula sanciona leis para cria\u00e7\u00e3o de fundos que fortalecem a Justi\u00e7a - Ribeir\u00e3o Preto e Regi\u00e3o","robots":{"index":"index","follow":"follow","max-snippet":"max-snippet:-1","max-image-preview":"max-image-preview:large","max-video-preview":"max-video-preview:-1"},"canonical":"https:\/\/redenoticiaz.com.br\/ribeiraopreto-regiao\/sp\/2026\/09\/04\/lula-sanciona-leis-para-criacao-de-fundos-que-fortalecem-a-justica","og_locale":"pt_BR","og_type":"article","og_title":"Lula sanciona leis para cria\u00e7\u00e3o de fundos que fortalecem a Justi\u00e7a - Ribeir\u00e3o Preto e Regi\u00e3o","og_description":"O presidente Luiz In\u00e1cio Lula da Silva sancionou nesta sexta-feira (4) tr\u00eas projetos de lei que visam criar e reestruturar fundos destinados a institui\u00e7\u00f5es do Poder Judici\u00e1rio. A iniciativa tem como objetivo fortalecer a atua\u00e7\u00e3o da Justi\u00e7a Federal, do Minist\u00e9rio P\u00fablico da Uni\u00e3o (MPU) e da Defensoria P\u00fablica da Uni\u00e3o (DPU) em todas as regi\u00f5es &hellip;","og_url":"https:\/\/redenoticiaz.com.br\/ribeiraopreto-regiao\/sp\/2026\/09\/04\/lula-sanciona-leis-para-criacao-de-fundos-que-fortalecem-a-justica","og_site_name":"Ribeir\u00e3o Preto e Regi\u00e3o","article_publisher":"https:\/\/m.facebook.com\/redenoticiaz.barretos","article_published_time":"2026-09-04T19:55:39+00:00","og_image":[{"width":400,"height":250,"url":"https:\/\/redenoticiaz.com.br\/ribeiraopreto-regiao\/wp-content\/uploads\/sites\/4\/2022\/02\/logo.jpg","type":"image\/jpeg"}],"author":"Patr\u00edcia Prado","twitter_card":"summary_large_image","twitter_creator":"@RN_barretos","twitter_site":"@RN_barretos","twitter_misc":{"Escrito por":"Patr\u00edcia Prado","Est. tempo de leitura":"3 minutos"},"schema":{"@context":"https:\/\/schema.org","@graph":[{"@type":"Article","@id":"https:\/\/redenoticiaz.com.br\/ribeiraopreto-regiao\/sp\/2026\/09\/04\/lula-sanciona-leis-para-criacao-de-fundos-que-fortalecem-a-justica#article","isPartOf":{"@id":"https:\/\/redenoticiaz.com.br\/ribeiraopreto-regiao\/sp\/2026\/09\/04\/lula-sanciona-leis-para-criacao-de-fundos-que-fortalecem-a-justica"},"author":{"name":"Patr\u00edcia Prado","@id":"https:\/\/redenoticiaz.com.br\/ribeiraopreto-regiao\/#\/schema\/person\/e1b0bd8c2637e2c1b6ddcbc2c33b116f"},"headline":"Lula sanciona leis para cria\u00e7\u00e3o de fundos que fortalecem a Justi\u00e7a","datePublished":"2026-09-04T19:55:39+00:00","mainEntityOfPage":{"@id":"https:\/\/redenoticiaz.com.br\/ribeiraopreto-regiao\/sp\/2026\/09\/04\/lula-sanciona-leis-para-criacao-de-fundos-que-fortalecem-a-justica"},"wordCount":615,"commentCount":0,"publisher":{"@id":"https:\/\/redenoticiaz.com.br\/ribeiraopreto-regiao\/#organization"},"image":{"@id":"https:\/\/redenoticiaz.com.br\/ribeiraopreto-regiao\/sp\/2026\/09\/04\/lula-sanciona-leis-para-criacao-de-fundos-que-fortalecem-a-justica#primaryimage"},"thumbnailUrl":"https:\/\/redenoticiaz.com.br\/ribeiraopreto-regiao\/wp-content\/uploads\/sites\/4\/2026\/09\/55508446735_7fd5ef703a_o.jpg","articleSection":["Justi\u00e7a","Obras","Pol\u00edtica"],"inLanguage":"pt-BR","potentialAction":[{"@type":"CommentAction","name":"Comment","target":["https:\/\/redenoticiaz.com.br\/ribeiraopreto-regiao\/sp\/2026\/09\/04\/lula-sanciona-leis-para-criacao-de-fundos-que-fortalecem-a-justica#respond"]}]},{"@type":"WebPage","@id":"https:\/\/redenoticiaz.com.br\/ribeiraopreto-regiao\/sp\/2026\/09\/04\/lula-sanciona-leis-para-criacao-de-fundos-que-fortalecem-a-justica","url":"https:\/\/redenoticiaz.com.br\/ribeiraopreto-regiao\/sp\/2026\/09\/04\/lula-sanciona-leis-para-criacao-de-fundos-que-fortalecem-a-justica","name":"Lula sanciona leis para cria\u00e7\u00e3o de fundos que fortalecem a Justi\u00e7a - Ribeir\u00e3o Preto e Regi\u00e3o","isPartOf":{"@id":"https:\/\/redenoticiaz.com.br\/ribeiraopreto-regiao\/#website"},"primaryImageOfPage":{"@id":"https:\/\/redenoticiaz.com.br\/ribeiraopreto-regiao\/sp\/2026\/09\/04\/lula-sanciona-leis-para-criacao-de-fundos-que-fortalecem-a-justica#primaryimage"},"image":{"@id":"https:\/\/redenoticiaz.com.br\/ribeiraopreto-regiao\/sp\/2026\/09\/04\/lula-sanciona-leis-para-criacao-de-fundos-que-fortalecem-a-justica#primaryimage"},"thumbnailUrl":"https:\/\/redenoticiaz.com.br\/ribeiraopreto-regiao\/wp-content\/uploads\/sites\/4\/2026\/09\/55508446735_7fd5ef703a_o.jpg","datePublished":"2026-09-04T19:55:39+00:00","inLanguage":"pt-BR","potentialAction":[{"@type":"ReadAction","target":["https:\/\/redenoticiaz.com.br\/ribeiraopreto-regiao\/sp\/2026\/09\/04\/lula-sanciona-leis-para-criacao-de-fundos-que-fortalecem-a-justica"]}]},{"@type":"ImageObject","inLanguage":"pt-BR","@id":"https:\/\/redenoticiaz.com.br\/ribeiraopreto-regiao\/sp\/2026\/09\/04\/lula-sanciona-leis-para-criacao-de-fundos-que-fortalecem-a-justica#primaryimage","url":"https:\/\/redenoticiaz.com.br\/ribeiraopreto-regiao\/wp-content\/uploads\/sites\/4\/2026\/09\/55508446735_7fd5ef703a_o.jpg","contentUrl":"https:\/\/redenoticiaz.com.br\/ribeiraopreto-regiao\/wp-content\/uploads\/sites\/4\/2026\/09\/55508446735_7fd5ef703a_o.jpg","width":1600,"height":800},{"@type":"WebSite","@id":"https:\/\/redenoticiaz.com.br\/ribeiraopreto-regiao\/#website","url":"https:\/\/redenoticiaz.com.br\/ribeiraopreto-regiao\/","name":"Ribeir\u00e3o Preto e Regi\u00e3o","description":"Rede NoticiaZ - Ribeir\u00e3o Preto e regi\u00e3o","publisher":{"@id":"https:\/\/redenoticiaz.com.br\/ribeiraopreto-regiao\/#organization"},"potentialAction":[{"@type":"SearchAction","target":{"@type":"EntryPoint","urlTemplate":"https:\/\/redenoticiaz.com.br\/ribeiraopreto-regiao\/?s={search_term_string}"},"query-input":{"@type":"PropertyValueSpecification","valueRequired":true,"valueName":"search_term_string"}}],"inLanguage":"pt-BR"},{"@type":"Organization","@id":"https:\/\/redenoticiaz.com.br\/ribeiraopreto-regiao\/#organization","name":"Ribeir\u00e3o Preto e Regi\u00e3o","url":"https:\/\/redenoticiaz.com.br\/ribeiraopreto-regiao\/","logo":{"@type":"ImageObject","inLanguage":"pt-BR","@id":"https:\/\/redenoticiaz.com.br\/ribeiraopreto-regiao\/#\/schema\/logo\/image\/","url":"https:\/\/redenoticiaz.com.br\/barretos-regiao\/wp-content\/uploads\/sites\/4\/2022\/02\/logo.jpg","contentUrl":"https:\/\/redenoticiaz.com.br\/barretos-regiao\/wp-content\/uploads\/sites\/4\/2022\/02\/logo.jpg","width":400,"height":250,"caption":"Ribeir\u00e3o Preto e Regi\u00e3o"},"image":{"@id":"https:\/\/redenoticiaz.com.br\/ribeiraopreto-regiao\/#\/schema\/logo\/image\/"},"sameAs":["https:\/\/m.facebook.com\/redenoticiaz.barretos","https:\/\/x.com\/RN_barretos","https:\/\/www.instagram.com\/redenoticiaz.barretos\/?igshid=YmMyMTA2M2Y","https:\/\/www.linkedin.com\/company\/rede-noticiaz-barretos-e-regio\/"]},{"@type":"Person","@id":"https:\/\/redenoticiaz.com.br\/ribeiraopreto-regiao\/#\/schema\/person\/e1b0bd8c2637e2c1b6ddcbc2c33b116f","name":"Patr\u00edcia Prado","image":{"@type":"ImageObject","inLanguage":"pt-BR","@id":"https:\/\/secure.gravatar.com\/avatar\/92e358bef22cfcec15e054ae4d9fee04dadf0c772dc4a17b382b8a34a15354c2?s=96&d=mm&r=g","url":"https:\/\/secure.gravatar.com\/avatar\/92e358bef22cfcec15e054ae4d9fee04dadf0c772dc4a17b382b8a34a15354c2?s=96&d=mm&r=g","contentUrl":"https:\/\/secure.gravatar.com\/avatar\/92e358bef22cfcec15e054ae4d9fee04dadf0c772dc4a17b382b8a34a15354c2?s=96&d=mm&r=g","caption":"Patr\u00edcia Prado"},"url":"https:\/\/redenoticiaz.com.br\/ribeiraopreto-regiao\/sp\/author\/patricia-prado"}]}},"_links":{"self":[{"href":"https:\/\/redenoticiaz.com.br\/ribeiraopreto-regiao\/wp-json\/wp\/v2\/posts\/123268","targetHints":{"allow":["GET"]}}],"collection":[{"href":"https:\/\/redenoticiaz.com.br\/ribeiraopreto-regiao\/wp-json\/wp\/v2\/posts"}],"about":[{"href":"https:\/\/redenoticiaz.com.br\/ribeiraopreto-regiao\/wp-json\/wp\/v2\/types\/post"}],"author":[{"embeddable":true,"href":"https:\/\/redenoticiaz.com.br\/ribeiraopreto-regiao\/wp-json\/wp\/v2\/users\/5"}],"replies":[{"embeddable":true,"href":"https:\/\/redenoticiaz.com.br\/ribeiraopreto-regiao\/wp-json\/wp\/v2\/comments?post=123268"}],"version-history":[{"count":0,"href":"https:\/\/redenoticiaz.com.br\/ribeiraopreto-regiao\/wp-json\/wp\/v2\/posts\/123268\/revisions"}],"wp:featuredmedia":[{"embeddable":true,"href":"https:\/\/redenoticiaz.com.br\/ribeiraopreto-regiao\/wp-json\/wp\/v2\/media\/123269"}],"wp:attachment":[{"href":"https:\/\/redenoticiaz.com.br\/ribeiraopreto-regiao\/wp-json\/wp\/v2\/media?parent=123268"}],"wp:term":[{"taxonomy":"category","embeddable":true,"href":"https:\/\/redenoticiaz.com.br\/ribeiraopreto-regiao\/wp-json\/wp\/v2\/categories?post=123268"},{"taxonomy":"post_tag","embeddable":true,"href":"https:\/\/redenoticiaz.com.br\/ribeiraopreto-regiao\/wp-json\/wp\/v2\/tags?post=123268"}],"curies":[{"name":"wp","href":"https:\/\/api.w.org\/{rel}","templated":true}]}}