{"id":123272,"date":"2026-09-04T17:23:21","date_gmt":"2026-09-04T20:23:21","guid":{"rendered":"https:\/\/redenoticiaz.com.br\/ribeiraopreto-regiao\/sp\/2026\/09\/04\/interdicoes-no-jardim-independencia-garantem-seguranca-durante-o-desfile-civico-em-ribeirao-preto"},"modified":"2026-09-04T17:23:21","modified_gmt":"2026-09-04T20:23:21","slug":"interdicoes-no-jardim-independencia-garantem-seguranca-durante-o-desfile-civico-em-ribeirao-preto","status":"publish","type":"post","link":"https:\/\/redenoticiaz.com.br\/ribeiraopreto-regiao\/sp\/2026\/09\/04\/interdicoes-no-jardim-independencia-garantem-seguranca-durante-o-desfile-civico-em-ribeirao-preto","title":{"rendered":"Interdi\u00e7\u00f5es no Jardim Independ\u00eancia garantem seguran\u00e7a durante o desfile c\u00edvico em Ribeir\u00e3o Preto"},"content":{"rendered":"<p>A Avenida Cavalheiro Paschoal Innechi e as vias paralelas no Jardim Independ\u00eancia ser\u00e3o interditadas a partir das 6h da pr\u00f3xima segunda-feira, 7 de setembro, em fun\u00e7\u00e3o do desfile c\u00edvico em celebra\u00e7\u00e3o ao Dia da Independ\u00eancia do Brasil. A RP Mobi, \u00f3rg\u00e3o respons\u00e1vel pelo gerenciamento do tr\u00e2nsito e transporte urbano de Ribeir\u00e3o Preto, implementar\u00e1 a interdi\u00e7\u00e3o para garantir a seguran\u00e7a de todos os participantes do evento.<\/p>\n<p>Al\u00e9m da avenida principal, todas as vias que ficam entre a Avenida Paris e a Rua M\u00e9xico tamb\u00e9m estar\u00e3o fechadas at\u00e9 o t\u00e9rmino do desfile. A intersec\u00e7\u00e3o das avenidas Coronel Quito Junqueira e Cavalheiro Paschoal Innechi tamb\u00e9m ser\u00e1 afetada pelas restri\u00e7\u00f5es. O acesso ao bairro Jardim Independ\u00eancia para quem vem do centro da cidade pode ser feito pela Rua Capit\u00e3o Os\u00f3rio Junqueira, enquanto quem chega do Norte deve utilizar a Rua M\u00e9xico. Para acessar a Avenida Meira J\u00fanior, o trajeto ser\u00e1 pela Avenida Coronel Quito Junqueira.<\/p>\n<p>As interven\u00e7\u00f5es visam facilitar o fluxo de ve\u00edculos e assegurar a prote\u00e7\u00e3o de pedestres e participantes do desfile. Para isso, haver\u00e1 monitoramento dos bloqueios vi\u00e1rios, evitando a entrada de ve\u00edculos nas \u00e1reas interditadas, o que poderia prejudicar a organiza\u00e7\u00e3o do evento e aumentar os riscos. O tr\u00e2nsito coletivo ser\u00e1 submetido \u00e0s mesmas rotas de desvio aplicadas aos ve\u00edculos comuns, enquanto o evento contar\u00e1 com a presen\u00e7a de agentes de tr\u00e2nsito da RP Mobi, al\u00e9m de apoio da Pol\u00edcia Militar e da Guarda Civil Metropolitana.<\/p>\n<p>O desfile c\u00edvico est\u00e1 previsto para come\u00e7ar \u00e0s 7h do dia 7 de setembro, e, considerando o aumento na demanda de passageiros durante o evento, algumas linhas do transporte coletivo ter\u00e3o acr\u00e9scimos de ve\u00edculos. As linhas 102 (Jd. Independ\u00eancia), 202 (Jd. Iara), 220 (Parque de Exposi\u00e7\u00f5es), 199 (Circular 1), 299 (Circular 2), 399 (Circular 3) e 902 (Norte-Sul 2) receber\u00e3o ve\u00edculos adicionais conforme a necessidade entre 6h e 12h.<\/p>\n<p>Os cidad\u00e3os que transitarem pela \u00e1rea durante o evento recebem algumas orienta\u00e7\u00f5es: respeitar a sinaliza\u00e7\u00e3o de tr\u00e2nsito e seguir as instru\u00e7\u00f5es dos agentes da RP Mobi. Al\u00e9m disso, \u00e9 recomendado utilizar rotas alternativas e estar ciente de que as informa\u00e7\u00f5es sobre os bloqueios podem sofrer altera\u00e7\u00f5es sem aviso pr\u00e9vio, sempre priorizando a seguran\u00e7a de todos, especialmente dos pedestres.<\/p>\n","protected":false},"excerpt":{"rendered":"<p>A Avenida Cavalheiro Paschoal Innechi e as vias paralelas no Jardim Independ\u00eancia ser\u00e3o interditadas a partir das 6h da pr\u00f3xima segunda-feira, 7 de setembro, em fun\u00e7\u00e3o do desfile c\u00edvico em celebra\u00e7\u00e3o ao Dia da Independ\u00eancia do Brasil. A RP Mobi, \u00f3rg\u00e3o respons\u00e1vel pelo gerenciamento do tr\u00e2nsito e transporte urbano de Ribeir\u00e3o Preto, implementar\u00e1 a interdi\u00e7\u00e3o &hellip;<\/p>\n","protected":false},"author":5,"featured_media":123273,"comment_status":"open","ping_status":"closed","sticky":false,"template":"","format":"standard","meta":{"footnotes":""},"categories":[88,31500,143,2921],"tags":[],"class_list":["post-123272","post","type-post","status-publish","format-standard","has-post-thumbnail","hentry","category-policia","category-ribeirao-preto","category-transito","category-transportes"],"yoast_head":"<!-- This site is optimized with the Yoast SEO plugin v28.4 - https:\/\/yoast.com\/product\/yoast-seo-wordpress\/ -->\n<title>Interdi\u00e7\u00f5es no Jardim Independ\u00eancia garantem seguran\u00e7a durante o desfile c\u00edvico em Ribeir\u00e3o Preto - Ribeir\u00e3o Preto e Regi\u00e3o<\/title>\n<meta name=\"robots\" content=\"index, follow, max-snippet:-1, max-image-preview:large, max-video-preview:-1\" \/>\n<link rel=\"canonical\" href=\"https:\/\/redenoticiaz.com.br\/ribeiraopreto-regiao\/sp\/2026\/09\/04\/interdicoes-no-jardim-independencia-garantem-seguranca-durante-o-desfile-civico-em-ribeirao-preto\" \/>\n<meta property=\"og:locale\" content=\"pt_BR\" \/>\n<meta property=\"og:type\" content=\"article\" \/>\n<meta property=\"og:title\" content=\"Interdi\u00e7\u00f5es no Jardim Independ\u00eancia garantem seguran\u00e7a durante o desfile c\u00edvico em Ribeir\u00e3o Preto - Ribeir\u00e3o Preto e Regi\u00e3o\" \/>\n<meta property=\"og:description\" content=\"A Avenida Cavalheiro Paschoal Innechi e as vias paralelas no Jardim Independ\u00eancia ser\u00e3o interditadas a partir das 6h da pr\u00f3xima segunda-feira, 7 de setembro, em fun\u00e7\u00e3o do desfile c\u00edvico em celebra\u00e7\u00e3o ao Dia da Independ\u00eancia do Brasil. A RP Mobi, \u00f3rg\u00e3o respons\u00e1vel pelo gerenciamento do tr\u00e2nsito e transporte urbano de Ribeir\u00e3o Preto, implementar\u00e1 a interdi\u00e7\u00e3o &hellip;\" \/>\n<meta property=\"og:url\" content=\"https:\/\/redenoticiaz.com.br\/ribeiraopreto-regiao\/sp\/2026\/09\/04\/interdicoes-no-jardim-independencia-garantem-seguranca-durante-o-desfile-civico-em-ribeirao-preto\" \/>\n<meta property=\"og:site_name\" content=\"Ribeir\u00e3o Preto e Regi\u00e3o\" \/>\n<meta property=\"article:publisher\" content=\"https:\/\/m.facebook.com\/redenoticiaz.barretos\" \/>\n<meta property=\"article:published_time\" content=\"2026-09-04T20:23:21+00:00\" \/>\n<meta property=\"og:image\" content=\"https:\/\/redenoticiaz.com.br\/ribeiraopreto-regiao\/wp-content\/uploads\/sites\/4\/2022\/02\/logo.jpg\" \/>\n\t<meta property=\"og:image:width\" content=\"400\" \/>\n\t<meta property=\"og:image:height\" content=\"250\" \/>\n\t<meta property=\"og:image:type\" content=\"image\/jpeg\" \/>\n<meta name=\"author\" content=\"Patr\u00edcia Prado\" \/>\n<meta name=\"twitter:card\" content=\"summary_large_image\" \/>\n<meta name=\"twitter:creator\" content=\"@RN_barretos\" \/>\n<meta name=\"twitter:site\" content=\"@RN_barretos\" \/>\n<meta name=\"twitter:label1\" content=\"Escrito por\" \/>\n\t<meta name=\"twitter:data1\" content=\"Patr\u00edcia Prado\" \/>\n\t<meta name=\"twitter:label2\" content=\"Est. tempo de leitura\" \/>\n\t<meta name=\"twitter:data2\" content=\"2 minutos\" \/>\n<script type=\"application\/ld+json\" class=\"yoast-schema-graph\">{\"@context\":\"https:\\\/\\\/schema.org\",\"@graph\":[{\"@type\":\"Article\",\"@id\":\"https:\\\/\\\/redenoticiaz.com.br\\\/ribeiraopreto-regiao\\\/sp\\\/2026\\\/09\\\/04\\\/interdicoes-no-jardim-independencia-garantem-seguranca-durante-o-desfile-civico-em-ribeirao-preto#article\",\"isPartOf\":{\"@id\":\"https:\\\/\\\/redenoticiaz.com.br\\\/ribeiraopreto-regiao\\\/sp\\\/2026\\\/09\\\/04\\\/interdicoes-no-jardim-independencia-garantem-seguranca-durante-o-desfile-civico-em-ribeirao-preto\"},\"author\":{\"name\":\"Patr\u00edcia Prado\",\"@id\":\"https:\\\/\\\/redenoticiaz.com.br\\\/ribeiraopreto-regiao\\\/#\\\/schema\\\/person\\\/e1b0bd8c2637e2c1b6ddcbc2c33b116f\"},\"headline\":\"Interdi\u00e7\u00f5es no Jardim Independ\u00eancia garantem seguran\u00e7a durante o desfile c\u00edvico em Ribeir\u00e3o Preto\",\"datePublished\":\"2026-09-04T20:23:21+00:00\",\"mainEntityOfPage\":{\"@id\":\"https:\\\/\\\/redenoticiaz.com.br\\\/ribeiraopreto-regiao\\\/sp\\\/2026\\\/09\\\/04\\\/interdicoes-no-jardim-independencia-garantem-seguranca-durante-o-desfile-civico-em-ribeirao-preto\"},\"wordCount\":423,\"commentCount\":0,\"publisher\":{\"@id\":\"https:\\\/\\\/redenoticiaz.com.br\\\/ribeiraopreto-regiao\\\/#organization\"},\"image\":{\"@id\":\"https:\\\/\\\/redenoticiaz.com.br\\\/ribeiraopreto-regiao\\\/sp\\\/2026\\\/09\\\/04\\\/interdicoes-no-jardim-independencia-garantem-seguranca-durante-o-desfile-civico-em-ribeirao-preto#primaryimage\"},\"thumbnailUrl\":\"https:\\\/\\\/redenoticiaz.com.br\\\/ribeiraopreto-regiao\\\/wp-content\\\/uploads\\\/sites\\\/4\\\/2026\\\/09\\\/interdicoesdesfile_capa.jpg\",\"articleSection\":[\"Pol\u00edcia\",\"Ribeir\u00e3o Preto\",\"Tr\u00e2nsito\",\"Transportes\"],\"inLanguage\":\"pt-BR\",\"potentialAction\":[{\"@type\":\"CommentAction\",\"name\":\"Comment\",\"target\":[\"https:\\\/\\\/redenoticiaz.com.br\\\/ribeiraopreto-regiao\\\/sp\\\/2026\\\/09\\\/04\\\/interdicoes-no-jardim-independencia-garantem-seguranca-durante-o-desfile-civico-em-ribeirao-preto#respond\"]}]},{\"@type\":\"WebPage\",\"@id\":\"https:\\\/\\\/redenoticiaz.com.br\\\/ribeiraopreto-regiao\\\/sp\\\/2026\\\/09\\\/04\\\/interdicoes-no-jardim-independencia-garantem-seguranca-durante-o-desfile-civico-em-ribeirao-preto\",\"url\":\"https:\\\/\\\/redenoticiaz.com.br\\\/ribeiraopreto-regiao\\\/sp\\\/2026\\\/09\\\/04\\\/interdicoes-no-jardim-independencia-garantem-seguranca-durante-o-desfile-civico-em-ribeirao-preto\",\"name\":\"Interdi\u00e7\u00f5es no Jardim Independ\u00eancia garantem seguran\u00e7a durante o desfile c\u00edvico em Ribeir\u00e3o Preto - Ribeir\u00e3o Preto e Regi\u00e3o\",\"isPartOf\":{\"@id\":\"https:\\\/\\\/redenoticiaz.com.br\\\/ribeiraopreto-regiao\\\/#website\"},\"primaryImageOfPage\":{\"@id\":\"https:\\\/\\\/redenoticiaz.com.br\\\/ribeiraopreto-regiao\\\/sp\\\/2026\\\/09\\\/04\\\/interdicoes-no-jardim-independencia-garantem-seguranca-durante-o-desfile-civico-em-ribeirao-preto#primaryimage\"},\"image\":{\"@id\":\"https:\\\/\\\/redenoticiaz.com.br\\\/ribeiraopreto-regiao\\\/sp\\\/2026\\\/09\\\/04\\\/interdicoes-no-jardim-independencia-garantem-seguranca-durante-o-desfile-civico-em-ribeirao-preto#primaryimage\"},\"thumbnailUrl\":\"https:\\\/\\\/redenoticiaz.com.br\\\/ribeiraopreto-regiao\\\/wp-content\\\/uploads\\\/sites\\\/4\\\/2026\\\/09\\\/interdicoesdesfile_capa.jpg\",\"datePublished\":\"2026-09-04T20:23:21+00:00\",\"inLanguage\":\"pt-BR\",\"potentialAction\":[{\"@type\":\"ReadAction\",\"target\":[\"https:\\\/\\\/redenoticiaz.com.br\\\/ribeiraopreto-regiao\\\/sp\\\/2026\\\/09\\\/04\\\/interdicoes-no-jardim-independencia-garantem-seguranca-durante-o-desfile-civico-em-ribeirao-preto\"]}]},{\"@type\":\"ImageObject\",\"inLanguage\":\"pt-BR\",\"@id\":\"https:\\\/\\\/redenoticiaz.com.br\\\/ribeiraopreto-regiao\\\/sp\\\/2026\\\/09\\\/04\\\/interdicoes-no-jardim-independencia-garantem-seguranca-durante-o-desfile-civico-em-ribeirao-preto#primaryimage\",\"url\":\"https:\\\/\\\/redenoticiaz.com.br\\\/ribeiraopreto-regiao\\\/wp-content\\\/uploads\\\/sites\\\/4\\\/2026\\\/09\\\/interdicoesdesfile_capa.jpg\",\"contentUrl\":\"https:\\\/\\\/redenoticiaz.com.br\\\/ribeiraopreto-regiao\\\/wp-content\\\/uploads\\\/sites\\\/4\\\/2026\\\/09\\\/interdicoesdesfile_capa.jpg\",\"width\":1600,\"height\":1066},{\"@type\":\"WebSite\",\"@id\":\"https:\\\/\\\/redenoticiaz.com.br\\\/ribeiraopreto-regiao\\\/#website\",\"url\":\"https:\\\/\\\/redenoticiaz.com.br\\\/ribeiraopreto-regiao\\\/\",\"name\":\"Ribeir\u00e3o Preto e Regi\u00e3o\",\"description\":\"Rede NoticiaZ - Ribeir\u00e3o Preto e regi\u00e3o\",\"publisher\":{\"@id\":\"https:\\\/\\\/redenoticiaz.com.br\\\/ribeiraopreto-regiao\\\/#organization\"},\"potentialAction\":[{\"@type\":\"SearchAction\",\"target\":{\"@type\":\"EntryPoint\",\"urlTemplate\":\"https:\\\/\\\/redenoticiaz.com.br\\\/ribeiraopreto-regiao\\\/?s={search_term_string}\"},\"query-input\":{\"@type\":\"PropertyValueSpecification\",\"valueRequired\":true,\"valueName\":\"search_term_string\"}}],\"inLanguage\":\"pt-BR\"},{\"@type\":\"Organization\",\"@id\":\"https:\\\/\\\/redenoticiaz.com.br\\\/ribeiraopreto-regiao\\\/#organization\",\"name\":\"Ribeir\u00e3o Preto e Regi\u00e3o\",\"url\":\"https:\\\/\\\/redenoticiaz.com.br\\\/ribeiraopreto-regiao\\\/\",\"logo\":{\"@type\":\"ImageObject\",\"inLanguage\":\"pt-BR\",\"@id\":\"https:\\\/\\\/redenoticiaz.com.br\\\/ribeiraopreto-regiao\\\/#\\\/schema\\\/logo\\\/image\\\/\",\"url\":\"https:\\\/\\\/redenoticiaz.com.br\\\/barretos-regiao\\\/wp-content\\\/uploads\\\/sites\\\/4\\\/2022\\\/02\\\/logo.jpg\",\"contentUrl\":\"https:\\\/\\\/redenoticiaz.com.br\\\/barretos-regiao\\\/wp-content\\\/uploads\\\/sites\\\/4\\\/2022\\\/02\\\/logo.jpg\",\"width\":400,\"height\":250,\"caption\":\"Ribeir\u00e3o Preto e Regi\u00e3o\"},\"image\":{\"@id\":\"https:\\\/\\\/redenoticiaz.com.br\\\/ribeiraopreto-regiao\\\/#\\\/schema\\\/logo\\\/image\\\/\"},\"sameAs\":[\"https:\\\/\\\/m.facebook.com\\\/redenoticiaz.barretos\",\"https:\\\/\\\/x.com\\\/RN_barretos\",\"https:\\\/\\\/www.instagram.com\\\/redenoticiaz.barretos\\\/?igshid=YmMyMTA2M2Y\",\"https:\\\/\\\/www.linkedin.com\\\/company\\\/rede-noticiaz-barretos-e-regio\\\/\"]},{\"@type\":\"Person\",\"@id\":\"https:\\\/\\\/redenoticiaz.com.br\\\/ribeiraopreto-regiao\\\/#\\\/schema\\\/person\\\/e1b0bd8c2637e2c1b6ddcbc2c33b116f\",\"name\":\"Patr\u00edcia Prado\",\"image\":{\"@type\":\"ImageObject\",\"inLanguage\":\"pt-BR\",\"@id\":\"https:\\\/\\\/secure.gravatar.com\\\/avatar\\\/92e358bef22cfcec15e054ae4d9fee04dadf0c772dc4a17b382b8a34a15354c2?s=96&d=mm&r=g\",\"url\":\"https:\\\/\\\/secure.gravatar.com\\\/avatar\\\/92e358bef22cfcec15e054ae4d9fee04dadf0c772dc4a17b382b8a34a15354c2?s=96&d=mm&r=g\",\"contentUrl\":\"https:\\\/\\\/secure.gravatar.com\\\/avatar\\\/92e358bef22cfcec15e054ae4d9fee04dadf0c772dc4a17b382b8a34a15354c2?s=96&d=mm&r=g\",\"caption\":\"Patr\u00edcia Prado\"},\"url\":\"https:\\\/\\\/redenoticiaz.com.br\\\/ribeiraopreto-regiao\\\/sp\\\/author\\\/patricia-prado\"}]}<\/script>\n<!-- \/ Yoast SEO plugin. -->","yoast_head_json":{"title":"Interdi\u00e7\u00f5es no Jardim Independ\u00eancia garantem seguran\u00e7a durante o desfile c\u00edvico em Ribeir\u00e3o Preto - Ribeir\u00e3o Preto e Regi\u00e3o","robots":{"index":"index","follow":"follow","max-snippet":"max-snippet:-1","max-image-preview":"max-image-preview:large","max-video-preview":"max-video-preview:-1"},"canonical":"https:\/\/redenoticiaz.com.br\/ribeiraopreto-regiao\/sp\/2026\/09\/04\/interdicoes-no-jardim-independencia-garantem-seguranca-durante-o-desfile-civico-em-ribeirao-preto","og_locale":"pt_BR","og_type":"article","og_title":"Interdi\u00e7\u00f5es no Jardim Independ\u00eancia garantem seguran\u00e7a durante o desfile c\u00edvico em Ribeir\u00e3o Preto - Ribeir\u00e3o Preto e Regi\u00e3o","og_description":"A Avenida Cavalheiro Paschoal Innechi e as vias paralelas no Jardim Independ\u00eancia ser\u00e3o interditadas a partir das 6h da pr\u00f3xima segunda-feira, 7 de setembro, em fun\u00e7\u00e3o do desfile c\u00edvico em celebra\u00e7\u00e3o ao Dia da Independ\u00eancia do Brasil. A RP Mobi, \u00f3rg\u00e3o respons\u00e1vel pelo gerenciamento do tr\u00e2nsito e transporte urbano de Ribeir\u00e3o Preto, implementar\u00e1 a interdi\u00e7\u00e3o &hellip;","og_url":"https:\/\/redenoticiaz.com.br\/ribeiraopreto-regiao\/sp\/2026\/09\/04\/interdicoes-no-jardim-independencia-garantem-seguranca-durante-o-desfile-civico-em-ribeirao-preto","og_site_name":"Ribeir\u00e3o Preto e Regi\u00e3o","article_publisher":"https:\/\/m.facebook.com\/redenoticiaz.barretos","article_published_time":"2026-09-04T20:23:21+00:00","og_image":[{"width":400,"height":250,"url":"https:\/\/redenoticiaz.com.br\/ribeiraopreto-regiao\/wp-content\/uploads\/sites\/4\/2022\/02\/logo.jpg","type":"image\/jpeg"}],"author":"Patr\u00edcia Prado","twitter_card":"summary_large_image","twitter_creator":"@RN_barretos","twitter_site":"@RN_barretos","twitter_misc":{"Escrito por":"Patr\u00edcia Prado","Est. tempo de leitura":"2 minutos"},"schema":{"@context":"https:\/\/schema.org","@graph":[{"@type":"Article","@id":"https:\/\/redenoticiaz.com.br\/ribeiraopreto-regiao\/sp\/2026\/09\/04\/interdicoes-no-jardim-independencia-garantem-seguranca-durante-o-desfile-civico-em-ribeirao-preto#article","isPartOf":{"@id":"https:\/\/redenoticiaz.com.br\/ribeiraopreto-regiao\/sp\/2026\/09\/04\/interdicoes-no-jardim-independencia-garantem-seguranca-durante-o-desfile-civico-em-ribeirao-preto"},"author":{"name":"Patr\u00edcia Prado","@id":"https:\/\/redenoticiaz.com.br\/ribeiraopreto-regiao\/#\/schema\/person\/e1b0bd8c2637e2c1b6ddcbc2c33b116f"},"headline":"Interdi\u00e7\u00f5es no Jardim Independ\u00eancia garantem seguran\u00e7a durante o desfile c\u00edvico em Ribeir\u00e3o Preto","datePublished":"2026-09-04T20:23:21+00:00","mainEntityOfPage":{"@id":"https:\/\/redenoticiaz.com.br\/ribeiraopreto-regiao\/sp\/2026\/09\/04\/interdicoes-no-jardim-independencia-garantem-seguranca-durante-o-desfile-civico-em-ribeirao-preto"},"wordCount":423,"commentCount":0,"publisher":{"@id":"https:\/\/redenoticiaz.com.br\/ribeiraopreto-regiao\/#organization"},"image":{"@id":"https:\/\/redenoticiaz.com.br\/ribeiraopreto-regiao\/sp\/2026\/09\/04\/interdicoes-no-jardim-independencia-garantem-seguranca-durante-o-desfile-civico-em-ribeirao-preto#primaryimage"},"thumbnailUrl":"https:\/\/redenoticiaz.com.br\/ribeiraopreto-regiao\/wp-content\/uploads\/sites\/4\/2026\/09\/interdicoesdesfile_capa.jpg","articleSection":["Pol\u00edcia","Ribeir\u00e3o Preto","Tr\u00e2nsito","Transportes"],"inLanguage":"pt-BR","potentialAction":[{"@type":"CommentAction","name":"Comment","target":["https:\/\/redenoticiaz.com.br\/ribeiraopreto-regiao\/sp\/2026\/09\/04\/interdicoes-no-jardim-independencia-garantem-seguranca-durante-o-desfile-civico-em-ribeirao-preto#respond"]}]},{"@type":"WebPage","@id":"https:\/\/redenoticiaz.com.br\/ribeiraopreto-regiao\/sp\/2026\/09\/04\/interdicoes-no-jardim-independencia-garantem-seguranca-durante-o-desfile-civico-em-ribeirao-preto","url":"https:\/\/redenoticiaz.com.br\/ribeiraopreto-regiao\/sp\/2026\/09\/04\/interdicoes-no-jardim-independencia-garantem-seguranca-durante-o-desfile-civico-em-ribeirao-preto","name":"Interdi\u00e7\u00f5es no Jardim Independ\u00eancia garantem seguran\u00e7a durante o desfile c\u00edvico em Ribeir\u00e3o Preto - Ribeir\u00e3o Preto e Regi\u00e3o","isPartOf":{"@id":"https:\/\/redenoticiaz.com.br\/ribeiraopreto-regiao\/#website"},"primaryImageOfPage":{"@id":"https:\/\/redenoticiaz.com.br\/ribeiraopreto-regiao\/sp\/2026\/09\/04\/interdicoes-no-jardim-independencia-garantem-seguranca-durante-o-desfile-civico-em-ribeirao-preto#primaryimage"},"image":{"@id":"https:\/\/redenoticiaz.com.br\/ribeiraopreto-regiao\/sp\/2026\/09\/04\/interdicoes-no-jardim-independencia-garantem-seguranca-durante-o-desfile-civico-em-ribeirao-preto#primaryimage"},"thumbnailUrl":"https:\/\/redenoticiaz.com.br\/ribeiraopreto-regiao\/wp-content\/uploads\/sites\/4\/2026\/09\/interdicoesdesfile_capa.jpg","datePublished":"2026-09-04T20:23:21+00:00","inLanguage":"pt-BR","potentialAction":[{"@type":"ReadAction","target":["https:\/\/redenoticiaz.com.br\/ribeiraopreto-regiao\/sp\/2026\/09\/04\/interdicoes-no-jardim-independencia-garantem-seguranca-durante-o-desfile-civico-em-ribeirao-preto"]}]},{"@type":"ImageObject","inLanguage":"pt-BR","@id":"https:\/\/redenoticiaz.com.br\/ribeiraopreto-regiao\/sp\/2026\/09\/04\/interdicoes-no-jardim-independencia-garantem-seguranca-durante-o-desfile-civico-em-ribeirao-preto#primaryimage","url":"https:\/\/redenoticiaz.com.br\/ribeiraopreto-regiao\/wp-content\/uploads\/sites\/4\/2026\/09\/interdicoesdesfile_capa.jpg","contentUrl":"https:\/\/redenoticiaz.com.br\/ribeiraopreto-regiao\/wp-content\/uploads\/sites\/4\/2026\/09\/interdicoesdesfile_capa.jpg","width":1600,"height":1066},{"@type":"WebSite","@id":"https:\/\/redenoticiaz.com.br\/ribeiraopreto-regiao\/#website","url":"https:\/\/redenoticiaz.com.br\/ribeiraopreto-regiao\/","name":"Ribeir\u00e3o Preto e Regi\u00e3o","description":"Rede NoticiaZ - Ribeir\u00e3o Preto e regi\u00e3o","publisher":{"@id":"https:\/\/redenoticiaz.com.br\/ribeiraopreto-regiao\/#organization"},"potentialAction":[{"@type":"SearchAction","target":{"@type":"EntryPoint","urlTemplate":"https:\/\/redenoticiaz.com.br\/ribeiraopreto-regiao\/?s={search_term_string}"},"query-input":{"@type":"PropertyValueSpecification","valueRequired":true,"valueName":"search_term_string"}}],"inLanguage":"pt-BR"},{"@type":"Organization","@id":"https:\/\/redenoticiaz.com.br\/ribeiraopreto-regiao\/#organization","name":"Ribeir\u00e3o Preto e Regi\u00e3o","url":"https:\/\/redenoticiaz.com.br\/ribeiraopreto-regiao\/","logo":{"@type":"ImageObject","inLanguage":"pt-BR","@id":"https:\/\/redenoticiaz.com.br\/ribeiraopreto-regiao\/#\/schema\/logo\/image\/","url":"https:\/\/redenoticiaz.com.br\/barretos-regiao\/wp-content\/uploads\/sites\/4\/2022\/02\/logo.jpg","contentUrl":"https:\/\/redenoticiaz.com.br\/barretos-regiao\/wp-content\/uploads\/sites\/4\/2022\/02\/logo.jpg","width":400,"height":250,"caption":"Ribeir\u00e3o Preto e Regi\u00e3o"},"image":{"@id":"https:\/\/redenoticiaz.com.br\/ribeiraopreto-regiao\/#\/schema\/logo\/image\/"},"sameAs":["https:\/\/m.facebook.com\/redenoticiaz.barretos","https:\/\/x.com\/RN_barretos","https:\/\/www.instagram.com\/redenoticiaz.barretos\/?igshid=YmMyMTA2M2Y","https:\/\/www.linkedin.com\/company\/rede-noticiaz-barretos-e-regio\/"]},{"@type":"Person","@id":"https:\/\/redenoticiaz.com.br\/ribeiraopreto-regiao\/#\/schema\/person\/e1b0bd8c2637e2c1b6ddcbc2c33b116f","name":"Patr\u00edcia Prado","image":{"@type":"ImageObject","inLanguage":"pt-BR","@id":"https:\/\/secure.gravatar.com\/avatar\/92e358bef22cfcec15e054ae4d9fee04dadf0c772dc4a17b382b8a34a15354c2?s=96&d=mm&r=g","url":"https:\/\/secure.gravatar.com\/avatar\/92e358bef22cfcec15e054ae4d9fee04dadf0c772dc4a17b382b8a34a15354c2?s=96&d=mm&r=g","contentUrl":"https:\/\/secure.gravatar.com\/avatar\/92e358bef22cfcec15e054ae4d9fee04dadf0c772dc4a17b382b8a34a15354c2?s=96&d=mm&r=g","caption":"Patr\u00edcia Prado"},"url":"https:\/\/redenoticiaz.com.br\/ribeiraopreto-regiao\/sp\/author\/patricia-prado"}]}},"_links":{"self":[{"href":"https:\/\/redenoticiaz.com.br\/ribeiraopreto-regiao\/wp-json\/wp\/v2\/posts\/123272","targetHints":{"allow":["GET"]}}],"collection":[{"href":"https:\/\/redenoticiaz.com.br\/ribeiraopreto-regiao\/wp-json\/wp\/v2\/posts"}],"about":[{"href":"https:\/\/redenoticiaz.com.br\/ribeiraopreto-regiao\/wp-json\/wp\/v2\/types\/post"}],"author":[{"embeddable":true,"href":"https:\/\/redenoticiaz.com.br\/ribeiraopreto-regiao\/wp-json\/wp\/v2\/users\/5"}],"replies":[{"embeddable":true,"href":"https:\/\/redenoticiaz.com.br\/ribeiraopreto-regiao\/wp-json\/wp\/v2\/comments?post=123272"}],"version-history":[{"count":0,"href":"https:\/\/redenoticiaz.com.br\/ribeiraopreto-regiao\/wp-json\/wp\/v2\/posts\/123272\/revisions"}],"wp:featuredmedia":[{"embeddable":true,"href":"https:\/\/redenoticiaz.com.br\/ribeiraopreto-regiao\/wp-json\/wp\/v2\/media\/123273"}],"wp:attachment":[{"href":"https:\/\/redenoticiaz.com.br\/ribeiraopreto-regiao\/wp-json\/wp\/v2\/media?parent=123272"}],"wp:term":[{"taxonomy":"category","embeddable":true,"href":"https:\/\/redenoticiaz.com.br\/ribeiraopreto-regiao\/wp-json\/wp\/v2\/categories?post=123272"},{"taxonomy":"post_tag","embeddable":true,"href":"https:\/\/redenoticiaz.com.br\/ribeiraopreto-regiao\/wp-json\/wp\/v2\/tags?post=123272"}],"curies":[{"name":"wp","href":"https:\/\/api.w.org\/{rel}","templated":true}]}}