{"id":123274,"date":"2026-09-04T17:26:54","date_gmt":"2026-09-04T20:26:54","guid":{"rendered":"https:\/\/redenoticiaz.com.br\/ribeiraopreto-regiao\/sp\/2026\/09\/04\/brasil-registra-superavit-de-us-74-bilhoes-na-balanca-comercial-em-agosto"},"modified":"2026-09-04T17:26:54","modified_gmt":"2026-09-04T20:26:54","slug":"brasil-registra-superavit-de-us-74-bilhoes-na-balanca-comercial-em-agosto","status":"publish","type":"post","link":"https:\/\/redenoticiaz.com.br\/ribeiraopreto-regiao\/sp\/2026\/09\/04\/brasil-registra-superavit-de-us-74-bilhoes-na-balanca-comercial-em-agosto","title":{"rendered":"Brasil registra super\u00e1vit de US$ 7,4 bilh\u00f5es na balan\u00e7a comercial em agosto"},"content":{"rendered":"<p>A balan\u00e7a comercial brasileira apresentou um super\u00e1vit de US$ 7,4 bilh\u00f5es em agosto, um aumento de 23,8% em compara\u00e7\u00e3o ao mesmo m\u00eas de 2025. Este resultado representa o terceiro maior super\u00e1vit j\u00e1 registrado para meses de agosto, atr\u00e1s apenas dos valores de agosto de 2023, que foi de US$ 9,6 bilh\u00f5es, e de 2021, que alcan\u00e7ou US$ 7,7 bilh\u00f5es.<\/p>\n<p>O crescimento nas exporta\u00e7\u00f5es foi o principal fator desse resultado, com um aumento de quase 12,2% no per\u00edodo, conforme dados divulgados pelo Minist\u00e9rio do Desenvolvimento, Ind\u00fastria, Com\u00e9rcio e Servi\u00e7os (Mdic). A corrente de com\u00e9rcio, que engloba a soma de exporta\u00e7\u00f5es e importa\u00e7\u00f5es, atingiu US$ 58,9 bilh\u00f5es, o maior valor j\u00e1 registrado para meses de agosto na s\u00e9rie hist\u00f3rica.<\/p>\n<p>Principais n\u00fameros de agosto incluem um super\u00e1vit de US$ 7,4 bilh\u00f5es, exporta\u00e7\u00f5es de US$ 33,2 bilh\u00f5es, importa\u00e7\u00f5es de US$ 25,8 bilh\u00f5es e uma corrente de com\u00e9rcio de US$ 58,9 bilh\u00f5es.<\/p>\n<p>O aumento das vendas externas foi impulsionado pela ind\u00fastria extrativa, que liderou o crescimento, seguida pela ind\u00fastria de transforma\u00e7\u00e3o e pelo agroneg\u00f3cio. As exporta\u00e7\u00f5es dos setores foram: Ind\u00fastria Extrativa US$ 8,3 bilh\u00f5es (+16,4%), Ind\u00fastria de Transforma\u00e7\u00e3o US$ 17,2 bilh\u00f5es (+10,2%) e Agropecu\u00e1ria US$ 7,4 bilh\u00f5es (+11,4%).<\/p>\n<p>Entre os produtos que se destacaram, a ind\u00fastria extrativa voltou a se sobressair com o aumento nas exporta\u00e7\u00f5es de min\u00e9rios de cobre (223,1%), min\u00e9rios de n\u00edquel (120,7%) e petr\u00f3leo bruto (18%). Na ind\u00fastria de transforma\u00e7\u00e3o, as vendas de combust\u00edveis tiveram um crescimento de 61,6%, enquanto as carnes de aves aumentaram 40,5%. No agroneg\u00f3cio, a soja subiu 14%, e o caf\u00e9 n\u00e3o torrado aumentou 24,1%.<\/p>\n<p>Apesar do desempenho positivo da maioria das exporta\u00e7\u00f5es, houve uma queda nas vendas de min\u00e9rio de ferro, que recuaram 10,8% devido \u00e0 redu\u00e7\u00e3o de 4,4% no pre\u00e7o m\u00e9dio e de 6,7% no volume. As exporta\u00e7\u00f5es de carne bovina tamb\u00e9m diminu\u00edram em 19,7% em rela\u00e7\u00e3o ao ano anterior, impactadas por limites de importa\u00e7\u00e3o impostos pela China.<\/p>\n<p>As vendas externas para a maioria dos principais mercados do Brasil, incluindo os Estados Unidos, tamb\u00e9m aumentaram, apesar das tens\u00f5es comerciais. As exporta\u00e7\u00f5es para a \u00c1sia (exceto Oriente M\u00e9dio) totalizaram US$ 13,6 bilh\u00f5es (+0,7%), Europa US$ 7,3 bilh\u00f5es (+22,1%), Am\u00e9rica do Norte US$ 4,6 bilh\u00f5es (+11,5%), Am\u00e9rica do Sul US$ 3,6 bilh\u00f5es (-1,5%), \u00c1frica US$ 1,7 bilh\u00e3o (+20,5%) e Oriente M\u00e9dio US$ 1,4 bilh\u00e3o (+12,6%). Vendas para os Estados Unidos cresceram 12,1%, mesmo com a imposi\u00e7\u00e3o de novas tarifas sobre produtos brasileiros.<\/p>\n<p>As importa\u00e7\u00f5es tamb\u00e9m subiram em agosto, com destaque para bens de consumo e bens intermedi\u00e1rios. Os dados mostram que as importa\u00e7\u00f5es de bens intermedi\u00e1rios somaram US$ 15 bilh\u00f5es (+3,1%), bens de consumo US$ 3,9 bilh\u00f5es (+15%), bens de capital US$ 3,9 bilh\u00f5es (+29,3%) e combust\u00edveis US$ 3 bilh\u00f5es (+7,4%).<\/p>\n<p>No acumulado de janeiro a agosto de 2026, a balan\u00e7a comercial registrou super\u00e1vit de US$ 55,3 bilh\u00f5es. Durante este per\u00edodo, as exporta\u00e7\u00f5es chegaram a US$ 250,9 bilh\u00f5es (+10,3%), enquanto as importa\u00e7\u00f5es totalizaram US$ 195,5 bilh\u00f5es (+6,1%). Este resultado \u00e9 o segundo maior para o per\u00edodo desde 1989, ficando atr\u00e1s apenas do super\u00e1vit de US$ 62,4 bilh\u00f5es registrado em 2023.<\/p>\n<p>Em julho, o MDIC revisou sua proje\u00e7\u00e3o para 2026, elevando a estimativa de super\u00e1vit da balan\u00e7a comercial de US$ 72,1 bilh\u00f5es para US$ 90 bilh\u00f5es. A previs\u00e3o de exporta\u00e7\u00f5es passou de US$ 364,2 bilh\u00f5es para US$ 394,4 bilh\u00f5es, enquanto a proje\u00e7\u00e3o para importa\u00e7\u00f5es foi ajustada de US$ 292,1 bilh\u00f5es para US$ 304,4 bilh\u00f5es. A pr\u00f3xima atualiza\u00e7\u00e3o ser\u00e1 divulgada em outubro, com expectativas que superam as estimativas do mercado, que preveem um super\u00e1vit de US$ 78 bilh\u00f5es para este ano, segundo o boletim Focus do Banco Central.<\/p>\n","protected":false},"excerpt":{"rendered":"<p>A balan\u00e7a comercial brasileira apresentou um super\u00e1vit de US$ 7,4 bilh\u00f5es em agosto, um aumento de 23,8% em compara\u00e7\u00e3o ao mesmo m\u00eas de 2025. Este resultado representa o terceiro maior super\u00e1vit j\u00e1 registrado para meses de agosto, atr\u00e1s apenas dos valores de agosto de 2023, que foi de US$ 9,6 bilh\u00f5es, e de 2021, que &hellip;<\/p>\n","protected":false},"author":5,"featured_media":123275,"comment_status":"open","ping_status":"closed","sticky":false,"template":"","format":"standard","meta":{"footnotes":""},"categories":[5267,101,68],"tags":[],"class_list":["post-123274","post","type-post","status-publish","format-standard","has-post-thumbnail","hentry","category-agricultura","category-economia","category-mundo"],"yoast_head":"<!-- This site is optimized with the Yoast SEO plugin v28.4 - https:\/\/yoast.com\/product\/yoast-seo-wordpress\/ -->\n<title>Brasil registra super\u00e1vit de US$ 7,4 bilh\u00f5es na balan\u00e7a comercial em agosto - Ribeir\u00e3o Preto e Regi\u00e3o<\/title>\n<meta name=\"robots\" content=\"index, follow, max-snippet:-1, max-image-preview:large, max-video-preview:-1\" \/>\n<link rel=\"canonical\" href=\"https:\/\/redenoticiaz.com.br\/ribeiraopreto-regiao\/sp\/2026\/09\/04\/brasil-registra-superavit-de-us-74-bilhoes-na-balanca-comercial-em-agosto\" \/>\n<meta property=\"og:locale\" content=\"pt_BR\" \/>\n<meta property=\"og:type\" content=\"article\" \/>\n<meta property=\"og:title\" content=\"Brasil registra super\u00e1vit de US$ 7,4 bilh\u00f5es na balan\u00e7a comercial em agosto - Ribeir\u00e3o Preto e Regi\u00e3o\" \/>\n<meta property=\"og:description\" content=\"A balan\u00e7a comercial brasileira apresentou um super\u00e1vit de US$ 7,4 bilh\u00f5es em agosto, um aumento de 23,8% em compara\u00e7\u00e3o ao mesmo m\u00eas de 2025. Este resultado representa o terceiro maior super\u00e1vit j\u00e1 registrado para meses de agosto, atr\u00e1s apenas dos valores de agosto de 2023, que foi de US$ 9,6 bilh\u00f5es, e de 2021, que &hellip;\" \/>\n<meta property=\"og:url\" content=\"https:\/\/redenoticiaz.com.br\/ribeiraopreto-regiao\/sp\/2026\/09\/04\/brasil-registra-superavit-de-us-74-bilhoes-na-balanca-comercial-em-agosto\" \/>\n<meta property=\"og:site_name\" content=\"Ribeir\u00e3o Preto e Regi\u00e3o\" \/>\n<meta property=\"article:publisher\" content=\"https:\/\/m.facebook.com\/redenoticiaz.barretos\" \/>\n<meta property=\"article:published_time\" content=\"2026-09-04T20:26:54+00:00\" \/>\n<meta property=\"og:image\" content=\"https:\/\/redenoticiaz.com.br\/ribeiraopreto-regiao\/wp-content\/uploads\/sites\/4\/2022\/02\/logo.jpg\" \/>\n\t<meta property=\"og:image:width\" content=\"400\" \/>\n\t<meta property=\"og:image:height\" content=\"250\" \/>\n\t<meta property=\"og:image:type\" content=\"image\/jpeg\" \/>\n<meta name=\"author\" content=\"Patr\u00edcia Prado\" \/>\n<meta name=\"twitter:card\" content=\"summary_large_image\" \/>\n<meta name=\"twitter:creator\" content=\"@RN_barretos\" \/>\n<meta name=\"twitter:site\" content=\"@RN_barretos\" \/>\n<meta name=\"twitter:label1\" content=\"Escrito por\" \/>\n\t<meta name=\"twitter:data1\" content=\"Patr\u00edcia Prado\" \/>\n\t<meta name=\"twitter:label2\" content=\"Est. tempo de leitura\" \/>\n\t<meta name=\"twitter:data2\" content=\"3 minutos\" \/>\n<script type=\"application\/ld+json\" class=\"yoast-schema-graph\">{\"@context\":\"https:\\\/\\\/schema.org\",\"@graph\":[{\"@type\":\"Article\",\"@id\":\"https:\\\/\\\/redenoticiaz.com.br\\\/ribeiraopreto-regiao\\\/sp\\\/2026\\\/09\\\/04\\\/brasil-registra-superavit-de-us-74-bilhoes-na-balanca-comercial-em-agosto#article\",\"isPartOf\":{\"@id\":\"https:\\\/\\\/redenoticiaz.com.br\\\/ribeiraopreto-regiao\\\/sp\\\/2026\\\/09\\\/04\\\/brasil-registra-superavit-de-us-74-bilhoes-na-balanca-comercial-em-agosto\"},\"author\":{\"name\":\"Patr\u00edcia Prado\",\"@id\":\"https:\\\/\\\/redenoticiaz.com.br\\\/ribeiraopreto-regiao\\\/#\\\/schema\\\/person\\\/e1b0bd8c2637e2c1b6ddcbc2c33b116f\"},\"headline\":\"Brasil registra super\u00e1vit de US$ 7,4 bilh\u00f5es na balan\u00e7a comercial em agosto\",\"datePublished\":\"2026-09-04T20:26:54+00:00\",\"mainEntityOfPage\":{\"@id\":\"https:\\\/\\\/redenoticiaz.com.br\\\/ribeiraopreto-regiao\\\/sp\\\/2026\\\/09\\\/04\\\/brasil-registra-superavit-de-us-74-bilhoes-na-balanca-comercial-em-agosto\"},\"wordCount\":650,\"commentCount\":0,\"publisher\":{\"@id\":\"https:\\\/\\\/redenoticiaz.com.br\\\/ribeiraopreto-regiao\\\/#organization\"},\"image\":{\"@id\":\"https:\\\/\\\/redenoticiaz.com.br\\\/ribeiraopreto-regiao\\\/sp\\\/2026\\\/09\\\/04\\\/brasil-registra-superavit-de-us-74-bilhoes-na-balanca-comercial-em-agosto#primaryimage\"},\"thumbnailUrl\":\"https:\\\/\\\/redenoticiaz.com.br\\\/ribeiraopreto-regiao\\\/wp-content\\\/uploads\\\/sites\\\/4\\\/2026\\\/09\\\/24012014-porto_do_rio_10_0.jpg\",\"articleSection\":[\"Agricultura\",\"Economia\",\"Mundo\"],\"inLanguage\":\"pt-BR\",\"potentialAction\":[{\"@type\":\"CommentAction\",\"name\":\"Comment\",\"target\":[\"https:\\\/\\\/redenoticiaz.com.br\\\/ribeiraopreto-regiao\\\/sp\\\/2026\\\/09\\\/04\\\/brasil-registra-superavit-de-us-74-bilhoes-na-balanca-comercial-em-agosto#respond\"]}]},{\"@type\":\"WebPage\",\"@id\":\"https:\\\/\\\/redenoticiaz.com.br\\\/ribeiraopreto-regiao\\\/sp\\\/2026\\\/09\\\/04\\\/brasil-registra-superavit-de-us-74-bilhoes-na-balanca-comercial-em-agosto\",\"url\":\"https:\\\/\\\/redenoticiaz.com.br\\\/ribeiraopreto-regiao\\\/sp\\\/2026\\\/09\\\/04\\\/brasil-registra-superavit-de-us-74-bilhoes-na-balanca-comercial-em-agosto\",\"name\":\"Brasil registra super\u00e1vit de US$ 7,4 bilh\u00f5es na balan\u00e7a comercial em agosto - Ribeir\u00e3o Preto e Regi\u00e3o\",\"isPartOf\":{\"@id\":\"https:\\\/\\\/redenoticiaz.com.br\\\/ribeiraopreto-regiao\\\/#website\"},\"primaryImageOfPage\":{\"@id\":\"https:\\\/\\\/redenoticiaz.com.br\\\/ribeiraopreto-regiao\\\/sp\\\/2026\\\/09\\\/04\\\/brasil-registra-superavit-de-us-74-bilhoes-na-balanca-comercial-em-agosto#primaryimage\"},\"image\":{\"@id\":\"https:\\\/\\\/redenoticiaz.com.br\\\/ribeiraopreto-regiao\\\/sp\\\/2026\\\/09\\\/04\\\/brasil-registra-superavit-de-us-74-bilhoes-na-balanca-comercial-em-agosto#primaryimage\"},\"thumbnailUrl\":\"https:\\\/\\\/redenoticiaz.com.br\\\/ribeiraopreto-regiao\\\/wp-content\\\/uploads\\\/sites\\\/4\\\/2026\\\/09\\\/24012014-porto_do_rio_10_0.jpg\",\"datePublished\":\"2026-09-04T20:26:54+00:00\",\"inLanguage\":\"pt-BR\",\"potentialAction\":[{\"@type\":\"ReadAction\",\"target\":[\"https:\\\/\\\/redenoticiaz.com.br\\\/ribeiraopreto-regiao\\\/sp\\\/2026\\\/09\\\/04\\\/brasil-registra-superavit-de-us-74-bilhoes-na-balanca-comercial-em-agosto\"]}]},{\"@type\":\"ImageObject\",\"inLanguage\":\"pt-BR\",\"@id\":\"https:\\\/\\\/redenoticiaz.com.br\\\/ribeiraopreto-regiao\\\/sp\\\/2026\\\/09\\\/04\\\/brasil-registra-superavit-de-us-74-bilhoes-na-balanca-comercial-em-agosto#primaryimage\",\"url\":\"https:\\\/\\\/redenoticiaz.com.br\\\/ribeiraopreto-regiao\\\/wp-content\\\/uploads\\\/sites\\\/4\\\/2026\\\/09\\\/24012014-porto_do_rio_10_0.jpg\",\"contentUrl\":\"https:\\\/\\\/redenoticiaz.com.br\\\/ribeiraopreto-regiao\\\/wp-content\\\/uploads\\\/sites\\\/4\\\/2026\\\/09\\\/24012014-porto_do_rio_10_0.jpg\",\"width\":1600,\"height\":800},{\"@type\":\"WebSite\",\"@id\":\"https:\\\/\\\/redenoticiaz.com.br\\\/ribeiraopreto-regiao\\\/#website\",\"url\":\"https:\\\/\\\/redenoticiaz.com.br\\\/ribeiraopreto-regiao\\\/\",\"name\":\"Ribeir\u00e3o Preto e Regi\u00e3o\",\"description\":\"Rede NoticiaZ - Ribeir\u00e3o Preto e regi\u00e3o\",\"publisher\":{\"@id\":\"https:\\\/\\\/redenoticiaz.com.br\\\/ribeiraopreto-regiao\\\/#organization\"},\"potentialAction\":[{\"@type\":\"SearchAction\",\"target\":{\"@type\":\"EntryPoint\",\"urlTemplate\":\"https:\\\/\\\/redenoticiaz.com.br\\\/ribeiraopreto-regiao\\\/?s={search_term_string}\"},\"query-input\":{\"@type\":\"PropertyValueSpecification\",\"valueRequired\":true,\"valueName\":\"search_term_string\"}}],\"inLanguage\":\"pt-BR\"},{\"@type\":\"Organization\",\"@id\":\"https:\\\/\\\/redenoticiaz.com.br\\\/ribeiraopreto-regiao\\\/#organization\",\"name\":\"Ribeir\u00e3o Preto e Regi\u00e3o\",\"url\":\"https:\\\/\\\/redenoticiaz.com.br\\\/ribeiraopreto-regiao\\\/\",\"logo\":{\"@type\":\"ImageObject\",\"inLanguage\":\"pt-BR\",\"@id\":\"https:\\\/\\\/redenoticiaz.com.br\\\/ribeiraopreto-regiao\\\/#\\\/schema\\\/logo\\\/image\\\/\",\"url\":\"https:\\\/\\\/redenoticiaz.com.br\\\/barretos-regiao\\\/wp-content\\\/uploads\\\/sites\\\/4\\\/2022\\\/02\\\/logo.jpg\",\"contentUrl\":\"https:\\\/\\\/redenoticiaz.com.br\\\/barretos-regiao\\\/wp-content\\\/uploads\\\/sites\\\/4\\\/2022\\\/02\\\/logo.jpg\",\"width\":400,\"height\":250,\"caption\":\"Ribeir\u00e3o Preto e Regi\u00e3o\"},\"image\":{\"@id\":\"https:\\\/\\\/redenoticiaz.com.br\\\/ribeiraopreto-regiao\\\/#\\\/schema\\\/logo\\\/image\\\/\"},\"sameAs\":[\"https:\\\/\\\/m.facebook.com\\\/redenoticiaz.barretos\",\"https:\\\/\\\/x.com\\\/RN_barretos\",\"https:\\\/\\\/www.instagram.com\\\/redenoticiaz.barretos\\\/?igshid=YmMyMTA2M2Y\",\"https:\\\/\\\/www.linkedin.com\\\/company\\\/rede-noticiaz-barretos-e-regio\\\/\"]},{\"@type\":\"Person\",\"@id\":\"https:\\\/\\\/redenoticiaz.com.br\\\/ribeiraopreto-regiao\\\/#\\\/schema\\\/person\\\/e1b0bd8c2637e2c1b6ddcbc2c33b116f\",\"name\":\"Patr\u00edcia Prado\",\"image\":{\"@type\":\"ImageObject\",\"inLanguage\":\"pt-BR\",\"@id\":\"https:\\\/\\\/secure.gravatar.com\\\/avatar\\\/92e358bef22cfcec15e054ae4d9fee04dadf0c772dc4a17b382b8a34a15354c2?s=96&d=mm&r=g\",\"url\":\"https:\\\/\\\/secure.gravatar.com\\\/avatar\\\/92e358bef22cfcec15e054ae4d9fee04dadf0c772dc4a17b382b8a34a15354c2?s=96&d=mm&r=g\",\"contentUrl\":\"https:\\\/\\\/secure.gravatar.com\\\/avatar\\\/92e358bef22cfcec15e054ae4d9fee04dadf0c772dc4a17b382b8a34a15354c2?s=96&d=mm&r=g\",\"caption\":\"Patr\u00edcia Prado\"},\"url\":\"https:\\\/\\\/redenoticiaz.com.br\\\/ribeiraopreto-regiao\\\/sp\\\/author\\\/patricia-prado\"}]}<\/script>\n<!-- \/ Yoast SEO plugin. -->","yoast_head_json":{"title":"Brasil registra super\u00e1vit de US$ 7,4 bilh\u00f5es na balan\u00e7a comercial em agosto - Ribeir\u00e3o Preto e Regi\u00e3o","robots":{"index":"index","follow":"follow","max-snippet":"max-snippet:-1","max-image-preview":"max-image-preview:large","max-video-preview":"max-video-preview:-1"},"canonical":"https:\/\/redenoticiaz.com.br\/ribeiraopreto-regiao\/sp\/2026\/09\/04\/brasil-registra-superavit-de-us-74-bilhoes-na-balanca-comercial-em-agosto","og_locale":"pt_BR","og_type":"article","og_title":"Brasil registra super\u00e1vit de US$ 7,4 bilh\u00f5es na balan\u00e7a comercial em agosto - Ribeir\u00e3o Preto e Regi\u00e3o","og_description":"A balan\u00e7a comercial brasileira apresentou um super\u00e1vit de US$ 7,4 bilh\u00f5es em agosto, um aumento de 23,8% em compara\u00e7\u00e3o ao mesmo m\u00eas de 2025. Este resultado representa o terceiro maior super\u00e1vit j\u00e1 registrado para meses de agosto, atr\u00e1s apenas dos valores de agosto de 2023, que foi de US$ 9,6 bilh\u00f5es, e de 2021, que &hellip;","og_url":"https:\/\/redenoticiaz.com.br\/ribeiraopreto-regiao\/sp\/2026\/09\/04\/brasil-registra-superavit-de-us-74-bilhoes-na-balanca-comercial-em-agosto","og_site_name":"Ribeir\u00e3o Preto e Regi\u00e3o","article_publisher":"https:\/\/m.facebook.com\/redenoticiaz.barretos","article_published_time":"2026-09-04T20:26:54+00:00","og_image":[{"width":400,"height":250,"url":"https:\/\/redenoticiaz.com.br\/ribeiraopreto-regiao\/wp-content\/uploads\/sites\/4\/2022\/02\/logo.jpg","type":"image\/jpeg"}],"author":"Patr\u00edcia Prado","twitter_card":"summary_large_image","twitter_creator":"@RN_barretos","twitter_site":"@RN_barretos","twitter_misc":{"Escrito por":"Patr\u00edcia Prado","Est. tempo de leitura":"3 minutos"},"schema":{"@context":"https:\/\/schema.org","@graph":[{"@type":"Article","@id":"https:\/\/redenoticiaz.com.br\/ribeiraopreto-regiao\/sp\/2026\/09\/04\/brasil-registra-superavit-de-us-74-bilhoes-na-balanca-comercial-em-agosto#article","isPartOf":{"@id":"https:\/\/redenoticiaz.com.br\/ribeiraopreto-regiao\/sp\/2026\/09\/04\/brasil-registra-superavit-de-us-74-bilhoes-na-balanca-comercial-em-agosto"},"author":{"name":"Patr\u00edcia Prado","@id":"https:\/\/redenoticiaz.com.br\/ribeiraopreto-regiao\/#\/schema\/person\/e1b0bd8c2637e2c1b6ddcbc2c33b116f"},"headline":"Brasil registra super\u00e1vit de US$ 7,4 bilh\u00f5es na balan\u00e7a comercial em agosto","datePublished":"2026-09-04T20:26:54+00:00","mainEntityOfPage":{"@id":"https:\/\/redenoticiaz.com.br\/ribeiraopreto-regiao\/sp\/2026\/09\/04\/brasil-registra-superavit-de-us-74-bilhoes-na-balanca-comercial-em-agosto"},"wordCount":650,"commentCount":0,"publisher":{"@id":"https:\/\/redenoticiaz.com.br\/ribeiraopreto-regiao\/#organization"},"image":{"@id":"https:\/\/redenoticiaz.com.br\/ribeiraopreto-regiao\/sp\/2026\/09\/04\/brasil-registra-superavit-de-us-74-bilhoes-na-balanca-comercial-em-agosto#primaryimage"},"thumbnailUrl":"https:\/\/redenoticiaz.com.br\/ribeiraopreto-regiao\/wp-content\/uploads\/sites\/4\/2026\/09\/24012014-porto_do_rio_10_0.jpg","articleSection":["Agricultura","Economia","Mundo"],"inLanguage":"pt-BR","potentialAction":[{"@type":"CommentAction","name":"Comment","target":["https:\/\/redenoticiaz.com.br\/ribeiraopreto-regiao\/sp\/2026\/09\/04\/brasil-registra-superavit-de-us-74-bilhoes-na-balanca-comercial-em-agosto#respond"]}]},{"@type":"WebPage","@id":"https:\/\/redenoticiaz.com.br\/ribeiraopreto-regiao\/sp\/2026\/09\/04\/brasil-registra-superavit-de-us-74-bilhoes-na-balanca-comercial-em-agosto","url":"https:\/\/redenoticiaz.com.br\/ribeiraopreto-regiao\/sp\/2026\/09\/04\/brasil-registra-superavit-de-us-74-bilhoes-na-balanca-comercial-em-agosto","name":"Brasil registra super\u00e1vit de US$ 7,4 bilh\u00f5es na balan\u00e7a comercial em agosto - Ribeir\u00e3o Preto e Regi\u00e3o","isPartOf":{"@id":"https:\/\/redenoticiaz.com.br\/ribeiraopreto-regiao\/#website"},"primaryImageOfPage":{"@id":"https:\/\/redenoticiaz.com.br\/ribeiraopreto-regiao\/sp\/2026\/09\/04\/brasil-registra-superavit-de-us-74-bilhoes-na-balanca-comercial-em-agosto#primaryimage"},"image":{"@id":"https:\/\/redenoticiaz.com.br\/ribeiraopreto-regiao\/sp\/2026\/09\/04\/brasil-registra-superavit-de-us-74-bilhoes-na-balanca-comercial-em-agosto#primaryimage"},"thumbnailUrl":"https:\/\/redenoticiaz.com.br\/ribeiraopreto-regiao\/wp-content\/uploads\/sites\/4\/2026\/09\/24012014-porto_do_rio_10_0.jpg","datePublished":"2026-09-04T20:26:54+00:00","inLanguage":"pt-BR","potentialAction":[{"@type":"ReadAction","target":["https:\/\/redenoticiaz.com.br\/ribeiraopreto-regiao\/sp\/2026\/09\/04\/brasil-registra-superavit-de-us-74-bilhoes-na-balanca-comercial-em-agosto"]}]},{"@type":"ImageObject","inLanguage":"pt-BR","@id":"https:\/\/redenoticiaz.com.br\/ribeiraopreto-regiao\/sp\/2026\/09\/04\/brasil-registra-superavit-de-us-74-bilhoes-na-balanca-comercial-em-agosto#primaryimage","url":"https:\/\/redenoticiaz.com.br\/ribeiraopreto-regiao\/wp-content\/uploads\/sites\/4\/2026\/09\/24012014-porto_do_rio_10_0.jpg","contentUrl":"https:\/\/redenoticiaz.com.br\/ribeiraopreto-regiao\/wp-content\/uploads\/sites\/4\/2026\/09\/24012014-porto_do_rio_10_0.jpg","width":1600,"height":800},{"@type":"WebSite","@id":"https:\/\/redenoticiaz.com.br\/ribeiraopreto-regiao\/#website","url":"https:\/\/redenoticiaz.com.br\/ribeiraopreto-regiao\/","name":"Ribeir\u00e3o Preto e Regi\u00e3o","description":"Rede NoticiaZ - Ribeir\u00e3o Preto e regi\u00e3o","publisher":{"@id":"https:\/\/redenoticiaz.com.br\/ribeiraopreto-regiao\/#organization"},"potentialAction":[{"@type":"SearchAction","target":{"@type":"EntryPoint","urlTemplate":"https:\/\/redenoticiaz.com.br\/ribeiraopreto-regiao\/?s={search_term_string}"},"query-input":{"@type":"PropertyValueSpecification","valueRequired":true,"valueName":"search_term_string"}}],"inLanguage":"pt-BR"},{"@type":"Organization","@id":"https:\/\/redenoticiaz.com.br\/ribeiraopreto-regiao\/#organization","name":"Ribeir\u00e3o Preto e Regi\u00e3o","url":"https:\/\/redenoticiaz.com.br\/ribeiraopreto-regiao\/","logo":{"@type":"ImageObject","inLanguage":"pt-BR","@id":"https:\/\/redenoticiaz.com.br\/ribeiraopreto-regiao\/#\/schema\/logo\/image\/","url":"https:\/\/redenoticiaz.com.br\/barretos-regiao\/wp-content\/uploads\/sites\/4\/2022\/02\/logo.jpg","contentUrl":"https:\/\/redenoticiaz.com.br\/barretos-regiao\/wp-content\/uploads\/sites\/4\/2022\/02\/logo.jpg","width":400,"height":250,"caption":"Ribeir\u00e3o Preto e Regi\u00e3o"},"image":{"@id":"https:\/\/redenoticiaz.com.br\/ribeiraopreto-regiao\/#\/schema\/logo\/image\/"},"sameAs":["https:\/\/m.facebook.com\/redenoticiaz.barretos","https:\/\/x.com\/RN_barretos","https:\/\/www.instagram.com\/redenoticiaz.barretos\/?igshid=YmMyMTA2M2Y","https:\/\/www.linkedin.com\/company\/rede-noticiaz-barretos-e-regio\/"]},{"@type":"Person","@id":"https:\/\/redenoticiaz.com.br\/ribeiraopreto-regiao\/#\/schema\/person\/e1b0bd8c2637e2c1b6ddcbc2c33b116f","name":"Patr\u00edcia Prado","image":{"@type":"ImageObject","inLanguage":"pt-BR","@id":"https:\/\/secure.gravatar.com\/avatar\/92e358bef22cfcec15e054ae4d9fee04dadf0c772dc4a17b382b8a34a15354c2?s=96&d=mm&r=g","url":"https:\/\/secure.gravatar.com\/avatar\/92e358bef22cfcec15e054ae4d9fee04dadf0c772dc4a17b382b8a34a15354c2?s=96&d=mm&r=g","contentUrl":"https:\/\/secure.gravatar.com\/avatar\/92e358bef22cfcec15e054ae4d9fee04dadf0c772dc4a17b382b8a34a15354c2?s=96&d=mm&r=g","caption":"Patr\u00edcia Prado"},"url":"https:\/\/redenoticiaz.com.br\/ribeiraopreto-regiao\/sp\/author\/patricia-prado"}]}},"_links":{"self":[{"href":"https:\/\/redenoticiaz.com.br\/ribeiraopreto-regiao\/wp-json\/wp\/v2\/posts\/123274","targetHints":{"allow":["GET"]}}],"collection":[{"href":"https:\/\/redenoticiaz.com.br\/ribeiraopreto-regiao\/wp-json\/wp\/v2\/posts"}],"about":[{"href":"https:\/\/redenoticiaz.com.br\/ribeiraopreto-regiao\/wp-json\/wp\/v2\/types\/post"}],"author":[{"embeddable":true,"href":"https:\/\/redenoticiaz.com.br\/ribeiraopreto-regiao\/wp-json\/wp\/v2\/users\/5"}],"replies":[{"embeddable":true,"href":"https:\/\/redenoticiaz.com.br\/ribeiraopreto-regiao\/wp-json\/wp\/v2\/comments?post=123274"}],"version-history":[{"count":0,"href":"https:\/\/redenoticiaz.com.br\/ribeiraopreto-regiao\/wp-json\/wp\/v2\/posts\/123274\/revisions"}],"wp:featuredmedia":[{"embeddable":true,"href":"https:\/\/redenoticiaz.com.br\/ribeiraopreto-regiao\/wp-json\/wp\/v2\/media\/123275"}],"wp:attachment":[{"href":"https:\/\/redenoticiaz.com.br\/ribeiraopreto-regiao\/wp-json\/wp\/v2\/media?parent=123274"}],"wp:term":[{"taxonomy":"category","embeddable":true,"href":"https:\/\/redenoticiaz.com.br\/ribeiraopreto-regiao\/wp-json\/wp\/v2\/categories?post=123274"},{"taxonomy":"post_tag","embeddable":true,"href":"https:\/\/redenoticiaz.com.br\/ribeiraopreto-regiao\/wp-json\/wp\/v2\/tags?post=123274"}],"curies":[{"name":"wp","href":"https:\/\/api.w.org\/{rel}","templated":true}]}}