{"id":123296,"date":"2026-09-04T22:07:03","date_gmt":"2026-09-05T01:07:03","guid":{"rendered":"https:\/\/redenoticiaz.com.br\/ribeiraopreto-regiao\/sp\/2026\/09\/04\/cmn-amplia-oportunidades-de-renegociacao-de-dividas-rurais-por-clima"},"modified":"2026-09-04T22:07:03","modified_gmt":"2026-09-05T01:07:03","slug":"cmn-amplia-oportunidades-de-renegociacao-de-dividas-rurais-por-clima","status":"publish","type":"post","link":"https:\/\/redenoticiaz.com.br\/ribeiraopreto-regiao\/sp\/2026\/09\/04\/cmn-amplia-oportunidades-de-renegociacao-de-dividas-rurais-por-clima","title":{"rendered":"CMN amplia oportunidades de renegocia\u00e7\u00e3o de d\u00edvidas rurais por clima"},"content":{"rendered":"<p>Produtores rurais afetados por eventos clim\u00e1ticos e outras condi\u00e7\u00f5es excepcionais t\u00eam agora um novo incentivo para renegociar suas d\u00edvidas. O Conselho Monet\u00e1rio Nacional (CMN) aprovou, em reuni\u00e3o extraordin\u00e1ria nesta sexta-feira (4), uma medida que amplia as op\u00e7\u00f5es de refinanciamento para agricultores, pecuaristas e cooperativas agropecu\u00e1rias que enfrentam dificuldades financeiras.<\/p>\n<p>A nova resolu\u00e7\u00e3o permite a composi\u00e7\u00e3o de d\u00edvidas que n\u00e3o se enquadraram nas regras da Resolu\u00e7\u00e3o CMN 5.330, aprovada em julho, devido a problemas operacionais ou prazos de formaliza\u00e7\u00e3o. A medida \u00e9 direcionada a produtores que atendiam aos crit\u00e9rios para a renegocia\u00e7\u00e3o, mas que perderam o prazo para concluir a opera\u00e7\u00e3o.<\/p>\n<p>Os tipos de d\u00edvidas que poder\u00e3o ser ajustadas incluem opera\u00e7\u00f5es prorrogadas que entraram em inadimpl\u00eancia ap\u00f3s 30 dias da renegocia\u00e7\u00e3o n\u00e3o formalizada, e aquelas com vencimento recente, renegociadas ou prorrogadas at\u00e9 31 de maio de 2026, cujo pagamento foi perdido entre 15 de agosto e a data de publica\u00e7\u00e3o da nova resolu\u00e7\u00e3o. Os produtores t\u00eam at\u00e9 12 de novembro para contratar a recomposi\u00e7\u00e3o da d\u00edvida.<\/p>\n<p>Al\u00e9m disso, o CMN autorizou institui\u00e7\u00f5es financeiras a oferecerem linhas de cr\u00e9dito com recursos livres para a recomposi\u00e7\u00e3o de d\u00edvidas rurais n\u00e3o cobertas pela Resolu\u00e7\u00e3o 5.330 ou quando os recursos destinados j\u00e1 tiverem sido utilizados. A contrata\u00e7\u00e3o dessas linhas de cr\u00e9dito ficar\u00e1 sujeita \u00e0 an\u00e1lise de cr\u00e9dito, com possibilidade de reavalia\u00e7\u00e3o das garantias.<\/p>\n<p>A resolu\u00e7\u00e3o tamb\u00e9m inclui um tratamento espec\u00edfico para opera\u00e7\u00f5es financiadas pelos Fundos Constitucionais de Financiamento do Norte (FNO), Nordeste (FNE) e Centro-Oeste (FCO), com uma classifica\u00e7\u00e3o de risco mais favor\u00e1vel para determinadas opera\u00e7\u00f5es renegociadas. Est\u00e3o contempladas as opera\u00e7\u00f5es do Programa Nacional de Fortalecimento da Agricultura Familiar (Pronaf), do Programa Nacional de Apoio ao M\u00e9dio Produtor Rural (Pronamp) e outras linhas de cr\u00e9dito rural.<\/p>\n<p>As opera\u00e7\u00f5es do primeiro grupo, relativas a custeio, comercializa\u00e7\u00e3o e industrializa\u00e7\u00e3o, poder\u00e3o ser renegociadas entre 1\u00ba de junho e 15 de julho de 2026, desde que estejam adimplentes no momento da nova contrata\u00e7\u00e3o. O segundo grupo inclui opera\u00e7\u00f5es inadimplentes desde 1\u00ba de janeiro de 2024, que continuam nessa situa\u00e7\u00e3o at\u00e9 15 de julho de 2026.<\/p>\n<p>A nova regra surgiu ap\u00f3s o CMN identificar, durante a regulamenta\u00e7\u00e3o da renegocia\u00e7\u00e3o de d\u00edvidas rurais, que havia opera\u00e7\u00f5es aptas a renegociar, mas sem acesso \u00e0s linhas de cr\u00e9dito devido a problemas de formaliza\u00e7\u00e3o e prazos. Essa medida regulamentou a Medida Provis\u00f3ria (MP) 1.376, editada em julho, que visa apoiar produtores e cooperativas afetados por dificuldades excepcionais, permitindo at\u00e9 dez anos para o pagamento e criando um fundo garantidor para facilitar o acesso ao financiamento rural a m\u00e9dio e longo prazo.<\/p>\n<p>Com essa decis\u00e3o, o CMN busca corrigir lacunas existentes e ampliar o alcance das medidas de apoio ao setor rural. O Conselho, que formula as diretrizes das pol\u00edticas monet\u00e1ria, credit\u00edcia e cambial do pa\u00eds, \u00e9 presidido pelo ministro da Fazenda, Dario Durigan, e conta tamb\u00e9m com a participa\u00e7\u00e3o do presidente do Banco Central, Gabriel Gal\u00edpolo, e do ministro do Planejamento e Or\u00e7amento, Bruno Moretti.<\/p>\n","protected":false},"excerpt":{"rendered":"<p>Produtores rurais afetados por eventos clim\u00e1ticos e outras condi\u00e7\u00f5es excepcionais t\u00eam agora um novo incentivo para renegociar suas d\u00edvidas. O Conselho Monet\u00e1rio Nacional (CMN) aprovou, em reuni\u00e3o extraordin\u00e1ria nesta sexta-feira (4), uma medida que amplia as op\u00e7\u00f5es de refinanciamento para agricultores, pecuaristas e cooperativas agropecu\u00e1rias que enfrentam dificuldades financeiras. A nova resolu\u00e7\u00e3o permite a composi\u00e7\u00e3o &hellip;<\/p>\n","protected":false},"author":5,"featured_media":123297,"comment_status":"open","ping_status":"closed","sticky":false,"template":"","format":"standard","meta":{"footnotes":""},"categories":[5267,101,186],"tags":[],"class_list":["post-123296","post","type-post","status-publish","format-standard","has-post-thumbnail","hentry","category-agricultura","category-economia","category-politica"],"yoast_head":"<!-- This site is optimized with the Yoast SEO plugin v28.4 - https:\/\/yoast.com\/product\/yoast-seo-wordpress\/ -->\n<title>CMN amplia oportunidades de renegocia\u00e7\u00e3o de d\u00edvidas rurais por clima - Ribeir\u00e3o Preto e Regi\u00e3o<\/title>\n<meta name=\"robots\" content=\"index, follow, max-snippet:-1, max-image-preview:large, max-video-preview:-1\" \/>\n<link rel=\"canonical\" href=\"https:\/\/redenoticiaz.com.br\/ribeiraopreto-regiao\/sp\/2026\/09\/04\/cmn-amplia-oportunidades-de-renegociacao-de-dividas-rurais-por-clima\" \/>\n<meta property=\"og:locale\" content=\"pt_BR\" \/>\n<meta property=\"og:type\" content=\"article\" \/>\n<meta property=\"og:title\" content=\"CMN amplia oportunidades de renegocia\u00e7\u00e3o de d\u00edvidas rurais por clima - Ribeir\u00e3o Preto e Regi\u00e3o\" \/>\n<meta property=\"og:description\" content=\"Produtores rurais afetados por eventos clim\u00e1ticos e outras condi\u00e7\u00f5es excepcionais t\u00eam agora um novo incentivo para renegociar suas d\u00edvidas. O Conselho Monet\u00e1rio Nacional (CMN) aprovou, em reuni\u00e3o extraordin\u00e1ria nesta sexta-feira (4), uma medida que amplia as op\u00e7\u00f5es de refinanciamento para agricultores, pecuaristas e cooperativas agropecu\u00e1rias que enfrentam dificuldades financeiras. A nova resolu\u00e7\u00e3o permite a composi\u00e7\u00e3o &hellip;\" \/>\n<meta property=\"og:url\" content=\"https:\/\/redenoticiaz.com.br\/ribeiraopreto-regiao\/sp\/2026\/09\/04\/cmn-amplia-oportunidades-de-renegociacao-de-dividas-rurais-por-clima\" \/>\n<meta property=\"og:site_name\" content=\"Ribeir\u00e3o Preto e Regi\u00e3o\" \/>\n<meta property=\"article:publisher\" content=\"https:\/\/m.facebook.com\/redenoticiaz.barretos\" \/>\n<meta property=\"article:published_time\" content=\"2026-09-05T01:07:03+00:00\" \/>\n<meta property=\"og:image\" content=\"https:\/\/redenoticiaz.com.br\/ribeiraopreto-regiao\/wp-content\/uploads\/sites\/4\/2022\/02\/logo.jpg\" \/>\n\t<meta property=\"og:image:width\" content=\"400\" \/>\n\t<meta property=\"og:image:height\" content=\"250\" \/>\n\t<meta property=\"og:image:type\" content=\"image\/jpeg\" \/>\n<meta name=\"author\" content=\"Patr\u00edcia Prado\" \/>\n<meta name=\"twitter:card\" content=\"summary_large_image\" \/>\n<meta name=\"twitter:creator\" content=\"@RN_barretos\" \/>\n<meta name=\"twitter:site\" content=\"@RN_barretos\" \/>\n<meta name=\"twitter:label1\" content=\"Escrito por\" \/>\n\t<meta name=\"twitter:data1\" content=\"Patr\u00edcia Prado\" \/>\n\t<meta name=\"twitter:label2\" content=\"Est. tempo de leitura\" \/>\n\t<meta name=\"twitter:data2\" content=\"3 minutos\" \/>\n<script type=\"application\/ld+json\" class=\"yoast-schema-graph\">{\"@context\":\"https:\\\/\\\/schema.org\",\"@graph\":[{\"@type\":\"Article\",\"@id\":\"https:\\\/\\\/redenoticiaz.com.br\\\/ribeiraopreto-regiao\\\/sp\\\/2026\\\/09\\\/04\\\/cmn-amplia-oportunidades-de-renegociacao-de-dividas-rurais-por-clima#article\",\"isPartOf\":{\"@id\":\"https:\\\/\\\/redenoticiaz.com.br\\\/ribeiraopreto-regiao\\\/sp\\\/2026\\\/09\\\/04\\\/cmn-amplia-oportunidades-de-renegociacao-de-dividas-rurais-por-clima\"},\"author\":{\"name\":\"Patr\u00edcia Prado\",\"@id\":\"https:\\\/\\\/redenoticiaz.com.br\\\/ribeiraopreto-regiao\\\/#\\\/schema\\\/person\\\/e1b0bd8c2637e2c1b6ddcbc2c33b116f\"},\"headline\":\"CMN amplia oportunidades de renegocia\u00e7\u00e3o de d\u00edvidas rurais por clima\",\"datePublished\":\"2026-09-05T01:07:03+00:00\",\"mainEntityOfPage\":{\"@id\":\"https:\\\/\\\/redenoticiaz.com.br\\\/ribeiraopreto-regiao\\\/sp\\\/2026\\\/09\\\/04\\\/cmn-amplia-oportunidades-de-renegociacao-de-dividas-rurais-por-clima\"},\"wordCount\":552,\"commentCount\":0,\"publisher\":{\"@id\":\"https:\\\/\\\/redenoticiaz.com.br\\\/ribeiraopreto-regiao\\\/#organization\"},\"image\":{\"@id\":\"https:\\\/\\\/redenoticiaz.com.br\\\/ribeiraopreto-regiao\\\/sp\\\/2026\\\/09\\\/04\\\/cmn-amplia-oportunidades-de-renegociacao-de-dividas-rurais-por-clima#primaryimage\"},\"thumbnailUrl\":\"https:\\\/\\\/redenoticiaz.com.br\\\/ribeiraopreto-regiao\\\/wp-content\\\/uploads\\\/sites\\\/4\\\/2026\\\/09\\\/50927545386_dc142e1f64_k.jpg\",\"articleSection\":[\"Agricultura\",\"Economia\",\"Pol\u00edtica\"],\"inLanguage\":\"pt-BR\",\"potentialAction\":[{\"@type\":\"CommentAction\",\"name\":\"Comment\",\"target\":[\"https:\\\/\\\/redenoticiaz.com.br\\\/ribeiraopreto-regiao\\\/sp\\\/2026\\\/09\\\/04\\\/cmn-amplia-oportunidades-de-renegociacao-de-dividas-rurais-por-clima#respond\"]}]},{\"@type\":\"WebPage\",\"@id\":\"https:\\\/\\\/redenoticiaz.com.br\\\/ribeiraopreto-regiao\\\/sp\\\/2026\\\/09\\\/04\\\/cmn-amplia-oportunidades-de-renegociacao-de-dividas-rurais-por-clima\",\"url\":\"https:\\\/\\\/redenoticiaz.com.br\\\/ribeiraopreto-regiao\\\/sp\\\/2026\\\/09\\\/04\\\/cmn-amplia-oportunidades-de-renegociacao-de-dividas-rurais-por-clima\",\"name\":\"CMN amplia oportunidades de renegocia\u00e7\u00e3o de d\u00edvidas rurais por clima - Ribeir\u00e3o Preto e Regi\u00e3o\",\"isPartOf\":{\"@id\":\"https:\\\/\\\/redenoticiaz.com.br\\\/ribeiraopreto-regiao\\\/#website\"},\"primaryImageOfPage\":{\"@id\":\"https:\\\/\\\/redenoticiaz.com.br\\\/ribeiraopreto-regiao\\\/sp\\\/2026\\\/09\\\/04\\\/cmn-amplia-oportunidades-de-renegociacao-de-dividas-rurais-por-clima#primaryimage\"},\"image\":{\"@id\":\"https:\\\/\\\/redenoticiaz.com.br\\\/ribeiraopreto-regiao\\\/sp\\\/2026\\\/09\\\/04\\\/cmn-amplia-oportunidades-de-renegociacao-de-dividas-rurais-por-clima#primaryimage\"},\"thumbnailUrl\":\"https:\\\/\\\/redenoticiaz.com.br\\\/ribeiraopreto-regiao\\\/wp-content\\\/uploads\\\/sites\\\/4\\\/2026\\\/09\\\/50927545386_dc142e1f64_k.jpg\",\"datePublished\":\"2026-09-05T01:07:03+00:00\",\"inLanguage\":\"pt-BR\",\"potentialAction\":[{\"@type\":\"ReadAction\",\"target\":[\"https:\\\/\\\/redenoticiaz.com.br\\\/ribeiraopreto-regiao\\\/sp\\\/2026\\\/09\\\/04\\\/cmn-amplia-oportunidades-de-renegociacao-de-dividas-rurais-por-clima\"]}]},{\"@type\":\"ImageObject\",\"inLanguage\":\"pt-BR\",\"@id\":\"https:\\\/\\\/redenoticiaz.com.br\\\/ribeiraopreto-regiao\\\/sp\\\/2026\\\/09\\\/04\\\/cmn-amplia-oportunidades-de-renegociacao-de-dividas-rurais-por-clima#primaryimage\",\"url\":\"https:\\\/\\\/redenoticiaz.com.br\\\/ribeiraopreto-regiao\\\/wp-content\\\/uploads\\\/sites\\\/4\\\/2026\\\/09\\\/50927545386_dc142e1f64_k.jpg\",\"contentUrl\":\"https:\\\/\\\/redenoticiaz.com.br\\\/ribeiraopreto-regiao\\\/wp-content\\\/uploads\\\/sites\\\/4\\\/2026\\\/09\\\/50927545386_dc142e1f64_k.jpg\",\"width\":1600,\"height\":800},{\"@type\":\"WebSite\",\"@id\":\"https:\\\/\\\/redenoticiaz.com.br\\\/ribeiraopreto-regiao\\\/#website\",\"url\":\"https:\\\/\\\/redenoticiaz.com.br\\\/ribeiraopreto-regiao\\\/\",\"name\":\"Ribeir\u00e3o Preto e Regi\u00e3o\",\"description\":\"Rede NoticiaZ - Ribeir\u00e3o Preto e regi\u00e3o\",\"publisher\":{\"@id\":\"https:\\\/\\\/redenoticiaz.com.br\\\/ribeiraopreto-regiao\\\/#organization\"},\"potentialAction\":[{\"@type\":\"SearchAction\",\"target\":{\"@type\":\"EntryPoint\",\"urlTemplate\":\"https:\\\/\\\/redenoticiaz.com.br\\\/ribeiraopreto-regiao\\\/?s={search_term_string}\"},\"query-input\":{\"@type\":\"PropertyValueSpecification\",\"valueRequired\":true,\"valueName\":\"search_term_string\"}}],\"inLanguage\":\"pt-BR\"},{\"@type\":\"Organization\",\"@id\":\"https:\\\/\\\/redenoticiaz.com.br\\\/ribeiraopreto-regiao\\\/#organization\",\"name\":\"Ribeir\u00e3o Preto e Regi\u00e3o\",\"url\":\"https:\\\/\\\/redenoticiaz.com.br\\\/ribeiraopreto-regiao\\\/\",\"logo\":{\"@type\":\"ImageObject\",\"inLanguage\":\"pt-BR\",\"@id\":\"https:\\\/\\\/redenoticiaz.com.br\\\/ribeiraopreto-regiao\\\/#\\\/schema\\\/logo\\\/image\\\/\",\"url\":\"https:\\\/\\\/redenoticiaz.com.br\\\/barretos-regiao\\\/wp-content\\\/uploads\\\/sites\\\/4\\\/2022\\\/02\\\/logo.jpg\",\"contentUrl\":\"https:\\\/\\\/redenoticiaz.com.br\\\/barretos-regiao\\\/wp-content\\\/uploads\\\/sites\\\/4\\\/2022\\\/02\\\/logo.jpg\",\"width\":400,\"height\":250,\"caption\":\"Ribeir\u00e3o Preto e Regi\u00e3o\"},\"image\":{\"@id\":\"https:\\\/\\\/redenoticiaz.com.br\\\/ribeiraopreto-regiao\\\/#\\\/schema\\\/logo\\\/image\\\/\"},\"sameAs\":[\"https:\\\/\\\/m.facebook.com\\\/redenoticiaz.barretos\",\"https:\\\/\\\/x.com\\\/RN_barretos\",\"https:\\\/\\\/www.instagram.com\\\/redenoticiaz.barretos\\\/?igshid=YmMyMTA2M2Y\",\"https:\\\/\\\/www.linkedin.com\\\/company\\\/rede-noticiaz-barretos-e-regio\\\/\"]},{\"@type\":\"Person\",\"@id\":\"https:\\\/\\\/redenoticiaz.com.br\\\/ribeiraopreto-regiao\\\/#\\\/schema\\\/person\\\/e1b0bd8c2637e2c1b6ddcbc2c33b116f\",\"name\":\"Patr\u00edcia Prado\",\"image\":{\"@type\":\"ImageObject\",\"inLanguage\":\"pt-BR\",\"@id\":\"https:\\\/\\\/secure.gravatar.com\\\/avatar\\\/92e358bef22cfcec15e054ae4d9fee04dadf0c772dc4a17b382b8a34a15354c2?s=96&d=mm&r=g\",\"url\":\"https:\\\/\\\/secure.gravatar.com\\\/avatar\\\/92e358bef22cfcec15e054ae4d9fee04dadf0c772dc4a17b382b8a34a15354c2?s=96&d=mm&r=g\",\"contentUrl\":\"https:\\\/\\\/secure.gravatar.com\\\/avatar\\\/92e358bef22cfcec15e054ae4d9fee04dadf0c772dc4a17b382b8a34a15354c2?s=96&d=mm&r=g\",\"caption\":\"Patr\u00edcia Prado\"},\"url\":\"https:\\\/\\\/redenoticiaz.com.br\\\/ribeiraopreto-regiao\\\/sp\\\/author\\\/patricia-prado\"}]}<\/script>\n<!-- \/ Yoast SEO plugin. -->","yoast_head_json":{"title":"CMN amplia oportunidades de renegocia\u00e7\u00e3o de d\u00edvidas rurais por clima - Ribeir\u00e3o Preto e Regi\u00e3o","robots":{"index":"index","follow":"follow","max-snippet":"max-snippet:-1","max-image-preview":"max-image-preview:large","max-video-preview":"max-video-preview:-1"},"canonical":"https:\/\/redenoticiaz.com.br\/ribeiraopreto-regiao\/sp\/2026\/09\/04\/cmn-amplia-oportunidades-de-renegociacao-de-dividas-rurais-por-clima","og_locale":"pt_BR","og_type":"article","og_title":"CMN amplia oportunidades de renegocia\u00e7\u00e3o de d\u00edvidas rurais por clima - Ribeir\u00e3o Preto e Regi\u00e3o","og_description":"Produtores rurais afetados por eventos clim\u00e1ticos e outras condi\u00e7\u00f5es excepcionais t\u00eam agora um novo incentivo para renegociar suas d\u00edvidas. O Conselho Monet\u00e1rio Nacional (CMN) aprovou, em reuni\u00e3o extraordin\u00e1ria nesta sexta-feira (4), uma medida que amplia as op\u00e7\u00f5es de refinanciamento para agricultores, pecuaristas e cooperativas agropecu\u00e1rias que enfrentam dificuldades financeiras. A nova resolu\u00e7\u00e3o permite a composi\u00e7\u00e3o &hellip;","og_url":"https:\/\/redenoticiaz.com.br\/ribeiraopreto-regiao\/sp\/2026\/09\/04\/cmn-amplia-oportunidades-de-renegociacao-de-dividas-rurais-por-clima","og_site_name":"Ribeir\u00e3o Preto e Regi\u00e3o","article_publisher":"https:\/\/m.facebook.com\/redenoticiaz.barretos","article_published_time":"2026-09-05T01:07:03+00:00","og_image":[{"width":400,"height":250,"url":"https:\/\/redenoticiaz.com.br\/ribeiraopreto-regiao\/wp-content\/uploads\/sites\/4\/2022\/02\/logo.jpg","type":"image\/jpeg"}],"author":"Patr\u00edcia Prado","twitter_card":"summary_large_image","twitter_creator":"@RN_barretos","twitter_site":"@RN_barretos","twitter_misc":{"Escrito por":"Patr\u00edcia Prado","Est. tempo de leitura":"3 minutos"},"schema":{"@context":"https:\/\/schema.org","@graph":[{"@type":"Article","@id":"https:\/\/redenoticiaz.com.br\/ribeiraopreto-regiao\/sp\/2026\/09\/04\/cmn-amplia-oportunidades-de-renegociacao-de-dividas-rurais-por-clima#article","isPartOf":{"@id":"https:\/\/redenoticiaz.com.br\/ribeiraopreto-regiao\/sp\/2026\/09\/04\/cmn-amplia-oportunidades-de-renegociacao-de-dividas-rurais-por-clima"},"author":{"name":"Patr\u00edcia Prado","@id":"https:\/\/redenoticiaz.com.br\/ribeiraopreto-regiao\/#\/schema\/person\/e1b0bd8c2637e2c1b6ddcbc2c33b116f"},"headline":"CMN amplia oportunidades de renegocia\u00e7\u00e3o de d\u00edvidas rurais por clima","datePublished":"2026-09-05T01:07:03+00:00","mainEntityOfPage":{"@id":"https:\/\/redenoticiaz.com.br\/ribeiraopreto-regiao\/sp\/2026\/09\/04\/cmn-amplia-oportunidades-de-renegociacao-de-dividas-rurais-por-clima"},"wordCount":552,"commentCount":0,"publisher":{"@id":"https:\/\/redenoticiaz.com.br\/ribeiraopreto-regiao\/#organization"},"image":{"@id":"https:\/\/redenoticiaz.com.br\/ribeiraopreto-regiao\/sp\/2026\/09\/04\/cmn-amplia-oportunidades-de-renegociacao-de-dividas-rurais-por-clima#primaryimage"},"thumbnailUrl":"https:\/\/redenoticiaz.com.br\/ribeiraopreto-regiao\/wp-content\/uploads\/sites\/4\/2026\/09\/50927545386_dc142e1f64_k.jpg","articleSection":["Agricultura","Economia","Pol\u00edtica"],"inLanguage":"pt-BR","potentialAction":[{"@type":"CommentAction","name":"Comment","target":["https:\/\/redenoticiaz.com.br\/ribeiraopreto-regiao\/sp\/2026\/09\/04\/cmn-amplia-oportunidades-de-renegociacao-de-dividas-rurais-por-clima#respond"]}]},{"@type":"WebPage","@id":"https:\/\/redenoticiaz.com.br\/ribeiraopreto-regiao\/sp\/2026\/09\/04\/cmn-amplia-oportunidades-de-renegociacao-de-dividas-rurais-por-clima","url":"https:\/\/redenoticiaz.com.br\/ribeiraopreto-regiao\/sp\/2026\/09\/04\/cmn-amplia-oportunidades-de-renegociacao-de-dividas-rurais-por-clima","name":"CMN amplia oportunidades de renegocia\u00e7\u00e3o de d\u00edvidas rurais por clima - Ribeir\u00e3o Preto e Regi\u00e3o","isPartOf":{"@id":"https:\/\/redenoticiaz.com.br\/ribeiraopreto-regiao\/#website"},"primaryImageOfPage":{"@id":"https:\/\/redenoticiaz.com.br\/ribeiraopreto-regiao\/sp\/2026\/09\/04\/cmn-amplia-oportunidades-de-renegociacao-de-dividas-rurais-por-clima#primaryimage"},"image":{"@id":"https:\/\/redenoticiaz.com.br\/ribeiraopreto-regiao\/sp\/2026\/09\/04\/cmn-amplia-oportunidades-de-renegociacao-de-dividas-rurais-por-clima#primaryimage"},"thumbnailUrl":"https:\/\/redenoticiaz.com.br\/ribeiraopreto-regiao\/wp-content\/uploads\/sites\/4\/2026\/09\/50927545386_dc142e1f64_k.jpg","datePublished":"2026-09-05T01:07:03+00:00","inLanguage":"pt-BR","potentialAction":[{"@type":"ReadAction","target":["https:\/\/redenoticiaz.com.br\/ribeiraopreto-regiao\/sp\/2026\/09\/04\/cmn-amplia-oportunidades-de-renegociacao-de-dividas-rurais-por-clima"]}]},{"@type":"ImageObject","inLanguage":"pt-BR","@id":"https:\/\/redenoticiaz.com.br\/ribeiraopreto-regiao\/sp\/2026\/09\/04\/cmn-amplia-oportunidades-de-renegociacao-de-dividas-rurais-por-clima#primaryimage","url":"https:\/\/redenoticiaz.com.br\/ribeiraopreto-regiao\/wp-content\/uploads\/sites\/4\/2026\/09\/50927545386_dc142e1f64_k.jpg","contentUrl":"https:\/\/redenoticiaz.com.br\/ribeiraopreto-regiao\/wp-content\/uploads\/sites\/4\/2026\/09\/50927545386_dc142e1f64_k.jpg","width":1600,"height":800},{"@type":"WebSite","@id":"https:\/\/redenoticiaz.com.br\/ribeiraopreto-regiao\/#website","url":"https:\/\/redenoticiaz.com.br\/ribeiraopreto-regiao\/","name":"Ribeir\u00e3o Preto e Regi\u00e3o","description":"Rede NoticiaZ - Ribeir\u00e3o Preto e regi\u00e3o","publisher":{"@id":"https:\/\/redenoticiaz.com.br\/ribeiraopreto-regiao\/#organization"},"potentialAction":[{"@type":"SearchAction","target":{"@type":"EntryPoint","urlTemplate":"https:\/\/redenoticiaz.com.br\/ribeiraopreto-regiao\/?s={search_term_string}"},"query-input":{"@type":"PropertyValueSpecification","valueRequired":true,"valueName":"search_term_string"}}],"inLanguage":"pt-BR"},{"@type":"Organization","@id":"https:\/\/redenoticiaz.com.br\/ribeiraopreto-regiao\/#organization","name":"Ribeir\u00e3o Preto e Regi\u00e3o","url":"https:\/\/redenoticiaz.com.br\/ribeiraopreto-regiao\/","logo":{"@type":"ImageObject","inLanguage":"pt-BR","@id":"https:\/\/redenoticiaz.com.br\/ribeiraopreto-regiao\/#\/schema\/logo\/image\/","url":"https:\/\/redenoticiaz.com.br\/barretos-regiao\/wp-content\/uploads\/sites\/4\/2022\/02\/logo.jpg","contentUrl":"https:\/\/redenoticiaz.com.br\/barretos-regiao\/wp-content\/uploads\/sites\/4\/2022\/02\/logo.jpg","width":400,"height":250,"caption":"Ribeir\u00e3o Preto e Regi\u00e3o"},"image":{"@id":"https:\/\/redenoticiaz.com.br\/ribeiraopreto-regiao\/#\/schema\/logo\/image\/"},"sameAs":["https:\/\/m.facebook.com\/redenoticiaz.barretos","https:\/\/x.com\/RN_barretos","https:\/\/www.instagram.com\/redenoticiaz.barretos\/?igshid=YmMyMTA2M2Y","https:\/\/www.linkedin.com\/company\/rede-noticiaz-barretos-e-regio\/"]},{"@type":"Person","@id":"https:\/\/redenoticiaz.com.br\/ribeiraopreto-regiao\/#\/schema\/person\/e1b0bd8c2637e2c1b6ddcbc2c33b116f","name":"Patr\u00edcia Prado","image":{"@type":"ImageObject","inLanguage":"pt-BR","@id":"https:\/\/secure.gravatar.com\/avatar\/92e358bef22cfcec15e054ae4d9fee04dadf0c772dc4a17b382b8a34a15354c2?s=96&d=mm&r=g","url":"https:\/\/secure.gravatar.com\/avatar\/92e358bef22cfcec15e054ae4d9fee04dadf0c772dc4a17b382b8a34a15354c2?s=96&d=mm&r=g","contentUrl":"https:\/\/secure.gravatar.com\/avatar\/92e358bef22cfcec15e054ae4d9fee04dadf0c772dc4a17b382b8a34a15354c2?s=96&d=mm&r=g","caption":"Patr\u00edcia Prado"},"url":"https:\/\/redenoticiaz.com.br\/ribeiraopreto-regiao\/sp\/author\/patricia-prado"}]}},"_links":{"self":[{"href":"https:\/\/redenoticiaz.com.br\/ribeiraopreto-regiao\/wp-json\/wp\/v2\/posts\/123296","targetHints":{"allow":["GET"]}}],"collection":[{"href":"https:\/\/redenoticiaz.com.br\/ribeiraopreto-regiao\/wp-json\/wp\/v2\/posts"}],"about":[{"href":"https:\/\/redenoticiaz.com.br\/ribeiraopreto-regiao\/wp-json\/wp\/v2\/types\/post"}],"author":[{"embeddable":true,"href":"https:\/\/redenoticiaz.com.br\/ribeiraopreto-regiao\/wp-json\/wp\/v2\/users\/5"}],"replies":[{"embeddable":true,"href":"https:\/\/redenoticiaz.com.br\/ribeiraopreto-regiao\/wp-json\/wp\/v2\/comments?post=123296"}],"version-history":[{"count":0,"href":"https:\/\/redenoticiaz.com.br\/ribeiraopreto-regiao\/wp-json\/wp\/v2\/posts\/123296\/revisions"}],"wp:featuredmedia":[{"embeddable":true,"href":"https:\/\/redenoticiaz.com.br\/ribeiraopreto-regiao\/wp-json\/wp\/v2\/media\/123297"}],"wp:attachment":[{"href":"https:\/\/redenoticiaz.com.br\/ribeiraopreto-regiao\/wp-json\/wp\/v2\/media?parent=123296"}],"wp:term":[{"taxonomy":"category","embeddable":true,"href":"https:\/\/redenoticiaz.com.br\/ribeiraopreto-regiao\/wp-json\/wp\/v2\/categories?post=123296"},{"taxonomy":"post_tag","embeddable":true,"href":"https:\/\/redenoticiaz.com.br\/ribeiraopreto-regiao\/wp-json\/wp\/v2\/tags?post=123296"}],"curies":[{"name":"wp","href":"https:\/\/api.w.org\/{rel}","templated":true}]}}