{"id":123298,"date":"2026-09-04T22:38:27","date_gmt":"2026-09-05T01:38:27","guid":{"rendered":"https:\/\/redenoticiaz.com.br\/ribeiraopreto-regiao\/sp\/2026\/09\/04\/exportacoes-brasileiras-para-os-eua-crescem-121-em-agosto-despite-tarifas"},"modified":"2026-09-04T22:38:27","modified_gmt":"2026-09-05T01:38:27","slug":"exportacoes-brasileiras-para-os-eua-crescem-121-em-agosto-despite-tarifas","status":"publish","type":"post","link":"https:\/\/redenoticiaz.com.br\/ribeiraopreto-regiao\/sp\/2026\/09\/04\/exportacoes-brasileiras-para-os-eua-crescem-121-em-agosto-despite-tarifas","title":{"rendered":"Exporta\u00e7\u00f5es brasileiras para os EUA crescem 12,1% em agosto despite tarifas"},"content":{"rendered":"<p>As exporta\u00e7\u00f5es brasileiras para os Estados Unidos totalizaram US$ 3,190 bilh\u00f5es em agosto de 2026, representando um aumento de 12,1% em rela\u00e7\u00e3o ao mesmo m\u00eas do ano anterior, quando somaram US$ 2,845 bilh\u00f5es. Esse crescimento ocorre no contexto da implementa\u00e7\u00e3o das novas tarifas do governo Donald Trump, que impactaram o com\u00e9rcio internacional.<\/p>\n<p>Segundo Herlon Brand\u00e3o, diretor do Departamento de Estat\u00edsticas e Estudos de Com\u00e9rcio Exterior do Minist\u00e9rio do Desenvolvimento, Ind\u00fastria, Com\u00e9rcio e Servi\u00e7os (Mdic), a valoriza\u00e7\u00e3o dos produtos brasileiros foi o principal fator para esse aumento. &#8220;O crescimento das exporta\u00e7\u00f5es est\u00e1 baseado na alta de 8,6% nos pre\u00e7os dos produtos vendidos aos Estados Unidos&#8221;, informou ao divulgar os dados da balan\u00e7a comercial de agosto.<\/p>\n<p>Os produtos que mais contribu\u00edram para o crescimento nas vendas incluem aeronaves, carne bovina, produtos inacabados de ferro ou a\u00e7o, cal, cimento, materiais de constru\u00e7\u00e3o, tubos de ferro ou a\u00e7o, celulose e caf\u00e9. \u00c9 importante destacar que tanto as aeronaves quanto a carne bovina foram isentadas das novas tarifas aplicadas.<\/p>\n<p>No entanto, apesar da alta nos pre\u00e7os m\u00e9dios, as exporta\u00e7\u00f5es brasileiras aos EUA apresentaram uma queda de 3,1% em volume. De janeiro a agosto de 2026, houve uma redu\u00e7\u00e3o de 13,6% no volume total exportado e de 9,7% em valor, totalizando US$ 24,105 bilh\u00f5es.<\/p>\n<p>As importa\u00e7\u00f5es brasileiras de produtos dos Estados Unidos tamb\u00e9m diminu\u00edram, somando US$ 27,316 bilh\u00f5es no acumulado do ano, uma queda de 8,6% em rela\u00e7\u00e3o ao mesmo per\u00edodo de 2025. Como resultado, o d\u00e9ficit comercial do Brasil com os EUA alcan\u00e7ou US$ 3,211 bilh\u00f5es entre janeiro e agosto, enquanto em agosto, as importa\u00e7\u00f5es cresceram 1,1%, totalizando US$ 4,014 bilh\u00f5es, levando a um d\u00e9ficit de US$ 824 milh\u00f5es no com\u00e9rcio bilateral.<\/p>\n<p>Brand\u00e3o ressaltou que as varia\u00e7\u00f5es nas exporta\u00e7\u00f5es e importa\u00e7\u00f5es s\u00e3o esperadas devido a diferentes influ\u00eancias que afetam o com\u00e9rcio entre os dois pa\u00edses. Ele frisou que &#8220;mais de 20% do com\u00e9rcio brasileiro com os Estados Unidos foi impactado pelas tarifas&#8221;, mas que ainda \u00e9 cedo para avaliar o redirecionamento das exporta\u00e7\u00f5es para outros mercados.<\/p>\n<p>Enquanto as vendas para os EUA oscilaram, as exporta\u00e7\u00f5es para a Uni\u00e3o Europeia tiveram um crescimento expressivo, totalizando US$ 5,82 bilh\u00f5es em agosto, uma alta de 46,4% em rela\u00e7\u00e3o ao mesmo m\u00eas do ano anterior. O volume embarcado tamb\u00e9m aumentou em 30,3%. Entre os principais produtos exportados para o bloco est\u00e3o petr\u00f3leo, cobre, soja, \u00f3leos combust\u00edveis, caf\u00e9, tabaco e carne bovina.<\/p>\n<p>Brand\u00e3o atribuiu esse desempenho a v\u00e1rios fatores, como as condi\u00e7\u00f5es de mercado e os efeitos do acordo entre Mercosul e Uni\u00e3o Europeia. &#8220;Temos relatos de exportadores beneficiados pelo acordo, al\u00e9m das condi\u00e7\u00f5es de mercado influenciando&#8221;, disse. Ele tamb\u00e9m mencionou o aumento da demanda por combust\u00edveis devido ao conflito no Oriente M\u00e9dio e a crescente procura por cobre no setor de tecnologia.<\/p>\n<p>A balan\u00e7a comercial brasileira registrou um super\u00e1vit de US$ 7,39 bilh\u00f5es em agosto, um aumento de 23,8% em rela\u00e7\u00e3o ao mesmo m\u00eas de 2025. Entre os principais parceiros comerciais, os Estados Unidos foram a \u00fanica exce\u00e7\u00e3o, apresentando um d\u00e9ficit de US$ 824 milh\u00f5es. No acumulado de janeiro a agosto, o super\u00e1vit comercial brasileiro atingiu US$ 55,32 bilh\u00f5es, uma alta de 28,2% em compara\u00e7\u00e3o ao mesmo per\u00edodo do ano anterior.<\/p>\n","protected":false},"excerpt":{"rendered":"<p>As exporta\u00e7\u00f5es brasileiras para os Estados Unidos totalizaram US$ 3,190 bilh\u00f5es em agosto de 2026, representando um aumento de 12,1% em rela\u00e7\u00e3o ao mesmo m\u00eas do ano anterior, quando somaram US$ 2,845 bilh\u00f5es. Esse crescimento ocorre no contexto da implementa\u00e7\u00e3o das novas tarifas do governo Donald Trump, que impactaram o com\u00e9rcio internacional. Segundo Herlon Brand\u00e3o, &hellip;<\/p>\n","protected":false},"author":5,"featured_media":123299,"comment_status":"open","ping_status":"closed","sticky":false,"template":"","format":"standard","meta":{"footnotes":""},"categories":[101,68,1561],"tags":[],"class_list":["post-123298","post","type-post","status-publish","format-standard","has-post-thumbnail","hentry","category-economia","category-mundo","category-tecnologia"],"yoast_head":"<!-- This site is optimized with the Yoast SEO plugin v28.4 - https:\/\/yoast.com\/product\/yoast-seo-wordpress\/ -->\n<title>Exporta\u00e7\u00f5es brasileiras para os EUA crescem 12,1% em agosto despite tarifas - Ribeir\u00e3o Preto e Regi\u00e3o<\/title>\n<meta name=\"robots\" content=\"index, follow, max-snippet:-1, max-image-preview:large, max-video-preview:-1\" \/>\n<link rel=\"canonical\" href=\"https:\/\/redenoticiaz.com.br\/ribeiraopreto-regiao\/sp\/2026\/09\/04\/exportacoes-brasileiras-para-os-eua-crescem-121-em-agosto-despite-tarifas\" \/>\n<meta property=\"og:locale\" content=\"pt_BR\" \/>\n<meta property=\"og:type\" content=\"article\" \/>\n<meta property=\"og:title\" content=\"Exporta\u00e7\u00f5es brasileiras para os EUA crescem 12,1% em agosto despite tarifas - Ribeir\u00e3o Preto e Regi\u00e3o\" \/>\n<meta property=\"og:description\" content=\"As exporta\u00e7\u00f5es brasileiras para os Estados Unidos totalizaram US$ 3,190 bilh\u00f5es em agosto de 2026, representando um aumento de 12,1% em rela\u00e7\u00e3o ao mesmo m\u00eas do ano anterior, quando somaram US$ 2,845 bilh\u00f5es. Esse crescimento ocorre no contexto da implementa\u00e7\u00e3o das novas tarifas do governo Donald Trump, que impactaram o com\u00e9rcio internacional. Segundo Herlon Brand\u00e3o, &hellip;\" \/>\n<meta property=\"og:url\" content=\"https:\/\/redenoticiaz.com.br\/ribeiraopreto-regiao\/sp\/2026\/09\/04\/exportacoes-brasileiras-para-os-eua-crescem-121-em-agosto-despite-tarifas\" \/>\n<meta property=\"og:site_name\" content=\"Ribeir\u00e3o Preto e Regi\u00e3o\" \/>\n<meta property=\"article:publisher\" content=\"https:\/\/m.facebook.com\/redenoticiaz.barretos\" \/>\n<meta property=\"article:published_time\" content=\"2026-09-05T01:38:27+00:00\" \/>\n<meta property=\"og:image\" content=\"https:\/\/redenoticiaz.com.br\/ribeiraopreto-regiao\/wp-content\/uploads\/sites\/4\/2022\/02\/logo.jpg\" \/>\n\t<meta property=\"og:image:width\" content=\"400\" \/>\n\t<meta property=\"og:image:height\" content=\"250\" \/>\n\t<meta property=\"og:image:type\" content=\"image\/jpeg\" \/>\n<meta name=\"author\" content=\"Patr\u00edcia Prado\" \/>\n<meta name=\"twitter:card\" content=\"summary_large_image\" \/>\n<meta name=\"twitter:creator\" content=\"@RN_barretos\" \/>\n<meta name=\"twitter:site\" content=\"@RN_barretos\" \/>\n<meta name=\"twitter:label1\" content=\"Escrito por\" \/>\n\t<meta name=\"twitter:data1\" content=\"Patr\u00edcia Prado\" \/>\n\t<meta name=\"twitter:label2\" content=\"Est. tempo de leitura\" \/>\n\t<meta name=\"twitter:data2\" content=\"3 minutos\" \/>\n<script type=\"application\/ld+json\" class=\"yoast-schema-graph\">{\"@context\":\"https:\\\/\\\/schema.org\",\"@graph\":[{\"@type\":\"Article\",\"@id\":\"https:\\\/\\\/redenoticiaz.com.br\\\/ribeiraopreto-regiao\\\/sp\\\/2026\\\/09\\\/04\\\/exportacoes-brasileiras-para-os-eua-crescem-121-em-agosto-despite-tarifas#article\",\"isPartOf\":{\"@id\":\"https:\\\/\\\/redenoticiaz.com.br\\\/ribeiraopreto-regiao\\\/sp\\\/2026\\\/09\\\/04\\\/exportacoes-brasileiras-para-os-eua-crescem-121-em-agosto-despite-tarifas\"},\"author\":{\"name\":\"Patr\u00edcia Prado\",\"@id\":\"https:\\\/\\\/redenoticiaz.com.br\\\/ribeiraopreto-regiao\\\/#\\\/schema\\\/person\\\/e1b0bd8c2637e2c1b6ddcbc2c33b116f\"},\"headline\":\"Exporta\u00e7\u00f5es brasileiras para os EUA crescem 12,1% em agosto despite tarifas\",\"datePublished\":\"2026-09-05T01:38:27+00:00\",\"mainEntityOfPage\":{\"@id\":\"https:\\\/\\\/redenoticiaz.com.br\\\/ribeiraopreto-regiao\\\/sp\\\/2026\\\/09\\\/04\\\/exportacoes-brasileiras-para-os-eua-crescem-121-em-agosto-despite-tarifas\"},\"wordCount\":585,\"commentCount\":0,\"publisher\":{\"@id\":\"https:\\\/\\\/redenoticiaz.com.br\\\/ribeiraopreto-regiao\\\/#organization\"},\"image\":{\"@id\":\"https:\\\/\\\/redenoticiaz.com.br\\\/ribeiraopreto-regiao\\\/sp\\\/2026\\\/09\\\/04\\\/exportacoes-brasileiras-para-os-eua-crescem-121-em-agosto-despite-tarifas#primaryimage\"},\"thumbnailUrl\":\"https:\\\/\\\/redenoticiaz.com.br\\\/ribeiraopreto-regiao\\\/wp-content\\\/uploads\\\/sites\\\/4\\\/2026\\\/09\\\/c7ce57c4-3ca3-44b5-a68b-9e4e44e7e8bb.jpeg\",\"articleSection\":[\"Economia\",\"Mundo\",\"Tecnologia\"],\"inLanguage\":\"pt-BR\",\"potentialAction\":[{\"@type\":\"CommentAction\",\"name\":\"Comment\",\"target\":[\"https:\\\/\\\/redenoticiaz.com.br\\\/ribeiraopreto-regiao\\\/sp\\\/2026\\\/09\\\/04\\\/exportacoes-brasileiras-para-os-eua-crescem-121-em-agosto-despite-tarifas#respond\"]}]},{\"@type\":\"WebPage\",\"@id\":\"https:\\\/\\\/redenoticiaz.com.br\\\/ribeiraopreto-regiao\\\/sp\\\/2026\\\/09\\\/04\\\/exportacoes-brasileiras-para-os-eua-crescem-121-em-agosto-despite-tarifas\",\"url\":\"https:\\\/\\\/redenoticiaz.com.br\\\/ribeiraopreto-regiao\\\/sp\\\/2026\\\/09\\\/04\\\/exportacoes-brasileiras-para-os-eua-crescem-121-em-agosto-despite-tarifas\",\"name\":\"Exporta\u00e7\u00f5es brasileiras para os EUA crescem 12,1% em agosto despite tarifas - Ribeir\u00e3o Preto e Regi\u00e3o\",\"isPartOf\":{\"@id\":\"https:\\\/\\\/redenoticiaz.com.br\\\/ribeiraopreto-regiao\\\/#website\"},\"primaryImageOfPage\":{\"@id\":\"https:\\\/\\\/redenoticiaz.com.br\\\/ribeiraopreto-regiao\\\/sp\\\/2026\\\/09\\\/04\\\/exportacoes-brasileiras-para-os-eua-crescem-121-em-agosto-despite-tarifas#primaryimage\"},\"image\":{\"@id\":\"https:\\\/\\\/redenoticiaz.com.br\\\/ribeiraopreto-regiao\\\/sp\\\/2026\\\/09\\\/04\\\/exportacoes-brasileiras-para-os-eua-crescem-121-em-agosto-despite-tarifas#primaryimage\"},\"thumbnailUrl\":\"https:\\\/\\\/redenoticiaz.com.br\\\/ribeiraopreto-regiao\\\/wp-content\\\/uploads\\\/sites\\\/4\\\/2026\\\/09\\\/c7ce57c4-3ca3-44b5-a68b-9e4e44e7e8bb.jpeg\",\"datePublished\":\"2026-09-05T01:38:27+00:00\",\"inLanguage\":\"pt-BR\",\"potentialAction\":[{\"@type\":\"ReadAction\",\"target\":[\"https:\\\/\\\/redenoticiaz.com.br\\\/ribeiraopreto-regiao\\\/sp\\\/2026\\\/09\\\/04\\\/exportacoes-brasileiras-para-os-eua-crescem-121-em-agosto-despite-tarifas\"]}]},{\"@type\":\"ImageObject\",\"inLanguage\":\"pt-BR\",\"@id\":\"https:\\\/\\\/redenoticiaz.com.br\\\/ribeiraopreto-regiao\\\/sp\\\/2026\\\/09\\\/04\\\/exportacoes-brasileiras-para-os-eua-crescem-121-em-agosto-despite-tarifas#primaryimage\",\"url\":\"https:\\\/\\\/redenoticiaz.com.br\\\/ribeiraopreto-regiao\\\/wp-content\\\/uploads\\\/sites\\\/4\\\/2026\\\/09\\\/c7ce57c4-3ca3-44b5-a68b-9e4e44e7e8bb.jpeg\",\"contentUrl\":\"https:\\\/\\\/redenoticiaz.com.br\\\/ribeiraopreto-regiao\\\/wp-content\\\/uploads\\\/sites\\\/4\\\/2026\\\/09\\\/c7ce57c4-3ca3-44b5-a68b-9e4e44e7e8bb.jpeg\",\"width\":1600,\"height\":800},{\"@type\":\"WebSite\",\"@id\":\"https:\\\/\\\/redenoticiaz.com.br\\\/ribeiraopreto-regiao\\\/#website\",\"url\":\"https:\\\/\\\/redenoticiaz.com.br\\\/ribeiraopreto-regiao\\\/\",\"name\":\"Ribeir\u00e3o Preto e Regi\u00e3o\",\"description\":\"Rede NoticiaZ - Ribeir\u00e3o Preto e regi\u00e3o\",\"publisher\":{\"@id\":\"https:\\\/\\\/redenoticiaz.com.br\\\/ribeiraopreto-regiao\\\/#organization\"},\"potentialAction\":[{\"@type\":\"SearchAction\",\"target\":{\"@type\":\"EntryPoint\",\"urlTemplate\":\"https:\\\/\\\/redenoticiaz.com.br\\\/ribeiraopreto-regiao\\\/?s={search_term_string}\"},\"query-input\":{\"@type\":\"PropertyValueSpecification\",\"valueRequired\":true,\"valueName\":\"search_term_string\"}}],\"inLanguage\":\"pt-BR\"},{\"@type\":\"Organization\",\"@id\":\"https:\\\/\\\/redenoticiaz.com.br\\\/ribeiraopreto-regiao\\\/#organization\",\"name\":\"Ribeir\u00e3o Preto e Regi\u00e3o\",\"url\":\"https:\\\/\\\/redenoticiaz.com.br\\\/ribeiraopreto-regiao\\\/\",\"logo\":{\"@type\":\"ImageObject\",\"inLanguage\":\"pt-BR\",\"@id\":\"https:\\\/\\\/redenoticiaz.com.br\\\/ribeiraopreto-regiao\\\/#\\\/schema\\\/logo\\\/image\\\/\",\"url\":\"https:\\\/\\\/redenoticiaz.com.br\\\/barretos-regiao\\\/wp-content\\\/uploads\\\/sites\\\/4\\\/2022\\\/02\\\/logo.jpg\",\"contentUrl\":\"https:\\\/\\\/redenoticiaz.com.br\\\/barretos-regiao\\\/wp-content\\\/uploads\\\/sites\\\/4\\\/2022\\\/02\\\/logo.jpg\",\"width\":400,\"height\":250,\"caption\":\"Ribeir\u00e3o Preto e Regi\u00e3o\"},\"image\":{\"@id\":\"https:\\\/\\\/redenoticiaz.com.br\\\/ribeiraopreto-regiao\\\/#\\\/schema\\\/logo\\\/image\\\/\"},\"sameAs\":[\"https:\\\/\\\/m.facebook.com\\\/redenoticiaz.barretos\",\"https:\\\/\\\/x.com\\\/RN_barretos\",\"https:\\\/\\\/www.instagram.com\\\/redenoticiaz.barretos\\\/?igshid=YmMyMTA2M2Y\",\"https:\\\/\\\/www.linkedin.com\\\/company\\\/rede-noticiaz-barretos-e-regio\\\/\"]},{\"@type\":\"Person\",\"@id\":\"https:\\\/\\\/redenoticiaz.com.br\\\/ribeiraopreto-regiao\\\/#\\\/schema\\\/person\\\/e1b0bd8c2637e2c1b6ddcbc2c33b116f\",\"name\":\"Patr\u00edcia Prado\",\"image\":{\"@type\":\"ImageObject\",\"inLanguage\":\"pt-BR\",\"@id\":\"https:\\\/\\\/secure.gravatar.com\\\/avatar\\\/92e358bef22cfcec15e054ae4d9fee04dadf0c772dc4a17b382b8a34a15354c2?s=96&d=mm&r=g\",\"url\":\"https:\\\/\\\/secure.gravatar.com\\\/avatar\\\/92e358bef22cfcec15e054ae4d9fee04dadf0c772dc4a17b382b8a34a15354c2?s=96&d=mm&r=g\",\"contentUrl\":\"https:\\\/\\\/secure.gravatar.com\\\/avatar\\\/92e358bef22cfcec15e054ae4d9fee04dadf0c772dc4a17b382b8a34a15354c2?s=96&d=mm&r=g\",\"caption\":\"Patr\u00edcia Prado\"},\"url\":\"https:\\\/\\\/redenoticiaz.com.br\\\/ribeiraopreto-regiao\\\/sp\\\/author\\\/patricia-prado\"}]}<\/script>\n<!-- \/ Yoast SEO plugin. -->","yoast_head_json":{"title":"Exporta\u00e7\u00f5es brasileiras para os EUA crescem 12,1% em agosto despite tarifas - Ribeir\u00e3o Preto e Regi\u00e3o","robots":{"index":"index","follow":"follow","max-snippet":"max-snippet:-1","max-image-preview":"max-image-preview:large","max-video-preview":"max-video-preview:-1"},"canonical":"https:\/\/redenoticiaz.com.br\/ribeiraopreto-regiao\/sp\/2026\/09\/04\/exportacoes-brasileiras-para-os-eua-crescem-121-em-agosto-despite-tarifas","og_locale":"pt_BR","og_type":"article","og_title":"Exporta\u00e7\u00f5es brasileiras para os EUA crescem 12,1% em agosto despite tarifas - Ribeir\u00e3o Preto e Regi\u00e3o","og_description":"As exporta\u00e7\u00f5es brasileiras para os Estados Unidos totalizaram US$ 3,190 bilh\u00f5es em agosto de 2026, representando um aumento de 12,1% em rela\u00e7\u00e3o ao mesmo m\u00eas do ano anterior, quando somaram US$ 2,845 bilh\u00f5es. Esse crescimento ocorre no contexto da implementa\u00e7\u00e3o das novas tarifas do governo Donald Trump, que impactaram o com\u00e9rcio internacional. Segundo Herlon Brand\u00e3o, &hellip;","og_url":"https:\/\/redenoticiaz.com.br\/ribeiraopreto-regiao\/sp\/2026\/09\/04\/exportacoes-brasileiras-para-os-eua-crescem-121-em-agosto-despite-tarifas","og_site_name":"Ribeir\u00e3o Preto e Regi\u00e3o","article_publisher":"https:\/\/m.facebook.com\/redenoticiaz.barretos","article_published_time":"2026-09-05T01:38:27+00:00","og_image":[{"width":400,"height":250,"url":"https:\/\/redenoticiaz.com.br\/ribeiraopreto-regiao\/wp-content\/uploads\/sites\/4\/2022\/02\/logo.jpg","type":"image\/jpeg"}],"author":"Patr\u00edcia Prado","twitter_card":"summary_large_image","twitter_creator":"@RN_barretos","twitter_site":"@RN_barretos","twitter_misc":{"Escrito por":"Patr\u00edcia Prado","Est. tempo de leitura":"3 minutos"},"schema":{"@context":"https:\/\/schema.org","@graph":[{"@type":"Article","@id":"https:\/\/redenoticiaz.com.br\/ribeiraopreto-regiao\/sp\/2026\/09\/04\/exportacoes-brasileiras-para-os-eua-crescem-121-em-agosto-despite-tarifas#article","isPartOf":{"@id":"https:\/\/redenoticiaz.com.br\/ribeiraopreto-regiao\/sp\/2026\/09\/04\/exportacoes-brasileiras-para-os-eua-crescem-121-em-agosto-despite-tarifas"},"author":{"name":"Patr\u00edcia Prado","@id":"https:\/\/redenoticiaz.com.br\/ribeiraopreto-regiao\/#\/schema\/person\/e1b0bd8c2637e2c1b6ddcbc2c33b116f"},"headline":"Exporta\u00e7\u00f5es brasileiras para os EUA crescem 12,1% em agosto despite tarifas","datePublished":"2026-09-05T01:38:27+00:00","mainEntityOfPage":{"@id":"https:\/\/redenoticiaz.com.br\/ribeiraopreto-regiao\/sp\/2026\/09\/04\/exportacoes-brasileiras-para-os-eua-crescem-121-em-agosto-despite-tarifas"},"wordCount":585,"commentCount":0,"publisher":{"@id":"https:\/\/redenoticiaz.com.br\/ribeiraopreto-regiao\/#organization"},"image":{"@id":"https:\/\/redenoticiaz.com.br\/ribeiraopreto-regiao\/sp\/2026\/09\/04\/exportacoes-brasileiras-para-os-eua-crescem-121-em-agosto-despite-tarifas#primaryimage"},"thumbnailUrl":"https:\/\/redenoticiaz.com.br\/ribeiraopreto-regiao\/wp-content\/uploads\/sites\/4\/2026\/09\/c7ce57c4-3ca3-44b5-a68b-9e4e44e7e8bb.jpeg","articleSection":["Economia","Mundo","Tecnologia"],"inLanguage":"pt-BR","potentialAction":[{"@type":"CommentAction","name":"Comment","target":["https:\/\/redenoticiaz.com.br\/ribeiraopreto-regiao\/sp\/2026\/09\/04\/exportacoes-brasileiras-para-os-eua-crescem-121-em-agosto-despite-tarifas#respond"]}]},{"@type":"WebPage","@id":"https:\/\/redenoticiaz.com.br\/ribeiraopreto-regiao\/sp\/2026\/09\/04\/exportacoes-brasileiras-para-os-eua-crescem-121-em-agosto-despite-tarifas","url":"https:\/\/redenoticiaz.com.br\/ribeiraopreto-regiao\/sp\/2026\/09\/04\/exportacoes-brasileiras-para-os-eua-crescem-121-em-agosto-despite-tarifas","name":"Exporta\u00e7\u00f5es brasileiras para os EUA crescem 12,1% em agosto despite tarifas - Ribeir\u00e3o Preto e Regi\u00e3o","isPartOf":{"@id":"https:\/\/redenoticiaz.com.br\/ribeiraopreto-regiao\/#website"},"primaryImageOfPage":{"@id":"https:\/\/redenoticiaz.com.br\/ribeiraopreto-regiao\/sp\/2026\/09\/04\/exportacoes-brasileiras-para-os-eua-crescem-121-em-agosto-despite-tarifas#primaryimage"},"image":{"@id":"https:\/\/redenoticiaz.com.br\/ribeiraopreto-regiao\/sp\/2026\/09\/04\/exportacoes-brasileiras-para-os-eua-crescem-121-em-agosto-despite-tarifas#primaryimage"},"thumbnailUrl":"https:\/\/redenoticiaz.com.br\/ribeiraopreto-regiao\/wp-content\/uploads\/sites\/4\/2026\/09\/c7ce57c4-3ca3-44b5-a68b-9e4e44e7e8bb.jpeg","datePublished":"2026-09-05T01:38:27+00:00","inLanguage":"pt-BR","potentialAction":[{"@type":"ReadAction","target":["https:\/\/redenoticiaz.com.br\/ribeiraopreto-regiao\/sp\/2026\/09\/04\/exportacoes-brasileiras-para-os-eua-crescem-121-em-agosto-despite-tarifas"]}]},{"@type":"ImageObject","inLanguage":"pt-BR","@id":"https:\/\/redenoticiaz.com.br\/ribeiraopreto-regiao\/sp\/2026\/09\/04\/exportacoes-brasileiras-para-os-eua-crescem-121-em-agosto-despite-tarifas#primaryimage","url":"https:\/\/redenoticiaz.com.br\/ribeiraopreto-regiao\/wp-content\/uploads\/sites\/4\/2026\/09\/c7ce57c4-3ca3-44b5-a68b-9e4e44e7e8bb.jpeg","contentUrl":"https:\/\/redenoticiaz.com.br\/ribeiraopreto-regiao\/wp-content\/uploads\/sites\/4\/2026\/09\/c7ce57c4-3ca3-44b5-a68b-9e4e44e7e8bb.jpeg","width":1600,"height":800},{"@type":"WebSite","@id":"https:\/\/redenoticiaz.com.br\/ribeiraopreto-regiao\/#website","url":"https:\/\/redenoticiaz.com.br\/ribeiraopreto-regiao\/","name":"Ribeir\u00e3o Preto e Regi\u00e3o","description":"Rede NoticiaZ - Ribeir\u00e3o Preto e regi\u00e3o","publisher":{"@id":"https:\/\/redenoticiaz.com.br\/ribeiraopreto-regiao\/#organization"},"potentialAction":[{"@type":"SearchAction","target":{"@type":"EntryPoint","urlTemplate":"https:\/\/redenoticiaz.com.br\/ribeiraopreto-regiao\/?s={search_term_string}"},"query-input":{"@type":"PropertyValueSpecification","valueRequired":true,"valueName":"search_term_string"}}],"inLanguage":"pt-BR"},{"@type":"Organization","@id":"https:\/\/redenoticiaz.com.br\/ribeiraopreto-regiao\/#organization","name":"Ribeir\u00e3o Preto e Regi\u00e3o","url":"https:\/\/redenoticiaz.com.br\/ribeiraopreto-regiao\/","logo":{"@type":"ImageObject","inLanguage":"pt-BR","@id":"https:\/\/redenoticiaz.com.br\/ribeiraopreto-regiao\/#\/schema\/logo\/image\/","url":"https:\/\/redenoticiaz.com.br\/barretos-regiao\/wp-content\/uploads\/sites\/4\/2022\/02\/logo.jpg","contentUrl":"https:\/\/redenoticiaz.com.br\/barretos-regiao\/wp-content\/uploads\/sites\/4\/2022\/02\/logo.jpg","width":400,"height":250,"caption":"Ribeir\u00e3o Preto e Regi\u00e3o"},"image":{"@id":"https:\/\/redenoticiaz.com.br\/ribeiraopreto-regiao\/#\/schema\/logo\/image\/"},"sameAs":["https:\/\/m.facebook.com\/redenoticiaz.barretos","https:\/\/x.com\/RN_barretos","https:\/\/www.instagram.com\/redenoticiaz.barretos\/?igshid=YmMyMTA2M2Y","https:\/\/www.linkedin.com\/company\/rede-noticiaz-barretos-e-regio\/"]},{"@type":"Person","@id":"https:\/\/redenoticiaz.com.br\/ribeiraopreto-regiao\/#\/schema\/person\/e1b0bd8c2637e2c1b6ddcbc2c33b116f","name":"Patr\u00edcia Prado","image":{"@type":"ImageObject","inLanguage":"pt-BR","@id":"https:\/\/secure.gravatar.com\/avatar\/92e358bef22cfcec15e054ae4d9fee04dadf0c772dc4a17b382b8a34a15354c2?s=96&d=mm&r=g","url":"https:\/\/secure.gravatar.com\/avatar\/92e358bef22cfcec15e054ae4d9fee04dadf0c772dc4a17b382b8a34a15354c2?s=96&d=mm&r=g","contentUrl":"https:\/\/secure.gravatar.com\/avatar\/92e358bef22cfcec15e054ae4d9fee04dadf0c772dc4a17b382b8a34a15354c2?s=96&d=mm&r=g","caption":"Patr\u00edcia Prado"},"url":"https:\/\/redenoticiaz.com.br\/ribeiraopreto-regiao\/sp\/author\/patricia-prado"}]}},"_links":{"self":[{"href":"https:\/\/redenoticiaz.com.br\/ribeiraopreto-regiao\/wp-json\/wp\/v2\/posts\/123298","targetHints":{"allow":["GET"]}}],"collection":[{"href":"https:\/\/redenoticiaz.com.br\/ribeiraopreto-regiao\/wp-json\/wp\/v2\/posts"}],"about":[{"href":"https:\/\/redenoticiaz.com.br\/ribeiraopreto-regiao\/wp-json\/wp\/v2\/types\/post"}],"author":[{"embeddable":true,"href":"https:\/\/redenoticiaz.com.br\/ribeiraopreto-regiao\/wp-json\/wp\/v2\/users\/5"}],"replies":[{"embeddable":true,"href":"https:\/\/redenoticiaz.com.br\/ribeiraopreto-regiao\/wp-json\/wp\/v2\/comments?post=123298"}],"version-history":[{"count":0,"href":"https:\/\/redenoticiaz.com.br\/ribeiraopreto-regiao\/wp-json\/wp\/v2\/posts\/123298\/revisions"}],"wp:featuredmedia":[{"embeddable":true,"href":"https:\/\/redenoticiaz.com.br\/ribeiraopreto-regiao\/wp-json\/wp\/v2\/media\/123299"}],"wp:attachment":[{"href":"https:\/\/redenoticiaz.com.br\/ribeiraopreto-regiao\/wp-json\/wp\/v2\/media?parent=123298"}],"wp:term":[{"taxonomy":"category","embeddable":true,"href":"https:\/\/redenoticiaz.com.br\/ribeiraopreto-regiao\/wp-json\/wp\/v2\/categories?post=123298"},{"taxonomy":"post_tag","embeddable":true,"href":"https:\/\/redenoticiaz.com.br\/ribeiraopreto-regiao\/wp-json\/wp\/v2\/tags?post=123298"}],"curies":[{"name":"wp","href":"https:\/\/api.w.org\/{rel}","templated":true}]}}