{"id":123300,"date":"2026-09-05T01:43:57","date_gmt":"2026-09-05T04:43:57","guid":{"rendered":"https:\/\/redenoticiaz.com.br\/ribeiraopreto-regiao\/sp\/2026\/09\/05\/candidatos-a-presidente-realizam-atividades-de-campanha-em-diversas-cidades"},"modified":"2026-09-05T01:43:57","modified_gmt":"2026-09-05T04:43:57","slug":"candidatos-a-presidente-realizam-atividades-de-campanha-em-diversas-cidades","status":"publish","type":"post","link":"https:\/\/redenoticiaz.com.br\/ribeiraopreto-regiao\/sp\/2026\/09\/05\/candidatos-a-presidente-realizam-atividades-de-campanha-em-diversas-cidades","title":{"rendered":"Candidatos a presidente realizam atividades de campanha em diversas cidades"},"content":{"rendered":"<p>Nesta sexta-feira, 4 de agosto, os candidatos \u00e0 presid\u00eancia do Brasil realizaram diversas atividades de campanha, incluindo caminhadas, com\u00edcios, eventos e entrevistas para a imprensa. O dia foi marcado pela presen\u00e7a ou aus\u00eancia dos candidatos em agendas p\u00fablicas.<\/p>\n<p>Wilson Grassi (Democrata) n\u00e3o programou compromissos para a data.<\/p>\n<p>Augusto Cury (Avante) participou de um almo\u00e7o com empres\u00e1rios e visitou a Funda\u00e7\u00e3o Faculdade de Medicina em S\u00e3o Jos\u00e9 do Rio Preto (SP). Durante sua passagem pelo Mercado Municipal e pelo centro da cidade, Cury afirmou que, se eleito, pretende acabar com a reelei\u00e7\u00e3o para cargos do Executivo, defendendo que &#8220;cargos p\u00fablicos n\u00e3o devem ser tratados como patrim\u00f4nio pessoal ou familiar&#8221;.<\/p>\n<p>Clariana Bar\u00e3o (Democracia Crist\u00e3) tamb\u00e9m n\u00e3o teve compromissos p\u00fablicos.<\/p>\n<p>Edmilson Costa (PCB) estava fora do pa\u00eds, cumprindo agenda da secretaria-geral do partido em Lisboa.<\/p>\n<p>Fl\u00e1vio Bolsonaro (PL) defendeu a capacita\u00e7\u00e3o de jovens durante uma visita a um hub tecnol\u00f3gico em S\u00e3o Carlos (SP). Ele destacou a import\u00e2ncia desse tipo de atividade para reter talentos no Brasil: &#8220;Nossas mentes brilhantes devem desenvolver suas ideias aqui&#8221;, afirmou.<\/p>\n<p>Hertz Dias (PSTU) fez campanha em Alagoinhas (BA), onde concedeu entrevistas para emissoras locais e participou da apresenta\u00e7\u00e3o do programa do partido. Ele criticou a pr\u00e1tica de grandes empresas que buscam isen\u00e7\u00f5es fiscais em troca de baixos sal\u00e1rios, alegando que isso resulta em perda de recursos p\u00fablicos que poderiam ser investidos em sa\u00fade, educa\u00e7\u00e3o e gera\u00e7\u00e3o de empregos no Nordeste.<\/p>\n<p>Luiz In\u00e1cio Lula da Silva (PT) esteve em Juazeiro do Norte (CE) para uma caminhada e, em entrevista \u00e0 R\u00e1dio Progresso, defendeu a aprova\u00e7\u00e3o da proposta que extingue a escala de trabalho 6&#215;1, argumentando que isso permitir\u00e1 que os trabalhadores passem mais tempo com suas fam\u00edlias.<\/p>\n<p>Renan Santos (Miss\u00e3o) participou de um com\u00edcio em Olinda (PE).<\/p>\n<p>Romeu Zema (Novo) participou de uma sabatina no Estad\u00e3o, em S\u00e3o Paulo, onde se reuniu com comerciantes do setor varejista. Ele se manifestou sobre a aprova\u00e7\u00e3o de um projeto que extingue a &#8220;taxa das blusinhas&#8221;, afirmando que isso poder\u00e1 prejudicar empres\u00e1rios brasileiros, que poderiam migrar suas opera\u00e7\u00f5es para outros pa\u00edses.<\/p>\n<p>Ronaldo Caiado (PSD) tamb\u00e9m esteve em S\u00e3o Paulo, participando de sabatinas para ve\u00edculos de m\u00eddia, onde discutiu planos de investimento no setor tecnol\u00f3gico, afirmando que pretende &#8220;investir fortemente na economia do conhecimento&#8221;.<\/p>\n<p>Rui Costa Pimenta (PCO) e Samara Martins (UP) n\u00e3o tiveram agendas p\u00fablicas nesta data.<\/p>\n<p>A cobertura das atividades dos candidatos segue um rod\u00edzio di\u00e1rio em ordem alfab\u00e9tica.<\/p>\n<p>* Colaboraram Douglas Corr\u00eaa (Rio de Janeiro), Luciano Nascimento (S\u00e3o Lu\u00eds) e reda\u00e7\u00e3o de S\u00e3o Paulo.<\/p>\n","protected":false},"excerpt":{"rendered":"<p>Nesta sexta-feira, 4 de agosto, os candidatos \u00e0 presid\u00eancia do Brasil realizaram diversas atividades de campanha, incluindo caminhadas, com\u00edcios, eventos e entrevistas para a imprensa. O dia foi marcado pela presen\u00e7a ou aus\u00eancia dos candidatos em agendas p\u00fablicas. Wilson Grassi (Democrata) n\u00e3o programou compromissos para a data. Augusto Cury (Avante) participou de um almo\u00e7o com &hellip;<\/p>\n","protected":false},"author":5,"featured_media":123301,"comment_status":"open","ping_status":"closed","sticky":false,"template":"","format":"standard","meta":{"footnotes":""},"categories":[101,820,9271,29902,68,129,2075],"tags":[],"class_list":["post-123300","post","type-post","status-publish","format-standard","has-post-thumbnail","hentry","category-economia","category-educacao","category-eleicoes","category-emprego","category-mundo","category-saude","category-trabalho"],"yoast_head":"<!-- This site is optimized with the Yoast SEO plugin v28.4 - https:\/\/yoast.com\/product\/yoast-seo-wordpress\/ -->\n<title>Candidatos a presidente realizam atividades de campanha em diversas cidades - Ribeir\u00e3o Preto e Regi\u00e3o<\/title>\n<meta name=\"robots\" content=\"index, follow, max-snippet:-1, max-image-preview:large, max-video-preview:-1\" \/>\n<link rel=\"canonical\" href=\"https:\/\/redenoticiaz.com.br\/ribeiraopreto-regiao\/sp\/2026\/09\/05\/candidatos-a-presidente-realizam-atividades-de-campanha-em-diversas-cidades\" \/>\n<meta property=\"og:locale\" content=\"pt_BR\" \/>\n<meta property=\"og:type\" content=\"article\" \/>\n<meta property=\"og:title\" content=\"Candidatos a presidente realizam atividades de campanha em diversas cidades - Ribeir\u00e3o Preto e Regi\u00e3o\" \/>\n<meta property=\"og:description\" content=\"Nesta sexta-feira, 4 de agosto, os candidatos \u00e0 presid\u00eancia do Brasil realizaram diversas atividades de campanha, incluindo caminhadas, com\u00edcios, eventos e entrevistas para a imprensa. O dia foi marcado pela presen\u00e7a ou aus\u00eancia dos candidatos em agendas p\u00fablicas. Wilson Grassi (Democrata) n\u00e3o programou compromissos para a data. Augusto Cury (Avante) participou de um almo\u00e7o com &hellip;\" \/>\n<meta property=\"og:url\" content=\"https:\/\/redenoticiaz.com.br\/ribeiraopreto-regiao\/sp\/2026\/09\/05\/candidatos-a-presidente-realizam-atividades-de-campanha-em-diversas-cidades\" \/>\n<meta property=\"og:site_name\" content=\"Ribeir\u00e3o Preto e Regi\u00e3o\" \/>\n<meta property=\"article:publisher\" content=\"https:\/\/m.facebook.com\/redenoticiaz.barretos\" \/>\n<meta property=\"article:published_time\" content=\"2026-09-05T04:43:57+00:00\" \/>\n<meta property=\"og:image\" content=\"https:\/\/redenoticiaz.com.br\/ribeiraopreto-regiao\/wp-content\/uploads\/sites\/4\/2022\/02\/logo.jpg\" \/>\n\t<meta property=\"og:image:width\" content=\"400\" \/>\n\t<meta property=\"og:image:height\" content=\"250\" \/>\n\t<meta property=\"og:image:type\" content=\"image\/jpeg\" \/>\n<meta name=\"author\" content=\"Patr\u00edcia Prado\" \/>\n<meta name=\"twitter:card\" content=\"summary_large_image\" \/>\n<meta name=\"twitter:creator\" content=\"@RN_barretos\" \/>\n<meta name=\"twitter:site\" content=\"@RN_barretos\" \/>\n<meta name=\"twitter:label1\" content=\"Escrito por\" \/>\n\t<meta name=\"twitter:data1\" content=\"Patr\u00edcia Prado\" \/>\n\t<meta name=\"twitter:label2\" content=\"Est. tempo de leitura\" \/>\n\t<meta name=\"twitter:data2\" content=\"2 minutos\" \/>\n<script type=\"application\/ld+json\" class=\"yoast-schema-graph\">{\"@context\":\"https:\\\/\\\/schema.org\",\"@graph\":[{\"@type\":\"Article\",\"@id\":\"https:\\\/\\\/redenoticiaz.com.br\\\/ribeiraopreto-regiao\\\/sp\\\/2026\\\/09\\\/05\\\/candidatos-a-presidente-realizam-atividades-de-campanha-em-diversas-cidades#article\",\"isPartOf\":{\"@id\":\"https:\\\/\\\/redenoticiaz.com.br\\\/ribeiraopreto-regiao\\\/sp\\\/2026\\\/09\\\/05\\\/candidatos-a-presidente-realizam-atividades-de-campanha-em-diversas-cidades\"},\"author\":{\"name\":\"Patr\u00edcia Prado\",\"@id\":\"https:\\\/\\\/redenoticiaz.com.br\\\/ribeiraopreto-regiao\\\/#\\\/schema\\\/person\\\/e1b0bd8c2637e2c1b6ddcbc2c33b116f\"},\"headline\":\"Candidatos a presidente realizam atividades de campanha em diversas cidades\",\"datePublished\":\"2026-09-05T04:43:57+00:00\",\"mainEntityOfPage\":{\"@id\":\"https:\\\/\\\/redenoticiaz.com.br\\\/ribeiraopreto-regiao\\\/sp\\\/2026\\\/09\\\/05\\\/candidatos-a-presidente-realizam-atividades-de-campanha-em-diversas-cidades\"},\"wordCount\":479,\"commentCount\":0,\"publisher\":{\"@id\":\"https:\\\/\\\/redenoticiaz.com.br\\\/ribeiraopreto-regiao\\\/#organization\"},\"image\":{\"@id\":\"https:\\\/\\\/redenoticiaz.com.br\\\/ribeiraopreto-regiao\\\/sp\\\/2026\\\/09\\\/05\\\/candidatos-a-presidente-realizam-atividades-de-campanha-em-diversas-cidades#primaryimage\"},\"thumbnailUrl\":\"https:\\\/\\\/redenoticiaz.com.br\\\/ribeiraopreto-regiao\\\/wp-content\\\/uploads\\\/sites\\\/4\\\/2026\\\/09\\\/1788583438_eleicoes-2026-banner.jpg\",\"articleSection\":[\"Economia\",\"Educa\u00e7\u00e3o\",\"Elei\u00e7\u00f5es\",\"Emprego\",\"Mundo\",\"Sa\u00fade\",\"Trabalho\"],\"inLanguage\":\"pt-BR\",\"potentialAction\":[{\"@type\":\"CommentAction\",\"name\":\"Comment\",\"target\":[\"https:\\\/\\\/redenoticiaz.com.br\\\/ribeiraopreto-regiao\\\/sp\\\/2026\\\/09\\\/05\\\/candidatos-a-presidente-realizam-atividades-de-campanha-em-diversas-cidades#respond\"]}]},{\"@type\":\"WebPage\",\"@id\":\"https:\\\/\\\/redenoticiaz.com.br\\\/ribeiraopreto-regiao\\\/sp\\\/2026\\\/09\\\/05\\\/candidatos-a-presidente-realizam-atividades-de-campanha-em-diversas-cidades\",\"url\":\"https:\\\/\\\/redenoticiaz.com.br\\\/ribeiraopreto-regiao\\\/sp\\\/2026\\\/09\\\/05\\\/candidatos-a-presidente-realizam-atividades-de-campanha-em-diversas-cidades\",\"name\":\"Candidatos a presidente realizam atividades de campanha em diversas cidades - Ribeir\u00e3o Preto e Regi\u00e3o\",\"isPartOf\":{\"@id\":\"https:\\\/\\\/redenoticiaz.com.br\\\/ribeiraopreto-regiao\\\/#website\"},\"primaryImageOfPage\":{\"@id\":\"https:\\\/\\\/redenoticiaz.com.br\\\/ribeiraopreto-regiao\\\/sp\\\/2026\\\/09\\\/05\\\/candidatos-a-presidente-realizam-atividades-de-campanha-em-diversas-cidades#primaryimage\"},\"image\":{\"@id\":\"https:\\\/\\\/redenoticiaz.com.br\\\/ribeiraopreto-regiao\\\/sp\\\/2026\\\/09\\\/05\\\/candidatos-a-presidente-realizam-atividades-de-campanha-em-diversas-cidades#primaryimage\"},\"thumbnailUrl\":\"https:\\\/\\\/redenoticiaz.com.br\\\/ribeiraopreto-regiao\\\/wp-content\\\/uploads\\\/sites\\\/4\\\/2026\\\/09\\\/1788583438_eleicoes-2026-banner.jpg\",\"datePublished\":\"2026-09-05T04:43:57+00:00\",\"inLanguage\":\"pt-BR\",\"potentialAction\":[{\"@type\":\"ReadAction\",\"target\":[\"https:\\\/\\\/redenoticiaz.com.br\\\/ribeiraopreto-regiao\\\/sp\\\/2026\\\/09\\\/05\\\/candidatos-a-presidente-realizam-atividades-de-campanha-em-diversas-cidades\"]}]},{\"@type\":\"ImageObject\",\"inLanguage\":\"pt-BR\",\"@id\":\"https:\\\/\\\/redenoticiaz.com.br\\\/ribeiraopreto-regiao\\\/sp\\\/2026\\\/09\\\/05\\\/candidatos-a-presidente-realizam-atividades-de-campanha-em-diversas-cidades#primaryimage\",\"url\":\"https:\\\/\\\/redenoticiaz.com.br\\\/ribeiraopreto-regiao\\\/wp-content\\\/uploads\\\/sites\\\/4\\\/2026\\\/09\\\/1788583438_eleicoes-2026-banner.jpg\",\"contentUrl\":\"https:\\\/\\\/redenoticiaz.com.br\\\/ribeiraopreto-regiao\\\/wp-content\\\/uploads\\\/sites\\\/4\\\/2026\\\/09\\\/1788583438_eleicoes-2026-banner.jpg\",\"width\":1600,\"height\":800},{\"@type\":\"WebSite\",\"@id\":\"https:\\\/\\\/redenoticiaz.com.br\\\/ribeiraopreto-regiao\\\/#website\",\"url\":\"https:\\\/\\\/redenoticiaz.com.br\\\/ribeiraopreto-regiao\\\/\",\"name\":\"Ribeir\u00e3o Preto e Regi\u00e3o\",\"description\":\"Rede NoticiaZ - Ribeir\u00e3o Preto e regi\u00e3o\",\"publisher\":{\"@id\":\"https:\\\/\\\/redenoticiaz.com.br\\\/ribeiraopreto-regiao\\\/#organization\"},\"potentialAction\":[{\"@type\":\"SearchAction\",\"target\":{\"@type\":\"EntryPoint\",\"urlTemplate\":\"https:\\\/\\\/redenoticiaz.com.br\\\/ribeiraopreto-regiao\\\/?s={search_term_string}\"},\"query-input\":{\"@type\":\"PropertyValueSpecification\",\"valueRequired\":true,\"valueName\":\"search_term_string\"}}],\"inLanguage\":\"pt-BR\"},{\"@type\":\"Organization\",\"@id\":\"https:\\\/\\\/redenoticiaz.com.br\\\/ribeiraopreto-regiao\\\/#organization\",\"name\":\"Ribeir\u00e3o Preto e Regi\u00e3o\",\"url\":\"https:\\\/\\\/redenoticiaz.com.br\\\/ribeiraopreto-regiao\\\/\",\"logo\":{\"@type\":\"ImageObject\",\"inLanguage\":\"pt-BR\",\"@id\":\"https:\\\/\\\/redenoticiaz.com.br\\\/ribeiraopreto-regiao\\\/#\\\/schema\\\/logo\\\/image\\\/\",\"url\":\"https:\\\/\\\/redenoticiaz.com.br\\\/barretos-regiao\\\/wp-content\\\/uploads\\\/sites\\\/4\\\/2022\\\/02\\\/logo.jpg\",\"contentUrl\":\"https:\\\/\\\/redenoticiaz.com.br\\\/barretos-regiao\\\/wp-content\\\/uploads\\\/sites\\\/4\\\/2022\\\/02\\\/logo.jpg\",\"width\":400,\"height\":250,\"caption\":\"Ribeir\u00e3o Preto e Regi\u00e3o\"},\"image\":{\"@id\":\"https:\\\/\\\/redenoticiaz.com.br\\\/ribeiraopreto-regiao\\\/#\\\/schema\\\/logo\\\/image\\\/\"},\"sameAs\":[\"https:\\\/\\\/m.facebook.com\\\/redenoticiaz.barretos\",\"https:\\\/\\\/x.com\\\/RN_barretos\",\"https:\\\/\\\/www.instagram.com\\\/redenoticiaz.barretos\\\/?igshid=YmMyMTA2M2Y\",\"https:\\\/\\\/www.linkedin.com\\\/company\\\/rede-noticiaz-barretos-e-regio\\\/\"]},{\"@type\":\"Person\",\"@id\":\"https:\\\/\\\/redenoticiaz.com.br\\\/ribeiraopreto-regiao\\\/#\\\/schema\\\/person\\\/e1b0bd8c2637e2c1b6ddcbc2c33b116f\",\"name\":\"Patr\u00edcia Prado\",\"image\":{\"@type\":\"ImageObject\",\"inLanguage\":\"pt-BR\",\"@id\":\"https:\\\/\\\/secure.gravatar.com\\\/avatar\\\/92e358bef22cfcec15e054ae4d9fee04dadf0c772dc4a17b382b8a34a15354c2?s=96&d=mm&r=g\",\"url\":\"https:\\\/\\\/secure.gravatar.com\\\/avatar\\\/92e358bef22cfcec15e054ae4d9fee04dadf0c772dc4a17b382b8a34a15354c2?s=96&d=mm&r=g\",\"contentUrl\":\"https:\\\/\\\/secure.gravatar.com\\\/avatar\\\/92e358bef22cfcec15e054ae4d9fee04dadf0c772dc4a17b382b8a34a15354c2?s=96&d=mm&r=g\",\"caption\":\"Patr\u00edcia Prado\"},\"url\":\"https:\\\/\\\/redenoticiaz.com.br\\\/ribeiraopreto-regiao\\\/sp\\\/author\\\/patricia-prado\"}]}<\/script>\n<!-- \/ Yoast SEO plugin. -->","yoast_head_json":{"title":"Candidatos a presidente realizam atividades de campanha em diversas cidades - Ribeir\u00e3o Preto e Regi\u00e3o","robots":{"index":"index","follow":"follow","max-snippet":"max-snippet:-1","max-image-preview":"max-image-preview:large","max-video-preview":"max-video-preview:-1"},"canonical":"https:\/\/redenoticiaz.com.br\/ribeiraopreto-regiao\/sp\/2026\/09\/05\/candidatos-a-presidente-realizam-atividades-de-campanha-em-diversas-cidades","og_locale":"pt_BR","og_type":"article","og_title":"Candidatos a presidente realizam atividades de campanha em diversas cidades - Ribeir\u00e3o Preto e Regi\u00e3o","og_description":"Nesta sexta-feira, 4 de agosto, os candidatos \u00e0 presid\u00eancia do Brasil realizaram diversas atividades de campanha, incluindo caminhadas, com\u00edcios, eventos e entrevistas para a imprensa. O dia foi marcado pela presen\u00e7a ou aus\u00eancia dos candidatos em agendas p\u00fablicas. Wilson Grassi (Democrata) n\u00e3o programou compromissos para a data. Augusto Cury (Avante) participou de um almo\u00e7o com &hellip;","og_url":"https:\/\/redenoticiaz.com.br\/ribeiraopreto-regiao\/sp\/2026\/09\/05\/candidatos-a-presidente-realizam-atividades-de-campanha-em-diversas-cidades","og_site_name":"Ribeir\u00e3o Preto e Regi\u00e3o","article_publisher":"https:\/\/m.facebook.com\/redenoticiaz.barretos","article_published_time":"2026-09-05T04:43:57+00:00","og_image":[{"width":400,"height":250,"url":"https:\/\/redenoticiaz.com.br\/ribeiraopreto-regiao\/wp-content\/uploads\/sites\/4\/2022\/02\/logo.jpg","type":"image\/jpeg"}],"author":"Patr\u00edcia Prado","twitter_card":"summary_large_image","twitter_creator":"@RN_barretos","twitter_site":"@RN_barretos","twitter_misc":{"Escrito por":"Patr\u00edcia Prado","Est. tempo de leitura":"2 minutos"},"schema":{"@context":"https:\/\/schema.org","@graph":[{"@type":"Article","@id":"https:\/\/redenoticiaz.com.br\/ribeiraopreto-regiao\/sp\/2026\/09\/05\/candidatos-a-presidente-realizam-atividades-de-campanha-em-diversas-cidades#article","isPartOf":{"@id":"https:\/\/redenoticiaz.com.br\/ribeiraopreto-regiao\/sp\/2026\/09\/05\/candidatos-a-presidente-realizam-atividades-de-campanha-em-diversas-cidades"},"author":{"name":"Patr\u00edcia Prado","@id":"https:\/\/redenoticiaz.com.br\/ribeiraopreto-regiao\/#\/schema\/person\/e1b0bd8c2637e2c1b6ddcbc2c33b116f"},"headline":"Candidatos a presidente realizam atividades de campanha em diversas cidades","datePublished":"2026-09-05T04:43:57+00:00","mainEntityOfPage":{"@id":"https:\/\/redenoticiaz.com.br\/ribeiraopreto-regiao\/sp\/2026\/09\/05\/candidatos-a-presidente-realizam-atividades-de-campanha-em-diversas-cidades"},"wordCount":479,"commentCount":0,"publisher":{"@id":"https:\/\/redenoticiaz.com.br\/ribeiraopreto-regiao\/#organization"},"image":{"@id":"https:\/\/redenoticiaz.com.br\/ribeiraopreto-regiao\/sp\/2026\/09\/05\/candidatos-a-presidente-realizam-atividades-de-campanha-em-diversas-cidades#primaryimage"},"thumbnailUrl":"https:\/\/redenoticiaz.com.br\/ribeiraopreto-regiao\/wp-content\/uploads\/sites\/4\/2026\/09\/1788583438_eleicoes-2026-banner.jpg","articleSection":["Economia","Educa\u00e7\u00e3o","Elei\u00e7\u00f5es","Emprego","Mundo","Sa\u00fade","Trabalho"],"inLanguage":"pt-BR","potentialAction":[{"@type":"CommentAction","name":"Comment","target":["https:\/\/redenoticiaz.com.br\/ribeiraopreto-regiao\/sp\/2026\/09\/05\/candidatos-a-presidente-realizam-atividades-de-campanha-em-diversas-cidades#respond"]}]},{"@type":"WebPage","@id":"https:\/\/redenoticiaz.com.br\/ribeiraopreto-regiao\/sp\/2026\/09\/05\/candidatos-a-presidente-realizam-atividades-de-campanha-em-diversas-cidades","url":"https:\/\/redenoticiaz.com.br\/ribeiraopreto-regiao\/sp\/2026\/09\/05\/candidatos-a-presidente-realizam-atividades-de-campanha-em-diversas-cidades","name":"Candidatos a presidente realizam atividades de campanha em diversas cidades - Ribeir\u00e3o Preto e Regi\u00e3o","isPartOf":{"@id":"https:\/\/redenoticiaz.com.br\/ribeiraopreto-regiao\/#website"},"primaryImageOfPage":{"@id":"https:\/\/redenoticiaz.com.br\/ribeiraopreto-regiao\/sp\/2026\/09\/05\/candidatos-a-presidente-realizam-atividades-de-campanha-em-diversas-cidades#primaryimage"},"image":{"@id":"https:\/\/redenoticiaz.com.br\/ribeiraopreto-regiao\/sp\/2026\/09\/05\/candidatos-a-presidente-realizam-atividades-de-campanha-em-diversas-cidades#primaryimage"},"thumbnailUrl":"https:\/\/redenoticiaz.com.br\/ribeiraopreto-regiao\/wp-content\/uploads\/sites\/4\/2026\/09\/1788583438_eleicoes-2026-banner.jpg","datePublished":"2026-09-05T04:43:57+00:00","inLanguage":"pt-BR","potentialAction":[{"@type":"ReadAction","target":["https:\/\/redenoticiaz.com.br\/ribeiraopreto-regiao\/sp\/2026\/09\/05\/candidatos-a-presidente-realizam-atividades-de-campanha-em-diversas-cidades"]}]},{"@type":"ImageObject","inLanguage":"pt-BR","@id":"https:\/\/redenoticiaz.com.br\/ribeiraopreto-regiao\/sp\/2026\/09\/05\/candidatos-a-presidente-realizam-atividades-de-campanha-em-diversas-cidades#primaryimage","url":"https:\/\/redenoticiaz.com.br\/ribeiraopreto-regiao\/wp-content\/uploads\/sites\/4\/2026\/09\/1788583438_eleicoes-2026-banner.jpg","contentUrl":"https:\/\/redenoticiaz.com.br\/ribeiraopreto-regiao\/wp-content\/uploads\/sites\/4\/2026\/09\/1788583438_eleicoes-2026-banner.jpg","width":1600,"height":800},{"@type":"WebSite","@id":"https:\/\/redenoticiaz.com.br\/ribeiraopreto-regiao\/#website","url":"https:\/\/redenoticiaz.com.br\/ribeiraopreto-regiao\/","name":"Ribeir\u00e3o Preto e Regi\u00e3o","description":"Rede NoticiaZ - Ribeir\u00e3o Preto e regi\u00e3o","publisher":{"@id":"https:\/\/redenoticiaz.com.br\/ribeiraopreto-regiao\/#organization"},"potentialAction":[{"@type":"SearchAction","target":{"@type":"EntryPoint","urlTemplate":"https:\/\/redenoticiaz.com.br\/ribeiraopreto-regiao\/?s={search_term_string}"},"query-input":{"@type":"PropertyValueSpecification","valueRequired":true,"valueName":"search_term_string"}}],"inLanguage":"pt-BR"},{"@type":"Organization","@id":"https:\/\/redenoticiaz.com.br\/ribeiraopreto-regiao\/#organization","name":"Ribeir\u00e3o Preto e Regi\u00e3o","url":"https:\/\/redenoticiaz.com.br\/ribeiraopreto-regiao\/","logo":{"@type":"ImageObject","inLanguage":"pt-BR","@id":"https:\/\/redenoticiaz.com.br\/ribeiraopreto-regiao\/#\/schema\/logo\/image\/","url":"https:\/\/redenoticiaz.com.br\/barretos-regiao\/wp-content\/uploads\/sites\/4\/2022\/02\/logo.jpg","contentUrl":"https:\/\/redenoticiaz.com.br\/barretos-regiao\/wp-content\/uploads\/sites\/4\/2022\/02\/logo.jpg","width":400,"height":250,"caption":"Ribeir\u00e3o Preto e Regi\u00e3o"},"image":{"@id":"https:\/\/redenoticiaz.com.br\/ribeiraopreto-regiao\/#\/schema\/logo\/image\/"},"sameAs":["https:\/\/m.facebook.com\/redenoticiaz.barretos","https:\/\/x.com\/RN_barretos","https:\/\/www.instagram.com\/redenoticiaz.barretos\/?igshid=YmMyMTA2M2Y","https:\/\/www.linkedin.com\/company\/rede-noticiaz-barretos-e-regio\/"]},{"@type":"Person","@id":"https:\/\/redenoticiaz.com.br\/ribeiraopreto-regiao\/#\/schema\/person\/e1b0bd8c2637e2c1b6ddcbc2c33b116f","name":"Patr\u00edcia Prado","image":{"@type":"ImageObject","inLanguage":"pt-BR","@id":"https:\/\/secure.gravatar.com\/avatar\/92e358bef22cfcec15e054ae4d9fee04dadf0c772dc4a17b382b8a34a15354c2?s=96&d=mm&r=g","url":"https:\/\/secure.gravatar.com\/avatar\/92e358bef22cfcec15e054ae4d9fee04dadf0c772dc4a17b382b8a34a15354c2?s=96&d=mm&r=g","contentUrl":"https:\/\/secure.gravatar.com\/avatar\/92e358bef22cfcec15e054ae4d9fee04dadf0c772dc4a17b382b8a34a15354c2?s=96&d=mm&r=g","caption":"Patr\u00edcia Prado"},"url":"https:\/\/redenoticiaz.com.br\/ribeiraopreto-regiao\/sp\/author\/patricia-prado"}]}},"_links":{"self":[{"href":"https:\/\/redenoticiaz.com.br\/ribeiraopreto-regiao\/wp-json\/wp\/v2\/posts\/123300","targetHints":{"allow":["GET"]}}],"collection":[{"href":"https:\/\/redenoticiaz.com.br\/ribeiraopreto-regiao\/wp-json\/wp\/v2\/posts"}],"about":[{"href":"https:\/\/redenoticiaz.com.br\/ribeiraopreto-regiao\/wp-json\/wp\/v2\/types\/post"}],"author":[{"embeddable":true,"href":"https:\/\/redenoticiaz.com.br\/ribeiraopreto-regiao\/wp-json\/wp\/v2\/users\/5"}],"replies":[{"embeddable":true,"href":"https:\/\/redenoticiaz.com.br\/ribeiraopreto-regiao\/wp-json\/wp\/v2\/comments?post=123300"}],"version-history":[{"count":0,"href":"https:\/\/redenoticiaz.com.br\/ribeiraopreto-regiao\/wp-json\/wp\/v2\/posts\/123300\/revisions"}],"wp:featuredmedia":[{"embeddable":true,"href":"https:\/\/redenoticiaz.com.br\/ribeiraopreto-regiao\/wp-json\/wp\/v2\/media\/123301"}],"wp:attachment":[{"href":"https:\/\/redenoticiaz.com.br\/ribeiraopreto-regiao\/wp-json\/wp\/v2\/media?parent=123300"}],"wp:term":[{"taxonomy":"category","embeddable":true,"href":"https:\/\/redenoticiaz.com.br\/ribeiraopreto-regiao\/wp-json\/wp\/v2\/categories?post=123300"},{"taxonomy":"post_tag","embeddable":true,"href":"https:\/\/redenoticiaz.com.br\/ribeiraopreto-regiao\/wp-json\/wp\/v2\/tags?post=123300"}],"curies":[{"name":"wp","href":"https:\/\/api.w.org\/{rel}","templated":true}]}}