{"id":123306,"date":"2026-09-05T09:30:54","date_gmt":"2026-09-05T12:30:54","guid":{"rendered":"https:\/\/redenoticiaz.com.br\/ribeiraopreto-regiao\/sp\/2026\/09\/05\/amazonia-e-chaco-refletem-desafios-climaticos-da-america-latina"},"modified":"2026-09-05T09:30:54","modified_gmt":"2026-09-05T12:30:54","slug":"amazonia-e-chaco-refletem-desafios-climaticos-da-america-latina","status":"publish","type":"post","link":"https:\/\/redenoticiaz.com.br\/ribeiraopreto-regiao\/sp\/2026\/09\/05\/amazonia-e-chaco-refletem-desafios-climaticos-da-america-latina","title":{"rendered":"Amaz\u00f4nia e Chaco refletem desafios clim\u00e1ticos da Am\u00e9rica Latina"},"content":{"rendered":"<p>Durante a 17\u00aa Confer\u00eancia das Na\u00e7\u00f5es Unidas de Combate \u00e0 Desertifica\u00e7\u00e3o (COP17), encerrada na semana passada em Ulaanbaatar, Mong\u00f3lia, tr\u00eas l\u00edderes de comunidades latino-americanas destacaram os impactos das mudan\u00e7as clim\u00e1ticas em suas regi\u00f5es. As hist\u00f3rias revelaram o comprometimento da agricultura e da cultura ind\u00edgena devido a secas e inunda\u00e7\u00f5es.<\/p>\n<p>Na Amaz\u00f4nia peruana, Gilmer Yuimachi, representante do povo ind\u00edgena shipibo-konibo, alertou que a seca est\u00e1 amea\u00e7ando n\u00e3o apenas a seguran\u00e7a alimentar, mas tamb\u00e9m o conhecimento ancestral. Ele ressaltou que a redu\u00e7\u00e3o dos n\u00edveis de rios e lagos compromete a pesca, a agricultura e a medicina tradicional, enfatizando que a degrada\u00e7\u00e3o ambiental vai al\u00e9m das perdas econ\u00f4micas. &#8220;A seca e a degrada\u00e7\u00e3o n\u00e3o significam apenas falta de \u00e1gua; arriscam nossa alimenta\u00e7\u00e3o, florestas e culturas&#8221;, afirmou.<\/p>\n<p>Em El Salvador, a l\u00edder juvenil Xenia L\u00f3pez est\u00e1 \u00e0 frente de iniciativas de adapta\u00e7\u00e3o agr\u00edcola em 16 comunidades do Corredor Seco Centro-Americano, uma regi\u00e3o vulner\u00e1vel \u00e0 falta de \u00e1gua. &#8220;Algumas \u00e1reas enfrentam longos per\u00edodos de secas enquanto deveriam receber chuvas&#8221;, disse. Para contornar a situa\u00e7\u00e3o, L\u00f3pez vem promovendo pr\u00e1ticas agroecol\u00f3gicas que melhoram a efic\u00e1cia do uso da \u00e1gua e protegem o solo, embora reconhe\u00e7a a necessidade de apoio governamental e internacional.<\/p>\n<p>Na Argentina, a professora e ativista Antonella Sleiman relatou que a regi\u00e3o do Chaco Americano, que tradicionalmente enfrenta a seca, passou por inunda\u00e7\u00f5es sem precedentes este ano, causando severos danos \u00e0s planta\u00e7\u00f5es. As comunidades que dependiam da agricultura para subsist\u00eancia enfrentaram a necessidade de comprar alimentos, o que, segundo ela, trouxe novas dificuldades.<\/p>\n<p>Os dados da conven\u00e7\u00e3o da ONU indicam que cerca de 28% das terras na Am\u00e9rica Latina est\u00e3o degradadas, um \u00edndice significativamente mais alto do que a m\u00e9dia global de 15% a 16%. A COP17 resultou em novos mecanismos de financiamento e discutiu a participa\u00e7\u00e3o de povos ind\u00edgenas na luta contra a desertifica\u00e7\u00e3o, mas representantes da regi\u00e3o enfatizam que ainda h\u00e1 um grande intervalo entre as decis\u00f5es internacionais e a realidade enfrentada localmente.<\/p>\n<p>Xenia L\u00f3pez afirmou que eventos como a COP17 s\u00e3o essenciais para construir redes de apoio e dar visibilidade \u00e0s demandas das comunidades. &#8220;Precisamos amplificar nossas vozes em cen\u00e1rios internacionais&#8221;, disse. Da mesma forma, Antonella Sleiman expressou a esperan\u00e7a de que as lutas de sua comunidade sejam ouvidas e consideradas nas negocia\u00e7\u00f5es que moldam o futuro da regi\u00e3o.<\/p>\n<p>Ao longo da confer\u00eancia, outras vozes jovens, como a da brasileira Thaiane Maciel, destacaram a necessidade de que as pol\u00edticas sobre a terra sejam abrangentes, considerando o impacto coletivo nas quest\u00f5es de \u00e1gua e migra\u00e7\u00f5es clim\u00e1ticas. Ela enfatizou que os jovens devem ser reconhecidos n\u00e3o apenas como aprendizes, mas como agentes ativos na formula\u00e7\u00e3o de pol\u00edticas.<\/p>\n<p>Enquanto as confer\u00eancias internacionais se encerram, as demandas por solu\u00e7\u00f5es concretas e apoio cont\u00ednuo para os desafios di\u00e1rios provocados pela desertifica\u00e7\u00e3o e mudan\u00e7as clim\u00e1ticas permanecem urgentes para as comunidades da Am\u00e9rica Latina.<\/p>\n","protected":false},"excerpt":{"rendered":"<p>Durante a 17\u00aa Confer\u00eancia das Na\u00e7\u00f5es Unidas de Combate \u00e0 Desertifica\u00e7\u00e3o (COP17), encerrada na semana passada em Ulaanbaatar, Mong\u00f3lia, tr\u00eas l\u00edderes de comunidades latino-americanas destacaram os impactos das mudan\u00e7as clim\u00e1ticas em suas regi\u00f5es. As hist\u00f3rias revelaram o comprometimento da agricultura e da cultura ind\u00edgena devido a secas e inunda\u00e7\u00f5es. Na Amaz\u00f4nia peruana, Gilmer Yuimachi, representante &hellip;<\/p>\n","protected":false},"author":5,"featured_media":123307,"comment_status":"open","ping_status":"closed","sticky":false,"template":"","format":"standard","meta":{"footnotes":""},"categories":[5267,1771,469,175,94,68],"tags":[],"class_list":["post-123306","post","type-post","status-publish","format-standard","has-post-thumbnail","hentry","category-agricultura","category-climatologia","category-cultura","category-gastronomia","category-meio-ambiente","category-mundo"],"yoast_head":"<!-- This site is optimized with the Yoast SEO plugin v28.4 - https:\/\/yoast.com\/product\/yoast-seo-wordpress\/ -->\n<title>Amaz\u00f4nia e Chaco refletem desafios clim\u00e1ticos da Am\u00e9rica Latina - Ribeir\u00e3o Preto e Regi\u00e3o<\/title>\n<meta name=\"robots\" content=\"index, follow, max-snippet:-1, max-image-preview:large, max-video-preview:-1\" \/>\n<link rel=\"canonical\" href=\"https:\/\/redenoticiaz.com.br\/ribeiraopreto-regiao\/sp\/2026\/09\/05\/amazonia-e-chaco-refletem-desafios-climaticos-da-america-latina\" \/>\n<meta property=\"og:locale\" content=\"pt_BR\" \/>\n<meta property=\"og:type\" content=\"article\" \/>\n<meta property=\"og:title\" content=\"Amaz\u00f4nia e Chaco refletem desafios clim\u00e1ticos da Am\u00e9rica Latina - Ribeir\u00e3o Preto e Regi\u00e3o\" \/>\n<meta property=\"og:description\" content=\"Durante a 17\u00aa Confer\u00eancia das Na\u00e7\u00f5es Unidas de Combate \u00e0 Desertifica\u00e7\u00e3o (COP17), encerrada na semana passada em Ulaanbaatar, Mong\u00f3lia, tr\u00eas l\u00edderes de comunidades latino-americanas destacaram os impactos das mudan\u00e7as clim\u00e1ticas em suas regi\u00f5es. As hist\u00f3rias revelaram o comprometimento da agricultura e da cultura ind\u00edgena devido a secas e inunda\u00e7\u00f5es. Na Amaz\u00f4nia peruana, Gilmer Yuimachi, representante &hellip;\" \/>\n<meta property=\"og:url\" content=\"https:\/\/redenoticiaz.com.br\/ribeiraopreto-regiao\/sp\/2026\/09\/05\/amazonia-e-chaco-refletem-desafios-climaticos-da-america-latina\" \/>\n<meta property=\"og:site_name\" content=\"Ribeir\u00e3o Preto e Regi\u00e3o\" \/>\n<meta property=\"article:publisher\" content=\"https:\/\/m.facebook.com\/redenoticiaz.barretos\" \/>\n<meta property=\"article:published_time\" content=\"2026-09-05T12:30:54+00:00\" \/>\n<meta property=\"og:image\" content=\"https:\/\/redenoticiaz.com.br\/ribeiraopreto-regiao\/wp-content\/uploads\/sites\/4\/2022\/02\/logo.jpg\" \/>\n\t<meta property=\"og:image:width\" content=\"400\" \/>\n\t<meta property=\"og:image:height\" content=\"250\" \/>\n\t<meta property=\"og:image:type\" content=\"image\/jpeg\" \/>\n<meta name=\"author\" content=\"Patr\u00edcia Prado\" \/>\n<meta name=\"twitter:card\" content=\"summary_large_image\" \/>\n<meta name=\"twitter:creator\" content=\"@RN_barretos\" \/>\n<meta name=\"twitter:site\" content=\"@RN_barretos\" \/>\n<meta name=\"twitter:label1\" content=\"Escrito por\" \/>\n\t<meta name=\"twitter:data1\" content=\"Patr\u00edcia Prado\" \/>\n\t<meta name=\"twitter:label2\" content=\"Est. tempo de leitura\" \/>\n\t<meta name=\"twitter:data2\" content=\"3 minutos\" \/>\n<script type=\"application\/ld+json\" class=\"yoast-schema-graph\">{\"@context\":\"https:\\\/\\\/schema.org\",\"@graph\":[{\"@type\":\"Article\",\"@id\":\"https:\\\/\\\/redenoticiaz.com.br\\\/ribeiraopreto-regiao\\\/sp\\\/2026\\\/09\\\/05\\\/amazonia-e-chaco-refletem-desafios-climaticos-da-america-latina#article\",\"isPartOf\":{\"@id\":\"https:\\\/\\\/redenoticiaz.com.br\\\/ribeiraopreto-regiao\\\/sp\\\/2026\\\/09\\\/05\\\/amazonia-e-chaco-refletem-desafios-climaticos-da-america-latina\"},\"author\":{\"name\":\"Patr\u00edcia Prado\",\"@id\":\"https:\\\/\\\/redenoticiaz.com.br\\\/ribeiraopreto-regiao\\\/#\\\/schema\\\/person\\\/e1b0bd8c2637e2c1b6ddcbc2c33b116f\"},\"headline\":\"Amaz\u00f4nia e Chaco refletem desafios clim\u00e1ticos da Am\u00e9rica Latina\",\"datePublished\":\"2026-09-05T12:30:54+00:00\",\"mainEntityOfPage\":{\"@id\":\"https:\\\/\\\/redenoticiaz.com.br\\\/ribeiraopreto-regiao\\\/sp\\\/2026\\\/09\\\/05\\\/amazonia-e-chaco-refletem-desafios-climaticos-da-america-latina\"},\"wordCount\":543,\"commentCount\":0,\"publisher\":{\"@id\":\"https:\\\/\\\/redenoticiaz.com.br\\\/ribeiraopreto-regiao\\\/#organization\"},\"image\":{\"@id\":\"https:\\\/\\\/redenoticiaz.com.br\\\/ribeiraopreto-regiao\\\/sp\\\/2026\\\/09\\\/05\\\/amazonia-e-chaco-refletem-desafios-climaticos-da-america-latina#primaryimage\"},\"thumbnailUrl\":\"https:\\\/\\\/redenoticiaz.com.br\\\/ribeiraopreto-regiao\\\/wp-content\\\/uploads\\\/sites\\\/4\\\/2026\\\/09\\\/associacao_intercultural_bari_wesna.jpg\",\"articleSection\":[\"Agricultura\",\"Climatologia\",\"Cultura\",\"Gastronomia\",\"Meio Ambiente\",\"Mundo\"],\"inLanguage\":\"pt-BR\",\"potentialAction\":[{\"@type\":\"CommentAction\",\"name\":\"Comment\",\"target\":[\"https:\\\/\\\/redenoticiaz.com.br\\\/ribeiraopreto-regiao\\\/sp\\\/2026\\\/09\\\/05\\\/amazonia-e-chaco-refletem-desafios-climaticos-da-america-latina#respond\"]}]},{\"@type\":\"WebPage\",\"@id\":\"https:\\\/\\\/redenoticiaz.com.br\\\/ribeiraopreto-regiao\\\/sp\\\/2026\\\/09\\\/05\\\/amazonia-e-chaco-refletem-desafios-climaticos-da-america-latina\",\"url\":\"https:\\\/\\\/redenoticiaz.com.br\\\/ribeiraopreto-regiao\\\/sp\\\/2026\\\/09\\\/05\\\/amazonia-e-chaco-refletem-desafios-climaticos-da-america-latina\",\"name\":\"Amaz\u00f4nia e Chaco refletem desafios clim\u00e1ticos da Am\u00e9rica Latina - Ribeir\u00e3o Preto e Regi\u00e3o\",\"isPartOf\":{\"@id\":\"https:\\\/\\\/redenoticiaz.com.br\\\/ribeiraopreto-regiao\\\/#website\"},\"primaryImageOfPage\":{\"@id\":\"https:\\\/\\\/redenoticiaz.com.br\\\/ribeiraopreto-regiao\\\/sp\\\/2026\\\/09\\\/05\\\/amazonia-e-chaco-refletem-desafios-climaticos-da-america-latina#primaryimage\"},\"image\":{\"@id\":\"https:\\\/\\\/redenoticiaz.com.br\\\/ribeiraopreto-regiao\\\/sp\\\/2026\\\/09\\\/05\\\/amazonia-e-chaco-refletem-desafios-climaticos-da-america-latina#primaryimage\"},\"thumbnailUrl\":\"https:\\\/\\\/redenoticiaz.com.br\\\/ribeiraopreto-regiao\\\/wp-content\\\/uploads\\\/sites\\\/4\\\/2026\\\/09\\\/associacao_intercultural_bari_wesna.jpg\",\"datePublished\":\"2026-09-05T12:30:54+00:00\",\"inLanguage\":\"pt-BR\",\"potentialAction\":[{\"@type\":\"ReadAction\",\"target\":[\"https:\\\/\\\/redenoticiaz.com.br\\\/ribeiraopreto-regiao\\\/sp\\\/2026\\\/09\\\/05\\\/amazonia-e-chaco-refletem-desafios-climaticos-da-america-latina\"]}]},{\"@type\":\"ImageObject\",\"inLanguage\":\"pt-BR\",\"@id\":\"https:\\\/\\\/redenoticiaz.com.br\\\/ribeiraopreto-regiao\\\/sp\\\/2026\\\/09\\\/05\\\/amazonia-e-chaco-refletem-desafios-climaticos-da-america-latina#primaryimage\",\"url\":\"https:\\\/\\\/redenoticiaz.com.br\\\/ribeiraopreto-regiao\\\/wp-content\\\/uploads\\\/sites\\\/4\\\/2026\\\/09\\\/associacao_intercultural_bari_wesna.jpg\",\"contentUrl\":\"https:\\\/\\\/redenoticiaz.com.br\\\/ribeiraopreto-regiao\\\/wp-content\\\/uploads\\\/sites\\\/4\\\/2026\\\/09\\\/associacao_intercultural_bari_wesna.jpg\",\"width\":1600,\"height\":800},{\"@type\":\"WebSite\",\"@id\":\"https:\\\/\\\/redenoticiaz.com.br\\\/ribeiraopreto-regiao\\\/#website\",\"url\":\"https:\\\/\\\/redenoticiaz.com.br\\\/ribeiraopreto-regiao\\\/\",\"name\":\"Ribeir\u00e3o Preto e Regi\u00e3o\",\"description\":\"Rede NoticiaZ - Ribeir\u00e3o Preto e regi\u00e3o\",\"publisher\":{\"@id\":\"https:\\\/\\\/redenoticiaz.com.br\\\/ribeiraopreto-regiao\\\/#organization\"},\"potentialAction\":[{\"@type\":\"SearchAction\",\"target\":{\"@type\":\"EntryPoint\",\"urlTemplate\":\"https:\\\/\\\/redenoticiaz.com.br\\\/ribeiraopreto-regiao\\\/?s={search_term_string}\"},\"query-input\":{\"@type\":\"PropertyValueSpecification\",\"valueRequired\":true,\"valueName\":\"search_term_string\"}}],\"inLanguage\":\"pt-BR\"},{\"@type\":\"Organization\",\"@id\":\"https:\\\/\\\/redenoticiaz.com.br\\\/ribeiraopreto-regiao\\\/#organization\",\"name\":\"Ribeir\u00e3o Preto e Regi\u00e3o\",\"url\":\"https:\\\/\\\/redenoticiaz.com.br\\\/ribeiraopreto-regiao\\\/\",\"logo\":{\"@type\":\"ImageObject\",\"inLanguage\":\"pt-BR\",\"@id\":\"https:\\\/\\\/redenoticiaz.com.br\\\/ribeiraopreto-regiao\\\/#\\\/schema\\\/logo\\\/image\\\/\",\"url\":\"https:\\\/\\\/redenoticiaz.com.br\\\/barretos-regiao\\\/wp-content\\\/uploads\\\/sites\\\/4\\\/2022\\\/02\\\/logo.jpg\",\"contentUrl\":\"https:\\\/\\\/redenoticiaz.com.br\\\/barretos-regiao\\\/wp-content\\\/uploads\\\/sites\\\/4\\\/2022\\\/02\\\/logo.jpg\",\"width\":400,\"height\":250,\"caption\":\"Ribeir\u00e3o Preto e Regi\u00e3o\"},\"image\":{\"@id\":\"https:\\\/\\\/redenoticiaz.com.br\\\/ribeiraopreto-regiao\\\/#\\\/schema\\\/logo\\\/image\\\/\"},\"sameAs\":[\"https:\\\/\\\/m.facebook.com\\\/redenoticiaz.barretos\",\"https:\\\/\\\/x.com\\\/RN_barretos\",\"https:\\\/\\\/www.instagram.com\\\/redenoticiaz.barretos\\\/?igshid=YmMyMTA2M2Y\",\"https:\\\/\\\/www.linkedin.com\\\/company\\\/rede-noticiaz-barretos-e-regio\\\/\"]},{\"@type\":\"Person\",\"@id\":\"https:\\\/\\\/redenoticiaz.com.br\\\/ribeiraopreto-regiao\\\/#\\\/schema\\\/person\\\/e1b0bd8c2637e2c1b6ddcbc2c33b116f\",\"name\":\"Patr\u00edcia Prado\",\"image\":{\"@type\":\"ImageObject\",\"inLanguage\":\"pt-BR\",\"@id\":\"https:\\\/\\\/secure.gravatar.com\\\/avatar\\\/92e358bef22cfcec15e054ae4d9fee04dadf0c772dc4a17b382b8a34a15354c2?s=96&d=mm&r=g\",\"url\":\"https:\\\/\\\/secure.gravatar.com\\\/avatar\\\/92e358bef22cfcec15e054ae4d9fee04dadf0c772dc4a17b382b8a34a15354c2?s=96&d=mm&r=g\",\"contentUrl\":\"https:\\\/\\\/secure.gravatar.com\\\/avatar\\\/92e358bef22cfcec15e054ae4d9fee04dadf0c772dc4a17b382b8a34a15354c2?s=96&d=mm&r=g\",\"caption\":\"Patr\u00edcia Prado\"},\"url\":\"https:\\\/\\\/redenoticiaz.com.br\\\/ribeiraopreto-regiao\\\/sp\\\/author\\\/patricia-prado\"}]}<\/script>\n<!-- \/ Yoast SEO plugin. -->","yoast_head_json":{"title":"Amaz\u00f4nia e Chaco refletem desafios clim\u00e1ticos da Am\u00e9rica Latina - Ribeir\u00e3o Preto e Regi\u00e3o","robots":{"index":"index","follow":"follow","max-snippet":"max-snippet:-1","max-image-preview":"max-image-preview:large","max-video-preview":"max-video-preview:-1"},"canonical":"https:\/\/redenoticiaz.com.br\/ribeiraopreto-regiao\/sp\/2026\/09\/05\/amazonia-e-chaco-refletem-desafios-climaticos-da-america-latina","og_locale":"pt_BR","og_type":"article","og_title":"Amaz\u00f4nia e Chaco refletem desafios clim\u00e1ticos da Am\u00e9rica Latina - Ribeir\u00e3o Preto e Regi\u00e3o","og_description":"Durante a 17\u00aa Confer\u00eancia das Na\u00e7\u00f5es Unidas de Combate \u00e0 Desertifica\u00e7\u00e3o (COP17), encerrada na semana passada em Ulaanbaatar, Mong\u00f3lia, tr\u00eas l\u00edderes de comunidades latino-americanas destacaram os impactos das mudan\u00e7as clim\u00e1ticas em suas regi\u00f5es. As hist\u00f3rias revelaram o comprometimento da agricultura e da cultura ind\u00edgena devido a secas e inunda\u00e7\u00f5es. Na Amaz\u00f4nia peruana, Gilmer Yuimachi, representante &hellip;","og_url":"https:\/\/redenoticiaz.com.br\/ribeiraopreto-regiao\/sp\/2026\/09\/05\/amazonia-e-chaco-refletem-desafios-climaticos-da-america-latina","og_site_name":"Ribeir\u00e3o Preto e Regi\u00e3o","article_publisher":"https:\/\/m.facebook.com\/redenoticiaz.barretos","article_published_time":"2026-09-05T12:30:54+00:00","og_image":[{"width":400,"height":250,"url":"https:\/\/redenoticiaz.com.br\/ribeiraopreto-regiao\/wp-content\/uploads\/sites\/4\/2022\/02\/logo.jpg","type":"image\/jpeg"}],"author":"Patr\u00edcia Prado","twitter_card":"summary_large_image","twitter_creator":"@RN_barretos","twitter_site":"@RN_barretos","twitter_misc":{"Escrito por":"Patr\u00edcia Prado","Est. tempo de leitura":"3 minutos"},"schema":{"@context":"https:\/\/schema.org","@graph":[{"@type":"Article","@id":"https:\/\/redenoticiaz.com.br\/ribeiraopreto-regiao\/sp\/2026\/09\/05\/amazonia-e-chaco-refletem-desafios-climaticos-da-america-latina#article","isPartOf":{"@id":"https:\/\/redenoticiaz.com.br\/ribeiraopreto-regiao\/sp\/2026\/09\/05\/amazonia-e-chaco-refletem-desafios-climaticos-da-america-latina"},"author":{"name":"Patr\u00edcia Prado","@id":"https:\/\/redenoticiaz.com.br\/ribeiraopreto-regiao\/#\/schema\/person\/e1b0bd8c2637e2c1b6ddcbc2c33b116f"},"headline":"Amaz\u00f4nia e Chaco refletem desafios clim\u00e1ticos da Am\u00e9rica Latina","datePublished":"2026-09-05T12:30:54+00:00","mainEntityOfPage":{"@id":"https:\/\/redenoticiaz.com.br\/ribeiraopreto-regiao\/sp\/2026\/09\/05\/amazonia-e-chaco-refletem-desafios-climaticos-da-america-latina"},"wordCount":543,"commentCount":0,"publisher":{"@id":"https:\/\/redenoticiaz.com.br\/ribeiraopreto-regiao\/#organization"},"image":{"@id":"https:\/\/redenoticiaz.com.br\/ribeiraopreto-regiao\/sp\/2026\/09\/05\/amazonia-e-chaco-refletem-desafios-climaticos-da-america-latina#primaryimage"},"thumbnailUrl":"https:\/\/redenoticiaz.com.br\/ribeiraopreto-regiao\/wp-content\/uploads\/sites\/4\/2026\/09\/associacao_intercultural_bari_wesna.jpg","articleSection":["Agricultura","Climatologia","Cultura","Gastronomia","Meio Ambiente","Mundo"],"inLanguage":"pt-BR","potentialAction":[{"@type":"CommentAction","name":"Comment","target":["https:\/\/redenoticiaz.com.br\/ribeiraopreto-regiao\/sp\/2026\/09\/05\/amazonia-e-chaco-refletem-desafios-climaticos-da-america-latina#respond"]}]},{"@type":"WebPage","@id":"https:\/\/redenoticiaz.com.br\/ribeiraopreto-regiao\/sp\/2026\/09\/05\/amazonia-e-chaco-refletem-desafios-climaticos-da-america-latina","url":"https:\/\/redenoticiaz.com.br\/ribeiraopreto-regiao\/sp\/2026\/09\/05\/amazonia-e-chaco-refletem-desafios-climaticos-da-america-latina","name":"Amaz\u00f4nia e Chaco refletem desafios clim\u00e1ticos da Am\u00e9rica Latina - Ribeir\u00e3o Preto e Regi\u00e3o","isPartOf":{"@id":"https:\/\/redenoticiaz.com.br\/ribeiraopreto-regiao\/#website"},"primaryImageOfPage":{"@id":"https:\/\/redenoticiaz.com.br\/ribeiraopreto-regiao\/sp\/2026\/09\/05\/amazonia-e-chaco-refletem-desafios-climaticos-da-america-latina#primaryimage"},"image":{"@id":"https:\/\/redenoticiaz.com.br\/ribeiraopreto-regiao\/sp\/2026\/09\/05\/amazonia-e-chaco-refletem-desafios-climaticos-da-america-latina#primaryimage"},"thumbnailUrl":"https:\/\/redenoticiaz.com.br\/ribeiraopreto-regiao\/wp-content\/uploads\/sites\/4\/2026\/09\/associacao_intercultural_bari_wesna.jpg","datePublished":"2026-09-05T12:30:54+00:00","inLanguage":"pt-BR","potentialAction":[{"@type":"ReadAction","target":["https:\/\/redenoticiaz.com.br\/ribeiraopreto-regiao\/sp\/2026\/09\/05\/amazonia-e-chaco-refletem-desafios-climaticos-da-america-latina"]}]},{"@type":"ImageObject","inLanguage":"pt-BR","@id":"https:\/\/redenoticiaz.com.br\/ribeiraopreto-regiao\/sp\/2026\/09\/05\/amazonia-e-chaco-refletem-desafios-climaticos-da-america-latina#primaryimage","url":"https:\/\/redenoticiaz.com.br\/ribeiraopreto-regiao\/wp-content\/uploads\/sites\/4\/2026\/09\/associacao_intercultural_bari_wesna.jpg","contentUrl":"https:\/\/redenoticiaz.com.br\/ribeiraopreto-regiao\/wp-content\/uploads\/sites\/4\/2026\/09\/associacao_intercultural_bari_wesna.jpg","width":1600,"height":800},{"@type":"WebSite","@id":"https:\/\/redenoticiaz.com.br\/ribeiraopreto-regiao\/#website","url":"https:\/\/redenoticiaz.com.br\/ribeiraopreto-regiao\/","name":"Ribeir\u00e3o Preto e Regi\u00e3o","description":"Rede NoticiaZ - Ribeir\u00e3o Preto e regi\u00e3o","publisher":{"@id":"https:\/\/redenoticiaz.com.br\/ribeiraopreto-regiao\/#organization"},"potentialAction":[{"@type":"SearchAction","target":{"@type":"EntryPoint","urlTemplate":"https:\/\/redenoticiaz.com.br\/ribeiraopreto-regiao\/?s={search_term_string}"},"query-input":{"@type":"PropertyValueSpecification","valueRequired":true,"valueName":"search_term_string"}}],"inLanguage":"pt-BR"},{"@type":"Organization","@id":"https:\/\/redenoticiaz.com.br\/ribeiraopreto-regiao\/#organization","name":"Ribeir\u00e3o Preto e Regi\u00e3o","url":"https:\/\/redenoticiaz.com.br\/ribeiraopreto-regiao\/","logo":{"@type":"ImageObject","inLanguage":"pt-BR","@id":"https:\/\/redenoticiaz.com.br\/ribeiraopreto-regiao\/#\/schema\/logo\/image\/","url":"https:\/\/redenoticiaz.com.br\/barretos-regiao\/wp-content\/uploads\/sites\/4\/2022\/02\/logo.jpg","contentUrl":"https:\/\/redenoticiaz.com.br\/barretos-regiao\/wp-content\/uploads\/sites\/4\/2022\/02\/logo.jpg","width":400,"height":250,"caption":"Ribeir\u00e3o Preto e Regi\u00e3o"},"image":{"@id":"https:\/\/redenoticiaz.com.br\/ribeiraopreto-regiao\/#\/schema\/logo\/image\/"},"sameAs":["https:\/\/m.facebook.com\/redenoticiaz.barretos","https:\/\/x.com\/RN_barretos","https:\/\/www.instagram.com\/redenoticiaz.barretos\/?igshid=YmMyMTA2M2Y","https:\/\/www.linkedin.com\/company\/rede-noticiaz-barretos-e-regio\/"]},{"@type":"Person","@id":"https:\/\/redenoticiaz.com.br\/ribeiraopreto-regiao\/#\/schema\/person\/e1b0bd8c2637e2c1b6ddcbc2c33b116f","name":"Patr\u00edcia Prado","image":{"@type":"ImageObject","inLanguage":"pt-BR","@id":"https:\/\/secure.gravatar.com\/avatar\/92e358bef22cfcec15e054ae4d9fee04dadf0c772dc4a17b382b8a34a15354c2?s=96&d=mm&r=g","url":"https:\/\/secure.gravatar.com\/avatar\/92e358bef22cfcec15e054ae4d9fee04dadf0c772dc4a17b382b8a34a15354c2?s=96&d=mm&r=g","contentUrl":"https:\/\/secure.gravatar.com\/avatar\/92e358bef22cfcec15e054ae4d9fee04dadf0c772dc4a17b382b8a34a15354c2?s=96&d=mm&r=g","caption":"Patr\u00edcia Prado"},"url":"https:\/\/redenoticiaz.com.br\/ribeiraopreto-regiao\/sp\/author\/patricia-prado"}]}},"_links":{"self":[{"href":"https:\/\/redenoticiaz.com.br\/ribeiraopreto-regiao\/wp-json\/wp\/v2\/posts\/123306","targetHints":{"allow":["GET"]}}],"collection":[{"href":"https:\/\/redenoticiaz.com.br\/ribeiraopreto-regiao\/wp-json\/wp\/v2\/posts"}],"about":[{"href":"https:\/\/redenoticiaz.com.br\/ribeiraopreto-regiao\/wp-json\/wp\/v2\/types\/post"}],"author":[{"embeddable":true,"href":"https:\/\/redenoticiaz.com.br\/ribeiraopreto-regiao\/wp-json\/wp\/v2\/users\/5"}],"replies":[{"embeddable":true,"href":"https:\/\/redenoticiaz.com.br\/ribeiraopreto-regiao\/wp-json\/wp\/v2\/comments?post=123306"}],"version-history":[{"count":0,"href":"https:\/\/redenoticiaz.com.br\/ribeiraopreto-regiao\/wp-json\/wp\/v2\/posts\/123306\/revisions"}],"wp:featuredmedia":[{"embeddable":true,"href":"https:\/\/redenoticiaz.com.br\/ribeiraopreto-regiao\/wp-json\/wp\/v2\/media\/123307"}],"wp:attachment":[{"href":"https:\/\/redenoticiaz.com.br\/ribeiraopreto-regiao\/wp-json\/wp\/v2\/media?parent=123306"}],"wp:term":[{"taxonomy":"category","embeddable":true,"href":"https:\/\/redenoticiaz.com.br\/ribeiraopreto-regiao\/wp-json\/wp\/v2\/categories?post=123306"},{"taxonomy":"post_tag","embeddable":true,"href":"https:\/\/redenoticiaz.com.br\/ribeiraopreto-regiao\/wp-json\/wp\/v2\/tags?post=123306"}],"curies":[{"name":"wp","href":"https:\/\/api.w.org\/{rel}","templated":true}]}}