{"id":123308,"date":"2026-09-05T10:01:29","date_gmt":"2026-09-05T13:01:29","guid":{"rendered":"https:\/\/redenoticiaz.com.br\/ribeiraopreto-regiao\/sp\/2026\/09\/05\/campanha-no-dia-da-amazonia-pede-votos-pela-conservacao-da-floresta"},"modified":"2026-09-05T10:01:29","modified_gmt":"2026-09-05T13:01:29","slug":"campanha-no-dia-da-amazonia-pede-votos-pela-conservacao-da-floresta","status":"publish","type":"post","link":"https:\/\/redenoticiaz.com.br\/ribeiraopreto-regiao\/sp\/2026\/09\/05\/campanha-no-dia-da-amazonia-pede-votos-pela-conservacao-da-floresta","title":{"rendered":"Campanha no Dia da Amaz\u00f4nia pede votos pela conserva\u00e7\u00e3o da floresta"},"content":{"rendered":"<p>No Dia da Amaz\u00f4nia, celebrado neste s\u00e1bado (5), inicia a contagem regressiva de 30 dias para as elei\u00e7\u00f5es gerais, previstas para 4 de outubro. A data \u00e9 destacada na quinta edi\u00e7\u00e3o da Virada Cultural Amaz\u00f4nia de P\u00e9, que traz o tema \u201cCada voto pela Amaz\u00f4nia conta\u201d, visando incentivar a escolha de candidatos comprometidos com a preserva\u00e7\u00e3o ambiental.<\/p>\n<p>Durante o fim de semana, diversas atividades, como festivais culturais, gastron\u00f4micos, musicais e debates, est\u00e3o ocorrendo nas cinco regi\u00f5es do Brasil. Os eventos s\u00e3o organizados pelo movimento Amaz\u00f4nia de P\u00e9, que re\u00fane mais de 20 mil ativistas e cerca de 300 coletivos e organiza\u00e7\u00f5es n\u00e3o governamentais. Um mapa com a localiza\u00e7\u00e3o de todas as atividades pode ser consultado online.<\/p>\n<p>A abertura da virada cultural foi marcada, na \u00faltima quinta-feira (3), por uma cobra cenogr\u00e1fica de 30 metros, exposta no Territ\u00f3rio Ind\u00edgena Borari, em Alter do Ch\u00e3o, no Par\u00e1. A alegoria tamb\u00e9m esteve em Bel\u00e9m durante a 30\u00aa Confer\u00eancia das Na\u00e7\u00f5es Unidas sobre Mudan\u00e7a do Clima (COP30) em novembro de 2025, chamando a aten\u00e7\u00e3o para a necessidade de prote\u00e7\u00e3o da floresta amaz\u00f4nica.<\/p>\n<p>Catarina Nefertari, codiretora executiva da Amaz\u00f4nia de P\u00e9, destacou a import\u00e2ncia do Dia da Amaz\u00f4nia como uma oportunidade de mobiliza\u00e7\u00e3o. Ela enfatizou que \u00e9 essencial que a sociedade se manifeste nas ruas, lembrando que frequentemente os planos de governo ignoram as necessidades e aspira\u00e7\u00f5es da popula\u00e7\u00e3o local. \u201cA gente v\u00ea o Brasil mais atento a esse territ\u00f3rio, mas ainda temos muito caminho pela frente\u201d, disse \u00e0 Ag\u00eancia Brasil, ressaltando que a prote\u00e7\u00e3o s\u00f3 \u00e9 poss\u00edvel quando as pessoas conhecem sua realidade.<\/p>\n<p>A data do 5 de setembro \u00e9 oficialmente reconhecida como Dia da Amaz\u00f4nia no Acre e no Amazonas desde 1968 e em \u00e2mbito nacional desde 2007. Ela marca a cria\u00e7\u00e3o da Prov\u00edncia Amaz\u00f4nica em 1850. A Amaz\u00f4nia, o maior bioma brasileiro, abrange 49,5% do territ\u00f3rio nacional e \u00e9 foco de aten\u00e7\u00e3o por parte de autoridades e ativistas.<\/p>\n<p>Um dos pontos de alerta do movimento Amaz\u00f4nia de P\u00e9 \u00e9 a situa\u00e7\u00e3o das Florestas P\u00fablicas N\u00e3o Destinadas (FPNDs). A codiretora Karina Penha explicou que essas \u00e1reas carecem de uma defini\u00e7\u00e3o de uso e gest\u00e3o, tornando-se vulner\u00e1veis a crimes ambientais. Em agosto, dados do Sistema de Detec\u00e7\u00e3o de Desmatamento em Tempo Real (Deter) indicaram uma queda de 36,87% no desmatamento na Amaz\u00f4nia entre agosto de 2025 e julho de 2026, com 2.874,38 km\u00b2 sob alerta, o menor valor desde 2016.<\/p>\n<p>Al\u00e9m disso, o Sistema de Alerta de Desmatamento (SAD), do Instituto do Homem e Meio Ambiente da Amaz\u00f4nia (Imazon), revelou que 60% das terras ind\u00edgenas na Amaz\u00f4nia n\u00e3o registraram desmatamento entre agosto de 2025 e julho de 2026.<\/p>\n<p>As elei\u00e7\u00f5es gerais deste ano ir\u00e3o permitir que os eleitores escolham deputados federais, estaduais, distritais (no caso do Distrito Federal), governadores, senadores e o presidente da Rep\u00fablica. O segundo turno, caso necess\u00e1rio, ter\u00e1 lugar em 25 de outubro para as disputas de governo e presid\u00eancia nas cidades com mais de 200 mil eleitores.<\/p>\n","protected":false},"excerpt":{"rendered":"<p>No Dia da Amaz\u00f4nia, celebrado neste s\u00e1bado (5), inicia a contagem regressiva de 30 dias para as elei\u00e7\u00f5es gerais, previstas para 4 de outubro. A data \u00e9 destacada na quinta edi\u00e7\u00e3o da Virada Cultural Amaz\u00f4nia de P\u00e9, que traz o tema \u201cCada voto pela Amaz\u00f4nia conta\u201d, visando incentivar a escolha de candidatos comprometidos com a &hellip;<\/p>\n","protected":false},"author":5,"featured_media":123309,"comment_status":"open","ping_status":"closed","sticky":false,"template":"","format":"standard","meta":{"footnotes":""},"categories":[469,9271,94,186],"tags":[],"class_list":["post-123308","post","type-post","status-publish","format-standard","has-post-thumbnail","hentry","category-cultura","category-eleicoes","category-meio-ambiente","category-politica"],"yoast_head":"<!-- This site is optimized with the Yoast SEO plugin v28.4 - https:\/\/yoast.com\/product\/yoast-seo-wordpress\/ -->\n<title>Campanha no Dia da Amaz\u00f4nia pede votos pela conserva\u00e7\u00e3o da floresta - Ribeir\u00e3o Preto e Regi\u00e3o<\/title>\n<meta name=\"robots\" content=\"index, follow, max-snippet:-1, max-image-preview:large, max-video-preview:-1\" \/>\n<link rel=\"canonical\" href=\"https:\/\/redenoticiaz.com.br\/ribeiraopreto-regiao\/sp\/2026\/09\/05\/campanha-no-dia-da-amazonia-pede-votos-pela-conservacao-da-floresta\" \/>\n<meta property=\"og:locale\" content=\"pt_BR\" \/>\n<meta property=\"og:type\" content=\"article\" \/>\n<meta property=\"og:title\" content=\"Campanha no Dia da Amaz\u00f4nia pede votos pela conserva\u00e7\u00e3o da floresta - Ribeir\u00e3o Preto e Regi\u00e3o\" \/>\n<meta property=\"og:description\" content=\"No Dia da Amaz\u00f4nia, celebrado neste s\u00e1bado (5), inicia a contagem regressiva de 30 dias para as elei\u00e7\u00f5es gerais, previstas para 4 de outubro. A data \u00e9 destacada na quinta edi\u00e7\u00e3o da Virada Cultural Amaz\u00f4nia de P\u00e9, que traz o tema \u201cCada voto pela Amaz\u00f4nia conta\u201d, visando incentivar a escolha de candidatos comprometidos com a &hellip;\" \/>\n<meta property=\"og:url\" content=\"https:\/\/redenoticiaz.com.br\/ribeiraopreto-regiao\/sp\/2026\/09\/05\/campanha-no-dia-da-amazonia-pede-votos-pela-conservacao-da-floresta\" \/>\n<meta property=\"og:site_name\" content=\"Ribeir\u00e3o Preto e Regi\u00e3o\" \/>\n<meta property=\"article:publisher\" content=\"https:\/\/m.facebook.com\/redenoticiaz.barretos\" \/>\n<meta property=\"article:published_time\" content=\"2026-09-05T13:01:29+00:00\" \/>\n<meta property=\"og:image\" content=\"https:\/\/redenoticiaz.com.br\/ribeiraopreto-regiao\/wp-content\/uploads\/sites\/4\/2022\/02\/logo.jpg\" \/>\n\t<meta property=\"og:image:width\" content=\"400\" \/>\n\t<meta property=\"og:image:height\" content=\"250\" \/>\n\t<meta property=\"og:image:type\" content=\"image\/jpeg\" \/>\n<meta name=\"author\" content=\"Patr\u00edcia Prado\" \/>\n<meta name=\"twitter:card\" content=\"summary_large_image\" \/>\n<meta name=\"twitter:creator\" content=\"@RN_barretos\" \/>\n<meta name=\"twitter:site\" content=\"@RN_barretos\" \/>\n<meta name=\"twitter:label1\" content=\"Escrito por\" \/>\n\t<meta name=\"twitter:data1\" content=\"Patr\u00edcia Prado\" \/>\n\t<meta name=\"twitter:label2\" content=\"Est. tempo de leitura\" \/>\n\t<meta name=\"twitter:data2\" content=\"3 minutos\" \/>\n<script type=\"application\/ld+json\" class=\"yoast-schema-graph\">{\"@context\":\"https:\\\/\\\/schema.org\",\"@graph\":[{\"@type\":\"Article\",\"@id\":\"https:\\\/\\\/redenoticiaz.com.br\\\/ribeiraopreto-regiao\\\/sp\\\/2026\\\/09\\\/05\\\/campanha-no-dia-da-amazonia-pede-votos-pela-conservacao-da-floresta#article\",\"isPartOf\":{\"@id\":\"https:\\\/\\\/redenoticiaz.com.br\\\/ribeiraopreto-regiao\\\/sp\\\/2026\\\/09\\\/05\\\/campanha-no-dia-da-amazonia-pede-votos-pela-conservacao-da-floresta\"},\"author\":{\"name\":\"Patr\u00edcia Prado\",\"@id\":\"https:\\\/\\\/redenoticiaz.com.br\\\/ribeiraopreto-regiao\\\/#\\\/schema\\\/person\\\/e1b0bd8c2637e2c1b6ddcbc2c33b116f\"},\"headline\":\"Campanha no Dia da Amaz\u00f4nia pede votos pela conserva\u00e7\u00e3o da floresta\",\"datePublished\":\"2026-09-05T13:01:29+00:00\",\"mainEntityOfPage\":{\"@id\":\"https:\\\/\\\/redenoticiaz.com.br\\\/ribeiraopreto-regiao\\\/sp\\\/2026\\\/09\\\/05\\\/campanha-no-dia-da-amazonia-pede-votos-pela-conservacao-da-floresta\"},\"wordCount\":533,\"commentCount\":0,\"publisher\":{\"@id\":\"https:\\\/\\\/redenoticiaz.com.br\\\/ribeiraopreto-regiao\\\/#organization\"},\"image\":{\"@id\":\"https:\\\/\\\/redenoticiaz.com.br\\\/ribeiraopreto-regiao\\\/sp\\\/2026\\\/09\\\/05\\\/campanha-no-dia-da-amazonia-pede-votos-pela-conservacao-da-floresta#primaryimage\"},\"thumbnailUrl\":\"https:\\\/\\\/redenoticiaz.com.br\\\/ribeiraopreto-regiao\\\/wp-content\\\/uploads\\\/sites\\\/4\\\/2026\\\/09\\\/dji_0109.jpg\",\"articleSection\":[\"Cultura\",\"Elei\u00e7\u00f5es\",\"Meio Ambiente\",\"Pol\u00edtica\"],\"inLanguage\":\"pt-BR\",\"potentialAction\":[{\"@type\":\"CommentAction\",\"name\":\"Comment\",\"target\":[\"https:\\\/\\\/redenoticiaz.com.br\\\/ribeiraopreto-regiao\\\/sp\\\/2026\\\/09\\\/05\\\/campanha-no-dia-da-amazonia-pede-votos-pela-conservacao-da-floresta#respond\"]}]},{\"@type\":\"WebPage\",\"@id\":\"https:\\\/\\\/redenoticiaz.com.br\\\/ribeiraopreto-regiao\\\/sp\\\/2026\\\/09\\\/05\\\/campanha-no-dia-da-amazonia-pede-votos-pela-conservacao-da-floresta\",\"url\":\"https:\\\/\\\/redenoticiaz.com.br\\\/ribeiraopreto-regiao\\\/sp\\\/2026\\\/09\\\/05\\\/campanha-no-dia-da-amazonia-pede-votos-pela-conservacao-da-floresta\",\"name\":\"Campanha no Dia da Amaz\u00f4nia pede votos pela conserva\u00e7\u00e3o da floresta - Ribeir\u00e3o Preto e Regi\u00e3o\",\"isPartOf\":{\"@id\":\"https:\\\/\\\/redenoticiaz.com.br\\\/ribeiraopreto-regiao\\\/#website\"},\"primaryImageOfPage\":{\"@id\":\"https:\\\/\\\/redenoticiaz.com.br\\\/ribeiraopreto-regiao\\\/sp\\\/2026\\\/09\\\/05\\\/campanha-no-dia-da-amazonia-pede-votos-pela-conservacao-da-floresta#primaryimage\"},\"image\":{\"@id\":\"https:\\\/\\\/redenoticiaz.com.br\\\/ribeiraopreto-regiao\\\/sp\\\/2026\\\/09\\\/05\\\/campanha-no-dia-da-amazonia-pede-votos-pela-conservacao-da-floresta#primaryimage\"},\"thumbnailUrl\":\"https:\\\/\\\/redenoticiaz.com.br\\\/ribeiraopreto-regiao\\\/wp-content\\\/uploads\\\/sites\\\/4\\\/2026\\\/09\\\/dji_0109.jpg\",\"datePublished\":\"2026-09-05T13:01:29+00:00\",\"inLanguage\":\"pt-BR\",\"potentialAction\":[{\"@type\":\"ReadAction\",\"target\":[\"https:\\\/\\\/redenoticiaz.com.br\\\/ribeiraopreto-regiao\\\/sp\\\/2026\\\/09\\\/05\\\/campanha-no-dia-da-amazonia-pede-votos-pela-conservacao-da-floresta\"]}]},{\"@type\":\"ImageObject\",\"inLanguage\":\"pt-BR\",\"@id\":\"https:\\\/\\\/redenoticiaz.com.br\\\/ribeiraopreto-regiao\\\/sp\\\/2026\\\/09\\\/05\\\/campanha-no-dia-da-amazonia-pede-votos-pela-conservacao-da-floresta#primaryimage\",\"url\":\"https:\\\/\\\/redenoticiaz.com.br\\\/ribeiraopreto-regiao\\\/wp-content\\\/uploads\\\/sites\\\/4\\\/2026\\\/09\\\/dji_0109.jpg\",\"contentUrl\":\"https:\\\/\\\/redenoticiaz.com.br\\\/ribeiraopreto-regiao\\\/wp-content\\\/uploads\\\/sites\\\/4\\\/2026\\\/09\\\/dji_0109.jpg\",\"width\":1600,\"height\":800},{\"@type\":\"WebSite\",\"@id\":\"https:\\\/\\\/redenoticiaz.com.br\\\/ribeiraopreto-regiao\\\/#website\",\"url\":\"https:\\\/\\\/redenoticiaz.com.br\\\/ribeiraopreto-regiao\\\/\",\"name\":\"Ribeir\u00e3o Preto e Regi\u00e3o\",\"description\":\"Rede NoticiaZ - Ribeir\u00e3o Preto e regi\u00e3o\",\"publisher\":{\"@id\":\"https:\\\/\\\/redenoticiaz.com.br\\\/ribeiraopreto-regiao\\\/#organization\"},\"potentialAction\":[{\"@type\":\"SearchAction\",\"target\":{\"@type\":\"EntryPoint\",\"urlTemplate\":\"https:\\\/\\\/redenoticiaz.com.br\\\/ribeiraopreto-regiao\\\/?s={search_term_string}\"},\"query-input\":{\"@type\":\"PropertyValueSpecification\",\"valueRequired\":true,\"valueName\":\"search_term_string\"}}],\"inLanguage\":\"pt-BR\"},{\"@type\":\"Organization\",\"@id\":\"https:\\\/\\\/redenoticiaz.com.br\\\/ribeiraopreto-regiao\\\/#organization\",\"name\":\"Ribeir\u00e3o Preto e Regi\u00e3o\",\"url\":\"https:\\\/\\\/redenoticiaz.com.br\\\/ribeiraopreto-regiao\\\/\",\"logo\":{\"@type\":\"ImageObject\",\"inLanguage\":\"pt-BR\",\"@id\":\"https:\\\/\\\/redenoticiaz.com.br\\\/ribeiraopreto-regiao\\\/#\\\/schema\\\/logo\\\/image\\\/\",\"url\":\"https:\\\/\\\/redenoticiaz.com.br\\\/barretos-regiao\\\/wp-content\\\/uploads\\\/sites\\\/4\\\/2022\\\/02\\\/logo.jpg\",\"contentUrl\":\"https:\\\/\\\/redenoticiaz.com.br\\\/barretos-regiao\\\/wp-content\\\/uploads\\\/sites\\\/4\\\/2022\\\/02\\\/logo.jpg\",\"width\":400,\"height\":250,\"caption\":\"Ribeir\u00e3o Preto e Regi\u00e3o\"},\"image\":{\"@id\":\"https:\\\/\\\/redenoticiaz.com.br\\\/ribeiraopreto-regiao\\\/#\\\/schema\\\/logo\\\/image\\\/\"},\"sameAs\":[\"https:\\\/\\\/m.facebook.com\\\/redenoticiaz.barretos\",\"https:\\\/\\\/x.com\\\/RN_barretos\",\"https:\\\/\\\/www.instagram.com\\\/redenoticiaz.barretos\\\/?igshid=YmMyMTA2M2Y\",\"https:\\\/\\\/www.linkedin.com\\\/company\\\/rede-noticiaz-barretos-e-regio\\\/\"]},{\"@type\":\"Person\",\"@id\":\"https:\\\/\\\/redenoticiaz.com.br\\\/ribeiraopreto-regiao\\\/#\\\/schema\\\/person\\\/e1b0bd8c2637e2c1b6ddcbc2c33b116f\",\"name\":\"Patr\u00edcia Prado\",\"image\":{\"@type\":\"ImageObject\",\"inLanguage\":\"pt-BR\",\"@id\":\"https:\\\/\\\/secure.gravatar.com\\\/avatar\\\/92e358bef22cfcec15e054ae4d9fee04dadf0c772dc4a17b382b8a34a15354c2?s=96&d=mm&r=g\",\"url\":\"https:\\\/\\\/secure.gravatar.com\\\/avatar\\\/92e358bef22cfcec15e054ae4d9fee04dadf0c772dc4a17b382b8a34a15354c2?s=96&d=mm&r=g\",\"contentUrl\":\"https:\\\/\\\/secure.gravatar.com\\\/avatar\\\/92e358bef22cfcec15e054ae4d9fee04dadf0c772dc4a17b382b8a34a15354c2?s=96&d=mm&r=g\",\"caption\":\"Patr\u00edcia Prado\"},\"url\":\"https:\\\/\\\/redenoticiaz.com.br\\\/ribeiraopreto-regiao\\\/sp\\\/author\\\/patricia-prado\"}]}<\/script>\n<!-- \/ Yoast SEO plugin. -->","yoast_head_json":{"title":"Campanha no Dia da Amaz\u00f4nia pede votos pela conserva\u00e7\u00e3o da floresta - Ribeir\u00e3o Preto e Regi\u00e3o","robots":{"index":"index","follow":"follow","max-snippet":"max-snippet:-1","max-image-preview":"max-image-preview:large","max-video-preview":"max-video-preview:-1"},"canonical":"https:\/\/redenoticiaz.com.br\/ribeiraopreto-regiao\/sp\/2026\/09\/05\/campanha-no-dia-da-amazonia-pede-votos-pela-conservacao-da-floresta","og_locale":"pt_BR","og_type":"article","og_title":"Campanha no Dia da Amaz\u00f4nia pede votos pela conserva\u00e7\u00e3o da floresta - Ribeir\u00e3o Preto e Regi\u00e3o","og_description":"No Dia da Amaz\u00f4nia, celebrado neste s\u00e1bado (5), inicia a contagem regressiva de 30 dias para as elei\u00e7\u00f5es gerais, previstas para 4 de outubro. A data \u00e9 destacada na quinta edi\u00e7\u00e3o da Virada Cultural Amaz\u00f4nia de P\u00e9, que traz o tema \u201cCada voto pela Amaz\u00f4nia conta\u201d, visando incentivar a escolha de candidatos comprometidos com a &hellip;","og_url":"https:\/\/redenoticiaz.com.br\/ribeiraopreto-regiao\/sp\/2026\/09\/05\/campanha-no-dia-da-amazonia-pede-votos-pela-conservacao-da-floresta","og_site_name":"Ribeir\u00e3o Preto e Regi\u00e3o","article_publisher":"https:\/\/m.facebook.com\/redenoticiaz.barretos","article_published_time":"2026-09-05T13:01:29+00:00","og_image":[{"width":400,"height":250,"url":"https:\/\/redenoticiaz.com.br\/ribeiraopreto-regiao\/wp-content\/uploads\/sites\/4\/2022\/02\/logo.jpg","type":"image\/jpeg"}],"author":"Patr\u00edcia Prado","twitter_card":"summary_large_image","twitter_creator":"@RN_barretos","twitter_site":"@RN_barretos","twitter_misc":{"Escrito por":"Patr\u00edcia Prado","Est. tempo de leitura":"3 minutos"},"schema":{"@context":"https:\/\/schema.org","@graph":[{"@type":"Article","@id":"https:\/\/redenoticiaz.com.br\/ribeiraopreto-regiao\/sp\/2026\/09\/05\/campanha-no-dia-da-amazonia-pede-votos-pela-conservacao-da-floresta#article","isPartOf":{"@id":"https:\/\/redenoticiaz.com.br\/ribeiraopreto-regiao\/sp\/2026\/09\/05\/campanha-no-dia-da-amazonia-pede-votos-pela-conservacao-da-floresta"},"author":{"name":"Patr\u00edcia Prado","@id":"https:\/\/redenoticiaz.com.br\/ribeiraopreto-regiao\/#\/schema\/person\/e1b0bd8c2637e2c1b6ddcbc2c33b116f"},"headline":"Campanha no Dia da Amaz\u00f4nia pede votos pela conserva\u00e7\u00e3o da floresta","datePublished":"2026-09-05T13:01:29+00:00","mainEntityOfPage":{"@id":"https:\/\/redenoticiaz.com.br\/ribeiraopreto-regiao\/sp\/2026\/09\/05\/campanha-no-dia-da-amazonia-pede-votos-pela-conservacao-da-floresta"},"wordCount":533,"commentCount":0,"publisher":{"@id":"https:\/\/redenoticiaz.com.br\/ribeiraopreto-regiao\/#organization"},"image":{"@id":"https:\/\/redenoticiaz.com.br\/ribeiraopreto-regiao\/sp\/2026\/09\/05\/campanha-no-dia-da-amazonia-pede-votos-pela-conservacao-da-floresta#primaryimage"},"thumbnailUrl":"https:\/\/redenoticiaz.com.br\/ribeiraopreto-regiao\/wp-content\/uploads\/sites\/4\/2026\/09\/dji_0109.jpg","articleSection":["Cultura","Elei\u00e7\u00f5es","Meio Ambiente","Pol\u00edtica"],"inLanguage":"pt-BR","potentialAction":[{"@type":"CommentAction","name":"Comment","target":["https:\/\/redenoticiaz.com.br\/ribeiraopreto-regiao\/sp\/2026\/09\/05\/campanha-no-dia-da-amazonia-pede-votos-pela-conservacao-da-floresta#respond"]}]},{"@type":"WebPage","@id":"https:\/\/redenoticiaz.com.br\/ribeiraopreto-regiao\/sp\/2026\/09\/05\/campanha-no-dia-da-amazonia-pede-votos-pela-conservacao-da-floresta","url":"https:\/\/redenoticiaz.com.br\/ribeiraopreto-regiao\/sp\/2026\/09\/05\/campanha-no-dia-da-amazonia-pede-votos-pela-conservacao-da-floresta","name":"Campanha no Dia da Amaz\u00f4nia pede votos pela conserva\u00e7\u00e3o da floresta - Ribeir\u00e3o Preto e Regi\u00e3o","isPartOf":{"@id":"https:\/\/redenoticiaz.com.br\/ribeiraopreto-regiao\/#website"},"primaryImageOfPage":{"@id":"https:\/\/redenoticiaz.com.br\/ribeiraopreto-regiao\/sp\/2026\/09\/05\/campanha-no-dia-da-amazonia-pede-votos-pela-conservacao-da-floresta#primaryimage"},"image":{"@id":"https:\/\/redenoticiaz.com.br\/ribeiraopreto-regiao\/sp\/2026\/09\/05\/campanha-no-dia-da-amazonia-pede-votos-pela-conservacao-da-floresta#primaryimage"},"thumbnailUrl":"https:\/\/redenoticiaz.com.br\/ribeiraopreto-regiao\/wp-content\/uploads\/sites\/4\/2026\/09\/dji_0109.jpg","datePublished":"2026-09-05T13:01:29+00:00","inLanguage":"pt-BR","potentialAction":[{"@type":"ReadAction","target":["https:\/\/redenoticiaz.com.br\/ribeiraopreto-regiao\/sp\/2026\/09\/05\/campanha-no-dia-da-amazonia-pede-votos-pela-conservacao-da-floresta"]}]},{"@type":"ImageObject","inLanguage":"pt-BR","@id":"https:\/\/redenoticiaz.com.br\/ribeiraopreto-regiao\/sp\/2026\/09\/05\/campanha-no-dia-da-amazonia-pede-votos-pela-conservacao-da-floresta#primaryimage","url":"https:\/\/redenoticiaz.com.br\/ribeiraopreto-regiao\/wp-content\/uploads\/sites\/4\/2026\/09\/dji_0109.jpg","contentUrl":"https:\/\/redenoticiaz.com.br\/ribeiraopreto-regiao\/wp-content\/uploads\/sites\/4\/2026\/09\/dji_0109.jpg","width":1600,"height":800},{"@type":"WebSite","@id":"https:\/\/redenoticiaz.com.br\/ribeiraopreto-regiao\/#website","url":"https:\/\/redenoticiaz.com.br\/ribeiraopreto-regiao\/","name":"Ribeir\u00e3o Preto e Regi\u00e3o","description":"Rede NoticiaZ - Ribeir\u00e3o Preto e regi\u00e3o","publisher":{"@id":"https:\/\/redenoticiaz.com.br\/ribeiraopreto-regiao\/#organization"},"potentialAction":[{"@type":"SearchAction","target":{"@type":"EntryPoint","urlTemplate":"https:\/\/redenoticiaz.com.br\/ribeiraopreto-regiao\/?s={search_term_string}"},"query-input":{"@type":"PropertyValueSpecification","valueRequired":true,"valueName":"search_term_string"}}],"inLanguage":"pt-BR"},{"@type":"Organization","@id":"https:\/\/redenoticiaz.com.br\/ribeiraopreto-regiao\/#organization","name":"Ribeir\u00e3o Preto e Regi\u00e3o","url":"https:\/\/redenoticiaz.com.br\/ribeiraopreto-regiao\/","logo":{"@type":"ImageObject","inLanguage":"pt-BR","@id":"https:\/\/redenoticiaz.com.br\/ribeiraopreto-regiao\/#\/schema\/logo\/image\/","url":"https:\/\/redenoticiaz.com.br\/barretos-regiao\/wp-content\/uploads\/sites\/4\/2022\/02\/logo.jpg","contentUrl":"https:\/\/redenoticiaz.com.br\/barretos-regiao\/wp-content\/uploads\/sites\/4\/2022\/02\/logo.jpg","width":400,"height":250,"caption":"Ribeir\u00e3o Preto e Regi\u00e3o"},"image":{"@id":"https:\/\/redenoticiaz.com.br\/ribeiraopreto-regiao\/#\/schema\/logo\/image\/"},"sameAs":["https:\/\/m.facebook.com\/redenoticiaz.barretos","https:\/\/x.com\/RN_barretos","https:\/\/www.instagram.com\/redenoticiaz.barretos\/?igshid=YmMyMTA2M2Y","https:\/\/www.linkedin.com\/company\/rede-noticiaz-barretos-e-regio\/"]},{"@type":"Person","@id":"https:\/\/redenoticiaz.com.br\/ribeiraopreto-regiao\/#\/schema\/person\/e1b0bd8c2637e2c1b6ddcbc2c33b116f","name":"Patr\u00edcia Prado","image":{"@type":"ImageObject","inLanguage":"pt-BR","@id":"https:\/\/secure.gravatar.com\/avatar\/92e358bef22cfcec15e054ae4d9fee04dadf0c772dc4a17b382b8a34a15354c2?s=96&d=mm&r=g","url":"https:\/\/secure.gravatar.com\/avatar\/92e358bef22cfcec15e054ae4d9fee04dadf0c772dc4a17b382b8a34a15354c2?s=96&d=mm&r=g","contentUrl":"https:\/\/secure.gravatar.com\/avatar\/92e358bef22cfcec15e054ae4d9fee04dadf0c772dc4a17b382b8a34a15354c2?s=96&d=mm&r=g","caption":"Patr\u00edcia Prado"},"url":"https:\/\/redenoticiaz.com.br\/ribeiraopreto-regiao\/sp\/author\/patricia-prado"}]}},"_links":{"self":[{"href":"https:\/\/redenoticiaz.com.br\/ribeiraopreto-regiao\/wp-json\/wp\/v2\/posts\/123308","targetHints":{"allow":["GET"]}}],"collection":[{"href":"https:\/\/redenoticiaz.com.br\/ribeiraopreto-regiao\/wp-json\/wp\/v2\/posts"}],"about":[{"href":"https:\/\/redenoticiaz.com.br\/ribeiraopreto-regiao\/wp-json\/wp\/v2\/types\/post"}],"author":[{"embeddable":true,"href":"https:\/\/redenoticiaz.com.br\/ribeiraopreto-regiao\/wp-json\/wp\/v2\/users\/5"}],"replies":[{"embeddable":true,"href":"https:\/\/redenoticiaz.com.br\/ribeiraopreto-regiao\/wp-json\/wp\/v2\/comments?post=123308"}],"version-history":[{"count":0,"href":"https:\/\/redenoticiaz.com.br\/ribeiraopreto-regiao\/wp-json\/wp\/v2\/posts\/123308\/revisions"}],"wp:featuredmedia":[{"embeddable":true,"href":"https:\/\/redenoticiaz.com.br\/ribeiraopreto-regiao\/wp-json\/wp\/v2\/media\/123309"}],"wp:attachment":[{"href":"https:\/\/redenoticiaz.com.br\/ribeiraopreto-regiao\/wp-json\/wp\/v2\/media?parent=123308"}],"wp:term":[{"taxonomy":"category","embeddable":true,"href":"https:\/\/redenoticiaz.com.br\/ribeiraopreto-regiao\/wp-json\/wp\/v2\/categories?post=123308"},{"taxonomy":"post_tag","embeddable":true,"href":"https:\/\/redenoticiaz.com.br\/ribeiraopreto-regiao\/wp-json\/wp\/v2\/tags?post=123308"}],"curies":[{"name":"wp","href":"https:\/\/api.w.org\/{rel}","templated":true}]}}