{"id":123312,"date":"2026-09-05T11:03:58","date_gmt":"2026-09-05T14:03:58","guid":{"rendered":"https:\/\/redenoticiaz.com.br\/ribeiraopreto-regiao\/sp\/2026\/09\/05\/mulheres-indigenas-assumem-papel-de-guardias-na-defesa-da-amazonia"},"modified":"2026-09-05T11:03:58","modified_gmt":"2026-09-05T14:03:58","slug":"mulheres-indigenas-assumem-papel-de-guardias-na-defesa-da-amazonia","status":"publish","type":"post","link":"https:\/\/redenoticiaz.com.br\/ribeiraopreto-regiao\/sp\/2026\/09\/05\/mulheres-indigenas-assumem-papel-de-guardias-na-defesa-da-amazonia","title":{"rendered":"Mulheres ind\u00edgenas assumem papel de guardi\u00e3s na defesa da Amaz\u00f4nia"},"content":{"rendered":"<p>Treze mulheres ind\u00edgenas de diferentes na\u00e7\u00f5es da Amaz\u00f4nia divulgaram um poderoso manifesto durante a \u00faltima edi\u00e7\u00e3o do TEDxAmaz\u00f4nia, que ocorreu entre 27 e 30 de agosto na cidade de Banos e Puyos, no Equador. Lideradas pela anci\u00e3 do povo Shuar, Catalina Chumpi, elas reafirmaram a import\u00e2ncia da prote\u00e7\u00e3o dos territ\u00f3rios ind\u00edgenas, clamando por respeito e defesa de seus corpos e do meio ambiente.<\/p>\n<p>A abertura do evento foi marcada por uma homenagem do l\u00edder ind\u00edgena Shuar, Domingos Peas, que pediu um minuto de sil\u00eancio pelos defensores da natureza assassinados devido a suas atividades em prol do meio ambiente. Um relat\u00f3rio da organiza\u00e7\u00e3o Global Witness destaca a Am\u00e9rica Latina como a regi\u00e3o mais perigosa para defensores ambientais, com os l\u00edderes ind\u00edgenas sendo as principais v\u00edtimas.<\/p>\n<p>No evento, diversas palestrantes enfatizaram que as popula\u00e7\u00f5es da Amaz\u00f4nia s\u00e3o fundamentais para a preserva\u00e7\u00e3o do territ\u00f3rio e precisam ter seu papel reconhecido de maneira efetiva. Patricia Gualinga, representante do povo Kichwa, ressaltou a necessidade de reconhecer a natureza como um ente com direitos pr\u00f3prios, e n\u00e3o apenas como um recurso para explora\u00e7\u00e3o humana. Ela destacou que, em 2008, o Equador foi o primeiro pa\u00eds a garantir em sua Constitui\u00e7\u00e3o que a natureza possui direitos equiparados aos das pessoas.<\/p>\n<p>Gualinga enfatizou, no entanto, que a mera exist\u00eancia de uma legisla\u00e7\u00e3o n\u00e3o \u00e9 suficiente. \u00c9 necess\u00e1rio implementar pol\u00edticas p\u00fablicas eficazes que garantam a regenera\u00e7\u00e3o ambiental e a aplica\u00e7\u00e3o dos direitos da natureza. Ela pediu um movimento em dire\u00e7\u00e3o ao reconhecimento dos direitos de territ\u00f3rios inteiros, e n\u00e3o apenas de \u00e1reas espec\u00edficas como rios e florestas.<\/p>\n<p>Diana Chavez, diretora de Comunas, Povos e Nacionalidades do Fundo do Biocorredor Amaz\u00f4nico, tamb\u00e9m abordou a necessidade de envolvimento direto de comunidades ind\u00edgenas na governan\u00e7a de fundos financeiros destinados \u00e0 conserva\u00e7\u00e3o do meio ambiente. Segundo ela, menos de 1% do financiamento global para a\u00e7\u00f5es clim\u00e1ticas chega diretamente aos povos ind\u00edgenas, e a burocracia tem dificultado o acesso a recursos que inicialmente foram destinados a eles.<\/p>\n<p>Chavez destacou a import\u00e2ncia de transformar as estruturas de governan\u00e7a de fundos para permitir que as comunidades ind\u00edgenas tenham um papel ativo nas decis\u00f5es. A luta pela preserva\u00e7\u00e3o da Amaz\u00f4nia, conforme argumentou, n\u00e3o \u00e9 apenas uma quest\u00e3o de direitos, mas sim uma quest\u00e3o de sobreviv\u00eancia e de manuten\u00e7\u00e3o da biodiversidade.<\/p>\n<p>Esthela Noteno, uma administradora de origem Kichwa, compartilhou sua experi\u00eancia sobre como suas comunidades t\u00eam sido afetadas pela explora\u00e7\u00e3o petroleira e outras atividades que amea\u00e7am a biodiversidade local. Ela descreveu a cria\u00e7\u00e3o de uma agroind\u00fastria comunit\u00e1ria dedicada ao cultivo da guayusa, uma planta nativa, que promove tanto a preserva\u00e7\u00e3o cultural quanto a conserva\u00e7\u00e3o ambiental.<\/p>\n<p>O TEDxAmaz\u00f4nia foi a primeira edi\u00e7\u00e3o do evento realizada fora do Brasil, reunindo 30 palestrantes que abordaram a import\u00e2ncia da conserva\u00e7\u00e3o e do respeito pelos direitos dos povos ind\u00edgenas. A coorganizadora, Ver\u00f4nica Reed, destacou que 40% do territ\u00f3rio amaz\u00f4nico est\u00e1 localizado em oito pa\u00edses fora do Brasil, e a pr\u00f3xima edi\u00e7\u00e3o do evento ser\u00e1 realizada em Bel\u00e9m (PA) em junho de 2024, com um novo encontro no Equador agendado para 2028.<\/p>\n<p>Rodrigo Cunha, organizador do evento, alertou para a urg\u00eancia da situa\u00e7\u00e3o ambiental atual, ressaltando que os ind\u00edgenas enfrentam um aumento da viol\u00eancia e que a comunidade global deve agir rapidamente para evitar um ponto de n\u00e3o retorno sobre as mudan\u00e7as clim\u00e1ticas.<\/p>\n<p>A rep\u00f3rter acompanhou o evento a convite da organiza\u00e7\u00e3o do TEDxAmaz\u00f4nia.<\/p>\n","protected":false},"excerpt":{"rendered":"<p>Treze mulheres ind\u00edgenas de diferentes na\u00e7\u00f5es da Amaz\u00f4nia divulgaram um poderoso manifesto durante a \u00faltima edi\u00e7\u00e3o do TEDxAmaz\u00f4nia, que ocorreu entre 27 e 30 de agosto na cidade de Banos e Puyos, no Equador. Lideradas pela anci\u00e3 do povo Shuar, Catalina Chumpi, elas reafirmaram a import\u00e2ncia da prote\u00e7\u00e3o dos territ\u00f3rios ind\u00edgenas, clamando por respeito e &hellip;<\/p>\n","protected":false},"author":5,"featured_media":123313,"comment_status":"open","ping_status":"closed","sticky":false,"template":"","format":"standard","meta":{"footnotes":""},"categories":[1771,469,94,68,186],"tags":[],"class_list":["post-123312","post","type-post","status-publish","format-standard","has-post-thumbnail","hentry","category-climatologia","category-cultura","category-meio-ambiente","category-mundo","category-politica"],"yoast_head":"<!-- This site is optimized with the Yoast SEO plugin v28.4 - https:\/\/yoast.com\/product\/yoast-seo-wordpress\/ -->\n<title>Mulheres ind\u00edgenas assumem papel de guardi\u00e3s na defesa da Amaz\u00f4nia - Ribeir\u00e3o Preto e Regi\u00e3o<\/title>\n<meta name=\"robots\" content=\"index, follow, max-snippet:-1, max-image-preview:large, max-video-preview:-1\" \/>\n<link rel=\"canonical\" href=\"https:\/\/redenoticiaz.com.br\/ribeiraopreto-regiao\/sp\/2026\/09\/05\/mulheres-indigenas-assumem-papel-de-guardias-na-defesa-da-amazonia\" \/>\n<meta property=\"og:locale\" content=\"pt_BR\" \/>\n<meta property=\"og:type\" content=\"article\" \/>\n<meta property=\"og:title\" content=\"Mulheres ind\u00edgenas assumem papel de guardi\u00e3s na defesa da Amaz\u00f4nia - Ribeir\u00e3o Preto e Regi\u00e3o\" \/>\n<meta property=\"og:description\" content=\"Treze mulheres ind\u00edgenas de diferentes na\u00e7\u00f5es da Amaz\u00f4nia divulgaram um poderoso manifesto durante a \u00faltima edi\u00e7\u00e3o do TEDxAmaz\u00f4nia, que ocorreu entre 27 e 30 de agosto na cidade de Banos e Puyos, no Equador. Lideradas pela anci\u00e3 do povo Shuar, Catalina Chumpi, elas reafirmaram a import\u00e2ncia da prote\u00e7\u00e3o dos territ\u00f3rios ind\u00edgenas, clamando por respeito e &hellip;\" \/>\n<meta property=\"og:url\" content=\"https:\/\/redenoticiaz.com.br\/ribeiraopreto-regiao\/sp\/2026\/09\/05\/mulheres-indigenas-assumem-papel-de-guardias-na-defesa-da-amazonia\" \/>\n<meta property=\"og:site_name\" content=\"Ribeir\u00e3o Preto e Regi\u00e3o\" \/>\n<meta property=\"article:publisher\" content=\"https:\/\/m.facebook.com\/redenoticiaz.barretos\" \/>\n<meta property=\"article:published_time\" content=\"2026-09-05T14:03:58+00:00\" \/>\n<meta property=\"og:image\" content=\"https:\/\/redenoticiaz.com.br\/ribeiraopreto-regiao\/wp-content\/uploads\/sites\/4\/2022\/02\/logo.jpg\" \/>\n\t<meta property=\"og:image:width\" content=\"400\" \/>\n\t<meta property=\"og:image:height\" content=\"250\" \/>\n\t<meta property=\"og:image:type\" content=\"image\/jpeg\" \/>\n<meta name=\"author\" content=\"Patr\u00edcia Prado\" \/>\n<meta name=\"twitter:card\" content=\"summary_large_image\" \/>\n<meta name=\"twitter:creator\" content=\"@RN_barretos\" \/>\n<meta name=\"twitter:site\" content=\"@RN_barretos\" \/>\n<meta name=\"twitter:label1\" content=\"Escrito por\" \/>\n\t<meta name=\"twitter:data1\" content=\"Patr\u00edcia Prado\" \/>\n\t<meta name=\"twitter:label2\" content=\"Est. tempo de leitura\" \/>\n\t<meta name=\"twitter:data2\" content=\"3 minutos\" \/>\n<script type=\"application\/ld+json\" class=\"yoast-schema-graph\">{\"@context\":\"https:\\\/\\\/schema.org\",\"@graph\":[{\"@type\":\"Article\",\"@id\":\"https:\\\/\\\/redenoticiaz.com.br\\\/ribeiraopreto-regiao\\\/sp\\\/2026\\\/09\\\/05\\\/mulheres-indigenas-assumem-papel-de-guardias-na-defesa-da-amazonia#article\",\"isPartOf\":{\"@id\":\"https:\\\/\\\/redenoticiaz.com.br\\\/ribeiraopreto-regiao\\\/sp\\\/2026\\\/09\\\/05\\\/mulheres-indigenas-assumem-papel-de-guardias-na-defesa-da-amazonia\"},\"author\":{\"name\":\"Patr\u00edcia Prado\",\"@id\":\"https:\\\/\\\/redenoticiaz.com.br\\\/ribeiraopreto-regiao\\\/#\\\/schema\\\/person\\\/e1b0bd8c2637e2c1b6ddcbc2c33b116f\"},\"headline\":\"Mulheres ind\u00edgenas assumem papel de guardi\u00e3s na defesa da Amaz\u00f4nia\",\"datePublished\":\"2026-09-05T14:03:58+00:00\",\"mainEntityOfPage\":{\"@id\":\"https:\\\/\\\/redenoticiaz.com.br\\\/ribeiraopreto-regiao\\\/sp\\\/2026\\\/09\\\/05\\\/mulheres-indigenas-assumem-papel-de-guardias-na-defesa-da-amazonia\"},\"wordCount\":642,\"commentCount\":0,\"publisher\":{\"@id\":\"https:\\\/\\\/redenoticiaz.com.br\\\/ribeiraopreto-regiao\\\/#organization\"},\"image\":{\"@id\":\"https:\\\/\\\/redenoticiaz.com.br\\\/ribeiraopreto-regiao\\\/sp\\\/2026\\\/09\\\/05\\\/mulheres-indigenas-assumem-papel-de-guardias-na-defesa-da-amazonia#primaryimage\"},\"thumbnailUrl\":\"https:\\\/\\\/redenoticiaz.com.br\\\/ribeiraopreto-regiao\\\/wp-content\\\/uploads\\\/sites\\\/4\\\/2026\\\/09\\\/patricia_gualinga.jpg\",\"articleSection\":[\"Climatologia\",\"Cultura\",\"Meio Ambiente\",\"Mundo\",\"Pol\u00edtica\"],\"inLanguage\":\"pt-BR\",\"potentialAction\":[{\"@type\":\"CommentAction\",\"name\":\"Comment\",\"target\":[\"https:\\\/\\\/redenoticiaz.com.br\\\/ribeiraopreto-regiao\\\/sp\\\/2026\\\/09\\\/05\\\/mulheres-indigenas-assumem-papel-de-guardias-na-defesa-da-amazonia#respond\"]}]},{\"@type\":\"WebPage\",\"@id\":\"https:\\\/\\\/redenoticiaz.com.br\\\/ribeiraopreto-regiao\\\/sp\\\/2026\\\/09\\\/05\\\/mulheres-indigenas-assumem-papel-de-guardias-na-defesa-da-amazonia\",\"url\":\"https:\\\/\\\/redenoticiaz.com.br\\\/ribeiraopreto-regiao\\\/sp\\\/2026\\\/09\\\/05\\\/mulheres-indigenas-assumem-papel-de-guardias-na-defesa-da-amazonia\",\"name\":\"Mulheres ind\u00edgenas assumem papel de guardi\u00e3s na defesa da Amaz\u00f4nia - Ribeir\u00e3o Preto e Regi\u00e3o\",\"isPartOf\":{\"@id\":\"https:\\\/\\\/redenoticiaz.com.br\\\/ribeiraopreto-regiao\\\/#website\"},\"primaryImageOfPage\":{\"@id\":\"https:\\\/\\\/redenoticiaz.com.br\\\/ribeiraopreto-regiao\\\/sp\\\/2026\\\/09\\\/05\\\/mulheres-indigenas-assumem-papel-de-guardias-na-defesa-da-amazonia#primaryimage\"},\"image\":{\"@id\":\"https:\\\/\\\/redenoticiaz.com.br\\\/ribeiraopreto-regiao\\\/sp\\\/2026\\\/09\\\/05\\\/mulheres-indigenas-assumem-papel-de-guardias-na-defesa-da-amazonia#primaryimage\"},\"thumbnailUrl\":\"https:\\\/\\\/redenoticiaz.com.br\\\/ribeiraopreto-regiao\\\/wp-content\\\/uploads\\\/sites\\\/4\\\/2026\\\/09\\\/patricia_gualinga.jpg\",\"datePublished\":\"2026-09-05T14:03:58+00:00\",\"inLanguage\":\"pt-BR\",\"potentialAction\":[{\"@type\":\"ReadAction\",\"target\":[\"https:\\\/\\\/redenoticiaz.com.br\\\/ribeiraopreto-regiao\\\/sp\\\/2026\\\/09\\\/05\\\/mulheres-indigenas-assumem-papel-de-guardias-na-defesa-da-amazonia\"]}]},{\"@type\":\"ImageObject\",\"inLanguage\":\"pt-BR\",\"@id\":\"https:\\\/\\\/redenoticiaz.com.br\\\/ribeiraopreto-regiao\\\/sp\\\/2026\\\/09\\\/05\\\/mulheres-indigenas-assumem-papel-de-guardias-na-defesa-da-amazonia#primaryimage\",\"url\":\"https:\\\/\\\/redenoticiaz.com.br\\\/ribeiraopreto-regiao\\\/wp-content\\\/uploads\\\/sites\\\/4\\\/2026\\\/09\\\/patricia_gualinga.jpg\",\"contentUrl\":\"https:\\\/\\\/redenoticiaz.com.br\\\/ribeiraopreto-regiao\\\/wp-content\\\/uploads\\\/sites\\\/4\\\/2026\\\/09\\\/patricia_gualinga.jpg\",\"width\":1600,\"height\":800},{\"@type\":\"WebSite\",\"@id\":\"https:\\\/\\\/redenoticiaz.com.br\\\/ribeiraopreto-regiao\\\/#website\",\"url\":\"https:\\\/\\\/redenoticiaz.com.br\\\/ribeiraopreto-regiao\\\/\",\"name\":\"Ribeir\u00e3o Preto e Regi\u00e3o\",\"description\":\"Rede NoticiaZ - Ribeir\u00e3o Preto e regi\u00e3o\",\"publisher\":{\"@id\":\"https:\\\/\\\/redenoticiaz.com.br\\\/ribeiraopreto-regiao\\\/#organization\"},\"potentialAction\":[{\"@type\":\"SearchAction\",\"target\":{\"@type\":\"EntryPoint\",\"urlTemplate\":\"https:\\\/\\\/redenoticiaz.com.br\\\/ribeiraopreto-regiao\\\/?s={search_term_string}\"},\"query-input\":{\"@type\":\"PropertyValueSpecification\",\"valueRequired\":true,\"valueName\":\"search_term_string\"}}],\"inLanguage\":\"pt-BR\"},{\"@type\":\"Organization\",\"@id\":\"https:\\\/\\\/redenoticiaz.com.br\\\/ribeiraopreto-regiao\\\/#organization\",\"name\":\"Ribeir\u00e3o Preto e Regi\u00e3o\",\"url\":\"https:\\\/\\\/redenoticiaz.com.br\\\/ribeiraopreto-regiao\\\/\",\"logo\":{\"@type\":\"ImageObject\",\"inLanguage\":\"pt-BR\",\"@id\":\"https:\\\/\\\/redenoticiaz.com.br\\\/ribeiraopreto-regiao\\\/#\\\/schema\\\/logo\\\/image\\\/\",\"url\":\"https:\\\/\\\/redenoticiaz.com.br\\\/barretos-regiao\\\/wp-content\\\/uploads\\\/sites\\\/4\\\/2022\\\/02\\\/logo.jpg\",\"contentUrl\":\"https:\\\/\\\/redenoticiaz.com.br\\\/barretos-regiao\\\/wp-content\\\/uploads\\\/sites\\\/4\\\/2022\\\/02\\\/logo.jpg\",\"width\":400,\"height\":250,\"caption\":\"Ribeir\u00e3o Preto e Regi\u00e3o\"},\"image\":{\"@id\":\"https:\\\/\\\/redenoticiaz.com.br\\\/ribeiraopreto-regiao\\\/#\\\/schema\\\/logo\\\/image\\\/\"},\"sameAs\":[\"https:\\\/\\\/m.facebook.com\\\/redenoticiaz.barretos\",\"https:\\\/\\\/x.com\\\/RN_barretos\",\"https:\\\/\\\/www.instagram.com\\\/redenoticiaz.barretos\\\/?igshid=YmMyMTA2M2Y\",\"https:\\\/\\\/www.linkedin.com\\\/company\\\/rede-noticiaz-barretos-e-regio\\\/\"]},{\"@type\":\"Person\",\"@id\":\"https:\\\/\\\/redenoticiaz.com.br\\\/ribeiraopreto-regiao\\\/#\\\/schema\\\/person\\\/e1b0bd8c2637e2c1b6ddcbc2c33b116f\",\"name\":\"Patr\u00edcia Prado\",\"image\":{\"@type\":\"ImageObject\",\"inLanguage\":\"pt-BR\",\"@id\":\"https:\\\/\\\/secure.gravatar.com\\\/avatar\\\/92e358bef22cfcec15e054ae4d9fee04dadf0c772dc4a17b382b8a34a15354c2?s=96&d=mm&r=g\",\"url\":\"https:\\\/\\\/secure.gravatar.com\\\/avatar\\\/92e358bef22cfcec15e054ae4d9fee04dadf0c772dc4a17b382b8a34a15354c2?s=96&d=mm&r=g\",\"contentUrl\":\"https:\\\/\\\/secure.gravatar.com\\\/avatar\\\/92e358bef22cfcec15e054ae4d9fee04dadf0c772dc4a17b382b8a34a15354c2?s=96&d=mm&r=g\",\"caption\":\"Patr\u00edcia Prado\"},\"url\":\"https:\\\/\\\/redenoticiaz.com.br\\\/ribeiraopreto-regiao\\\/sp\\\/author\\\/patricia-prado\"}]}<\/script>\n<!-- \/ Yoast SEO plugin. -->","yoast_head_json":{"title":"Mulheres ind\u00edgenas assumem papel de guardi\u00e3s na defesa da Amaz\u00f4nia - Ribeir\u00e3o Preto e Regi\u00e3o","robots":{"index":"index","follow":"follow","max-snippet":"max-snippet:-1","max-image-preview":"max-image-preview:large","max-video-preview":"max-video-preview:-1"},"canonical":"https:\/\/redenoticiaz.com.br\/ribeiraopreto-regiao\/sp\/2026\/09\/05\/mulheres-indigenas-assumem-papel-de-guardias-na-defesa-da-amazonia","og_locale":"pt_BR","og_type":"article","og_title":"Mulheres ind\u00edgenas assumem papel de guardi\u00e3s na defesa da Amaz\u00f4nia - Ribeir\u00e3o Preto e Regi\u00e3o","og_description":"Treze mulheres ind\u00edgenas de diferentes na\u00e7\u00f5es da Amaz\u00f4nia divulgaram um poderoso manifesto durante a \u00faltima edi\u00e7\u00e3o do TEDxAmaz\u00f4nia, que ocorreu entre 27 e 30 de agosto na cidade de Banos e Puyos, no Equador. Lideradas pela anci\u00e3 do povo Shuar, Catalina Chumpi, elas reafirmaram a import\u00e2ncia da prote\u00e7\u00e3o dos territ\u00f3rios ind\u00edgenas, clamando por respeito e &hellip;","og_url":"https:\/\/redenoticiaz.com.br\/ribeiraopreto-regiao\/sp\/2026\/09\/05\/mulheres-indigenas-assumem-papel-de-guardias-na-defesa-da-amazonia","og_site_name":"Ribeir\u00e3o Preto e Regi\u00e3o","article_publisher":"https:\/\/m.facebook.com\/redenoticiaz.barretos","article_published_time":"2026-09-05T14:03:58+00:00","og_image":[{"width":400,"height":250,"url":"https:\/\/redenoticiaz.com.br\/ribeiraopreto-regiao\/wp-content\/uploads\/sites\/4\/2022\/02\/logo.jpg","type":"image\/jpeg"}],"author":"Patr\u00edcia Prado","twitter_card":"summary_large_image","twitter_creator":"@RN_barretos","twitter_site":"@RN_barretos","twitter_misc":{"Escrito por":"Patr\u00edcia Prado","Est. tempo de leitura":"3 minutos"},"schema":{"@context":"https:\/\/schema.org","@graph":[{"@type":"Article","@id":"https:\/\/redenoticiaz.com.br\/ribeiraopreto-regiao\/sp\/2026\/09\/05\/mulheres-indigenas-assumem-papel-de-guardias-na-defesa-da-amazonia#article","isPartOf":{"@id":"https:\/\/redenoticiaz.com.br\/ribeiraopreto-regiao\/sp\/2026\/09\/05\/mulheres-indigenas-assumem-papel-de-guardias-na-defesa-da-amazonia"},"author":{"name":"Patr\u00edcia Prado","@id":"https:\/\/redenoticiaz.com.br\/ribeiraopreto-regiao\/#\/schema\/person\/e1b0bd8c2637e2c1b6ddcbc2c33b116f"},"headline":"Mulheres ind\u00edgenas assumem papel de guardi\u00e3s na defesa da Amaz\u00f4nia","datePublished":"2026-09-05T14:03:58+00:00","mainEntityOfPage":{"@id":"https:\/\/redenoticiaz.com.br\/ribeiraopreto-regiao\/sp\/2026\/09\/05\/mulheres-indigenas-assumem-papel-de-guardias-na-defesa-da-amazonia"},"wordCount":642,"commentCount":0,"publisher":{"@id":"https:\/\/redenoticiaz.com.br\/ribeiraopreto-regiao\/#organization"},"image":{"@id":"https:\/\/redenoticiaz.com.br\/ribeiraopreto-regiao\/sp\/2026\/09\/05\/mulheres-indigenas-assumem-papel-de-guardias-na-defesa-da-amazonia#primaryimage"},"thumbnailUrl":"https:\/\/redenoticiaz.com.br\/ribeiraopreto-regiao\/wp-content\/uploads\/sites\/4\/2026\/09\/patricia_gualinga.jpg","articleSection":["Climatologia","Cultura","Meio Ambiente","Mundo","Pol\u00edtica"],"inLanguage":"pt-BR","potentialAction":[{"@type":"CommentAction","name":"Comment","target":["https:\/\/redenoticiaz.com.br\/ribeiraopreto-regiao\/sp\/2026\/09\/05\/mulheres-indigenas-assumem-papel-de-guardias-na-defesa-da-amazonia#respond"]}]},{"@type":"WebPage","@id":"https:\/\/redenoticiaz.com.br\/ribeiraopreto-regiao\/sp\/2026\/09\/05\/mulheres-indigenas-assumem-papel-de-guardias-na-defesa-da-amazonia","url":"https:\/\/redenoticiaz.com.br\/ribeiraopreto-regiao\/sp\/2026\/09\/05\/mulheres-indigenas-assumem-papel-de-guardias-na-defesa-da-amazonia","name":"Mulheres ind\u00edgenas assumem papel de guardi\u00e3s na defesa da Amaz\u00f4nia - Ribeir\u00e3o Preto e Regi\u00e3o","isPartOf":{"@id":"https:\/\/redenoticiaz.com.br\/ribeiraopreto-regiao\/#website"},"primaryImageOfPage":{"@id":"https:\/\/redenoticiaz.com.br\/ribeiraopreto-regiao\/sp\/2026\/09\/05\/mulheres-indigenas-assumem-papel-de-guardias-na-defesa-da-amazonia#primaryimage"},"image":{"@id":"https:\/\/redenoticiaz.com.br\/ribeiraopreto-regiao\/sp\/2026\/09\/05\/mulheres-indigenas-assumem-papel-de-guardias-na-defesa-da-amazonia#primaryimage"},"thumbnailUrl":"https:\/\/redenoticiaz.com.br\/ribeiraopreto-regiao\/wp-content\/uploads\/sites\/4\/2026\/09\/patricia_gualinga.jpg","datePublished":"2026-09-05T14:03:58+00:00","inLanguage":"pt-BR","potentialAction":[{"@type":"ReadAction","target":["https:\/\/redenoticiaz.com.br\/ribeiraopreto-regiao\/sp\/2026\/09\/05\/mulheres-indigenas-assumem-papel-de-guardias-na-defesa-da-amazonia"]}]},{"@type":"ImageObject","inLanguage":"pt-BR","@id":"https:\/\/redenoticiaz.com.br\/ribeiraopreto-regiao\/sp\/2026\/09\/05\/mulheres-indigenas-assumem-papel-de-guardias-na-defesa-da-amazonia#primaryimage","url":"https:\/\/redenoticiaz.com.br\/ribeiraopreto-regiao\/wp-content\/uploads\/sites\/4\/2026\/09\/patricia_gualinga.jpg","contentUrl":"https:\/\/redenoticiaz.com.br\/ribeiraopreto-regiao\/wp-content\/uploads\/sites\/4\/2026\/09\/patricia_gualinga.jpg","width":1600,"height":800},{"@type":"WebSite","@id":"https:\/\/redenoticiaz.com.br\/ribeiraopreto-regiao\/#website","url":"https:\/\/redenoticiaz.com.br\/ribeiraopreto-regiao\/","name":"Ribeir\u00e3o Preto e Regi\u00e3o","description":"Rede NoticiaZ - Ribeir\u00e3o Preto e regi\u00e3o","publisher":{"@id":"https:\/\/redenoticiaz.com.br\/ribeiraopreto-regiao\/#organization"},"potentialAction":[{"@type":"SearchAction","target":{"@type":"EntryPoint","urlTemplate":"https:\/\/redenoticiaz.com.br\/ribeiraopreto-regiao\/?s={search_term_string}"},"query-input":{"@type":"PropertyValueSpecification","valueRequired":true,"valueName":"search_term_string"}}],"inLanguage":"pt-BR"},{"@type":"Organization","@id":"https:\/\/redenoticiaz.com.br\/ribeiraopreto-regiao\/#organization","name":"Ribeir\u00e3o Preto e Regi\u00e3o","url":"https:\/\/redenoticiaz.com.br\/ribeiraopreto-regiao\/","logo":{"@type":"ImageObject","inLanguage":"pt-BR","@id":"https:\/\/redenoticiaz.com.br\/ribeiraopreto-regiao\/#\/schema\/logo\/image\/","url":"https:\/\/redenoticiaz.com.br\/barretos-regiao\/wp-content\/uploads\/sites\/4\/2022\/02\/logo.jpg","contentUrl":"https:\/\/redenoticiaz.com.br\/barretos-regiao\/wp-content\/uploads\/sites\/4\/2022\/02\/logo.jpg","width":400,"height":250,"caption":"Ribeir\u00e3o Preto e Regi\u00e3o"},"image":{"@id":"https:\/\/redenoticiaz.com.br\/ribeiraopreto-regiao\/#\/schema\/logo\/image\/"},"sameAs":["https:\/\/m.facebook.com\/redenoticiaz.barretos","https:\/\/x.com\/RN_barretos","https:\/\/www.instagram.com\/redenoticiaz.barretos\/?igshid=YmMyMTA2M2Y","https:\/\/www.linkedin.com\/company\/rede-noticiaz-barretos-e-regio\/"]},{"@type":"Person","@id":"https:\/\/redenoticiaz.com.br\/ribeiraopreto-regiao\/#\/schema\/person\/e1b0bd8c2637e2c1b6ddcbc2c33b116f","name":"Patr\u00edcia Prado","image":{"@type":"ImageObject","inLanguage":"pt-BR","@id":"https:\/\/secure.gravatar.com\/avatar\/92e358bef22cfcec15e054ae4d9fee04dadf0c772dc4a17b382b8a34a15354c2?s=96&d=mm&r=g","url":"https:\/\/secure.gravatar.com\/avatar\/92e358bef22cfcec15e054ae4d9fee04dadf0c772dc4a17b382b8a34a15354c2?s=96&d=mm&r=g","contentUrl":"https:\/\/secure.gravatar.com\/avatar\/92e358bef22cfcec15e054ae4d9fee04dadf0c772dc4a17b382b8a34a15354c2?s=96&d=mm&r=g","caption":"Patr\u00edcia Prado"},"url":"https:\/\/redenoticiaz.com.br\/ribeiraopreto-regiao\/sp\/author\/patricia-prado"}]}},"_links":{"self":[{"href":"https:\/\/redenoticiaz.com.br\/ribeiraopreto-regiao\/wp-json\/wp\/v2\/posts\/123312","targetHints":{"allow":["GET"]}}],"collection":[{"href":"https:\/\/redenoticiaz.com.br\/ribeiraopreto-regiao\/wp-json\/wp\/v2\/posts"}],"about":[{"href":"https:\/\/redenoticiaz.com.br\/ribeiraopreto-regiao\/wp-json\/wp\/v2\/types\/post"}],"author":[{"embeddable":true,"href":"https:\/\/redenoticiaz.com.br\/ribeiraopreto-regiao\/wp-json\/wp\/v2\/users\/5"}],"replies":[{"embeddable":true,"href":"https:\/\/redenoticiaz.com.br\/ribeiraopreto-regiao\/wp-json\/wp\/v2\/comments?post=123312"}],"version-history":[{"count":0,"href":"https:\/\/redenoticiaz.com.br\/ribeiraopreto-regiao\/wp-json\/wp\/v2\/posts\/123312\/revisions"}],"wp:featuredmedia":[{"embeddable":true,"href":"https:\/\/redenoticiaz.com.br\/ribeiraopreto-regiao\/wp-json\/wp\/v2\/media\/123313"}],"wp:attachment":[{"href":"https:\/\/redenoticiaz.com.br\/ribeiraopreto-regiao\/wp-json\/wp\/v2\/media?parent=123312"}],"wp:term":[{"taxonomy":"category","embeddable":true,"href":"https:\/\/redenoticiaz.com.br\/ribeiraopreto-regiao\/wp-json\/wp\/v2\/categories?post=123312"},{"taxonomy":"post_tag","embeddable":true,"href":"https:\/\/redenoticiaz.com.br\/ribeiraopreto-regiao\/wp-json\/wp\/v2\/tags?post=123312"}],"curies":[{"name":"wp","href":"https:\/\/api.w.org\/{rel}","templated":true}]}}