{"id":123314,"date":"2026-09-05T11:36:05","date_gmt":"2026-09-05T14:36:05","guid":{"rendered":"https:\/\/redenoticiaz.com.br\/ribeiraopreto-regiao\/sp\/2026\/09\/05\/rock-in-rio-investe-r-118-milhoes-em-projetos-socioambientais"},"modified":"2026-09-05T11:36:05","modified_gmt":"2026-09-05T14:36:05","slug":"rock-in-rio-investe-r-118-milhoes-em-projetos-socioambientais","status":"publish","type":"post","link":"https:\/\/redenoticiaz.com.br\/ribeiraopreto-regiao\/sp\/2026\/09\/05\/rock-in-rio-investe-r-118-milhoes-em-projetos-socioambientais","title":{"rendered":"Rock in Rio investe R$ 118 milh\u00f5es em projetos socioambientais"},"content":{"rendered":"<p>A edi\u00e7\u00e3o 2026 do Rock in Rio teve in\u00edcio na \u00faltima sexta-feira (4), na Cidade do Rock, localizada na Barra da Tijuca, zona sudoeste do Rio de Janeiro. O festival traz atra\u00e7\u00f5es renomadas, como Elton John, Gilberto Gil, Foo Fighters, Ivete Sangalo, DJ Alok, Maroon 5, Black Eyed Peas, Nelly e Bar\u00e3o Vermelho.<\/p>\n<p>Al\u00e9m de entreter o p\u00fablico com grandes shows, o Rock in Rio tamb\u00e9m investe em iniciativas sociais e ambientais. Desde 2001, a organiza\u00e7\u00e3o desenvolve o projeto Por Um Mundo Melhor, acumulando R$ 118 milh\u00f5es em investimentos, mais de 200 institui\u00e7\u00f5es apoiadas e mais de 1 milh\u00e3o de beneficiados diretamente.<\/p>\n<p>Uma das parcerias ressaltadas nesta edi\u00e7\u00e3o \u00e9 com a A\u00e7\u00e3o da Cidadania, que combate a fome no Brasil e colabora com o festival h\u00e1 25 anos. O evento disponibiliza uma \u00e1rea exclusiva onde o p\u00fablico pode conhecer os projetos da organiza\u00e7\u00e3o e realizar doa\u00e7\u00f5es. A meta desta edi\u00e7\u00e3o \u00e9 arrecadar 2 milh\u00f5es de pratos de comida, monitorados por um painel chamado Prat\u00f4metro, instalado na Cidade do Rock.<\/p>\n<p>Roberta Medina, vice-presidente executiva da Rock World, empresa respons\u00e1vel pelo festival, afirmou que a parceria com a A\u00e7\u00e3o da Cidadania \u00e9 uma das prioridades nesta edi\u00e7\u00e3o. Ela tamb\u00e9m destacou projetos de m\u00e9dio e longo prazos, como a colabora\u00e7\u00e3o com a organiza\u00e7\u00e3o Gerando Falc\u00f5es, que visa transformar favelas por meio do projeto Favela 3D.<\/p>\n<p>No que se refere \u00e0s quest\u00f5es ambientais, o festival refor\u00e7a sua preocupa\u00e7\u00e3o com as mudan\u00e7as clim\u00e1ticas, desenvolvendo a\u00e7\u00f5es que incluem a iniciativa Amaz\u00f4nia Live, voltada para a preserva\u00e7\u00e3o da Floresta Amaz\u00f4nica. Medina enfatizou a import\u00e2ncia de gerenciar res\u00edduos, \u00e1gua e energia, buscando sempre formas de minimizar o impacto ambiental e ampliar os benef\u00edcios sociais.<\/p>\n<p>A acessibilidade \u00e9 outro aspecto a ser destacado nesta edi\u00e7\u00e3o. Um espa\u00e7o ser\u00e1 dedicado a pessoas com defici\u00eancia, incluindo salas de acolhimento para neurodivergentes. O festival tamb\u00e9m promove a diversidade e seguran\u00e7a, com o Espa\u00e7o Plural focado no combate \u00e0 viol\u00eancia de g\u00eanero e o Espa\u00e7o Delas proporcionando conex\u00f5es entre mulheres.<\/p>\n<p>Com essas iniciativas, o Rock in Rio amplia sua miss\u00e3o, reafirmando que a mensagem de respeito, cuidado e pertencimento \u00e9 t\u00e3o essencial quanto as apresenta\u00e7\u00f5es musicais.<\/p>\n","protected":false},"excerpt":{"rendered":"<p>A edi\u00e7\u00e3o 2026 do Rock in Rio teve in\u00edcio na \u00faltima sexta-feira (4), na Cidade do Rock, localizada na Barra da Tijuca, zona sudoeste do Rio de Janeiro. O festival traz atra\u00e7\u00f5es renomadas, como Elton John, Gilberto Gil, Foo Fighters, Ivete Sangalo, DJ Alok, Maroon 5, Black Eyed Peas, Nelly e Bar\u00e3o Vermelho. Al\u00e9m de &hellip;<\/p>\n","protected":false},"author":5,"featured_media":123315,"comment_status":"open","ping_status":"closed","sticky":false,"template":"","format":"standard","meta":{"footnotes":""},"categories":[18753,1771,101,175,94,68],"tags":[],"class_list":["post-123314","post","type-post","status-publish","format-standard","has-post-thumbnail","hentry","category-cidadania","category-climatologia","category-economia","category-gastronomia","category-meio-ambiente","category-mundo"],"yoast_head":"<!-- This site is optimized with the Yoast SEO plugin v28.4 - https:\/\/yoast.com\/product\/yoast-seo-wordpress\/ -->\n<title>Rock in Rio investe R$ 118 milh\u00f5es em projetos socioambientais - Ribeir\u00e3o Preto e Regi\u00e3o<\/title>\n<meta name=\"robots\" content=\"index, follow, max-snippet:-1, max-image-preview:large, max-video-preview:-1\" \/>\n<link rel=\"canonical\" href=\"https:\/\/redenoticiaz.com.br\/ribeiraopreto-regiao\/sp\/2026\/09\/05\/rock-in-rio-investe-r-118-milhoes-em-projetos-socioambientais\" \/>\n<meta property=\"og:locale\" content=\"pt_BR\" \/>\n<meta property=\"og:type\" content=\"article\" \/>\n<meta property=\"og:title\" content=\"Rock in Rio investe R$ 118 milh\u00f5es em projetos socioambientais - Ribeir\u00e3o Preto e Regi\u00e3o\" \/>\n<meta property=\"og:description\" content=\"A edi\u00e7\u00e3o 2026 do Rock in Rio teve in\u00edcio na \u00faltima sexta-feira (4), na Cidade do Rock, localizada na Barra da Tijuca, zona sudoeste do Rio de Janeiro. O festival traz atra\u00e7\u00f5es renomadas, como Elton John, Gilberto Gil, Foo Fighters, Ivete Sangalo, DJ Alok, Maroon 5, Black Eyed Peas, Nelly e Bar\u00e3o Vermelho. Al\u00e9m de &hellip;\" \/>\n<meta property=\"og:url\" content=\"https:\/\/redenoticiaz.com.br\/ribeiraopreto-regiao\/sp\/2026\/09\/05\/rock-in-rio-investe-r-118-milhoes-em-projetos-socioambientais\" \/>\n<meta property=\"og:site_name\" content=\"Ribeir\u00e3o Preto e Regi\u00e3o\" \/>\n<meta property=\"article:publisher\" content=\"https:\/\/m.facebook.com\/redenoticiaz.barretos\" \/>\n<meta property=\"article:published_time\" content=\"2026-09-05T14:36:05+00:00\" \/>\n<meta property=\"og:image\" content=\"https:\/\/redenoticiaz.com.br\/ribeiraopreto-regiao\/wp-content\/uploads\/sites\/4\/2022\/02\/logo.jpg\" \/>\n\t<meta property=\"og:image:width\" content=\"400\" \/>\n\t<meta property=\"og:image:height\" content=\"250\" \/>\n\t<meta property=\"og:image:type\" content=\"image\/jpeg\" \/>\n<meta name=\"author\" content=\"Patr\u00edcia Prado\" \/>\n<meta name=\"twitter:card\" content=\"summary_large_image\" \/>\n<meta name=\"twitter:creator\" content=\"@RN_barretos\" \/>\n<meta name=\"twitter:site\" content=\"@RN_barretos\" \/>\n<meta name=\"twitter:label1\" content=\"Escrito por\" \/>\n\t<meta name=\"twitter:data1\" content=\"Patr\u00edcia Prado\" \/>\n\t<meta name=\"twitter:label2\" content=\"Est. tempo de leitura\" \/>\n\t<meta name=\"twitter:data2\" content=\"2 minutos\" \/>\n<script type=\"application\/ld+json\" class=\"yoast-schema-graph\">{\"@context\":\"https:\\\/\\\/schema.org\",\"@graph\":[{\"@type\":\"Article\",\"@id\":\"https:\\\/\\\/redenoticiaz.com.br\\\/ribeiraopreto-regiao\\\/sp\\\/2026\\\/09\\\/05\\\/rock-in-rio-investe-r-118-milhoes-em-projetos-socioambientais#article\",\"isPartOf\":{\"@id\":\"https:\\\/\\\/redenoticiaz.com.br\\\/ribeiraopreto-regiao\\\/sp\\\/2026\\\/09\\\/05\\\/rock-in-rio-investe-r-118-milhoes-em-projetos-socioambientais\"},\"author\":{\"name\":\"Patr\u00edcia Prado\",\"@id\":\"https:\\\/\\\/redenoticiaz.com.br\\\/ribeiraopreto-regiao\\\/#\\\/schema\\\/person\\\/e1b0bd8c2637e2c1b6ddcbc2c33b116f\"},\"headline\":\"Rock in Rio investe R$ 118 milh\u00f5es em projetos socioambientais\",\"datePublished\":\"2026-09-05T14:36:05+00:00\",\"mainEntityOfPage\":{\"@id\":\"https:\\\/\\\/redenoticiaz.com.br\\\/ribeiraopreto-regiao\\\/sp\\\/2026\\\/09\\\/05\\\/rock-in-rio-investe-r-118-milhoes-em-projetos-socioambientais\"},\"wordCount\":400,\"commentCount\":0,\"publisher\":{\"@id\":\"https:\\\/\\\/redenoticiaz.com.br\\\/ribeiraopreto-regiao\\\/#organization\"},\"image\":{\"@id\":\"https:\\\/\\\/redenoticiaz.com.br\\\/ribeiraopreto-regiao\\\/sp\\\/2026\\\/09\\\/05\\\/rock-in-rio-investe-r-118-milhoes-em-projetos-socioambientais#primaryimage\"},\"thumbnailUrl\":\"https:\\\/\\\/redenoticiaz.com.br\\\/ribeiraopreto-regiao\\\/wp-content\\\/uploads\\\/sites\\\/4\\\/2026\\\/09\\\/toms4400.jpg\",\"articleSection\":[\"Cidadania\",\"Climatologia\",\"Economia\",\"Gastronomia\",\"Meio Ambiente\",\"Mundo\"],\"inLanguage\":\"pt-BR\",\"potentialAction\":[{\"@type\":\"CommentAction\",\"name\":\"Comment\",\"target\":[\"https:\\\/\\\/redenoticiaz.com.br\\\/ribeiraopreto-regiao\\\/sp\\\/2026\\\/09\\\/05\\\/rock-in-rio-investe-r-118-milhoes-em-projetos-socioambientais#respond\"]}]},{\"@type\":\"WebPage\",\"@id\":\"https:\\\/\\\/redenoticiaz.com.br\\\/ribeiraopreto-regiao\\\/sp\\\/2026\\\/09\\\/05\\\/rock-in-rio-investe-r-118-milhoes-em-projetos-socioambientais\",\"url\":\"https:\\\/\\\/redenoticiaz.com.br\\\/ribeiraopreto-regiao\\\/sp\\\/2026\\\/09\\\/05\\\/rock-in-rio-investe-r-118-milhoes-em-projetos-socioambientais\",\"name\":\"Rock in Rio investe R$ 118 milh\u00f5es em projetos socioambientais - Ribeir\u00e3o Preto e Regi\u00e3o\",\"isPartOf\":{\"@id\":\"https:\\\/\\\/redenoticiaz.com.br\\\/ribeiraopreto-regiao\\\/#website\"},\"primaryImageOfPage\":{\"@id\":\"https:\\\/\\\/redenoticiaz.com.br\\\/ribeiraopreto-regiao\\\/sp\\\/2026\\\/09\\\/05\\\/rock-in-rio-investe-r-118-milhoes-em-projetos-socioambientais#primaryimage\"},\"image\":{\"@id\":\"https:\\\/\\\/redenoticiaz.com.br\\\/ribeiraopreto-regiao\\\/sp\\\/2026\\\/09\\\/05\\\/rock-in-rio-investe-r-118-milhoes-em-projetos-socioambientais#primaryimage\"},\"thumbnailUrl\":\"https:\\\/\\\/redenoticiaz.com.br\\\/ribeiraopreto-regiao\\\/wp-content\\\/uploads\\\/sites\\\/4\\\/2026\\\/09\\\/toms4400.jpg\",\"datePublished\":\"2026-09-05T14:36:05+00:00\",\"inLanguage\":\"pt-BR\",\"potentialAction\":[{\"@type\":\"ReadAction\",\"target\":[\"https:\\\/\\\/redenoticiaz.com.br\\\/ribeiraopreto-regiao\\\/sp\\\/2026\\\/09\\\/05\\\/rock-in-rio-investe-r-118-milhoes-em-projetos-socioambientais\"]}]},{\"@type\":\"ImageObject\",\"inLanguage\":\"pt-BR\",\"@id\":\"https:\\\/\\\/redenoticiaz.com.br\\\/ribeiraopreto-regiao\\\/sp\\\/2026\\\/09\\\/05\\\/rock-in-rio-investe-r-118-milhoes-em-projetos-socioambientais#primaryimage\",\"url\":\"https:\\\/\\\/redenoticiaz.com.br\\\/ribeiraopreto-regiao\\\/wp-content\\\/uploads\\\/sites\\\/4\\\/2026\\\/09\\\/toms4400.jpg\",\"contentUrl\":\"https:\\\/\\\/redenoticiaz.com.br\\\/ribeiraopreto-regiao\\\/wp-content\\\/uploads\\\/sites\\\/4\\\/2026\\\/09\\\/toms4400.jpg\",\"width\":1600,\"height\":800},{\"@type\":\"WebSite\",\"@id\":\"https:\\\/\\\/redenoticiaz.com.br\\\/ribeiraopreto-regiao\\\/#website\",\"url\":\"https:\\\/\\\/redenoticiaz.com.br\\\/ribeiraopreto-regiao\\\/\",\"name\":\"Ribeir\u00e3o Preto e Regi\u00e3o\",\"description\":\"Rede NoticiaZ - Ribeir\u00e3o Preto e regi\u00e3o\",\"publisher\":{\"@id\":\"https:\\\/\\\/redenoticiaz.com.br\\\/ribeiraopreto-regiao\\\/#organization\"},\"potentialAction\":[{\"@type\":\"SearchAction\",\"target\":{\"@type\":\"EntryPoint\",\"urlTemplate\":\"https:\\\/\\\/redenoticiaz.com.br\\\/ribeiraopreto-regiao\\\/?s={search_term_string}\"},\"query-input\":{\"@type\":\"PropertyValueSpecification\",\"valueRequired\":true,\"valueName\":\"search_term_string\"}}],\"inLanguage\":\"pt-BR\"},{\"@type\":\"Organization\",\"@id\":\"https:\\\/\\\/redenoticiaz.com.br\\\/ribeiraopreto-regiao\\\/#organization\",\"name\":\"Ribeir\u00e3o Preto e Regi\u00e3o\",\"url\":\"https:\\\/\\\/redenoticiaz.com.br\\\/ribeiraopreto-regiao\\\/\",\"logo\":{\"@type\":\"ImageObject\",\"inLanguage\":\"pt-BR\",\"@id\":\"https:\\\/\\\/redenoticiaz.com.br\\\/ribeiraopreto-regiao\\\/#\\\/schema\\\/logo\\\/image\\\/\",\"url\":\"https:\\\/\\\/redenoticiaz.com.br\\\/barretos-regiao\\\/wp-content\\\/uploads\\\/sites\\\/4\\\/2022\\\/02\\\/logo.jpg\",\"contentUrl\":\"https:\\\/\\\/redenoticiaz.com.br\\\/barretos-regiao\\\/wp-content\\\/uploads\\\/sites\\\/4\\\/2022\\\/02\\\/logo.jpg\",\"width\":400,\"height\":250,\"caption\":\"Ribeir\u00e3o Preto e Regi\u00e3o\"},\"image\":{\"@id\":\"https:\\\/\\\/redenoticiaz.com.br\\\/ribeiraopreto-regiao\\\/#\\\/schema\\\/logo\\\/image\\\/\"},\"sameAs\":[\"https:\\\/\\\/m.facebook.com\\\/redenoticiaz.barretos\",\"https:\\\/\\\/x.com\\\/RN_barretos\",\"https:\\\/\\\/www.instagram.com\\\/redenoticiaz.barretos\\\/?igshid=YmMyMTA2M2Y\",\"https:\\\/\\\/www.linkedin.com\\\/company\\\/rede-noticiaz-barretos-e-regio\\\/\"]},{\"@type\":\"Person\",\"@id\":\"https:\\\/\\\/redenoticiaz.com.br\\\/ribeiraopreto-regiao\\\/#\\\/schema\\\/person\\\/e1b0bd8c2637e2c1b6ddcbc2c33b116f\",\"name\":\"Patr\u00edcia Prado\",\"image\":{\"@type\":\"ImageObject\",\"inLanguage\":\"pt-BR\",\"@id\":\"https:\\\/\\\/secure.gravatar.com\\\/avatar\\\/92e358bef22cfcec15e054ae4d9fee04dadf0c772dc4a17b382b8a34a15354c2?s=96&d=mm&r=g\",\"url\":\"https:\\\/\\\/secure.gravatar.com\\\/avatar\\\/92e358bef22cfcec15e054ae4d9fee04dadf0c772dc4a17b382b8a34a15354c2?s=96&d=mm&r=g\",\"contentUrl\":\"https:\\\/\\\/secure.gravatar.com\\\/avatar\\\/92e358bef22cfcec15e054ae4d9fee04dadf0c772dc4a17b382b8a34a15354c2?s=96&d=mm&r=g\",\"caption\":\"Patr\u00edcia Prado\"},\"url\":\"https:\\\/\\\/redenoticiaz.com.br\\\/ribeiraopreto-regiao\\\/sp\\\/author\\\/patricia-prado\"}]}<\/script>\n<!-- \/ Yoast SEO plugin. -->","yoast_head_json":{"title":"Rock in Rio investe R$ 118 milh\u00f5es em projetos socioambientais - Ribeir\u00e3o Preto e Regi\u00e3o","robots":{"index":"index","follow":"follow","max-snippet":"max-snippet:-1","max-image-preview":"max-image-preview:large","max-video-preview":"max-video-preview:-1"},"canonical":"https:\/\/redenoticiaz.com.br\/ribeiraopreto-regiao\/sp\/2026\/09\/05\/rock-in-rio-investe-r-118-milhoes-em-projetos-socioambientais","og_locale":"pt_BR","og_type":"article","og_title":"Rock in Rio investe R$ 118 milh\u00f5es em projetos socioambientais - Ribeir\u00e3o Preto e Regi\u00e3o","og_description":"A edi\u00e7\u00e3o 2026 do Rock in Rio teve in\u00edcio na \u00faltima sexta-feira (4), na Cidade do Rock, localizada na Barra da Tijuca, zona sudoeste do Rio de Janeiro. O festival traz atra\u00e7\u00f5es renomadas, como Elton John, Gilberto Gil, Foo Fighters, Ivete Sangalo, DJ Alok, Maroon 5, Black Eyed Peas, Nelly e Bar\u00e3o Vermelho. Al\u00e9m de &hellip;","og_url":"https:\/\/redenoticiaz.com.br\/ribeiraopreto-regiao\/sp\/2026\/09\/05\/rock-in-rio-investe-r-118-milhoes-em-projetos-socioambientais","og_site_name":"Ribeir\u00e3o Preto e Regi\u00e3o","article_publisher":"https:\/\/m.facebook.com\/redenoticiaz.barretos","article_published_time":"2026-09-05T14:36:05+00:00","og_image":[{"width":400,"height":250,"url":"https:\/\/redenoticiaz.com.br\/ribeiraopreto-regiao\/wp-content\/uploads\/sites\/4\/2022\/02\/logo.jpg","type":"image\/jpeg"}],"author":"Patr\u00edcia Prado","twitter_card":"summary_large_image","twitter_creator":"@RN_barretos","twitter_site":"@RN_barretos","twitter_misc":{"Escrito por":"Patr\u00edcia Prado","Est. tempo de leitura":"2 minutos"},"schema":{"@context":"https:\/\/schema.org","@graph":[{"@type":"Article","@id":"https:\/\/redenoticiaz.com.br\/ribeiraopreto-regiao\/sp\/2026\/09\/05\/rock-in-rio-investe-r-118-milhoes-em-projetos-socioambientais#article","isPartOf":{"@id":"https:\/\/redenoticiaz.com.br\/ribeiraopreto-regiao\/sp\/2026\/09\/05\/rock-in-rio-investe-r-118-milhoes-em-projetos-socioambientais"},"author":{"name":"Patr\u00edcia Prado","@id":"https:\/\/redenoticiaz.com.br\/ribeiraopreto-regiao\/#\/schema\/person\/e1b0bd8c2637e2c1b6ddcbc2c33b116f"},"headline":"Rock in Rio investe R$ 118 milh\u00f5es em projetos socioambientais","datePublished":"2026-09-05T14:36:05+00:00","mainEntityOfPage":{"@id":"https:\/\/redenoticiaz.com.br\/ribeiraopreto-regiao\/sp\/2026\/09\/05\/rock-in-rio-investe-r-118-milhoes-em-projetos-socioambientais"},"wordCount":400,"commentCount":0,"publisher":{"@id":"https:\/\/redenoticiaz.com.br\/ribeiraopreto-regiao\/#organization"},"image":{"@id":"https:\/\/redenoticiaz.com.br\/ribeiraopreto-regiao\/sp\/2026\/09\/05\/rock-in-rio-investe-r-118-milhoes-em-projetos-socioambientais#primaryimage"},"thumbnailUrl":"https:\/\/redenoticiaz.com.br\/ribeiraopreto-regiao\/wp-content\/uploads\/sites\/4\/2026\/09\/toms4400.jpg","articleSection":["Cidadania","Climatologia","Economia","Gastronomia","Meio Ambiente","Mundo"],"inLanguage":"pt-BR","potentialAction":[{"@type":"CommentAction","name":"Comment","target":["https:\/\/redenoticiaz.com.br\/ribeiraopreto-regiao\/sp\/2026\/09\/05\/rock-in-rio-investe-r-118-milhoes-em-projetos-socioambientais#respond"]}]},{"@type":"WebPage","@id":"https:\/\/redenoticiaz.com.br\/ribeiraopreto-regiao\/sp\/2026\/09\/05\/rock-in-rio-investe-r-118-milhoes-em-projetos-socioambientais","url":"https:\/\/redenoticiaz.com.br\/ribeiraopreto-regiao\/sp\/2026\/09\/05\/rock-in-rio-investe-r-118-milhoes-em-projetos-socioambientais","name":"Rock in Rio investe R$ 118 milh\u00f5es em projetos socioambientais - Ribeir\u00e3o Preto e Regi\u00e3o","isPartOf":{"@id":"https:\/\/redenoticiaz.com.br\/ribeiraopreto-regiao\/#website"},"primaryImageOfPage":{"@id":"https:\/\/redenoticiaz.com.br\/ribeiraopreto-regiao\/sp\/2026\/09\/05\/rock-in-rio-investe-r-118-milhoes-em-projetos-socioambientais#primaryimage"},"image":{"@id":"https:\/\/redenoticiaz.com.br\/ribeiraopreto-regiao\/sp\/2026\/09\/05\/rock-in-rio-investe-r-118-milhoes-em-projetos-socioambientais#primaryimage"},"thumbnailUrl":"https:\/\/redenoticiaz.com.br\/ribeiraopreto-regiao\/wp-content\/uploads\/sites\/4\/2026\/09\/toms4400.jpg","datePublished":"2026-09-05T14:36:05+00:00","inLanguage":"pt-BR","potentialAction":[{"@type":"ReadAction","target":["https:\/\/redenoticiaz.com.br\/ribeiraopreto-regiao\/sp\/2026\/09\/05\/rock-in-rio-investe-r-118-milhoes-em-projetos-socioambientais"]}]},{"@type":"ImageObject","inLanguage":"pt-BR","@id":"https:\/\/redenoticiaz.com.br\/ribeiraopreto-regiao\/sp\/2026\/09\/05\/rock-in-rio-investe-r-118-milhoes-em-projetos-socioambientais#primaryimage","url":"https:\/\/redenoticiaz.com.br\/ribeiraopreto-regiao\/wp-content\/uploads\/sites\/4\/2026\/09\/toms4400.jpg","contentUrl":"https:\/\/redenoticiaz.com.br\/ribeiraopreto-regiao\/wp-content\/uploads\/sites\/4\/2026\/09\/toms4400.jpg","width":1600,"height":800},{"@type":"WebSite","@id":"https:\/\/redenoticiaz.com.br\/ribeiraopreto-regiao\/#website","url":"https:\/\/redenoticiaz.com.br\/ribeiraopreto-regiao\/","name":"Ribeir\u00e3o Preto e Regi\u00e3o","description":"Rede NoticiaZ - Ribeir\u00e3o Preto e regi\u00e3o","publisher":{"@id":"https:\/\/redenoticiaz.com.br\/ribeiraopreto-regiao\/#organization"},"potentialAction":[{"@type":"SearchAction","target":{"@type":"EntryPoint","urlTemplate":"https:\/\/redenoticiaz.com.br\/ribeiraopreto-regiao\/?s={search_term_string}"},"query-input":{"@type":"PropertyValueSpecification","valueRequired":true,"valueName":"search_term_string"}}],"inLanguage":"pt-BR"},{"@type":"Organization","@id":"https:\/\/redenoticiaz.com.br\/ribeiraopreto-regiao\/#organization","name":"Ribeir\u00e3o Preto e Regi\u00e3o","url":"https:\/\/redenoticiaz.com.br\/ribeiraopreto-regiao\/","logo":{"@type":"ImageObject","inLanguage":"pt-BR","@id":"https:\/\/redenoticiaz.com.br\/ribeiraopreto-regiao\/#\/schema\/logo\/image\/","url":"https:\/\/redenoticiaz.com.br\/barretos-regiao\/wp-content\/uploads\/sites\/4\/2022\/02\/logo.jpg","contentUrl":"https:\/\/redenoticiaz.com.br\/barretos-regiao\/wp-content\/uploads\/sites\/4\/2022\/02\/logo.jpg","width":400,"height":250,"caption":"Ribeir\u00e3o Preto e Regi\u00e3o"},"image":{"@id":"https:\/\/redenoticiaz.com.br\/ribeiraopreto-regiao\/#\/schema\/logo\/image\/"},"sameAs":["https:\/\/m.facebook.com\/redenoticiaz.barretos","https:\/\/x.com\/RN_barretos","https:\/\/www.instagram.com\/redenoticiaz.barretos\/?igshid=YmMyMTA2M2Y","https:\/\/www.linkedin.com\/company\/rede-noticiaz-barretos-e-regio\/"]},{"@type":"Person","@id":"https:\/\/redenoticiaz.com.br\/ribeiraopreto-regiao\/#\/schema\/person\/e1b0bd8c2637e2c1b6ddcbc2c33b116f","name":"Patr\u00edcia Prado","image":{"@type":"ImageObject","inLanguage":"pt-BR","@id":"https:\/\/secure.gravatar.com\/avatar\/92e358bef22cfcec15e054ae4d9fee04dadf0c772dc4a17b382b8a34a15354c2?s=96&d=mm&r=g","url":"https:\/\/secure.gravatar.com\/avatar\/92e358bef22cfcec15e054ae4d9fee04dadf0c772dc4a17b382b8a34a15354c2?s=96&d=mm&r=g","contentUrl":"https:\/\/secure.gravatar.com\/avatar\/92e358bef22cfcec15e054ae4d9fee04dadf0c772dc4a17b382b8a34a15354c2?s=96&d=mm&r=g","caption":"Patr\u00edcia Prado"},"url":"https:\/\/redenoticiaz.com.br\/ribeiraopreto-regiao\/sp\/author\/patricia-prado"}]}},"_links":{"self":[{"href":"https:\/\/redenoticiaz.com.br\/ribeiraopreto-regiao\/wp-json\/wp\/v2\/posts\/123314","targetHints":{"allow":["GET"]}}],"collection":[{"href":"https:\/\/redenoticiaz.com.br\/ribeiraopreto-regiao\/wp-json\/wp\/v2\/posts"}],"about":[{"href":"https:\/\/redenoticiaz.com.br\/ribeiraopreto-regiao\/wp-json\/wp\/v2\/types\/post"}],"author":[{"embeddable":true,"href":"https:\/\/redenoticiaz.com.br\/ribeiraopreto-regiao\/wp-json\/wp\/v2\/users\/5"}],"replies":[{"embeddable":true,"href":"https:\/\/redenoticiaz.com.br\/ribeiraopreto-regiao\/wp-json\/wp\/v2\/comments?post=123314"}],"version-history":[{"count":0,"href":"https:\/\/redenoticiaz.com.br\/ribeiraopreto-regiao\/wp-json\/wp\/v2\/posts\/123314\/revisions"}],"wp:featuredmedia":[{"embeddable":true,"href":"https:\/\/redenoticiaz.com.br\/ribeiraopreto-regiao\/wp-json\/wp\/v2\/media\/123315"}],"wp:attachment":[{"href":"https:\/\/redenoticiaz.com.br\/ribeiraopreto-regiao\/wp-json\/wp\/v2\/media?parent=123314"}],"wp:term":[{"taxonomy":"category","embeddable":true,"href":"https:\/\/redenoticiaz.com.br\/ribeiraopreto-regiao\/wp-json\/wp\/v2\/categories?post=123314"},{"taxonomy":"post_tag","embeddable":true,"href":"https:\/\/redenoticiaz.com.br\/ribeiraopreto-regiao\/wp-json\/wp\/v2\/tags?post=123314"}],"curies":[{"name":"wp","href":"https:\/\/api.w.org\/{rel}","templated":true}]}}