{"id":123318,"date":"2026-09-05T12:06:56","date_gmt":"2026-09-05T15:06:56","guid":{"rendered":"https:\/\/redenoticiaz.com.br\/ribeiraopreto-regiao\/sp\/2026\/09\/05\/radio-animada-celebra-amazonia-e-estreia-programa-da-unesp-fm"},"modified":"2026-09-05T12:06:56","modified_gmt":"2026-09-05T15:06:56","slug":"radio-animada-celebra-amazonia-e-estreia-programa-da-unesp-fm","status":"publish","type":"post","link":"https:\/\/redenoticiaz.com.br\/ribeiraopreto-regiao\/sp\/2026\/09\/05\/radio-animada-celebra-amazonia-e-estreia-programa-da-unesp-fm","title":{"rendered":"R\u00e1dio Animada celebra Amaz\u00f4nia e estreia programa da Unesp FM"},"content":{"rendered":"<p>No pr\u00f3ximo domingo (6), a R\u00e1dio Animada, programa\u00e7\u00e3o infantojuvenil da R\u00e1dio MEC AM 800 kHz, exibir\u00e1 um epis\u00f3dio especial dedicado \u00e0 Amaz\u00f4nia, das 8h \u00e0s 9h. O programa, voltado para crian\u00e7as de todas as idades, incluir\u00e1 m\u00fasicas, hist\u00f3rias, dicas culturais e quadros especiais sobre a maior floresta tropical do mundo.<\/p>\n<p>Na sequ\u00eancia, das 9h \u00e0s 10h, a emissora dar\u00e1 in\u00edcio ao Unespinha, uma produ\u00e7\u00e3o da R\u00e1dio Unesp FM da Universidade Estadual Paulista, que tamb\u00e9m ser\u00e1 transmitida pela R\u00e1dio UFRJ. A primeira hora do programa contar\u00e1 com um epis\u00f3dio do Maritaca focado em rios, trilhas de filmes sobre a floresta no quadro M\u00fasica Brasileira para a Inf\u00e2ncia e uma homenagem ao poeta Thiago de Mello no quadro Biblioteca R\u00e1dio Animada.<\/p>\n<p>Al\u00e9m disso, o programa apresentar\u00e1 dicas culturais, como o livro &#8220;A camaleoa Luni&#8221;, escrito por Lhays Macedo, e o espet\u00e1culo &#8220;Festa no Arraial, O Musical&#8221;.<\/p>\n<p>A estreia do Unespinha na R\u00e1dio Animada em Rede representa uma novidade na programa\u00e7\u00e3o, que foi selecionada atrav\u00e9s de um edital da Empresa Brasil de Comunica\u00e7\u00e3o (EBC) lan\u00e7ado em mar\u00e7o de 2026. O objetivo \u00e9 diversificar as emiss\u00f5es das r\u00e1dios p\u00fablicas, fortalecer a integra\u00e7\u00e3o entre as emissoras da Rede Nacional de Comunica\u00e7\u00e3o P\u00fablica e incentivar a produ\u00e7\u00e3o regional de conte\u00fados.<\/p>\n<p>Com uma abordagem did\u00e1tico-pedag\u00f3gica, o Unespinha trar\u00e1 conhecimento, ci\u00eancia, dicas de livros, entrevistas, curiosidades, contos e m\u00fasica. O programa \u00e9 apresentado pela jornalista Cilene Barros.<\/p>\n<p>A R\u00e1dio MEC, reconhecida em todo o Brasil como a &#8220;R\u00e1dio de M\u00fasica Cl\u00e1ssica do Brasil&#8221;, dedica 80% de sua programa\u00e7\u00e3o \u00e0 m\u00fasica cl\u00e1ssica, apresentando compositores brasileiros e internacionais. A emissora pode ser sintonizada em diferentes frequ\u00eancias no Rio de Janeiro, Bras\u00edlia e Belo Horizonte, al\u00e9m de estar dispon\u00edvel no aplicativo R\u00e1dios EBC.<\/p>\n<p>Os ouvintes podem interagir com a programa\u00e7\u00e3o atrav\u00e9s do WhatsApp, enviando mensagens para o n\u00famero (21) 99710-0537.<\/p>\n<p>Servi\u00e7o:<br \/> R\u00e1dio Animada &#8211; domingo (6):<br \/> 8h \u00e0s 9h \u2013 Epis\u00f3dio especial do Maritaca sobre a Floresta Amaz\u00f4nica.<br \/> 9h \u00e0s 10h \u2013 Estreia do Unespinha, produ\u00e7\u00e3o da Unesp FM.<\/p>\n<p>Para mais informa\u00e7\u00f5es, acesse a R\u00e1dio MEC pela internet e redes sociais:<br \/> Site: <a href=\"https:\/\/radios.ebc.com.br\">https:\/\/radios.ebc.com.br<\/a><br \/> Instagram: <a href=\"https:\/\/www.instagram.com\/radiomec\">https:\/\/www.instagram.com\/radiomec<\/a><br \/> Spotify: <a href=\"https:\/\/open.spotify.com\/user\/radiomec\">https:\/\/open.spotify.com\/user\/radiomec<\/a><br \/> YouTube: <a href=\"https:\/\/www.youtube.com\/radiomec\">https:\/\/www.youtube.com\/radiomec<\/a><br \/> Facebook: <a href=\"https:\/\/www.facebook.com\/radiomec\">https:\/\/www.facebook.com\/radiomec<\/a><br \/> X: <a href=\"https:\/\/x.com\/radiomec\">https:\/\/x.com\/radiomec<\/a><\/p>\n<p>Como sintonizar a R\u00e1dio MEC:<br \/> Rio de Janeiro: FM 99,3 MHz e AM 800 kHz<br \/> Belo Horizonte: FM 87,1 MHz<br \/> Bras\u00edlia: FM 87,1 MHz e AM 800 kHz<br \/> Fortaleza (R\u00e1dio Educativa): 86,7 MHz<br \/> Parab\u00f3lica &#8211; Star One C2 &#8211; 3748,00 MHz &#8211; Servi\u00e7o 3<br \/> Celular &#8211; App R\u00e1dios EBC para Android e iOS.<\/p>\n","protected":false},"excerpt":{"rendered":"<p>No pr\u00f3ximo domingo (6), a R\u00e1dio Animada, programa\u00e7\u00e3o infantojuvenil da R\u00e1dio MEC AM 800 kHz, exibir\u00e1 um epis\u00f3dio especial dedicado \u00e0 Amaz\u00f4nia, das 8h \u00e0s 9h. O programa, voltado para crian\u00e7as de todas as idades, incluir\u00e1 m\u00fasicas, hist\u00f3rias, dicas culturais e quadros especiais sobre a maior floresta tropical do mundo. Na sequ\u00eancia, das 9h \u00e0s &hellip;<\/p>\n","protected":false},"author":5,"featured_media":123319,"comment_status":"open","ping_status":"closed","sticky":false,"template":"","format":"standard","meta":{"footnotes":""},"categories":[469,815,101,820,94,68,1561,20009],"tags":[],"class_list":["post-123318","post","type-post","status-publish","format-standard","has-post-thumbnail","hentry","category-cultura","category-cultura-e-musica","category-economia","category-educacao","category-meio-ambiente","category-mundo","category-tecnologia","category-variedades"],"yoast_head":"<!-- This site is optimized with the Yoast SEO plugin v28.4 - https:\/\/yoast.com\/product\/yoast-seo-wordpress\/ -->\n<title>R\u00e1dio Animada celebra Amaz\u00f4nia e estreia programa da Unesp FM - Ribeir\u00e3o Preto e Regi\u00e3o<\/title>\n<meta name=\"robots\" content=\"index, follow, max-snippet:-1, max-image-preview:large, max-video-preview:-1\" \/>\n<link rel=\"canonical\" href=\"https:\/\/redenoticiaz.com.br\/ribeiraopreto-regiao\/sp\/2026\/09\/05\/radio-animada-celebra-amazonia-e-estreia-programa-da-unesp-fm\" \/>\n<meta property=\"og:locale\" content=\"pt_BR\" \/>\n<meta property=\"og:type\" content=\"article\" \/>\n<meta property=\"og:title\" content=\"R\u00e1dio Animada celebra Amaz\u00f4nia e estreia programa da Unesp FM - Ribeir\u00e3o Preto e Regi\u00e3o\" \/>\n<meta property=\"og:description\" content=\"No pr\u00f3ximo domingo (6), a R\u00e1dio Animada, programa\u00e7\u00e3o infantojuvenil da R\u00e1dio MEC AM 800 kHz, exibir\u00e1 um epis\u00f3dio especial dedicado \u00e0 Amaz\u00f4nia, das 8h \u00e0s 9h. O programa, voltado para crian\u00e7as de todas as idades, incluir\u00e1 m\u00fasicas, hist\u00f3rias, dicas culturais e quadros especiais sobre a maior floresta tropical do mundo. Na sequ\u00eancia, das 9h \u00e0s &hellip;\" \/>\n<meta property=\"og:url\" content=\"https:\/\/redenoticiaz.com.br\/ribeiraopreto-regiao\/sp\/2026\/09\/05\/radio-animada-celebra-amazonia-e-estreia-programa-da-unesp-fm\" \/>\n<meta property=\"og:site_name\" content=\"Ribeir\u00e3o Preto e Regi\u00e3o\" \/>\n<meta property=\"article:publisher\" content=\"https:\/\/m.facebook.com\/redenoticiaz.barretos\" \/>\n<meta property=\"article:published_time\" content=\"2026-09-05T15:06:56+00:00\" \/>\n<meta property=\"og:image\" content=\"https:\/\/redenoticiaz.com.br\/ribeiraopreto-regiao\/wp-content\/uploads\/sites\/4\/2022\/02\/logo.jpg\" \/>\n\t<meta property=\"og:image:width\" content=\"400\" \/>\n\t<meta property=\"og:image:height\" content=\"250\" \/>\n\t<meta property=\"og:image:type\" content=\"image\/jpeg\" \/>\n<meta name=\"author\" content=\"Patr\u00edcia Prado\" \/>\n<meta name=\"twitter:card\" content=\"summary_large_image\" \/>\n<meta name=\"twitter:creator\" content=\"@RN_barretos\" \/>\n<meta name=\"twitter:site\" content=\"@RN_barretos\" \/>\n<meta name=\"twitter:label1\" content=\"Escrito por\" \/>\n\t<meta name=\"twitter:data1\" content=\"Patr\u00edcia Prado\" \/>\n\t<meta name=\"twitter:label2\" content=\"Est. tempo de leitura\" \/>\n\t<meta name=\"twitter:data2\" content=\"2 minutos\" \/>\n<script type=\"application\/ld+json\" class=\"yoast-schema-graph\">{\"@context\":\"https:\\\/\\\/schema.org\",\"@graph\":[{\"@type\":\"Article\",\"@id\":\"https:\\\/\\\/redenoticiaz.com.br\\\/ribeiraopreto-regiao\\\/sp\\\/2026\\\/09\\\/05\\\/radio-animada-celebra-amazonia-e-estreia-programa-da-unesp-fm#article\",\"isPartOf\":{\"@id\":\"https:\\\/\\\/redenoticiaz.com.br\\\/ribeiraopreto-regiao\\\/sp\\\/2026\\\/09\\\/05\\\/radio-animada-celebra-amazonia-e-estreia-programa-da-unesp-fm\"},\"author\":{\"name\":\"Patr\u00edcia Prado\",\"@id\":\"https:\\\/\\\/redenoticiaz.com.br\\\/ribeiraopreto-regiao\\\/#\\\/schema\\\/person\\\/e1b0bd8c2637e2c1b6ddcbc2c33b116f\"},\"headline\":\"R\u00e1dio Animada celebra Amaz\u00f4nia e estreia programa da Unesp FM\",\"datePublished\":\"2026-09-05T15:06:56+00:00\",\"mainEntityOfPage\":{\"@id\":\"https:\\\/\\\/redenoticiaz.com.br\\\/ribeiraopreto-regiao\\\/sp\\\/2026\\\/09\\\/05\\\/radio-animada-celebra-amazonia-e-estreia-programa-da-unesp-fm\"},\"wordCount\":488,\"commentCount\":0,\"publisher\":{\"@id\":\"https:\\\/\\\/redenoticiaz.com.br\\\/ribeiraopreto-regiao\\\/#organization\"},\"image\":{\"@id\":\"https:\\\/\\\/redenoticiaz.com.br\\\/ribeiraopreto-regiao\\\/sp\\\/2026\\\/09\\\/05\\\/radio-animada-celebra-amazonia-e-estreia-programa-da-unesp-fm#primaryimage\"},\"thumbnailUrl\":\"https:\\\/\\\/redenoticiaz.com.br\\\/ribeiraopreto-regiao\\\/wp-content\\\/uploads\\\/sites\\\/4\\\/2026\\\/09\\\/radio_animada_celebra_a_amazonia_e_estreia_producao_da_parceira_unesp_fm.jpg\",\"articleSection\":[\"Cultura\",\"Cultura e M\u00fasica\",\"Economia\",\"Educa\u00e7\u00e3o\",\"Meio Ambiente\",\"Mundo\",\"Tecnologia\",\"Variedades\"],\"inLanguage\":\"pt-BR\",\"potentialAction\":[{\"@type\":\"CommentAction\",\"name\":\"Comment\",\"target\":[\"https:\\\/\\\/redenoticiaz.com.br\\\/ribeiraopreto-regiao\\\/sp\\\/2026\\\/09\\\/05\\\/radio-animada-celebra-amazonia-e-estreia-programa-da-unesp-fm#respond\"]}]},{\"@type\":\"WebPage\",\"@id\":\"https:\\\/\\\/redenoticiaz.com.br\\\/ribeiraopreto-regiao\\\/sp\\\/2026\\\/09\\\/05\\\/radio-animada-celebra-amazonia-e-estreia-programa-da-unesp-fm\",\"url\":\"https:\\\/\\\/redenoticiaz.com.br\\\/ribeiraopreto-regiao\\\/sp\\\/2026\\\/09\\\/05\\\/radio-animada-celebra-amazonia-e-estreia-programa-da-unesp-fm\",\"name\":\"R\u00e1dio Animada celebra Amaz\u00f4nia e estreia programa da Unesp FM - Ribeir\u00e3o Preto e Regi\u00e3o\",\"isPartOf\":{\"@id\":\"https:\\\/\\\/redenoticiaz.com.br\\\/ribeiraopreto-regiao\\\/#website\"},\"primaryImageOfPage\":{\"@id\":\"https:\\\/\\\/redenoticiaz.com.br\\\/ribeiraopreto-regiao\\\/sp\\\/2026\\\/09\\\/05\\\/radio-animada-celebra-amazonia-e-estreia-programa-da-unesp-fm#primaryimage\"},\"image\":{\"@id\":\"https:\\\/\\\/redenoticiaz.com.br\\\/ribeiraopreto-regiao\\\/sp\\\/2026\\\/09\\\/05\\\/radio-animada-celebra-amazonia-e-estreia-programa-da-unesp-fm#primaryimage\"},\"thumbnailUrl\":\"https:\\\/\\\/redenoticiaz.com.br\\\/ribeiraopreto-regiao\\\/wp-content\\\/uploads\\\/sites\\\/4\\\/2026\\\/09\\\/radio_animada_celebra_a_amazonia_e_estreia_producao_da_parceira_unesp_fm.jpg\",\"datePublished\":\"2026-09-05T15:06:56+00:00\",\"inLanguage\":\"pt-BR\",\"potentialAction\":[{\"@type\":\"ReadAction\",\"target\":[\"https:\\\/\\\/redenoticiaz.com.br\\\/ribeiraopreto-regiao\\\/sp\\\/2026\\\/09\\\/05\\\/radio-animada-celebra-amazonia-e-estreia-programa-da-unesp-fm\"]}]},{\"@type\":\"ImageObject\",\"inLanguage\":\"pt-BR\",\"@id\":\"https:\\\/\\\/redenoticiaz.com.br\\\/ribeiraopreto-regiao\\\/sp\\\/2026\\\/09\\\/05\\\/radio-animada-celebra-amazonia-e-estreia-programa-da-unesp-fm#primaryimage\",\"url\":\"https:\\\/\\\/redenoticiaz.com.br\\\/ribeiraopreto-regiao\\\/wp-content\\\/uploads\\\/sites\\\/4\\\/2026\\\/09\\\/radio_animada_celebra_a_amazonia_e_estreia_producao_da_parceira_unesp_fm.jpg\",\"contentUrl\":\"https:\\\/\\\/redenoticiaz.com.br\\\/ribeiraopreto-regiao\\\/wp-content\\\/uploads\\\/sites\\\/4\\\/2026\\\/09\\\/radio_animada_celebra_a_amazonia_e_estreia_producao_da_parceira_unesp_fm.jpg\",\"width\":1600,\"height\":800},{\"@type\":\"WebSite\",\"@id\":\"https:\\\/\\\/redenoticiaz.com.br\\\/ribeiraopreto-regiao\\\/#website\",\"url\":\"https:\\\/\\\/redenoticiaz.com.br\\\/ribeiraopreto-regiao\\\/\",\"name\":\"Ribeir\u00e3o Preto e Regi\u00e3o\",\"description\":\"Rede NoticiaZ - Ribeir\u00e3o Preto e regi\u00e3o\",\"publisher\":{\"@id\":\"https:\\\/\\\/redenoticiaz.com.br\\\/ribeiraopreto-regiao\\\/#organization\"},\"potentialAction\":[{\"@type\":\"SearchAction\",\"target\":{\"@type\":\"EntryPoint\",\"urlTemplate\":\"https:\\\/\\\/redenoticiaz.com.br\\\/ribeiraopreto-regiao\\\/?s={search_term_string}\"},\"query-input\":{\"@type\":\"PropertyValueSpecification\",\"valueRequired\":true,\"valueName\":\"search_term_string\"}}],\"inLanguage\":\"pt-BR\"},{\"@type\":\"Organization\",\"@id\":\"https:\\\/\\\/redenoticiaz.com.br\\\/ribeiraopreto-regiao\\\/#organization\",\"name\":\"Ribeir\u00e3o Preto e Regi\u00e3o\",\"url\":\"https:\\\/\\\/redenoticiaz.com.br\\\/ribeiraopreto-regiao\\\/\",\"logo\":{\"@type\":\"ImageObject\",\"inLanguage\":\"pt-BR\",\"@id\":\"https:\\\/\\\/redenoticiaz.com.br\\\/ribeiraopreto-regiao\\\/#\\\/schema\\\/logo\\\/image\\\/\",\"url\":\"https:\\\/\\\/redenoticiaz.com.br\\\/barretos-regiao\\\/wp-content\\\/uploads\\\/sites\\\/4\\\/2022\\\/02\\\/logo.jpg\",\"contentUrl\":\"https:\\\/\\\/redenoticiaz.com.br\\\/barretos-regiao\\\/wp-content\\\/uploads\\\/sites\\\/4\\\/2022\\\/02\\\/logo.jpg\",\"width\":400,\"height\":250,\"caption\":\"Ribeir\u00e3o Preto e Regi\u00e3o\"},\"image\":{\"@id\":\"https:\\\/\\\/redenoticiaz.com.br\\\/ribeiraopreto-regiao\\\/#\\\/schema\\\/logo\\\/image\\\/\"},\"sameAs\":[\"https:\\\/\\\/m.facebook.com\\\/redenoticiaz.barretos\",\"https:\\\/\\\/x.com\\\/RN_barretos\",\"https:\\\/\\\/www.instagram.com\\\/redenoticiaz.barretos\\\/?igshid=YmMyMTA2M2Y\",\"https:\\\/\\\/www.linkedin.com\\\/company\\\/rede-noticiaz-barretos-e-regio\\\/\"]},{\"@type\":\"Person\",\"@id\":\"https:\\\/\\\/redenoticiaz.com.br\\\/ribeiraopreto-regiao\\\/#\\\/schema\\\/person\\\/e1b0bd8c2637e2c1b6ddcbc2c33b116f\",\"name\":\"Patr\u00edcia Prado\",\"image\":{\"@type\":\"ImageObject\",\"inLanguage\":\"pt-BR\",\"@id\":\"https:\\\/\\\/secure.gravatar.com\\\/avatar\\\/92e358bef22cfcec15e054ae4d9fee04dadf0c772dc4a17b382b8a34a15354c2?s=96&d=mm&r=g\",\"url\":\"https:\\\/\\\/secure.gravatar.com\\\/avatar\\\/92e358bef22cfcec15e054ae4d9fee04dadf0c772dc4a17b382b8a34a15354c2?s=96&d=mm&r=g\",\"contentUrl\":\"https:\\\/\\\/secure.gravatar.com\\\/avatar\\\/92e358bef22cfcec15e054ae4d9fee04dadf0c772dc4a17b382b8a34a15354c2?s=96&d=mm&r=g\",\"caption\":\"Patr\u00edcia Prado\"},\"url\":\"https:\\\/\\\/redenoticiaz.com.br\\\/ribeiraopreto-regiao\\\/sp\\\/author\\\/patricia-prado\"}]}<\/script>\n<!-- \/ Yoast SEO plugin. -->","yoast_head_json":{"title":"R\u00e1dio Animada celebra Amaz\u00f4nia e estreia programa da Unesp FM - Ribeir\u00e3o Preto e Regi\u00e3o","robots":{"index":"index","follow":"follow","max-snippet":"max-snippet:-1","max-image-preview":"max-image-preview:large","max-video-preview":"max-video-preview:-1"},"canonical":"https:\/\/redenoticiaz.com.br\/ribeiraopreto-regiao\/sp\/2026\/09\/05\/radio-animada-celebra-amazonia-e-estreia-programa-da-unesp-fm","og_locale":"pt_BR","og_type":"article","og_title":"R\u00e1dio Animada celebra Amaz\u00f4nia e estreia programa da Unesp FM - Ribeir\u00e3o Preto e Regi\u00e3o","og_description":"No pr\u00f3ximo domingo (6), a R\u00e1dio Animada, programa\u00e7\u00e3o infantojuvenil da R\u00e1dio MEC AM 800 kHz, exibir\u00e1 um epis\u00f3dio especial dedicado \u00e0 Amaz\u00f4nia, das 8h \u00e0s 9h. O programa, voltado para crian\u00e7as de todas as idades, incluir\u00e1 m\u00fasicas, hist\u00f3rias, dicas culturais e quadros especiais sobre a maior floresta tropical do mundo. Na sequ\u00eancia, das 9h \u00e0s &hellip;","og_url":"https:\/\/redenoticiaz.com.br\/ribeiraopreto-regiao\/sp\/2026\/09\/05\/radio-animada-celebra-amazonia-e-estreia-programa-da-unesp-fm","og_site_name":"Ribeir\u00e3o Preto e Regi\u00e3o","article_publisher":"https:\/\/m.facebook.com\/redenoticiaz.barretos","article_published_time":"2026-09-05T15:06:56+00:00","og_image":[{"width":400,"height":250,"url":"https:\/\/redenoticiaz.com.br\/ribeiraopreto-regiao\/wp-content\/uploads\/sites\/4\/2022\/02\/logo.jpg","type":"image\/jpeg"}],"author":"Patr\u00edcia Prado","twitter_card":"summary_large_image","twitter_creator":"@RN_barretos","twitter_site":"@RN_barretos","twitter_misc":{"Escrito por":"Patr\u00edcia Prado","Est. tempo de leitura":"2 minutos"},"schema":{"@context":"https:\/\/schema.org","@graph":[{"@type":"Article","@id":"https:\/\/redenoticiaz.com.br\/ribeiraopreto-regiao\/sp\/2026\/09\/05\/radio-animada-celebra-amazonia-e-estreia-programa-da-unesp-fm#article","isPartOf":{"@id":"https:\/\/redenoticiaz.com.br\/ribeiraopreto-regiao\/sp\/2026\/09\/05\/radio-animada-celebra-amazonia-e-estreia-programa-da-unesp-fm"},"author":{"name":"Patr\u00edcia Prado","@id":"https:\/\/redenoticiaz.com.br\/ribeiraopreto-regiao\/#\/schema\/person\/e1b0bd8c2637e2c1b6ddcbc2c33b116f"},"headline":"R\u00e1dio Animada celebra Amaz\u00f4nia e estreia programa da Unesp FM","datePublished":"2026-09-05T15:06:56+00:00","mainEntityOfPage":{"@id":"https:\/\/redenoticiaz.com.br\/ribeiraopreto-regiao\/sp\/2026\/09\/05\/radio-animada-celebra-amazonia-e-estreia-programa-da-unesp-fm"},"wordCount":488,"commentCount":0,"publisher":{"@id":"https:\/\/redenoticiaz.com.br\/ribeiraopreto-regiao\/#organization"},"image":{"@id":"https:\/\/redenoticiaz.com.br\/ribeiraopreto-regiao\/sp\/2026\/09\/05\/radio-animada-celebra-amazonia-e-estreia-programa-da-unesp-fm#primaryimage"},"thumbnailUrl":"https:\/\/redenoticiaz.com.br\/ribeiraopreto-regiao\/wp-content\/uploads\/sites\/4\/2026\/09\/radio_animada_celebra_a_amazonia_e_estreia_producao_da_parceira_unesp_fm.jpg","articleSection":["Cultura","Cultura e M\u00fasica","Economia","Educa\u00e7\u00e3o","Meio Ambiente","Mundo","Tecnologia","Variedades"],"inLanguage":"pt-BR","potentialAction":[{"@type":"CommentAction","name":"Comment","target":["https:\/\/redenoticiaz.com.br\/ribeiraopreto-regiao\/sp\/2026\/09\/05\/radio-animada-celebra-amazonia-e-estreia-programa-da-unesp-fm#respond"]}]},{"@type":"WebPage","@id":"https:\/\/redenoticiaz.com.br\/ribeiraopreto-regiao\/sp\/2026\/09\/05\/radio-animada-celebra-amazonia-e-estreia-programa-da-unesp-fm","url":"https:\/\/redenoticiaz.com.br\/ribeiraopreto-regiao\/sp\/2026\/09\/05\/radio-animada-celebra-amazonia-e-estreia-programa-da-unesp-fm","name":"R\u00e1dio Animada celebra Amaz\u00f4nia e estreia programa da Unesp FM - Ribeir\u00e3o Preto e Regi\u00e3o","isPartOf":{"@id":"https:\/\/redenoticiaz.com.br\/ribeiraopreto-regiao\/#website"},"primaryImageOfPage":{"@id":"https:\/\/redenoticiaz.com.br\/ribeiraopreto-regiao\/sp\/2026\/09\/05\/radio-animada-celebra-amazonia-e-estreia-programa-da-unesp-fm#primaryimage"},"image":{"@id":"https:\/\/redenoticiaz.com.br\/ribeiraopreto-regiao\/sp\/2026\/09\/05\/radio-animada-celebra-amazonia-e-estreia-programa-da-unesp-fm#primaryimage"},"thumbnailUrl":"https:\/\/redenoticiaz.com.br\/ribeiraopreto-regiao\/wp-content\/uploads\/sites\/4\/2026\/09\/radio_animada_celebra_a_amazonia_e_estreia_producao_da_parceira_unesp_fm.jpg","datePublished":"2026-09-05T15:06:56+00:00","inLanguage":"pt-BR","potentialAction":[{"@type":"ReadAction","target":["https:\/\/redenoticiaz.com.br\/ribeiraopreto-regiao\/sp\/2026\/09\/05\/radio-animada-celebra-amazonia-e-estreia-programa-da-unesp-fm"]}]},{"@type":"ImageObject","inLanguage":"pt-BR","@id":"https:\/\/redenoticiaz.com.br\/ribeiraopreto-regiao\/sp\/2026\/09\/05\/radio-animada-celebra-amazonia-e-estreia-programa-da-unesp-fm#primaryimage","url":"https:\/\/redenoticiaz.com.br\/ribeiraopreto-regiao\/wp-content\/uploads\/sites\/4\/2026\/09\/radio_animada_celebra_a_amazonia_e_estreia_producao_da_parceira_unesp_fm.jpg","contentUrl":"https:\/\/redenoticiaz.com.br\/ribeiraopreto-regiao\/wp-content\/uploads\/sites\/4\/2026\/09\/radio_animada_celebra_a_amazonia_e_estreia_producao_da_parceira_unesp_fm.jpg","width":1600,"height":800},{"@type":"WebSite","@id":"https:\/\/redenoticiaz.com.br\/ribeiraopreto-regiao\/#website","url":"https:\/\/redenoticiaz.com.br\/ribeiraopreto-regiao\/","name":"Ribeir\u00e3o Preto e Regi\u00e3o","description":"Rede NoticiaZ - Ribeir\u00e3o Preto e regi\u00e3o","publisher":{"@id":"https:\/\/redenoticiaz.com.br\/ribeiraopreto-regiao\/#organization"},"potentialAction":[{"@type":"SearchAction","target":{"@type":"EntryPoint","urlTemplate":"https:\/\/redenoticiaz.com.br\/ribeiraopreto-regiao\/?s={search_term_string}"},"query-input":{"@type":"PropertyValueSpecification","valueRequired":true,"valueName":"search_term_string"}}],"inLanguage":"pt-BR"},{"@type":"Organization","@id":"https:\/\/redenoticiaz.com.br\/ribeiraopreto-regiao\/#organization","name":"Ribeir\u00e3o Preto e Regi\u00e3o","url":"https:\/\/redenoticiaz.com.br\/ribeiraopreto-regiao\/","logo":{"@type":"ImageObject","inLanguage":"pt-BR","@id":"https:\/\/redenoticiaz.com.br\/ribeiraopreto-regiao\/#\/schema\/logo\/image\/","url":"https:\/\/redenoticiaz.com.br\/barretos-regiao\/wp-content\/uploads\/sites\/4\/2022\/02\/logo.jpg","contentUrl":"https:\/\/redenoticiaz.com.br\/barretos-regiao\/wp-content\/uploads\/sites\/4\/2022\/02\/logo.jpg","width":400,"height":250,"caption":"Ribeir\u00e3o Preto e Regi\u00e3o"},"image":{"@id":"https:\/\/redenoticiaz.com.br\/ribeiraopreto-regiao\/#\/schema\/logo\/image\/"},"sameAs":["https:\/\/m.facebook.com\/redenoticiaz.barretos","https:\/\/x.com\/RN_barretos","https:\/\/www.instagram.com\/redenoticiaz.barretos\/?igshid=YmMyMTA2M2Y","https:\/\/www.linkedin.com\/company\/rede-noticiaz-barretos-e-regio\/"]},{"@type":"Person","@id":"https:\/\/redenoticiaz.com.br\/ribeiraopreto-regiao\/#\/schema\/person\/e1b0bd8c2637e2c1b6ddcbc2c33b116f","name":"Patr\u00edcia Prado","image":{"@type":"ImageObject","inLanguage":"pt-BR","@id":"https:\/\/secure.gravatar.com\/avatar\/92e358bef22cfcec15e054ae4d9fee04dadf0c772dc4a17b382b8a34a15354c2?s=96&d=mm&r=g","url":"https:\/\/secure.gravatar.com\/avatar\/92e358bef22cfcec15e054ae4d9fee04dadf0c772dc4a17b382b8a34a15354c2?s=96&d=mm&r=g","contentUrl":"https:\/\/secure.gravatar.com\/avatar\/92e358bef22cfcec15e054ae4d9fee04dadf0c772dc4a17b382b8a34a15354c2?s=96&d=mm&r=g","caption":"Patr\u00edcia Prado"},"url":"https:\/\/redenoticiaz.com.br\/ribeiraopreto-regiao\/sp\/author\/patricia-prado"}]}},"_links":{"self":[{"href":"https:\/\/redenoticiaz.com.br\/ribeiraopreto-regiao\/wp-json\/wp\/v2\/posts\/123318","targetHints":{"allow":["GET"]}}],"collection":[{"href":"https:\/\/redenoticiaz.com.br\/ribeiraopreto-regiao\/wp-json\/wp\/v2\/posts"}],"about":[{"href":"https:\/\/redenoticiaz.com.br\/ribeiraopreto-regiao\/wp-json\/wp\/v2\/types\/post"}],"author":[{"embeddable":true,"href":"https:\/\/redenoticiaz.com.br\/ribeiraopreto-regiao\/wp-json\/wp\/v2\/users\/5"}],"replies":[{"embeddable":true,"href":"https:\/\/redenoticiaz.com.br\/ribeiraopreto-regiao\/wp-json\/wp\/v2\/comments?post=123318"}],"version-history":[{"count":0,"href":"https:\/\/redenoticiaz.com.br\/ribeiraopreto-regiao\/wp-json\/wp\/v2\/posts\/123318\/revisions"}],"wp:featuredmedia":[{"embeddable":true,"href":"https:\/\/redenoticiaz.com.br\/ribeiraopreto-regiao\/wp-json\/wp\/v2\/media\/123319"}],"wp:attachment":[{"href":"https:\/\/redenoticiaz.com.br\/ribeiraopreto-regiao\/wp-json\/wp\/v2\/media?parent=123318"}],"wp:term":[{"taxonomy":"category","embeddable":true,"href":"https:\/\/redenoticiaz.com.br\/ribeiraopreto-regiao\/wp-json\/wp\/v2\/categories?post=123318"},{"taxonomy":"post_tag","embeddable":true,"href":"https:\/\/redenoticiaz.com.br\/ribeiraopreto-regiao\/wp-json\/wp\/v2\/tags?post=123318"}],"curies":[{"name":"wp","href":"https:\/\/api.w.org\/{rel}","templated":true}]}}