{"id":123320,"date":"2026-09-05T12:37:46","date_gmt":"2026-09-05T15:37:46","guid":{"rendered":"https:\/\/redenoticiaz.com.br\/ribeiraopreto-regiao\/sp\/2026\/09\/05\/especialistas-defendem-participacao-indigena-na-restauracao-de-terras"},"modified":"2026-09-05T12:37:46","modified_gmt":"2026-09-05T15:37:46","slug":"especialistas-defendem-participacao-indigena-na-restauracao-de-terras","status":"publish","type":"post","link":"https:\/\/redenoticiaz.com.br\/ribeiraopreto-regiao\/sp\/2026\/09\/05\/especialistas-defendem-participacao-indigena-na-restauracao-de-terras","title":{"rendered":"Especialistas defendem participa\u00e7\u00e3o ind\u00edgena na restaura\u00e7\u00e3o de terras"},"content":{"rendered":"<p>No Dia da Amaz\u00f4nia, celebrado neste s\u00e1bado (5), especialistas destacam a urg\u00eancia de investimentos na restaura\u00e7\u00e3o de terras degradadas em territ\u00f3rios ind\u00edgenas, ressaltando que esse processo deve ir al\u00e9m do simples plantio de \u00e1rvores e recomposi\u00e7\u00e3o da vegeta\u00e7\u00e3o perdida.<\/p>\n<p>A recupera\u00e7\u00e3o das \u00e1reas degradadas pode contribuir para a prote\u00e7\u00e3o de nascentes, aumento da seguran\u00e7a alimentar, resgate de esp\u00e9cies vitais para as comunidades, fortalecimento de conhecimentos tradicionais e gera\u00e7\u00e3o de renda.<\/p>\n<p>A import\u00e2ncia do tema se intensifica com o compromisso do Brasil de restaurar mais de 163 mil quil\u00f4metros quadrados at\u00e9 2030, apresentado durante a 17\u00aa Confer\u00eancia das Na\u00e7\u00f5es Unidas de Combate \u00e0 Desertifica\u00e7\u00e3o (COP17), em Ulaanbaatar, na Mong\u00f3lia. Parte desse esfor\u00e7o deve incluir territ\u00f3rios ind\u00edgenas.<\/p>\n<p>Dados do TerraClass de 2022 revelam que as terras ind\u00edgenas da Amaz\u00f4nia possuem 952,3 mil hectares de \u00e1reas degradadas, principalmente ocupadas por pastagens. Al\u00e9m disso, h\u00e1 24,4 mil hectares destinados \u00e0 agricultura e 18,9 mil hectares utilizados para minera\u00e7\u00e3o.<\/p>\n<p>As \u00e1reas degradadas somadas a 840,5 mil hectares de vegeta\u00e7\u00e3o secund\u00e1ria representam um potencial de restaura\u00e7\u00e3o de aproximadamente 1,79 milh\u00e3o de hectares dentro dessas terras. Apesar das press\u00f5es externas, esses territ\u00f3rios se mant\u00eam entre os mais conservados do pa\u00eds, com apenas 1,7% da perda de vegeta\u00e7\u00e3o nativa registrada entre 2019 e 2025 ocorrendo em terras ind\u00edgenas, segundo o Relat\u00f3rio Anual do Desmatamento do MapBiomas, divulgado em 2026.<\/p>\n<p>Diana Nascimento, ind\u00edgena do povo Kaingang e especialista da The Nature Conservancy Brasil (TNC), enfatiza que os n\u00fameros de hectares recuperados n\u00e3o s\u00e3o suficientes para avaliar o sucesso de iniciativas de restaura\u00e7\u00e3o. A participa\u00e7\u00e3o ativa das comunidades \u00e9 crucial. \u201cQuando os povos ind\u00edgenas assumem o protagonismo, o territ\u00f3rio passa a ser visto como uma rela\u00e7\u00e3o com as pessoas, a cultura e o modo de vida\u201d, afirma.<\/p>\n<p>A defini\u00e7\u00e3o das \u00e1reas priorit\u00e1rias para a restaura\u00e7\u00e3o \u00e9 um desafio, considerando a vasta extens\u00e3o dos territ\u00f3rios e os recursos limitados. A Funda\u00e7\u00e3o Nacional dos Povos Ind\u00edgenas (Funai) est\u00e1 desenvolvendo um sistema integrado para informar decis\u00f5es sobre conserva\u00e7\u00e3o e restaura\u00e7\u00e3o, reunindo dados sobre degrada\u00e7\u00e3o, seguran\u00e7a h\u00eddrica, biodiversidade e mais. Segundo Guillermo Florez Montero, l\u00edder de Ci\u00eancia de Dados da TNC Brasil, a ferramenta permite combinar vari\u00e1veis conforme os objetivos de cada projeto.<\/p>\n<p>\u201cO modelo pode indicar uma terra ind\u00edgena espec\u00edfica para a implementa\u00e7\u00e3o de um projeto. Por\u00e9m, se a lideran\u00e7a n\u00e3o aprovar ou priorizar a iniciativa, isso deve ser respeitado\u201d, destaca Florez.<\/p>\n<p>Al\u00e9m disso, Diana observa que os povos ind\u00edgenas possuem conhecimentos valiosos transmitidos ao longo das gera\u00e7\u00f5es sobre sementes, esp\u00e9cies nativas e pr\u00e1ticas agr\u00edcolas, o que \u00e9 essencial para a recupera\u00e7\u00e3o de culturas e alimentos tradicionais. As mulheres ind\u00edgenas, por sua vez, desempenham um papel fundamental na produ\u00e7\u00e3o de alimentos e na conserva\u00e7\u00e3o das sementes.<\/p>\n<p>A preven\u00e7\u00e3o de novos impactos tamb\u00e9m \u00e9 crucial. Atividades como minera\u00e7\u00e3o, expans\u00e3o de pastagens e pr\u00e1ticas inadequadas de uso da terra variam suas consequ\u00eancias em cada territ\u00f3rio. A gest\u00e3o ambiental e territorial ind\u00edgena \u00e9 um componente vital nesse cen\u00e1rio. A proposta da Funai est\u00e1 alinhada \u00e0 Pol\u00edtica Nacional de Gest\u00e3o Territorial e Ambiental de Terras Ind\u00edgenas (PNGATI) e ao Plano Nacional de Recupera\u00e7\u00e3o da Vegeta\u00e7\u00e3o Nativa (Planaveg), que visa recuperar 12 milh\u00f5es de hectares at\u00e9 2030.<\/p>\n<p>Diana conclui que fortalecer as comunidades \u00e9 um aspecto indispens\u00e1vel do processo de restaura\u00e7\u00e3o. \u201cUm territ\u00f3rio com governan\u00e7a fortalecida e comunidades resilientes tem uma maior capacidade de conservar seus recursos naturais e enfrentar press\u00f5es externas\u201d, afirma.<\/p>\n","protected":false},"excerpt":{"rendered":"<p>No Dia da Amaz\u00f4nia, celebrado neste s\u00e1bado (5), especialistas destacam a urg\u00eancia de investimentos na restaura\u00e7\u00e3o de terras degradadas em territ\u00f3rios ind\u00edgenas, ressaltando que esse processo deve ir al\u00e9m do simples plantio de \u00e1rvores e recomposi\u00e7\u00e3o da vegeta\u00e7\u00e3o perdida. A recupera\u00e7\u00e3o das \u00e1reas degradadas pode contribuir para a prote\u00e7\u00e3o de nascentes, aumento da seguran\u00e7a alimentar, &hellip;<\/p>\n","protected":false},"author":5,"featured_media":123321,"comment_status":"open","ping_status":"closed","sticky":false,"template":"","format":"standard","meta":{"footnotes":""},"categories":[5267,469,101,94,186],"tags":[],"class_list":["post-123320","post","type-post","status-publish","format-standard","has-post-thumbnail","hentry","category-agricultura","category-cultura","category-economia","category-meio-ambiente","category-politica"],"yoast_head":"<!-- This site is optimized with the Yoast SEO plugin v28.4 - https:\/\/yoast.com\/product\/yoast-seo-wordpress\/ -->\n<title>Especialistas defendem participa\u00e7\u00e3o ind\u00edgena na restaura\u00e7\u00e3o de terras - Ribeir\u00e3o Preto e Regi\u00e3o<\/title>\n<meta name=\"robots\" content=\"index, follow, max-snippet:-1, max-image-preview:large, max-video-preview:-1\" \/>\n<link rel=\"canonical\" href=\"https:\/\/redenoticiaz.com.br\/ribeiraopreto-regiao\/sp\/2026\/09\/05\/especialistas-defendem-participacao-indigena-na-restauracao-de-terras\" \/>\n<meta property=\"og:locale\" content=\"pt_BR\" \/>\n<meta property=\"og:type\" content=\"article\" \/>\n<meta property=\"og:title\" content=\"Especialistas defendem participa\u00e7\u00e3o ind\u00edgena na restaura\u00e7\u00e3o de terras - Ribeir\u00e3o Preto e Regi\u00e3o\" \/>\n<meta property=\"og:description\" content=\"No Dia da Amaz\u00f4nia, celebrado neste s\u00e1bado (5), especialistas destacam a urg\u00eancia de investimentos na restaura\u00e7\u00e3o de terras degradadas em territ\u00f3rios ind\u00edgenas, ressaltando que esse processo deve ir al\u00e9m do simples plantio de \u00e1rvores e recomposi\u00e7\u00e3o da vegeta\u00e7\u00e3o perdida. A recupera\u00e7\u00e3o das \u00e1reas degradadas pode contribuir para a prote\u00e7\u00e3o de nascentes, aumento da seguran\u00e7a alimentar, &hellip;\" \/>\n<meta property=\"og:url\" content=\"https:\/\/redenoticiaz.com.br\/ribeiraopreto-regiao\/sp\/2026\/09\/05\/especialistas-defendem-participacao-indigena-na-restauracao-de-terras\" \/>\n<meta property=\"og:site_name\" content=\"Ribeir\u00e3o Preto e Regi\u00e3o\" \/>\n<meta property=\"article:publisher\" content=\"https:\/\/m.facebook.com\/redenoticiaz.barretos\" \/>\n<meta property=\"article:published_time\" content=\"2026-09-05T15:37:46+00:00\" \/>\n<meta property=\"og:image\" content=\"https:\/\/redenoticiaz.com.br\/ribeiraopreto-regiao\/wp-content\/uploads\/sites\/4\/2022\/02\/logo.jpg\" \/>\n\t<meta property=\"og:image:width\" content=\"400\" \/>\n\t<meta property=\"og:image:height\" content=\"250\" \/>\n\t<meta property=\"og:image:type\" content=\"image\/jpeg\" \/>\n<meta name=\"author\" content=\"Patr\u00edcia Prado\" \/>\n<meta name=\"twitter:card\" content=\"summary_large_image\" \/>\n<meta name=\"twitter:creator\" content=\"@RN_barretos\" \/>\n<meta name=\"twitter:site\" content=\"@RN_barretos\" \/>\n<meta name=\"twitter:label1\" content=\"Escrito por\" \/>\n\t<meta name=\"twitter:data1\" content=\"Patr\u00edcia Prado\" \/>\n\t<meta name=\"twitter:label2\" content=\"Est. tempo de leitura\" \/>\n\t<meta name=\"twitter:data2\" content=\"3 minutos\" \/>\n<script type=\"application\/ld+json\" class=\"yoast-schema-graph\">{\"@context\":\"https:\\\/\\\/schema.org\",\"@graph\":[{\"@type\":\"Article\",\"@id\":\"https:\\\/\\\/redenoticiaz.com.br\\\/ribeiraopreto-regiao\\\/sp\\\/2026\\\/09\\\/05\\\/especialistas-defendem-participacao-indigena-na-restauracao-de-terras#article\",\"isPartOf\":{\"@id\":\"https:\\\/\\\/redenoticiaz.com.br\\\/ribeiraopreto-regiao\\\/sp\\\/2026\\\/09\\\/05\\\/especialistas-defendem-participacao-indigena-na-restauracao-de-terras\"},\"author\":{\"name\":\"Patr\u00edcia Prado\",\"@id\":\"https:\\\/\\\/redenoticiaz.com.br\\\/ribeiraopreto-regiao\\\/#\\\/schema\\\/person\\\/e1b0bd8c2637e2c1b6ddcbc2c33b116f\"},\"headline\":\"Especialistas defendem participa\u00e7\u00e3o ind\u00edgena na restaura\u00e7\u00e3o de terras\",\"datePublished\":\"2026-09-05T15:37:46+00:00\",\"mainEntityOfPage\":{\"@id\":\"https:\\\/\\\/redenoticiaz.com.br\\\/ribeiraopreto-regiao\\\/sp\\\/2026\\\/09\\\/05\\\/especialistas-defendem-participacao-indigena-na-restauracao-de-terras\"},\"wordCount\":641,\"commentCount\":0,\"publisher\":{\"@id\":\"https:\\\/\\\/redenoticiaz.com.br\\\/ribeiraopreto-regiao\\\/#organization\"},\"image\":{\"@id\":\"https:\\\/\\\/redenoticiaz.com.br\\\/ribeiraopreto-regiao\\\/sp\\\/2026\\\/09\\\/05\\\/especialistas-defendem-participacao-indigena-na-restauracao-de-terras#primaryimage\"},\"thumbnailUrl\":\"https:\\\/\\\/redenoticiaz.com.br\\\/ribeiraopreto-regiao\\\/wp-content\\\/uploads\\\/sites\\\/4\\\/2026\\\/09\\\/terra_indigena_ti_panara_na_amazonia01.jpg\",\"articleSection\":[\"Agricultura\",\"Cultura\",\"Economia\",\"Meio Ambiente\",\"Pol\u00edtica\"],\"inLanguage\":\"pt-BR\",\"potentialAction\":[{\"@type\":\"CommentAction\",\"name\":\"Comment\",\"target\":[\"https:\\\/\\\/redenoticiaz.com.br\\\/ribeiraopreto-regiao\\\/sp\\\/2026\\\/09\\\/05\\\/especialistas-defendem-participacao-indigena-na-restauracao-de-terras#respond\"]}]},{\"@type\":\"WebPage\",\"@id\":\"https:\\\/\\\/redenoticiaz.com.br\\\/ribeiraopreto-regiao\\\/sp\\\/2026\\\/09\\\/05\\\/especialistas-defendem-participacao-indigena-na-restauracao-de-terras\",\"url\":\"https:\\\/\\\/redenoticiaz.com.br\\\/ribeiraopreto-regiao\\\/sp\\\/2026\\\/09\\\/05\\\/especialistas-defendem-participacao-indigena-na-restauracao-de-terras\",\"name\":\"Especialistas defendem participa\u00e7\u00e3o ind\u00edgena na restaura\u00e7\u00e3o de terras - Ribeir\u00e3o Preto e Regi\u00e3o\",\"isPartOf\":{\"@id\":\"https:\\\/\\\/redenoticiaz.com.br\\\/ribeiraopreto-regiao\\\/#website\"},\"primaryImageOfPage\":{\"@id\":\"https:\\\/\\\/redenoticiaz.com.br\\\/ribeiraopreto-regiao\\\/sp\\\/2026\\\/09\\\/05\\\/especialistas-defendem-participacao-indigena-na-restauracao-de-terras#primaryimage\"},\"image\":{\"@id\":\"https:\\\/\\\/redenoticiaz.com.br\\\/ribeiraopreto-regiao\\\/sp\\\/2026\\\/09\\\/05\\\/especialistas-defendem-participacao-indigena-na-restauracao-de-terras#primaryimage\"},\"thumbnailUrl\":\"https:\\\/\\\/redenoticiaz.com.br\\\/ribeiraopreto-regiao\\\/wp-content\\\/uploads\\\/sites\\\/4\\\/2026\\\/09\\\/terra_indigena_ti_panara_na_amazonia01.jpg\",\"datePublished\":\"2026-09-05T15:37:46+00:00\",\"inLanguage\":\"pt-BR\",\"potentialAction\":[{\"@type\":\"ReadAction\",\"target\":[\"https:\\\/\\\/redenoticiaz.com.br\\\/ribeiraopreto-regiao\\\/sp\\\/2026\\\/09\\\/05\\\/especialistas-defendem-participacao-indigena-na-restauracao-de-terras\"]}]},{\"@type\":\"ImageObject\",\"inLanguage\":\"pt-BR\",\"@id\":\"https:\\\/\\\/redenoticiaz.com.br\\\/ribeiraopreto-regiao\\\/sp\\\/2026\\\/09\\\/05\\\/especialistas-defendem-participacao-indigena-na-restauracao-de-terras#primaryimage\",\"url\":\"https:\\\/\\\/redenoticiaz.com.br\\\/ribeiraopreto-regiao\\\/wp-content\\\/uploads\\\/sites\\\/4\\\/2026\\\/09\\\/terra_indigena_ti_panara_na_amazonia01.jpg\",\"contentUrl\":\"https:\\\/\\\/redenoticiaz.com.br\\\/ribeiraopreto-regiao\\\/wp-content\\\/uploads\\\/sites\\\/4\\\/2026\\\/09\\\/terra_indigena_ti_panara_na_amazonia01.jpg\",\"width\":1600,\"height\":800},{\"@type\":\"WebSite\",\"@id\":\"https:\\\/\\\/redenoticiaz.com.br\\\/ribeiraopreto-regiao\\\/#website\",\"url\":\"https:\\\/\\\/redenoticiaz.com.br\\\/ribeiraopreto-regiao\\\/\",\"name\":\"Ribeir\u00e3o Preto e Regi\u00e3o\",\"description\":\"Rede NoticiaZ - Ribeir\u00e3o Preto e regi\u00e3o\",\"publisher\":{\"@id\":\"https:\\\/\\\/redenoticiaz.com.br\\\/ribeiraopreto-regiao\\\/#organization\"},\"potentialAction\":[{\"@type\":\"SearchAction\",\"target\":{\"@type\":\"EntryPoint\",\"urlTemplate\":\"https:\\\/\\\/redenoticiaz.com.br\\\/ribeiraopreto-regiao\\\/?s={search_term_string}\"},\"query-input\":{\"@type\":\"PropertyValueSpecification\",\"valueRequired\":true,\"valueName\":\"search_term_string\"}}],\"inLanguage\":\"pt-BR\"},{\"@type\":\"Organization\",\"@id\":\"https:\\\/\\\/redenoticiaz.com.br\\\/ribeiraopreto-regiao\\\/#organization\",\"name\":\"Ribeir\u00e3o Preto e Regi\u00e3o\",\"url\":\"https:\\\/\\\/redenoticiaz.com.br\\\/ribeiraopreto-regiao\\\/\",\"logo\":{\"@type\":\"ImageObject\",\"inLanguage\":\"pt-BR\",\"@id\":\"https:\\\/\\\/redenoticiaz.com.br\\\/ribeiraopreto-regiao\\\/#\\\/schema\\\/logo\\\/image\\\/\",\"url\":\"https:\\\/\\\/redenoticiaz.com.br\\\/barretos-regiao\\\/wp-content\\\/uploads\\\/sites\\\/4\\\/2022\\\/02\\\/logo.jpg\",\"contentUrl\":\"https:\\\/\\\/redenoticiaz.com.br\\\/barretos-regiao\\\/wp-content\\\/uploads\\\/sites\\\/4\\\/2022\\\/02\\\/logo.jpg\",\"width\":400,\"height\":250,\"caption\":\"Ribeir\u00e3o Preto e Regi\u00e3o\"},\"image\":{\"@id\":\"https:\\\/\\\/redenoticiaz.com.br\\\/ribeiraopreto-regiao\\\/#\\\/schema\\\/logo\\\/image\\\/\"},\"sameAs\":[\"https:\\\/\\\/m.facebook.com\\\/redenoticiaz.barretos\",\"https:\\\/\\\/x.com\\\/RN_barretos\",\"https:\\\/\\\/www.instagram.com\\\/redenoticiaz.barretos\\\/?igshid=YmMyMTA2M2Y\",\"https:\\\/\\\/www.linkedin.com\\\/company\\\/rede-noticiaz-barretos-e-regio\\\/\"]},{\"@type\":\"Person\",\"@id\":\"https:\\\/\\\/redenoticiaz.com.br\\\/ribeiraopreto-regiao\\\/#\\\/schema\\\/person\\\/e1b0bd8c2637e2c1b6ddcbc2c33b116f\",\"name\":\"Patr\u00edcia Prado\",\"image\":{\"@type\":\"ImageObject\",\"inLanguage\":\"pt-BR\",\"@id\":\"https:\\\/\\\/secure.gravatar.com\\\/avatar\\\/92e358bef22cfcec15e054ae4d9fee04dadf0c772dc4a17b382b8a34a15354c2?s=96&d=mm&r=g\",\"url\":\"https:\\\/\\\/secure.gravatar.com\\\/avatar\\\/92e358bef22cfcec15e054ae4d9fee04dadf0c772dc4a17b382b8a34a15354c2?s=96&d=mm&r=g\",\"contentUrl\":\"https:\\\/\\\/secure.gravatar.com\\\/avatar\\\/92e358bef22cfcec15e054ae4d9fee04dadf0c772dc4a17b382b8a34a15354c2?s=96&d=mm&r=g\",\"caption\":\"Patr\u00edcia Prado\"},\"url\":\"https:\\\/\\\/redenoticiaz.com.br\\\/ribeiraopreto-regiao\\\/sp\\\/author\\\/patricia-prado\"}]}<\/script>\n<!-- \/ Yoast SEO plugin. -->","yoast_head_json":{"title":"Especialistas defendem participa\u00e7\u00e3o ind\u00edgena na restaura\u00e7\u00e3o de terras - Ribeir\u00e3o Preto e Regi\u00e3o","robots":{"index":"index","follow":"follow","max-snippet":"max-snippet:-1","max-image-preview":"max-image-preview:large","max-video-preview":"max-video-preview:-1"},"canonical":"https:\/\/redenoticiaz.com.br\/ribeiraopreto-regiao\/sp\/2026\/09\/05\/especialistas-defendem-participacao-indigena-na-restauracao-de-terras","og_locale":"pt_BR","og_type":"article","og_title":"Especialistas defendem participa\u00e7\u00e3o ind\u00edgena na restaura\u00e7\u00e3o de terras - Ribeir\u00e3o Preto e Regi\u00e3o","og_description":"No Dia da Amaz\u00f4nia, celebrado neste s\u00e1bado (5), especialistas destacam a urg\u00eancia de investimentos na restaura\u00e7\u00e3o de terras degradadas em territ\u00f3rios ind\u00edgenas, ressaltando que esse processo deve ir al\u00e9m do simples plantio de \u00e1rvores e recomposi\u00e7\u00e3o da vegeta\u00e7\u00e3o perdida. A recupera\u00e7\u00e3o das \u00e1reas degradadas pode contribuir para a prote\u00e7\u00e3o de nascentes, aumento da seguran\u00e7a alimentar, &hellip;","og_url":"https:\/\/redenoticiaz.com.br\/ribeiraopreto-regiao\/sp\/2026\/09\/05\/especialistas-defendem-participacao-indigena-na-restauracao-de-terras","og_site_name":"Ribeir\u00e3o Preto e Regi\u00e3o","article_publisher":"https:\/\/m.facebook.com\/redenoticiaz.barretos","article_published_time":"2026-09-05T15:37:46+00:00","og_image":[{"width":400,"height":250,"url":"https:\/\/redenoticiaz.com.br\/ribeiraopreto-regiao\/wp-content\/uploads\/sites\/4\/2022\/02\/logo.jpg","type":"image\/jpeg"}],"author":"Patr\u00edcia Prado","twitter_card":"summary_large_image","twitter_creator":"@RN_barretos","twitter_site":"@RN_barretos","twitter_misc":{"Escrito por":"Patr\u00edcia Prado","Est. tempo de leitura":"3 minutos"},"schema":{"@context":"https:\/\/schema.org","@graph":[{"@type":"Article","@id":"https:\/\/redenoticiaz.com.br\/ribeiraopreto-regiao\/sp\/2026\/09\/05\/especialistas-defendem-participacao-indigena-na-restauracao-de-terras#article","isPartOf":{"@id":"https:\/\/redenoticiaz.com.br\/ribeiraopreto-regiao\/sp\/2026\/09\/05\/especialistas-defendem-participacao-indigena-na-restauracao-de-terras"},"author":{"name":"Patr\u00edcia Prado","@id":"https:\/\/redenoticiaz.com.br\/ribeiraopreto-regiao\/#\/schema\/person\/e1b0bd8c2637e2c1b6ddcbc2c33b116f"},"headline":"Especialistas defendem participa\u00e7\u00e3o ind\u00edgena na restaura\u00e7\u00e3o de terras","datePublished":"2026-09-05T15:37:46+00:00","mainEntityOfPage":{"@id":"https:\/\/redenoticiaz.com.br\/ribeiraopreto-regiao\/sp\/2026\/09\/05\/especialistas-defendem-participacao-indigena-na-restauracao-de-terras"},"wordCount":641,"commentCount":0,"publisher":{"@id":"https:\/\/redenoticiaz.com.br\/ribeiraopreto-regiao\/#organization"},"image":{"@id":"https:\/\/redenoticiaz.com.br\/ribeiraopreto-regiao\/sp\/2026\/09\/05\/especialistas-defendem-participacao-indigena-na-restauracao-de-terras#primaryimage"},"thumbnailUrl":"https:\/\/redenoticiaz.com.br\/ribeiraopreto-regiao\/wp-content\/uploads\/sites\/4\/2026\/09\/terra_indigena_ti_panara_na_amazonia01.jpg","articleSection":["Agricultura","Cultura","Economia","Meio Ambiente","Pol\u00edtica"],"inLanguage":"pt-BR","potentialAction":[{"@type":"CommentAction","name":"Comment","target":["https:\/\/redenoticiaz.com.br\/ribeiraopreto-regiao\/sp\/2026\/09\/05\/especialistas-defendem-participacao-indigena-na-restauracao-de-terras#respond"]}]},{"@type":"WebPage","@id":"https:\/\/redenoticiaz.com.br\/ribeiraopreto-regiao\/sp\/2026\/09\/05\/especialistas-defendem-participacao-indigena-na-restauracao-de-terras","url":"https:\/\/redenoticiaz.com.br\/ribeiraopreto-regiao\/sp\/2026\/09\/05\/especialistas-defendem-participacao-indigena-na-restauracao-de-terras","name":"Especialistas defendem participa\u00e7\u00e3o ind\u00edgena na restaura\u00e7\u00e3o de terras - Ribeir\u00e3o Preto e Regi\u00e3o","isPartOf":{"@id":"https:\/\/redenoticiaz.com.br\/ribeiraopreto-regiao\/#website"},"primaryImageOfPage":{"@id":"https:\/\/redenoticiaz.com.br\/ribeiraopreto-regiao\/sp\/2026\/09\/05\/especialistas-defendem-participacao-indigena-na-restauracao-de-terras#primaryimage"},"image":{"@id":"https:\/\/redenoticiaz.com.br\/ribeiraopreto-regiao\/sp\/2026\/09\/05\/especialistas-defendem-participacao-indigena-na-restauracao-de-terras#primaryimage"},"thumbnailUrl":"https:\/\/redenoticiaz.com.br\/ribeiraopreto-regiao\/wp-content\/uploads\/sites\/4\/2026\/09\/terra_indigena_ti_panara_na_amazonia01.jpg","datePublished":"2026-09-05T15:37:46+00:00","inLanguage":"pt-BR","potentialAction":[{"@type":"ReadAction","target":["https:\/\/redenoticiaz.com.br\/ribeiraopreto-regiao\/sp\/2026\/09\/05\/especialistas-defendem-participacao-indigena-na-restauracao-de-terras"]}]},{"@type":"ImageObject","inLanguage":"pt-BR","@id":"https:\/\/redenoticiaz.com.br\/ribeiraopreto-regiao\/sp\/2026\/09\/05\/especialistas-defendem-participacao-indigena-na-restauracao-de-terras#primaryimage","url":"https:\/\/redenoticiaz.com.br\/ribeiraopreto-regiao\/wp-content\/uploads\/sites\/4\/2026\/09\/terra_indigena_ti_panara_na_amazonia01.jpg","contentUrl":"https:\/\/redenoticiaz.com.br\/ribeiraopreto-regiao\/wp-content\/uploads\/sites\/4\/2026\/09\/terra_indigena_ti_panara_na_amazonia01.jpg","width":1600,"height":800},{"@type":"WebSite","@id":"https:\/\/redenoticiaz.com.br\/ribeiraopreto-regiao\/#website","url":"https:\/\/redenoticiaz.com.br\/ribeiraopreto-regiao\/","name":"Ribeir\u00e3o Preto e Regi\u00e3o","description":"Rede NoticiaZ - Ribeir\u00e3o Preto e regi\u00e3o","publisher":{"@id":"https:\/\/redenoticiaz.com.br\/ribeiraopreto-regiao\/#organization"},"potentialAction":[{"@type":"SearchAction","target":{"@type":"EntryPoint","urlTemplate":"https:\/\/redenoticiaz.com.br\/ribeiraopreto-regiao\/?s={search_term_string}"},"query-input":{"@type":"PropertyValueSpecification","valueRequired":true,"valueName":"search_term_string"}}],"inLanguage":"pt-BR"},{"@type":"Organization","@id":"https:\/\/redenoticiaz.com.br\/ribeiraopreto-regiao\/#organization","name":"Ribeir\u00e3o Preto e Regi\u00e3o","url":"https:\/\/redenoticiaz.com.br\/ribeiraopreto-regiao\/","logo":{"@type":"ImageObject","inLanguage":"pt-BR","@id":"https:\/\/redenoticiaz.com.br\/ribeiraopreto-regiao\/#\/schema\/logo\/image\/","url":"https:\/\/redenoticiaz.com.br\/barretos-regiao\/wp-content\/uploads\/sites\/4\/2022\/02\/logo.jpg","contentUrl":"https:\/\/redenoticiaz.com.br\/barretos-regiao\/wp-content\/uploads\/sites\/4\/2022\/02\/logo.jpg","width":400,"height":250,"caption":"Ribeir\u00e3o Preto e Regi\u00e3o"},"image":{"@id":"https:\/\/redenoticiaz.com.br\/ribeiraopreto-regiao\/#\/schema\/logo\/image\/"},"sameAs":["https:\/\/m.facebook.com\/redenoticiaz.barretos","https:\/\/x.com\/RN_barretos","https:\/\/www.instagram.com\/redenoticiaz.barretos\/?igshid=YmMyMTA2M2Y","https:\/\/www.linkedin.com\/company\/rede-noticiaz-barretos-e-regio\/"]},{"@type":"Person","@id":"https:\/\/redenoticiaz.com.br\/ribeiraopreto-regiao\/#\/schema\/person\/e1b0bd8c2637e2c1b6ddcbc2c33b116f","name":"Patr\u00edcia Prado","image":{"@type":"ImageObject","inLanguage":"pt-BR","@id":"https:\/\/secure.gravatar.com\/avatar\/92e358bef22cfcec15e054ae4d9fee04dadf0c772dc4a17b382b8a34a15354c2?s=96&d=mm&r=g","url":"https:\/\/secure.gravatar.com\/avatar\/92e358bef22cfcec15e054ae4d9fee04dadf0c772dc4a17b382b8a34a15354c2?s=96&d=mm&r=g","contentUrl":"https:\/\/secure.gravatar.com\/avatar\/92e358bef22cfcec15e054ae4d9fee04dadf0c772dc4a17b382b8a34a15354c2?s=96&d=mm&r=g","caption":"Patr\u00edcia Prado"},"url":"https:\/\/redenoticiaz.com.br\/ribeiraopreto-regiao\/sp\/author\/patricia-prado"}]}},"_links":{"self":[{"href":"https:\/\/redenoticiaz.com.br\/ribeiraopreto-regiao\/wp-json\/wp\/v2\/posts\/123320","targetHints":{"allow":["GET"]}}],"collection":[{"href":"https:\/\/redenoticiaz.com.br\/ribeiraopreto-regiao\/wp-json\/wp\/v2\/posts"}],"about":[{"href":"https:\/\/redenoticiaz.com.br\/ribeiraopreto-regiao\/wp-json\/wp\/v2\/types\/post"}],"author":[{"embeddable":true,"href":"https:\/\/redenoticiaz.com.br\/ribeiraopreto-regiao\/wp-json\/wp\/v2\/users\/5"}],"replies":[{"embeddable":true,"href":"https:\/\/redenoticiaz.com.br\/ribeiraopreto-regiao\/wp-json\/wp\/v2\/comments?post=123320"}],"version-history":[{"count":0,"href":"https:\/\/redenoticiaz.com.br\/ribeiraopreto-regiao\/wp-json\/wp\/v2\/posts\/123320\/revisions"}],"wp:featuredmedia":[{"embeddable":true,"href":"https:\/\/redenoticiaz.com.br\/ribeiraopreto-regiao\/wp-json\/wp\/v2\/media\/123321"}],"wp:attachment":[{"href":"https:\/\/redenoticiaz.com.br\/ribeiraopreto-regiao\/wp-json\/wp\/v2\/media?parent=123320"}],"wp:term":[{"taxonomy":"category","embeddable":true,"href":"https:\/\/redenoticiaz.com.br\/ribeiraopreto-regiao\/wp-json\/wp\/v2\/categories?post=123320"},{"taxonomy":"post_tag","embeddable":true,"href":"https:\/\/redenoticiaz.com.br\/ribeiraopreto-regiao\/wp-json\/wp\/v2\/tags?post=123320"}],"curies":[{"name":"wp","href":"https:\/\/api.w.org\/{rel}","templated":true}]}}