{"id":123324,"date":"2026-09-05T13:38:57","date_gmt":"2026-09-05T16:38:57","guid":{"rendered":"https:\/\/redenoticiaz.com.br\/ribeiraopreto-regiao\/sp\/2026\/09\/05\/onu-aprova-novo-mapa-mundi-que-corrige-distorcoes-da-africa-e-america-do-sul"},"modified":"2026-09-05T13:38:57","modified_gmt":"2026-09-05T16:38:57","slug":"onu-aprova-novo-mapa-mundi-que-corrige-distorcoes-da-africa-e-america-do-sul","status":"publish","type":"post","link":"https:\/\/redenoticiaz.com.br\/ribeiraopreto-regiao\/sp\/2026\/09\/05\/onu-aprova-novo-mapa-mundi-que-corrige-distorcoes-da-africa-e-america-do-sul","title":{"rendered":"ONU aprova novo mapa-m\u00fandi que corrige distor\u00e7\u00f5es da \u00c1frica e Am\u00e9rica do Sul"},"content":{"rendered":"<p>A Assembleia Geral das Na\u00e7\u00f5es Unidas aprovou na \u00faltima sexta-feira (4) uma proposta que visa corrigir a distor\u00e7\u00e3o na representa\u00e7\u00e3o cartogr\u00e1fica de continentes como a \u00c1frica, a Am\u00e9rica do Sul e o Sul da \u00c1sia. Desde o s\u00e9culo 16, essas regi\u00f5es foram retratadas de forma reduzida no mapa-m\u00fandi. A iniciativa, denominada &#8220;Corrija o mapa&#8221;, foi liderada pelo Togo e contou com o apoio de representantes de 164 pa\u00edses, sendo a \u00fanica obje\u00e7\u00e3o vinda dos Estados Unidos, al\u00e9m de seis absten\u00e7\u00f5es.<\/p>\n<p>Durante seu discurso, o ministro das Rela\u00e7\u00f5es Estrangeiras do Togo, Robert Dussey, destacou que a aprova\u00e7\u00e3o da proposta \u00e9 um sinal de que a Assembleia Geral valoriza a &#8220;verdade cient\u00edfica&#8221;. Ele argumentou que a decis\u00e3o n\u00e3o apenas corrige um mapa, mas tamb\u00e9m a percep\u00e7\u00e3o que se tem sobre essas regi\u00f5es do mundo.<\/p>\n<p>A distor\u00e7\u00e3o decorre da proje\u00e7\u00e3o de Mercator, desenvolvida em 1569 para navega\u00e7\u00e3o, que foi amplamente utilizada em materiais educacionais e oficiais. Esse modelo amplia as massas de terra ao norte e ao sul do Equador, perpetuando uma vis\u00e3o desproporcional do mundo, como apontaram os representantes africanos.<\/p>\n<p>Os defensores da proposta argumentam que a corre\u00e7\u00e3o dessas distor\u00e7\u00f5es cartogr\u00e1ficas pode promover &#8220;justi\u00e7a cognitiva e repara\u00e7\u00e3o memorial&#8221;, melhorando a compreens\u00e3o m\u00fatua entre os povos. A Uni\u00e3o Africana apresentou o modelo de &#8220;Terra Igual&#8221;, que representa com mais precis\u00e3o as dimens\u00f5es de todos os continentes. A ONU espera que a ado\u00e7\u00e3o desta nova proje\u00e7\u00e3o seja encorajada entre governos, organiza\u00e7\u00f5es internacionais e outras entidades.<\/p>\n<p>Os mapas, segundo a Uni\u00e3o Africana, s\u00e3o ferramentas fundamentais para educa\u00e7\u00e3o, ci\u00eancia e cultura que moldam a percep\u00e7\u00e3o global. As distor\u00e7\u00f5es s\u00e3o vistas como vieses hist\u00f3ricos que, se corrigidos, podem estimular reconhecimento, justi\u00e7a e desenvolvimento. A ONU reiterou que a aprova\u00e7\u00e3o do Pacto para o Futuro em 2024 enfatiza a necessidade de eliminar desigualdades hist\u00f3ricas e discrimina\u00e7\u00f5es.<\/p>\n","protected":false},"excerpt":{"rendered":"<p>A Assembleia Geral das Na\u00e7\u00f5es Unidas aprovou na \u00faltima sexta-feira (4) uma proposta que visa corrigir a distor\u00e7\u00e3o na representa\u00e7\u00e3o cartogr\u00e1fica de continentes como a \u00c1frica, a Am\u00e9rica do Sul e o Sul da \u00c1sia. Desde o s\u00e9culo 16, essas regi\u00f5es foram retratadas de forma reduzida no mapa-m\u00fandi. A iniciativa, denominada &#8220;Corrija o mapa&#8221;, foi &hellip;<\/p>\n","protected":false},"author":5,"featured_media":123325,"comment_status":"open","ping_status":"closed","sticky":false,"template":"","format":"standard","meta":{"footnotes":""},"categories":[469,820,683,68,186],"tags":[],"class_list":["post-123324","post","type-post","status-publish","format-standard","has-post-thumbnail","hentry","category-cultura","category-educacao","category-justica","category-mundo","category-politica"],"yoast_head":"<!-- This site is optimized with the Yoast SEO plugin v28.4 - https:\/\/yoast.com\/product\/yoast-seo-wordpress\/ -->\n<title>ONU aprova novo mapa-m\u00fandi que corrige distor\u00e7\u00f5es da \u00c1frica e Am\u00e9rica do Sul - Ribeir\u00e3o Preto e Regi\u00e3o<\/title>\n<meta name=\"robots\" content=\"index, follow, max-snippet:-1, max-image-preview:large, max-video-preview:-1\" \/>\n<link rel=\"canonical\" href=\"https:\/\/redenoticiaz.com.br\/ribeiraopreto-regiao\/sp\/2026\/09\/05\/onu-aprova-novo-mapa-mundi-que-corrige-distorcoes-da-africa-e-america-do-sul\" \/>\n<meta property=\"og:locale\" content=\"pt_BR\" \/>\n<meta property=\"og:type\" content=\"article\" \/>\n<meta property=\"og:title\" content=\"ONU aprova novo mapa-m\u00fandi que corrige distor\u00e7\u00f5es da \u00c1frica e Am\u00e9rica do Sul - Ribeir\u00e3o Preto e Regi\u00e3o\" \/>\n<meta property=\"og:description\" content=\"A Assembleia Geral das Na\u00e7\u00f5es Unidas aprovou na \u00faltima sexta-feira (4) uma proposta que visa corrigir a distor\u00e7\u00e3o na representa\u00e7\u00e3o cartogr\u00e1fica de continentes como a \u00c1frica, a Am\u00e9rica do Sul e o Sul da \u00c1sia. Desde o s\u00e9culo 16, essas regi\u00f5es foram retratadas de forma reduzida no mapa-m\u00fandi. A iniciativa, denominada &#8220;Corrija o mapa&#8221;, foi &hellip;\" \/>\n<meta property=\"og:url\" content=\"https:\/\/redenoticiaz.com.br\/ribeiraopreto-regiao\/sp\/2026\/09\/05\/onu-aprova-novo-mapa-mundi-que-corrige-distorcoes-da-africa-e-america-do-sul\" \/>\n<meta property=\"og:site_name\" content=\"Ribeir\u00e3o Preto e Regi\u00e3o\" \/>\n<meta property=\"article:publisher\" content=\"https:\/\/m.facebook.com\/redenoticiaz.barretos\" \/>\n<meta property=\"article:published_time\" content=\"2026-09-05T16:38:57+00:00\" \/>\n<meta property=\"og:image\" content=\"https:\/\/redenoticiaz.com.br\/ribeiraopreto-regiao\/wp-content\/uploads\/sites\/4\/2022\/02\/logo.jpg\" \/>\n\t<meta property=\"og:image:width\" content=\"400\" \/>\n\t<meta property=\"og:image:height\" content=\"250\" \/>\n\t<meta property=\"og:image:type\" content=\"image\/jpeg\" \/>\n<meta name=\"author\" content=\"Patr\u00edcia Prado\" \/>\n<meta name=\"twitter:card\" content=\"summary_large_image\" \/>\n<meta name=\"twitter:creator\" content=\"@RN_barretos\" \/>\n<meta name=\"twitter:site\" content=\"@RN_barretos\" \/>\n<meta name=\"twitter:label1\" content=\"Escrito por\" \/>\n\t<meta name=\"twitter:data1\" content=\"Patr\u00edcia Prado\" \/>\n\t<meta name=\"twitter:label2\" content=\"Est. tempo de leitura\" \/>\n\t<meta name=\"twitter:data2\" content=\"2 minutos\" \/>\n<script type=\"application\/ld+json\" class=\"yoast-schema-graph\">{\"@context\":\"https:\\\/\\\/schema.org\",\"@graph\":[{\"@type\":\"Article\",\"@id\":\"https:\\\/\\\/redenoticiaz.com.br\\\/ribeiraopreto-regiao\\\/sp\\\/2026\\\/09\\\/05\\\/onu-aprova-novo-mapa-mundi-que-corrige-distorcoes-da-africa-e-america-do-sul#article\",\"isPartOf\":{\"@id\":\"https:\\\/\\\/redenoticiaz.com.br\\\/ribeiraopreto-regiao\\\/sp\\\/2026\\\/09\\\/05\\\/onu-aprova-novo-mapa-mundi-que-corrige-distorcoes-da-africa-e-america-do-sul\"},\"author\":{\"name\":\"Patr\u00edcia Prado\",\"@id\":\"https:\\\/\\\/redenoticiaz.com.br\\\/ribeiraopreto-regiao\\\/#\\\/schema\\\/person\\\/e1b0bd8c2637e2c1b6ddcbc2c33b116f\"},\"headline\":\"ONU aprova novo mapa-m\u00fandi que corrige distor\u00e7\u00f5es da \u00c1frica e Am\u00e9rica do Sul\",\"datePublished\":\"2026-09-05T16:38:57+00:00\",\"mainEntityOfPage\":{\"@id\":\"https:\\\/\\\/redenoticiaz.com.br\\\/ribeiraopreto-regiao\\\/sp\\\/2026\\\/09\\\/05\\\/onu-aprova-novo-mapa-mundi-que-corrige-distorcoes-da-africa-e-america-do-sul\"},\"wordCount\":357,\"commentCount\":0,\"publisher\":{\"@id\":\"https:\\\/\\\/redenoticiaz.com.br\\\/ribeiraopreto-regiao\\\/#organization\"},\"image\":{\"@id\":\"https:\\\/\\\/redenoticiaz.com.br\\\/ribeiraopreto-regiao\\\/sp\\\/2026\\\/09\\\/05\\\/onu-aprova-novo-mapa-mundi-que-corrige-distorcoes-da-africa-e-america-do-sul#primaryimage\"},\"thumbnailUrl\":\"https:\\\/\\\/redenoticiaz.com.br\\\/ribeiraopreto-regiao\\\/wp-content\\\/uploads\\\/sites\\\/4\\\/2026\\\/09\\\/mapa_mundi02.jpg\",\"articleSection\":[\"Cultura\",\"Educa\u00e7\u00e3o\",\"Justi\u00e7a\",\"Mundo\",\"Pol\u00edtica\"],\"inLanguage\":\"pt-BR\",\"potentialAction\":[{\"@type\":\"CommentAction\",\"name\":\"Comment\",\"target\":[\"https:\\\/\\\/redenoticiaz.com.br\\\/ribeiraopreto-regiao\\\/sp\\\/2026\\\/09\\\/05\\\/onu-aprova-novo-mapa-mundi-que-corrige-distorcoes-da-africa-e-america-do-sul#respond\"]}]},{\"@type\":\"WebPage\",\"@id\":\"https:\\\/\\\/redenoticiaz.com.br\\\/ribeiraopreto-regiao\\\/sp\\\/2026\\\/09\\\/05\\\/onu-aprova-novo-mapa-mundi-que-corrige-distorcoes-da-africa-e-america-do-sul\",\"url\":\"https:\\\/\\\/redenoticiaz.com.br\\\/ribeiraopreto-regiao\\\/sp\\\/2026\\\/09\\\/05\\\/onu-aprova-novo-mapa-mundi-que-corrige-distorcoes-da-africa-e-america-do-sul\",\"name\":\"ONU aprova novo mapa-m\u00fandi que corrige distor\u00e7\u00f5es da \u00c1frica e Am\u00e9rica do Sul - Ribeir\u00e3o Preto e Regi\u00e3o\",\"isPartOf\":{\"@id\":\"https:\\\/\\\/redenoticiaz.com.br\\\/ribeiraopreto-regiao\\\/#website\"},\"primaryImageOfPage\":{\"@id\":\"https:\\\/\\\/redenoticiaz.com.br\\\/ribeiraopreto-regiao\\\/sp\\\/2026\\\/09\\\/05\\\/onu-aprova-novo-mapa-mundi-que-corrige-distorcoes-da-africa-e-america-do-sul#primaryimage\"},\"image\":{\"@id\":\"https:\\\/\\\/redenoticiaz.com.br\\\/ribeiraopreto-regiao\\\/sp\\\/2026\\\/09\\\/05\\\/onu-aprova-novo-mapa-mundi-que-corrige-distorcoes-da-africa-e-america-do-sul#primaryimage\"},\"thumbnailUrl\":\"https:\\\/\\\/redenoticiaz.com.br\\\/ribeiraopreto-regiao\\\/wp-content\\\/uploads\\\/sites\\\/4\\\/2026\\\/09\\\/mapa_mundi02.jpg\",\"datePublished\":\"2026-09-05T16:38:57+00:00\",\"inLanguage\":\"pt-BR\",\"potentialAction\":[{\"@type\":\"ReadAction\",\"target\":[\"https:\\\/\\\/redenoticiaz.com.br\\\/ribeiraopreto-regiao\\\/sp\\\/2026\\\/09\\\/05\\\/onu-aprova-novo-mapa-mundi-que-corrige-distorcoes-da-africa-e-america-do-sul\"]}]},{\"@type\":\"ImageObject\",\"inLanguage\":\"pt-BR\",\"@id\":\"https:\\\/\\\/redenoticiaz.com.br\\\/ribeiraopreto-regiao\\\/sp\\\/2026\\\/09\\\/05\\\/onu-aprova-novo-mapa-mundi-que-corrige-distorcoes-da-africa-e-america-do-sul#primaryimage\",\"url\":\"https:\\\/\\\/redenoticiaz.com.br\\\/ribeiraopreto-regiao\\\/wp-content\\\/uploads\\\/sites\\\/4\\\/2026\\\/09\\\/mapa_mundi02.jpg\",\"contentUrl\":\"https:\\\/\\\/redenoticiaz.com.br\\\/ribeiraopreto-regiao\\\/wp-content\\\/uploads\\\/sites\\\/4\\\/2026\\\/09\\\/mapa_mundi02.jpg\",\"width\":1600,\"height\":800},{\"@type\":\"WebSite\",\"@id\":\"https:\\\/\\\/redenoticiaz.com.br\\\/ribeiraopreto-regiao\\\/#website\",\"url\":\"https:\\\/\\\/redenoticiaz.com.br\\\/ribeiraopreto-regiao\\\/\",\"name\":\"Ribeir\u00e3o Preto e Regi\u00e3o\",\"description\":\"Rede NoticiaZ - Ribeir\u00e3o Preto e regi\u00e3o\",\"publisher\":{\"@id\":\"https:\\\/\\\/redenoticiaz.com.br\\\/ribeiraopreto-regiao\\\/#organization\"},\"potentialAction\":[{\"@type\":\"SearchAction\",\"target\":{\"@type\":\"EntryPoint\",\"urlTemplate\":\"https:\\\/\\\/redenoticiaz.com.br\\\/ribeiraopreto-regiao\\\/?s={search_term_string}\"},\"query-input\":{\"@type\":\"PropertyValueSpecification\",\"valueRequired\":true,\"valueName\":\"search_term_string\"}}],\"inLanguage\":\"pt-BR\"},{\"@type\":\"Organization\",\"@id\":\"https:\\\/\\\/redenoticiaz.com.br\\\/ribeiraopreto-regiao\\\/#organization\",\"name\":\"Ribeir\u00e3o Preto e Regi\u00e3o\",\"url\":\"https:\\\/\\\/redenoticiaz.com.br\\\/ribeiraopreto-regiao\\\/\",\"logo\":{\"@type\":\"ImageObject\",\"inLanguage\":\"pt-BR\",\"@id\":\"https:\\\/\\\/redenoticiaz.com.br\\\/ribeiraopreto-regiao\\\/#\\\/schema\\\/logo\\\/image\\\/\",\"url\":\"https:\\\/\\\/redenoticiaz.com.br\\\/barretos-regiao\\\/wp-content\\\/uploads\\\/sites\\\/4\\\/2022\\\/02\\\/logo.jpg\",\"contentUrl\":\"https:\\\/\\\/redenoticiaz.com.br\\\/barretos-regiao\\\/wp-content\\\/uploads\\\/sites\\\/4\\\/2022\\\/02\\\/logo.jpg\",\"width\":400,\"height\":250,\"caption\":\"Ribeir\u00e3o Preto e Regi\u00e3o\"},\"image\":{\"@id\":\"https:\\\/\\\/redenoticiaz.com.br\\\/ribeiraopreto-regiao\\\/#\\\/schema\\\/logo\\\/image\\\/\"},\"sameAs\":[\"https:\\\/\\\/m.facebook.com\\\/redenoticiaz.barretos\",\"https:\\\/\\\/x.com\\\/RN_barretos\",\"https:\\\/\\\/www.instagram.com\\\/redenoticiaz.barretos\\\/?igshid=YmMyMTA2M2Y\",\"https:\\\/\\\/www.linkedin.com\\\/company\\\/rede-noticiaz-barretos-e-regio\\\/\"]},{\"@type\":\"Person\",\"@id\":\"https:\\\/\\\/redenoticiaz.com.br\\\/ribeiraopreto-regiao\\\/#\\\/schema\\\/person\\\/e1b0bd8c2637e2c1b6ddcbc2c33b116f\",\"name\":\"Patr\u00edcia Prado\",\"image\":{\"@type\":\"ImageObject\",\"inLanguage\":\"pt-BR\",\"@id\":\"https:\\\/\\\/secure.gravatar.com\\\/avatar\\\/92e358bef22cfcec15e054ae4d9fee04dadf0c772dc4a17b382b8a34a15354c2?s=96&d=mm&r=g\",\"url\":\"https:\\\/\\\/secure.gravatar.com\\\/avatar\\\/92e358bef22cfcec15e054ae4d9fee04dadf0c772dc4a17b382b8a34a15354c2?s=96&d=mm&r=g\",\"contentUrl\":\"https:\\\/\\\/secure.gravatar.com\\\/avatar\\\/92e358bef22cfcec15e054ae4d9fee04dadf0c772dc4a17b382b8a34a15354c2?s=96&d=mm&r=g\",\"caption\":\"Patr\u00edcia Prado\"},\"url\":\"https:\\\/\\\/redenoticiaz.com.br\\\/ribeiraopreto-regiao\\\/sp\\\/author\\\/patricia-prado\"}]}<\/script>\n<!-- \/ Yoast SEO plugin. -->","yoast_head_json":{"title":"ONU aprova novo mapa-m\u00fandi que corrige distor\u00e7\u00f5es da \u00c1frica e Am\u00e9rica do Sul - Ribeir\u00e3o Preto e Regi\u00e3o","robots":{"index":"index","follow":"follow","max-snippet":"max-snippet:-1","max-image-preview":"max-image-preview:large","max-video-preview":"max-video-preview:-1"},"canonical":"https:\/\/redenoticiaz.com.br\/ribeiraopreto-regiao\/sp\/2026\/09\/05\/onu-aprova-novo-mapa-mundi-que-corrige-distorcoes-da-africa-e-america-do-sul","og_locale":"pt_BR","og_type":"article","og_title":"ONU aprova novo mapa-m\u00fandi que corrige distor\u00e7\u00f5es da \u00c1frica e Am\u00e9rica do Sul - Ribeir\u00e3o Preto e Regi\u00e3o","og_description":"A Assembleia Geral das Na\u00e7\u00f5es Unidas aprovou na \u00faltima sexta-feira (4) uma proposta que visa corrigir a distor\u00e7\u00e3o na representa\u00e7\u00e3o cartogr\u00e1fica de continentes como a \u00c1frica, a Am\u00e9rica do Sul e o Sul da \u00c1sia. Desde o s\u00e9culo 16, essas regi\u00f5es foram retratadas de forma reduzida no mapa-m\u00fandi. A iniciativa, denominada &#8220;Corrija o mapa&#8221;, foi &hellip;","og_url":"https:\/\/redenoticiaz.com.br\/ribeiraopreto-regiao\/sp\/2026\/09\/05\/onu-aprova-novo-mapa-mundi-que-corrige-distorcoes-da-africa-e-america-do-sul","og_site_name":"Ribeir\u00e3o Preto e Regi\u00e3o","article_publisher":"https:\/\/m.facebook.com\/redenoticiaz.barretos","article_published_time":"2026-09-05T16:38:57+00:00","og_image":[{"width":400,"height":250,"url":"https:\/\/redenoticiaz.com.br\/ribeiraopreto-regiao\/wp-content\/uploads\/sites\/4\/2022\/02\/logo.jpg","type":"image\/jpeg"}],"author":"Patr\u00edcia Prado","twitter_card":"summary_large_image","twitter_creator":"@RN_barretos","twitter_site":"@RN_barretos","twitter_misc":{"Escrito por":"Patr\u00edcia Prado","Est. tempo de leitura":"2 minutos"},"schema":{"@context":"https:\/\/schema.org","@graph":[{"@type":"Article","@id":"https:\/\/redenoticiaz.com.br\/ribeiraopreto-regiao\/sp\/2026\/09\/05\/onu-aprova-novo-mapa-mundi-que-corrige-distorcoes-da-africa-e-america-do-sul#article","isPartOf":{"@id":"https:\/\/redenoticiaz.com.br\/ribeiraopreto-regiao\/sp\/2026\/09\/05\/onu-aprova-novo-mapa-mundi-que-corrige-distorcoes-da-africa-e-america-do-sul"},"author":{"name":"Patr\u00edcia Prado","@id":"https:\/\/redenoticiaz.com.br\/ribeiraopreto-regiao\/#\/schema\/person\/e1b0bd8c2637e2c1b6ddcbc2c33b116f"},"headline":"ONU aprova novo mapa-m\u00fandi que corrige distor\u00e7\u00f5es da \u00c1frica e Am\u00e9rica do Sul","datePublished":"2026-09-05T16:38:57+00:00","mainEntityOfPage":{"@id":"https:\/\/redenoticiaz.com.br\/ribeiraopreto-regiao\/sp\/2026\/09\/05\/onu-aprova-novo-mapa-mundi-que-corrige-distorcoes-da-africa-e-america-do-sul"},"wordCount":357,"commentCount":0,"publisher":{"@id":"https:\/\/redenoticiaz.com.br\/ribeiraopreto-regiao\/#organization"},"image":{"@id":"https:\/\/redenoticiaz.com.br\/ribeiraopreto-regiao\/sp\/2026\/09\/05\/onu-aprova-novo-mapa-mundi-que-corrige-distorcoes-da-africa-e-america-do-sul#primaryimage"},"thumbnailUrl":"https:\/\/redenoticiaz.com.br\/ribeiraopreto-regiao\/wp-content\/uploads\/sites\/4\/2026\/09\/mapa_mundi02.jpg","articleSection":["Cultura","Educa\u00e7\u00e3o","Justi\u00e7a","Mundo","Pol\u00edtica"],"inLanguage":"pt-BR","potentialAction":[{"@type":"CommentAction","name":"Comment","target":["https:\/\/redenoticiaz.com.br\/ribeiraopreto-regiao\/sp\/2026\/09\/05\/onu-aprova-novo-mapa-mundi-que-corrige-distorcoes-da-africa-e-america-do-sul#respond"]}]},{"@type":"WebPage","@id":"https:\/\/redenoticiaz.com.br\/ribeiraopreto-regiao\/sp\/2026\/09\/05\/onu-aprova-novo-mapa-mundi-que-corrige-distorcoes-da-africa-e-america-do-sul","url":"https:\/\/redenoticiaz.com.br\/ribeiraopreto-regiao\/sp\/2026\/09\/05\/onu-aprova-novo-mapa-mundi-que-corrige-distorcoes-da-africa-e-america-do-sul","name":"ONU aprova novo mapa-m\u00fandi que corrige distor\u00e7\u00f5es da \u00c1frica e Am\u00e9rica do Sul - Ribeir\u00e3o Preto e Regi\u00e3o","isPartOf":{"@id":"https:\/\/redenoticiaz.com.br\/ribeiraopreto-regiao\/#website"},"primaryImageOfPage":{"@id":"https:\/\/redenoticiaz.com.br\/ribeiraopreto-regiao\/sp\/2026\/09\/05\/onu-aprova-novo-mapa-mundi-que-corrige-distorcoes-da-africa-e-america-do-sul#primaryimage"},"image":{"@id":"https:\/\/redenoticiaz.com.br\/ribeiraopreto-regiao\/sp\/2026\/09\/05\/onu-aprova-novo-mapa-mundi-que-corrige-distorcoes-da-africa-e-america-do-sul#primaryimage"},"thumbnailUrl":"https:\/\/redenoticiaz.com.br\/ribeiraopreto-regiao\/wp-content\/uploads\/sites\/4\/2026\/09\/mapa_mundi02.jpg","datePublished":"2026-09-05T16:38:57+00:00","inLanguage":"pt-BR","potentialAction":[{"@type":"ReadAction","target":["https:\/\/redenoticiaz.com.br\/ribeiraopreto-regiao\/sp\/2026\/09\/05\/onu-aprova-novo-mapa-mundi-que-corrige-distorcoes-da-africa-e-america-do-sul"]}]},{"@type":"ImageObject","inLanguage":"pt-BR","@id":"https:\/\/redenoticiaz.com.br\/ribeiraopreto-regiao\/sp\/2026\/09\/05\/onu-aprova-novo-mapa-mundi-que-corrige-distorcoes-da-africa-e-america-do-sul#primaryimage","url":"https:\/\/redenoticiaz.com.br\/ribeiraopreto-regiao\/wp-content\/uploads\/sites\/4\/2026\/09\/mapa_mundi02.jpg","contentUrl":"https:\/\/redenoticiaz.com.br\/ribeiraopreto-regiao\/wp-content\/uploads\/sites\/4\/2026\/09\/mapa_mundi02.jpg","width":1600,"height":800},{"@type":"WebSite","@id":"https:\/\/redenoticiaz.com.br\/ribeiraopreto-regiao\/#website","url":"https:\/\/redenoticiaz.com.br\/ribeiraopreto-regiao\/","name":"Ribeir\u00e3o Preto e Regi\u00e3o","description":"Rede NoticiaZ - Ribeir\u00e3o Preto e regi\u00e3o","publisher":{"@id":"https:\/\/redenoticiaz.com.br\/ribeiraopreto-regiao\/#organization"},"potentialAction":[{"@type":"SearchAction","target":{"@type":"EntryPoint","urlTemplate":"https:\/\/redenoticiaz.com.br\/ribeiraopreto-regiao\/?s={search_term_string}"},"query-input":{"@type":"PropertyValueSpecification","valueRequired":true,"valueName":"search_term_string"}}],"inLanguage":"pt-BR"},{"@type":"Organization","@id":"https:\/\/redenoticiaz.com.br\/ribeiraopreto-regiao\/#organization","name":"Ribeir\u00e3o Preto e Regi\u00e3o","url":"https:\/\/redenoticiaz.com.br\/ribeiraopreto-regiao\/","logo":{"@type":"ImageObject","inLanguage":"pt-BR","@id":"https:\/\/redenoticiaz.com.br\/ribeiraopreto-regiao\/#\/schema\/logo\/image\/","url":"https:\/\/redenoticiaz.com.br\/barretos-regiao\/wp-content\/uploads\/sites\/4\/2022\/02\/logo.jpg","contentUrl":"https:\/\/redenoticiaz.com.br\/barretos-regiao\/wp-content\/uploads\/sites\/4\/2022\/02\/logo.jpg","width":400,"height":250,"caption":"Ribeir\u00e3o Preto e Regi\u00e3o"},"image":{"@id":"https:\/\/redenoticiaz.com.br\/ribeiraopreto-regiao\/#\/schema\/logo\/image\/"},"sameAs":["https:\/\/m.facebook.com\/redenoticiaz.barretos","https:\/\/x.com\/RN_barretos","https:\/\/www.instagram.com\/redenoticiaz.barretos\/?igshid=YmMyMTA2M2Y","https:\/\/www.linkedin.com\/company\/rede-noticiaz-barretos-e-regio\/"]},{"@type":"Person","@id":"https:\/\/redenoticiaz.com.br\/ribeiraopreto-regiao\/#\/schema\/person\/e1b0bd8c2637e2c1b6ddcbc2c33b116f","name":"Patr\u00edcia Prado","image":{"@type":"ImageObject","inLanguage":"pt-BR","@id":"https:\/\/secure.gravatar.com\/avatar\/92e358bef22cfcec15e054ae4d9fee04dadf0c772dc4a17b382b8a34a15354c2?s=96&d=mm&r=g","url":"https:\/\/secure.gravatar.com\/avatar\/92e358bef22cfcec15e054ae4d9fee04dadf0c772dc4a17b382b8a34a15354c2?s=96&d=mm&r=g","contentUrl":"https:\/\/secure.gravatar.com\/avatar\/92e358bef22cfcec15e054ae4d9fee04dadf0c772dc4a17b382b8a34a15354c2?s=96&d=mm&r=g","caption":"Patr\u00edcia Prado"},"url":"https:\/\/redenoticiaz.com.br\/ribeiraopreto-regiao\/sp\/author\/patricia-prado"}]}},"_links":{"self":[{"href":"https:\/\/redenoticiaz.com.br\/ribeiraopreto-regiao\/wp-json\/wp\/v2\/posts\/123324","targetHints":{"allow":["GET"]}}],"collection":[{"href":"https:\/\/redenoticiaz.com.br\/ribeiraopreto-regiao\/wp-json\/wp\/v2\/posts"}],"about":[{"href":"https:\/\/redenoticiaz.com.br\/ribeiraopreto-regiao\/wp-json\/wp\/v2\/types\/post"}],"author":[{"embeddable":true,"href":"https:\/\/redenoticiaz.com.br\/ribeiraopreto-regiao\/wp-json\/wp\/v2\/users\/5"}],"replies":[{"embeddable":true,"href":"https:\/\/redenoticiaz.com.br\/ribeiraopreto-regiao\/wp-json\/wp\/v2\/comments?post=123324"}],"version-history":[{"count":0,"href":"https:\/\/redenoticiaz.com.br\/ribeiraopreto-regiao\/wp-json\/wp\/v2\/posts\/123324\/revisions"}],"wp:featuredmedia":[{"embeddable":true,"href":"https:\/\/redenoticiaz.com.br\/ribeiraopreto-regiao\/wp-json\/wp\/v2\/media\/123325"}],"wp:attachment":[{"href":"https:\/\/redenoticiaz.com.br\/ribeiraopreto-regiao\/wp-json\/wp\/v2\/media?parent=123324"}],"wp:term":[{"taxonomy":"category","embeddable":true,"href":"https:\/\/redenoticiaz.com.br\/ribeiraopreto-regiao\/wp-json\/wp\/v2\/categories?post=123324"},{"taxonomy":"post_tag","embeddable":true,"href":"https:\/\/redenoticiaz.com.br\/ribeiraopreto-regiao\/wp-json\/wp\/v2\/tags?post=123324"}],"curies":[{"name":"wp","href":"https:\/\/api.w.org\/{rel}","templated":true}]}}