{"id":123336,"date":"2026-09-05T16:14:04","date_gmt":"2026-09-05T19:14:04","guid":{"rendered":"https:\/\/redenoticiaz.com.br\/ribeiraopreto-regiao\/sp\/2026\/09\/05\/ex-tecnico-da-selecao-brasileira-parreira-recebe-alta-apos-80-dias-internado"},"modified":"2026-09-05T16:14:04","modified_gmt":"2026-09-05T19:14:04","slug":"ex-tecnico-da-selecao-brasileira-parreira-recebe-alta-apos-80-dias-internado","status":"publish","type":"post","link":"https:\/\/redenoticiaz.com.br\/ribeiraopreto-regiao\/sp\/2026\/09\/05\/ex-tecnico-da-selecao-brasileira-parreira-recebe-alta-apos-80-dias-internado","title":{"rendered":"Ex-t\u00e9cnico da Sele\u00e7\u00e3o Brasileira, Parreira recebe alta ap\u00f3s 80 dias internado"},"content":{"rendered":"<p>O ex-t\u00e9cnico da Sele\u00e7\u00e3o Brasileira de Futebol, Carlos Alberto Parreira, de 83 anos, recebeu alta m\u00e9dica neste s\u00e1bado (5) ap\u00f3s 80 dias internado no Hospital Samaritano Barra, no Rio de Janeiro. Ele foi hospitalizado para tratar uma inflama\u00e7\u00e3o pulmonar.<\/p>\n<p>De acordo com o hospital, Parreira continuar\u00e1 com acompanhamento domiciliar e ambulatorial para monitorar sua sa\u00fade. Durante a interna\u00e7\u00e3o, ele foi assistido pela equipe do pneumologista Arthur Vianna e por outros profissionais de sa\u00fade da unidade.<\/p>\n<p>Em 2023, Parreira foi diagnosticado com linfoma de Hodgkin, um tipo de c\u00e2ncer que afeta o sistema imunol\u00f3gico, e desde 2025, passa por acompanhamento m\u00e9dico permanente.<\/p>\n<p>Como professor de educa\u00e7\u00e3o f\u00edsica e um dos mais renomados nomes do futebol brasileiro, Parreira fez parte da comiss\u00e3o t\u00e9cnica da Sele\u00e7\u00e3o durante o tricampeonato de 1970 e foi t\u00e9cnico na conquista do tetracampeonato em 1994. Ele tamb\u00e9m liderou a equipe nas Copas do Mundo de 1986 e 2006, e atuou como coordenador t\u00e9cnico em 2014, al\u00e9m de vencer a Copa Am\u00e9rica de 2004 e a Copa das Confedera\u00e7\u00f5es de 2005.<\/p>\n","protected":false},"excerpt":{"rendered":"<p>O ex-t\u00e9cnico da Sele\u00e7\u00e3o Brasileira de Futebol, Carlos Alberto Parreira, de 83 anos, recebeu alta m\u00e9dica neste s\u00e1bado (5) ap\u00f3s 80 dias internado no Hospital Samaritano Barra, no Rio de Janeiro. Ele foi hospitalizado para tratar uma inflama\u00e7\u00e3o pulmonar. De acordo com o hospital, Parreira continuar\u00e1 com acompanhamento domiciliar e ambulatorial para monitorar sua sa\u00fade. &hellip;<\/p>\n","protected":false},"author":5,"featured_media":123337,"comment_status":"open","ping_status":"closed","sticky":false,"template":"","format":"standard","meta":{"footnotes":""},"categories":[820,87,68,129],"tags":[],"class_list":["post-123336","post","type-post","status-publish","format-standard","has-post-thumbnail","hentry","category-educacao","category-esporte","category-mundo","category-saude"],"yoast_head":"<!-- This site is optimized with the Yoast SEO plugin v28.4 - https:\/\/yoast.com\/product\/yoast-seo-wordpress\/ -->\n<title>Ex-t\u00e9cnico da Sele\u00e7\u00e3o Brasileira, Parreira recebe alta ap\u00f3s 80 dias internado - Ribeir\u00e3o Preto e Regi\u00e3o<\/title>\n<meta name=\"robots\" content=\"index, follow, max-snippet:-1, max-image-preview:large, max-video-preview:-1\" \/>\n<link rel=\"canonical\" href=\"https:\/\/redenoticiaz.com.br\/ribeiraopreto-regiao\/sp\/2026\/09\/05\/ex-tecnico-da-selecao-brasileira-parreira-recebe-alta-apos-80-dias-internado\" \/>\n<meta property=\"og:locale\" content=\"pt_BR\" \/>\n<meta property=\"og:type\" content=\"article\" \/>\n<meta property=\"og:title\" content=\"Ex-t\u00e9cnico da Sele\u00e7\u00e3o Brasileira, Parreira recebe alta ap\u00f3s 80 dias internado - Ribeir\u00e3o Preto e Regi\u00e3o\" \/>\n<meta property=\"og:description\" content=\"O ex-t\u00e9cnico da Sele\u00e7\u00e3o Brasileira de Futebol, Carlos Alberto Parreira, de 83 anos, recebeu alta m\u00e9dica neste s\u00e1bado (5) ap\u00f3s 80 dias internado no Hospital Samaritano Barra, no Rio de Janeiro. Ele foi hospitalizado para tratar uma inflama\u00e7\u00e3o pulmonar. De acordo com o hospital, Parreira continuar\u00e1 com acompanhamento domiciliar e ambulatorial para monitorar sua sa\u00fade. &hellip;\" \/>\n<meta property=\"og:url\" content=\"https:\/\/redenoticiaz.com.br\/ribeiraopreto-regiao\/sp\/2026\/09\/05\/ex-tecnico-da-selecao-brasileira-parreira-recebe-alta-apos-80-dias-internado\" \/>\n<meta property=\"og:site_name\" content=\"Ribeir\u00e3o Preto e Regi\u00e3o\" \/>\n<meta property=\"article:publisher\" content=\"https:\/\/m.facebook.com\/redenoticiaz.barretos\" \/>\n<meta property=\"article:published_time\" content=\"2026-09-05T19:14:04+00:00\" \/>\n<meta property=\"og:image\" content=\"https:\/\/redenoticiaz.com.br\/ribeiraopreto-regiao\/wp-content\/uploads\/sites\/4\/2022\/02\/logo.jpg\" \/>\n\t<meta property=\"og:image:width\" content=\"400\" \/>\n\t<meta property=\"og:image:height\" content=\"250\" \/>\n\t<meta property=\"og:image:type\" content=\"image\/jpeg\" \/>\n<meta name=\"author\" content=\"Patr\u00edcia Prado\" \/>\n<meta name=\"twitter:card\" content=\"summary_large_image\" \/>\n<meta name=\"twitter:creator\" content=\"@RN_barretos\" \/>\n<meta name=\"twitter:site\" content=\"@RN_barretos\" \/>\n<meta name=\"twitter:label1\" content=\"Escrito por\" \/>\n\t<meta name=\"twitter:data1\" content=\"Patr\u00edcia Prado\" \/>\n\t<meta name=\"twitter:label2\" content=\"Est. tempo de leitura\" \/>\n\t<meta name=\"twitter:data2\" content=\"1 minuto\" \/>\n<script type=\"application\/ld+json\" class=\"yoast-schema-graph\">{\"@context\":\"https:\\\/\\\/schema.org\",\"@graph\":[{\"@type\":\"Article\",\"@id\":\"https:\\\/\\\/redenoticiaz.com.br\\\/ribeiraopreto-regiao\\\/sp\\\/2026\\\/09\\\/05\\\/ex-tecnico-da-selecao-brasileira-parreira-recebe-alta-apos-80-dias-internado#article\",\"isPartOf\":{\"@id\":\"https:\\\/\\\/redenoticiaz.com.br\\\/ribeiraopreto-regiao\\\/sp\\\/2026\\\/09\\\/05\\\/ex-tecnico-da-selecao-brasileira-parreira-recebe-alta-apos-80-dias-internado\"},\"author\":{\"name\":\"Patr\u00edcia Prado\",\"@id\":\"https:\\\/\\\/redenoticiaz.com.br\\\/ribeiraopreto-regiao\\\/#\\\/schema\\\/person\\\/e1b0bd8c2637e2c1b6ddcbc2c33b116f\"},\"headline\":\"Ex-t\u00e9cnico da Sele\u00e7\u00e3o Brasileira, Parreira recebe alta ap\u00f3s 80 dias internado\",\"datePublished\":\"2026-09-05T19:14:04+00:00\",\"mainEntityOfPage\":{\"@id\":\"https:\\\/\\\/redenoticiaz.com.br\\\/ribeiraopreto-regiao\\\/sp\\\/2026\\\/09\\\/05\\\/ex-tecnico-da-selecao-brasileira-parreira-recebe-alta-apos-80-dias-internado\"},\"wordCount\":196,\"commentCount\":0,\"publisher\":{\"@id\":\"https:\\\/\\\/redenoticiaz.com.br\\\/ribeiraopreto-regiao\\\/#organization\"},\"image\":{\"@id\":\"https:\\\/\\\/redenoticiaz.com.br\\\/ribeiraopreto-regiao\\\/sp\\\/2026\\\/09\\\/05\\\/ex-tecnico-da-selecao-brasileira-parreira-recebe-alta-apos-80-dias-internado#primaryimage\"},\"thumbnailUrl\":\"https:\\\/\\\/redenoticiaz.com.br\\\/ribeiraopreto-regiao\\\/wp-content\\\/uploads\\\/sites\\\/4\\\/2026\\\/09\\\/carlos_alberto_parreira_recebe_alta_apos_80_dias_internado01.jpg\",\"articleSection\":[\"Educa\u00e7\u00e3o\",\"Esporte\",\"Mundo\",\"Sa\u00fade\"],\"inLanguage\":\"pt-BR\",\"potentialAction\":[{\"@type\":\"CommentAction\",\"name\":\"Comment\",\"target\":[\"https:\\\/\\\/redenoticiaz.com.br\\\/ribeiraopreto-regiao\\\/sp\\\/2026\\\/09\\\/05\\\/ex-tecnico-da-selecao-brasileira-parreira-recebe-alta-apos-80-dias-internado#respond\"]}]},{\"@type\":\"WebPage\",\"@id\":\"https:\\\/\\\/redenoticiaz.com.br\\\/ribeiraopreto-regiao\\\/sp\\\/2026\\\/09\\\/05\\\/ex-tecnico-da-selecao-brasileira-parreira-recebe-alta-apos-80-dias-internado\",\"url\":\"https:\\\/\\\/redenoticiaz.com.br\\\/ribeiraopreto-regiao\\\/sp\\\/2026\\\/09\\\/05\\\/ex-tecnico-da-selecao-brasileira-parreira-recebe-alta-apos-80-dias-internado\",\"name\":\"Ex-t\u00e9cnico da Sele\u00e7\u00e3o Brasileira, Parreira recebe alta ap\u00f3s 80 dias internado - Ribeir\u00e3o Preto e Regi\u00e3o\",\"isPartOf\":{\"@id\":\"https:\\\/\\\/redenoticiaz.com.br\\\/ribeiraopreto-regiao\\\/#website\"},\"primaryImageOfPage\":{\"@id\":\"https:\\\/\\\/redenoticiaz.com.br\\\/ribeiraopreto-regiao\\\/sp\\\/2026\\\/09\\\/05\\\/ex-tecnico-da-selecao-brasileira-parreira-recebe-alta-apos-80-dias-internado#primaryimage\"},\"image\":{\"@id\":\"https:\\\/\\\/redenoticiaz.com.br\\\/ribeiraopreto-regiao\\\/sp\\\/2026\\\/09\\\/05\\\/ex-tecnico-da-selecao-brasileira-parreira-recebe-alta-apos-80-dias-internado#primaryimage\"},\"thumbnailUrl\":\"https:\\\/\\\/redenoticiaz.com.br\\\/ribeiraopreto-regiao\\\/wp-content\\\/uploads\\\/sites\\\/4\\\/2026\\\/09\\\/carlos_alberto_parreira_recebe_alta_apos_80_dias_internado01.jpg\",\"datePublished\":\"2026-09-05T19:14:04+00:00\",\"inLanguage\":\"pt-BR\",\"potentialAction\":[{\"@type\":\"ReadAction\",\"target\":[\"https:\\\/\\\/redenoticiaz.com.br\\\/ribeiraopreto-regiao\\\/sp\\\/2026\\\/09\\\/05\\\/ex-tecnico-da-selecao-brasileira-parreira-recebe-alta-apos-80-dias-internado\"]}]},{\"@type\":\"ImageObject\",\"inLanguage\":\"pt-BR\",\"@id\":\"https:\\\/\\\/redenoticiaz.com.br\\\/ribeiraopreto-regiao\\\/sp\\\/2026\\\/09\\\/05\\\/ex-tecnico-da-selecao-brasileira-parreira-recebe-alta-apos-80-dias-internado#primaryimage\",\"url\":\"https:\\\/\\\/redenoticiaz.com.br\\\/ribeiraopreto-regiao\\\/wp-content\\\/uploads\\\/sites\\\/4\\\/2026\\\/09\\\/carlos_alberto_parreira_recebe_alta_apos_80_dias_internado01.jpg\",\"contentUrl\":\"https:\\\/\\\/redenoticiaz.com.br\\\/ribeiraopreto-regiao\\\/wp-content\\\/uploads\\\/sites\\\/4\\\/2026\\\/09\\\/carlos_alberto_parreira_recebe_alta_apos_80_dias_internado01.jpg\",\"width\":1600,\"height\":800},{\"@type\":\"WebSite\",\"@id\":\"https:\\\/\\\/redenoticiaz.com.br\\\/ribeiraopreto-regiao\\\/#website\",\"url\":\"https:\\\/\\\/redenoticiaz.com.br\\\/ribeiraopreto-regiao\\\/\",\"name\":\"Ribeir\u00e3o Preto e Regi\u00e3o\",\"description\":\"Rede NoticiaZ - Ribeir\u00e3o Preto e regi\u00e3o\",\"publisher\":{\"@id\":\"https:\\\/\\\/redenoticiaz.com.br\\\/ribeiraopreto-regiao\\\/#organization\"},\"potentialAction\":[{\"@type\":\"SearchAction\",\"target\":{\"@type\":\"EntryPoint\",\"urlTemplate\":\"https:\\\/\\\/redenoticiaz.com.br\\\/ribeiraopreto-regiao\\\/?s={search_term_string}\"},\"query-input\":{\"@type\":\"PropertyValueSpecification\",\"valueRequired\":true,\"valueName\":\"search_term_string\"}}],\"inLanguage\":\"pt-BR\"},{\"@type\":\"Organization\",\"@id\":\"https:\\\/\\\/redenoticiaz.com.br\\\/ribeiraopreto-regiao\\\/#organization\",\"name\":\"Ribeir\u00e3o Preto e Regi\u00e3o\",\"url\":\"https:\\\/\\\/redenoticiaz.com.br\\\/ribeiraopreto-regiao\\\/\",\"logo\":{\"@type\":\"ImageObject\",\"inLanguage\":\"pt-BR\",\"@id\":\"https:\\\/\\\/redenoticiaz.com.br\\\/ribeiraopreto-regiao\\\/#\\\/schema\\\/logo\\\/image\\\/\",\"url\":\"https:\\\/\\\/redenoticiaz.com.br\\\/barretos-regiao\\\/wp-content\\\/uploads\\\/sites\\\/4\\\/2022\\\/02\\\/logo.jpg\",\"contentUrl\":\"https:\\\/\\\/redenoticiaz.com.br\\\/barretos-regiao\\\/wp-content\\\/uploads\\\/sites\\\/4\\\/2022\\\/02\\\/logo.jpg\",\"width\":400,\"height\":250,\"caption\":\"Ribeir\u00e3o Preto e Regi\u00e3o\"},\"image\":{\"@id\":\"https:\\\/\\\/redenoticiaz.com.br\\\/ribeiraopreto-regiao\\\/#\\\/schema\\\/logo\\\/image\\\/\"},\"sameAs\":[\"https:\\\/\\\/m.facebook.com\\\/redenoticiaz.barretos\",\"https:\\\/\\\/x.com\\\/RN_barretos\",\"https:\\\/\\\/www.instagram.com\\\/redenoticiaz.barretos\\\/?igshid=YmMyMTA2M2Y\",\"https:\\\/\\\/www.linkedin.com\\\/company\\\/rede-noticiaz-barretos-e-regio\\\/\"]},{\"@type\":\"Person\",\"@id\":\"https:\\\/\\\/redenoticiaz.com.br\\\/ribeiraopreto-regiao\\\/#\\\/schema\\\/person\\\/e1b0bd8c2637e2c1b6ddcbc2c33b116f\",\"name\":\"Patr\u00edcia Prado\",\"image\":{\"@type\":\"ImageObject\",\"inLanguage\":\"pt-BR\",\"@id\":\"https:\\\/\\\/secure.gravatar.com\\\/avatar\\\/92e358bef22cfcec15e054ae4d9fee04dadf0c772dc4a17b382b8a34a15354c2?s=96&d=mm&r=g\",\"url\":\"https:\\\/\\\/secure.gravatar.com\\\/avatar\\\/92e358bef22cfcec15e054ae4d9fee04dadf0c772dc4a17b382b8a34a15354c2?s=96&d=mm&r=g\",\"contentUrl\":\"https:\\\/\\\/secure.gravatar.com\\\/avatar\\\/92e358bef22cfcec15e054ae4d9fee04dadf0c772dc4a17b382b8a34a15354c2?s=96&d=mm&r=g\",\"caption\":\"Patr\u00edcia Prado\"},\"url\":\"https:\\\/\\\/redenoticiaz.com.br\\\/ribeiraopreto-regiao\\\/sp\\\/author\\\/patricia-prado\"}]}<\/script>\n<!-- \/ Yoast SEO plugin. -->","yoast_head_json":{"title":"Ex-t\u00e9cnico da Sele\u00e7\u00e3o Brasileira, Parreira recebe alta ap\u00f3s 80 dias internado - Ribeir\u00e3o Preto e Regi\u00e3o","robots":{"index":"index","follow":"follow","max-snippet":"max-snippet:-1","max-image-preview":"max-image-preview:large","max-video-preview":"max-video-preview:-1"},"canonical":"https:\/\/redenoticiaz.com.br\/ribeiraopreto-regiao\/sp\/2026\/09\/05\/ex-tecnico-da-selecao-brasileira-parreira-recebe-alta-apos-80-dias-internado","og_locale":"pt_BR","og_type":"article","og_title":"Ex-t\u00e9cnico da Sele\u00e7\u00e3o Brasileira, Parreira recebe alta ap\u00f3s 80 dias internado - Ribeir\u00e3o Preto e Regi\u00e3o","og_description":"O ex-t\u00e9cnico da Sele\u00e7\u00e3o Brasileira de Futebol, Carlos Alberto Parreira, de 83 anos, recebeu alta m\u00e9dica neste s\u00e1bado (5) ap\u00f3s 80 dias internado no Hospital Samaritano Barra, no Rio de Janeiro. Ele foi hospitalizado para tratar uma inflama\u00e7\u00e3o pulmonar. De acordo com o hospital, Parreira continuar\u00e1 com acompanhamento domiciliar e ambulatorial para monitorar sua sa\u00fade. &hellip;","og_url":"https:\/\/redenoticiaz.com.br\/ribeiraopreto-regiao\/sp\/2026\/09\/05\/ex-tecnico-da-selecao-brasileira-parreira-recebe-alta-apos-80-dias-internado","og_site_name":"Ribeir\u00e3o Preto e Regi\u00e3o","article_publisher":"https:\/\/m.facebook.com\/redenoticiaz.barretos","article_published_time":"2026-09-05T19:14:04+00:00","og_image":[{"width":400,"height":250,"url":"https:\/\/redenoticiaz.com.br\/ribeiraopreto-regiao\/wp-content\/uploads\/sites\/4\/2022\/02\/logo.jpg","type":"image\/jpeg"}],"author":"Patr\u00edcia Prado","twitter_card":"summary_large_image","twitter_creator":"@RN_barretos","twitter_site":"@RN_barretos","twitter_misc":{"Escrito por":"Patr\u00edcia Prado","Est. tempo de leitura":"1 minuto"},"schema":{"@context":"https:\/\/schema.org","@graph":[{"@type":"Article","@id":"https:\/\/redenoticiaz.com.br\/ribeiraopreto-regiao\/sp\/2026\/09\/05\/ex-tecnico-da-selecao-brasileira-parreira-recebe-alta-apos-80-dias-internado#article","isPartOf":{"@id":"https:\/\/redenoticiaz.com.br\/ribeiraopreto-regiao\/sp\/2026\/09\/05\/ex-tecnico-da-selecao-brasileira-parreira-recebe-alta-apos-80-dias-internado"},"author":{"name":"Patr\u00edcia Prado","@id":"https:\/\/redenoticiaz.com.br\/ribeiraopreto-regiao\/#\/schema\/person\/e1b0bd8c2637e2c1b6ddcbc2c33b116f"},"headline":"Ex-t\u00e9cnico da Sele\u00e7\u00e3o Brasileira, Parreira recebe alta ap\u00f3s 80 dias internado","datePublished":"2026-09-05T19:14:04+00:00","mainEntityOfPage":{"@id":"https:\/\/redenoticiaz.com.br\/ribeiraopreto-regiao\/sp\/2026\/09\/05\/ex-tecnico-da-selecao-brasileira-parreira-recebe-alta-apos-80-dias-internado"},"wordCount":196,"commentCount":0,"publisher":{"@id":"https:\/\/redenoticiaz.com.br\/ribeiraopreto-regiao\/#organization"},"image":{"@id":"https:\/\/redenoticiaz.com.br\/ribeiraopreto-regiao\/sp\/2026\/09\/05\/ex-tecnico-da-selecao-brasileira-parreira-recebe-alta-apos-80-dias-internado#primaryimage"},"thumbnailUrl":"https:\/\/redenoticiaz.com.br\/ribeiraopreto-regiao\/wp-content\/uploads\/sites\/4\/2026\/09\/carlos_alberto_parreira_recebe_alta_apos_80_dias_internado01.jpg","articleSection":["Educa\u00e7\u00e3o","Esporte","Mundo","Sa\u00fade"],"inLanguage":"pt-BR","potentialAction":[{"@type":"CommentAction","name":"Comment","target":["https:\/\/redenoticiaz.com.br\/ribeiraopreto-regiao\/sp\/2026\/09\/05\/ex-tecnico-da-selecao-brasileira-parreira-recebe-alta-apos-80-dias-internado#respond"]}]},{"@type":"WebPage","@id":"https:\/\/redenoticiaz.com.br\/ribeiraopreto-regiao\/sp\/2026\/09\/05\/ex-tecnico-da-selecao-brasileira-parreira-recebe-alta-apos-80-dias-internado","url":"https:\/\/redenoticiaz.com.br\/ribeiraopreto-regiao\/sp\/2026\/09\/05\/ex-tecnico-da-selecao-brasileira-parreira-recebe-alta-apos-80-dias-internado","name":"Ex-t\u00e9cnico da Sele\u00e7\u00e3o Brasileira, Parreira recebe alta ap\u00f3s 80 dias internado - Ribeir\u00e3o Preto e Regi\u00e3o","isPartOf":{"@id":"https:\/\/redenoticiaz.com.br\/ribeiraopreto-regiao\/#website"},"primaryImageOfPage":{"@id":"https:\/\/redenoticiaz.com.br\/ribeiraopreto-regiao\/sp\/2026\/09\/05\/ex-tecnico-da-selecao-brasileira-parreira-recebe-alta-apos-80-dias-internado#primaryimage"},"image":{"@id":"https:\/\/redenoticiaz.com.br\/ribeiraopreto-regiao\/sp\/2026\/09\/05\/ex-tecnico-da-selecao-brasileira-parreira-recebe-alta-apos-80-dias-internado#primaryimage"},"thumbnailUrl":"https:\/\/redenoticiaz.com.br\/ribeiraopreto-regiao\/wp-content\/uploads\/sites\/4\/2026\/09\/carlos_alberto_parreira_recebe_alta_apos_80_dias_internado01.jpg","datePublished":"2026-09-05T19:14:04+00:00","inLanguage":"pt-BR","potentialAction":[{"@type":"ReadAction","target":["https:\/\/redenoticiaz.com.br\/ribeiraopreto-regiao\/sp\/2026\/09\/05\/ex-tecnico-da-selecao-brasileira-parreira-recebe-alta-apos-80-dias-internado"]}]},{"@type":"ImageObject","inLanguage":"pt-BR","@id":"https:\/\/redenoticiaz.com.br\/ribeiraopreto-regiao\/sp\/2026\/09\/05\/ex-tecnico-da-selecao-brasileira-parreira-recebe-alta-apos-80-dias-internado#primaryimage","url":"https:\/\/redenoticiaz.com.br\/ribeiraopreto-regiao\/wp-content\/uploads\/sites\/4\/2026\/09\/carlos_alberto_parreira_recebe_alta_apos_80_dias_internado01.jpg","contentUrl":"https:\/\/redenoticiaz.com.br\/ribeiraopreto-regiao\/wp-content\/uploads\/sites\/4\/2026\/09\/carlos_alberto_parreira_recebe_alta_apos_80_dias_internado01.jpg","width":1600,"height":800},{"@type":"WebSite","@id":"https:\/\/redenoticiaz.com.br\/ribeiraopreto-regiao\/#website","url":"https:\/\/redenoticiaz.com.br\/ribeiraopreto-regiao\/","name":"Ribeir\u00e3o Preto e Regi\u00e3o","description":"Rede NoticiaZ - Ribeir\u00e3o Preto e regi\u00e3o","publisher":{"@id":"https:\/\/redenoticiaz.com.br\/ribeiraopreto-regiao\/#organization"},"potentialAction":[{"@type":"SearchAction","target":{"@type":"EntryPoint","urlTemplate":"https:\/\/redenoticiaz.com.br\/ribeiraopreto-regiao\/?s={search_term_string}"},"query-input":{"@type":"PropertyValueSpecification","valueRequired":true,"valueName":"search_term_string"}}],"inLanguage":"pt-BR"},{"@type":"Organization","@id":"https:\/\/redenoticiaz.com.br\/ribeiraopreto-regiao\/#organization","name":"Ribeir\u00e3o Preto e Regi\u00e3o","url":"https:\/\/redenoticiaz.com.br\/ribeiraopreto-regiao\/","logo":{"@type":"ImageObject","inLanguage":"pt-BR","@id":"https:\/\/redenoticiaz.com.br\/ribeiraopreto-regiao\/#\/schema\/logo\/image\/","url":"https:\/\/redenoticiaz.com.br\/barretos-regiao\/wp-content\/uploads\/sites\/4\/2022\/02\/logo.jpg","contentUrl":"https:\/\/redenoticiaz.com.br\/barretos-regiao\/wp-content\/uploads\/sites\/4\/2022\/02\/logo.jpg","width":400,"height":250,"caption":"Ribeir\u00e3o Preto e Regi\u00e3o"},"image":{"@id":"https:\/\/redenoticiaz.com.br\/ribeiraopreto-regiao\/#\/schema\/logo\/image\/"},"sameAs":["https:\/\/m.facebook.com\/redenoticiaz.barretos","https:\/\/x.com\/RN_barretos","https:\/\/www.instagram.com\/redenoticiaz.barretos\/?igshid=YmMyMTA2M2Y","https:\/\/www.linkedin.com\/company\/rede-noticiaz-barretos-e-regio\/"]},{"@type":"Person","@id":"https:\/\/redenoticiaz.com.br\/ribeiraopreto-regiao\/#\/schema\/person\/e1b0bd8c2637e2c1b6ddcbc2c33b116f","name":"Patr\u00edcia Prado","image":{"@type":"ImageObject","inLanguage":"pt-BR","@id":"https:\/\/secure.gravatar.com\/avatar\/92e358bef22cfcec15e054ae4d9fee04dadf0c772dc4a17b382b8a34a15354c2?s=96&d=mm&r=g","url":"https:\/\/secure.gravatar.com\/avatar\/92e358bef22cfcec15e054ae4d9fee04dadf0c772dc4a17b382b8a34a15354c2?s=96&d=mm&r=g","contentUrl":"https:\/\/secure.gravatar.com\/avatar\/92e358bef22cfcec15e054ae4d9fee04dadf0c772dc4a17b382b8a34a15354c2?s=96&d=mm&r=g","caption":"Patr\u00edcia Prado"},"url":"https:\/\/redenoticiaz.com.br\/ribeiraopreto-regiao\/sp\/author\/patricia-prado"}]}},"_links":{"self":[{"href":"https:\/\/redenoticiaz.com.br\/ribeiraopreto-regiao\/wp-json\/wp\/v2\/posts\/123336","targetHints":{"allow":["GET"]}}],"collection":[{"href":"https:\/\/redenoticiaz.com.br\/ribeiraopreto-regiao\/wp-json\/wp\/v2\/posts"}],"about":[{"href":"https:\/\/redenoticiaz.com.br\/ribeiraopreto-regiao\/wp-json\/wp\/v2\/types\/post"}],"author":[{"embeddable":true,"href":"https:\/\/redenoticiaz.com.br\/ribeiraopreto-regiao\/wp-json\/wp\/v2\/users\/5"}],"replies":[{"embeddable":true,"href":"https:\/\/redenoticiaz.com.br\/ribeiraopreto-regiao\/wp-json\/wp\/v2\/comments?post=123336"}],"version-history":[{"count":0,"href":"https:\/\/redenoticiaz.com.br\/ribeiraopreto-regiao\/wp-json\/wp\/v2\/posts\/123336\/revisions"}],"wp:featuredmedia":[{"embeddable":true,"href":"https:\/\/redenoticiaz.com.br\/ribeiraopreto-regiao\/wp-json\/wp\/v2\/media\/123337"}],"wp:attachment":[{"href":"https:\/\/redenoticiaz.com.br\/ribeiraopreto-regiao\/wp-json\/wp\/v2\/media?parent=123336"}],"wp:term":[{"taxonomy":"category","embeddable":true,"href":"https:\/\/redenoticiaz.com.br\/ribeiraopreto-regiao\/wp-json\/wp\/v2\/categories?post=123336"},{"taxonomy":"post_tag","embeddable":true,"href":"https:\/\/redenoticiaz.com.br\/ribeiraopreto-regiao\/wp-json\/wp\/v2\/tags?post=123336"}],"curies":[{"name":"wp","href":"https:\/\/api.w.org\/{rel}","templated":true}]}}