{"id":123342,"date":"2026-09-05T17:47:02","date_gmt":"2026-09-05T20:47:02","guid":{"rendered":"https:\/\/redenoticiaz.com.br\/ribeiraopreto-regiao\/sp\/2026\/09\/05\/hospital-de-amor-em-barretos-inaugura-ala-de-reabilitacao-para-pacientes-com-cancer"},"modified":"2026-09-05T17:47:02","modified_gmt":"2026-09-05T20:47:02","slug":"hospital-de-amor-em-barretos-inaugura-ala-de-reabilitacao-para-pacientes-com-cancer","status":"publish","type":"post","link":"https:\/\/redenoticiaz.com.br\/ribeiraopreto-regiao\/sp\/2026\/09\/05\/hospital-de-amor-em-barretos-inaugura-ala-de-reabilitacao-para-pacientes-com-cancer","title":{"rendered":"Hospital de Amor em Barretos inaugura ala de reabilita\u00e7\u00e3o para pacientes com c\u00e2ncer"},"content":{"rendered":"<p>O Hospital de Amor, localizado em Barretos (SP) e considerado o maior centro oncol\u00f3gico de atendimento 100% gratuito da Am\u00e9rica Latina, inaugurou o Diret\u00f3rio de Reabilita\u00e7\u00e3o Moderna (DREAM). A nova unidade, que ocupa uma \u00e1rea de quase 8 mil metros quadrados, tem como objetivo oferecer atendimentos ambulatoriais, internas e suporte cir\u00fargico para pacientes com c\u00e2ncer que apresentam sequelas da doen\u00e7a ou do tratamento.<\/p>\n<p>Os atendimentos incluem pacientes que enfrentam limita\u00e7\u00f5es de mobilidade, for\u00e7a, equil\u00edbrio, cogni\u00e7\u00e3o, comunica\u00e7\u00e3o, degluti\u00e7\u00e3o, audi\u00e7\u00e3o e vis\u00e3o, al\u00e9m de casos de amputa\u00e7\u00f5es e outras defici\u00eancias funcionais. A nova estrutura tamb\u00e9m atende a pessoas n\u00e3o oncol\u00f3gicas que apresentam limita\u00e7\u00f5es f\u00edsicas, intelectuais, visuais ou auditivas, sejam elas cong\u00eanitas, adquiridas, cr\u00f4nicas ou transit\u00f3rias.<\/p>\n<p>No \u00faltimo s\u00e1bado (5), o presidente Luiz In\u00e1cio Lula da Silva e o ministro da Sa\u00fade, Alexandre Padilha, visitaram as novas instala\u00e7\u00f5es do hospital. O DREAM conta com ambulat\u00f3rios, boxes de terapia individualizados, espa\u00e7os para atendimentos m\u00e9dicos e multiprofissionais, al\u00e9m de uma unidade de interna\u00e7\u00e3o com 18 leitos, incluindo dois para cuidados semi-intensivos, com assist\u00eancia 24 horas.<\/p>\n<p>A constru\u00e7\u00e3o da nova ala foi viabilizada com recursos da Funda\u00e7\u00e3o Banco do Brasil. O diretor do hospital, Henrique Prata, enfatizou a qualidade do atendimento, que, segundo ele, \u00e9 superior ao do setor privado. &#8220;Esse exemplo aqui hoje n\u00e3o existe nem para os ricos, um centro completo como esse. Tudo \u00e9 poss\u00edvel com a participa\u00e7\u00e3o da sociedade e do governo&#8221;, destacou Prata.<\/p>\n<p>O ministro da Sa\u00fade, Alexandre Padilha, ressaltou a import\u00e2ncia do centro, que garante um tratamento integral aos pacientes que superam o c\u00e2ncer. &#8220;Foi percebido que, mesmo ap\u00f3s vencer a doen\u00e7a, muitos pacientes necessitam de reabilita\u00e7\u00e3o f\u00edsica, visual e auditiva, devido \u00e0s consequ\u00eancias do tratamento&#8221;, disse.<\/p>\n<p>O Hospital de Amor, anteriormente conhecido como Hospital de C\u00e2ncer de Barretos, foi inaugurado em 1962 e \u00e9 gerido por uma institui\u00e7\u00e3o privada sem fins lucrativos. O hospital oferece atendimento gratuito pelo Sistema \u00danico de Sa\u00fade (SUS), sustentado por doa\u00e7\u00f5es, apoio da comunidade e repasses do governo.<\/p>\n<p>No discurso durante a visita, Lula comentou sobre a import\u00e2ncia do SUS, afirmando que &#8220;n\u00e3o h\u00e1 nenhum pa\u00eds do mundo, com mais de 100 milh\u00f5es de habitantes, que tem um sistema de sa\u00fade como o SUS&#8221;.<\/p>\n<p>A nova unidade de reabilita\u00e7\u00e3o inclui um centro cir\u00fargico com duas salas para procedimentos de m\u00e9dia e alta complexidade, focando em oftalmologia, ortopedia, neurocirurgia e otorrinolaringologia, al\u00e9m de quatro leitos para recupera\u00e7\u00e3o p\u00f3s-anest\u00e9sica. O complexo ainda oferece c\u00e2mara de oxigenoterapia hiperb\u00e1rica para tratamento de feridas complexas e les\u00f5es relacionadas \u00e0 radioterapia.<\/p>\n<p>Entre os recursos dispon\u00edveis, h\u00e1 uma piscina aquecida para hidroterapia, salas de cinesioterapia, academia, laborat\u00f3rio de movimento e um gin\u00e1sio poliesportivo. O DREAM tamb\u00e9m conta com espa\u00e7os adaptados para o treinamento de atividades da vida di\u00e1ria e um centro h\u00edpico para a pr\u00e1tica de equoterapia. A Oficina Ortop\u00e9dica, respons\u00e1vel pela confec\u00e7\u00e3o e ajuste de \u00f3rteses e pr\u00f3teses, completa essa estrutura.<\/p>\n<p>Tecnologias avan\u00e7adas, como o exoesqueleto rob\u00f3tico Lokomat, voltado \u00e0 reabilita\u00e7\u00e3o da marcha, e a tecnologia imersiva NIRVANA, que estimula motricidade, cogni\u00e7\u00e3o e habilidades neurossensoriais, fazem parte dos recursos utilizados na reabilita\u00e7\u00e3o do Hospital de Amor.<\/p>\n","protected":false},"excerpt":{"rendered":"<p>O Hospital de Amor, localizado em Barretos (SP) e considerado o maior centro oncol\u00f3gico de atendimento 100% gratuito da Am\u00e9rica Latina, inaugurou o Diret\u00f3rio de Reabilita\u00e7\u00e3o Moderna (DREAM). A nova unidade, que ocupa uma \u00e1rea de quase 8 mil metros quadrados, tem como objetivo oferecer atendimentos ambulatoriais, internas e suporte cir\u00fargico para pacientes com c\u00e2ncer &hellip;<\/p>\n","protected":false},"author":5,"featured_media":123343,"comment_status":"open","ping_status":"closed","sticky":false,"template":"","format":"standard","meta":{"footnotes":""},"categories":[68,186,129,1561],"tags":[],"class_list":["post-123342","post","type-post","status-publish","format-standard","has-post-thumbnail","hentry","category-mundo","category-politica","category-saude","category-tecnologia"],"yoast_head":"<!-- This site is optimized with the Yoast SEO plugin v28.4 - https:\/\/yoast.com\/product\/yoast-seo-wordpress\/ -->\n<title>Hospital de Amor em Barretos inaugura ala de reabilita\u00e7\u00e3o para pacientes com c\u00e2ncer - Ribeir\u00e3o Preto e Regi\u00e3o<\/title>\n<meta name=\"robots\" content=\"index, follow, max-snippet:-1, max-image-preview:large, max-video-preview:-1\" \/>\n<link rel=\"canonical\" href=\"https:\/\/redenoticiaz.com.br\/ribeiraopreto-regiao\/sp\/2026\/09\/05\/hospital-de-amor-em-barretos-inaugura-ala-de-reabilitacao-para-pacientes-com-cancer\" \/>\n<meta property=\"og:locale\" content=\"pt_BR\" \/>\n<meta property=\"og:type\" content=\"article\" \/>\n<meta property=\"og:title\" content=\"Hospital de Amor em Barretos inaugura ala de reabilita\u00e7\u00e3o para pacientes com c\u00e2ncer - Ribeir\u00e3o Preto e Regi\u00e3o\" \/>\n<meta property=\"og:description\" content=\"O Hospital de Amor, localizado em Barretos (SP) e considerado o maior centro oncol\u00f3gico de atendimento 100% gratuito da Am\u00e9rica Latina, inaugurou o Diret\u00f3rio de Reabilita\u00e7\u00e3o Moderna (DREAM). A nova unidade, que ocupa uma \u00e1rea de quase 8 mil metros quadrados, tem como objetivo oferecer atendimentos ambulatoriais, internas e suporte cir\u00fargico para pacientes com c\u00e2ncer &hellip;\" \/>\n<meta property=\"og:url\" content=\"https:\/\/redenoticiaz.com.br\/ribeiraopreto-regiao\/sp\/2026\/09\/05\/hospital-de-amor-em-barretos-inaugura-ala-de-reabilitacao-para-pacientes-com-cancer\" \/>\n<meta property=\"og:site_name\" content=\"Ribeir\u00e3o Preto e Regi\u00e3o\" \/>\n<meta property=\"article:publisher\" content=\"https:\/\/m.facebook.com\/redenoticiaz.barretos\" \/>\n<meta property=\"article:published_time\" content=\"2026-09-05T20:47:02+00:00\" \/>\n<meta property=\"og:image\" content=\"https:\/\/redenoticiaz.com.br\/ribeiraopreto-regiao\/wp-content\/uploads\/sites\/4\/2022\/02\/logo.jpg\" \/>\n\t<meta property=\"og:image:width\" content=\"400\" \/>\n\t<meta property=\"og:image:height\" content=\"250\" \/>\n\t<meta property=\"og:image:type\" content=\"image\/jpeg\" \/>\n<meta name=\"author\" content=\"Patr\u00edcia Prado\" \/>\n<meta name=\"twitter:card\" content=\"summary_large_image\" \/>\n<meta name=\"twitter:creator\" content=\"@RN_barretos\" \/>\n<meta name=\"twitter:site\" content=\"@RN_barretos\" \/>\n<meta name=\"twitter:label1\" content=\"Escrito por\" \/>\n\t<meta name=\"twitter:data1\" content=\"Patr\u00edcia Prado\" \/>\n\t<meta name=\"twitter:label2\" content=\"Est. tempo de leitura\" \/>\n\t<meta name=\"twitter:data2\" content=\"3 minutos\" \/>\n<script type=\"application\/ld+json\" class=\"yoast-schema-graph\">{\"@context\":\"https:\\\/\\\/schema.org\",\"@graph\":[{\"@type\":\"Article\",\"@id\":\"https:\\\/\\\/redenoticiaz.com.br\\\/ribeiraopreto-regiao\\\/sp\\\/2026\\\/09\\\/05\\\/hospital-de-amor-em-barretos-inaugura-ala-de-reabilitacao-para-pacientes-com-cancer#article\",\"isPartOf\":{\"@id\":\"https:\\\/\\\/redenoticiaz.com.br\\\/ribeiraopreto-regiao\\\/sp\\\/2026\\\/09\\\/05\\\/hospital-de-amor-em-barretos-inaugura-ala-de-reabilitacao-para-pacientes-com-cancer\"},\"author\":{\"name\":\"Patr\u00edcia Prado\",\"@id\":\"https:\\\/\\\/redenoticiaz.com.br\\\/ribeiraopreto-regiao\\\/#\\\/schema\\\/person\\\/e1b0bd8c2637e2c1b6ddcbc2c33b116f\"},\"headline\":\"Hospital de Amor em Barretos inaugura ala de reabilita\u00e7\u00e3o para pacientes com c\u00e2ncer\",\"datePublished\":\"2026-09-05T20:47:02+00:00\",\"mainEntityOfPage\":{\"@id\":\"https:\\\/\\\/redenoticiaz.com.br\\\/ribeiraopreto-regiao\\\/sp\\\/2026\\\/09\\\/05\\\/hospital-de-amor-em-barretos-inaugura-ala-de-reabilitacao-para-pacientes-com-cancer\"},\"wordCount\":594,\"commentCount\":0,\"publisher\":{\"@id\":\"https:\\\/\\\/redenoticiaz.com.br\\\/ribeiraopreto-regiao\\\/#organization\"},\"image\":{\"@id\":\"https:\\\/\\\/redenoticiaz.com.br\\\/ribeiraopreto-regiao\\\/sp\\\/2026\\\/09\\\/05\\\/hospital-de-amor-em-barretos-inaugura-ala-de-reabilitacao-para-pacientes-com-cancer#primaryimage\"},\"thumbnailUrl\":\"https:\\\/\\\/redenoticiaz.com.br\\\/ribeiraopreto-regiao\\\/wp-content\\\/uploads\\\/sites\\\/4\\\/2026\\\/09\\\/hospital_de_amor.jpg\",\"articleSection\":[\"Mundo\",\"Pol\u00edtica\",\"Sa\u00fade\",\"Tecnologia\"],\"inLanguage\":\"pt-BR\",\"potentialAction\":[{\"@type\":\"CommentAction\",\"name\":\"Comment\",\"target\":[\"https:\\\/\\\/redenoticiaz.com.br\\\/ribeiraopreto-regiao\\\/sp\\\/2026\\\/09\\\/05\\\/hospital-de-amor-em-barretos-inaugura-ala-de-reabilitacao-para-pacientes-com-cancer#respond\"]}]},{\"@type\":\"WebPage\",\"@id\":\"https:\\\/\\\/redenoticiaz.com.br\\\/ribeiraopreto-regiao\\\/sp\\\/2026\\\/09\\\/05\\\/hospital-de-amor-em-barretos-inaugura-ala-de-reabilitacao-para-pacientes-com-cancer\",\"url\":\"https:\\\/\\\/redenoticiaz.com.br\\\/ribeiraopreto-regiao\\\/sp\\\/2026\\\/09\\\/05\\\/hospital-de-amor-em-barretos-inaugura-ala-de-reabilitacao-para-pacientes-com-cancer\",\"name\":\"Hospital de Amor em Barretos inaugura ala de reabilita\u00e7\u00e3o para pacientes com c\u00e2ncer - Ribeir\u00e3o Preto e Regi\u00e3o\",\"isPartOf\":{\"@id\":\"https:\\\/\\\/redenoticiaz.com.br\\\/ribeiraopreto-regiao\\\/#website\"},\"primaryImageOfPage\":{\"@id\":\"https:\\\/\\\/redenoticiaz.com.br\\\/ribeiraopreto-regiao\\\/sp\\\/2026\\\/09\\\/05\\\/hospital-de-amor-em-barretos-inaugura-ala-de-reabilitacao-para-pacientes-com-cancer#primaryimage\"},\"image\":{\"@id\":\"https:\\\/\\\/redenoticiaz.com.br\\\/ribeiraopreto-regiao\\\/sp\\\/2026\\\/09\\\/05\\\/hospital-de-amor-em-barretos-inaugura-ala-de-reabilitacao-para-pacientes-com-cancer#primaryimage\"},\"thumbnailUrl\":\"https:\\\/\\\/redenoticiaz.com.br\\\/ribeiraopreto-regiao\\\/wp-content\\\/uploads\\\/sites\\\/4\\\/2026\\\/09\\\/hospital_de_amor.jpg\",\"datePublished\":\"2026-09-05T20:47:02+00:00\",\"inLanguage\":\"pt-BR\",\"potentialAction\":[{\"@type\":\"ReadAction\",\"target\":[\"https:\\\/\\\/redenoticiaz.com.br\\\/ribeiraopreto-regiao\\\/sp\\\/2026\\\/09\\\/05\\\/hospital-de-amor-em-barretos-inaugura-ala-de-reabilitacao-para-pacientes-com-cancer\"]}]},{\"@type\":\"ImageObject\",\"inLanguage\":\"pt-BR\",\"@id\":\"https:\\\/\\\/redenoticiaz.com.br\\\/ribeiraopreto-regiao\\\/sp\\\/2026\\\/09\\\/05\\\/hospital-de-amor-em-barretos-inaugura-ala-de-reabilitacao-para-pacientes-com-cancer#primaryimage\",\"url\":\"https:\\\/\\\/redenoticiaz.com.br\\\/ribeiraopreto-regiao\\\/wp-content\\\/uploads\\\/sites\\\/4\\\/2026\\\/09\\\/hospital_de_amor.jpg\",\"contentUrl\":\"https:\\\/\\\/redenoticiaz.com.br\\\/ribeiraopreto-regiao\\\/wp-content\\\/uploads\\\/sites\\\/4\\\/2026\\\/09\\\/hospital_de_amor.jpg\",\"width\":1600,\"height\":800},{\"@type\":\"WebSite\",\"@id\":\"https:\\\/\\\/redenoticiaz.com.br\\\/ribeiraopreto-regiao\\\/#website\",\"url\":\"https:\\\/\\\/redenoticiaz.com.br\\\/ribeiraopreto-regiao\\\/\",\"name\":\"Ribeir\u00e3o Preto e Regi\u00e3o\",\"description\":\"Rede NoticiaZ - Ribeir\u00e3o Preto e regi\u00e3o\",\"publisher\":{\"@id\":\"https:\\\/\\\/redenoticiaz.com.br\\\/ribeiraopreto-regiao\\\/#organization\"},\"potentialAction\":[{\"@type\":\"SearchAction\",\"target\":{\"@type\":\"EntryPoint\",\"urlTemplate\":\"https:\\\/\\\/redenoticiaz.com.br\\\/ribeiraopreto-regiao\\\/?s={search_term_string}\"},\"query-input\":{\"@type\":\"PropertyValueSpecification\",\"valueRequired\":true,\"valueName\":\"search_term_string\"}}],\"inLanguage\":\"pt-BR\"},{\"@type\":\"Organization\",\"@id\":\"https:\\\/\\\/redenoticiaz.com.br\\\/ribeiraopreto-regiao\\\/#organization\",\"name\":\"Ribeir\u00e3o Preto e Regi\u00e3o\",\"url\":\"https:\\\/\\\/redenoticiaz.com.br\\\/ribeiraopreto-regiao\\\/\",\"logo\":{\"@type\":\"ImageObject\",\"inLanguage\":\"pt-BR\",\"@id\":\"https:\\\/\\\/redenoticiaz.com.br\\\/ribeiraopreto-regiao\\\/#\\\/schema\\\/logo\\\/image\\\/\",\"url\":\"https:\\\/\\\/redenoticiaz.com.br\\\/barretos-regiao\\\/wp-content\\\/uploads\\\/sites\\\/4\\\/2022\\\/02\\\/logo.jpg\",\"contentUrl\":\"https:\\\/\\\/redenoticiaz.com.br\\\/barretos-regiao\\\/wp-content\\\/uploads\\\/sites\\\/4\\\/2022\\\/02\\\/logo.jpg\",\"width\":400,\"height\":250,\"caption\":\"Ribeir\u00e3o Preto e Regi\u00e3o\"},\"image\":{\"@id\":\"https:\\\/\\\/redenoticiaz.com.br\\\/ribeiraopreto-regiao\\\/#\\\/schema\\\/logo\\\/image\\\/\"},\"sameAs\":[\"https:\\\/\\\/m.facebook.com\\\/redenoticiaz.barretos\",\"https:\\\/\\\/x.com\\\/RN_barretos\",\"https:\\\/\\\/www.instagram.com\\\/redenoticiaz.barretos\\\/?igshid=YmMyMTA2M2Y\",\"https:\\\/\\\/www.linkedin.com\\\/company\\\/rede-noticiaz-barretos-e-regio\\\/\"]},{\"@type\":\"Person\",\"@id\":\"https:\\\/\\\/redenoticiaz.com.br\\\/ribeiraopreto-regiao\\\/#\\\/schema\\\/person\\\/e1b0bd8c2637e2c1b6ddcbc2c33b116f\",\"name\":\"Patr\u00edcia Prado\",\"image\":{\"@type\":\"ImageObject\",\"inLanguage\":\"pt-BR\",\"@id\":\"https:\\\/\\\/secure.gravatar.com\\\/avatar\\\/92e358bef22cfcec15e054ae4d9fee04dadf0c772dc4a17b382b8a34a15354c2?s=96&d=mm&r=g\",\"url\":\"https:\\\/\\\/secure.gravatar.com\\\/avatar\\\/92e358bef22cfcec15e054ae4d9fee04dadf0c772dc4a17b382b8a34a15354c2?s=96&d=mm&r=g\",\"contentUrl\":\"https:\\\/\\\/secure.gravatar.com\\\/avatar\\\/92e358bef22cfcec15e054ae4d9fee04dadf0c772dc4a17b382b8a34a15354c2?s=96&d=mm&r=g\",\"caption\":\"Patr\u00edcia Prado\"},\"url\":\"https:\\\/\\\/redenoticiaz.com.br\\\/ribeiraopreto-regiao\\\/sp\\\/author\\\/patricia-prado\"}]}<\/script>\n<!-- \/ Yoast SEO plugin. -->","yoast_head_json":{"title":"Hospital de Amor em Barretos inaugura ala de reabilita\u00e7\u00e3o para pacientes com c\u00e2ncer - Ribeir\u00e3o Preto e Regi\u00e3o","robots":{"index":"index","follow":"follow","max-snippet":"max-snippet:-1","max-image-preview":"max-image-preview:large","max-video-preview":"max-video-preview:-1"},"canonical":"https:\/\/redenoticiaz.com.br\/ribeiraopreto-regiao\/sp\/2026\/09\/05\/hospital-de-amor-em-barretos-inaugura-ala-de-reabilitacao-para-pacientes-com-cancer","og_locale":"pt_BR","og_type":"article","og_title":"Hospital de Amor em Barretos inaugura ala de reabilita\u00e7\u00e3o para pacientes com c\u00e2ncer - Ribeir\u00e3o Preto e Regi\u00e3o","og_description":"O Hospital de Amor, localizado em Barretos (SP) e considerado o maior centro oncol\u00f3gico de atendimento 100% gratuito da Am\u00e9rica Latina, inaugurou o Diret\u00f3rio de Reabilita\u00e7\u00e3o Moderna (DREAM). A nova unidade, que ocupa uma \u00e1rea de quase 8 mil metros quadrados, tem como objetivo oferecer atendimentos ambulatoriais, internas e suporte cir\u00fargico para pacientes com c\u00e2ncer &hellip;","og_url":"https:\/\/redenoticiaz.com.br\/ribeiraopreto-regiao\/sp\/2026\/09\/05\/hospital-de-amor-em-barretos-inaugura-ala-de-reabilitacao-para-pacientes-com-cancer","og_site_name":"Ribeir\u00e3o Preto e Regi\u00e3o","article_publisher":"https:\/\/m.facebook.com\/redenoticiaz.barretos","article_published_time":"2026-09-05T20:47:02+00:00","og_image":[{"width":400,"height":250,"url":"https:\/\/redenoticiaz.com.br\/ribeiraopreto-regiao\/wp-content\/uploads\/sites\/4\/2022\/02\/logo.jpg","type":"image\/jpeg"}],"author":"Patr\u00edcia Prado","twitter_card":"summary_large_image","twitter_creator":"@RN_barretos","twitter_site":"@RN_barretos","twitter_misc":{"Escrito por":"Patr\u00edcia Prado","Est. tempo de leitura":"3 minutos"},"schema":{"@context":"https:\/\/schema.org","@graph":[{"@type":"Article","@id":"https:\/\/redenoticiaz.com.br\/ribeiraopreto-regiao\/sp\/2026\/09\/05\/hospital-de-amor-em-barretos-inaugura-ala-de-reabilitacao-para-pacientes-com-cancer#article","isPartOf":{"@id":"https:\/\/redenoticiaz.com.br\/ribeiraopreto-regiao\/sp\/2026\/09\/05\/hospital-de-amor-em-barretos-inaugura-ala-de-reabilitacao-para-pacientes-com-cancer"},"author":{"name":"Patr\u00edcia Prado","@id":"https:\/\/redenoticiaz.com.br\/ribeiraopreto-regiao\/#\/schema\/person\/e1b0bd8c2637e2c1b6ddcbc2c33b116f"},"headline":"Hospital de Amor em Barretos inaugura ala de reabilita\u00e7\u00e3o para pacientes com c\u00e2ncer","datePublished":"2026-09-05T20:47:02+00:00","mainEntityOfPage":{"@id":"https:\/\/redenoticiaz.com.br\/ribeiraopreto-regiao\/sp\/2026\/09\/05\/hospital-de-amor-em-barretos-inaugura-ala-de-reabilitacao-para-pacientes-com-cancer"},"wordCount":594,"commentCount":0,"publisher":{"@id":"https:\/\/redenoticiaz.com.br\/ribeiraopreto-regiao\/#organization"},"image":{"@id":"https:\/\/redenoticiaz.com.br\/ribeiraopreto-regiao\/sp\/2026\/09\/05\/hospital-de-amor-em-barretos-inaugura-ala-de-reabilitacao-para-pacientes-com-cancer#primaryimage"},"thumbnailUrl":"https:\/\/redenoticiaz.com.br\/ribeiraopreto-regiao\/wp-content\/uploads\/sites\/4\/2026\/09\/hospital_de_amor.jpg","articleSection":["Mundo","Pol\u00edtica","Sa\u00fade","Tecnologia"],"inLanguage":"pt-BR","potentialAction":[{"@type":"CommentAction","name":"Comment","target":["https:\/\/redenoticiaz.com.br\/ribeiraopreto-regiao\/sp\/2026\/09\/05\/hospital-de-amor-em-barretos-inaugura-ala-de-reabilitacao-para-pacientes-com-cancer#respond"]}]},{"@type":"WebPage","@id":"https:\/\/redenoticiaz.com.br\/ribeiraopreto-regiao\/sp\/2026\/09\/05\/hospital-de-amor-em-barretos-inaugura-ala-de-reabilitacao-para-pacientes-com-cancer","url":"https:\/\/redenoticiaz.com.br\/ribeiraopreto-regiao\/sp\/2026\/09\/05\/hospital-de-amor-em-barretos-inaugura-ala-de-reabilitacao-para-pacientes-com-cancer","name":"Hospital de Amor em Barretos inaugura ala de reabilita\u00e7\u00e3o para pacientes com c\u00e2ncer - Ribeir\u00e3o Preto e Regi\u00e3o","isPartOf":{"@id":"https:\/\/redenoticiaz.com.br\/ribeiraopreto-regiao\/#website"},"primaryImageOfPage":{"@id":"https:\/\/redenoticiaz.com.br\/ribeiraopreto-regiao\/sp\/2026\/09\/05\/hospital-de-amor-em-barretos-inaugura-ala-de-reabilitacao-para-pacientes-com-cancer#primaryimage"},"image":{"@id":"https:\/\/redenoticiaz.com.br\/ribeiraopreto-regiao\/sp\/2026\/09\/05\/hospital-de-amor-em-barretos-inaugura-ala-de-reabilitacao-para-pacientes-com-cancer#primaryimage"},"thumbnailUrl":"https:\/\/redenoticiaz.com.br\/ribeiraopreto-regiao\/wp-content\/uploads\/sites\/4\/2026\/09\/hospital_de_amor.jpg","datePublished":"2026-09-05T20:47:02+00:00","inLanguage":"pt-BR","potentialAction":[{"@type":"ReadAction","target":["https:\/\/redenoticiaz.com.br\/ribeiraopreto-regiao\/sp\/2026\/09\/05\/hospital-de-amor-em-barretos-inaugura-ala-de-reabilitacao-para-pacientes-com-cancer"]}]},{"@type":"ImageObject","inLanguage":"pt-BR","@id":"https:\/\/redenoticiaz.com.br\/ribeiraopreto-regiao\/sp\/2026\/09\/05\/hospital-de-amor-em-barretos-inaugura-ala-de-reabilitacao-para-pacientes-com-cancer#primaryimage","url":"https:\/\/redenoticiaz.com.br\/ribeiraopreto-regiao\/wp-content\/uploads\/sites\/4\/2026\/09\/hospital_de_amor.jpg","contentUrl":"https:\/\/redenoticiaz.com.br\/ribeiraopreto-regiao\/wp-content\/uploads\/sites\/4\/2026\/09\/hospital_de_amor.jpg","width":1600,"height":800},{"@type":"WebSite","@id":"https:\/\/redenoticiaz.com.br\/ribeiraopreto-regiao\/#website","url":"https:\/\/redenoticiaz.com.br\/ribeiraopreto-regiao\/","name":"Ribeir\u00e3o Preto e Regi\u00e3o","description":"Rede NoticiaZ - Ribeir\u00e3o Preto e regi\u00e3o","publisher":{"@id":"https:\/\/redenoticiaz.com.br\/ribeiraopreto-regiao\/#organization"},"potentialAction":[{"@type":"SearchAction","target":{"@type":"EntryPoint","urlTemplate":"https:\/\/redenoticiaz.com.br\/ribeiraopreto-regiao\/?s={search_term_string}"},"query-input":{"@type":"PropertyValueSpecification","valueRequired":true,"valueName":"search_term_string"}}],"inLanguage":"pt-BR"},{"@type":"Organization","@id":"https:\/\/redenoticiaz.com.br\/ribeiraopreto-regiao\/#organization","name":"Ribeir\u00e3o Preto e Regi\u00e3o","url":"https:\/\/redenoticiaz.com.br\/ribeiraopreto-regiao\/","logo":{"@type":"ImageObject","inLanguage":"pt-BR","@id":"https:\/\/redenoticiaz.com.br\/ribeiraopreto-regiao\/#\/schema\/logo\/image\/","url":"https:\/\/redenoticiaz.com.br\/barretos-regiao\/wp-content\/uploads\/sites\/4\/2022\/02\/logo.jpg","contentUrl":"https:\/\/redenoticiaz.com.br\/barretos-regiao\/wp-content\/uploads\/sites\/4\/2022\/02\/logo.jpg","width":400,"height":250,"caption":"Ribeir\u00e3o Preto e Regi\u00e3o"},"image":{"@id":"https:\/\/redenoticiaz.com.br\/ribeiraopreto-regiao\/#\/schema\/logo\/image\/"},"sameAs":["https:\/\/m.facebook.com\/redenoticiaz.barretos","https:\/\/x.com\/RN_barretos","https:\/\/www.instagram.com\/redenoticiaz.barretos\/?igshid=YmMyMTA2M2Y","https:\/\/www.linkedin.com\/company\/rede-noticiaz-barretos-e-regio\/"]},{"@type":"Person","@id":"https:\/\/redenoticiaz.com.br\/ribeiraopreto-regiao\/#\/schema\/person\/e1b0bd8c2637e2c1b6ddcbc2c33b116f","name":"Patr\u00edcia Prado","image":{"@type":"ImageObject","inLanguage":"pt-BR","@id":"https:\/\/secure.gravatar.com\/avatar\/92e358bef22cfcec15e054ae4d9fee04dadf0c772dc4a17b382b8a34a15354c2?s=96&d=mm&r=g","url":"https:\/\/secure.gravatar.com\/avatar\/92e358bef22cfcec15e054ae4d9fee04dadf0c772dc4a17b382b8a34a15354c2?s=96&d=mm&r=g","contentUrl":"https:\/\/secure.gravatar.com\/avatar\/92e358bef22cfcec15e054ae4d9fee04dadf0c772dc4a17b382b8a34a15354c2?s=96&d=mm&r=g","caption":"Patr\u00edcia Prado"},"url":"https:\/\/redenoticiaz.com.br\/ribeiraopreto-regiao\/sp\/author\/patricia-prado"}]}},"_links":{"self":[{"href":"https:\/\/redenoticiaz.com.br\/ribeiraopreto-regiao\/wp-json\/wp\/v2\/posts\/123342","targetHints":{"allow":["GET"]}}],"collection":[{"href":"https:\/\/redenoticiaz.com.br\/ribeiraopreto-regiao\/wp-json\/wp\/v2\/posts"}],"about":[{"href":"https:\/\/redenoticiaz.com.br\/ribeiraopreto-regiao\/wp-json\/wp\/v2\/types\/post"}],"author":[{"embeddable":true,"href":"https:\/\/redenoticiaz.com.br\/ribeiraopreto-regiao\/wp-json\/wp\/v2\/users\/5"}],"replies":[{"embeddable":true,"href":"https:\/\/redenoticiaz.com.br\/ribeiraopreto-regiao\/wp-json\/wp\/v2\/comments?post=123342"}],"version-history":[{"count":0,"href":"https:\/\/redenoticiaz.com.br\/ribeiraopreto-regiao\/wp-json\/wp\/v2\/posts\/123342\/revisions"}],"wp:featuredmedia":[{"embeddable":true,"href":"https:\/\/redenoticiaz.com.br\/ribeiraopreto-regiao\/wp-json\/wp\/v2\/media\/123343"}],"wp:attachment":[{"href":"https:\/\/redenoticiaz.com.br\/ribeiraopreto-regiao\/wp-json\/wp\/v2\/media?parent=123342"}],"wp:term":[{"taxonomy":"category","embeddable":true,"href":"https:\/\/redenoticiaz.com.br\/ribeiraopreto-regiao\/wp-json\/wp\/v2\/categories?post=123342"},{"taxonomy":"post_tag","embeddable":true,"href":"https:\/\/redenoticiaz.com.br\/ribeiraopreto-regiao\/wp-json\/wp\/v2\/tags?post=123342"}],"curies":[{"name":"wp","href":"https:\/\/api.w.org\/{rel}","templated":true}]}}