{"id":123360,"date":"2026-09-06T02:03:58","date_gmt":"2026-09-06T05:03:58","guid":{"rendered":"https:\/\/redenoticiaz.com.br\/ribeiraopreto-regiao\/sp\/2026\/09\/06\/flamengo-e-sao-paulo-duelam-por-vaga-na-final-do-brasileiro-feminino"},"modified":"2026-09-06T02:03:58","modified_gmt":"2026-09-06T05:03:58","slug":"flamengo-e-sao-paulo-duelam-por-vaga-na-final-do-brasileiro-feminino","status":"publish","type":"post","link":"https:\/\/redenoticiaz.com.br\/ribeiraopreto-regiao\/sp\/2026\/09\/06\/flamengo-e-sao-paulo-duelam-por-vaga-na-final-do-brasileiro-feminino","title":{"rendered":"Flamengo e S\u00e3o Paulo duelam por vaga na final do Brasileiro Feminino"},"content":{"rendered":"<p>Flamengo e S\u00e3o Paulo s\u00e3o os primeiros times classificados para as semifinais da S\u00e9rie A1 do Campeonato Brasileiro Feminino. Ap\u00f3s obterem vit\u00f3rias em seus respectivos confrontos das quartas de final, as duas equipes se enfrentar\u00e3o em busca de uma vaga na decis\u00e3o do torneio.<\/p>\n<p>Em jogo realizado na Arena da Fonte Luminosa, em Araraquara (SP), o Flamengo empatou em 2 a 2 com a Ferrovi\u00e1ria, avan\u00e7ando com um placar agregado de 3 a 2, ap\u00f3s vencer a partida de ida por 1 a 0. As rubro-negras, que chegaram ao mata-mata na quinta coloca\u00e7\u00e3o, n\u00e3o chegavam \u00e0s semifinais desde 2019.<\/p>\n<p>O Flamengo come\u00e7ou a partida pressionando, e aos 11 minutos, Fabi Sim\u00f5es abriu o placar com um belo chute no \u00e2ngulo. Quatro minutos depois, a Ferrovi\u00e1ria respondeu com o gol de Thayslane, que igualou o marcador ap\u00f3s um desarme e assist\u00eancia de Dos Santos. O jogo virou a favor das Guerreiras Gren\u00e1s aos 19 minutos com um gol de Dos Santos, que finalizou de primeira ap\u00f3s assist\u00eancia de F\u00e1tima Dutra.<\/p>\n<p>O Flamengo empatou novamente aos 30 minutos, com Jucinara concluindo um ataque bem trabalhado. Na segunda etapa, o Flamengo perdeu Monalisa, expulsa aos 48 minutos por acumular cart\u00f5es amarelos. Apesar da vantagem num\u00e9rica, a Ferrovi\u00e1ria n\u00e3o conseguiu marcar, e um gol de Rhaissa foi anulado por impedimento. Nos acr\u00e9scimos, a Ferrovi\u00e1ria acertou um travess\u00e3o, mas o resultado se manteve em 2 a 2, favorecendo o Flamengo.<\/p>\n<p>Em Campinas (SP), o S\u00e3o Paulo venceu o Gr\u00eamio por 2 a 0 no Est\u00e1dio Brinco de Ouro da Princesa. Ap\u00f3s um empate sem gols no primeiro jogo, os gols da classifica\u00e7\u00e3o sa\u00edram no final do segundo tempo, com Giovanna Crivelari e Vi Amaral definindo a vit\u00f3ria. O S\u00e3o Paulo, que teve a melhor campanha na primeira fase, ter\u00e1 vantagem no jogo de volta contra o Flamengo.<\/p>\n<p>O Bahia tamb\u00e9m fez hist\u00f3ria ao se classificar para as semifinais pela primeira vez. Na \u00faltima sexta-feira (4), o time derrotou o Palmeiras por 5 a 4 nos p\u00eanaltis ap\u00f3s um empate de 1 a 1 na Arena Barueri. Yanne foi a hero\u00edna, defendendo um p\u00eanalti decisivo. O Bahia espera o vencedor do duelo entre Corinthians e Cruzeiro, que ocorre na pr\u00f3xima segunda-feira (7) \u00e0s 17h (hor\u00e1rio de Bras\u00edlia).<\/p>\n","protected":false},"excerpt":{"rendered":"<p>Flamengo e S\u00e3o Paulo s\u00e3o os primeiros times classificados para as semifinais da S\u00e9rie A1 do Campeonato Brasileiro Feminino. Ap\u00f3s obterem vit\u00f3rias em seus respectivos confrontos das quartas de final, as duas equipes se enfrentar\u00e3o em busca de uma vaga na decis\u00e3o do torneio. Em jogo realizado na Arena da Fonte Luminosa, em Araraquara (SP), &hellip;<\/p>\n","protected":false},"author":5,"featured_media":123361,"comment_status":"open","ping_status":"closed","sticky":false,"template":"","format":"standard","meta":{"footnotes":""},"categories":[87],"tags":[],"class_list":["post-123360","post","type-post","status-publish","format-standard","has-post-thumbnail","hentry","category-esporte"],"yoast_head":"<!-- This site is optimized with the Yoast SEO plugin v28.4 - https:\/\/yoast.com\/product\/yoast-seo-wordpress\/ -->\n<title>Flamengo e S\u00e3o Paulo duelam por vaga na final do Brasileiro Feminino - Ribeir\u00e3o Preto e Regi\u00e3o<\/title>\n<meta name=\"robots\" content=\"index, follow, max-snippet:-1, max-image-preview:large, max-video-preview:-1\" \/>\n<link rel=\"canonical\" href=\"https:\/\/redenoticiaz.com.br\/ribeiraopreto-regiao\/sp\/2026\/09\/06\/flamengo-e-sao-paulo-duelam-por-vaga-na-final-do-brasileiro-feminino\" \/>\n<meta property=\"og:locale\" content=\"pt_BR\" \/>\n<meta property=\"og:type\" content=\"article\" \/>\n<meta property=\"og:title\" content=\"Flamengo e S\u00e3o Paulo duelam por vaga na final do Brasileiro Feminino - Ribeir\u00e3o Preto e Regi\u00e3o\" \/>\n<meta property=\"og:description\" content=\"Flamengo e S\u00e3o Paulo s\u00e3o os primeiros times classificados para as semifinais da S\u00e9rie A1 do Campeonato Brasileiro Feminino. Ap\u00f3s obterem vit\u00f3rias em seus respectivos confrontos das quartas de final, as duas equipes se enfrentar\u00e3o em busca de uma vaga na decis\u00e3o do torneio. Em jogo realizado na Arena da Fonte Luminosa, em Araraquara (SP), &hellip;\" \/>\n<meta property=\"og:url\" content=\"https:\/\/redenoticiaz.com.br\/ribeiraopreto-regiao\/sp\/2026\/09\/06\/flamengo-e-sao-paulo-duelam-por-vaga-na-final-do-brasileiro-feminino\" \/>\n<meta property=\"og:site_name\" content=\"Ribeir\u00e3o Preto e Regi\u00e3o\" \/>\n<meta property=\"article:publisher\" content=\"https:\/\/m.facebook.com\/redenoticiaz.barretos\" \/>\n<meta property=\"article:published_time\" content=\"2026-09-06T05:03:58+00:00\" \/>\n<meta property=\"og:image\" content=\"https:\/\/redenoticiaz.com.br\/ribeiraopreto-regiao\/wp-content\/uploads\/sites\/4\/2022\/02\/logo.jpg\" \/>\n\t<meta property=\"og:image:width\" content=\"400\" \/>\n\t<meta property=\"og:image:height\" content=\"250\" \/>\n\t<meta property=\"og:image:type\" content=\"image\/jpeg\" \/>\n<meta name=\"author\" content=\"Patr\u00edcia Prado\" \/>\n<meta name=\"twitter:card\" content=\"summary_large_image\" \/>\n<meta name=\"twitter:creator\" content=\"@RN_barretos\" \/>\n<meta name=\"twitter:site\" content=\"@RN_barretos\" \/>\n<meta name=\"twitter:label1\" content=\"Escrito por\" \/>\n\t<meta name=\"twitter:data1\" content=\"Patr\u00edcia Prado\" \/>\n\t<meta name=\"twitter:label2\" content=\"Est. tempo de leitura\" \/>\n\t<meta name=\"twitter:data2\" content=\"2 minutos\" \/>\n<script type=\"application\/ld+json\" class=\"yoast-schema-graph\">{\"@context\":\"https:\\\/\\\/schema.org\",\"@graph\":[{\"@type\":\"Article\",\"@id\":\"https:\\\/\\\/redenoticiaz.com.br\\\/ribeiraopreto-regiao\\\/sp\\\/2026\\\/09\\\/06\\\/flamengo-e-sao-paulo-duelam-por-vaga-na-final-do-brasileiro-feminino#article\",\"isPartOf\":{\"@id\":\"https:\\\/\\\/redenoticiaz.com.br\\\/ribeiraopreto-regiao\\\/sp\\\/2026\\\/09\\\/06\\\/flamengo-e-sao-paulo-duelam-por-vaga-na-final-do-brasileiro-feminino\"},\"author\":{\"name\":\"Patr\u00edcia Prado\",\"@id\":\"https:\\\/\\\/redenoticiaz.com.br\\\/ribeiraopreto-regiao\\\/#\\\/schema\\\/person\\\/e1b0bd8c2637e2c1b6ddcbc2c33b116f\"},\"headline\":\"Flamengo e S\u00e3o Paulo duelam por vaga na final do Brasileiro Feminino\",\"datePublished\":\"2026-09-06T05:03:58+00:00\",\"mainEntityOfPage\":{\"@id\":\"https:\\\/\\\/redenoticiaz.com.br\\\/ribeiraopreto-regiao\\\/sp\\\/2026\\\/09\\\/06\\\/flamengo-e-sao-paulo-duelam-por-vaga-na-final-do-brasileiro-feminino\"},\"wordCount\":408,\"commentCount\":0,\"publisher\":{\"@id\":\"https:\\\/\\\/redenoticiaz.com.br\\\/ribeiraopreto-regiao\\\/#organization\"},\"image\":{\"@id\":\"https:\\\/\\\/redenoticiaz.com.br\\\/ribeiraopreto-regiao\\\/sp\\\/2026\\\/09\\\/06\\\/flamengo-e-sao-paulo-duelam-por-vaga-na-final-do-brasileiro-feminino#primaryimage\"},\"thumbnailUrl\":\"https:\\\/\\\/redenoticiaz.com.br\\\/ribeiraopreto-regiao\\\/wp-content\\\/uploads\\\/sites\\\/4\\\/2026\\\/09\\\/brasileiro_feminino_flamengo_encara_sao_paulo_em_uma_das_semifinais.jpg\",\"articleSection\":[\"Esporte\"],\"inLanguage\":\"pt-BR\",\"potentialAction\":[{\"@type\":\"CommentAction\",\"name\":\"Comment\",\"target\":[\"https:\\\/\\\/redenoticiaz.com.br\\\/ribeiraopreto-regiao\\\/sp\\\/2026\\\/09\\\/06\\\/flamengo-e-sao-paulo-duelam-por-vaga-na-final-do-brasileiro-feminino#respond\"]}]},{\"@type\":\"WebPage\",\"@id\":\"https:\\\/\\\/redenoticiaz.com.br\\\/ribeiraopreto-regiao\\\/sp\\\/2026\\\/09\\\/06\\\/flamengo-e-sao-paulo-duelam-por-vaga-na-final-do-brasileiro-feminino\",\"url\":\"https:\\\/\\\/redenoticiaz.com.br\\\/ribeiraopreto-regiao\\\/sp\\\/2026\\\/09\\\/06\\\/flamengo-e-sao-paulo-duelam-por-vaga-na-final-do-brasileiro-feminino\",\"name\":\"Flamengo e S\u00e3o Paulo duelam por vaga na final do Brasileiro Feminino - Ribeir\u00e3o Preto e Regi\u00e3o\",\"isPartOf\":{\"@id\":\"https:\\\/\\\/redenoticiaz.com.br\\\/ribeiraopreto-regiao\\\/#website\"},\"primaryImageOfPage\":{\"@id\":\"https:\\\/\\\/redenoticiaz.com.br\\\/ribeiraopreto-regiao\\\/sp\\\/2026\\\/09\\\/06\\\/flamengo-e-sao-paulo-duelam-por-vaga-na-final-do-brasileiro-feminino#primaryimage\"},\"image\":{\"@id\":\"https:\\\/\\\/redenoticiaz.com.br\\\/ribeiraopreto-regiao\\\/sp\\\/2026\\\/09\\\/06\\\/flamengo-e-sao-paulo-duelam-por-vaga-na-final-do-brasileiro-feminino#primaryimage\"},\"thumbnailUrl\":\"https:\\\/\\\/redenoticiaz.com.br\\\/ribeiraopreto-regiao\\\/wp-content\\\/uploads\\\/sites\\\/4\\\/2026\\\/09\\\/brasileiro_feminino_flamengo_encara_sao_paulo_em_uma_das_semifinais.jpg\",\"datePublished\":\"2026-09-06T05:03:58+00:00\",\"inLanguage\":\"pt-BR\",\"potentialAction\":[{\"@type\":\"ReadAction\",\"target\":[\"https:\\\/\\\/redenoticiaz.com.br\\\/ribeiraopreto-regiao\\\/sp\\\/2026\\\/09\\\/06\\\/flamengo-e-sao-paulo-duelam-por-vaga-na-final-do-brasileiro-feminino\"]}]},{\"@type\":\"ImageObject\",\"inLanguage\":\"pt-BR\",\"@id\":\"https:\\\/\\\/redenoticiaz.com.br\\\/ribeiraopreto-regiao\\\/sp\\\/2026\\\/09\\\/06\\\/flamengo-e-sao-paulo-duelam-por-vaga-na-final-do-brasileiro-feminino#primaryimage\",\"url\":\"https:\\\/\\\/redenoticiaz.com.br\\\/ribeiraopreto-regiao\\\/wp-content\\\/uploads\\\/sites\\\/4\\\/2026\\\/09\\\/brasileiro_feminino_flamengo_encara_sao_paulo_em_uma_das_semifinais.jpg\",\"contentUrl\":\"https:\\\/\\\/redenoticiaz.com.br\\\/ribeiraopreto-regiao\\\/wp-content\\\/uploads\\\/sites\\\/4\\\/2026\\\/09\\\/brasileiro_feminino_flamengo_encara_sao_paulo_em_uma_das_semifinais.jpg\",\"width\":1600,\"height\":800},{\"@type\":\"WebSite\",\"@id\":\"https:\\\/\\\/redenoticiaz.com.br\\\/ribeiraopreto-regiao\\\/#website\",\"url\":\"https:\\\/\\\/redenoticiaz.com.br\\\/ribeiraopreto-regiao\\\/\",\"name\":\"Ribeir\u00e3o Preto e Regi\u00e3o\",\"description\":\"Rede NoticiaZ - Ribeir\u00e3o Preto e regi\u00e3o\",\"publisher\":{\"@id\":\"https:\\\/\\\/redenoticiaz.com.br\\\/ribeiraopreto-regiao\\\/#organization\"},\"potentialAction\":[{\"@type\":\"SearchAction\",\"target\":{\"@type\":\"EntryPoint\",\"urlTemplate\":\"https:\\\/\\\/redenoticiaz.com.br\\\/ribeiraopreto-regiao\\\/?s={search_term_string}\"},\"query-input\":{\"@type\":\"PropertyValueSpecification\",\"valueRequired\":true,\"valueName\":\"search_term_string\"}}],\"inLanguage\":\"pt-BR\"},{\"@type\":\"Organization\",\"@id\":\"https:\\\/\\\/redenoticiaz.com.br\\\/ribeiraopreto-regiao\\\/#organization\",\"name\":\"Ribeir\u00e3o Preto e Regi\u00e3o\",\"url\":\"https:\\\/\\\/redenoticiaz.com.br\\\/ribeiraopreto-regiao\\\/\",\"logo\":{\"@type\":\"ImageObject\",\"inLanguage\":\"pt-BR\",\"@id\":\"https:\\\/\\\/redenoticiaz.com.br\\\/ribeiraopreto-regiao\\\/#\\\/schema\\\/logo\\\/image\\\/\",\"url\":\"https:\\\/\\\/redenoticiaz.com.br\\\/barretos-regiao\\\/wp-content\\\/uploads\\\/sites\\\/4\\\/2022\\\/02\\\/logo.jpg\",\"contentUrl\":\"https:\\\/\\\/redenoticiaz.com.br\\\/barretos-regiao\\\/wp-content\\\/uploads\\\/sites\\\/4\\\/2022\\\/02\\\/logo.jpg\",\"width\":400,\"height\":250,\"caption\":\"Ribeir\u00e3o Preto e Regi\u00e3o\"},\"image\":{\"@id\":\"https:\\\/\\\/redenoticiaz.com.br\\\/ribeiraopreto-regiao\\\/#\\\/schema\\\/logo\\\/image\\\/\"},\"sameAs\":[\"https:\\\/\\\/m.facebook.com\\\/redenoticiaz.barretos\",\"https:\\\/\\\/x.com\\\/RN_barretos\",\"https:\\\/\\\/www.instagram.com\\\/redenoticiaz.barretos\\\/?igshid=YmMyMTA2M2Y\",\"https:\\\/\\\/www.linkedin.com\\\/company\\\/rede-noticiaz-barretos-e-regio\\\/\"]},{\"@type\":\"Person\",\"@id\":\"https:\\\/\\\/redenoticiaz.com.br\\\/ribeiraopreto-regiao\\\/#\\\/schema\\\/person\\\/e1b0bd8c2637e2c1b6ddcbc2c33b116f\",\"name\":\"Patr\u00edcia Prado\",\"image\":{\"@type\":\"ImageObject\",\"inLanguage\":\"pt-BR\",\"@id\":\"https:\\\/\\\/secure.gravatar.com\\\/avatar\\\/92e358bef22cfcec15e054ae4d9fee04dadf0c772dc4a17b382b8a34a15354c2?s=96&d=mm&r=g\",\"url\":\"https:\\\/\\\/secure.gravatar.com\\\/avatar\\\/92e358bef22cfcec15e054ae4d9fee04dadf0c772dc4a17b382b8a34a15354c2?s=96&d=mm&r=g\",\"contentUrl\":\"https:\\\/\\\/secure.gravatar.com\\\/avatar\\\/92e358bef22cfcec15e054ae4d9fee04dadf0c772dc4a17b382b8a34a15354c2?s=96&d=mm&r=g\",\"caption\":\"Patr\u00edcia Prado\"},\"url\":\"https:\\\/\\\/redenoticiaz.com.br\\\/ribeiraopreto-regiao\\\/sp\\\/author\\\/patricia-prado\"}]}<\/script>\n<!-- \/ Yoast SEO plugin. -->","yoast_head_json":{"title":"Flamengo e S\u00e3o Paulo duelam por vaga na final do Brasileiro Feminino - Ribeir\u00e3o Preto e Regi\u00e3o","robots":{"index":"index","follow":"follow","max-snippet":"max-snippet:-1","max-image-preview":"max-image-preview:large","max-video-preview":"max-video-preview:-1"},"canonical":"https:\/\/redenoticiaz.com.br\/ribeiraopreto-regiao\/sp\/2026\/09\/06\/flamengo-e-sao-paulo-duelam-por-vaga-na-final-do-brasileiro-feminino","og_locale":"pt_BR","og_type":"article","og_title":"Flamengo e S\u00e3o Paulo duelam por vaga na final do Brasileiro Feminino - Ribeir\u00e3o Preto e Regi\u00e3o","og_description":"Flamengo e S\u00e3o Paulo s\u00e3o os primeiros times classificados para as semifinais da S\u00e9rie A1 do Campeonato Brasileiro Feminino. Ap\u00f3s obterem vit\u00f3rias em seus respectivos confrontos das quartas de final, as duas equipes se enfrentar\u00e3o em busca de uma vaga na decis\u00e3o do torneio. Em jogo realizado na Arena da Fonte Luminosa, em Araraquara (SP), &hellip;","og_url":"https:\/\/redenoticiaz.com.br\/ribeiraopreto-regiao\/sp\/2026\/09\/06\/flamengo-e-sao-paulo-duelam-por-vaga-na-final-do-brasileiro-feminino","og_site_name":"Ribeir\u00e3o Preto e Regi\u00e3o","article_publisher":"https:\/\/m.facebook.com\/redenoticiaz.barretos","article_published_time":"2026-09-06T05:03:58+00:00","og_image":[{"width":400,"height":250,"url":"https:\/\/redenoticiaz.com.br\/ribeiraopreto-regiao\/wp-content\/uploads\/sites\/4\/2022\/02\/logo.jpg","type":"image\/jpeg"}],"author":"Patr\u00edcia Prado","twitter_card":"summary_large_image","twitter_creator":"@RN_barretos","twitter_site":"@RN_barretos","twitter_misc":{"Escrito por":"Patr\u00edcia Prado","Est. tempo de leitura":"2 minutos"},"schema":{"@context":"https:\/\/schema.org","@graph":[{"@type":"Article","@id":"https:\/\/redenoticiaz.com.br\/ribeiraopreto-regiao\/sp\/2026\/09\/06\/flamengo-e-sao-paulo-duelam-por-vaga-na-final-do-brasileiro-feminino#article","isPartOf":{"@id":"https:\/\/redenoticiaz.com.br\/ribeiraopreto-regiao\/sp\/2026\/09\/06\/flamengo-e-sao-paulo-duelam-por-vaga-na-final-do-brasileiro-feminino"},"author":{"name":"Patr\u00edcia Prado","@id":"https:\/\/redenoticiaz.com.br\/ribeiraopreto-regiao\/#\/schema\/person\/e1b0bd8c2637e2c1b6ddcbc2c33b116f"},"headline":"Flamengo e S\u00e3o Paulo duelam por vaga na final do Brasileiro Feminino","datePublished":"2026-09-06T05:03:58+00:00","mainEntityOfPage":{"@id":"https:\/\/redenoticiaz.com.br\/ribeiraopreto-regiao\/sp\/2026\/09\/06\/flamengo-e-sao-paulo-duelam-por-vaga-na-final-do-brasileiro-feminino"},"wordCount":408,"commentCount":0,"publisher":{"@id":"https:\/\/redenoticiaz.com.br\/ribeiraopreto-regiao\/#organization"},"image":{"@id":"https:\/\/redenoticiaz.com.br\/ribeiraopreto-regiao\/sp\/2026\/09\/06\/flamengo-e-sao-paulo-duelam-por-vaga-na-final-do-brasileiro-feminino#primaryimage"},"thumbnailUrl":"https:\/\/redenoticiaz.com.br\/ribeiraopreto-regiao\/wp-content\/uploads\/sites\/4\/2026\/09\/brasileiro_feminino_flamengo_encara_sao_paulo_em_uma_das_semifinais.jpg","articleSection":["Esporte"],"inLanguage":"pt-BR","potentialAction":[{"@type":"CommentAction","name":"Comment","target":["https:\/\/redenoticiaz.com.br\/ribeiraopreto-regiao\/sp\/2026\/09\/06\/flamengo-e-sao-paulo-duelam-por-vaga-na-final-do-brasileiro-feminino#respond"]}]},{"@type":"WebPage","@id":"https:\/\/redenoticiaz.com.br\/ribeiraopreto-regiao\/sp\/2026\/09\/06\/flamengo-e-sao-paulo-duelam-por-vaga-na-final-do-brasileiro-feminino","url":"https:\/\/redenoticiaz.com.br\/ribeiraopreto-regiao\/sp\/2026\/09\/06\/flamengo-e-sao-paulo-duelam-por-vaga-na-final-do-brasileiro-feminino","name":"Flamengo e S\u00e3o Paulo duelam por vaga na final do Brasileiro Feminino - Ribeir\u00e3o Preto e Regi\u00e3o","isPartOf":{"@id":"https:\/\/redenoticiaz.com.br\/ribeiraopreto-regiao\/#website"},"primaryImageOfPage":{"@id":"https:\/\/redenoticiaz.com.br\/ribeiraopreto-regiao\/sp\/2026\/09\/06\/flamengo-e-sao-paulo-duelam-por-vaga-na-final-do-brasileiro-feminino#primaryimage"},"image":{"@id":"https:\/\/redenoticiaz.com.br\/ribeiraopreto-regiao\/sp\/2026\/09\/06\/flamengo-e-sao-paulo-duelam-por-vaga-na-final-do-brasileiro-feminino#primaryimage"},"thumbnailUrl":"https:\/\/redenoticiaz.com.br\/ribeiraopreto-regiao\/wp-content\/uploads\/sites\/4\/2026\/09\/brasileiro_feminino_flamengo_encara_sao_paulo_em_uma_das_semifinais.jpg","datePublished":"2026-09-06T05:03:58+00:00","inLanguage":"pt-BR","potentialAction":[{"@type":"ReadAction","target":["https:\/\/redenoticiaz.com.br\/ribeiraopreto-regiao\/sp\/2026\/09\/06\/flamengo-e-sao-paulo-duelam-por-vaga-na-final-do-brasileiro-feminino"]}]},{"@type":"ImageObject","inLanguage":"pt-BR","@id":"https:\/\/redenoticiaz.com.br\/ribeiraopreto-regiao\/sp\/2026\/09\/06\/flamengo-e-sao-paulo-duelam-por-vaga-na-final-do-brasileiro-feminino#primaryimage","url":"https:\/\/redenoticiaz.com.br\/ribeiraopreto-regiao\/wp-content\/uploads\/sites\/4\/2026\/09\/brasileiro_feminino_flamengo_encara_sao_paulo_em_uma_das_semifinais.jpg","contentUrl":"https:\/\/redenoticiaz.com.br\/ribeiraopreto-regiao\/wp-content\/uploads\/sites\/4\/2026\/09\/brasileiro_feminino_flamengo_encara_sao_paulo_em_uma_das_semifinais.jpg","width":1600,"height":800},{"@type":"WebSite","@id":"https:\/\/redenoticiaz.com.br\/ribeiraopreto-regiao\/#website","url":"https:\/\/redenoticiaz.com.br\/ribeiraopreto-regiao\/","name":"Ribeir\u00e3o Preto e Regi\u00e3o","description":"Rede NoticiaZ - Ribeir\u00e3o Preto e regi\u00e3o","publisher":{"@id":"https:\/\/redenoticiaz.com.br\/ribeiraopreto-regiao\/#organization"},"potentialAction":[{"@type":"SearchAction","target":{"@type":"EntryPoint","urlTemplate":"https:\/\/redenoticiaz.com.br\/ribeiraopreto-regiao\/?s={search_term_string}"},"query-input":{"@type":"PropertyValueSpecification","valueRequired":true,"valueName":"search_term_string"}}],"inLanguage":"pt-BR"},{"@type":"Organization","@id":"https:\/\/redenoticiaz.com.br\/ribeiraopreto-regiao\/#organization","name":"Ribeir\u00e3o Preto e Regi\u00e3o","url":"https:\/\/redenoticiaz.com.br\/ribeiraopreto-regiao\/","logo":{"@type":"ImageObject","inLanguage":"pt-BR","@id":"https:\/\/redenoticiaz.com.br\/ribeiraopreto-regiao\/#\/schema\/logo\/image\/","url":"https:\/\/redenoticiaz.com.br\/barretos-regiao\/wp-content\/uploads\/sites\/4\/2022\/02\/logo.jpg","contentUrl":"https:\/\/redenoticiaz.com.br\/barretos-regiao\/wp-content\/uploads\/sites\/4\/2022\/02\/logo.jpg","width":400,"height":250,"caption":"Ribeir\u00e3o Preto e Regi\u00e3o"},"image":{"@id":"https:\/\/redenoticiaz.com.br\/ribeiraopreto-regiao\/#\/schema\/logo\/image\/"},"sameAs":["https:\/\/m.facebook.com\/redenoticiaz.barretos","https:\/\/x.com\/RN_barretos","https:\/\/www.instagram.com\/redenoticiaz.barretos\/?igshid=YmMyMTA2M2Y","https:\/\/www.linkedin.com\/company\/rede-noticiaz-barretos-e-regio\/"]},{"@type":"Person","@id":"https:\/\/redenoticiaz.com.br\/ribeiraopreto-regiao\/#\/schema\/person\/e1b0bd8c2637e2c1b6ddcbc2c33b116f","name":"Patr\u00edcia Prado","image":{"@type":"ImageObject","inLanguage":"pt-BR","@id":"https:\/\/secure.gravatar.com\/avatar\/92e358bef22cfcec15e054ae4d9fee04dadf0c772dc4a17b382b8a34a15354c2?s=96&d=mm&r=g","url":"https:\/\/secure.gravatar.com\/avatar\/92e358bef22cfcec15e054ae4d9fee04dadf0c772dc4a17b382b8a34a15354c2?s=96&d=mm&r=g","contentUrl":"https:\/\/secure.gravatar.com\/avatar\/92e358bef22cfcec15e054ae4d9fee04dadf0c772dc4a17b382b8a34a15354c2?s=96&d=mm&r=g","caption":"Patr\u00edcia Prado"},"url":"https:\/\/redenoticiaz.com.br\/ribeiraopreto-regiao\/sp\/author\/patricia-prado"}]}},"_links":{"self":[{"href":"https:\/\/redenoticiaz.com.br\/ribeiraopreto-regiao\/wp-json\/wp\/v2\/posts\/123360","targetHints":{"allow":["GET"]}}],"collection":[{"href":"https:\/\/redenoticiaz.com.br\/ribeiraopreto-regiao\/wp-json\/wp\/v2\/posts"}],"about":[{"href":"https:\/\/redenoticiaz.com.br\/ribeiraopreto-regiao\/wp-json\/wp\/v2\/types\/post"}],"author":[{"embeddable":true,"href":"https:\/\/redenoticiaz.com.br\/ribeiraopreto-regiao\/wp-json\/wp\/v2\/users\/5"}],"replies":[{"embeddable":true,"href":"https:\/\/redenoticiaz.com.br\/ribeiraopreto-regiao\/wp-json\/wp\/v2\/comments?post=123360"}],"version-history":[{"count":0,"href":"https:\/\/redenoticiaz.com.br\/ribeiraopreto-regiao\/wp-json\/wp\/v2\/posts\/123360\/revisions"}],"wp:featuredmedia":[{"embeddable":true,"href":"https:\/\/redenoticiaz.com.br\/ribeiraopreto-regiao\/wp-json\/wp\/v2\/media\/123361"}],"wp:attachment":[{"href":"https:\/\/redenoticiaz.com.br\/ribeiraopreto-regiao\/wp-json\/wp\/v2\/media?parent=123360"}],"wp:term":[{"taxonomy":"category","embeddable":true,"href":"https:\/\/redenoticiaz.com.br\/ribeiraopreto-regiao\/wp-json\/wp\/v2\/categories?post=123360"},{"taxonomy":"post_tag","embeddable":true,"href":"https:\/\/redenoticiaz.com.br\/ribeiraopreto-regiao\/wp-json\/wp\/v2\/tags?post=123360"}],"curies":[{"name":"wp","href":"https:\/\/api.w.org\/{rel}","templated":true}]}}