{"id":123362,"date":"2026-09-06T02:35:54","date_gmt":"2026-09-06T05:35:54","guid":{"rendered":"https:\/\/redenoticiaz.com.br\/ribeiraopreto-regiao\/sp\/2026\/09\/06\/mendes-propoe-proibicao-de-delegados-da-pf-como-assessores-no-stf"},"modified":"2026-09-06T02:35:54","modified_gmt":"2026-09-06T05:35:54","slug":"mendes-propoe-proibicao-de-delegados-da-pf-como-assessores-no-stf","status":"publish","type":"post","link":"https:\/\/redenoticiaz.com.br\/ribeiraopreto-regiao\/sp\/2026\/09\/06\/mendes-propoe-proibicao-de-delegados-da-pf-como-assessores-no-stf","title":{"rendered":"Mendes prop\u00f5e proibi\u00e7\u00e3o de delegados da PF como assessores no STF"},"content":{"rendered":"<p>O ministro Gilmar Mendes, decano do Supremo Tribunal Federal (STF), apresentou neste s\u00e1bado (5) uma proposta para proibir a cess\u00e3o de militares, delegados e policiais como assessores nos gabinetes da Corte. A proposta de altera\u00e7\u00e3o no Regimento Interno do STF j\u00e1 havia sido discutida durante a semana com o presidente do Supremo, Edson Fachin, e foi formalizada por Mendes para aprecia\u00e7\u00e3o dos demais ministros.<\/p>\n<p>A iniciativa surge em meio a uma crescente crise entre os ministros Alexandre de Moraes e Andr\u00e9 Mendon\u00e7a, ambos com delegados da Pol\u00edcia Federal atuando em seus gabinetes. Mendes argumenta que a presen\u00e7a desses policiais representa o risco de que decis\u00f5es sobre investiga\u00e7\u00f5es, que deveriam ser exclusivas da autoridade policial, possam ser transferidas para o Supremo.<\/p>\n<p>O texto prev\u00ea que servidores das carreiras militares e policiais possam participar da seguran\u00e7a dos gabinetes, mas veda sua participa\u00e7\u00e3o na instru\u00e7\u00e3o de inqu\u00e9ritos ou em atividades de assessoramento jur\u00eddico. Al\u00e9m disso, o projeto determina que o presidente do STF deve providenciar o retorno imediato dos servidores atuais que est\u00e3o em desacordo com a nova regra.<\/p>\n<p>A proposta de Mendes tamb\u00e9m se insere em um contexto em que o diretor-geral da PF, Andrei Rodrigues, tentava articular o retorno dos delegados cedidos ao gabinete de Mendon\u00e7a, que \u00e9 relator de casos de fraude financeira e corrup\u00e7\u00e3o relacionados ao Banco Master e ao desvio de aposentadorias do INSS.<\/p>\n<p>Agora, cabe ao presidente Fachin incluir a proposta na pauta para aprecia\u00e7\u00e3o e vota\u00e7\u00e3o dos ministros do Supremo.<\/p>\n<p>A proposta vem \u00e0 tona ap\u00f3s Mendon\u00e7a ter retirado o sigilo de um relat\u00f3rio da PF que cont\u00e9m mensagens do ex-banqueiro Daniel Vorcaro, ex-propriet\u00e1rio do Banco Master, enviadas a Moraes. As mensagens revelam um contrato de R$ 131 milh\u00f5es firmado entre o escrit\u00f3rio da advogada Viviane Barci de Moraes, esposa de Moraes, com a institui\u00e7\u00e3o financeira. Vorcaro tamb\u00e9m revelava ter tido acesso a informa\u00e7\u00f5es sobre uma poss\u00edvel opera\u00e7\u00e3o da PF contra ele.<\/p>\n<p>Ap\u00f3s a divulga\u00e7\u00e3o dessas informa\u00e7\u00f5es, Moraes pediu a abertura de uma investiga\u00e7\u00e3o contra Mendon\u00e7a, alegando \u201cfortes ind\u00edcios\u201d de abuso de autoridade, improbidade administrativa e crime de responsabilidade na condu\u00e7\u00e3o do caso Master. Moraes apresentou, para embasar suas acusa\u00e7\u00f5es, um relat\u00f3rio de intelig\u00eancia da PF que sugere uma poss\u00edvel atua\u00e7\u00e3o direcionada de Mendon\u00e7a nas investiga\u00e7\u00f5es contra opositores pol\u00edticos, embora este documento n\u00e3o tenha assinatura e seja classificado como uma an\u00e1lise prospectiva interna, sem valor probat\u00f3rio.<\/p>\n","protected":false},"excerpt":{"rendered":"<p>O ministro Gilmar Mendes, decano do Supremo Tribunal Federal (STF), apresentou neste s\u00e1bado (5) uma proposta para proibir a cess\u00e3o de militares, delegados e policiais como assessores nos gabinetes da Corte. A proposta de altera\u00e7\u00e3o no Regimento Interno do STF j\u00e1 havia sido discutida durante a semana com o presidente do Supremo, Edson Fachin, e &hellip;<\/p>\n","protected":false},"author":5,"featured_media":123363,"comment_status":"open","ping_status":"closed","sticky":false,"template":"","format":"standard","meta":{"footnotes":""},"categories":[9271,683,88,186],"tags":[],"class_list":["post-123362","post","type-post","status-publish","format-standard","has-post-thumbnail","hentry","category-eleicoes","category-justica","category-policia","category-politica"],"yoast_head":"<!-- This site is optimized with the Yoast SEO plugin v28.4 - https:\/\/yoast.com\/product\/yoast-seo-wordpress\/ -->\n<title>Mendes prop\u00f5e proibi\u00e7\u00e3o de delegados da PF como assessores no STF - Ribeir\u00e3o Preto e Regi\u00e3o<\/title>\n<meta name=\"robots\" content=\"index, follow, max-snippet:-1, max-image-preview:large, max-video-preview:-1\" \/>\n<link rel=\"canonical\" href=\"https:\/\/redenoticiaz.com.br\/ribeiraopreto-regiao\/sp\/2026\/09\/06\/mendes-propoe-proibicao-de-delegados-da-pf-como-assessores-no-stf\" \/>\n<meta property=\"og:locale\" content=\"pt_BR\" \/>\n<meta property=\"og:type\" content=\"article\" \/>\n<meta property=\"og:title\" content=\"Mendes prop\u00f5e proibi\u00e7\u00e3o de delegados da PF como assessores no STF - Ribeir\u00e3o Preto e Regi\u00e3o\" \/>\n<meta property=\"og:description\" content=\"O ministro Gilmar Mendes, decano do Supremo Tribunal Federal (STF), apresentou neste s\u00e1bado (5) uma proposta para proibir a cess\u00e3o de militares, delegados e policiais como assessores nos gabinetes da Corte. A proposta de altera\u00e7\u00e3o no Regimento Interno do STF j\u00e1 havia sido discutida durante a semana com o presidente do Supremo, Edson Fachin, e &hellip;\" \/>\n<meta property=\"og:url\" content=\"https:\/\/redenoticiaz.com.br\/ribeiraopreto-regiao\/sp\/2026\/09\/06\/mendes-propoe-proibicao-de-delegados-da-pf-como-assessores-no-stf\" \/>\n<meta property=\"og:site_name\" content=\"Ribeir\u00e3o Preto e Regi\u00e3o\" \/>\n<meta property=\"article:publisher\" content=\"https:\/\/m.facebook.com\/redenoticiaz.barretos\" \/>\n<meta property=\"article:published_time\" content=\"2026-09-06T05:35:54+00:00\" \/>\n<meta property=\"og:image\" content=\"https:\/\/redenoticiaz.com.br\/ribeiraopreto-regiao\/wp-content\/uploads\/sites\/4\/2022\/02\/logo.jpg\" \/>\n\t<meta property=\"og:image:width\" content=\"400\" \/>\n\t<meta property=\"og:image:height\" content=\"250\" \/>\n\t<meta property=\"og:image:type\" content=\"image\/jpeg\" \/>\n<meta name=\"author\" content=\"Patr\u00edcia Prado\" \/>\n<meta name=\"twitter:card\" content=\"summary_large_image\" \/>\n<meta name=\"twitter:creator\" content=\"@RN_barretos\" \/>\n<meta name=\"twitter:site\" content=\"@RN_barretos\" \/>\n<meta name=\"twitter:label1\" content=\"Escrito por\" \/>\n\t<meta name=\"twitter:data1\" content=\"Patr\u00edcia Prado\" \/>\n\t<meta name=\"twitter:label2\" content=\"Est. tempo de leitura\" \/>\n\t<meta name=\"twitter:data2\" content=\"2 minutos\" \/>\n<script type=\"application\/ld+json\" class=\"yoast-schema-graph\">{\"@context\":\"https:\\\/\\\/schema.org\",\"@graph\":[{\"@type\":\"Article\",\"@id\":\"https:\\\/\\\/redenoticiaz.com.br\\\/ribeiraopreto-regiao\\\/sp\\\/2026\\\/09\\\/06\\\/mendes-propoe-proibicao-de-delegados-da-pf-como-assessores-no-stf#article\",\"isPartOf\":{\"@id\":\"https:\\\/\\\/redenoticiaz.com.br\\\/ribeiraopreto-regiao\\\/sp\\\/2026\\\/09\\\/06\\\/mendes-propoe-proibicao-de-delegados-da-pf-como-assessores-no-stf\"},\"author\":{\"name\":\"Patr\u00edcia Prado\",\"@id\":\"https:\\\/\\\/redenoticiaz.com.br\\\/ribeiraopreto-regiao\\\/#\\\/schema\\\/person\\\/e1b0bd8c2637e2c1b6ddcbc2c33b116f\"},\"headline\":\"Mendes prop\u00f5e proibi\u00e7\u00e3o de delegados da PF como assessores no STF\",\"datePublished\":\"2026-09-06T05:35:54+00:00\",\"mainEntityOfPage\":{\"@id\":\"https:\\\/\\\/redenoticiaz.com.br\\\/ribeiraopreto-regiao\\\/sp\\\/2026\\\/09\\\/06\\\/mendes-propoe-proibicao-de-delegados-da-pf-como-assessores-no-stf\"},\"wordCount\":450,\"commentCount\":0,\"publisher\":{\"@id\":\"https:\\\/\\\/redenoticiaz.com.br\\\/ribeiraopreto-regiao\\\/#organization\"},\"image\":{\"@id\":\"https:\\\/\\\/redenoticiaz.com.br\\\/ribeiraopreto-regiao\\\/sp\\\/2026\\\/09\\\/06\\\/mendes-propoe-proibicao-de-delegados-da-pf-como-assessores-no-stf#primaryimage\"},\"thumbnailUrl\":\"https:\\\/\\\/redenoticiaz.com.br\\\/ribeiraopreto-regiao\\\/wp-content\\\/uploads\\\/sites\\\/4\\\/2026\\\/09\\\/54811838718_3ce4479d41_o.jpg\",\"articleSection\":[\"Elei\u00e7\u00f5es\",\"Justi\u00e7a\",\"Pol\u00edcia\",\"Pol\u00edtica\"],\"inLanguage\":\"pt-BR\",\"potentialAction\":[{\"@type\":\"CommentAction\",\"name\":\"Comment\",\"target\":[\"https:\\\/\\\/redenoticiaz.com.br\\\/ribeiraopreto-regiao\\\/sp\\\/2026\\\/09\\\/06\\\/mendes-propoe-proibicao-de-delegados-da-pf-como-assessores-no-stf#respond\"]}]},{\"@type\":\"WebPage\",\"@id\":\"https:\\\/\\\/redenoticiaz.com.br\\\/ribeiraopreto-regiao\\\/sp\\\/2026\\\/09\\\/06\\\/mendes-propoe-proibicao-de-delegados-da-pf-como-assessores-no-stf\",\"url\":\"https:\\\/\\\/redenoticiaz.com.br\\\/ribeiraopreto-regiao\\\/sp\\\/2026\\\/09\\\/06\\\/mendes-propoe-proibicao-de-delegados-da-pf-como-assessores-no-stf\",\"name\":\"Mendes prop\u00f5e proibi\u00e7\u00e3o de delegados da PF como assessores no STF - Ribeir\u00e3o Preto e Regi\u00e3o\",\"isPartOf\":{\"@id\":\"https:\\\/\\\/redenoticiaz.com.br\\\/ribeiraopreto-regiao\\\/#website\"},\"primaryImageOfPage\":{\"@id\":\"https:\\\/\\\/redenoticiaz.com.br\\\/ribeiraopreto-regiao\\\/sp\\\/2026\\\/09\\\/06\\\/mendes-propoe-proibicao-de-delegados-da-pf-como-assessores-no-stf#primaryimage\"},\"image\":{\"@id\":\"https:\\\/\\\/redenoticiaz.com.br\\\/ribeiraopreto-regiao\\\/sp\\\/2026\\\/09\\\/06\\\/mendes-propoe-proibicao-de-delegados-da-pf-como-assessores-no-stf#primaryimage\"},\"thumbnailUrl\":\"https:\\\/\\\/redenoticiaz.com.br\\\/ribeiraopreto-regiao\\\/wp-content\\\/uploads\\\/sites\\\/4\\\/2026\\\/09\\\/54811838718_3ce4479d41_o.jpg\",\"datePublished\":\"2026-09-06T05:35:54+00:00\",\"inLanguage\":\"pt-BR\",\"potentialAction\":[{\"@type\":\"ReadAction\",\"target\":[\"https:\\\/\\\/redenoticiaz.com.br\\\/ribeiraopreto-regiao\\\/sp\\\/2026\\\/09\\\/06\\\/mendes-propoe-proibicao-de-delegados-da-pf-como-assessores-no-stf\"]}]},{\"@type\":\"ImageObject\",\"inLanguage\":\"pt-BR\",\"@id\":\"https:\\\/\\\/redenoticiaz.com.br\\\/ribeiraopreto-regiao\\\/sp\\\/2026\\\/09\\\/06\\\/mendes-propoe-proibicao-de-delegados-da-pf-como-assessores-no-stf#primaryimage\",\"url\":\"https:\\\/\\\/redenoticiaz.com.br\\\/ribeiraopreto-regiao\\\/wp-content\\\/uploads\\\/sites\\\/4\\\/2026\\\/09\\\/54811838718_3ce4479d41_o.jpg\",\"contentUrl\":\"https:\\\/\\\/redenoticiaz.com.br\\\/ribeiraopreto-regiao\\\/wp-content\\\/uploads\\\/sites\\\/4\\\/2026\\\/09\\\/54811838718_3ce4479d41_o.jpg\",\"width\":1600,\"height\":800},{\"@type\":\"WebSite\",\"@id\":\"https:\\\/\\\/redenoticiaz.com.br\\\/ribeiraopreto-regiao\\\/#website\",\"url\":\"https:\\\/\\\/redenoticiaz.com.br\\\/ribeiraopreto-regiao\\\/\",\"name\":\"Ribeir\u00e3o Preto e Regi\u00e3o\",\"description\":\"Rede NoticiaZ - Ribeir\u00e3o Preto e regi\u00e3o\",\"publisher\":{\"@id\":\"https:\\\/\\\/redenoticiaz.com.br\\\/ribeiraopreto-regiao\\\/#organization\"},\"potentialAction\":[{\"@type\":\"SearchAction\",\"target\":{\"@type\":\"EntryPoint\",\"urlTemplate\":\"https:\\\/\\\/redenoticiaz.com.br\\\/ribeiraopreto-regiao\\\/?s={search_term_string}\"},\"query-input\":{\"@type\":\"PropertyValueSpecification\",\"valueRequired\":true,\"valueName\":\"search_term_string\"}}],\"inLanguage\":\"pt-BR\"},{\"@type\":\"Organization\",\"@id\":\"https:\\\/\\\/redenoticiaz.com.br\\\/ribeiraopreto-regiao\\\/#organization\",\"name\":\"Ribeir\u00e3o Preto e Regi\u00e3o\",\"url\":\"https:\\\/\\\/redenoticiaz.com.br\\\/ribeiraopreto-regiao\\\/\",\"logo\":{\"@type\":\"ImageObject\",\"inLanguage\":\"pt-BR\",\"@id\":\"https:\\\/\\\/redenoticiaz.com.br\\\/ribeiraopreto-regiao\\\/#\\\/schema\\\/logo\\\/image\\\/\",\"url\":\"https:\\\/\\\/redenoticiaz.com.br\\\/barretos-regiao\\\/wp-content\\\/uploads\\\/sites\\\/4\\\/2022\\\/02\\\/logo.jpg\",\"contentUrl\":\"https:\\\/\\\/redenoticiaz.com.br\\\/barretos-regiao\\\/wp-content\\\/uploads\\\/sites\\\/4\\\/2022\\\/02\\\/logo.jpg\",\"width\":400,\"height\":250,\"caption\":\"Ribeir\u00e3o Preto e Regi\u00e3o\"},\"image\":{\"@id\":\"https:\\\/\\\/redenoticiaz.com.br\\\/ribeiraopreto-regiao\\\/#\\\/schema\\\/logo\\\/image\\\/\"},\"sameAs\":[\"https:\\\/\\\/m.facebook.com\\\/redenoticiaz.barretos\",\"https:\\\/\\\/x.com\\\/RN_barretos\",\"https:\\\/\\\/www.instagram.com\\\/redenoticiaz.barretos\\\/?igshid=YmMyMTA2M2Y\",\"https:\\\/\\\/www.linkedin.com\\\/company\\\/rede-noticiaz-barretos-e-regio\\\/\"]},{\"@type\":\"Person\",\"@id\":\"https:\\\/\\\/redenoticiaz.com.br\\\/ribeiraopreto-regiao\\\/#\\\/schema\\\/person\\\/e1b0bd8c2637e2c1b6ddcbc2c33b116f\",\"name\":\"Patr\u00edcia Prado\",\"image\":{\"@type\":\"ImageObject\",\"inLanguage\":\"pt-BR\",\"@id\":\"https:\\\/\\\/secure.gravatar.com\\\/avatar\\\/92e358bef22cfcec15e054ae4d9fee04dadf0c772dc4a17b382b8a34a15354c2?s=96&d=mm&r=g\",\"url\":\"https:\\\/\\\/secure.gravatar.com\\\/avatar\\\/92e358bef22cfcec15e054ae4d9fee04dadf0c772dc4a17b382b8a34a15354c2?s=96&d=mm&r=g\",\"contentUrl\":\"https:\\\/\\\/secure.gravatar.com\\\/avatar\\\/92e358bef22cfcec15e054ae4d9fee04dadf0c772dc4a17b382b8a34a15354c2?s=96&d=mm&r=g\",\"caption\":\"Patr\u00edcia Prado\"},\"url\":\"https:\\\/\\\/redenoticiaz.com.br\\\/ribeiraopreto-regiao\\\/sp\\\/author\\\/patricia-prado\"}]}<\/script>\n<!-- \/ Yoast SEO plugin. -->","yoast_head_json":{"title":"Mendes prop\u00f5e proibi\u00e7\u00e3o de delegados da PF como assessores no STF - Ribeir\u00e3o Preto e Regi\u00e3o","robots":{"index":"index","follow":"follow","max-snippet":"max-snippet:-1","max-image-preview":"max-image-preview:large","max-video-preview":"max-video-preview:-1"},"canonical":"https:\/\/redenoticiaz.com.br\/ribeiraopreto-regiao\/sp\/2026\/09\/06\/mendes-propoe-proibicao-de-delegados-da-pf-como-assessores-no-stf","og_locale":"pt_BR","og_type":"article","og_title":"Mendes prop\u00f5e proibi\u00e7\u00e3o de delegados da PF como assessores no STF - Ribeir\u00e3o Preto e Regi\u00e3o","og_description":"O ministro Gilmar Mendes, decano do Supremo Tribunal Federal (STF), apresentou neste s\u00e1bado (5) uma proposta para proibir a cess\u00e3o de militares, delegados e policiais como assessores nos gabinetes da Corte. A proposta de altera\u00e7\u00e3o no Regimento Interno do STF j\u00e1 havia sido discutida durante a semana com o presidente do Supremo, Edson Fachin, e &hellip;","og_url":"https:\/\/redenoticiaz.com.br\/ribeiraopreto-regiao\/sp\/2026\/09\/06\/mendes-propoe-proibicao-de-delegados-da-pf-como-assessores-no-stf","og_site_name":"Ribeir\u00e3o Preto e Regi\u00e3o","article_publisher":"https:\/\/m.facebook.com\/redenoticiaz.barretos","article_published_time":"2026-09-06T05:35:54+00:00","og_image":[{"width":400,"height":250,"url":"https:\/\/redenoticiaz.com.br\/ribeiraopreto-regiao\/wp-content\/uploads\/sites\/4\/2022\/02\/logo.jpg","type":"image\/jpeg"}],"author":"Patr\u00edcia Prado","twitter_card":"summary_large_image","twitter_creator":"@RN_barretos","twitter_site":"@RN_barretos","twitter_misc":{"Escrito por":"Patr\u00edcia Prado","Est. tempo de leitura":"2 minutos"},"schema":{"@context":"https:\/\/schema.org","@graph":[{"@type":"Article","@id":"https:\/\/redenoticiaz.com.br\/ribeiraopreto-regiao\/sp\/2026\/09\/06\/mendes-propoe-proibicao-de-delegados-da-pf-como-assessores-no-stf#article","isPartOf":{"@id":"https:\/\/redenoticiaz.com.br\/ribeiraopreto-regiao\/sp\/2026\/09\/06\/mendes-propoe-proibicao-de-delegados-da-pf-como-assessores-no-stf"},"author":{"name":"Patr\u00edcia Prado","@id":"https:\/\/redenoticiaz.com.br\/ribeiraopreto-regiao\/#\/schema\/person\/e1b0bd8c2637e2c1b6ddcbc2c33b116f"},"headline":"Mendes prop\u00f5e proibi\u00e7\u00e3o de delegados da PF como assessores no STF","datePublished":"2026-09-06T05:35:54+00:00","mainEntityOfPage":{"@id":"https:\/\/redenoticiaz.com.br\/ribeiraopreto-regiao\/sp\/2026\/09\/06\/mendes-propoe-proibicao-de-delegados-da-pf-como-assessores-no-stf"},"wordCount":450,"commentCount":0,"publisher":{"@id":"https:\/\/redenoticiaz.com.br\/ribeiraopreto-regiao\/#organization"},"image":{"@id":"https:\/\/redenoticiaz.com.br\/ribeiraopreto-regiao\/sp\/2026\/09\/06\/mendes-propoe-proibicao-de-delegados-da-pf-como-assessores-no-stf#primaryimage"},"thumbnailUrl":"https:\/\/redenoticiaz.com.br\/ribeiraopreto-regiao\/wp-content\/uploads\/sites\/4\/2026\/09\/54811838718_3ce4479d41_o.jpg","articleSection":["Elei\u00e7\u00f5es","Justi\u00e7a","Pol\u00edcia","Pol\u00edtica"],"inLanguage":"pt-BR","potentialAction":[{"@type":"CommentAction","name":"Comment","target":["https:\/\/redenoticiaz.com.br\/ribeiraopreto-regiao\/sp\/2026\/09\/06\/mendes-propoe-proibicao-de-delegados-da-pf-como-assessores-no-stf#respond"]}]},{"@type":"WebPage","@id":"https:\/\/redenoticiaz.com.br\/ribeiraopreto-regiao\/sp\/2026\/09\/06\/mendes-propoe-proibicao-de-delegados-da-pf-como-assessores-no-stf","url":"https:\/\/redenoticiaz.com.br\/ribeiraopreto-regiao\/sp\/2026\/09\/06\/mendes-propoe-proibicao-de-delegados-da-pf-como-assessores-no-stf","name":"Mendes prop\u00f5e proibi\u00e7\u00e3o de delegados da PF como assessores no STF - Ribeir\u00e3o Preto e Regi\u00e3o","isPartOf":{"@id":"https:\/\/redenoticiaz.com.br\/ribeiraopreto-regiao\/#website"},"primaryImageOfPage":{"@id":"https:\/\/redenoticiaz.com.br\/ribeiraopreto-regiao\/sp\/2026\/09\/06\/mendes-propoe-proibicao-de-delegados-da-pf-como-assessores-no-stf#primaryimage"},"image":{"@id":"https:\/\/redenoticiaz.com.br\/ribeiraopreto-regiao\/sp\/2026\/09\/06\/mendes-propoe-proibicao-de-delegados-da-pf-como-assessores-no-stf#primaryimage"},"thumbnailUrl":"https:\/\/redenoticiaz.com.br\/ribeiraopreto-regiao\/wp-content\/uploads\/sites\/4\/2026\/09\/54811838718_3ce4479d41_o.jpg","datePublished":"2026-09-06T05:35:54+00:00","inLanguage":"pt-BR","potentialAction":[{"@type":"ReadAction","target":["https:\/\/redenoticiaz.com.br\/ribeiraopreto-regiao\/sp\/2026\/09\/06\/mendes-propoe-proibicao-de-delegados-da-pf-como-assessores-no-stf"]}]},{"@type":"ImageObject","inLanguage":"pt-BR","@id":"https:\/\/redenoticiaz.com.br\/ribeiraopreto-regiao\/sp\/2026\/09\/06\/mendes-propoe-proibicao-de-delegados-da-pf-como-assessores-no-stf#primaryimage","url":"https:\/\/redenoticiaz.com.br\/ribeiraopreto-regiao\/wp-content\/uploads\/sites\/4\/2026\/09\/54811838718_3ce4479d41_o.jpg","contentUrl":"https:\/\/redenoticiaz.com.br\/ribeiraopreto-regiao\/wp-content\/uploads\/sites\/4\/2026\/09\/54811838718_3ce4479d41_o.jpg","width":1600,"height":800},{"@type":"WebSite","@id":"https:\/\/redenoticiaz.com.br\/ribeiraopreto-regiao\/#website","url":"https:\/\/redenoticiaz.com.br\/ribeiraopreto-regiao\/","name":"Ribeir\u00e3o Preto e Regi\u00e3o","description":"Rede NoticiaZ - Ribeir\u00e3o Preto e regi\u00e3o","publisher":{"@id":"https:\/\/redenoticiaz.com.br\/ribeiraopreto-regiao\/#organization"},"potentialAction":[{"@type":"SearchAction","target":{"@type":"EntryPoint","urlTemplate":"https:\/\/redenoticiaz.com.br\/ribeiraopreto-regiao\/?s={search_term_string}"},"query-input":{"@type":"PropertyValueSpecification","valueRequired":true,"valueName":"search_term_string"}}],"inLanguage":"pt-BR"},{"@type":"Organization","@id":"https:\/\/redenoticiaz.com.br\/ribeiraopreto-regiao\/#organization","name":"Ribeir\u00e3o Preto e Regi\u00e3o","url":"https:\/\/redenoticiaz.com.br\/ribeiraopreto-regiao\/","logo":{"@type":"ImageObject","inLanguage":"pt-BR","@id":"https:\/\/redenoticiaz.com.br\/ribeiraopreto-regiao\/#\/schema\/logo\/image\/","url":"https:\/\/redenoticiaz.com.br\/barretos-regiao\/wp-content\/uploads\/sites\/4\/2022\/02\/logo.jpg","contentUrl":"https:\/\/redenoticiaz.com.br\/barretos-regiao\/wp-content\/uploads\/sites\/4\/2022\/02\/logo.jpg","width":400,"height":250,"caption":"Ribeir\u00e3o Preto e Regi\u00e3o"},"image":{"@id":"https:\/\/redenoticiaz.com.br\/ribeiraopreto-regiao\/#\/schema\/logo\/image\/"},"sameAs":["https:\/\/m.facebook.com\/redenoticiaz.barretos","https:\/\/x.com\/RN_barretos","https:\/\/www.instagram.com\/redenoticiaz.barretos\/?igshid=YmMyMTA2M2Y","https:\/\/www.linkedin.com\/company\/rede-noticiaz-barretos-e-regio\/"]},{"@type":"Person","@id":"https:\/\/redenoticiaz.com.br\/ribeiraopreto-regiao\/#\/schema\/person\/e1b0bd8c2637e2c1b6ddcbc2c33b116f","name":"Patr\u00edcia Prado","image":{"@type":"ImageObject","inLanguage":"pt-BR","@id":"https:\/\/secure.gravatar.com\/avatar\/92e358bef22cfcec15e054ae4d9fee04dadf0c772dc4a17b382b8a34a15354c2?s=96&d=mm&r=g","url":"https:\/\/secure.gravatar.com\/avatar\/92e358bef22cfcec15e054ae4d9fee04dadf0c772dc4a17b382b8a34a15354c2?s=96&d=mm&r=g","contentUrl":"https:\/\/secure.gravatar.com\/avatar\/92e358bef22cfcec15e054ae4d9fee04dadf0c772dc4a17b382b8a34a15354c2?s=96&d=mm&r=g","caption":"Patr\u00edcia Prado"},"url":"https:\/\/redenoticiaz.com.br\/ribeiraopreto-regiao\/sp\/author\/patricia-prado"}]}},"_links":{"self":[{"href":"https:\/\/redenoticiaz.com.br\/ribeiraopreto-regiao\/wp-json\/wp\/v2\/posts\/123362","targetHints":{"allow":["GET"]}}],"collection":[{"href":"https:\/\/redenoticiaz.com.br\/ribeiraopreto-regiao\/wp-json\/wp\/v2\/posts"}],"about":[{"href":"https:\/\/redenoticiaz.com.br\/ribeiraopreto-regiao\/wp-json\/wp\/v2\/types\/post"}],"author":[{"embeddable":true,"href":"https:\/\/redenoticiaz.com.br\/ribeiraopreto-regiao\/wp-json\/wp\/v2\/users\/5"}],"replies":[{"embeddable":true,"href":"https:\/\/redenoticiaz.com.br\/ribeiraopreto-regiao\/wp-json\/wp\/v2\/comments?post=123362"}],"version-history":[{"count":0,"href":"https:\/\/redenoticiaz.com.br\/ribeiraopreto-regiao\/wp-json\/wp\/v2\/posts\/123362\/revisions"}],"wp:featuredmedia":[{"embeddable":true,"href":"https:\/\/redenoticiaz.com.br\/ribeiraopreto-regiao\/wp-json\/wp\/v2\/media\/123363"}],"wp:attachment":[{"href":"https:\/\/redenoticiaz.com.br\/ribeiraopreto-regiao\/wp-json\/wp\/v2\/media?parent=123362"}],"wp:term":[{"taxonomy":"category","embeddable":true,"href":"https:\/\/redenoticiaz.com.br\/ribeiraopreto-regiao\/wp-json\/wp\/v2\/categories?post=123362"},{"taxonomy":"post_tag","embeddable":true,"href":"https:\/\/redenoticiaz.com.br\/ribeiraopreto-regiao\/wp-json\/wp\/v2\/tags?post=123362"}],"curies":[{"name":"wp","href":"https:\/\/api.w.org\/{rel}","templated":true}]}}