{"id":123368,"date":"2026-09-06T10:23:08","date_gmt":"2026-09-06T13:23:08","guid":{"rendered":"https:\/\/redenoticiaz.com.br\/ribeiraopreto-regiao\/sp\/2026\/09\/06\/recursos-do-fundo-brasil-devem-apoiar-povos-tradicionais-e-comunidades-afetadas"},"modified":"2026-09-06T10:23:08","modified_gmt":"2026-09-06T13:23:08","slug":"recursos-do-fundo-brasil-devem-apoiar-povos-tradicionais-e-comunidades-afetadas","status":"publish","type":"post","link":"https:\/\/redenoticiaz.com.br\/ribeiraopreto-regiao\/sp\/2026\/09\/06\/recursos-do-fundo-brasil-devem-apoiar-povos-tradicionais-e-comunidades-afetadas","title":{"rendered":"Recursos do Fundo Brasil devem apoiar povos tradicionais e comunidades afetadas"},"content":{"rendered":"<p>Allyne Andrade, nova diretora executiva do Fundo Brasil, assumiu a lideran\u00e7a da funda\u00e7\u00e3o filantr\u00f3pica em maio deste ano, com o objetivo de repensar a luta por direitos humanos diante da crescente desigualdade social no pa\u00eds. Nascida em Realengo, na Zona Oeste do Rio de Janeiro, Allyne \u00e9 advogada, doutora em Teoria Cr\u00edtica e possui uma trajet\u00f3ria que combina ativismo e atua\u00e7\u00e3o acad\u00eamica, especialmente no movimento social antirracista.<\/p>\n<p>Em 2020, ela foi selecionada para o cargo de diretora executiva adjunta. Allyne destaca que a posi\u00e7\u00e3o atual lhe permite unir suas experi\u00eancias no ativismo, na academia e na gest\u00e3o. Em entrevista \u00e0 Ag\u00eancia Brasil, a diretora avaliou as mudan\u00e7as nas iniciativas de filantropia em um contexto de crises globais, como a das mudan\u00e7as clim\u00e1ticas, que afetaram desigualmente as popula\u00e7\u00f5es mais vulner\u00e1veis do Brasil.<\/p>\n<p>O Fundo Brasil, fundado por importantes ativistas como Abdias do Nascimento e Dom Pedro Casald\u00e1liga, se dedica a financiar organiza\u00e7\u00f5es da sociedade civil impactadas por viola\u00e7\u00f5es de direitos humanos. Segundo Allyne, a funda\u00e7\u00e3o atua em \u201cgaps\u201d de financiamento, buscando apoiar as comunidades mais afetadas pela crise clim\u00e1tica, que, muitas vezes, s\u00e3o as que mant\u00eam os territ\u00f3rios mais preservados no Brasil.<\/p>\n<p>Em resposta \u00e0s demandas das comunidades, foi lan\u00e7ado em 2023 o programa Ra\u00edzes, com foco em justi\u00e7a clim\u00e1tica. Allyne explicou que o Fundo Brasil direciona doa\u00e7\u00f5es por meio de editais p\u00fablicos, e que tamb\u00e9m fornece apoio emergencial para proteger lideran\u00e7as em \u00e1reas amea\u00e7adas por desmatamento e conflitos territoriais.<\/p>\n<p>Desde sua cria\u00e7\u00e3o, a funda\u00e7\u00e3o j\u00e1 investiu R$ 141 milh\u00f5es em 2,5 mil iniciativas, com um aumento significativo de doa\u00e7\u00f5es em 2025. O programa Ra\u00edzes j\u00e1 comprometeu mais de R$ 6 milh\u00f5es apenas em 2023, beneficiando povos ind\u00edgenas, quilombolas e comunidades tradicionais.<\/p>\n<p>A diretora tamb\u00e9m destacou outras frentes de atua\u00e7\u00e3o do Fundo Brasil, que incluem a luta por direitos dos trabalhadores, combate ao racismo, apoio \u00e0 popula\u00e7\u00e3o LGBTQIAPN+ e um enfoque em justi\u00e7a criminal, visando a humaniza\u00e7\u00e3o do sistema prisional no pa\u00eds. Allyne busca estreitar la\u00e7os com movimentos sociais e criar uma comunica\u00e7\u00e3o estrat\u00e9gica para promover uma vis\u00e3o renovada dos direitos humanos.<\/p>\n<p>Em 2026, o Fundo Brasil completar\u00e1 20 anos e, para celebrar, a funda\u00e7\u00e3o organizou uma confer\u00eancia que reunir\u00e1 ativistas, pesquisadores e a iniciativa privada. O evento visa discutir os desafios atuais e os caminhos da filantropia no Brasil, com uma perspectiva coletiva sobre os pr\u00f3ximos 20 anos dessa trajet\u00f3ria.<\/p>\n","protected":false},"excerpt":{"rendered":"<p>Allyne Andrade, nova diretora executiva do Fundo Brasil, assumiu a lideran\u00e7a da funda\u00e7\u00e3o filantr\u00f3pica em maio deste ano, com o objetivo de repensar a luta por direitos humanos diante da crescente desigualdade social no pa\u00eds. Nascida em Realengo, na Zona Oeste do Rio de Janeiro, Allyne \u00e9 advogada, doutora em Teoria Cr\u00edtica e possui uma &hellip;<\/p>\n","protected":false},"author":5,"featured_media":123369,"comment_status":"open","ping_status":"closed","sticky":false,"template":"","format":"standard","meta":{"footnotes":""},"categories":[1771,67,29902,683,94,2075],"tags":[],"class_list":["post-123368","post","type-post","status-publish","format-standard","has-post-thumbnail","hentry","category-climatologia","category-direitos-humanos","category-emprego","category-justica","category-meio-ambiente","category-trabalho"],"yoast_head":"<!-- This site is optimized with the Yoast SEO plugin v28.4 - https:\/\/yoast.com\/product\/yoast-seo-wordpress\/ -->\n<title>Recursos do Fundo Brasil devem apoiar povos tradicionais e comunidades afetadas - Ribeir\u00e3o Preto e Regi\u00e3o<\/title>\n<meta name=\"robots\" content=\"index, follow, max-snippet:-1, max-image-preview:large, max-video-preview:-1\" \/>\n<link rel=\"canonical\" href=\"https:\/\/redenoticiaz.com.br\/ribeiraopreto-regiao\/sp\/2026\/09\/06\/recursos-do-fundo-brasil-devem-apoiar-povos-tradicionais-e-comunidades-afetadas\" \/>\n<meta property=\"og:locale\" content=\"pt_BR\" \/>\n<meta property=\"og:type\" content=\"article\" \/>\n<meta property=\"og:title\" content=\"Recursos do Fundo Brasil devem apoiar povos tradicionais e comunidades afetadas - Ribeir\u00e3o Preto e Regi\u00e3o\" \/>\n<meta property=\"og:description\" content=\"Allyne Andrade, nova diretora executiva do Fundo Brasil, assumiu a lideran\u00e7a da funda\u00e7\u00e3o filantr\u00f3pica em maio deste ano, com o objetivo de repensar a luta por direitos humanos diante da crescente desigualdade social no pa\u00eds. Nascida em Realengo, na Zona Oeste do Rio de Janeiro, Allyne \u00e9 advogada, doutora em Teoria Cr\u00edtica e possui uma &hellip;\" \/>\n<meta property=\"og:url\" content=\"https:\/\/redenoticiaz.com.br\/ribeiraopreto-regiao\/sp\/2026\/09\/06\/recursos-do-fundo-brasil-devem-apoiar-povos-tradicionais-e-comunidades-afetadas\" \/>\n<meta property=\"og:site_name\" content=\"Ribeir\u00e3o Preto e Regi\u00e3o\" \/>\n<meta property=\"article:publisher\" content=\"https:\/\/m.facebook.com\/redenoticiaz.barretos\" \/>\n<meta property=\"article:published_time\" content=\"2026-09-06T13:23:08+00:00\" \/>\n<meta property=\"og:image\" content=\"https:\/\/redenoticiaz.com.br\/ribeiraopreto-regiao\/wp-content\/uploads\/sites\/4\/2022\/02\/logo.jpg\" \/>\n\t<meta property=\"og:image:width\" content=\"400\" \/>\n\t<meta property=\"og:image:height\" content=\"250\" \/>\n\t<meta property=\"og:image:type\" content=\"image\/jpeg\" \/>\n<meta name=\"author\" content=\"Patr\u00edcia Prado\" \/>\n<meta name=\"twitter:card\" content=\"summary_large_image\" \/>\n<meta name=\"twitter:creator\" content=\"@RN_barretos\" \/>\n<meta name=\"twitter:site\" content=\"@RN_barretos\" \/>\n<meta name=\"twitter:label1\" content=\"Escrito por\" \/>\n\t<meta name=\"twitter:data1\" content=\"Patr\u00edcia Prado\" \/>\n\t<meta name=\"twitter:label2\" content=\"Est. tempo de leitura\" \/>\n\t<meta name=\"twitter:data2\" content=\"2 minutos\" \/>\n<script type=\"application\/ld+json\" class=\"yoast-schema-graph\">{\"@context\":\"https:\\\/\\\/schema.org\",\"@graph\":[{\"@type\":\"Article\",\"@id\":\"https:\\\/\\\/redenoticiaz.com.br\\\/ribeiraopreto-regiao\\\/sp\\\/2026\\\/09\\\/06\\\/recursos-do-fundo-brasil-devem-apoiar-povos-tradicionais-e-comunidades-afetadas#article\",\"isPartOf\":{\"@id\":\"https:\\\/\\\/redenoticiaz.com.br\\\/ribeiraopreto-regiao\\\/sp\\\/2026\\\/09\\\/06\\\/recursos-do-fundo-brasil-devem-apoiar-povos-tradicionais-e-comunidades-afetadas\"},\"author\":{\"name\":\"Patr\u00edcia Prado\",\"@id\":\"https:\\\/\\\/redenoticiaz.com.br\\\/ribeiraopreto-regiao\\\/#\\\/schema\\\/person\\\/e1b0bd8c2637e2c1b6ddcbc2c33b116f\"},\"headline\":\"Recursos do Fundo Brasil devem apoiar povos tradicionais e comunidades afetadas\",\"datePublished\":\"2026-09-06T13:23:08+00:00\",\"mainEntityOfPage\":{\"@id\":\"https:\\\/\\\/redenoticiaz.com.br\\\/ribeiraopreto-regiao\\\/sp\\\/2026\\\/09\\\/06\\\/recursos-do-fundo-brasil-devem-apoiar-povos-tradicionais-e-comunidades-afetadas\"},\"wordCount\":443,\"commentCount\":0,\"publisher\":{\"@id\":\"https:\\\/\\\/redenoticiaz.com.br\\\/ribeiraopreto-regiao\\\/#organization\"},\"image\":{\"@id\":\"https:\\\/\\\/redenoticiaz.com.br\\\/ribeiraopreto-regiao\\\/sp\\\/2026\\\/09\\\/06\\\/recursos-do-fundo-brasil-devem-apoiar-povos-tradicionais-e-comunidades-afetadas#primaryimage\"},\"thumbnailUrl\":\"https:\\\/\\\/redenoticiaz.com.br\\\/ribeiraopreto-regiao\\\/wp-content\\\/uploads\\\/sites\\\/4\\\/2026\\\/09\\\/whatsapp_image_2026-09-04_at_14.38.13.jpeg\",\"articleSection\":[\"Climatologia\",\"Direitos Humanos\",\"Emprego\",\"Justi\u00e7a\",\"Meio Ambiente\",\"Trabalho\"],\"inLanguage\":\"pt-BR\",\"potentialAction\":[{\"@type\":\"CommentAction\",\"name\":\"Comment\",\"target\":[\"https:\\\/\\\/redenoticiaz.com.br\\\/ribeiraopreto-regiao\\\/sp\\\/2026\\\/09\\\/06\\\/recursos-do-fundo-brasil-devem-apoiar-povos-tradicionais-e-comunidades-afetadas#respond\"]}]},{\"@type\":\"WebPage\",\"@id\":\"https:\\\/\\\/redenoticiaz.com.br\\\/ribeiraopreto-regiao\\\/sp\\\/2026\\\/09\\\/06\\\/recursos-do-fundo-brasil-devem-apoiar-povos-tradicionais-e-comunidades-afetadas\",\"url\":\"https:\\\/\\\/redenoticiaz.com.br\\\/ribeiraopreto-regiao\\\/sp\\\/2026\\\/09\\\/06\\\/recursos-do-fundo-brasil-devem-apoiar-povos-tradicionais-e-comunidades-afetadas\",\"name\":\"Recursos do Fundo Brasil devem apoiar povos tradicionais e comunidades afetadas - Ribeir\u00e3o Preto e Regi\u00e3o\",\"isPartOf\":{\"@id\":\"https:\\\/\\\/redenoticiaz.com.br\\\/ribeiraopreto-regiao\\\/#website\"},\"primaryImageOfPage\":{\"@id\":\"https:\\\/\\\/redenoticiaz.com.br\\\/ribeiraopreto-regiao\\\/sp\\\/2026\\\/09\\\/06\\\/recursos-do-fundo-brasil-devem-apoiar-povos-tradicionais-e-comunidades-afetadas#primaryimage\"},\"image\":{\"@id\":\"https:\\\/\\\/redenoticiaz.com.br\\\/ribeiraopreto-regiao\\\/sp\\\/2026\\\/09\\\/06\\\/recursos-do-fundo-brasil-devem-apoiar-povos-tradicionais-e-comunidades-afetadas#primaryimage\"},\"thumbnailUrl\":\"https:\\\/\\\/redenoticiaz.com.br\\\/ribeiraopreto-regiao\\\/wp-content\\\/uploads\\\/sites\\\/4\\\/2026\\\/09\\\/whatsapp_image_2026-09-04_at_14.38.13.jpeg\",\"datePublished\":\"2026-09-06T13:23:08+00:00\",\"inLanguage\":\"pt-BR\",\"potentialAction\":[{\"@type\":\"ReadAction\",\"target\":[\"https:\\\/\\\/redenoticiaz.com.br\\\/ribeiraopreto-regiao\\\/sp\\\/2026\\\/09\\\/06\\\/recursos-do-fundo-brasil-devem-apoiar-povos-tradicionais-e-comunidades-afetadas\"]}]},{\"@type\":\"ImageObject\",\"inLanguage\":\"pt-BR\",\"@id\":\"https:\\\/\\\/redenoticiaz.com.br\\\/ribeiraopreto-regiao\\\/sp\\\/2026\\\/09\\\/06\\\/recursos-do-fundo-brasil-devem-apoiar-povos-tradicionais-e-comunidades-afetadas#primaryimage\",\"url\":\"https:\\\/\\\/redenoticiaz.com.br\\\/ribeiraopreto-regiao\\\/wp-content\\\/uploads\\\/sites\\\/4\\\/2026\\\/09\\\/whatsapp_image_2026-09-04_at_14.38.13.jpeg\",\"contentUrl\":\"https:\\\/\\\/redenoticiaz.com.br\\\/ribeiraopreto-regiao\\\/wp-content\\\/uploads\\\/sites\\\/4\\\/2026\\\/09\\\/whatsapp_image_2026-09-04_at_14.38.13.jpeg\",\"width\":1600,\"height\":800},{\"@type\":\"WebSite\",\"@id\":\"https:\\\/\\\/redenoticiaz.com.br\\\/ribeiraopreto-regiao\\\/#website\",\"url\":\"https:\\\/\\\/redenoticiaz.com.br\\\/ribeiraopreto-regiao\\\/\",\"name\":\"Ribeir\u00e3o Preto e Regi\u00e3o\",\"description\":\"Rede NoticiaZ - Ribeir\u00e3o Preto e regi\u00e3o\",\"publisher\":{\"@id\":\"https:\\\/\\\/redenoticiaz.com.br\\\/ribeiraopreto-regiao\\\/#organization\"},\"potentialAction\":[{\"@type\":\"SearchAction\",\"target\":{\"@type\":\"EntryPoint\",\"urlTemplate\":\"https:\\\/\\\/redenoticiaz.com.br\\\/ribeiraopreto-regiao\\\/?s={search_term_string}\"},\"query-input\":{\"@type\":\"PropertyValueSpecification\",\"valueRequired\":true,\"valueName\":\"search_term_string\"}}],\"inLanguage\":\"pt-BR\"},{\"@type\":\"Organization\",\"@id\":\"https:\\\/\\\/redenoticiaz.com.br\\\/ribeiraopreto-regiao\\\/#organization\",\"name\":\"Ribeir\u00e3o Preto e Regi\u00e3o\",\"url\":\"https:\\\/\\\/redenoticiaz.com.br\\\/ribeiraopreto-regiao\\\/\",\"logo\":{\"@type\":\"ImageObject\",\"inLanguage\":\"pt-BR\",\"@id\":\"https:\\\/\\\/redenoticiaz.com.br\\\/ribeiraopreto-regiao\\\/#\\\/schema\\\/logo\\\/image\\\/\",\"url\":\"https:\\\/\\\/redenoticiaz.com.br\\\/barretos-regiao\\\/wp-content\\\/uploads\\\/sites\\\/4\\\/2022\\\/02\\\/logo.jpg\",\"contentUrl\":\"https:\\\/\\\/redenoticiaz.com.br\\\/barretos-regiao\\\/wp-content\\\/uploads\\\/sites\\\/4\\\/2022\\\/02\\\/logo.jpg\",\"width\":400,\"height\":250,\"caption\":\"Ribeir\u00e3o Preto e Regi\u00e3o\"},\"image\":{\"@id\":\"https:\\\/\\\/redenoticiaz.com.br\\\/ribeiraopreto-regiao\\\/#\\\/schema\\\/logo\\\/image\\\/\"},\"sameAs\":[\"https:\\\/\\\/m.facebook.com\\\/redenoticiaz.barretos\",\"https:\\\/\\\/x.com\\\/RN_barretos\",\"https:\\\/\\\/www.instagram.com\\\/redenoticiaz.barretos\\\/?igshid=YmMyMTA2M2Y\",\"https:\\\/\\\/www.linkedin.com\\\/company\\\/rede-noticiaz-barretos-e-regio\\\/\"]},{\"@type\":\"Person\",\"@id\":\"https:\\\/\\\/redenoticiaz.com.br\\\/ribeiraopreto-regiao\\\/#\\\/schema\\\/person\\\/e1b0bd8c2637e2c1b6ddcbc2c33b116f\",\"name\":\"Patr\u00edcia Prado\",\"image\":{\"@type\":\"ImageObject\",\"inLanguage\":\"pt-BR\",\"@id\":\"https:\\\/\\\/secure.gravatar.com\\\/avatar\\\/92e358bef22cfcec15e054ae4d9fee04dadf0c772dc4a17b382b8a34a15354c2?s=96&d=mm&r=g\",\"url\":\"https:\\\/\\\/secure.gravatar.com\\\/avatar\\\/92e358bef22cfcec15e054ae4d9fee04dadf0c772dc4a17b382b8a34a15354c2?s=96&d=mm&r=g\",\"contentUrl\":\"https:\\\/\\\/secure.gravatar.com\\\/avatar\\\/92e358bef22cfcec15e054ae4d9fee04dadf0c772dc4a17b382b8a34a15354c2?s=96&d=mm&r=g\",\"caption\":\"Patr\u00edcia Prado\"},\"url\":\"https:\\\/\\\/redenoticiaz.com.br\\\/ribeiraopreto-regiao\\\/sp\\\/author\\\/patricia-prado\"}]}<\/script>\n<!-- \/ Yoast SEO plugin. -->","yoast_head_json":{"title":"Recursos do Fundo Brasil devem apoiar povos tradicionais e comunidades afetadas - Ribeir\u00e3o Preto e Regi\u00e3o","robots":{"index":"index","follow":"follow","max-snippet":"max-snippet:-1","max-image-preview":"max-image-preview:large","max-video-preview":"max-video-preview:-1"},"canonical":"https:\/\/redenoticiaz.com.br\/ribeiraopreto-regiao\/sp\/2026\/09\/06\/recursos-do-fundo-brasil-devem-apoiar-povos-tradicionais-e-comunidades-afetadas","og_locale":"pt_BR","og_type":"article","og_title":"Recursos do Fundo Brasil devem apoiar povos tradicionais e comunidades afetadas - Ribeir\u00e3o Preto e Regi\u00e3o","og_description":"Allyne Andrade, nova diretora executiva do Fundo Brasil, assumiu a lideran\u00e7a da funda\u00e7\u00e3o filantr\u00f3pica em maio deste ano, com o objetivo de repensar a luta por direitos humanos diante da crescente desigualdade social no pa\u00eds. Nascida em Realengo, na Zona Oeste do Rio de Janeiro, Allyne \u00e9 advogada, doutora em Teoria Cr\u00edtica e possui uma &hellip;","og_url":"https:\/\/redenoticiaz.com.br\/ribeiraopreto-regiao\/sp\/2026\/09\/06\/recursos-do-fundo-brasil-devem-apoiar-povos-tradicionais-e-comunidades-afetadas","og_site_name":"Ribeir\u00e3o Preto e Regi\u00e3o","article_publisher":"https:\/\/m.facebook.com\/redenoticiaz.barretos","article_published_time":"2026-09-06T13:23:08+00:00","og_image":[{"width":400,"height":250,"url":"https:\/\/redenoticiaz.com.br\/ribeiraopreto-regiao\/wp-content\/uploads\/sites\/4\/2022\/02\/logo.jpg","type":"image\/jpeg"}],"author":"Patr\u00edcia Prado","twitter_card":"summary_large_image","twitter_creator":"@RN_barretos","twitter_site":"@RN_barretos","twitter_misc":{"Escrito por":"Patr\u00edcia Prado","Est. tempo de leitura":"2 minutos"},"schema":{"@context":"https:\/\/schema.org","@graph":[{"@type":"Article","@id":"https:\/\/redenoticiaz.com.br\/ribeiraopreto-regiao\/sp\/2026\/09\/06\/recursos-do-fundo-brasil-devem-apoiar-povos-tradicionais-e-comunidades-afetadas#article","isPartOf":{"@id":"https:\/\/redenoticiaz.com.br\/ribeiraopreto-regiao\/sp\/2026\/09\/06\/recursos-do-fundo-brasil-devem-apoiar-povos-tradicionais-e-comunidades-afetadas"},"author":{"name":"Patr\u00edcia Prado","@id":"https:\/\/redenoticiaz.com.br\/ribeiraopreto-regiao\/#\/schema\/person\/e1b0bd8c2637e2c1b6ddcbc2c33b116f"},"headline":"Recursos do Fundo Brasil devem apoiar povos tradicionais e comunidades afetadas","datePublished":"2026-09-06T13:23:08+00:00","mainEntityOfPage":{"@id":"https:\/\/redenoticiaz.com.br\/ribeiraopreto-regiao\/sp\/2026\/09\/06\/recursos-do-fundo-brasil-devem-apoiar-povos-tradicionais-e-comunidades-afetadas"},"wordCount":443,"commentCount":0,"publisher":{"@id":"https:\/\/redenoticiaz.com.br\/ribeiraopreto-regiao\/#organization"},"image":{"@id":"https:\/\/redenoticiaz.com.br\/ribeiraopreto-regiao\/sp\/2026\/09\/06\/recursos-do-fundo-brasil-devem-apoiar-povos-tradicionais-e-comunidades-afetadas#primaryimage"},"thumbnailUrl":"https:\/\/redenoticiaz.com.br\/ribeiraopreto-regiao\/wp-content\/uploads\/sites\/4\/2026\/09\/whatsapp_image_2026-09-04_at_14.38.13.jpeg","articleSection":["Climatologia","Direitos Humanos","Emprego","Justi\u00e7a","Meio Ambiente","Trabalho"],"inLanguage":"pt-BR","potentialAction":[{"@type":"CommentAction","name":"Comment","target":["https:\/\/redenoticiaz.com.br\/ribeiraopreto-regiao\/sp\/2026\/09\/06\/recursos-do-fundo-brasil-devem-apoiar-povos-tradicionais-e-comunidades-afetadas#respond"]}]},{"@type":"WebPage","@id":"https:\/\/redenoticiaz.com.br\/ribeiraopreto-regiao\/sp\/2026\/09\/06\/recursos-do-fundo-brasil-devem-apoiar-povos-tradicionais-e-comunidades-afetadas","url":"https:\/\/redenoticiaz.com.br\/ribeiraopreto-regiao\/sp\/2026\/09\/06\/recursos-do-fundo-brasil-devem-apoiar-povos-tradicionais-e-comunidades-afetadas","name":"Recursos do Fundo Brasil devem apoiar povos tradicionais e comunidades afetadas - Ribeir\u00e3o Preto e Regi\u00e3o","isPartOf":{"@id":"https:\/\/redenoticiaz.com.br\/ribeiraopreto-regiao\/#website"},"primaryImageOfPage":{"@id":"https:\/\/redenoticiaz.com.br\/ribeiraopreto-regiao\/sp\/2026\/09\/06\/recursos-do-fundo-brasil-devem-apoiar-povos-tradicionais-e-comunidades-afetadas#primaryimage"},"image":{"@id":"https:\/\/redenoticiaz.com.br\/ribeiraopreto-regiao\/sp\/2026\/09\/06\/recursos-do-fundo-brasil-devem-apoiar-povos-tradicionais-e-comunidades-afetadas#primaryimage"},"thumbnailUrl":"https:\/\/redenoticiaz.com.br\/ribeiraopreto-regiao\/wp-content\/uploads\/sites\/4\/2026\/09\/whatsapp_image_2026-09-04_at_14.38.13.jpeg","datePublished":"2026-09-06T13:23:08+00:00","inLanguage":"pt-BR","potentialAction":[{"@type":"ReadAction","target":["https:\/\/redenoticiaz.com.br\/ribeiraopreto-regiao\/sp\/2026\/09\/06\/recursos-do-fundo-brasil-devem-apoiar-povos-tradicionais-e-comunidades-afetadas"]}]},{"@type":"ImageObject","inLanguage":"pt-BR","@id":"https:\/\/redenoticiaz.com.br\/ribeiraopreto-regiao\/sp\/2026\/09\/06\/recursos-do-fundo-brasil-devem-apoiar-povos-tradicionais-e-comunidades-afetadas#primaryimage","url":"https:\/\/redenoticiaz.com.br\/ribeiraopreto-regiao\/wp-content\/uploads\/sites\/4\/2026\/09\/whatsapp_image_2026-09-04_at_14.38.13.jpeg","contentUrl":"https:\/\/redenoticiaz.com.br\/ribeiraopreto-regiao\/wp-content\/uploads\/sites\/4\/2026\/09\/whatsapp_image_2026-09-04_at_14.38.13.jpeg","width":1600,"height":800},{"@type":"WebSite","@id":"https:\/\/redenoticiaz.com.br\/ribeiraopreto-regiao\/#website","url":"https:\/\/redenoticiaz.com.br\/ribeiraopreto-regiao\/","name":"Ribeir\u00e3o Preto e Regi\u00e3o","description":"Rede NoticiaZ - Ribeir\u00e3o Preto e regi\u00e3o","publisher":{"@id":"https:\/\/redenoticiaz.com.br\/ribeiraopreto-regiao\/#organization"},"potentialAction":[{"@type":"SearchAction","target":{"@type":"EntryPoint","urlTemplate":"https:\/\/redenoticiaz.com.br\/ribeiraopreto-regiao\/?s={search_term_string}"},"query-input":{"@type":"PropertyValueSpecification","valueRequired":true,"valueName":"search_term_string"}}],"inLanguage":"pt-BR"},{"@type":"Organization","@id":"https:\/\/redenoticiaz.com.br\/ribeiraopreto-regiao\/#organization","name":"Ribeir\u00e3o Preto e Regi\u00e3o","url":"https:\/\/redenoticiaz.com.br\/ribeiraopreto-regiao\/","logo":{"@type":"ImageObject","inLanguage":"pt-BR","@id":"https:\/\/redenoticiaz.com.br\/ribeiraopreto-regiao\/#\/schema\/logo\/image\/","url":"https:\/\/redenoticiaz.com.br\/barretos-regiao\/wp-content\/uploads\/sites\/4\/2022\/02\/logo.jpg","contentUrl":"https:\/\/redenoticiaz.com.br\/barretos-regiao\/wp-content\/uploads\/sites\/4\/2022\/02\/logo.jpg","width":400,"height":250,"caption":"Ribeir\u00e3o Preto e Regi\u00e3o"},"image":{"@id":"https:\/\/redenoticiaz.com.br\/ribeiraopreto-regiao\/#\/schema\/logo\/image\/"},"sameAs":["https:\/\/m.facebook.com\/redenoticiaz.barretos","https:\/\/x.com\/RN_barretos","https:\/\/www.instagram.com\/redenoticiaz.barretos\/?igshid=YmMyMTA2M2Y","https:\/\/www.linkedin.com\/company\/rede-noticiaz-barretos-e-regio\/"]},{"@type":"Person","@id":"https:\/\/redenoticiaz.com.br\/ribeiraopreto-regiao\/#\/schema\/person\/e1b0bd8c2637e2c1b6ddcbc2c33b116f","name":"Patr\u00edcia Prado","image":{"@type":"ImageObject","inLanguage":"pt-BR","@id":"https:\/\/secure.gravatar.com\/avatar\/92e358bef22cfcec15e054ae4d9fee04dadf0c772dc4a17b382b8a34a15354c2?s=96&d=mm&r=g","url":"https:\/\/secure.gravatar.com\/avatar\/92e358bef22cfcec15e054ae4d9fee04dadf0c772dc4a17b382b8a34a15354c2?s=96&d=mm&r=g","contentUrl":"https:\/\/secure.gravatar.com\/avatar\/92e358bef22cfcec15e054ae4d9fee04dadf0c772dc4a17b382b8a34a15354c2?s=96&d=mm&r=g","caption":"Patr\u00edcia Prado"},"url":"https:\/\/redenoticiaz.com.br\/ribeiraopreto-regiao\/sp\/author\/patricia-prado"}]}},"_links":{"self":[{"href":"https:\/\/redenoticiaz.com.br\/ribeiraopreto-regiao\/wp-json\/wp\/v2\/posts\/123368","targetHints":{"allow":["GET"]}}],"collection":[{"href":"https:\/\/redenoticiaz.com.br\/ribeiraopreto-regiao\/wp-json\/wp\/v2\/posts"}],"about":[{"href":"https:\/\/redenoticiaz.com.br\/ribeiraopreto-regiao\/wp-json\/wp\/v2\/types\/post"}],"author":[{"embeddable":true,"href":"https:\/\/redenoticiaz.com.br\/ribeiraopreto-regiao\/wp-json\/wp\/v2\/users\/5"}],"replies":[{"embeddable":true,"href":"https:\/\/redenoticiaz.com.br\/ribeiraopreto-regiao\/wp-json\/wp\/v2\/comments?post=123368"}],"version-history":[{"count":0,"href":"https:\/\/redenoticiaz.com.br\/ribeiraopreto-regiao\/wp-json\/wp\/v2\/posts\/123368\/revisions"}],"wp:featuredmedia":[{"embeddable":true,"href":"https:\/\/redenoticiaz.com.br\/ribeiraopreto-regiao\/wp-json\/wp\/v2\/media\/123369"}],"wp:attachment":[{"href":"https:\/\/redenoticiaz.com.br\/ribeiraopreto-regiao\/wp-json\/wp\/v2\/media?parent=123368"}],"wp:term":[{"taxonomy":"category","embeddable":true,"href":"https:\/\/redenoticiaz.com.br\/ribeiraopreto-regiao\/wp-json\/wp\/v2\/categories?post=123368"},{"taxonomy":"post_tag","embeddable":true,"href":"https:\/\/redenoticiaz.com.br\/ribeiraopreto-regiao\/wp-json\/wp\/v2\/tags?post=123368"}],"curies":[{"name":"wp","href":"https:\/\/api.w.org\/{rel}","templated":true}]}}