{"id":123372,"date":"2026-09-06T11:24:56","date_gmt":"2026-09-06T14:24:56","guid":{"rendered":"https:\/\/redenoticiaz.com.br\/ribeiraopreto-regiao\/sp\/2026\/09\/06\/luisa-stefani-e-dabrowski-avancam-para-as-oitavas-do-us-open"},"modified":"2026-09-06T11:24:56","modified_gmt":"2026-09-06T14:24:56","slug":"luisa-stefani-e-dabrowski-avancam-para-as-oitavas-do-us-open","status":"publish","type":"post","link":"https:\/\/redenoticiaz.com.br\/ribeiraopreto-regiao\/sp\/2026\/09\/06\/luisa-stefani-e-dabrowski-avancam-para-as-oitavas-do-us-open","title":{"rendered":"Luisa Stefani e Dabrowski avan\u00e7am para as oitavas do US Open"},"content":{"rendered":"<p>A tenista paulista Luisa Stefani garantiu sua vaga nas oitavas de final do torneio de duplas femininas do US Open, um dos quatro Grand Slams do circuito mundial. Na noite deste s\u00e1bado (5), Luisa, atual quarta no ranking da WTA, e a canadense Gabriela Dabrowski, terceira colocada, derrotaram a italiana Sara Errani, nona do ranking, e a austr\u00edaca Lilli Tagger, que ocupa a 49\u00aa posi\u00e7\u00e3o em simples e a 507\u00aa entre as duplistas, por 2 sets a 0, com parciais de 6\/2 e 7\/5.<\/p>\n<p>As advers\u00e1rias da dupla brasileira na pr\u00f3xima fase do torneio, realizado em Nova York, ser\u00e3o definidas neste domingo (6). O confronto que revelar\u00e1 as pr\u00f3ximas oponentes envolve a h\u00fangara Fanny Stollar e a estadunidense Asia Muhammad, que enfrentar\u00e3o a japonesa Eri Hozumi e a eslovena Andreja Klepac.<\/p>\n<blockquote>\n<p>\u201cFoi minha primeira vez jogando contra a Ernani, uma jogadora que admiro e respeito muito. Estou super feliz com a vit\u00f3ria e com a reviravolta no segundo set. Agora vamos com tudo para a pr\u00f3xima\u201d, afirmou Luisa por meio de sua assessoria de imprensa.<\/p>\n<\/blockquote>\n<p>Na atual temporada, a parceria entre Luisa e Dabrowski conquistou tr\u00eas t\u00edtulos em torneios da WTA, realizados em Dubai, Estrasburgo e Eastbourne. Al\u00e9m disso, elas alcan\u00e7aram as semifinais no Aberto da Austr\u00e1lia e em Roland Garros, e foram vice-campe\u00e3s em Wimbledon. O bom desempenho j\u00e1 garantiu a dupla uma vaga no WTA Finals, que reunir\u00e1 as oito melhores parcerias do ano em Indian Wells, em novembro.<\/p>\n<p>Nas duplas masculinas, a participa\u00e7\u00e3o de Marcelo Demoliner chegou ao fim ap\u00f3s a derrota, tamb\u00e9m neste s\u00e1bado, ao lado do taiwan\u00eas Rey Ho. Eles foram superados pelos norte-americanos Nathaniel Lammons e Jackson Withrow por 2 sets a 1, com parciais de 4\/6, 7\/6 (7-1) e 6\/2.<\/p>\n<p>O \u00fanico atleta brasileiro que permanece na disputa masculina \u00e9 Marcelo Melo, que se apresenta ao lado do australiano John Peers. Melo, 56\u00ba na ATP, venceu na estreia com um placar de 2 sets a 1 contra a dupla formada pelo australiano James Duckworth e o s\u00e9rvio Miomir Kecmanovic. Eles avan\u00e7aram com parciais de 3\/6, 7\/5 e 6\/4.<\/p>\n<p>Na segunda rodada, Melo e Peers enfrentar\u00e3o Brandon Carpico e Nikita Samuel Filin, ambos dos Estados Unidos, com data e hor\u00e1rio a serem confirmados. Tamb\u00e9m na sexta-feira, os norte-americanos surpreenderam a dupla brasileira formada por Rafael Matos e Orlando Luz, com a vit\u00f3ria por 2 sets a 1, com parciais de 4\/6, 7\/6 (7-5) e 7\/5.<\/p>\n<p>O Brasil tamb\u00e9m contaria com a presen\u00e7a de Fernando Romboli, mas ele se retirou da competi\u00e7\u00e3o devido a problemas f\u00edsicos de Terence Atmane, seu parceiro, que enfrentou dores ap\u00f3s a estreia na chave individual masculina.<\/p>\n","protected":false},"excerpt":{"rendered":"<p>A tenista paulista Luisa Stefani garantiu sua vaga nas oitavas de final do torneio de duplas femininas do US Open, um dos quatro Grand Slams do circuito mundial. Na noite deste s\u00e1bado (5), Luisa, atual quarta no ranking da WTA, e a canadense Gabriela Dabrowski, terceira colocada, derrotaram a italiana Sara Errani, nona do ranking, &hellip;<\/p>\n","protected":false},"author":5,"featured_media":123373,"comment_status":"open","ping_status":"closed","sticky":false,"template":"","format":"standard","meta":{"footnotes":""},"categories":[87,68],"tags":[],"class_list":["post-123372","post","type-post","status-publish","format-standard","has-post-thumbnail","hentry","category-esporte","category-mundo"],"yoast_head":"<!-- This site is optimized with the Yoast SEO plugin v28.4 - https:\/\/yoast.com\/product\/yoast-seo-wordpress\/ -->\n<title>Luisa Stefani e Dabrowski avan\u00e7am para as oitavas do US Open - Ribeir\u00e3o Preto e Regi\u00e3o<\/title>\n<meta name=\"robots\" content=\"index, follow, max-snippet:-1, max-image-preview:large, max-video-preview:-1\" \/>\n<link rel=\"canonical\" href=\"https:\/\/redenoticiaz.com.br\/ribeiraopreto-regiao\/sp\/2026\/09\/06\/luisa-stefani-e-dabrowski-avancam-para-as-oitavas-do-us-open\" \/>\n<meta property=\"og:locale\" content=\"pt_BR\" \/>\n<meta property=\"og:type\" content=\"article\" \/>\n<meta property=\"og:title\" content=\"Luisa Stefani e Dabrowski avan\u00e7am para as oitavas do US Open - Ribeir\u00e3o Preto e Regi\u00e3o\" \/>\n<meta property=\"og:description\" content=\"A tenista paulista Luisa Stefani garantiu sua vaga nas oitavas de final do torneio de duplas femininas do US Open, um dos quatro Grand Slams do circuito mundial. Na noite deste s\u00e1bado (5), Luisa, atual quarta no ranking da WTA, e a canadense Gabriela Dabrowski, terceira colocada, derrotaram a italiana Sara Errani, nona do ranking, &hellip;\" \/>\n<meta property=\"og:url\" content=\"https:\/\/redenoticiaz.com.br\/ribeiraopreto-regiao\/sp\/2026\/09\/06\/luisa-stefani-e-dabrowski-avancam-para-as-oitavas-do-us-open\" \/>\n<meta property=\"og:site_name\" content=\"Ribeir\u00e3o Preto e Regi\u00e3o\" \/>\n<meta property=\"article:publisher\" content=\"https:\/\/m.facebook.com\/redenoticiaz.barretos\" \/>\n<meta property=\"article:published_time\" content=\"2026-09-06T14:24:56+00:00\" \/>\n<meta property=\"og:image\" content=\"https:\/\/redenoticiaz.com.br\/ribeiraopreto-regiao\/wp-content\/uploads\/sites\/4\/2022\/02\/logo.jpg\" \/>\n\t<meta property=\"og:image:width\" content=\"400\" \/>\n\t<meta property=\"og:image:height\" content=\"250\" \/>\n\t<meta property=\"og:image:type\" content=\"image\/jpeg\" \/>\n<meta name=\"author\" content=\"Patr\u00edcia Prado\" \/>\n<meta name=\"twitter:card\" content=\"summary_large_image\" \/>\n<meta name=\"twitter:creator\" content=\"@RN_barretos\" \/>\n<meta name=\"twitter:site\" content=\"@RN_barretos\" \/>\n<meta name=\"twitter:label1\" content=\"Escrito por\" \/>\n\t<meta name=\"twitter:data1\" content=\"Patr\u00edcia Prado\" \/>\n\t<meta name=\"twitter:label2\" content=\"Est. tempo de leitura\" \/>\n\t<meta name=\"twitter:data2\" content=\"2 minutos\" \/>\n<script type=\"application\/ld+json\" class=\"yoast-schema-graph\">{\"@context\":\"https:\\\/\\\/schema.org\",\"@graph\":[{\"@type\":\"Article\",\"@id\":\"https:\\\/\\\/redenoticiaz.com.br\\\/ribeiraopreto-regiao\\\/sp\\\/2026\\\/09\\\/06\\\/luisa-stefani-e-dabrowski-avancam-para-as-oitavas-do-us-open#article\",\"isPartOf\":{\"@id\":\"https:\\\/\\\/redenoticiaz.com.br\\\/ribeiraopreto-regiao\\\/sp\\\/2026\\\/09\\\/06\\\/luisa-stefani-e-dabrowski-avancam-para-as-oitavas-do-us-open\"},\"author\":{\"name\":\"Patr\u00edcia Prado\",\"@id\":\"https:\\\/\\\/redenoticiaz.com.br\\\/ribeiraopreto-regiao\\\/#\\\/schema\\\/person\\\/e1b0bd8c2637e2c1b6ddcbc2c33b116f\"},\"headline\":\"Luisa Stefani e Dabrowski avan\u00e7am para as oitavas do US Open\",\"datePublished\":\"2026-09-06T14:24:56+00:00\",\"mainEntityOfPage\":{\"@id\":\"https:\\\/\\\/redenoticiaz.com.br\\\/ribeiraopreto-regiao\\\/sp\\\/2026\\\/09\\\/06\\\/luisa-stefani-e-dabrowski-avancam-para-as-oitavas-do-us-open\"},\"wordCount\":456,\"commentCount\":0,\"publisher\":{\"@id\":\"https:\\\/\\\/redenoticiaz.com.br\\\/ribeiraopreto-regiao\\\/#organization\"},\"image\":{\"@id\":\"https:\\\/\\\/redenoticiaz.com.br\\\/ribeiraopreto-regiao\\\/sp\\\/2026\\\/09\\\/06\\\/luisa-stefani-e-dabrowski-avancam-para-as-oitavas-do-us-open#primaryimage\"},\"thumbnailUrl\":\"https:\\\/\\\/redenoticiaz.com.br\\\/ribeiraopreto-regiao\\\/wp-content\\\/uploads\\\/sites\\\/4\\\/2026\\\/09\\\/470218_1218856_luisa_gabi_usopen2_felipe_figueiredo_slyce.jpeg\",\"articleSection\":[\"Esporte\",\"Mundo\"],\"inLanguage\":\"pt-BR\",\"potentialAction\":[{\"@type\":\"CommentAction\",\"name\":\"Comment\",\"target\":[\"https:\\\/\\\/redenoticiaz.com.br\\\/ribeiraopreto-regiao\\\/sp\\\/2026\\\/09\\\/06\\\/luisa-stefani-e-dabrowski-avancam-para-as-oitavas-do-us-open#respond\"]}]},{\"@type\":\"WebPage\",\"@id\":\"https:\\\/\\\/redenoticiaz.com.br\\\/ribeiraopreto-regiao\\\/sp\\\/2026\\\/09\\\/06\\\/luisa-stefani-e-dabrowski-avancam-para-as-oitavas-do-us-open\",\"url\":\"https:\\\/\\\/redenoticiaz.com.br\\\/ribeiraopreto-regiao\\\/sp\\\/2026\\\/09\\\/06\\\/luisa-stefani-e-dabrowski-avancam-para-as-oitavas-do-us-open\",\"name\":\"Luisa Stefani e Dabrowski avan\u00e7am para as oitavas do US Open - Ribeir\u00e3o Preto e Regi\u00e3o\",\"isPartOf\":{\"@id\":\"https:\\\/\\\/redenoticiaz.com.br\\\/ribeiraopreto-regiao\\\/#website\"},\"primaryImageOfPage\":{\"@id\":\"https:\\\/\\\/redenoticiaz.com.br\\\/ribeiraopreto-regiao\\\/sp\\\/2026\\\/09\\\/06\\\/luisa-stefani-e-dabrowski-avancam-para-as-oitavas-do-us-open#primaryimage\"},\"image\":{\"@id\":\"https:\\\/\\\/redenoticiaz.com.br\\\/ribeiraopreto-regiao\\\/sp\\\/2026\\\/09\\\/06\\\/luisa-stefani-e-dabrowski-avancam-para-as-oitavas-do-us-open#primaryimage\"},\"thumbnailUrl\":\"https:\\\/\\\/redenoticiaz.com.br\\\/ribeiraopreto-regiao\\\/wp-content\\\/uploads\\\/sites\\\/4\\\/2026\\\/09\\\/470218_1218856_luisa_gabi_usopen2_felipe_figueiredo_slyce.jpeg\",\"datePublished\":\"2026-09-06T14:24:56+00:00\",\"inLanguage\":\"pt-BR\",\"potentialAction\":[{\"@type\":\"ReadAction\",\"target\":[\"https:\\\/\\\/redenoticiaz.com.br\\\/ribeiraopreto-regiao\\\/sp\\\/2026\\\/09\\\/06\\\/luisa-stefani-e-dabrowski-avancam-para-as-oitavas-do-us-open\"]}]},{\"@type\":\"ImageObject\",\"inLanguage\":\"pt-BR\",\"@id\":\"https:\\\/\\\/redenoticiaz.com.br\\\/ribeiraopreto-regiao\\\/sp\\\/2026\\\/09\\\/06\\\/luisa-stefani-e-dabrowski-avancam-para-as-oitavas-do-us-open#primaryimage\",\"url\":\"https:\\\/\\\/redenoticiaz.com.br\\\/ribeiraopreto-regiao\\\/wp-content\\\/uploads\\\/sites\\\/4\\\/2026\\\/09\\\/470218_1218856_luisa_gabi_usopen2_felipe_figueiredo_slyce.jpeg\",\"contentUrl\":\"https:\\\/\\\/redenoticiaz.com.br\\\/ribeiraopreto-regiao\\\/wp-content\\\/uploads\\\/sites\\\/4\\\/2026\\\/09\\\/470218_1218856_luisa_gabi_usopen2_felipe_figueiredo_slyce.jpeg\",\"width\":1600,\"height\":800},{\"@type\":\"WebSite\",\"@id\":\"https:\\\/\\\/redenoticiaz.com.br\\\/ribeiraopreto-regiao\\\/#website\",\"url\":\"https:\\\/\\\/redenoticiaz.com.br\\\/ribeiraopreto-regiao\\\/\",\"name\":\"Ribeir\u00e3o Preto e Regi\u00e3o\",\"description\":\"Rede NoticiaZ - Ribeir\u00e3o Preto e regi\u00e3o\",\"publisher\":{\"@id\":\"https:\\\/\\\/redenoticiaz.com.br\\\/ribeiraopreto-regiao\\\/#organization\"},\"potentialAction\":[{\"@type\":\"SearchAction\",\"target\":{\"@type\":\"EntryPoint\",\"urlTemplate\":\"https:\\\/\\\/redenoticiaz.com.br\\\/ribeiraopreto-regiao\\\/?s={search_term_string}\"},\"query-input\":{\"@type\":\"PropertyValueSpecification\",\"valueRequired\":true,\"valueName\":\"search_term_string\"}}],\"inLanguage\":\"pt-BR\"},{\"@type\":\"Organization\",\"@id\":\"https:\\\/\\\/redenoticiaz.com.br\\\/ribeiraopreto-regiao\\\/#organization\",\"name\":\"Ribeir\u00e3o Preto e Regi\u00e3o\",\"url\":\"https:\\\/\\\/redenoticiaz.com.br\\\/ribeiraopreto-regiao\\\/\",\"logo\":{\"@type\":\"ImageObject\",\"inLanguage\":\"pt-BR\",\"@id\":\"https:\\\/\\\/redenoticiaz.com.br\\\/ribeiraopreto-regiao\\\/#\\\/schema\\\/logo\\\/image\\\/\",\"url\":\"https:\\\/\\\/redenoticiaz.com.br\\\/barretos-regiao\\\/wp-content\\\/uploads\\\/sites\\\/4\\\/2022\\\/02\\\/logo.jpg\",\"contentUrl\":\"https:\\\/\\\/redenoticiaz.com.br\\\/barretos-regiao\\\/wp-content\\\/uploads\\\/sites\\\/4\\\/2022\\\/02\\\/logo.jpg\",\"width\":400,\"height\":250,\"caption\":\"Ribeir\u00e3o Preto e Regi\u00e3o\"},\"image\":{\"@id\":\"https:\\\/\\\/redenoticiaz.com.br\\\/ribeiraopreto-regiao\\\/#\\\/schema\\\/logo\\\/image\\\/\"},\"sameAs\":[\"https:\\\/\\\/m.facebook.com\\\/redenoticiaz.barretos\",\"https:\\\/\\\/x.com\\\/RN_barretos\",\"https:\\\/\\\/www.instagram.com\\\/redenoticiaz.barretos\\\/?igshid=YmMyMTA2M2Y\",\"https:\\\/\\\/www.linkedin.com\\\/company\\\/rede-noticiaz-barretos-e-regio\\\/\"]},{\"@type\":\"Person\",\"@id\":\"https:\\\/\\\/redenoticiaz.com.br\\\/ribeiraopreto-regiao\\\/#\\\/schema\\\/person\\\/e1b0bd8c2637e2c1b6ddcbc2c33b116f\",\"name\":\"Patr\u00edcia Prado\",\"image\":{\"@type\":\"ImageObject\",\"inLanguage\":\"pt-BR\",\"@id\":\"https:\\\/\\\/secure.gravatar.com\\\/avatar\\\/92e358bef22cfcec15e054ae4d9fee04dadf0c772dc4a17b382b8a34a15354c2?s=96&d=mm&r=g\",\"url\":\"https:\\\/\\\/secure.gravatar.com\\\/avatar\\\/92e358bef22cfcec15e054ae4d9fee04dadf0c772dc4a17b382b8a34a15354c2?s=96&d=mm&r=g\",\"contentUrl\":\"https:\\\/\\\/secure.gravatar.com\\\/avatar\\\/92e358bef22cfcec15e054ae4d9fee04dadf0c772dc4a17b382b8a34a15354c2?s=96&d=mm&r=g\",\"caption\":\"Patr\u00edcia Prado\"},\"url\":\"https:\\\/\\\/redenoticiaz.com.br\\\/ribeiraopreto-regiao\\\/sp\\\/author\\\/patricia-prado\"}]}<\/script>\n<!-- \/ Yoast SEO plugin. -->","yoast_head_json":{"title":"Luisa Stefani e Dabrowski avan\u00e7am para as oitavas do US Open - Ribeir\u00e3o Preto e Regi\u00e3o","robots":{"index":"index","follow":"follow","max-snippet":"max-snippet:-1","max-image-preview":"max-image-preview:large","max-video-preview":"max-video-preview:-1"},"canonical":"https:\/\/redenoticiaz.com.br\/ribeiraopreto-regiao\/sp\/2026\/09\/06\/luisa-stefani-e-dabrowski-avancam-para-as-oitavas-do-us-open","og_locale":"pt_BR","og_type":"article","og_title":"Luisa Stefani e Dabrowski avan\u00e7am para as oitavas do US Open - Ribeir\u00e3o Preto e Regi\u00e3o","og_description":"A tenista paulista Luisa Stefani garantiu sua vaga nas oitavas de final do torneio de duplas femininas do US Open, um dos quatro Grand Slams do circuito mundial. Na noite deste s\u00e1bado (5), Luisa, atual quarta no ranking da WTA, e a canadense Gabriela Dabrowski, terceira colocada, derrotaram a italiana Sara Errani, nona do ranking, &hellip;","og_url":"https:\/\/redenoticiaz.com.br\/ribeiraopreto-regiao\/sp\/2026\/09\/06\/luisa-stefani-e-dabrowski-avancam-para-as-oitavas-do-us-open","og_site_name":"Ribeir\u00e3o Preto e Regi\u00e3o","article_publisher":"https:\/\/m.facebook.com\/redenoticiaz.barretos","article_published_time":"2026-09-06T14:24:56+00:00","og_image":[{"width":400,"height":250,"url":"https:\/\/redenoticiaz.com.br\/ribeiraopreto-regiao\/wp-content\/uploads\/sites\/4\/2022\/02\/logo.jpg","type":"image\/jpeg"}],"author":"Patr\u00edcia Prado","twitter_card":"summary_large_image","twitter_creator":"@RN_barretos","twitter_site":"@RN_barretos","twitter_misc":{"Escrito por":"Patr\u00edcia Prado","Est. tempo de leitura":"2 minutos"},"schema":{"@context":"https:\/\/schema.org","@graph":[{"@type":"Article","@id":"https:\/\/redenoticiaz.com.br\/ribeiraopreto-regiao\/sp\/2026\/09\/06\/luisa-stefani-e-dabrowski-avancam-para-as-oitavas-do-us-open#article","isPartOf":{"@id":"https:\/\/redenoticiaz.com.br\/ribeiraopreto-regiao\/sp\/2026\/09\/06\/luisa-stefani-e-dabrowski-avancam-para-as-oitavas-do-us-open"},"author":{"name":"Patr\u00edcia Prado","@id":"https:\/\/redenoticiaz.com.br\/ribeiraopreto-regiao\/#\/schema\/person\/e1b0bd8c2637e2c1b6ddcbc2c33b116f"},"headline":"Luisa Stefani e Dabrowski avan\u00e7am para as oitavas do US Open","datePublished":"2026-09-06T14:24:56+00:00","mainEntityOfPage":{"@id":"https:\/\/redenoticiaz.com.br\/ribeiraopreto-regiao\/sp\/2026\/09\/06\/luisa-stefani-e-dabrowski-avancam-para-as-oitavas-do-us-open"},"wordCount":456,"commentCount":0,"publisher":{"@id":"https:\/\/redenoticiaz.com.br\/ribeiraopreto-regiao\/#organization"},"image":{"@id":"https:\/\/redenoticiaz.com.br\/ribeiraopreto-regiao\/sp\/2026\/09\/06\/luisa-stefani-e-dabrowski-avancam-para-as-oitavas-do-us-open#primaryimage"},"thumbnailUrl":"https:\/\/redenoticiaz.com.br\/ribeiraopreto-regiao\/wp-content\/uploads\/sites\/4\/2026\/09\/470218_1218856_luisa_gabi_usopen2_felipe_figueiredo_slyce.jpeg","articleSection":["Esporte","Mundo"],"inLanguage":"pt-BR","potentialAction":[{"@type":"CommentAction","name":"Comment","target":["https:\/\/redenoticiaz.com.br\/ribeiraopreto-regiao\/sp\/2026\/09\/06\/luisa-stefani-e-dabrowski-avancam-para-as-oitavas-do-us-open#respond"]}]},{"@type":"WebPage","@id":"https:\/\/redenoticiaz.com.br\/ribeiraopreto-regiao\/sp\/2026\/09\/06\/luisa-stefani-e-dabrowski-avancam-para-as-oitavas-do-us-open","url":"https:\/\/redenoticiaz.com.br\/ribeiraopreto-regiao\/sp\/2026\/09\/06\/luisa-stefani-e-dabrowski-avancam-para-as-oitavas-do-us-open","name":"Luisa Stefani e Dabrowski avan\u00e7am para as oitavas do US Open - Ribeir\u00e3o Preto e Regi\u00e3o","isPartOf":{"@id":"https:\/\/redenoticiaz.com.br\/ribeiraopreto-regiao\/#website"},"primaryImageOfPage":{"@id":"https:\/\/redenoticiaz.com.br\/ribeiraopreto-regiao\/sp\/2026\/09\/06\/luisa-stefani-e-dabrowski-avancam-para-as-oitavas-do-us-open#primaryimage"},"image":{"@id":"https:\/\/redenoticiaz.com.br\/ribeiraopreto-regiao\/sp\/2026\/09\/06\/luisa-stefani-e-dabrowski-avancam-para-as-oitavas-do-us-open#primaryimage"},"thumbnailUrl":"https:\/\/redenoticiaz.com.br\/ribeiraopreto-regiao\/wp-content\/uploads\/sites\/4\/2026\/09\/470218_1218856_luisa_gabi_usopen2_felipe_figueiredo_slyce.jpeg","datePublished":"2026-09-06T14:24:56+00:00","inLanguage":"pt-BR","potentialAction":[{"@type":"ReadAction","target":["https:\/\/redenoticiaz.com.br\/ribeiraopreto-regiao\/sp\/2026\/09\/06\/luisa-stefani-e-dabrowski-avancam-para-as-oitavas-do-us-open"]}]},{"@type":"ImageObject","inLanguage":"pt-BR","@id":"https:\/\/redenoticiaz.com.br\/ribeiraopreto-regiao\/sp\/2026\/09\/06\/luisa-stefani-e-dabrowski-avancam-para-as-oitavas-do-us-open#primaryimage","url":"https:\/\/redenoticiaz.com.br\/ribeiraopreto-regiao\/wp-content\/uploads\/sites\/4\/2026\/09\/470218_1218856_luisa_gabi_usopen2_felipe_figueiredo_slyce.jpeg","contentUrl":"https:\/\/redenoticiaz.com.br\/ribeiraopreto-regiao\/wp-content\/uploads\/sites\/4\/2026\/09\/470218_1218856_luisa_gabi_usopen2_felipe_figueiredo_slyce.jpeg","width":1600,"height":800},{"@type":"WebSite","@id":"https:\/\/redenoticiaz.com.br\/ribeiraopreto-regiao\/#website","url":"https:\/\/redenoticiaz.com.br\/ribeiraopreto-regiao\/","name":"Ribeir\u00e3o Preto e Regi\u00e3o","description":"Rede NoticiaZ - Ribeir\u00e3o Preto e regi\u00e3o","publisher":{"@id":"https:\/\/redenoticiaz.com.br\/ribeiraopreto-regiao\/#organization"},"potentialAction":[{"@type":"SearchAction","target":{"@type":"EntryPoint","urlTemplate":"https:\/\/redenoticiaz.com.br\/ribeiraopreto-regiao\/?s={search_term_string}"},"query-input":{"@type":"PropertyValueSpecification","valueRequired":true,"valueName":"search_term_string"}}],"inLanguage":"pt-BR"},{"@type":"Organization","@id":"https:\/\/redenoticiaz.com.br\/ribeiraopreto-regiao\/#organization","name":"Ribeir\u00e3o Preto e Regi\u00e3o","url":"https:\/\/redenoticiaz.com.br\/ribeiraopreto-regiao\/","logo":{"@type":"ImageObject","inLanguage":"pt-BR","@id":"https:\/\/redenoticiaz.com.br\/ribeiraopreto-regiao\/#\/schema\/logo\/image\/","url":"https:\/\/redenoticiaz.com.br\/barretos-regiao\/wp-content\/uploads\/sites\/4\/2022\/02\/logo.jpg","contentUrl":"https:\/\/redenoticiaz.com.br\/barretos-regiao\/wp-content\/uploads\/sites\/4\/2022\/02\/logo.jpg","width":400,"height":250,"caption":"Ribeir\u00e3o Preto e Regi\u00e3o"},"image":{"@id":"https:\/\/redenoticiaz.com.br\/ribeiraopreto-regiao\/#\/schema\/logo\/image\/"},"sameAs":["https:\/\/m.facebook.com\/redenoticiaz.barretos","https:\/\/x.com\/RN_barretos","https:\/\/www.instagram.com\/redenoticiaz.barretos\/?igshid=YmMyMTA2M2Y","https:\/\/www.linkedin.com\/company\/rede-noticiaz-barretos-e-regio\/"]},{"@type":"Person","@id":"https:\/\/redenoticiaz.com.br\/ribeiraopreto-regiao\/#\/schema\/person\/e1b0bd8c2637e2c1b6ddcbc2c33b116f","name":"Patr\u00edcia Prado","image":{"@type":"ImageObject","inLanguage":"pt-BR","@id":"https:\/\/secure.gravatar.com\/avatar\/92e358bef22cfcec15e054ae4d9fee04dadf0c772dc4a17b382b8a34a15354c2?s=96&d=mm&r=g","url":"https:\/\/secure.gravatar.com\/avatar\/92e358bef22cfcec15e054ae4d9fee04dadf0c772dc4a17b382b8a34a15354c2?s=96&d=mm&r=g","contentUrl":"https:\/\/secure.gravatar.com\/avatar\/92e358bef22cfcec15e054ae4d9fee04dadf0c772dc4a17b382b8a34a15354c2?s=96&d=mm&r=g","caption":"Patr\u00edcia Prado"},"url":"https:\/\/redenoticiaz.com.br\/ribeiraopreto-regiao\/sp\/author\/patricia-prado"}]}},"_links":{"self":[{"href":"https:\/\/redenoticiaz.com.br\/ribeiraopreto-regiao\/wp-json\/wp\/v2\/posts\/123372","targetHints":{"allow":["GET"]}}],"collection":[{"href":"https:\/\/redenoticiaz.com.br\/ribeiraopreto-regiao\/wp-json\/wp\/v2\/posts"}],"about":[{"href":"https:\/\/redenoticiaz.com.br\/ribeiraopreto-regiao\/wp-json\/wp\/v2\/types\/post"}],"author":[{"embeddable":true,"href":"https:\/\/redenoticiaz.com.br\/ribeiraopreto-regiao\/wp-json\/wp\/v2\/users\/5"}],"replies":[{"embeddable":true,"href":"https:\/\/redenoticiaz.com.br\/ribeiraopreto-regiao\/wp-json\/wp\/v2\/comments?post=123372"}],"version-history":[{"count":0,"href":"https:\/\/redenoticiaz.com.br\/ribeiraopreto-regiao\/wp-json\/wp\/v2\/posts\/123372\/revisions"}],"wp:featuredmedia":[{"embeddable":true,"href":"https:\/\/redenoticiaz.com.br\/ribeiraopreto-regiao\/wp-json\/wp\/v2\/media\/123373"}],"wp:attachment":[{"href":"https:\/\/redenoticiaz.com.br\/ribeiraopreto-regiao\/wp-json\/wp\/v2\/media?parent=123372"}],"wp:term":[{"taxonomy":"category","embeddable":true,"href":"https:\/\/redenoticiaz.com.br\/ribeiraopreto-regiao\/wp-json\/wp\/v2\/categories?post=123372"},{"taxonomy":"post_tag","embeddable":true,"href":"https:\/\/redenoticiaz.com.br\/ribeiraopreto-regiao\/wp-json\/wp\/v2\/tags?post=123372"}],"curies":[{"name":"wp","href":"https:\/\/api.w.org\/{rel}","templated":true}]}}