{"id":123394,"date":"2026-09-06T16:37:47","date_gmt":"2026-09-06T19:37:47","guid":{"rendered":"https:\/\/redenoticiaz.com.br\/ribeiraopreto-regiao\/sp\/2026\/09\/06\/seguranca-reforcada-e-dicas-para-o-desfile-de-7-de-setembro-em-brasilia"},"modified":"2026-09-06T16:37:47","modified_gmt":"2026-09-06T19:37:47","slug":"seguranca-reforcada-e-dicas-para-o-desfile-de-7-de-setembro-em-brasilia","status":"publish","type":"post","link":"https:\/\/redenoticiaz.com.br\/ribeiraopreto-regiao\/sp\/2026\/09\/06\/seguranca-reforcada-e-dicas-para-o-desfile-de-7-de-setembro-em-brasilia","title":{"rendered":"Seguran\u00e7a refor\u00e7ada e dicas para o Desfile de 7 de Setembro em Bras\u00edlia"},"content":{"rendered":"<p>O desfile de 7 de Setembro, realizado na Esplanada dos Minist\u00e9rios em Bras\u00edlia, contar\u00e1 com um dispositivo de seguran\u00e7a refor\u00e7ado. O evento, programado para esta segunda-feira, 7, ter\u00e1 a presen\u00e7a de tropas especializadas em toda a regi\u00e3o central da capital.<\/p>\n<p>A partir das 16h de domingo, 6, o tr\u00e2nsito de ve\u00edculos ser\u00e1 interrompido entre a Rodovi\u00e1ria do Plano Piloto e a Via L4. O acesso \u00e0 Pra\u00e7a dos Tr\u00eas Poderes ser\u00e1 restrito, e os pr\u00e9dios p\u00fablicos estar\u00e3o cercados por gradis para garantir a seguran\u00e7a do p\u00fablico.<\/p>\n<p>S\u00e3o esperadas cerca de 30 mil pessoas para o desfile, que ter\u00e1 in\u00edcio \u00e0s 9h e deve se encerrar por volta das 11h. As arquibancadas abrir\u00e3o \u00e0s 6h, com cinco pontos de acesso \u00e0 \u00e1rea do evento. Todos os acessos contar\u00e3o com revistas pessoais realizadas por policiais militares. As entradas estar\u00e3o localizadas na via S1, bem como nas escadarias dos blocos A, C, J e M. Pessoas com defici\u00eancia ter\u00e3o acesso facilitado pelo t\u00fanel do Bloco J.<\/p>\n<p>Quando a capacidade das arquibancadas for alcan\u00e7ada, o p\u00fablico ser\u00e1 orientado a permanecer nas \u00e1reas externas, onde tendas e pontos de hidrata\u00e7\u00e3o estar\u00e3o dispon\u00edveis.<\/p>\n<p>Devido ao calor esperado, recomenda-se que os participantes fa\u00e7am uso de roupas leves, protetor solar e chap\u00e9us, al\u00e9m de manter a hidrata\u00e7\u00e3o. N\u00e3o ser\u00e1 permitido levar garrafas de vidro, latas, copos, coolers e isopores. A recomenda\u00e7\u00e3o \u00e9 usar garrafas pl\u00e1sticas individuais. Tamb\u00e9m \u00e9 proibido o porte de fogos de artif\u00edcio, sprays, armas de fogo, incluindo de brinquedo, objetos pontiagudos e m\u00e1scaras, exceto as de prote\u00e7\u00e3o facial. Bolsas e mochilas devem ter, no m\u00e1ximo, 100 cm de soma das dimens\u00f5es.<\/p>\n<p>Motociclistas dever\u00e3o deixar os capacetes fora da \u00e1rea do desfile, e apenas drones autorizados poder\u00e3o sobrevoar o local. Animais de estima\u00e7\u00e3o n\u00e3o s\u00e3o permitidos, exceto c\u00e3es-guia.<\/p>\n<p>Uma estrutura chamada &#8220;Cidade Policial&#8221; ser\u00e1 montada ao lado do Museu da Rep\u00fablica, funcionando como ponto de apoio para agentes de seguran\u00e7a. No local, ser\u00e1 poss\u00edvel registrar ocorr\u00eancias e bloquear celulares perdidos ou furtados, utilizando o programa Fora da Rede. Tamb\u00e9m haver\u00e1 um espa\u00e7o espec\u00edfico para acolhimento de pessoas perdidas, onde \u00e9 recomendado procurar uma equipe uniformizada.<\/p>\n<p>O transporte p\u00fablico da capital ser\u00e1 refor\u00e7ado. O Metr\u00f4 DF operar\u00e1 das 5h30 \u00e0s 19h, em escala de feriado. Os \u00f4nibus seguir\u00e3o o esquema do programa &#8220;Vai de Gra\u00e7a&#8221;, oferecendo gratuidade em todo o Distrito Federal, com 134 \u00f4nibus extras dispon\u00edveis a partir das 6h, conforme a demanda. Os desembarques de transporte por aplicativo ocorrem na plataforma superior da Rodovi\u00e1ria, enquanto t\u00e1xis devem desembarcar no estacionamento do Sesi Lab. O uso de vagas nos anexos dos minist\u00e9rios e no estacionamento do SESI Lab estar\u00e1 sujeito \u00e0 disponibilidade.<\/p>\n<p>No feriado do Dia da Independ\u00eancia, o Zool\u00f3gico de Bras\u00edlia e as unidades de conserva\u00e7\u00e3o do Instituto Bras\u00edlia Ambiental funcionar\u00e3o normalmente, com entrada gratuita at\u00e9 as 16h. O Zool\u00f3gico estar\u00e1 aberto das 8h30 \u00e0s 17h, com parques operando das 5h30 at\u00e9 22h, conforme a unidade. O Museu de Arte de Bras\u00edlia e complexos culturais em Samambaia e Planaltina tamb\u00e9m estar\u00e3o abertos, oferecendo atividades diversas.<\/p>\n<p>Os restaurantes comunit\u00e1rios atender\u00e3o para caf\u00e9, almo\u00e7o e jantar, com exce\u00e7\u00e3o da unidade de Ceil\u00e2ndia, que n\u00e3o abre em feriados. Por outro lado, o Jardim Bot\u00e2nico de Bras\u00edlia estar\u00e1 fechado para manuten\u00e7\u00e3o, assim como a Biblioteca Nacional e o Museu Nacional da Rep\u00fablica, al\u00e9m das ag\u00eancias banc\u00e1rias.<\/p>\n","protected":false},"excerpt":{"rendered":"<p>O desfile de 7 de Setembro, realizado na Esplanada dos Minist\u00e9rios em Bras\u00edlia, contar\u00e1 com um dispositivo de seguran\u00e7a refor\u00e7ado. O evento, programado para esta segunda-feira, 7, ter\u00e1 a presen\u00e7a de tropas especializadas em toda a regi\u00e3o central da capital. A partir das 16h de domingo, 6, o tr\u00e2nsito de ve\u00edculos ser\u00e1 interrompido entre a &hellip;<\/p>\n","protected":false},"author":5,"featured_media":123395,"comment_status":"open","ping_status":"closed","sticky":false,"template":"","format":"standard","meta":{"footnotes":""},"categories":[469,175,1561,143,2921],"tags":[],"class_list":["post-123394","post","type-post","status-publish","format-standard","has-post-thumbnail","hentry","category-cultura","category-gastronomia","category-tecnologia","category-transito","category-transportes"],"yoast_head":"<!-- This site is optimized with the Yoast SEO plugin v28.4 - https:\/\/yoast.com\/product\/yoast-seo-wordpress\/ -->\n<title>Seguran\u00e7a refor\u00e7ada e dicas para o Desfile de 7 de Setembro em Bras\u00edlia - Ribeir\u00e3o Preto e Regi\u00e3o<\/title>\n<meta name=\"robots\" content=\"index, follow, max-snippet:-1, max-image-preview:large, max-video-preview:-1\" \/>\n<link rel=\"canonical\" href=\"https:\/\/redenoticiaz.com.br\/ribeiraopreto-regiao\/sp\/2026\/09\/06\/seguranca-reforcada-e-dicas-para-o-desfile-de-7-de-setembro-em-brasilia\" \/>\n<meta property=\"og:locale\" content=\"pt_BR\" \/>\n<meta property=\"og:type\" content=\"article\" \/>\n<meta property=\"og:title\" content=\"Seguran\u00e7a refor\u00e7ada e dicas para o Desfile de 7 de Setembro em Bras\u00edlia - Ribeir\u00e3o Preto e Regi\u00e3o\" \/>\n<meta property=\"og:description\" content=\"O desfile de 7 de Setembro, realizado na Esplanada dos Minist\u00e9rios em Bras\u00edlia, contar\u00e1 com um dispositivo de seguran\u00e7a refor\u00e7ado. O evento, programado para esta segunda-feira, 7, ter\u00e1 a presen\u00e7a de tropas especializadas em toda a regi\u00e3o central da capital. A partir das 16h de domingo, 6, o tr\u00e2nsito de ve\u00edculos ser\u00e1 interrompido entre a &hellip;\" \/>\n<meta property=\"og:url\" content=\"https:\/\/redenoticiaz.com.br\/ribeiraopreto-regiao\/sp\/2026\/09\/06\/seguranca-reforcada-e-dicas-para-o-desfile-de-7-de-setembro-em-brasilia\" \/>\n<meta property=\"og:site_name\" content=\"Ribeir\u00e3o Preto e Regi\u00e3o\" \/>\n<meta property=\"article:publisher\" content=\"https:\/\/m.facebook.com\/redenoticiaz.barretos\" \/>\n<meta property=\"article:published_time\" content=\"2026-09-06T19:37:47+00:00\" \/>\n<meta property=\"og:image\" content=\"https:\/\/redenoticiaz.com.br\/ribeiraopreto-regiao\/wp-content\/uploads\/sites\/4\/2022\/02\/logo.jpg\" \/>\n\t<meta property=\"og:image:width\" content=\"400\" \/>\n\t<meta property=\"og:image:height\" content=\"250\" \/>\n\t<meta property=\"og:image:type\" content=\"image\/jpeg\" \/>\n<meta name=\"author\" content=\"Patr\u00edcia Prado\" \/>\n<meta name=\"twitter:card\" content=\"summary_large_image\" \/>\n<meta name=\"twitter:creator\" content=\"@RN_barretos\" \/>\n<meta name=\"twitter:site\" content=\"@RN_barretos\" \/>\n<meta name=\"twitter:label1\" content=\"Escrito por\" \/>\n\t<meta name=\"twitter:data1\" content=\"Patr\u00edcia Prado\" \/>\n\t<meta name=\"twitter:label2\" content=\"Est. tempo de leitura\" \/>\n\t<meta name=\"twitter:data2\" content=\"3 minutos\" \/>\n<script type=\"application\/ld+json\" class=\"yoast-schema-graph\">{\"@context\":\"https:\\\/\\\/schema.org\",\"@graph\":[{\"@type\":\"Article\",\"@id\":\"https:\\\/\\\/redenoticiaz.com.br\\\/ribeiraopreto-regiao\\\/sp\\\/2026\\\/09\\\/06\\\/seguranca-reforcada-e-dicas-para-o-desfile-de-7-de-setembro-em-brasilia#article\",\"isPartOf\":{\"@id\":\"https:\\\/\\\/redenoticiaz.com.br\\\/ribeiraopreto-regiao\\\/sp\\\/2026\\\/09\\\/06\\\/seguranca-reforcada-e-dicas-para-o-desfile-de-7-de-setembro-em-brasilia\"},\"author\":{\"name\":\"Patr\u00edcia Prado\",\"@id\":\"https:\\\/\\\/redenoticiaz.com.br\\\/ribeiraopreto-regiao\\\/#\\\/schema\\\/person\\\/e1b0bd8c2637e2c1b6ddcbc2c33b116f\"},\"headline\":\"Seguran\u00e7a refor\u00e7ada e dicas para o Desfile de 7 de Setembro em Bras\u00edlia\",\"datePublished\":\"2026-09-06T19:37:47+00:00\",\"mainEntityOfPage\":{\"@id\":\"https:\\\/\\\/redenoticiaz.com.br\\\/ribeiraopreto-regiao\\\/sp\\\/2026\\\/09\\\/06\\\/seguranca-reforcada-e-dicas-para-o-desfile-de-7-de-setembro-em-brasilia\"},\"wordCount\":636,\"commentCount\":0,\"publisher\":{\"@id\":\"https:\\\/\\\/redenoticiaz.com.br\\\/ribeiraopreto-regiao\\\/#organization\"},\"image\":{\"@id\":\"https:\\\/\\\/redenoticiaz.com.br\\\/ribeiraopreto-regiao\\\/sp\\\/2026\\\/09\\\/06\\\/seguranca-reforcada-e-dicas-para-o-desfile-de-7-de-setembro-em-brasilia#primaryimage\"},\"thumbnailUrl\":\"https:\\\/\\\/redenoticiaz.com.br\\\/ribeiraopreto-regiao\\\/wp-content\\\/uploads\\\/sites\\\/4\\\/2026\\\/09\\\/0d7a9524.jpg.jpg\",\"articleSection\":[\"Cultura\",\"Gastronomia\",\"Tecnologia\",\"Tr\u00e2nsito\",\"Transportes\"],\"inLanguage\":\"pt-BR\",\"potentialAction\":[{\"@type\":\"CommentAction\",\"name\":\"Comment\",\"target\":[\"https:\\\/\\\/redenoticiaz.com.br\\\/ribeiraopreto-regiao\\\/sp\\\/2026\\\/09\\\/06\\\/seguranca-reforcada-e-dicas-para-o-desfile-de-7-de-setembro-em-brasilia#respond\"]}]},{\"@type\":\"WebPage\",\"@id\":\"https:\\\/\\\/redenoticiaz.com.br\\\/ribeiraopreto-regiao\\\/sp\\\/2026\\\/09\\\/06\\\/seguranca-reforcada-e-dicas-para-o-desfile-de-7-de-setembro-em-brasilia\",\"url\":\"https:\\\/\\\/redenoticiaz.com.br\\\/ribeiraopreto-regiao\\\/sp\\\/2026\\\/09\\\/06\\\/seguranca-reforcada-e-dicas-para-o-desfile-de-7-de-setembro-em-brasilia\",\"name\":\"Seguran\u00e7a refor\u00e7ada e dicas para o Desfile de 7 de Setembro em Bras\u00edlia - Ribeir\u00e3o Preto e Regi\u00e3o\",\"isPartOf\":{\"@id\":\"https:\\\/\\\/redenoticiaz.com.br\\\/ribeiraopreto-regiao\\\/#website\"},\"primaryImageOfPage\":{\"@id\":\"https:\\\/\\\/redenoticiaz.com.br\\\/ribeiraopreto-regiao\\\/sp\\\/2026\\\/09\\\/06\\\/seguranca-reforcada-e-dicas-para-o-desfile-de-7-de-setembro-em-brasilia#primaryimage\"},\"image\":{\"@id\":\"https:\\\/\\\/redenoticiaz.com.br\\\/ribeiraopreto-regiao\\\/sp\\\/2026\\\/09\\\/06\\\/seguranca-reforcada-e-dicas-para-o-desfile-de-7-de-setembro-em-brasilia#primaryimage\"},\"thumbnailUrl\":\"https:\\\/\\\/redenoticiaz.com.br\\\/ribeiraopreto-regiao\\\/wp-content\\\/uploads\\\/sites\\\/4\\\/2026\\\/09\\\/0d7a9524.jpg.jpg\",\"datePublished\":\"2026-09-06T19:37:47+00:00\",\"inLanguage\":\"pt-BR\",\"potentialAction\":[{\"@type\":\"ReadAction\",\"target\":[\"https:\\\/\\\/redenoticiaz.com.br\\\/ribeiraopreto-regiao\\\/sp\\\/2026\\\/09\\\/06\\\/seguranca-reforcada-e-dicas-para-o-desfile-de-7-de-setembro-em-brasilia\"]}]},{\"@type\":\"ImageObject\",\"inLanguage\":\"pt-BR\",\"@id\":\"https:\\\/\\\/redenoticiaz.com.br\\\/ribeiraopreto-regiao\\\/sp\\\/2026\\\/09\\\/06\\\/seguranca-reforcada-e-dicas-para-o-desfile-de-7-de-setembro-em-brasilia#primaryimage\",\"url\":\"https:\\\/\\\/redenoticiaz.com.br\\\/ribeiraopreto-regiao\\\/wp-content\\\/uploads\\\/sites\\\/4\\\/2026\\\/09\\\/0d7a9524.jpg.jpg\",\"contentUrl\":\"https:\\\/\\\/redenoticiaz.com.br\\\/ribeiraopreto-regiao\\\/wp-content\\\/uploads\\\/sites\\\/4\\\/2026\\\/09\\\/0d7a9524.jpg.jpg\",\"width\":1600,\"height\":800},{\"@type\":\"WebSite\",\"@id\":\"https:\\\/\\\/redenoticiaz.com.br\\\/ribeiraopreto-regiao\\\/#website\",\"url\":\"https:\\\/\\\/redenoticiaz.com.br\\\/ribeiraopreto-regiao\\\/\",\"name\":\"Ribeir\u00e3o Preto e Regi\u00e3o\",\"description\":\"Rede NoticiaZ - Ribeir\u00e3o Preto e regi\u00e3o\",\"publisher\":{\"@id\":\"https:\\\/\\\/redenoticiaz.com.br\\\/ribeiraopreto-regiao\\\/#organization\"},\"potentialAction\":[{\"@type\":\"SearchAction\",\"target\":{\"@type\":\"EntryPoint\",\"urlTemplate\":\"https:\\\/\\\/redenoticiaz.com.br\\\/ribeiraopreto-regiao\\\/?s={search_term_string}\"},\"query-input\":{\"@type\":\"PropertyValueSpecification\",\"valueRequired\":true,\"valueName\":\"search_term_string\"}}],\"inLanguage\":\"pt-BR\"},{\"@type\":\"Organization\",\"@id\":\"https:\\\/\\\/redenoticiaz.com.br\\\/ribeiraopreto-regiao\\\/#organization\",\"name\":\"Ribeir\u00e3o Preto e Regi\u00e3o\",\"url\":\"https:\\\/\\\/redenoticiaz.com.br\\\/ribeiraopreto-regiao\\\/\",\"logo\":{\"@type\":\"ImageObject\",\"inLanguage\":\"pt-BR\",\"@id\":\"https:\\\/\\\/redenoticiaz.com.br\\\/ribeiraopreto-regiao\\\/#\\\/schema\\\/logo\\\/image\\\/\",\"url\":\"https:\\\/\\\/redenoticiaz.com.br\\\/barretos-regiao\\\/wp-content\\\/uploads\\\/sites\\\/4\\\/2022\\\/02\\\/logo.jpg\",\"contentUrl\":\"https:\\\/\\\/redenoticiaz.com.br\\\/barretos-regiao\\\/wp-content\\\/uploads\\\/sites\\\/4\\\/2022\\\/02\\\/logo.jpg\",\"width\":400,\"height\":250,\"caption\":\"Ribeir\u00e3o Preto e Regi\u00e3o\"},\"image\":{\"@id\":\"https:\\\/\\\/redenoticiaz.com.br\\\/ribeiraopreto-regiao\\\/#\\\/schema\\\/logo\\\/image\\\/\"},\"sameAs\":[\"https:\\\/\\\/m.facebook.com\\\/redenoticiaz.barretos\",\"https:\\\/\\\/x.com\\\/RN_barretos\",\"https:\\\/\\\/www.instagram.com\\\/redenoticiaz.barretos\\\/?igshid=YmMyMTA2M2Y\",\"https:\\\/\\\/www.linkedin.com\\\/company\\\/rede-noticiaz-barretos-e-regio\\\/\"]},{\"@type\":\"Person\",\"@id\":\"https:\\\/\\\/redenoticiaz.com.br\\\/ribeiraopreto-regiao\\\/#\\\/schema\\\/person\\\/e1b0bd8c2637e2c1b6ddcbc2c33b116f\",\"name\":\"Patr\u00edcia Prado\",\"image\":{\"@type\":\"ImageObject\",\"inLanguage\":\"pt-BR\",\"@id\":\"https:\\\/\\\/secure.gravatar.com\\\/avatar\\\/92e358bef22cfcec15e054ae4d9fee04dadf0c772dc4a17b382b8a34a15354c2?s=96&d=mm&r=g\",\"url\":\"https:\\\/\\\/secure.gravatar.com\\\/avatar\\\/92e358bef22cfcec15e054ae4d9fee04dadf0c772dc4a17b382b8a34a15354c2?s=96&d=mm&r=g\",\"contentUrl\":\"https:\\\/\\\/secure.gravatar.com\\\/avatar\\\/92e358bef22cfcec15e054ae4d9fee04dadf0c772dc4a17b382b8a34a15354c2?s=96&d=mm&r=g\",\"caption\":\"Patr\u00edcia Prado\"},\"url\":\"https:\\\/\\\/redenoticiaz.com.br\\\/ribeiraopreto-regiao\\\/sp\\\/author\\\/patricia-prado\"}]}<\/script>\n<!-- \/ Yoast SEO plugin. -->","yoast_head_json":{"title":"Seguran\u00e7a refor\u00e7ada e dicas para o Desfile de 7 de Setembro em Bras\u00edlia - Ribeir\u00e3o Preto e Regi\u00e3o","robots":{"index":"index","follow":"follow","max-snippet":"max-snippet:-1","max-image-preview":"max-image-preview:large","max-video-preview":"max-video-preview:-1"},"canonical":"https:\/\/redenoticiaz.com.br\/ribeiraopreto-regiao\/sp\/2026\/09\/06\/seguranca-reforcada-e-dicas-para-o-desfile-de-7-de-setembro-em-brasilia","og_locale":"pt_BR","og_type":"article","og_title":"Seguran\u00e7a refor\u00e7ada e dicas para o Desfile de 7 de Setembro em Bras\u00edlia - Ribeir\u00e3o Preto e Regi\u00e3o","og_description":"O desfile de 7 de Setembro, realizado na Esplanada dos Minist\u00e9rios em Bras\u00edlia, contar\u00e1 com um dispositivo de seguran\u00e7a refor\u00e7ado. O evento, programado para esta segunda-feira, 7, ter\u00e1 a presen\u00e7a de tropas especializadas em toda a regi\u00e3o central da capital. A partir das 16h de domingo, 6, o tr\u00e2nsito de ve\u00edculos ser\u00e1 interrompido entre a &hellip;","og_url":"https:\/\/redenoticiaz.com.br\/ribeiraopreto-regiao\/sp\/2026\/09\/06\/seguranca-reforcada-e-dicas-para-o-desfile-de-7-de-setembro-em-brasilia","og_site_name":"Ribeir\u00e3o Preto e Regi\u00e3o","article_publisher":"https:\/\/m.facebook.com\/redenoticiaz.barretos","article_published_time":"2026-09-06T19:37:47+00:00","og_image":[{"width":400,"height":250,"url":"https:\/\/redenoticiaz.com.br\/ribeiraopreto-regiao\/wp-content\/uploads\/sites\/4\/2022\/02\/logo.jpg","type":"image\/jpeg"}],"author":"Patr\u00edcia Prado","twitter_card":"summary_large_image","twitter_creator":"@RN_barretos","twitter_site":"@RN_barretos","twitter_misc":{"Escrito por":"Patr\u00edcia Prado","Est. tempo de leitura":"3 minutos"},"schema":{"@context":"https:\/\/schema.org","@graph":[{"@type":"Article","@id":"https:\/\/redenoticiaz.com.br\/ribeiraopreto-regiao\/sp\/2026\/09\/06\/seguranca-reforcada-e-dicas-para-o-desfile-de-7-de-setembro-em-brasilia#article","isPartOf":{"@id":"https:\/\/redenoticiaz.com.br\/ribeiraopreto-regiao\/sp\/2026\/09\/06\/seguranca-reforcada-e-dicas-para-o-desfile-de-7-de-setembro-em-brasilia"},"author":{"name":"Patr\u00edcia Prado","@id":"https:\/\/redenoticiaz.com.br\/ribeiraopreto-regiao\/#\/schema\/person\/e1b0bd8c2637e2c1b6ddcbc2c33b116f"},"headline":"Seguran\u00e7a refor\u00e7ada e dicas para o Desfile de 7 de Setembro em Bras\u00edlia","datePublished":"2026-09-06T19:37:47+00:00","mainEntityOfPage":{"@id":"https:\/\/redenoticiaz.com.br\/ribeiraopreto-regiao\/sp\/2026\/09\/06\/seguranca-reforcada-e-dicas-para-o-desfile-de-7-de-setembro-em-brasilia"},"wordCount":636,"commentCount":0,"publisher":{"@id":"https:\/\/redenoticiaz.com.br\/ribeiraopreto-regiao\/#organization"},"image":{"@id":"https:\/\/redenoticiaz.com.br\/ribeiraopreto-regiao\/sp\/2026\/09\/06\/seguranca-reforcada-e-dicas-para-o-desfile-de-7-de-setembro-em-brasilia#primaryimage"},"thumbnailUrl":"https:\/\/redenoticiaz.com.br\/ribeiraopreto-regiao\/wp-content\/uploads\/sites\/4\/2026\/09\/0d7a9524.jpg.jpg","articleSection":["Cultura","Gastronomia","Tecnologia","Tr\u00e2nsito","Transportes"],"inLanguage":"pt-BR","potentialAction":[{"@type":"CommentAction","name":"Comment","target":["https:\/\/redenoticiaz.com.br\/ribeiraopreto-regiao\/sp\/2026\/09\/06\/seguranca-reforcada-e-dicas-para-o-desfile-de-7-de-setembro-em-brasilia#respond"]}]},{"@type":"WebPage","@id":"https:\/\/redenoticiaz.com.br\/ribeiraopreto-regiao\/sp\/2026\/09\/06\/seguranca-reforcada-e-dicas-para-o-desfile-de-7-de-setembro-em-brasilia","url":"https:\/\/redenoticiaz.com.br\/ribeiraopreto-regiao\/sp\/2026\/09\/06\/seguranca-reforcada-e-dicas-para-o-desfile-de-7-de-setembro-em-brasilia","name":"Seguran\u00e7a refor\u00e7ada e dicas para o Desfile de 7 de Setembro em Bras\u00edlia - Ribeir\u00e3o Preto e Regi\u00e3o","isPartOf":{"@id":"https:\/\/redenoticiaz.com.br\/ribeiraopreto-regiao\/#website"},"primaryImageOfPage":{"@id":"https:\/\/redenoticiaz.com.br\/ribeiraopreto-regiao\/sp\/2026\/09\/06\/seguranca-reforcada-e-dicas-para-o-desfile-de-7-de-setembro-em-brasilia#primaryimage"},"image":{"@id":"https:\/\/redenoticiaz.com.br\/ribeiraopreto-regiao\/sp\/2026\/09\/06\/seguranca-reforcada-e-dicas-para-o-desfile-de-7-de-setembro-em-brasilia#primaryimage"},"thumbnailUrl":"https:\/\/redenoticiaz.com.br\/ribeiraopreto-regiao\/wp-content\/uploads\/sites\/4\/2026\/09\/0d7a9524.jpg.jpg","datePublished":"2026-09-06T19:37:47+00:00","inLanguage":"pt-BR","potentialAction":[{"@type":"ReadAction","target":["https:\/\/redenoticiaz.com.br\/ribeiraopreto-regiao\/sp\/2026\/09\/06\/seguranca-reforcada-e-dicas-para-o-desfile-de-7-de-setembro-em-brasilia"]}]},{"@type":"ImageObject","inLanguage":"pt-BR","@id":"https:\/\/redenoticiaz.com.br\/ribeiraopreto-regiao\/sp\/2026\/09\/06\/seguranca-reforcada-e-dicas-para-o-desfile-de-7-de-setembro-em-brasilia#primaryimage","url":"https:\/\/redenoticiaz.com.br\/ribeiraopreto-regiao\/wp-content\/uploads\/sites\/4\/2026\/09\/0d7a9524.jpg.jpg","contentUrl":"https:\/\/redenoticiaz.com.br\/ribeiraopreto-regiao\/wp-content\/uploads\/sites\/4\/2026\/09\/0d7a9524.jpg.jpg","width":1600,"height":800},{"@type":"WebSite","@id":"https:\/\/redenoticiaz.com.br\/ribeiraopreto-regiao\/#website","url":"https:\/\/redenoticiaz.com.br\/ribeiraopreto-regiao\/","name":"Ribeir\u00e3o Preto e Regi\u00e3o","description":"Rede NoticiaZ - Ribeir\u00e3o Preto e regi\u00e3o","publisher":{"@id":"https:\/\/redenoticiaz.com.br\/ribeiraopreto-regiao\/#organization"},"potentialAction":[{"@type":"SearchAction","target":{"@type":"EntryPoint","urlTemplate":"https:\/\/redenoticiaz.com.br\/ribeiraopreto-regiao\/?s={search_term_string}"},"query-input":{"@type":"PropertyValueSpecification","valueRequired":true,"valueName":"search_term_string"}}],"inLanguage":"pt-BR"},{"@type":"Organization","@id":"https:\/\/redenoticiaz.com.br\/ribeiraopreto-regiao\/#organization","name":"Ribeir\u00e3o Preto e Regi\u00e3o","url":"https:\/\/redenoticiaz.com.br\/ribeiraopreto-regiao\/","logo":{"@type":"ImageObject","inLanguage":"pt-BR","@id":"https:\/\/redenoticiaz.com.br\/ribeiraopreto-regiao\/#\/schema\/logo\/image\/","url":"https:\/\/redenoticiaz.com.br\/barretos-regiao\/wp-content\/uploads\/sites\/4\/2022\/02\/logo.jpg","contentUrl":"https:\/\/redenoticiaz.com.br\/barretos-regiao\/wp-content\/uploads\/sites\/4\/2022\/02\/logo.jpg","width":400,"height":250,"caption":"Ribeir\u00e3o Preto e Regi\u00e3o"},"image":{"@id":"https:\/\/redenoticiaz.com.br\/ribeiraopreto-regiao\/#\/schema\/logo\/image\/"},"sameAs":["https:\/\/m.facebook.com\/redenoticiaz.barretos","https:\/\/x.com\/RN_barretos","https:\/\/www.instagram.com\/redenoticiaz.barretos\/?igshid=YmMyMTA2M2Y","https:\/\/www.linkedin.com\/company\/rede-noticiaz-barretos-e-regio\/"]},{"@type":"Person","@id":"https:\/\/redenoticiaz.com.br\/ribeiraopreto-regiao\/#\/schema\/person\/e1b0bd8c2637e2c1b6ddcbc2c33b116f","name":"Patr\u00edcia Prado","image":{"@type":"ImageObject","inLanguage":"pt-BR","@id":"https:\/\/secure.gravatar.com\/avatar\/92e358bef22cfcec15e054ae4d9fee04dadf0c772dc4a17b382b8a34a15354c2?s=96&d=mm&r=g","url":"https:\/\/secure.gravatar.com\/avatar\/92e358bef22cfcec15e054ae4d9fee04dadf0c772dc4a17b382b8a34a15354c2?s=96&d=mm&r=g","contentUrl":"https:\/\/secure.gravatar.com\/avatar\/92e358bef22cfcec15e054ae4d9fee04dadf0c772dc4a17b382b8a34a15354c2?s=96&d=mm&r=g","caption":"Patr\u00edcia Prado"},"url":"https:\/\/redenoticiaz.com.br\/ribeiraopreto-regiao\/sp\/author\/patricia-prado"}]}},"_links":{"self":[{"href":"https:\/\/redenoticiaz.com.br\/ribeiraopreto-regiao\/wp-json\/wp\/v2\/posts\/123394","targetHints":{"allow":["GET"]}}],"collection":[{"href":"https:\/\/redenoticiaz.com.br\/ribeiraopreto-regiao\/wp-json\/wp\/v2\/posts"}],"about":[{"href":"https:\/\/redenoticiaz.com.br\/ribeiraopreto-regiao\/wp-json\/wp\/v2\/types\/post"}],"author":[{"embeddable":true,"href":"https:\/\/redenoticiaz.com.br\/ribeiraopreto-regiao\/wp-json\/wp\/v2\/users\/5"}],"replies":[{"embeddable":true,"href":"https:\/\/redenoticiaz.com.br\/ribeiraopreto-regiao\/wp-json\/wp\/v2\/comments?post=123394"}],"version-history":[{"count":0,"href":"https:\/\/redenoticiaz.com.br\/ribeiraopreto-regiao\/wp-json\/wp\/v2\/posts\/123394\/revisions"}],"wp:featuredmedia":[{"embeddable":true,"href":"https:\/\/redenoticiaz.com.br\/ribeiraopreto-regiao\/wp-json\/wp\/v2\/media\/123395"}],"wp:attachment":[{"href":"https:\/\/redenoticiaz.com.br\/ribeiraopreto-regiao\/wp-json\/wp\/v2\/media?parent=123394"}],"wp:term":[{"taxonomy":"category","embeddable":true,"href":"https:\/\/redenoticiaz.com.br\/ribeiraopreto-regiao\/wp-json\/wp\/v2\/categories?post=123394"},{"taxonomy":"post_tag","embeddable":true,"href":"https:\/\/redenoticiaz.com.br\/ribeiraopreto-regiao\/wp-json\/wp\/v2\/tags?post=123394"}],"curies":[{"name":"wp","href":"https:\/\/api.w.org\/{rel}","templated":true}]}}