{"id":123398,"date":"2026-09-06T19:13:26","date_gmt":"2026-09-06T22:13:26","guid":{"rendered":"https:\/\/redenoticiaz.com.br\/ribeiraopreto-regiao\/sp\/2026\/09\/06\/candidatos-a-presidencia-intensificam-agendas-de-campanha-no-fim-de-semana"},"modified":"2026-09-06T19:13:26","modified_gmt":"2026-09-06T22:13:26","slug":"candidatos-a-presidencia-intensificam-agendas-de-campanha-no-fim-de-semana","status":"publish","type":"post","link":"https:\/\/redenoticiaz.com.br\/ribeiraopreto-regiao\/sp\/2026\/09\/06\/candidatos-a-presidencia-intensificam-agendas-de-campanha-no-fim-de-semana","title":{"rendered":"Candidatos \u00e0 presid\u00eancia intensificam agendas de campanha no fim de semana"},"content":{"rendered":"<p>No \u00faltimo fim de semana, candidatos \u00e0 presid\u00eancia do Brasil intensificaram suas agendas com lan\u00e7amentos de campanha, caminhadas, panfletagens, entrevistas e eventos pol\u00edticos em diversas localidades.<\/p>\n<p><strong>Augusto Cury (Avante)<\/strong> percorreu Ara\u00e7atuba (SP), onde participou de uma carreata e visitou o camel\u00f3dromo e o cal\u00e7ad\u00e3o da cidade. O candidato ressaltou a necessidade de melhorias no Sistema \u00danico de Sa\u00fade (SUS) e promoveu a telemedicina como uma solu\u00e7\u00e3o moderna para atender a popula\u00e7\u00e3o. Cury tamb\u00e9m autografou livros e n\u00e3o teve compromissos no domingo.<\/p>\n<p><strong>Clariana Bar\u00e3o (DC)<\/strong> concedeu uma entrevista ao Jornal News SBT no s\u00e1bado (5) e seguiu com suas atividades de campanha.<\/p>\n<p><strong>Edmilson Costa (PCB)<\/strong> esteve em Lisboa, cumprindo agenda da secretaria-geral do partido.<\/p>\n<p><strong>Fl\u00e1vio Bolsonaro (PL)<\/strong> visitou Filipe Martins, ex-assessor internacional de Jair Bolsonaro, preso em Ponta Grossa (PR). O candidato considerou sua condena\u00e7\u00e3o injusta e apresentou propostas relacionadas \u00e0 seguran\u00e7a p\u00fablica, incluindo a cria\u00e7\u00e3o de 500 mil novas vagas em pres\u00eddios e a transforma\u00e7\u00e3o de fac\u00e7\u00f5es criminosas em grupos terroristas.<\/p>\n<p><strong>Hertz Dias (PSTU)<\/strong> participou de panfletagem em Salvador (BA) e discutiu quest\u00f5es de exclus\u00e3o social e racismo, propondo uma mudan\u00e7a nas pol\u00edticas p\u00fablicas para garantir melhores condi\u00e7\u00f5es de vida para a popula\u00e7\u00e3o negra. Ele n\u00e3o teve compromissos de campanha no domingo.<\/p>\n<p><strong>Luiz In\u00e1cio Lula da Silva (PT)<\/strong>, atual presidente e candidato \u00e0 reelei\u00e7\u00e3o, esteve em S\u00e3o Jos\u00e9 do Rio Preto (SP), onde prometeu expandir as escolas em tempo integral no Brasil, destacando a import\u00e2ncia da educa\u00e7\u00e3o para o desenvolvimento nacional.<\/p>\n<p><strong>Renan Santos (Miss\u00e3o)<\/strong> fez campanha em Pernambuco e Cear\u00e1, onde se encontrou com moradores e denunciou o dom\u00ednio de fac\u00e7\u00f5es criminosas sobre atividades de campanha. O candidato tamb\u00e9m falou sobre a recupera\u00e7\u00e3o econ\u00f4mica e tur\u00edstica da regi\u00e3o. Ele participou de atividades em S\u00e3o Lu\u00eds (MA) no s\u00e1bado \u00e0 noite.<\/p>\n<p><strong>Romeu Zema (Novo)<\/strong> deu uma entrevista \u00e0 TV Record e participou da exposi\u00e7\u00e3o agropecu\u00e1ria Camaru em Uberl\u00e2ndia (MG), onde conversou com eleitores e representantes do agroneg\u00f3cio. No domingo, vistoriou o Anel Vi\u00e1rio de Uberl\u00e2ndia e participou de um &#8220;adesiva\u00e7o&#8221;.<\/p>\n<p><strong>Ronaldo Caiado (PSD)<\/strong> esteve na 49\u00aa edi\u00e7\u00e3o da Expointer em Esteio (RS) e, posteriormente, na Feira do Garavelo em Aparecida de Goi\u00e2nia (GO), onde prometeu trabalhar para reduzir a taxa Selic, atualmente em 14% ao ano, se eleito.<\/p>\n<p><strong>Rui Costa Pimenta (PCO)<\/strong> participou de um evento em Belo Horizonte (MG), onde defendeu a reestatiza\u00e7\u00e3o de empresas p\u00fablicas e um aumento significativo no sal\u00e1rio m\u00ednimo. O candidato viajou para S\u00e3o Paulo \u00e0 noite.<\/p>\n<p><strong>Samara Martins (UP)<\/strong> participou da Marcha do Hero\u00edsmo Revolucion\u00e1rio em Santo Andr\u00e9 (SP) e, no dia seguinte, fez campanha em Bel\u00e9m (PA), visitando comunidades ribeirinhas e quilombolas.<\/p>\n<p><strong>Wilson Grassi (Democrata)<\/strong> n\u00e3o teve agenda p\u00fablica de campanha neste fim de semana.<\/p>\n<p>A ordem de apresenta\u00e7\u00e3o da cobertura seguir\u00e1 um rod\u00edzio di\u00e1rio em ordem alfab\u00e9tica. <em>* Colaborou Pedro Rafael Vilela (Bras\u00edlia)<\/em><\/p>\n","protected":false},"excerpt":{"rendered":"<p>No \u00faltimo fim de semana, candidatos \u00e0 presid\u00eancia do Brasil intensificaram suas agendas com lan\u00e7amentos de campanha, caminhadas, panfletagens, entrevistas e eventos pol\u00edticos em diversas localidades. Augusto Cury (Avante) percorreu Ara\u00e7atuba (SP), onde participou de uma carreata e visitou o camel\u00f3dromo e o cal\u00e7ad\u00e3o da cidade. O candidato ressaltou a necessidade de melhorias no Sistema &hellip;<\/p>\n","protected":false},"author":5,"featured_media":123399,"comment_status":"open","ping_status":"closed","sticky":false,"template":"","format":"standard","meta":{"footnotes":""},"categories":[5267,469,101,820,9271,29902,68,186,129],"tags":[],"class_list":["post-123398","post","type-post","status-publish","format-standard","has-post-thumbnail","hentry","category-agricultura","category-cultura","category-economia","category-educacao","category-eleicoes","category-emprego","category-mundo","category-politica","category-saude"],"yoast_head":"<!-- This site is optimized with the Yoast SEO plugin v28.4 - https:\/\/yoast.com\/product\/yoast-seo-wordpress\/ -->\n<title>Candidatos \u00e0 presid\u00eancia intensificam agendas de campanha no fim de semana - Ribeir\u00e3o Preto e Regi\u00e3o<\/title>\n<meta name=\"robots\" content=\"index, follow, max-snippet:-1, max-image-preview:large, max-video-preview:-1\" \/>\n<link rel=\"canonical\" href=\"https:\/\/redenoticiaz.com.br\/ribeiraopreto-regiao\/sp\/2026\/09\/06\/candidatos-a-presidencia-intensificam-agendas-de-campanha-no-fim-de-semana\" \/>\n<meta property=\"og:locale\" content=\"pt_BR\" \/>\n<meta property=\"og:type\" content=\"article\" \/>\n<meta property=\"og:title\" content=\"Candidatos \u00e0 presid\u00eancia intensificam agendas de campanha no fim de semana - Ribeir\u00e3o Preto e Regi\u00e3o\" \/>\n<meta property=\"og:description\" content=\"No \u00faltimo fim de semana, candidatos \u00e0 presid\u00eancia do Brasil intensificaram suas agendas com lan\u00e7amentos de campanha, caminhadas, panfletagens, entrevistas e eventos pol\u00edticos em diversas localidades. Augusto Cury (Avante) percorreu Ara\u00e7atuba (SP), onde participou de uma carreata e visitou o camel\u00f3dromo e o cal\u00e7ad\u00e3o da cidade. O candidato ressaltou a necessidade de melhorias no Sistema &hellip;\" \/>\n<meta property=\"og:url\" content=\"https:\/\/redenoticiaz.com.br\/ribeiraopreto-regiao\/sp\/2026\/09\/06\/candidatos-a-presidencia-intensificam-agendas-de-campanha-no-fim-de-semana\" \/>\n<meta property=\"og:site_name\" content=\"Ribeir\u00e3o Preto e Regi\u00e3o\" \/>\n<meta property=\"article:publisher\" content=\"https:\/\/m.facebook.com\/redenoticiaz.barretos\" \/>\n<meta property=\"article:published_time\" content=\"2026-09-06T22:13:26+00:00\" \/>\n<meta property=\"og:image\" content=\"https:\/\/redenoticiaz.com.br\/ribeiraopreto-regiao\/wp-content\/uploads\/sites\/4\/2022\/02\/logo.jpg\" \/>\n\t<meta property=\"og:image:width\" content=\"400\" \/>\n\t<meta property=\"og:image:height\" content=\"250\" \/>\n\t<meta property=\"og:image:type\" content=\"image\/jpeg\" \/>\n<meta name=\"author\" content=\"Patr\u00edcia Prado\" \/>\n<meta name=\"twitter:card\" content=\"summary_large_image\" \/>\n<meta name=\"twitter:creator\" content=\"@RN_barretos\" \/>\n<meta name=\"twitter:site\" content=\"@RN_barretos\" \/>\n<meta name=\"twitter:label1\" content=\"Escrito por\" \/>\n\t<meta name=\"twitter:data1\" content=\"Patr\u00edcia Prado\" \/>\n\t<meta name=\"twitter:label2\" content=\"Est. tempo de leitura\" \/>\n\t<meta name=\"twitter:data2\" content=\"3 minutos\" \/>\n<script type=\"application\/ld+json\" class=\"yoast-schema-graph\">{\"@context\":\"https:\\\/\\\/schema.org\",\"@graph\":[{\"@type\":\"Article\",\"@id\":\"https:\\\/\\\/redenoticiaz.com.br\\\/ribeiraopreto-regiao\\\/sp\\\/2026\\\/09\\\/06\\\/candidatos-a-presidencia-intensificam-agendas-de-campanha-no-fim-de-semana#article\",\"isPartOf\":{\"@id\":\"https:\\\/\\\/redenoticiaz.com.br\\\/ribeiraopreto-regiao\\\/sp\\\/2026\\\/09\\\/06\\\/candidatos-a-presidencia-intensificam-agendas-de-campanha-no-fim-de-semana\"},\"author\":{\"name\":\"Patr\u00edcia Prado\",\"@id\":\"https:\\\/\\\/redenoticiaz.com.br\\\/ribeiraopreto-regiao\\\/#\\\/schema\\\/person\\\/e1b0bd8c2637e2c1b6ddcbc2c33b116f\"},\"headline\":\"Candidatos \u00e0 presid\u00eancia intensificam agendas de campanha no fim de semana\",\"datePublished\":\"2026-09-06T22:13:26+00:00\",\"mainEntityOfPage\":{\"@id\":\"https:\\\/\\\/redenoticiaz.com.br\\\/ribeiraopreto-regiao\\\/sp\\\/2026\\\/09\\\/06\\\/candidatos-a-presidencia-intensificam-agendas-de-campanha-no-fim-de-semana\"},\"wordCount\":530,\"commentCount\":0,\"publisher\":{\"@id\":\"https:\\\/\\\/redenoticiaz.com.br\\\/ribeiraopreto-regiao\\\/#organization\"},\"image\":{\"@id\":\"https:\\\/\\\/redenoticiaz.com.br\\\/ribeiraopreto-regiao\\\/sp\\\/2026\\\/09\\\/06\\\/candidatos-a-presidencia-intensificam-agendas-de-campanha-no-fim-de-semana#primaryimage\"},\"thumbnailUrl\":\"https:\\\/\\\/redenoticiaz.com.br\\\/ribeiraopreto-regiao\\\/wp-content\\\/uploads\\\/sites\\\/4\\\/2026\\\/09\\\/1788732807_eleicoes-2026-banner.jpg\",\"articleSection\":[\"Agricultura\",\"Cultura\",\"Economia\",\"Educa\u00e7\u00e3o\",\"Elei\u00e7\u00f5es\",\"Emprego\",\"Mundo\",\"Pol\u00edtica\",\"Sa\u00fade\"],\"inLanguage\":\"pt-BR\",\"potentialAction\":[{\"@type\":\"CommentAction\",\"name\":\"Comment\",\"target\":[\"https:\\\/\\\/redenoticiaz.com.br\\\/ribeiraopreto-regiao\\\/sp\\\/2026\\\/09\\\/06\\\/candidatos-a-presidencia-intensificam-agendas-de-campanha-no-fim-de-semana#respond\"]}]},{\"@type\":\"WebPage\",\"@id\":\"https:\\\/\\\/redenoticiaz.com.br\\\/ribeiraopreto-regiao\\\/sp\\\/2026\\\/09\\\/06\\\/candidatos-a-presidencia-intensificam-agendas-de-campanha-no-fim-de-semana\",\"url\":\"https:\\\/\\\/redenoticiaz.com.br\\\/ribeiraopreto-regiao\\\/sp\\\/2026\\\/09\\\/06\\\/candidatos-a-presidencia-intensificam-agendas-de-campanha-no-fim-de-semana\",\"name\":\"Candidatos \u00e0 presid\u00eancia intensificam agendas de campanha no fim de semana - Ribeir\u00e3o Preto e Regi\u00e3o\",\"isPartOf\":{\"@id\":\"https:\\\/\\\/redenoticiaz.com.br\\\/ribeiraopreto-regiao\\\/#website\"},\"primaryImageOfPage\":{\"@id\":\"https:\\\/\\\/redenoticiaz.com.br\\\/ribeiraopreto-regiao\\\/sp\\\/2026\\\/09\\\/06\\\/candidatos-a-presidencia-intensificam-agendas-de-campanha-no-fim-de-semana#primaryimage\"},\"image\":{\"@id\":\"https:\\\/\\\/redenoticiaz.com.br\\\/ribeiraopreto-regiao\\\/sp\\\/2026\\\/09\\\/06\\\/candidatos-a-presidencia-intensificam-agendas-de-campanha-no-fim-de-semana#primaryimage\"},\"thumbnailUrl\":\"https:\\\/\\\/redenoticiaz.com.br\\\/ribeiraopreto-regiao\\\/wp-content\\\/uploads\\\/sites\\\/4\\\/2026\\\/09\\\/1788732807_eleicoes-2026-banner.jpg\",\"datePublished\":\"2026-09-06T22:13:26+00:00\",\"inLanguage\":\"pt-BR\",\"potentialAction\":[{\"@type\":\"ReadAction\",\"target\":[\"https:\\\/\\\/redenoticiaz.com.br\\\/ribeiraopreto-regiao\\\/sp\\\/2026\\\/09\\\/06\\\/candidatos-a-presidencia-intensificam-agendas-de-campanha-no-fim-de-semana\"]}]},{\"@type\":\"ImageObject\",\"inLanguage\":\"pt-BR\",\"@id\":\"https:\\\/\\\/redenoticiaz.com.br\\\/ribeiraopreto-regiao\\\/sp\\\/2026\\\/09\\\/06\\\/candidatos-a-presidencia-intensificam-agendas-de-campanha-no-fim-de-semana#primaryimage\",\"url\":\"https:\\\/\\\/redenoticiaz.com.br\\\/ribeiraopreto-regiao\\\/wp-content\\\/uploads\\\/sites\\\/4\\\/2026\\\/09\\\/1788732807_eleicoes-2026-banner.jpg\",\"contentUrl\":\"https:\\\/\\\/redenoticiaz.com.br\\\/ribeiraopreto-regiao\\\/wp-content\\\/uploads\\\/sites\\\/4\\\/2026\\\/09\\\/1788732807_eleicoes-2026-banner.jpg\",\"width\":1600,\"height\":800},{\"@type\":\"WebSite\",\"@id\":\"https:\\\/\\\/redenoticiaz.com.br\\\/ribeiraopreto-regiao\\\/#website\",\"url\":\"https:\\\/\\\/redenoticiaz.com.br\\\/ribeiraopreto-regiao\\\/\",\"name\":\"Ribeir\u00e3o Preto e Regi\u00e3o\",\"description\":\"Rede NoticiaZ - Ribeir\u00e3o Preto e regi\u00e3o\",\"publisher\":{\"@id\":\"https:\\\/\\\/redenoticiaz.com.br\\\/ribeiraopreto-regiao\\\/#organization\"},\"potentialAction\":[{\"@type\":\"SearchAction\",\"target\":{\"@type\":\"EntryPoint\",\"urlTemplate\":\"https:\\\/\\\/redenoticiaz.com.br\\\/ribeiraopreto-regiao\\\/?s={search_term_string}\"},\"query-input\":{\"@type\":\"PropertyValueSpecification\",\"valueRequired\":true,\"valueName\":\"search_term_string\"}}],\"inLanguage\":\"pt-BR\"},{\"@type\":\"Organization\",\"@id\":\"https:\\\/\\\/redenoticiaz.com.br\\\/ribeiraopreto-regiao\\\/#organization\",\"name\":\"Ribeir\u00e3o Preto e Regi\u00e3o\",\"url\":\"https:\\\/\\\/redenoticiaz.com.br\\\/ribeiraopreto-regiao\\\/\",\"logo\":{\"@type\":\"ImageObject\",\"inLanguage\":\"pt-BR\",\"@id\":\"https:\\\/\\\/redenoticiaz.com.br\\\/ribeiraopreto-regiao\\\/#\\\/schema\\\/logo\\\/image\\\/\",\"url\":\"https:\\\/\\\/redenoticiaz.com.br\\\/barretos-regiao\\\/wp-content\\\/uploads\\\/sites\\\/4\\\/2022\\\/02\\\/logo.jpg\",\"contentUrl\":\"https:\\\/\\\/redenoticiaz.com.br\\\/barretos-regiao\\\/wp-content\\\/uploads\\\/sites\\\/4\\\/2022\\\/02\\\/logo.jpg\",\"width\":400,\"height\":250,\"caption\":\"Ribeir\u00e3o Preto e Regi\u00e3o\"},\"image\":{\"@id\":\"https:\\\/\\\/redenoticiaz.com.br\\\/ribeiraopreto-regiao\\\/#\\\/schema\\\/logo\\\/image\\\/\"},\"sameAs\":[\"https:\\\/\\\/m.facebook.com\\\/redenoticiaz.barretos\",\"https:\\\/\\\/x.com\\\/RN_barretos\",\"https:\\\/\\\/www.instagram.com\\\/redenoticiaz.barretos\\\/?igshid=YmMyMTA2M2Y\",\"https:\\\/\\\/www.linkedin.com\\\/company\\\/rede-noticiaz-barretos-e-regio\\\/\"]},{\"@type\":\"Person\",\"@id\":\"https:\\\/\\\/redenoticiaz.com.br\\\/ribeiraopreto-regiao\\\/#\\\/schema\\\/person\\\/e1b0bd8c2637e2c1b6ddcbc2c33b116f\",\"name\":\"Patr\u00edcia Prado\",\"image\":{\"@type\":\"ImageObject\",\"inLanguage\":\"pt-BR\",\"@id\":\"https:\\\/\\\/secure.gravatar.com\\\/avatar\\\/92e358bef22cfcec15e054ae4d9fee04dadf0c772dc4a17b382b8a34a15354c2?s=96&d=mm&r=g\",\"url\":\"https:\\\/\\\/secure.gravatar.com\\\/avatar\\\/92e358bef22cfcec15e054ae4d9fee04dadf0c772dc4a17b382b8a34a15354c2?s=96&d=mm&r=g\",\"contentUrl\":\"https:\\\/\\\/secure.gravatar.com\\\/avatar\\\/92e358bef22cfcec15e054ae4d9fee04dadf0c772dc4a17b382b8a34a15354c2?s=96&d=mm&r=g\",\"caption\":\"Patr\u00edcia Prado\"},\"url\":\"https:\\\/\\\/redenoticiaz.com.br\\\/ribeiraopreto-regiao\\\/sp\\\/author\\\/patricia-prado\"}]}<\/script>\n<!-- \/ Yoast SEO plugin. -->","yoast_head_json":{"title":"Candidatos \u00e0 presid\u00eancia intensificam agendas de campanha no fim de semana - Ribeir\u00e3o Preto e Regi\u00e3o","robots":{"index":"index","follow":"follow","max-snippet":"max-snippet:-1","max-image-preview":"max-image-preview:large","max-video-preview":"max-video-preview:-1"},"canonical":"https:\/\/redenoticiaz.com.br\/ribeiraopreto-regiao\/sp\/2026\/09\/06\/candidatos-a-presidencia-intensificam-agendas-de-campanha-no-fim-de-semana","og_locale":"pt_BR","og_type":"article","og_title":"Candidatos \u00e0 presid\u00eancia intensificam agendas de campanha no fim de semana - Ribeir\u00e3o Preto e Regi\u00e3o","og_description":"No \u00faltimo fim de semana, candidatos \u00e0 presid\u00eancia do Brasil intensificaram suas agendas com lan\u00e7amentos de campanha, caminhadas, panfletagens, entrevistas e eventos pol\u00edticos em diversas localidades. Augusto Cury (Avante) percorreu Ara\u00e7atuba (SP), onde participou de uma carreata e visitou o camel\u00f3dromo e o cal\u00e7ad\u00e3o da cidade. O candidato ressaltou a necessidade de melhorias no Sistema &hellip;","og_url":"https:\/\/redenoticiaz.com.br\/ribeiraopreto-regiao\/sp\/2026\/09\/06\/candidatos-a-presidencia-intensificam-agendas-de-campanha-no-fim-de-semana","og_site_name":"Ribeir\u00e3o Preto e Regi\u00e3o","article_publisher":"https:\/\/m.facebook.com\/redenoticiaz.barretos","article_published_time":"2026-09-06T22:13:26+00:00","og_image":[{"width":400,"height":250,"url":"https:\/\/redenoticiaz.com.br\/ribeiraopreto-regiao\/wp-content\/uploads\/sites\/4\/2022\/02\/logo.jpg","type":"image\/jpeg"}],"author":"Patr\u00edcia Prado","twitter_card":"summary_large_image","twitter_creator":"@RN_barretos","twitter_site":"@RN_barretos","twitter_misc":{"Escrito por":"Patr\u00edcia Prado","Est. tempo de leitura":"3 minutos"},"schema":{"@context":"https:\/\/schema.org","@graph":[{"@type":"Article","@id":"https:\/\/redenoticiaz.com.br\/ribeiraopreto-regiao\/sp\/2026\/09\/06\/candidatos-a-presidencia-intensificam-agendas-de-campanha-no-fim-de-semana#article","isPartOf":{"@id":"https:\/\/redenoticiaz.com.br\/ribeiraopreto-regiao\/sp\/2026\/09\/06\/candidatos-a-presidencia-intensificam-agendas-de-campanha-no-fim-de-semana"},"author":{"name":"Patr\u00edcia Prado","@id":"https:\/\/redenoticiaz.com.br\/ribeiraopreto-regiao\/#\/schema\/person\/e1b0bd8c2637e2c1b6ddcbc2c33b116f"},"headline":"Candidatos \u00e0 presid\u00eancia intensificam agendas de campanha no fim de semana","datePublished":"2026-09-06T22:13:26+00:00","mainEntityOfPage":{"@id":"https:\/\/redenoticiaz.com.br\/ribeiraopreto-regiao\/sp\/2026\/09\/06\/candidatos-a-presidencia-intensificam-agendas-de-campanha-no-fim-de-semana"},"wordCount":530,"commentCount":0,"publisher":{"@id":"https:\/\/redenoticiaz.com.br\/ribeiraopreto-regiao\/#organization"},"image":{"@id":"https:\/\/redenoticiaz.com.br\/ribeiraopreto-regiao\/sp\/2026\/09\/06\/candidatos-a-presidencia-intensificam-agendas-de-campanha-no-fim-de-semana#primaryimage"},"thumbnailUrl":"https:\/\/redenoticiaz.com.br\/ribeiraopreto-regiao\/wp-content\/uploads\/sites\/4\/2026\/09\/1788732807_eleicoes-2026-banner.jpg","articleSection":["Agricultura","Cultura","Economia","Educa\u00e7\u00e3o","Elei\u00e7\u00f5es","Emprego","Mundo","Pol\u00edtica","Sa\u00fade"],"inLanguage":"pt-BR","potentialAction":[{"@type":"CommentAction","name":"Comment","target":["https:\/\/redenoticiaz.com.br\/ribeiraopreto-regiao\/sp\/2026\/09\/06\/candidatos-a-presidencia-intensificam-agendas-de-campanha-no-fim-de-semana#respond"]}]},{"@type":"WebPage","@id":"https:\/\/redenoticiaz.com.br\/ribeiraopreto-regiao\/sp\/2026\/09\/06\/candidatos-a-presidencia-intensificam-agendas-de-campanha-no-fim-de-semana","url":"https:\/\/redenoticiaz.com.br\/ribeiraopreto-regiao\/sp\/2026\/09\/06\/candidatos-a-presidencia-intensificam-agendas-de-campanha-no-fim-de-semana","name":"Candidatos \u00e0 presid\u00eancia intensificam agendas de campanha no fim de semana - Ribeir\u00e3o Preto e Regi\u00e3o","isPartOf":{"@id":"https:\/\/redenoticiaz.com.br\/ribeiraopreto-regiao\/#website"},"primaryImageOfPage":{"@id":"https:\/\/redenoticiaz.com.br\/ribeiraopreto-regiao\/sp\/2026\/09\/06\/candidatos-a-presidencia-intensificam-agendas-de-campanha-no-fim-de-semana#primaryimage"},"image":{"@id":"https:\/\/redenoticiaz.com.br\/ribeiraopreto-regiao\/sp\/2026\/09\/06\/candidatos-a-presidencia-intensificam-agendas-de-campanha-no-fim-de-semana#primaryimage"},"thumbnailUrl":"https:\/\/redenoticiaz.com.br\/ribeiraopreto-regiao\/wp-content\/uploads\/sites\/4\/2026\/09\/1788732807_eleicoes-2026-banner.jpg","datePublished":"2026-09-06T22:13:26+00:00","inLanguage":"pt-BR","potentialAction":[{"@type":"ReadAction","target":["https:\/\/redenoticiaz.com.br\/ribeiraopreto-regiao\/sp\/2026\/09\/06\/candidatos-a-presidencia-intensificam-agendas-de-campanha-no-fim-de-semana"]}]},{"@type":"ImageObject","inLanguage":"pt-BR","@id":"https:\/\/redenoticiaz.com.br\/ribeiraopreto-regiao\/sp\/2026\/09\/06\/candidatos-a-presidencia-intensificam-agendas-de-campanha-no-fim-de-semana#primaryimage","url":"https:\/\/redenoticiaz.com.br\/ribeiraopreto-regiao\/wp-content\/uploads\/sites\/4\/2026\/09\/1788732807_eleicoes-2026-banner.jpg","contentUrl":"https:\/\/redenoticiaz.com.br\/ribeiraopreto-regiao\/wp-content\/uploads\/sites\/4\/2026\/09\/1788732807_eleicoes-2026-banner.jpg","width":1600,"height":800},{"@type":"WebSite","@id":"https:\/\/redenoticiaz.com.br\/ribeiraopreto-regiao\/#website","url":"https:\/\/redenoticiaz.com.br\/ribeiraopreto-regiao\/","name":"Ribeir\u00e3o Preto e Regi\u00e3o","description":"Rede NoticiaZ - Ribeir\u00e3o Preto e regi\u00e3o","publisher":{"@id":"https:\/\/redenoticiaz.com.br\/ribeiraopreto-regiao\/#organization"},"potentialAction":[{"@type":"SearchAction","target":{"@type":"EntryPoint","urlTemplate":"https:\/\/redenoticiaz.com.br\/ribeiraopreto-regiao\/?s={search_term_string}"},"query-input":{"@type":"PropertyValueSpecification","valueRequired":true,"valueName":"search_term_string"}}],"inLanguage":"pt-BR"},{"@type":"Organization","@id":"https:\/\/redenoticiaz.com.br\/ribeiraopreto-regiao\/#organization","name":"Ribeir\u00e3o Preto e Regi\u00e3o","url":"https:\/\/redenoticiaz.com.br\/ribeiraopreto-regiao\/","logo":{"@type":"ImageObject","inLanguage":"pt-BR","@id":"https:\/\/redenoticiaz.com.br\/ribeiraopreto-regiao\/#\/schema\/logo\/image\/","url":"https:\/\/redenoticiaz.com.br\/barretos-regiao\/wp-content\/uploads\/sites\/4\/2022\/02\/logo.jpg","contentUrl":"https:\/\/redenoticiaz.com.br\/barretos-regiao\/wp-content\/uploads\/sites\/4\/2022\/02\/logo.jpg","width":400,"height":250,"caption":"Ribeir\u00e3o Preto e Regi\u00e3o"},"image":{"@id":"https:\/\/redenoticiaz.com.br\/ribeiraopreto-regiao\/#\/schema\/logo\/image\/"},"sameAs":["https:\/\/m.facebook.com\/redenoticiaz.barretos","https:\/\/x.com\/RN_barretos","https:\/\/www.instagram.com\/redenoticiaz.barretos\/?igshid=YmMyMTA2M2Y","https:\/\/www.linkedin.com\/company\/rede-noticiaz-barretos-e-regio\/"]},{"@type":"Person","@id":"https:\/\/redenoticiaz.com.br\/ribeiraopreto-regiao\/#\/schema\/person\/e1b0bd8c2637e2c1b6ddcbc2c33b116f","name":"Patr\u00edcia Prado","image":{"@type":"ImageObject","inLanguage":"pt-BR","@id":"https:\/\/secure.gravatar.com\/avatar\/92e358bef22cfcec15e054ae4d9fee04dadf0c772dc4a17b382b8a34a15354c2?s=96&d=mm&r=g","url":"https:\/\/secure.gravatar.com\/avatar\/92e358bef22cfcec15e054ae4d9fee04dadf0c772dc4a17b382b8a34a15354c2?s=96&d=mm&r=g","contentUrl":"https:\/\/secure.gravatar.com\/avatar\/92e358bef22cfcec15e054ae4d9fee04dadf0c772dc4a17b382b8a34a15354c2?s=96&d=mm&r=g","caption":"Patr\u00edcia Prado"},"url":"https:\/\/redenoticiaz.com.br\/ribeiraopreto-regiao\/sp\/author\/patricia-prado"}]}},"_links":{"self":[{"href":"https:\/\/redenoticiaz.com.br\/ribeiraopreto-regiao\/wp-json\/wp\/v2\/posts\/123398","targetHints":{"allow":["GET"]}}],"collection":[{"href":"https:\/\/redenoticiaz.com.br\/ribeiraopreto-regiao\/wp-json\/wp\/v2\/posts"}],"about":[{"href":"https:\/\/redenoticiaz.com.br\/ribeiraopreto-regiao\/wp-json\/wp\/v2\/types\/post"}],"author":[{"embeddable":true,"href":"https:\/\/redenoticiaz.com.br\/ribeiraopreto-regiao\/wp-json\/wp\/v2\/users\/5"}],"replies":[{"embeddable":true,"href":"https:\/\/redenoticiaz.com.br\/ribeiraopreto-regiao\/wp-json\/wp\/v2\/comments?post=123398"}],"version-history":[{"count":0,"href":"https:\/\/redenoticiaz.com.br\/ribeiraopreto-regiao\/wp-json\/wp\/v2\/posts\/123398\/revisions"}],"wp:featuredmedia":[{"embeddable":true,"href":"https:\/\/redenoticiaz.com.br\/ribeiraopreto-regiao\/wp-json\/wp\/v2\/media\/123399"}],"wp:attachment":[{"href":"https:\/\/redenoticiaz.com.br\/ribeiraopreto-regiao\/wp-json\/wp\/v2\/media?parent=123398"}],"wp:term":[{"taxonomy":"category","embeddable":true,"href":"https:\/\/redenoticiaz.com.br\/ribeiraopreto-regiao\/wp-json\/wp\/v2\/categories?post=123398"},{"taxonomy":"post_tag","embeddable":true,"href":"https:\/\/redenoticiaz.com.br\/ribeiraopreto-regiao\/wp-json\/wp\/v2\/tags?post=123398"}],"curies":[{"name":"wp","href":"https:\/\/api.w.org\/{rel}","templated":true}]}}