{"id":1278,"date":"2022-03-22T11:16:31","date_gmt":"2022-03-22T14:16:31","guid":{"rendered":"https:\/\/redenoticiaz.com.br\/barretos-regiao\/sp\/2022\/03\/22\/bernardinho-nao-e-mais-o-tecnico-da-selecao-francesa-de-volei"},"modified":"2022-03-22T11:16:31","modified_gmt":"2022-03-22T14:16:31","slug":"bernardinho-nao-e-mais-o-tecnico-da-selecao-francesa-de-volei","status":"publish","type":"post","link":"https:\/\/redenoticiaz.com.br\/ribeiraopreto-regiao\/sp\/2022\/03\/22\/bernardinho-nao-e-mais-o-tecnico-da-selecao-francesa-de-volei","title":{"rendered":"Bernardinho nao \u00e9 mais o t\u00e9cnico da sele\u00e7\u00e3o francesa de v\u00f4lei"},"content":{"rendered":"<p>Acabou a era de Bernardo Rezende, o <strong>Bernardinho,<\/strong> \u00e0 frente da <a href=\"http:\/\/www.ffvb.org\">sele\u00e7\u00e3o francesa de v\u00f4lei masculino<\/a>. Nesta ter\u00e7a-feira (22), a federa\u00e7\u00e3o de v\u00f4lei do pa\u00eds informou o desligamento do brasileiro, bicampe\u00e3o ol\u00edmpico e tricampe\u00e3o mundial pelo Brasil. A justificativa dada no comunicado foi que Bernardinho justificou que problemas pessoais o impossibilitaram de permanecer no cargo.<\/p>\n<div class=\"wall protected-content\">\n<div class=\"mc-column content-text active-extra-styles \" data-block-type=\"unstyled\" data-block-weight=\"133\" data-block-id=\"2\">\n<p class=\"content-text__container \" data-track-category=\"Link no Texto\" data-track-links=\"\">&#8220;\u00c9 uma das decis\u00f5es mais dif\u00edceis e dolorosas de toda a minha carreira. Estou muito triste porque amo esta sele\u00e7\u00e3o da Fran\u00e7a, o grupo, os jogadores, a equipe que constru\u00edmos. Sou muito grato pela confian\u00e7a que a federa\u00e7\u00e3o me deu ao longo do ano. Agrade\u00e7o novamente ao Presidente pelo apoio e compreens\u00e3o. Recebi uma recep\u00e7\u00e3o incr\u00edvel de todo o v\u00f4lei franc\u00eas e tenho muita dor e frustra\u00e7\u00e3o por n\u00e3o chegar ao fim do projeto que come\u00e7amos a colocar em pr\u00e1tica. Mas eu tenho que fazer essa escolha, n\u00e3o h\u00e1 outras escolhas poss\u00edveis para minha fam\u00edlia, que continua sendo uma prioridade. Disse ao Presidente que estarei sempre dispon\u00edvel para ajudar a federa\u00e7\u00e3o, os jogadores ou o meu sucessor. Desejo o maior sucesso a este grupo e ao v\u00f4lei franc\u00eas&#8221;, comunicou o treinador.<\/p>\n<h3 data-track-category=\"Link no Texto\">Sesc-Flamengo<\/h3>\n<p>Apesar de sair do comando da Sele\u00e7\u00e3o da Fran\u00e7a de V\u00f4lei, Bernardinho continuar\u00e1 dirigindo o Sesc-Flamengo. A equipe carioca come\u00e7a a disputa dos playoffs da Superliga Feminina nesta semana. O time faz o primeiro jogo contra o Osasco, seu maior rival, nesta sexta-feira, \u00e0s 21h, em S\u00e3o Paulo.<\/p>\n<p>Eric Tanguy, presidente da Federa\u00e7\u00e3o, lamentou, mas agradeceu o trabalho e empenho efetuado por Bernardinho. O dirigente revelou que anunciar\u00e1 em breve o substituto.<\/p>\n<div class=\"mc-column content-text active-extra-styles \" data-block-type=\"unstyled\" data-block-weight=\"75\" data-block-id=\"9\">\n<p class=\"content-text__container \" data-track-category=\"Link no Texto\" data-track-links=\"\">Tivemos o melhor treinador para cumprir nossos objetivos at\u00e9 os Jogos de Paris 2024 e s\u00f3 posso lamentar essa situa\u00e7\u00e3o. Mas obviamente compreendo as raz\u00f5es que levaram o Bernardinho a tomar esta dif\u00edcil decis\u00e3o e agrade\u00e7o-lhe por se ter mantido dispon\u00edvel para preparar o resto. Vamos sair desta prova\u00e7\u00e3o e encontrar a melhor solu\u00e7\u00e3o para apoiar o projeto em torno da sele\u00e7\u00e3o masculina francesa. Os an\u00fancios ser\u00e3o feitos em alguns dias &#8211; destacou Tanguy.<\/p>\n<h3 data-track-category=\"Link no Texto\">Hist\u00f3ria de Bernardinho<\/h3>\n<\/div>\n<div class=\"mc-column content-text active-extra-styles \" data-block-type=\"unstyled\" data-block-weight=\"73\" data-block-id=\"10\">\n<p class=\"content-text__container \" data-track-category=\"Link no Texto\" data-track-links=\"\">Bernardinho foi\u00a0contratado em abril de 2021\u00a0para iniciar um processo de renova\u00e7\u00e3o visando aos Jogos Ol\u00edmpicos de 2024, em Paris. O t\u00e9cnico brasileiro substituiu Laurent Tillie, que ficou \u00e0 frente do selecionado por quase uma d\u00e9cada, ap\u00f3s as Olimp\u00edadas de T\u00f3quio. O primeiro resultado, por\u00e9m, n\u00e3o foi dos melhores. No Campeonato Europeu, em setembro do ano passado, a equipe francesa caiu para a Rep\u00fablica Tcheca e\u00a0foi eliminada nas oitavas de final.<\/p>\n<p data-track-category=\"Link no Texto\" data-track-links=\"\">Antes disso, pelo Brasil, Bernardinho se consolidou como um dos maiores treinadores de todos os tempos do v\u00f4lei.<\/p>\n<div class=\"mc-column content-text active-extra-styles \" data-block-type=\"unstyled\" data-block-weight=\"58\" data-block-id=\"11\">\n<p class=\"content-text__container \" data-track-category=\"Link no Texto\" data-track-links=\"\">O treinador chegou ao time masculino do Brasil em 2001, \u00e0s v\u00e9speras da Liga Mundial daquele ano \u2013 da qual sairia campe\u00e3o. Estreou no dia 4 de maio, contra a Noruega, em amistoso disputado em Portugal, como parte da prepara\u00e7\u00e3o para o torneio.<\/p>\n<\/div>\n<div data-track-category=\"multicontent\" data-track-action=\"ultimo chunk conteudo\" data-track-noninteraction=\"false\" data-track-scroll=\"view\">\n<div class=\"mc-column content-text active-extra-styles \" data-block-type=\"unstyled\" data-block-weight=\"63\" data-block-id=\"13\">\n<p class=\"content-text__container \" data-track-category=\"Link no Texto\" data-track-links=\"\">Em 15 anos, somou mais de 30 conquistas \u00e0 frente da equipe. Foram dois ouros ol\u00edmpicos (2004 e 2016), duas pratas (2008 e 2012) e tr\u00eas t\u00edtulos mundiais (2002, 2006 e 2010), al\u00e9m de oito Ligas Mundiais. Antes, com a sele\u00e7\u00e3o feminina, conquistou dois bronzes ol\u00edmpicos, nos Jogos de Atlanta, em 1996, e de Sydney, em 2000. Foram seis medalhas ol\u00edmpicas em sequ\u00eancia.<\/p>\n<p data-track-category=\"Link no Texto\" data-track-links=\"\"><strong>LEIA TAMB\u00c9M<\/strong><\/p>\n<\/div>\n<\/div>\n<\/div>\n<p><a href=\"https:\/\/redenoticiaz.com.br\/blog\/2022\/03\/21\/palmeiras-quase-perde-invencibilidade-mas-consegue-empate-contra-o-rb-bragantino\">Palmeiras quase perde invencibilidade, mas consegue empate contra o RB Bragantino<\/a><\/p>\n<\/div>\n<\/div>\n","protected":false},"excerpt":{"rendered":"<p>Acabou a era de Bernardo Rezende, o Bernardinho, \u00e0 frente da sele\u00e7\u00e3o francesa de v\u00f4lei masculino. Nesta ter\u00e7a-feira (22), a federa\u00e7\u00e3o de v\u00f4lei do pa\u00eds informou o desligamento do brasileiro, bicampe\u00e3o ol\u00edmpico e tricampe\u00e3o mundial pelo Brasil. A justificativa dada no comunicado foi que Bernardinho justificou que problemas pessoais o impossibilitaram de permanecer no cargo. &hellip;<\/p>\n","protected":false},"author":6,"featured_media":1279,"comment_status":"open","ping_status":"closed","sticky":false,"template":"","format":"standard","meta":{"footnotes":""},"categories":[87],"tags":[4983,4984,4985,4986,4987],"class_list":["post-1278","post","type-post","status-publish","format-standard","has-post-thumbnail","hentry","category-esporte","tag-bernardinho","tag-franca","tag-selecao-francesa-de-volei","tag-sesc-flamengo","tag-volei"],"yoast_head":"<!-- This site is optimized with the Yoast SEO plugin v27.4 - https:\/\/yoast.com\/product\/yoast-seo-wordpress\/ -->\n<title>Bernardinho nao \u00e9 mais o t\u00e9cnico da sele\u00e7\u00e3o francesa de v\u00f4lei - Ribeir\u00e3o Preto e Regi\u00e3o<\/title>\n<meta name=\"description\" content=\"Acabou a era de Bernardo Rezende, o Bernardinho, \u00e0 frente da sele\u00e7\u00e3o francesa de v\u00f4lei masculino. Nesta ter\u00e7a-feira (22), a federa\u00e7\u00e3o\" \/>\n<meta name=\"robots\" content=\"index, follow, max-snippet:-1, max-image-preview:large, max-video-preview:-1\" \/>\n<link rel=\"canonical\" href=\"https:\/\/redenoticiaz.com.br\/ribeiraopreto-regiao\/sp\/2022\/03\/22\/bernardinho-nao-e-mais-o-tecnico-da-selecao-francesa-de-volei\" \/>\n<meta property=\"og:locale\" content=\"pt_BR\" \/>\n<meta property=\"og:type\" content=\"article\" \/>\n<meta property=\"og:title\" content=\"Bernardinho nao \u00e9 mais o t\u00e9cnico da sele\u00e7\u00e3o francesa de v\u00f4lei - Ribeir\u00e3o Preto e Regi\u00e3o\" \/>\n<meta property=\"og:description\" content=\"Acabou a era de Bernardo Rezende, o Bernardinho, \u00e0 frente da sele\u00e7\u00e3o francesa de v\u00f4lei masculino. Nesta ter\u00e7a-feira (22), a federa\u00e7\u00e3o\" \/>\n<meta property=\"og:url\" content=\"https:\/\/redenoticiaz.com.br\/ribeiraopreto-regiao\/sp\/2022\/03\/22\/bernardinho-nao-e-mais-o-tecnico-da-selecao-francesa-de-volei\" \/>\n<meta property=\"og:site_name\" content=\"Ribeir\u00e3o Preto e Regi\u00e3o\" \/>\n<meta property=\"article:publisher\" content=\"https:\/\/m.facebook.com\/redenoticiaz.barretos\" \/>\n<meta property=\"article:published_time\" content=\"2022-03-22T14:16:31+00:00\" \/>\n<meta property=\"og:image\" content=\"https:\/\/redenoticiaz.com.br\/ribeiraopreto-regiao\/wp-content\/uploads\/sites\/4\/2022\/02\/logo.jpg\" \/>\n\t<meta property=\"og:image:width\" content=\"400\" \/>\n\t<meta property=\"og:image:height\" content=\"250\" \/>\n\t<meta property=\"og:image:type\" content=\"image\/jpeg\" \/>\n<meta name=\"author\" content=\"Leonardo Francisco\" \/>\n<meta name=\"twitter:card\" content=\"summary_large_image\" \/>\n<meta name=\"twitter:creator\" content=\"@RN_barretos\" \/>\n<meta name=\"twitter:site\" content=\"@RN_barretos\" \/>\n<meta name=\"twitter:label1\" content=\"Escrito por\" \/>\n\t<meta name=\"twitter:data1\" content=\"Leonardo Francisco\" \/>\n\t<meta name=\"twitter:label2\" content=\"Est. tempo de leitura\" \/>\n\t<meta name=\"twitter:data2\" content=\"3 minutos\" \/>\n<script type=\"application\/ld+json\" class=\"yoast-schema-graph\">{\"@context\":\"https:\\\/\\\/schema.org\",\"@graph\":[{\"@type\":\"Article\",\"@id\":\"https:\\\/\\\/redenoticiaz.com.br\\\/ribeiraopreto-regiao\\\/sp\\\/2022\\\/03\\\/22\\\/bernardinho-nao-e-mais-o-tecnico-da-selecao-francesa-de-volei#article\",\"isPartOf\":{\"@id\":\"https:\\\/\\\/redenoticiaz.com.br\\\/ribeiraopreto-regiao\\\/sp\\\/2022\\\/03\\\/22\\\/bernardinho-nao-e-mais-o-tecnico-da-selecao-francesa-de-volei\"},\"author\":{\"name\":\"Leonardo Francisco\",\"@id\":\"https:\\\/\\\/redenoticiaz.com.br\\\/ribeiraopreto-regiao\\\/#\\\/schema\\\/person\\\/0f0b8a5bdafefe82841e07ae8d81ecb3\"},\"headline\":\"Bernardinho nao \u00e9 mais o t\u00e9cnico da sele\u00e7\u00e3o francesa de v\u00f4lei\",\"datePublished\":\"2022-03-22T14:16:31+00:00\",\"mainEntityOfPage\":{\"@id\":\"https:\\\/\\\/redenoticiaz.com.br\\\/ribeiraopreto-regiao\\\/sp\\\/2022\\\/03\\\/22\\\/bernardinho-nao-e-mais-o-tecnico-da-selecao-francesa-de-volei\"},\"wordCount\":611,\"commentCount\":0,\"publisher\":{\"@id\":\"https:\\\/\\\/redenoticiaz.com.br\\\/ribeiraopreto-regiao\\\/#organization\"},\"image\":{\"@id\":\"https:\\\/\\\/redenoticiaz.com.br\\\/ribeiraopreto-regiao\\\/sp\\\/2022\\\/03\\\/22\\\/bernardinho-nao-e-mais-o-tecnico-da-selecao-francesa-de-volei#primaryimage\"},\"thumbnailUrl\":\"https:\\\/\\\/redenoticiaz.com.br\\\/ribeiraopreto-regiao\\\/wp-content\\\/uploads\\\/sites\\\/4\\\/2022\\\/03\\\/bernardinho-418x235-1.jpg?v=1647958532\",\"keywords\":[\"BERNARDINHO\",\"FRAN\u00c7A\",\"SELE\u00c7\u00c3O FRANCESA DE V\u00d4LEI\",\"SESC-FLAMENGO\",\"V\u00d4LEI\"],\"articleSection\":[\"Esporte\"],\"inLanguage\":\"pt-BR\",\"potentialAction\":[{\"@type\":\"CommentAction\",\"name\":\"Comment\",\"target\":[\"https:\\\/\\\/redenoticiaz.com.br\\\/ribeiraopreto-regiao\\\/sp\\\/2022\\\/03\\\/22\\\/bernardinho-nao-e-mais-o-tecnico-da-selecao-francesa-de-volei#respond\"]}]},{\"@type\":\"WebPage\",\"@id\":\"https:\\\/\\\/redenoticiaz.com.br\\\/ribeiraopreto-regiao\\\/sp\\\/2022\\\/03\\\/22\\\/bernardinho-nao-e-mais-o-tecnico-da-selecao-francesa-de-volei\",\"url\":\"https:\\\/\\\/redenoticiaz.com.br\\\/ribeiraopreto-regiao\\\/sp\\\/2022\\\/03\\\/22\\\/bernardinho-nao-e-mais-o-tecnico-da-selecao-francesa-de-volei\",\"name\":\"Bernardinho nao \u00e9 mais o t\u00e9cnico da sele\u00e7\u00e3o francesa de v\u00f4lei - Ribeir\u00e3o Preto e Regi\u00e3o\",\"isPartOf\":{\"@id\":\"https:\\\/\\\/redenoticiaz.com.br\\\/ribeiraopreto-regiao\\\/#website\"},\"primaryImageOfPage\":{\"@id\":\"https:\\\/\\\/redenoticiaz.com.br\\\/ribeiraopreto-regiao\\\/sp\\\/2022\\\/03\\\/22\\\/bernardinho-nao-e-mais-o-tecnico-da-selecao-francesa-de-volei#primaryimage\"},\"image\":{\"@id\":\"https:\\\/\\\/redenoticiaz.com.br\\\/ribeiraopreto-regiao\\\/sp\\\/2022\\\/03\\\/22\\\/bernardinho-nao-e-mais-o-tecnico-da-selecao-francesa-de-volei#primaryimage\"},\"thumbnailUrl\":\"https:\\\/\\\/redenoticiaz.com.br\\\/ribeiraopreto-regiao\\\/wp-content\\\/uploads\\\/sites\\\/4\\\/2022\\\/03\\\/bernardinho-418x235-1.jpg?v=1647958532\",\"datePublished\":\"2022-03-22T14:16:31+00:00\",\"description\":\"Acabou a era de Bernardo Rezende, o Bernardinho, \u00e0 frente da sele\u00e7\u00e3o francesa de v\u00f4lei masculino. Nesta ter\u00e7a-feira (22), a federa\u00e7\u00e3o\",\"inLanguage\":\"pt-BR\",\"potentialAction\":[{\"@type\":\"ReadAction\",\"target\":[\"https:\\\/\\\/redenoticiaz.com.br\\\/ribeiraopreto-regiao\\\/sp\\\/2022\\\/03\\\/22\\\/bernardinho-nao-e-mais-o-tecnico-da-selecao-francesa-de-volei\"]}]},{\"@type\":\"ImageObject\",\"inLanguage\":\"pt-BR\",\"@id\":\"https:\\\/\\\/redenoticiaz.com.br\\\/ribeiraopreto-regiao\\\/sp\\\/2022\\\/03\\\/22\\\/bernardinho-nao-e-mais-o-tecnico-da-selecao-francesa-de-volei#primaryimage\",\"url\":\"https:\\\/\\\/redenoticiaz.com.br\\\/ribeiraopreto-regiao\\\/wp-content\\\/uploads\\\/sites\\\/4\\\/2022\\\/03\\\/bernardinho-418x235-1.jpg?v=1647958532\",\"contentUrl\":\"https:\\\/\\\/redenoticiaz.com.br\\\/ribeiraopreto-regiao\\\/wp-content\\\/uploads\\\/sites\\\/4\\\/2022\\\/03\\\/bernardinho-418x235-1.jpg?v=1647958532\",\"width\":418,\"height\":235,\"caption\":\"Cr\u00e9ditos: Reprodu\u00e7\u00e3o\\\/Instagram\"},{\"@type\":\"WebSite\",\"@id\":\"https:\\\/\\\/redenoticiaz.com.br\\\/ribeiraopreto-regiao\\\/#website\",\"url\":\"https:\\\/\\\/redenoticiaz.com.br\\\/ribeiraopreto-regiao\\\/\",\"name\":\"Ribeir\u00e3o Preto e Regi\u00e3o\",\"description\":\"Rede NoticiaZ - Ribeir\u00e3o Preto e regi\u00e3o\",\"publisher\":{\"@id\":\"https:\\\/\\\/redenoticiaz.com.br\\\/ribeiraopreto-regiao\\\/#organization\"},\"potentialAction\":[{\"@type\":\"SearchAction\",\"target\":{\"@type\":\"EntryPoint\",\"urlTemplate\":\"https:\\\/\\\/redenoticiaz.com.br\\\/ribeiraopreto-regiao\\\/?s={search_term_string}\"},\"query-input\":{\"@type\":\"PropertyValueSpecification\",\"valueRequired\":true,\"valueName\":\"search_term_string\"}}],\"inLanguage\":\"pt-BR\"},{\"@type\":\"Organization\",\"@id\":\"https:\\\/\\\/redenoticiaz.com.br\\\/ribeiraopreto-regiao\\\/#organization\",\"name\":\"Ribeir\u00e3o Preto e Regi\u00e3o\",\"url\":\"https:\\\/\\\/redenoticiaz.com.br\\\/ribeiraopreto-regiao\\\/\",\"logo\":{\"@type\":\"ImageObject\",\"inLanguage\":\"pt-BR\",\"@id\":\"https:\\\/\\\/redenoticiaz.com.br\\\/ribeiraopreto-regiao\\\/#\\\/schema\\\/logo\\\/image\\\/\",\"url\":\"https:\\\/\\\/redenoticiaz.com.br\\\/barretos-regiao\\\/wp-content\\\/uploads\\\/sites\\\/4\\\/2022\\\/02\\\/logo.jpg\",\"contentUrl\":\"https:\\\/\\\/redenoticiaz.com.br\\\/barretos-regiao\\\/wp-content\\\/uploads\\\/sites\\\/4\\\/2022\\\/02\\\/logo.jpg\",\"width\":400,\"height\":250,\"caption\":\"Ribeir\u00e3o Preto e Regi\u00e3o\"},\"image\":{\"@id\":\"https:\\\/\\\/redenoticiaz.com.br\\\/ribeiraopreto-regiao\\\/#\\\/schema\\\/logo\\\/image\\\/\"},\"sameAs\":[\"https:\\\/\\\/m.facebook.com\\\/redenoticiaz.barretos\",\"https:\\\/\\\/x.com\\\/RN_barretos\",\"https:\\\/\\\/www.instagram.com\\\/redenoticiaz.barretos\\\/?igshid=YmMyMTA2M2Y\",\"https:\\\/\\\/www.linkedin.com\\\/company\\\/rede-noticiaz-barretos-e-regio\\\/\"]},{\"@type\":\"Person\",\"@id\":\"https:\\\/\\\/redenoticiaz.com.br\\\/ribeiraopreto-regiao\\\/#\\\/schema\\\/person\\\/0f0b8a5bdafefe82841e07ae8d81ecb3\",\"name\":\"Leonardo Francisco\",\"image\":{\"@type\":\"ImageObject\",\"inLanguage\":\"pt-BR\",\"@id\":\"https:\\\/\\\/secure.gravatar.com\\\/avatar\\\/a7358cb406a99b682ec6df1e77e31ae82e63601f6784e8a3df411d72b37864da?s=96&d=mm&r=g\",\"url\":\"https:\\\/\\\/secure.gravatar.com\\\/avatar\\\/a7358cb406a99b682ec6df1e77e31ae82e63601f6784e8a3df411d72b37864da?s=96&d=mm&r=g\",\"contentUrl\":\"https:\\\/\\\/secure.gravatar.com\\\/avatar\\\/a7358cb406a99b682ec6df1e77e31ae82e63601f6784e8a3df411d72b37864da?s=96&d=mm&r=g\",\"caption\":\"Leonardo Francisco\"},\"url\":\"https:\\\/\\\/redenoticiaz.com.br\\\/ribeiraopreto-regiao\\\/sp\\\/author\\\/leonardo-francisco\"}]}<\/script>\n<!-- \/ Yoast SEO plugin. -->","yoast_head_json":{"title":"Bernardinho nao \u00e9 mais o t\u00e9cnico da sele\u00e7\u00e3o francesa de v\u00f4lei - Ribeir\u00e3o Preto e Regi\u00e3o","description":"Acabou a era de Bernardo Rezende, o Bernardinho, \u00e0 frente da sele\u00e7\u00e3o francesa de v\u00f4lei masculino. Nesta ter\u00e7a-feira (22), a federa\u00e7\u00e3o","robots":{"index":"index","follow":"follow","max-snippet":"max-snippet:-1","max-image-preview":"max-image-preview:large","max-video-preview":"max-video-preview:-1"},"canonical":"https:\/\/redenoticiaz.com.br\/ribeiraopreto-regiao\/sp\/2022\/03\/22\/bernardinho-nao-e-mais-o-tecnico-da-selecao-francesa-de-volei","og_locale":"pt_BR","og_type":"article","og_title":"Bernardinho nao \u00e9 mais o t\u00e9cnico da sele\u00e7\u00e3o francesa de v\u00f4lei - Ribeir\u00e3o Preto e Regi\u00e3o","og_description":"Acabou a era de Bernardo Rezende, o Bernardinho, \u00e0 frente da sele\u00e7\u00e3o francesa de v\u00f4lei masculino. Nesta ter\u00e7a-feira (22), a federa\u00e7\u00e3o","og_url":"https:\/\/redenoticiaz.com.br\/ribeiraopreto-regiao\/sp\/2022\/03\/22\/bernardinho-nao-e-mais-o-tecnico-da-selecao-francesa-de-volei","og_site_name":"Ribeir\u00e3o Preto e Regi\u00e3o","article_publisher":"https:\/\/m.facebook.com\/redenoticiaz.barretos","article_published_time":"2022-03-22T14:16:31+00:00","og_image":[{"width":400,"height":250,"url":"https:\/\/redenoticiaz.com.br\/ribeiraopreto-regiao\/wp-content\/uploads\/sites\/4\/2022\/02\/logo.jpg","type":"image\/jpeg"}],"author":"Leonardo Francisco","twitter_card":"summary_large_image","twitter_creator":"@RN_barretos","twitter_site":"@RN_barretos","twitter_misc":{"Escrito por":"Leonardo Francisco","Est. tempo de leitura":"3 minutos"},"schema":{"@context":"https:\/\/schema.org","@graph":[{"@type":"Article","@id":"https:\/\/redenoticiaz.com.br\/ribeiraopreto-regiao\/sp\/2022\/03\/22\/bernardinho-nao-e-mais-o-tecnico-da-selecao-francesa-de-volei#article","isPartOf":{"@id":"https:\/\/redenoticiaz.com.br\/ribeiraopreto-regiao\/sp\/2022\/03\/22\/bernardinho-nao-e-mais-o-tecnico-da-selecao-francesa-de-volei"},"author":{"name":"Leonardo Francisco","@id":"https:\/\/redenoticiaz.com.br\/ribeiraopreto-regiao\/#\/schema\/person\/0f0b8a5bdafefe82841e07ae8d81ecb3"},"headline":"Bernardinho nao \u00e9 mais o t\u00e9cnico da sele\u00e7\u00e3o francesa de v\u00f4lei","datePublished":"2022-03-22T14:16:31+00:00","mainEntityOfPage":{"@id":"https:\/\/redenoticiaz.com.br\/ribeiraopreto-regiao\/sp\/2022\/03\/22\/bernardinho-nao-e-mais-o-tecnico-da-selecao-francesa-de-volei"},"wordCount":611,"commentCount":0,"publisher":{"@id":"https:\/\/redenoticiaz.com.br\/ribeiraopreto-regiao\/#organization"},"image":{"@id":"https:\/\/redenoticiaz.com.br\/ribeiraopreto-regiao\/sp\/2022\/03\/22\/bernardinho-nao-e-mais-o-tecnico-da-selecao-francesa-de-volei#primaryimage"},"thumbnailUrl":"https:\/\/redenoticiaz.com.br\/ribeiraopreto-regiao\/wp-content\/uploads\/sites\/4\/2022\/03\/bernardinho-418x235-1.jpg?v=1647958532","keywords":["BERNARDINHO","FRAN\u00c7A","SELE\u00c7\u00c3O FRANCESA DE V\u00d4LEI","SESC-FLAMENGO","V\u00d4LEI"],"articleSection":["Esporte"],"inLanguage":"pt-BR","potentialAction":[{"@type":"CommentAction","name":"Comment","target":["https:\/\/redenoticiaz.com.br\/ribeiraopreto-regiao\/sp\/2022\/03\/22\/bernardinho-nao-e-mais-o-tecnico-da-selecao-francesa-de-volei#respond"]}]},{"@type":"WebPage","@id":"https:\/\/redenoticiaz.com.br\/ribeiraopreto-regiao\/sp\/2022\/03\/22\/bernardinho-nao-e-mais-o-tecnico-da-selecao-francesa-de-volei","url":"https:\/\/redenoticiaz.com.br\/ribeiraopreto-regiao\/sp\/2022\/03\/22\/bernardinho-nao-e-mais-o-tecnico-da-selecao-francesa-de-volei","name":"Bernardinho nao \u00e9 mais o t\u00e9cnico da sele\u00e7\u00e3o francesa de v\u00f4lei - Ribeir\u00e3o Preto e Regi\u00e3o","isPartOf":{"@id":"https:\/\/redenoticiaz.com.br\/ribeiraopreto-regiao\/#website"},"primaryImageOfPage":{"@id":"https:\/\/redenoticiaz.com.br\/ribeiraopreto-regiao\/sp\/2022\/03\/22\/bernardinho-nao-e-mais-o-tecnico-da-selecao-francesa-de-volei#primaryimage"},"image":{"@id":"https:\/\/redenoticiaz.com.br\/ribeiraopreto-regiao\/sp\/2022\/03\/22\/bernardinho-nao-e-mais-o-tecnico-da-selecao-francesa-de-volei#primaryimage"},"thumbnailUrl":"https:\/\/redenoticiaz.com.br\/ribeiraopreto-regiao\/wp-content\/uploads\/sites\/4\/2022\/03\/bernardinho-418x235-1.jpg?v=1647958532","datePublished":"2022-03-22T14:16:31+00:00","description":"Acabou a era de Bernardo Rezende, o Bernardinho, \u00e0 frente da sele\u00e7\u00e3o francesa de v\u00f4lei masculino. Nesta ter\u00e7a-feira (22), a federa\u00e7\u00e3o","inLanguage":"pt-BR","potentialAction":[{"@type":"ReadAction","target":["https:\/\/redenoticiaz.com.br\/ribeiraopreto-regiao\/sp\/2022\/03\/22\/bernardinho-nao-e-mais-o-tecnico-da-selecao-francesa-de-volei"]}]},{"@type":"ImageObject","inLanguage":"pt-BR","@id":"https:\/\/redenoticiaz.com.br\/ribeiraopreto-regiao\/sp\/2022\/03\/22\/bernardinho-nao-e-mais-o-tecnico-da-selecao-francesa-de-volei#primaryimage","url":"https:\/\/redenoticiaz.com.br\/ribeiraopreto-regiao\/wp-content\/uploads\/sites\/4\/2022\/03\/bernardinho-418x235-1.jpg?v=1647958532","contentUrl":"https:\/\/redenoticiaz.com.br\/ribeiraopreto-regiao\/wp-content\/uploads\/sites\/4\/2022\/03\/bernardinho-418x235-1.jpg?v=1647958532","width":418,"height":235,"caption":"Cr\u00e9ditos: Reprodu\u00e7\u00e3o\/Instagram"},{"@type":"WebSite","@id":"https:\/\/redenoticiaz.com.br\/ribeiraopreto-regiao\/#website","url":"https:\/\/redenoticiaz.com.br\/ribeiraopreto-regiao\/","name":"Ribeir\u00e3o Preto e Regi\u00e3o","description":"Rede NoticiaZ - Ribeir\u00e3o Preto e regi\u00e3o","publisher":{"@id":"https:\/\/redenoticiaz.com.br\/ribeiraopreto-regiao\/#organization"},"potentialAction":[{"@type":"SearchAction","target":{"@type":"EntryPoint","urlTemplate":"https:\/\/redenoticiaz.com.br\/ribeiraopreto-regiao\/?s={search_term_string}"},"query-input":{"@type":"PropertyValueSpecification","valueRequired":true,"valueName":"search_term_string"}}],"inLanguage":"pt-BR"},{"@type":"Organization","@id":"https:\/\/redenoticiaz.com.br\/ribeiraopreto-regiao\/#organization","name":"Ribeir\u00e3o Preto e Regi\u00e3o","url":"https:\/\/redenoticiaz.com.br\/ribeiraopreto-regiao\/","logo":{"@type":"ImageObject","inLanguage":"pt-BR","@id":"https:\/\/redenoticiaz.com.br\/ribeiraopreto-regiao\/#\/schema\/logo\/image\/","url":"https:\/\/redenoticiaz.com.br\/barretos-regiao\/wp-content\/uploads\/sites\/4\/2022\/02\/logo.jpg","contentUrl":"https:\/\/redenoticiaz.com.br\/barretos-regiao\/wp-content\/uploads\/sites\/4\/2022\/02\/logo.jpg","width":400,"height":250,"caption":"Ribeir\u00e3o Preto e Regi\u00e3o"},"image":{"@id":"https:\/\/redenoticiaz.com.br\/ribeiraopreto-regiao\/#\/schema\/logo\/image\/"},"sameAs":["https:\/\/m.facebook.com\/redenoticiaz.barretos","https:\/\/x.com\/RN_barretos","https:\/\/www.instagram.com\/redenoticiaz.barretos\/?igshid=YmMyMTA2M2Y","https:\/\/www.linkedin.com\/company\/rede-noticiaz-barretos-e-regio\/"]},{"@type":"Person","@id":"https:\/\/redenoticiaz.com.br\/ribeiraopreto-regiao\/#\/schema\/person\/0f0b8a5bdafefe82841e07ae8d81ecb3","name":"Leonardo Francisco","image":{"@type":"ImageObject","inLanguage":"pt-BR","@id":"https:\/\/secure.gravatar.com\/avatar\/a7358cb406a99b682ec6df1e77e31ae82e63601f6784e8a3df411d72b37864da?s=96&d=mm&r=g","url":"https:\/\/secure.gravatar.com\/avatar\/a7358cb406a99b682ec6df1e77e31ae82e63601f6784e8a3df411d72b37864da?s=96&d=mm&r=g","contentUrl":"https:\/\/secure.gravatar.com\/avatar\/a7358cb406a99b682ec6df1e77e31ae82e63601f6784e8a3df411d72b37864da?s=96&d=mm&r=g","caption":"Leonardo Francisco"},"url":"https:\/\/redenoticiaz.com.br\/ribeiraopreto-regiao\/sp\/author\/leonardo-francisco"}]}},"_links":{"self":[{"href":"https:\/\/redenoticiaz.com.br\/ribeiraopreto-regiao\/wp-json\/wp\/v2\/posts\/1278","targetHints":{"allow":["GET"]}}],"collection":[{"href":"https:\/\/redenoticiaz.com.br\/ribeiraopreto-regiao\/wp-json\/wp\/v2\/posts"}],"about":[{"href":"https:\/\/redenoticiaz.com.br\/ribeiraopreto-regiao\/wp-json\/wp\/v2\/types\/post"}],"author":[{"embeddable":true,"href":"https:\/\/redenoticiaz.com.br\/ribeiraopreto-regiao\/wp-json\/wp\/v2\/users\/6"}],"replies":[{"embeddable":true,"href":"https:\/\/redenoticiaz.com.br\/ribeiraopreto-regiao\/wp-json\/wp\/v2\/comments?post=1278"}],"version-history":[{"count":0,"href":"https:\/\/redenoticiaz.com.br\/ribeiraopreto-regiao\/wp-json\/wp\/v2\/posts\/1278\/revisions"}],"wp:featuredmedia":[{"embeddable":true,"href":"https:\/\/redenoticiaz.com.br\/ribeiraopreto-regiao\/wp-json\/wp\/v2\/media\/1279"}],"wp:attachment":[{"href":"https:\/\/redenoticiaz.com.br\/ribeiraopreto-regiao\/wp-json\/wp\/v2\/media?parent=1278"}],"wp:term":[{"taxonomy":"category","embeddable":true,"href":"https:\/\/redenoticiaz.com.br\/ribeiraopreto-regiao\/wp-json\/wp\/v2\/categories?post=1278"},{"taxonomy":"post_tag","embeddable":true,"href":"https:\/\/redenoticiaz.com.br\/ribeiraopreto-regiao\/wp-json\/wp\/v2\/tags?post=1278"}],"curies":[{"name":"wp","href":"https:\/\/api.w.org\/{rel}","templated":true}]}}