{"id":1283,"date":"2022-03-22T13:29:02","date_gmt":"2022-03-22T16:29:02","guid":{"rendered":"https:\/\/redenoticiaz.com.br\/barretos-regiao\/?p=1283"},"modified":"2022-03-22T13:29:02","modified_gmt":"2022-03-22T16:29:02","slug":"barretos-conquista-bons-resultados-em-diversas-categorias-esportivas","status":"publish","type":"post","link":"https:\/\/redenoticiaz.com.br\/ribeiraopreto-regiao\/sp\/2022\/03\/22\/barretos-conquista-bons-resultados-em-diversas-categorias-esportivas","title":{"rendered":"Barretos conquista bons resultados em diversas categorias esportivas"},"content":{"rendered":"<p>O final de semana trouxe bons resultados para atletas barretenses em diversas categorias esportivas. Todas as equipes contam com apoio da Prefeitura de Barretos, por meio da Secretaria Municipal de Esportes e Lazer.<\/p>\n<h4>Xadrez<\/h4>\n<p>O Clube de Xadrez de Barretos <em>&#8220;Irm\u00e3os Alonso<\/em>&#8221; marcou presen\u00e7a na <strong>1\u00aa Etapa Superliga de Xadrez, no SESC<\/strong> de S\u00e3o Jos\u00e9 do Rio Preto. Assim, na categoria infantil, Lorenzo venceu tr\u00eas partidas de seis, ficando em 10\u00b0 lugar. Bem como, entre os Adultos, Barretos conseguiu o 2\u00b0 lugar com mestre Adolfo Alonso, na categoria acima de 50 anos. Nesse sentido as demais categorias do clube ficou entre os 20 primeiros.<\/p>\n<p>O evento, por fim teve mais de 200 inscritos, com a participa\u00e7\u00e3o de 11 cidades de SP e outros estados. Com esse resultado Barretos \u00e9 candidata a sediar uma etapa da Superliga de Xadrez.<\/p>\n<h4>Jiu-Jitsu<\/h4>\n<p>No Jiu-Jitsu, Fernando Favari Aparecido, competiu no <strong>Curitiba International Open IBJJF Jiu-Jitsu Championship<\/strong> 2022, na categoria adulto, faixa preta, peso pluma. Ele perdeu para o n\u00b01 do mundo na categoria e ficou em segundo lugar.<\/p>\n<h4>Mountain Bike<\/h4>\n<p>Na Mountain Bike, a Equipe ABCDesportos \/ Barretos Cycling participou, na cidade de S\u00e3o Joaquim da Barra\/SP, da <strong>1\u00b0 Etapa da Copa Regional de MTB<\/strong> e tamb\u00e9m trouxe \u00f3timos resultados para a cidade.<\/p>\n<h4>Outras conquistas<\/h4>\n<p>Ana Carolina Amaro \u2013 1\u00aa Colocada Categoria Sub 35 e Vice Campe\u00e3 Geral Feminino<br \/>\nCleber Prieto &#8211; Vice-Campe\u00e3o Categoria Sub 50<br \/>\nAnt\u00f4nio Donizete &#8211; 6\u00b0 Colocado Categoria Over 60<br \/>\nNeto Bandeira &#8211; 8\u00b0 Colocado Categoria Juvenil<br \/>\nPedro Muzeti e Gustavo Pereira &#8211; 8\u00b0 Colocados na Dupla Masculina<br \/>\nA equipe barretense contou ainda com a participa\u00e7\u00e3o dos atletas Bruno Garcia, Rodrigo Toneloto, Jony Fid\u00e9lis, Willian F\u00e9lix e Wellington Baratelli (Toxa) que n\u00e3o pontuaram.<\/p>\n<p>LEIA TAMB\u00c9M:\u00a0<a href=\"https:\/\/redenoticiaz.com.br\/barretos-regiao\/sp\/2022\/03\/20\/jogos-de-verao-entram-na-segunda-semana-com-partidas-confira-a-programacao\">Jogos de Ver\u00e3o entram na segunda semana com partidas. Confira a programa\u00e7\u00e3o<\/a><\/p>\n","protected":false},"excerpt":{"rendered":"<p>O final de semana trouxe bons resultados para atletas barretenses em diversas categorias esportivas. Todas as equipes contam com apoio da Prefeitura de Barretos, por meio da Secretaria Municipal de Esportes e Lazer. Xadrez O Clube de Xadrez de Barretos &#8220;Irm\u00e3os Alonso&#8221; marcou presen\u00e7a na 1\u00aa Etapa Superliga de Xadrez, no SESC de S\u00e3o Jos\u00e9 &hellip;<\/p>\n","protected":false},"author":15,"featured_media":1285,"comment_status":"open","ping_status":"closed","sticky":false,"template":"","format":"standard","meta":{"footnotes":""},"categories":[87],"tags":[4570,5012,3654,2158,5011],"class_list":["post-1283","post","type-post","status-publish","format-standard","has-post-thumbnail","hentry","category-esporte","tag-campeonato","tag-jiu-jitsu","tag-medalhistas","tag-mountain-bike","tag-xadrez"],"yoast_head":"<!-- This site is optimized with the Yoast SEO plugin v27.4 - https:\/\/yoast.com\/product\/yoast-seo-wordpress\/ -->\n<title>Barretos conquista bons resultados em diversas categorias esportivas - Ribeir\u00e3o Preto e Regi\u00e3o<\/title>\n<meta name=\"description\" content=\"Final de semana trouxe bons resultados para atletas barretenses em diversas categorias esportivas. Todas contam com apoio da Prefeitura de Barretos.\" \/>\n<meta name=\"robots\" content=\"index, follow, max-snippet:-1, max-image-preview:large, max-video-preview:-1\" \/>\n<link rel=\"canonical\" href=\"https:\/\/redenoticiaz.com.br\/ribeiraopreto-regiao\/sp\/2022\/03\/22\/barretos-conquista-bons-resultados-em-diversas-categorias-esportivas\" \/>\n<meta property=\"og:locale\" content=\"pt_BR\" \/>\n<meta property=\"og:type\" content=\"article\" \/>\n<meta property=\"og:title\" content=\"Barretos conquista bons resultados em diversas categorias esportivas - Ribeir\u00e3o Preto e Regi\u00e3o\" \/>\n<meta property=\"og:description\" content=\"Final de semana trouxe bons resultados para atletas barretenses em diversas categorias esportivas. Todas contam com apoio da Prefeitura de Barretos.\" \/>\n<meta property=\"og:url\" content=\"https:\/\/redenoticiaz.com.br\/ribeiraopreto-regiao\/sp\/2022\/03\/22\/barretos-conquista-bons-resultados-em-diversas-categorias-esportivas\" \/>\n<meta property=\"og:site_name\" content=\"Ribeir\u00e3o Preto e Regi\u00e3o\" \/>\n<meta property=\"article:publisher\" content=\"https:\/\/m.facebook.com\/redenoticiaz.barretos\" \/>\n<meta property=\"article:published_time\" content=\"2022-03-22T16:29:02+00:00\" \/>\n<meta property=\"og:image\" content=\"https:\/\/redenoticiaz.com.br\/ribeiraopreto-regiao\/wp-content\/uploads\/sites\/4\/2022\/03\/esporte-2.jpeg\" \/>\n\t<meta property=\"og:image:width\" content=\"1200\" \/>\n\t<meta property=\"og:image:height\" content=\"982\" \/>\n\t<meta property=\"og:image:type\" content=\"image\/jpeg\" \/>\n<meta name=\"twitter:card\" content=\"summary_large_image\" \/>\n<meta name=\"twitter:creator\" content=\"@RN_barretos\" \/>\n<meta name=\"twitter:site\" content=\"@RN_barretos\" \/>\n<meta name=\"twitter:label1\" content=\"Escrito por\" \/>\n\t<meta name=\"twitter:data1\" content=\"\" \/>\n\t<meta name=\"twitter:label2\" content=\"Est. tempo de leitura\" \/>\n\t<meta name=\"twitter:data2\" content=\"1 minuto\" \/>\n<script type=\"application\/ld+json\" class=\"yoast-schema-graph\">{\"@context\":\"https:\\\/\\\/schema.org\",\"@graph\":[{\"@type\":\"Article\",\"@id\":\"https:\\\/\\\/redenoticiaz.com.br\\\/ribeiraopreto-regiao\\\/sp\\\/2022\\\/03\\\/22\\\/barretos-conquista-bons-resultados-em-diversas-categorias-esportivas#article\",\"isPartOf\":{\"@id\":\"https:\\\/\\\/redenoticiaz.com.br\\\/ribeiraopreto-regiao\\\/sp\\\/2022\\\/03\\\/22\\\/barretos-conquista-bons-resultados-em-diversas-categorias-esportivas\"},\"author\":{\"name\":\"\",\"@id\":\"\"},\"headline\":\"Barretos conquista bons resultados em diversas categorias esportivas\",\"datePublished\":\"2022-03-22T16:29:02+00:00\",\"mainEntityOfPage\":{\"@id\":\"https:\\\/\\\/redenoticiaz.com.br\\\/ribeiraopreto-regiao\\\/sp\\\/2022\\\/03\\\/22\\\/barretos-conquista-bons-resultados-em-diversas-categorias-esportivas\"},\"wordCount\":303,\"commentCount\":0,\"publisher\":{\"@id\":\"https:\\\/\\\/redenoticiaz.com.br\\\/ribeiraopreto-regiao\\\/#organization\"},\"image\":{\"@id\":\"https:\\\/\\\/redenoticiaz.com.br\\\/ribeiraopreto-regiao\\\/sp\\\/2022\\\/03\\\/22\\\/barretos-conquista-bons-resultados-em-diversas-categorias-esportivas#primaryimage\"},\"thumbnailUrl\":\"https:\\\/\\\/redenoticiaz.com.br\\\/ribeiraopreto-regiao\\\/wp-content\\\/uploads\\\/sites\\\/4\\\/2022\\\/03\\\/esporte-2.jpeg\",\"keywords\":[\"CAMPEONATO\",\"JIU-JITSU\",\"medalhistas\",\"Mountain Bike\",\"XADREZ\"],\"articleSection\":[\"Esporte\"],\"inLanguage\":\"pt-BR\",\"potentialAction\":[{\"@type\":\"CommentAction\",\"name\":\"Comment\",\"target\":[\"https:\\\/\\\/redenoticiaz.com.br\\\/ribeiraopreto-regiao\\\/sp\\\/2022\\\/03\\\/22\\\/barretos-conquista-bons-resultados-em-diversas-categorias-esportivas#respond\"]}]},{\"@type\":\"WebPage\",\"@id\":\"https:\\\/\\\/redenoticiaz.com.br\\\/ribeiraopreto-regiao\\\/sp\\\/2022\\\/03\\\/22\\\/barretos-conquista-bons-resultados-em-diversas-categorias-esportivas\",\"url\":\"https:\\\/\\\/redenoticiaz.com.br\\\/ribeiraopreto-regiao\\\/sp\\\/2022\\\/03\\\/22\\\/barretos-conquista-bons-resultados-em-diversas-categorias-esportivas\",\"name\":\"Barretos conquista bons resultados em diversas categorias esportivas - Ribeir\u00e3o Preto e Regi\u00e3o\",\"isPartOf\":{\"@id\":\"https:\\\/\\\/redenoticiaz.com.br\\\/ribeiraopreto-regiao\\\/#website\"},\"primaryImageOfPage\":{\"@id\":\"https:\\\/\\\/redenoticiaz.com.br\\\/ribeiraopreto-regiao\\\/sp\\\/2022\\\/03\\\/22\\\/barretos-conquista-bons-resultados-em-diversas-categorias-esportivas#primaryimage\"},\"image\":{\"@id\":\"https:\\\/\\\/redenoticiaz.com.br\\\/ribeiraopreto-regiao\\\/sp\\\/2022\\\/03\\\/22\\\/barretos-conquista-bons-resultados-em-diversas-categorias-esportivas#primaryimage\"},\"thumbnailUrl\":\"https:\\\/\\\/redenoticiaz.com.br\\\/ribeiraopreto-regiao\\\/wp-content\\\/uploads\\\/sites\\\/4\\\/2022\\\/03\\\/esporte-2.jpeg\",\"datePublished\":\"2022-03-22T16:29:02+00:00\",\"description\":\"Final de semana trouxe bons resultados para atletas barretenses em diversas categorias esportivas. Todas contam com apoio da Prefeitura de Barretos.\",\"inLanguage\":\"pt-BR\",\"potentialAction\":[{\"@type\":\"ReadAction\",\"target\":[\"https:\\\/\\\/redenoticiaz.com.br\\\/ribeiraopreto-regiao\\\/sp\\\/2022\\\/03\\\/22\\\/barretos-conquista-bons-resultados-em-diversas-categorias-esportivas\"]}]},{\"@type\":\"ImageObject\",\"inLanguage\":\"pt-BR\",\"@id\":\"https:\\\/\\\/redenoticiaz.com.br\\\/ribeiraopreto-regiao\\\/sp\\\/2022\\\/03\\\/22\\\/barretos-conquista-bons-resultados-em-diversas-categorias-esportivas#primaryimage\",\"url\":\"https:\\\/\\\/redenoticiaz.com.br\\\/ribeiraopreto-regiao\\\/wp-content\\\/uploads\\\/sites\\\/4\\\/2022\\\/03\\\/esporte-2.jpeg\",\"contentUrl\":\"https:\\\/\\\/redenoticiaz.com.br\\\/ribeiraopreto-regiao\\\/wp-content\\\/uploads\\\/sites\\\/4\\\/2022\\\/03\\\/esporte-2.jpeg\",\"width\":1200,\"height\":982,\"caption\":\"Os atletas t\u00eam o apoio da Prefeitura de Barretos, por meio da Secretaria Municipal de Esportes. Divulga\u00e7\u00e3o e Lazer\"},{\"@type\":\"WebSite\",\"@id\":\"https:\\\/\\\/redenoticiaz.com.br\\\/ribeiraopreto-regiao\\\/#website\",\"url\":\"https:\\\/\\\/redenoticiaz.com.br\\\/ribeiraopreto-regiao\\\/\",\"name\":\"Ribeir\u00e3o Preto e Regi\u00e3o\",\"description\":\"Rede NoticiaZ - Ribeir\u00e3o Preto e regi\u00e3o\",\"publisher\":{\"@id\":\"https:\\\/\\\/redenoticiaz.com.br\\\/ribeiraopreto-regiao\\\/#organization\"},\"potentialAction\":[{\"@type\":\"SearchAction\",\"target\":{\"@type\":\"EntryPoint\",\"urlTemplate\":\"https:\\\/\\\/redenoticiaz.com.br\\\/ribeiraopreto-regiao\\\/?s={search_term_string}\"},\"query-input\":{\"@type\":\"PropertyValueSpecification\",\"valueRequired\":true,\"valueName\":\"search_term_string\"}}],\"inLanguage\":\"pt-BR\"},{\"@type\":\"Organization\",\"@id\":\"https:\\\/\\\/redenoticiaz.com.br\\\/ribeiraopreto-regiao\\\/#organization\",\"name\":\"Ribeir\u00e3o Preto e Regi\u00e3o\",\"url\":\"https:\\\/\\\/redenoticiaz.com.br\\\/ribeiraopreto-regiao\\\/\",\"logo\":{\"@type\":\"ImageObject\",\"inLanguage\":\"pt-BR\",\"@id\":\"https:\\\/\\\/redenoticiaz.com.br\\\/ribeiraopreto-regiao\\\/#\\\/schema\\\/logo\\\/image\\\/\",\"url\":\"https:\\\/\\\/redenoticiaz.com.br\\\/barretos-regiao\\\/wp-content\\\/uploads\\\/sites\\\/4\\\/2022\\\/02\\\/logo.jpg\",\"contentUrl\":\"https:\\\/\\\/redenoticiaz.com.br\\\/barretos-regiao\\\/wp-content\\\/uploads\\\/sites\\\/4\\\/2022\\\/02\\\/logo.jpg\",\"width\":400,\"height\":250,\"caption\":\"Ribeir\u00e3o Preto e Regi\u00e3o\"},\"image\":{\"@id\":\"https:\\\/\\\/redenoticiaz.com.br\\\/ribeiraopreto-regiao\\\/#\\\/schema\\\/logo\\\/image\\\/\"},\"sameAs\":[\"https:\\\/\\\/m.facebook.com\\\/redenoticiaz.barretos\",\"https:\\\/\\\/x.com\\\/RN_barretos\",\"https:\\\/\\\/www.instagram.com\\\/redenoticiaz.barretos\\\/?igshid=YmMyMTA2M2Y\",\"https:\\\/\\\/www.linkedin.com\\\/company\\\/rede-noticiaz-barretos-e-regio\\\/\"]},{\"@type\":\"Person\",\"@id\":\"\",\"url\":\"https:\\\/\\\/redenoticiaz.com.br\\\/ribeiraopreto-regiao\\\/sp\\\/author\"}]}<\/script>\n<!-- \/ Yoast SEO plugin. -->","yoast_head_json":{"title":"Barretos conquista bons resultados em diversas categorias esportivas - Ribeir\u00e3o Preto e Regi\u00e3o","description":"Final de semana trouxe bons resultados para atletas barretenses em diversas categorias esportivas. Todas contam com apoio da Prefeitura de Barretos.","robots":{"index":"index","follow":"follow","max-snippet":"max-snippet:-1","max-image-preview":"max-image-preview:large","max-video-preview":"max-video-preview:-1"},"canonical":"https:\/\/redenoticiaz.com.br\/ribeiraopreto-regiao\/sp\/2022\/03\/22\/barretos-conquista-bons-resultados-em-diversas-categorias-esportivas","og_locale":"pt_BR","og_type":"article","og_title":"Barretos conquista bons resultados em diversas categorias esportivas - Ribeir\u00e3o Preto e Regi\u00e3o","og_description":"Final de semana trouxe bons resultados para atletas barretenses em diversas categorias esportivas. Todas contam com apoio da Prefeitura de Barretos.","og_url":"https:\/\/redenoticiaz.com.br\/ribeiraopreto-regiao\/sp\/2022\/03\/22\/barretos-conquista-bons-resultados-em-diversas-categorias-esportivas","og_site_name":"Ribeir\u00e3o Preto e Regi\u00e3o","article_publisher":"https:\/\/m.facebook.com\/redenoticiaz.barretos","article_published_time":"2022-03-22T16:29:02+00:00","og_image":[{"width":1200,"height":982,"url":"https:\/\/redenoticiaz.com.br\/ribeiraopreto-regiao\/wp-content\/uploads\/sites\/4\/2022\/03\/esporte-2.jpeg","type":"image\/jpeg"}],"twitter_card":"summary_large_image","twitter_creator":"@RN_barretos","twitter_site":"@RN_barretos","twitter_misc":{"Escrito por":"","Est. tempo de leitura":"1 minuto"},"schema":{"@context":"https:\/\/schema.org","@graph":[{"@type":"Article","@id":"https:\/\/redenoticiaz.com.br\/ribeiraopreto-regiao\/sp\/2022\/03\/22\/barretos-conquista-bons-resultados-em-diversas-categorias-esportivas#article","isPartOf":{"@id":"https:\/\/redenoticiaz.com.br\/ribeiraopreto-regiao\/sp\/2022\/03\/22\/barretos-conquista-bons-resultados-em-diversas-categorias-esportivas"},"author":{"name":"","@id":""},"headline":"Barretos conquista bons resultados em diversas categorias esportivas","datePublished":"2022-03-22T16:29:02+00:00","mainEntityOfPage":{"@id":"https:\/\/redenoticiaz.com.br\/ribeiraopreto-regiao\/sp\/2022\/03\/22\/barretos-conquista-bons-resultados-em-diversas-categorias-esportivas"},"wordCount":303,"commentCount":0,"publisher":{"@id":"https:\/\/redenoticiaz.com.br\/ribeiraopreto-regiao\/#organization"},"image":{"@id":"https:\/\/redenoticiaz.com.br\/ribeiraopreto-regiao\/sp\/2022\/03\/22\/barretos-conquista-bons-resultados-em-diversas-categorias-esportivas#primaryimage"},"thumbnailUrl":"https:\/\/redenoticiaz.com.br\/ribeiraopreto-regiao\/wp-content\/uploads\/sites\/4\/2022\/03\/esporte-2.jpeg","keywords":["CAMPEONATO","JIU-JITSU","medalhistas","Mountain Bike","XADREZ"],"articleSection":["Esporte"],"inLanguage":"pt-BR","potentialAction":[{"@type":"CommentAction","name":"Comment","target":["https:\/\/redenoticiaz.com.br\/ribeiraopreto-regiao\/sp\/2022\/03\/22\/barretos-conquista-bons-resultados-em-diversas-categorias-esportivas#respond"]}]},{"@type":"WebPage","@id":"https:\/\/redenoticiaz.com.br\/ribeiraopreto-regiao\/sp\/2022\/03\/22\/barretos-conquista-bons-resultados-em-diversas-categorias-esportivas","url":"https:\/\/redenoticiaz.com.br\/ribeiraopreto-regiao\/sp\/2022\/03\/22\/barretos-conquista-bons-resultados-em-diversas-categorias-esportivas","name":"Barretos conquista bons resultados em diversas categorias esportivas - Ribeir\u00e3o Preto e Regi\u00e3o","isPartOf":{"@id":"https:\/\/redenoticiaz.com.br\/ribeiraopreto-regiao\/#website"},"primaryImageOfPage":{"@id":"https:\/\/redenoticiaz.com.br\/ribeiraopreto-regiao\/sp\/2022\/03\/22\/barretos-conquista-bons-resultados-em-diversas-categorias-esportivas#primaryimage"},"image":{"@id":"https:\/\/redenoticiaz.com.br\/ribeiraopreto-regiao\/sp\/2022\/03\/22\/barretos-conquista-bons-resultados-em-diversas-categorias-esportivas#primaryimage"},"thumbnailUrl":"https:\/\/redenoticiaz.com.br\/ribeiraopreto-regiao\/wp-content\/uploads\/sites\/4\/2022\/03\/esporte-2.jpeg","datePublished":"2022-03-22T16:29:02+00:00","description":"Final de semana trouxe bons resultados para atletas barretenses em diversas categorias esportivas. Todas contam com apoio da Prefeitura de Barretos.","inLanguage":"pt-BR","potentialAction":[{"@type":"ReadAction","target":["https:\/\/redenoticiaz.com.br\/ribeiraopreto-regiao\/sp\/2022\/03\/22\/barretos-conquista-bons-resultados-em-diversas-categorias-esportivas"]}]},{"@type":"ImageObject","inLanguage":"pt-BR","@id":"https:\/\/redenoticiaz.com.br\/ribeiraopreto-regiao\/sp\/2022\/03\/22\/barretos-conquista-bons-resultados-em-diversas-categorias-esportivas#primaryimage","url":"https:\/\/redenoticiaz.com.br\/ribeiraopreto-regiao\/wp-content\/uploads\/sites\/4\/2022\/03\/esporte-2.jpeg","contentUrl":"https:\/\/redenoticiaz.com.br\/ribeiraopreto-regiao\/wp-content\/uploads\/sites\/4\/2022\/03\/esporte-2.jpeg","width":1200,"height":982,"caption":"Os atletas t\u00eam o apoio da Prefeitura de Barretos, por meio da Secretaria Municipal de Esportes. Divulga\u00e7\u00e3o e Lazer"},{"@type":"WebSite","@id":"https:\/\/redenoticiaz.com.br\/ribeiraopreto-regiao\/#website","url":"https:\/\/redenoticiaz.com.br\/ribeiraopreto-regiao\/","name":"Ribeir\u00e3o Preto e Regi\u00e3o","description":"Rede NoticiaZ - Ribeir\u00e3o Preto e regi\u00e3o","publisher":{"@id":"https:\/\/redenoticiaz.com.br\/ribeiraopreto-regiao\/#organization"},"potentialAction":[{"@type":"SearchAction","target":{"@type":"EntryPoint","urlTemplate":"https:\/\/redenoticiaz.com.br\/ribeiraopreto-regiao\/?s={search_term_string}"},"query-input":{"@type":"PropertyValueSpecification","valueRequired":true,"valueName":"search_term_string"}}],"inLanguage":"pt-BR"},{"@type":"Organization","@id":"https:\/\/redenoticiaz.com.br\/ribeiraopreto-regiao\/#organization","name":"Ribeir\u00e3o Preto e Regi\u00e3o","url":"https:\/\/redenoticiaz.com.br\/ribeiraopreto-regiao\/","logo":{"@type":"ImageObject","inLanguage":"pt-BR","@id":"https:\/\/redenoticiaz.com.br\/ribeiraopreto-regiao\/#\/schema\/logo\/image\/","url":"https:\/\/redenoticiaz.com.br\/barretos-regiao\/wp-content\/uploads\/sites\/4\/2022\/02\/logo.jpg","contentUrl":"https:\/\/redenoticiaz.com.br\/barretos-regiao\/wp-content\/uploads\/sites\/4\/2022\/02\/logo.jpg","width":400,"height":250,"caption":"Ribeir\u00e3o Preto e Regi\u00e3o"},"image":{"@id":"https:\/\/redenoticiaz.com.br\/ribeiraopreto-regiao\/#\/schema\/logo\/image\/"},"sameAs":["https:\/\/m.facebook.com\/redenoticiaz.barretos","https:\/\/x.com\/RN_barretos","https:\/\/www.instagram.com\/redenoticiaz.barretos\/?igshid=YmMyMTA2M2Y","https:\/\/www.linkedin.com\/company\/rede-noticiaz-barretos-e-regio\/"]},{"@type":"Person","@id":"","url":"https:\/\/redenoticiaz.com.br\/ribeiraopreto-regiao\/sp\/author"}]}},"_links":{"self":[{"href":"https:\/\/redenoticiaz.com.br\/ribeiraopreto-regiao\/wp-json\/wp\/v2\/posts\/1283","targetHints":{"allow":["GET"]}}],"collection":[{"href":"https:\/\/redenoticiaz.com.br\/ribeiraopreto-regiao\/wp-json\/wp\/v2\/posts"}],"about":[{"href":"https:\/\/redenoticiaz.com.br\/ribeiraopreto-regiao\/wp-json\/wp\/v2\/types\/post"}],"author":[{"embeddable":true,"href":"https:\/\/redenoticiaz.com.br\/ribeiraopreto-regiao\/wp-json\/wp\/v2\/users\/15"}],"replies":[{"embeddable":true,"href":"https:\/\/redenoticiaz.com.br\/ribeiraopreto-regiao\/wp-json\/wp\/v2\/comments?post=1283"}],"version-history":[{"count":1,"href":"https:\/\/redenoticiaz.com.br\/ribeiraopreto-regiao\/wp-json\/wp\/v2\/posts\/1283\/revisions"}],"predecessor-version":[{"id":1284,"href":"https:\/\/redenoticiaz.com.br\/ribeiraopreto-regiao\/wp-json\/wp\/v2\/posts\/1283\/revisions\/1284"}],"wp:featuredmedia":[{"embeddable":true,"href":"https:\/\/redenoticiaz.com.br\/ribeiraopreto-regiao\/wp-json\/wp\/v2\/media\/1285"}],"wp:attachment":[{"href":"https:\/\/redenoticiaz.com.br\/ribeiraopreto-regiao\/wp-json\/wp\/v2\/media?parent=1283"}],"wp:term":[{"taxonomy":"category","embeddable":true,"href":"https:\/\/redenoticiaz.com.br\/ribeiraopreto-regiao\/wp-json\/wp\/v2\/categories?post=1283"},{"taxonomy":"post_tag","embeddable":true,"href":"https:\/\/redenoticiaz.com.br\/ribeiraopreto-regiao\/wp-json\/wp\/v2\/tags?post=1283"}],"curies":[{"name":"wp","href":"https:\/\/api.w.org\/{rel}","templated":true}]}}