{"id":1321,"date":"2022-03-27T07:00:05","date_gmt":"2022-03-27T10:00:05","guid":{"rendered":"https:\/\/redenoticiaz.com.br\/barretos-regiao\/?p=1321"},"modified":"2022-03-22T20:43:19","modified_gmt":"2022-03-22T23:43:19","slug":"solucoes-hi-tech-sao-procuradas-pelos-produtores-rurais","status":"publish","type":"post","link":"https:\/\/redenoticiaz.com.br\/ribeiraopreto-regiao\/sp\/2022\/03\/27\/solucoes-hi-tech-sao-procuradas-pelos-produtores-rurais","title":{"rendered":"Solu\u00e7\u00f5es hi-tech s\u00e3o procuradas pelos produtores rurais"},"content":{"rendered":"<p>N\u00e3o \u00e9 de hoje que o agroneg\u00f3cio brasileiro \u00e9 considerado uma pot\u00eancia mundial. Mas isto se deve justamente ao investimento em <strong>tecnologia<\/strong>, que tem sido cada vez maior por parte dos produtores rurais. Segundo uma pesquisa feita em parceria entre a Embrapa, o Sebrae e o Instituto Nacional de Pesquisas Espaciais (<a href=\"https:\/\/www.gov.br\/inpe\/pt-br\">Inpe<\/a>), 84% dos agricultores brasileiros j\u00e1 utilizam ao menos uma tecnologia digital como ferramenta de apoio na produ\u00e7\u00e3o. O estudo foi realizado entre abril e junho de 2020 e contou com 750 participantes entre produtores rurais, empresas e prestadores de servi\u00e7os.<\/p>\n<p>De acordo com Jos\u00e9 Henrique Castro Gross, gerente corporativo de agricultura de precis\u00e3o da Pivot M\u00e1quinas Agr\u00edcolas e Irriga\u00e7\u00e3o, o grande diferencial tecnol\u00f3gico no campo \u00e9 a possibilidade de conectividade entre as solu\u00e7\u00f5es digitais de gest\u00e3o. Tamb\u00e9m \u00e9 importante falar das tecnologias embarcadas nos modernos maquin\u00e1rios agr\u00edcolas e de irriga\u00e7\u00e3o.<\/p>\n<p>\u201cAl\u00e9m dos equipamentos de irriga\u00e7\u00e3o e maquin\u00e1rio agr\u00edcolas (tratores, colheitadeiras, pulverizadores), hoje n\u00f3s tamb\u00e9m oferecemos v\u00e1rias solu\u00e7\u00f5es digitais que auxiliam o produtor rural na gest\u00e3o da fazenda. Principalmente no que diz respeito ao plantio, colheita e pulveriza\u00e7\u00e3o de defensivos e nutrientes\u201d, explica o gerente da Pivot.<\/p>\n<h3>Plataformas tecnol\u00f3gicas<\/h3>\n<p>Entre as solu\u00e7\u00f5es dispon\u00edveis oferecidas pela Pivot, Jos\u00e9 Henrique cita duas plataformas digitais exclusivas da marca no Brasil. S\u00e3o elas: a Fieldnet fornecida pela Lindsay, empresa l\u00edder mundial em tecnologias de irriga\u00e7\u00e3o; e a AFS Connect, da Case IH, outra marca l\u00edder no desenvolvimento de maquin\u00e1rio agr\u00edcola e tecnologias para o campo.<\/p>\n<p>\u201cEssas plataformas, que est\u00e3o dispon\u00edveis para sistemas operacionais de qualquer smartphone ou tablet, oferecem in\u00fameras ferramentas digitais voltadas para a gest\u00e3o da propriedade rural, em especial para planejamento de plantio e colheita e manuten\u00e7\u00e3o de produtividade e de maquin\u00e1rio agr\u00edcolas, e podem ser adquiridas por qualquer produtor rural, mesmo aqueles que n\u00e3o s\u00e3o usu\u00e1rios de equipamentos comercializados pela Pivot\u201d, afirma Jos\u00e9 Henrique.<\/p>\n<p>Entre os recursos dispon\u00edveis por essas plataformas existem as ferramentas de monitoramento meteorol\u00f3gicos que possibilitam um planejamento cada vez mais preciso da safra de variadas culturas. \u201cHoje temos equipamentos de irriga\u00e7\u00e3o, por exemplo, que funcionam integrados a plataformas digitais de monitoramento meteorol\u00f3gico, possibilitando previs\u00f5es clim\u00e1ticas para daqui 10, 15 ou 20 dias. Isso \u00e9 determinante para a defini\u00e7\u00e3o da melhor data do plantio, do planejamento de suas colheitas e distribui\u00e7\u00e3o\u201d, destaca o gerente de agricultura de precis\u00e3o da Pivot.<\/p>\n<h3><strong>Irriga\u00e7\u00e3o digital<\/strong><\/h3>\n<p>S\u00f3 a Pivot tem instalados cerca de 1.200 piv\u00f4s conectados 24 horas com a internet. Isso permite um controle total do sistema, seja para a operacionaliza\u00e7\u00e3o, ou monitoramento do que est\u00e1 sendo produzido na \u00e1rea irrigada ou do quanto est\u00e1 sendo gasto de \u00e1gua e energia. Todo esse controle pode ser feito de forma 100% remota, seja de um computador, smartphone ou tablet.<\/p>\n<p>\u201c\u00c9 poss\u00edvel, atrav\u00e9s das ferramentas que temos, ajustar remotamente a press\u00e3o e vaz\u00e3o do sistema. Emitir, a qualquer momento, relat\u00f3rios personalizados sobre os gatos de energia e de \u00e1gua. Isto \u00e9 importante para atender os requisitos de conformidade legal, que muitas vezes s\u00e3o exigidos numa propriedade. Em especial em rela\u00e7\u00e3o ao bombeamento de \u00e1gua\u201d, explica Jos\u00e9 Henrique ao falar sobre o Fieldnet.<\/p>\n<p>De acordo com o gerente da Pivot, uma das grandes vantagens dessas solu\u00e7\u00f5es digitais voltadas para o campo \u00e9 que a maioria est\u00e1 preparada com interface e conectividade com as v\u00e1rias tecnologias embarcadas nos maquin\u00e1rios.<\/p>\n<p>\u201cAs tecnologias presentes nos maquin\u00e1rios agr\u00edcolas modernos conseguem, por exemplo, monitorar produtividade, condi\u00e7\u00f5es meteorol\u00f3gicas e do solo. Por isso hoje, praticamente 100% dos equipamentos da Case IH, marca com a qual trabalhamos, j\u00e1 vem com alguma tecnologia digital embarcada\u201d, salienta o gerente de agricultura de precis\u00e3o.<\/p>\n<h3><strong>Acess\u00edvel<\/strong><\/h3>\n<p>A tecnologia no campo \u00e9 bastante acess\u00edvel, segundo Jos\u00e9 Henrique. Qualquer produtor, do pequeno ao grande, pode investir e aumentar a rentabilidade.<\/p>\n<p>\u201cHoje, essas tecnologias s\u00e3o buscadas por clientes de pequeno, m\u00e9dio ou grande, at\u00e9 pela enorme variedade dispon\u00edvel de solu\u00e7\u00f5es tecnol\u00f3gicas. Na verdade, o pequeno e o m\u00e9dio produtor tem at\u00e9 usado mais a tecnologia. Tudo pelo fato de muitas vezes n\u00e3o poderem contratar tantos colaboradores e a necessidade de produzir mais numa \u00e1rea menor\u201d, avalia Jos\u00e9 Henrique.<\/p>\n<p><strong>LEIA TAMB\u00c9M<\/strong><\/p>\n<p><a href=\"https:\/\/redenoticiaz.com.br\/blog\/2022\/03\/22\/conselho-do-distrito-turistico-de-serra-azul-se-reune-no-palacio-dos-bandeirantes\">Conselho do Distrito Tur\u00edstico de Serra Azul se re\u00fane no Pal\u00e1cio dos Bandeirantes<\/a><\/p>\n","protected":false},"excerpt":{"rendered":"<p>N\u00e3o \u00e9 de hoje que o agroneg\u00f3cio brasileiro \u00e9 considerado uma pot\u00eancia mundial. Mas isto se deve justamente ao investimento em tecnologia, que tem sido cada vez maior por parte dos produtores rurais. Segundo uma pesquisa feita em parceria entre a Embrapa, o Sebrae e o Instituto Nacional de Pesquisas Espaciais (Inpe), 84% dos agricultores &hellip;<\/p>\n","protected":false},"author":6,"featured_media":1322,"comment_status":"open","ping_status":"closed","sticky":false,"template":"","format":"standard","meta":{"footnotes":""},"categories":[5267,1561],"tags":[5268,5269,5270,935],"class_list":["post-1321","post","type-post","status-publish","format-standard","has-post-thumbnail","hentry","category-agricultura","category-tecnologia","tag-agricultura","tag-hi-tech","tag-produtores-agricolas","tag-tecnologia"],"yoast_head":"<!-- This site is optimized with the Yoast SEO plugin v27.4 - https:\/\/yoast.com\/product\/yoast-seo-wordpress\/ -->\n<title>Solu\u00e7\u00f5es hi-tech s\u00e3o procuradas pelos produtores rurais - Ribeir\u00e3o Preto e Regi\u00e3o<\/title>\n<meta name=\"description\" content=\"mundial. Mas isto se deve justamente ao investimento em tecnologia, que tem sido cada vez maior por parte dos produtores rurais\" \/>\n<meta name=\"robots\" content=\"index, follow, max-snippet:-1, max-image-preview:large, max-video-preview:-1\" \/>\n<link rel=\"canonical\" href=\"https:\/\/redenoticiaz.com.br\/ribeiraopreto-regiao\/sp\/2022\/03\/27\/solucoes-hi-tech-sao-procuradas-pelos-produtores-rurais\" \/>\n<meta property=\"og:locale\" content=\"pt_BR\" \/>\n<meta property=\"og:type\" content=\"article\" \/>\n<meta property=\"og:title\" content=\"Solu\u00e7\u00f5es hi-tech s\u00e3o procuradas pelos produtores rurais - Ribeir\u00e3o Preto e Regi\u00e3o\" \/>\n<meta property=\"og:description\" content=\"mundial. Mas isto se deve justamente ao investimento em tecnologia, que tem sido cada vez maior por parte dos produtores rurais\" \/>\n<meta property=\"og:url\" content=\"https:\/\/redenoticiaz.com.br\/ribeiraopreto-regiao\/sp\/2022\/03\/27\/solucoes-hi-tech-sao-procuradas-pelos-produtores-rurais\" \/>\n<meta property=\"og:site_name\" content=\"Ribeir\u00e3o Preto e Regi\u00e3o\" \/>\n<meta property=\"article:publisher\" content=\"https:\/\/m.facebook.com\/redenoticiaz.barretos\" \/>\n<meta property=\"article:published_time\" content=\"2022-03-27T10:00:05+00:00\" \/>\n<meta property=\"og:image\" content=\"https:\/\/redenoticiaz.com.br\/ribeiraopreto-regiao\/wp-content\/uploads\/sites\/4\/2022\/02\/logo.jpg\" \/>\n\t<meta property=\"og:image:width\" content=\"400\" \/>\n\t<meta property=\"og:image:height\" content=\"250\" \/>\n\t<meta property=\"og:image:type\" content=\"image\/jpeg\" \/>\n<meta name=\"author\" content=\"Leonardo Francisco\" \/>\n<meta name=\"twitter:card\" content=\"summary_large_image\" \/>\n<meta name=\"twitter:creator\" content=\"@RN_barretos\" \/>\n<meta name=\"twitter:site\" content=\"@RN_barretos\" \/>\n<meta name=\"twitter:label1\" content=\"Escrito por\" \/>\n\t<meta name=\"twitter:data1\" content=\"Leonardo Francisco\" \/>\n\t<meta name=\"twitter:label2\" content=\"Est. tempo de leitura\" \/>\n\t<meta name=\"twitter:data2\" content=\"4 minutos\" \/>\n<script type=\"application\/ld+json\" class=\"yoast-schema-graph\">{\"@context\":\"https:\\\/\\\/schema.org\",\"@graph\":[{\"@type\":\"Article\",\"@id\":\"https:\\\/\\\/redenoticiaz.com.br\\\/ribeiraopreto-regiao\\\/sp\\\/2022\\\/03\\\/27\\\/solucoes-hi-tech-sao-procuradas-pelos-produtores-rurais#article\",\"isPartOf\":{\"@id\":\"https:\\\/\\\/redenoticiaz.com.br\\\/ribeiraopreto-regiao\\\/sp\\\/2022\\\/03\\\/27\\\/solucoes-hi-tech-sao-procuradas-pelos-produtores-rurais\"},\"author\":{\"name\":\"Leonardo Francisco\",\"@id\":\"https:\\\/\\\/redenoticiaz.com.br\\\/ribeiraopreto-regiao\\\/#\\\/schema\\\/person\\\/0f0b8a5bdafefe82841e07ae8d81ecb3\"},\"headline\":\"Solu\u00e7\u00f5es hi-tech s\u00e3o procuradas pelos produtores rurais\",\"datePublished\":\"2022-03-27T10:00:05+00:00\",\"mainEntityOfPage\":{\"@id\":\"https:\\\/\\\/redenoticiaz.com.br\\\/ribeiraopreto-regiao\\\/sp\\\/2022\\\/03\\\/27\\\/solucoes-hi-tech-sao-procuradas-pelos-produtores-rurais\"},\"wordCount\":761,\"commentCount\":0,\"publisher\":{\"@id\":\"https:\\\/\\\/redenoticiaz.com.br\\\/ribeiraopreto-regiao\\\/#organization\"},\"image\":{\"@id\":\"https:\\\/\\\/redenoticiaz.com.br\\\/ribeiraopreto-regiao\\\/sp\\\/2022\\\/03\\\/27\\\/solucoes-hi-tech-sao-procuradas-pelos-produtores-rurais#primaryimage\"},\"thumbnailUrl\":\"https:\\\/\\\/redenoticiaz.com.br\\\/ribeiraopreto-regiao\\\/wp-content\\\/uploads\\\/sites\\\/4\\\/2022\\\/03\\\/pivot-uso-de-tecnologia.jpg?v=1647992549\",\"keywords\":[\"AGRICULTURA\",\"HI-TECH\",\"PRODUTORES AGR\u00cdCOLAS\",\"tecnologia\"],\"articleSection\":[\"Agricultura\",\"Tecnologia\"],\"inLanguage\":\"pt-BR\",\"potentialAction\":[{\"@type\":\"CommentAction\",\"name\":\"Comment\",\"target\":[\"https:\\\/\\\/redenoticiaz.com.br\\\/ribeiraopreto-regiao\\\/sp\\\/2022\\\/03\\\/27\\\/solucoes-hi-tech-sao-procuradas-pelos-produtores-rurais#respond\"]}]},{\"@type\":\"WebPage\",\"@id\":\"https:\\\/\\\/redenoticiaz.com.br\\\/ribeiraopreto-regiao\\\/sp\\\/2022\\\/03\\\/27\\\/solucoes-hi-tech-sao-procuradas-pelos-produtores-rurais\",\"url\":\"https:\\\/\\\/redenoticiaz.com.br\\\/ribeiraopreto-regiao\\\/sp\\\/2022\\\/03\\\/27\\\/solucoes-hi-tech-sao-procuradas-pelos-produtores-rurais\",\"name\":\"Solu\u00e7\u00f5es hi-tech s\u00e3o procuradas pelos produtores rurais - Ribeir\u00e3o Preto e Regi\u00e3o\",\"isPartOf\":{\"@id\":\"https:\\\/\\\/redenoticiaz.com.br\\\/ribeiraopreto-regiao\\\/#website\"},\"primaryImageOfPage\":{\"@id\":\"https:\\\/\\\/redenoticiaz.com.br\\\/ribeiraopreto-regiao\\\/sp\\\/2022\\\/03\\\/27\\\/solucoes-hi-tech-sao-procuradas-pelos-produtores-rurais#primaryimage\"},\"image\":{\"@id\":\"https:\\\/\\\/redenoticiaz.com.br\\\/ribeiraopreto-regiao\\\/sp\\\/2022\\\/03\\\/27\\\/solucoes-hi-tech-sao-procuradas-pelos-produtores-rurais#primaryimage\"},\"thumbnailUrl\":\"https:\\\/\\\/redenoticiaz.com.br\\\/ribeiraopreto-regiao\\\/wp-content\\\/uploads\\\/sites\\\/4\\\/2022\\\/03\\\/pivot-uso-de-tecnologia.jpg?v=1647992549\",\"datePublished\":\"2022-03-27T10:00:05+00:00\",\"description\":\"mundial. Mas isto se deve justamente ao investimento em tecnologia, que tem sido cada vez maior por parte dos produtores rurais\",\"inLanguage\":\"pt-BR\",\"potentialAction\":[{\"@type\":\"ReadAction\",\"target\":[\"https:\\\/\\\/redenoticiaz.com.br\\\/ribeiraopreto-regiao\\\/sp\\\/2022\\\/03\\\/27\\\/solucoes-hi-tech-sao-procuradas-pelos-produtores-rurais\"]}]},{\"@type\":\"ImageObject\",\"inLanguage\":\"pt-BR\",\"@id\":\"https:\\\/\\\/redenoticiaz.com.br\\\/ribeiraopreto-regiao\\\/sp\\\/2022\\\/03\\\/27\\\/solucoes-hi-tech-sao-procuradas-pelos-produtores-rurais#primaryimage\",\"url\":\"https:\\\/\\\/redenoticiaz.com.br\\\/ribeiraopreto-regiao\\\/wp-content\\\/uploads\\\/sites\\\/4\\\/2022\\\/03\\\/pivot-uso-de-tecnologia.jpg?v=1647992549\",\"contentUrl\":\"https:\\\/\\\/redenoticiaz.com.br\\\/ribeiraopreto-regiao\\\/wp-content\\\/uploads\\\/sites\\\/4\\\/2022\\\/03\\\/pivot-uso-de-tecnologia.jpg?v=1647992549\",\"width\":1514,\"height\":984,\"caption\":\"Cr\u00e9ditos: Divulga\u00e7\u00e3o\"},{\"@type\":\"WebSite\",\"@id\":\"https:\\\/\\\/redenoticiaz.com.br\\\/ribeiraopreto-regiao\\\/#website\",\"url\":\"https:\\\/\\\/redenoticiaz.com.br\\\/ribeiraopreto-regiao\\\/\",\"name\":\"Ribeir\u00e3o Preto e Regi\u00e3o\",\"description\":\"Rede NoticiaZ - Ribeir\u00e3o Preto e regi\u00e3o\",\"publisher\":{\"@id\":\"https:\\\/\\\/redenoticiaz.com.br\\\/ribeiraopreto-regiao\\\/#organization\"},\"potentialAction\":[{\"@type\":\"SearchAction\",\"target\":{\"@type\":\"EntryPoint\",\"urlTemplate\":\"https:\\\/\\\/redenoticiaz.com.br\\\/ribeiraopreto-regiao\\\/?s={search_term_string}\"},\"query-input\":{\"@type\":\"PropertyValueSpecification\",\"valueRequired\":true,\"valueName\":\"search_term_string\"}}],\"inLanguage\":\"pt-BR\"},{\"@type\":\"Organization\",\"@id\":\"https:\\\/\\\/redenoticiaz.com.br\\\/ribeiraopreto-regiao\\\/#organization\",\"name\":\"Ribeir\u00e3o Preto e Regi\u00e3o\",\"url\":\"https:\\\/\\\/redenoticiaz.com.br\\\/ribeiraopreto-regiao\\\/\",\"logo\":{\"@type\":\"ImageObject\",\"inLanguage\":\"pt-BR\",\"@id\":\"https:\\\/\\\/redenoticiaz.com.br\\\/ribeiraopreto-regiao\\\/#\\\/schema\\\/logo\\\/image\\\/\",\"url\":\"https:\\\/\\\/redenoticiaz.com.br\\\/barretos-regiao\\\/wp-content\\\/uploads\\\/sites\\\/4\\\/2022\\\/02\\\/logo.jpg\",\"contentUrl\":\"https:\\\/\\\/redenoticiaz.com.br\\\/barretos-regiao\\\/wp-content\\\/uploads\\\/sites\\\/4\\\/2022\\\/02\\\/logo.jpg\",\"width\":400,\"height\":250,\"caption\":\"Ribeir\u00e3o Preto e Regi\u00e3o\"},\"image\":{\"@id\":\"https:\\\/\\\/redenoticiaz.com.br\\\/ribeiraopreto-regiao\\\/#\\\/schema\\\/logo\\\/image\\\/\"},\"sameAs\":[\"https:\\\/\\\/m.facebook.com\\\/redenoticiaz.barretos\",\"https:\\\/\\\/x.com\\\/RN_barretos\",\"https:\\\/\\\/www.instagram.com\\\/redenoticiaz.barretos\\\/?igshid=YmMyMTA2M2Y\",\"https:\\\/\\\/www.linkedin.com\\\/company\\\/rede-noticiaz-barretos-e-regio\\\/\"]},{\"@type\":\"Person\",\"@id\":\"https:\\\/\\\/redenoticiaz.com.br\\\/ribeiraopreto-regiao\\\/#\\\/schema\\\/person\\\/0f0b8a5bdafefe82841e07ae8d81ecb3\",\"name\":\"Leonardo Francisco\",\"image\":{\"@type\":\"ImageObject\",\"inLanguage\":\"pt-BR\",\"@id\":\"https:\\\/\\\/secure.gravatar.com\\\/avatar\\\/a7358cb406a99b682ec6df1e77e31ae82e63601f6784e8a3df411d72b37864da?s=96&d=mm&r=g\",\"url\":\"https:\\\/\\\/secure.gravatar.com\\\/avatar\\\/a7358cb406a99b682ec6df1e77e31ae82e63601f6784e8a3df411d72b37864da?s=96&d=mm&r=g\",\"contentUrl\":\"https:\\\/\\\/secure.gravatar.com\\\/avatar\\\/a7358cb406a99b682ec6df1e77e31ae82e63601f6784e8a3df411d72b37864da?s=96&d=mm&r=g\",\"caption\":\"Leonardo Francisco\"},\"url\":\"https:\\\/\\\/redenoticiaz.com.br\\\/ribeiraopreto-regiao\\\/sp\\\/author\\\/leonardo-francisco\"}]}<\/script>\n<!-- \/ Yoast SEO plugin. -->","yoast_head_json":{"title":"Solu\u00e7\u00f5es hi-tech s\u00e3o procuradas pelos produtores rurais - Ribeir\u00e3o Preto e Regi\u00e3o","description":"mundial. Mas isto se deve justamente ao investimento em tecnologia, que tem sido cada vez maior por parte dos produtores rurais","robots":{"index":"index","follow":"follow","max-snippet":"max-snippet:-1","max-image-preview":"max-image-preview:large","max-video-preview":"max-video-preview:-1"},"canonical":"https:\/\/redenoticiaz.com.br\/ribeiraopreto-regiao\/sp\/2022\/03\/27\/solucoes-hi-tech-sao-procuradas-pelos-produtores-rurais","og_locale":"pt_BR","og_type":"article","og_title":"Solu\u00e7\u00f5es hi-tech s\u00e3o procuradas pelos produtores rurais - Ribeir\u00e3o Preto e Regi\u00e3o","og_description":"mundial. Mas isto se deve justamente ao investimento em tecnologia, que tem sido cada vez maior por parte dos produtores rurais","og_url":"https:\/\/redenoticiaz.com.br\/ribeiraopreto-regiao\/sp\/2022\/03\/27\/solucoes-hi-tech-sao-procuradas-pelos-produtores-rurais","og_site_name":"Ribeir\u00e3o Preto e Regi\u00e3o","article_publisher":"https:\/\/m.facebook.com\/redenoticiaz.barretos","article_published_time":"2022-03-27T10:00:05+00:00","og_image":[{"width":400,"height":250,"url":"https:\/\/redenoticiaz.com.br\/ribeiraopreto-regiao\/wp-content\/uploads\/sites\/4\/2022\/02\/logo.jpg","type":"image\/jpeg"}],"author":"Leonardo Francisco","twitter_card":"summary_large_image","twitter_creator":"@RN_barretos","twitter_site":"@RN_barretos","twitter_misc":{"Escrito por":"Leonardo Francisco","Est. tempo de leitura":"4 minutos"},"schema":{"@context":"https:\/\/schema.org","@graph":[{"@type":"Article","@id":"https:\/\/redenoticiaz.com.br\/ribeiraopreto-regiao\/sp\/2022\/03\/27\/solucoes-hi-tech-sao-procuradas-pelos-produtores-rurais#article","isPartOf":{"@id":"https:\/\/redenoticiaz.com.br\/ribeiraopreto-regiao\/sp\/2022\/03\/27\/solucoes-hi-tech-sao-procuradas-pelos-produtores-rurais"},"author":{"name":"Leonardo Francisco","@id":"https:\/\/redenoticiaz.com.br\/ribeiraopreto-regiao\/#\/schema\/person\/0f0b8a5bdafefe82841e07ae8d81ecb3"},"headline":"Solu\u00e7\u00f5es hi-tech s\u00e3o procuradas pelos produtores rurais","datePublished":"2022-03-27T10:00:05+00:00","mainEntityOfPage":{"@id":"https:\/\/redenoticiaz.com.br\/ribeiraopreto-regiao\/sp\/2022\/03\/27\/solucoes-hi-tech-sao-procuradas-pelos-produtores-rurais"},"wordCount":761,"commentCount":0,"publisher":{"@id":"https:\/\/redenoticiaz.com.br\/ribeiraopreto-regiao\/#organization"},"image":{"@id":"https:\/\/redenoticiaz.com.br\/ribeiraopreto-regiao\/sp\/2022\/03\/27\/solucoes-hi-tech-sao-procuradas-pelos-produtores-rurais#primaryimage"},"thumbnailUrl":"https:\/\/redenoticiaz.com.br\/ribeiraopreto-regiao\/wp-content\/uploads\/sites\/4\/2022\/03\/pivot-uso-de-tecnologia.jpg?v=1647992549","keywords":["AGRICULTURA","HI-TECH","PRODUTORES AGR\u00cdCOLAS","tecnologia"],"articleSection":["Agricultura","Tecnologia"],"inLanguage":"pt-BR","potentialAction":[{"@type":"CommentAction","name":"Comment","target":["https:\/\/redenoticiaz.com.br\/ribeiraopreto-regiao\/sp\/2022\/03\/27\/solucoes-hi-tech-sao-procuradas-pelos-produtores-rurais#respond"]}]},{"@type":"WebPage","@id":"https:\/\/redenoticiaz.com.br\/ribeiraopreto-regiao\/sp\/2022\/03\/27\/solucoes-hi-tech-sao-procuradas-pelos-produtores-rurais","url":"https:\/\/redenoticiaz.com.br\/ribeiraopreto-regiao\/sp\/2022\/03\/27\/solucoes-hi-tech-sao-procuradas-pelos-produtores-rurais","name":"Solu\u00e7\u00f5es hi-tech s\u00e3o procuradas pelos produtores rurais - Ribeir\u00e3o Preto e Regi\u00e3o","isPartOf":{"@id":"https:\/\/redenoticiaz.com.br\/ribeiraopreto-regiao\/#website"},"primaryImageOfPage":{"@id":"https:\/\/redenoticiaz.com.br\/ribeiraopreto-regiao\/sp\/2022\/03\/27\/solucoes-hi-tech-sao-procuradas-pelos-produtores-rurais#primaryimage"},"image":{"@id":"https:\/\/redenoticiaz.com.br\/ribeiraopreto-regiao\/sp\/2022\/03\/27\/solucoes-hi-tech-sao-procuradas-pelos-produtores-rurais#primaryimage"},"thumbnailUrl":"https:\/\/redenoticiaz.com.br\/ribeiraopreto-regiao\/wp-content\/uploads\/sites\/4\/2022\/03\/pivot-uso-de-tecnologia.jpg?v=1647992549","datePublished":"2022-03-27T10:00:05+00:00","description":"mundial. Mas isto se deve justamente ao investimento em tecnologia, que tem sido cada vez maior por parte dos produtores rurais","inLanguage":"pt-BR","potentialAction":[{"@type":"ReadAction","target":["https:\/\/redenoticiaz.com.br\/ribeiraopreto-regiao\/sp\/2022\/03\/27\/solucoes-hi-tech-sao-procuradas-pelos-produtores-rurais"]}]},{"@type":"ImageObject","inLanguage":"pt-BR","@id":"https:\/\/redenoticiaz.com.br\/ribeiraopreto-regiao\/sp\/2022\/03\/27\/solucoes-hi-tech-sao-procuradas-pelos-produtores-rurais#primaryimage","url":"https:\/\/redenoticiaz.com.br\/ribeiraopreto-regiao\/wp-content\/uploads\/sites\/4\/2022\/03\/pivot-uso-de-tecnologia.jpg?v=1647992549","contentUrl":"https:\/\/redenoticiaz.com.br\/ribeiraopreto-regiao\/wp-content\/uploads\/sites\/4\/2022\/03\/pivot-uso-de-tecnologia.jpg?v=1647992549","width":1514,"height":984,"caption":"Cr\u00e9ditos: Divulga\u00e7\u00e3o"},{"@type":"WebSite","@id":"https:\/\/redenoticiaz.com.br\/ribeiraopreto-regiao\/#website","url":"https:\/\/redenoticiaz.com.br\/ribeiraopreto-regiao\/","name":"Ribeir\u00e3o Preto e Regi\u00e3o","description":"Rede NoticiaZ - Ribeir\u00e3o Preto e regi\u00e3o","publisher":{"@id":"https:\/\/redenoticiaz.com.br\/ribeiraopreto-regiao\/#organization"},"potentialAction":[{"@type":"SearchAction","target":{"@type":"EntryPoint","urlTemplate":"https:\/\/redenoticiaz.com.br\/ribeiraopreto-regiao\/?s={search_term_string}"},"query-input":{"@type":"PropertyValueSpecification","valueRequired":true,"valueName":"search_term_string"}}],"inLanguage":"pt-BR"},{"@type":"Organization","@id":"https:\/\/redenoticiaz.com.br\/ribeiraopreto-regiao\/#organization","name":"Ribeir\u00e3o Preto e Regi\u00e3o","url":"https:\/\/redenoticiaz.com.br\/ribeiraopreto-regiao\/","logo":{"@type":"ImageObject","inLanguage":"pt-BR","@id":"https:\/\/redenoticiaz.com.br\/ribeiraopreto-regiao\/#\/schema\/logo\/image\/","url":"https:\/\/redenoticiaz.com.br\/barretos-regiao\/wp-content\/uploads\/sites\/4\/2022\/02\/logo.jpg","contentUrl":"https:\/\/redenoticiaz.com.br\/barretos-regiao\/wp-content\/uploads\/sites\/4\/2022\/02\/logo.jpg","width":400,"height":250,"caption":"Ribeir\u00e3o Preto e Regi\u00e3o"},"image":{"@id":"https:\/\/redenoticiaz.com.br\/ribeiraopreto-regiao\/#\/schema\/logo\/image\/"},"sameAs":["https:\/\/m.facebook.com\/redenoticiaz.barretos","https:\/\/x.com\/RN_barretos","https:\/\/www.instagram.com\/redenoticiaz.barretos\/?igshid=YmMyMTA2M2Y","https:\/\/www.linkedin.com\/company\/rede-noticiaz-barretos-e-regio\/"]},{"@type":"Person","@id":"https:\/\/redenoticiaz.com.br\/ribeiraopreto-regiao\/#\/schema\/person\/0f0b8a5bdafefe82841e07ae8d81ecb3","name":"Leonardo Francisco","image":{"@type":"ImageObject","inLanguage":"pt-BR","@id":"https:\/\/secure.gravatar.com\/avatar\/a7358cb406a99b682ec6df1e77e31ae82e63601f6784e8a3df411d72b37864da?s=96&d=mm&r=g","url":"https:\/\/secure.gravatar.com\/avatar\/a7358cb406a99b682ec6df1e77e31ae82e63601f6784e8a3df411d72b37864da?s=96&d=mm&r=g","contentUrl":"https:\/\/secure.gravatar.com\/avatar\/a7358cb406a99b682ec6df1e77e31ae82e63601f6784e8a3df411d72b37864da?s=96&d=mm&r=g","caption":"Leonardo Francisco"},"url":"https:\/\/redenoticiaz.com.br\/ribeiraopreto-regiao\/sp\/author\/leonardo-francisco"}]}},"_links":{"self":[{"href":"https:\/\/redenoticiaz.com.br\/ribeiraopreto-regiao\/wp-json\/wp\/v2\/posts\/1321","targetHints":{"allow":["GET"]}}],"collection":[{"href":"https:\/\/redenoticiaz.com.br\/ribeiraopreto-regiao\/wp-json\/wp\/v2\/posts"}],"about":[{"href":"https:\/\/redenoticiaz.com.br\/ribeiraopreto-regiao\/wp-json\/wp\/v2\/types\/post"}],"author":[{"embeddable":true,"href":"https:\/\/redenoticiaz.com.br\/ribeiraopreto-regiao\/wp-json\/wp\/v2\/users\/6"}],"replies":[{"embeddable":true,"href":"https:\/\/redenoticiaz.com.br\/ribeiraopreto-regiao\/wp-json\/wp\/v2\/comments?post=1321"}],"version-history":[{"count":0,"href":"https:\/\/redenoticiaz.com.br\/ribeiraopreto-regiao\/wp-json\/wp\/v2\/posts\/1321\/revisions"}],"wp:featuredmedia":[{"embeddable":true,"href":"https:\/\/redenoticiaz.com.br\/ribeiraopreto-regiao\/wp-json\/wp\/v2\/media\/1322"}],"wp:attachment":[{"href":"https:\/\/redenoticiaz.com.br\/ribeiraopreto-regiao\/wp-json\/wp\/v2\/media?parent=1321"}],"wp:term":[{"taxonomy":"category","embeddable":true,"href":"https:\/\/redenoticiaz.com.br\/ribeiraopreto-regiao\/wp-json\/wp\/v2\/categories?post=1321"},{"taxonomy":"post_tag","embeddable":true,"href":"https:\/\/redenoticiaz.com.br\/ribeiraopreto-regiao\/wp-json\/wp\/v2\/tags?post=1321"}],"curies":[{"name":"wp","href":"https:\/\/api.w.org\/{rel}","templated":true}]}}